{"id":207870,"date":"2025-07-09T09:11:03","date_gmt":"2025-07-09T07:11:03","guid":{"rendered":"https:\/\/www.ilnotiziario.net\/wp\/?p=207870"},"modified":"2025-07-09T09:11:03","modified_gmt":"2025-07-09T07:11:03","slug":"quale-taglio-migliore-per-i-capelli-ricci-cosa-chiedere-al-parrucchiere-per-un-look-di-tendenza-a-milano-citta-della-moda","status":"publish","type":"post","link":"https:\/\/www.ilnotiziario.net\/wp\/buonoasapersi\/quale-taglio-migliore-per-i-capelli-ricci-cosa-chiedere-al-parrucchiere-per-un-look-di-tendenza-a-milano-citta-della-moda\/","title":{"rendered":"Quale taglio migliore per i capelli ricci? Cosa chiedere al parrucchiere per un look di tendenza a Milano, citt\u00e0 della moda?"},"content":{"rendered":"<p>Trovare un <b>parrucchiere a Milano<\/b> che capisca davvero i capelli ricci pu\u00f2 risultare complicato, soprattutto se si vive in grandi citt\u00e0 e ci si \u00e8 gi\u00e0 imbattuti in tagli poco adatti, tecniche sbagliate o mani inesperte.<\/p><div id=\"ilnot-3236314378\" class=\"ilnot-contenuto ilnot-entity-placement\"><p><!-- incontent_1 --><\/p>\n<div class=\"gptslot\" data-adunitid=\"1\"><\/div>\n<\/div>\n<p>&nbsp;<\/p>\n<p>Chi ha la chioma riccia lo sa bene: questo taglio richiede attenzione, tecnica e sensibilit\u00e0 e una conoscenza approfondita della texture e per questo motivo rivolgersi a <a href=\"https:\/\/capelli-parrucchieri.it\/\"><b>parrucchieri per donna a Milano<\/b><\/a> qualificati e professionali pu\u00f2 fare la differenza per ottenere un risultato su misura, che duri nel tempo e valorizzi con efficacia il movimento naturale e il volume delle onde.<\/p>\n<p>&nbsp;<\/p>\n<p>Tuttavia, oltre a rivolgerti a <b>professionisti del settore<\/b>, \u00e8 fondamentale che tu sappia cosa chiedere per comunicare in modo chiaro con il tuo parrucchiere, ecco, quindi, una guida sui <b>migliori tagli per capelli ricci<\/b>, con i consigli degli esperti su come trattarli e su come riconoscere una consulenza qualificata.<\/p><div id=\"ilnot-2900854126\" class=\"ilnot-contenuto_2 ilnot-entity-placement\"><div class=\"ads-wrapper\">\n<div class=\"ad-slot\">\n   <div id=\"ilnot-1162623016\" style=\"margin-right: auto;margin-left: auto;text-align: center;width: 320px;height: 100px;\"><a href=\"https:\/\/www.scuolasicurezza.it\/\"><img decoding=\"async\" src=\"https:\/\/www.ilnotiziario.net\/wp\/wp-content\/uploads\/2026\/04\/IlNotiziario_banner-sito-e-newsletter-320-x-100-px-1.gif\" alt=\"\"><\/a><\/div>\n  <\/div>\n<div class=\"ad-slot\">\n   <div id=\"ilnot-2795125863\" style=\"margin-right: auto;margin-left: auto;text-align: center;width: 320px;height: 100px;\"><a href=\"https:\/\/purodesignarredamenti.com\/\"><img decoding=\"async\" src=\"https:\/\/www.ilnotiziario.net\/wp\/wp-content\/uploads\/2026\/04\/banner-puro-ok.gif\" alt=\"whatsapp\"><\/a><\/div><\/p><\/div>\n<\/div>\n<\/div>\n<p>&nbsp;<\/p>\n<h2 class=\"western\">Parrucchieri a Milano: cosa devi sapere sulle consulenze per capelli ricci.<\/h2>\n<p>Sempre pi\u00f9 <b>parrucchieri a Milano<\/b> scelgono di specializzarsi nei <b>tagli per capelli ricci<\/b>, adottando tecniche come il dry cut, la scalatura personalizzata e l\u2019utilizzo di prodotti idratanti e modellanti pensati apposta per ogni tipo di chioma.<\/p>\n<p>&nbsp;<\/p>\n<p>Una consulenza efficace \u00e8 la base per un taglio ben riuscito: comunica e affidati ai professionisti del settore, che ti guideranno verso la <b>cura dei tuoi ricci<\/b> e nella scelta del taglio pi\u00f9 adatto ai tuoi capelli, in base alla tipologia e alla forma del tuo viso.<\/p>\n<p>&nbsp;<\/p>\n<h2 class=\"western\">Come riconoscere un parrucchiere per donna a Milano specializzato nei tagli per capelli ricci<\/h2>\n<p>Oltre a certificazioni e qualifiche, che includono workshop pratici, formazione su tecniche avanzate, conoscenze dei prodotti specifici e formazione imprenditoriale, che ne attestano la competenza in questi settori, vi sono altri importanti fattori e segnali da prendere in considerazione quando entri in un salone, per riconoscere <b>i parrucchieri pi\u00f9 esperti nella cura dei ricci<\/b>.<\/p><div id=\"ilnot-1441423362\" class=\"ilnot-contenuto_2-2 ilnot-entity-placement\"><div class=\"gptslot\" data-adunitid=\"2\"><\/div>\n<\/div>\n<p>&nbsp;<\/p>\n<p><b>Un parrucchiere esperto osserva i tuoi capelli sia bagnati che asciutti<\/b>: infatti, nel <b>mondo dei ricci<\/b>, c\u2019\u00e8 chi predilige il taglio da umido e chi quello a secco, ma non esiste una soluzione universale, tutto dipende dal risultato che vuoi ottenere e dalla tipologia di onda della chioma.<\/p>\n<p>&nbsp;<\/p>\n<p>Per questo motivo, <b>sempre pi\u00f9 saloni che trattano capelli ricci<\/b> scelgono di adottare una tecnica mista: prima eseguono un taglio da bagnato, per dare la forma di base, poi perfezionano il tutto da asciutto, per ottenere il risultato finale.<\/p>\n<p>&nbsp;<\/p>\n<p>Oltre alla tecnica, un <b>parrucchiere professionale<\/b> sar\u00e0 anche in grado di fornirti una consulenza approfondita riguardo al trattamento del tipo di capello, pre e post taglio, aiutando a gestire le aspettative e spiegando come si comporteranno i tuoi ricci in base alla loro condizione.<\/p><div id=\"ilnot-1284036858\" class=\"ilnot-contenuto_2-2-2 ilnot-entity-placement\"><div class=\"gptslot\" data-adunitid=\"3\"><\/div>\n<\/div>\n<p>&nbsp;<\/p>\n<h2 class=\"western\">Il tuo compito: conoscere i tagli migliore per i capelli ricci da richiedere al tuo parrucchiere a Milano<\/h2>\n<p>Prendersi <b>cura dei capelli ricci<\/b> richiede pi\u00f9 della scelta del salone giusto, servono conoscenza e preparazione: con le giuste informazioni sulle tipologie e tecniche di taglio, saprai orientarti nella scelta del look che meglio si adatta al tuo viso e alle tue preferenze, riuscirai a <a href=\"file:\/\/\/private\/var\/folders\/0g\/4lt0wbxx32172nkxmnx320fh0000gn\/T\/pid-830\/Capelli%20ricci%20donna%202025:%20come%20farli,%20cura%20e%20idee%20-%20d%20la%20Repubblica\"><i>seguire le tendenze attuali <\/i><\/a>e a comunicare con chiarezza ci\u00f2 che desideri al tuo parrucchiere.<\/p>\n<p>&nbsp;<\/p>\n<h2 class=\"western\">Dry cut: il taglio da donna preferito dei parrucchieri di Milano che lavorano con capelli ricci<\/h2>\n<p>Il Dry cut \u00e8 una delle acconciature pi\u00f9 popolari e diffuse tra le <b>chiome ricce<\/b>: <b>i parrucchieri eseguono il taglio sui capelli asciutti e naturali<\/b>, cos\u00ec da seguire la forma reale delle onde e correggere eventuali asimmetrie.<\/p>\n<p>&nbsp;<\/p>\n<p><b>Questo look si adatta a ogni tipo di riccio<\/b>, dal pi\u00f9 mosso all&#8217;afro, ed \u00e8 particolarmente consigliato per chi ha una texture irregolare, grazie al taglio netto eseguito a secco, che offre una forma armoniosa, simmetria e un movimento che segue il naturale flusso dei capelli.<\/p><div id=\"ilnot-2664845916\" class=\"ilnot-contenuto_2-2-2-2 ilnot-entity-placement\"><div class=\"gptslot\" data-adunitid=\"4\"><\/div>\n<\/div>\n<p>&nbsp;<\/p>\n<h2 class=\"western\">Parrucchieri di Milano e moda dei tagli corti: il Curly bob per ricci<\/h2>\n<p>Questo tipo di taglio \u00e8 la <b>versione riccia del classico bob<\/b>, il taglio corto che si ferma tra orecchie e spalle, pari oppure scalato, a seconda del volume che si vuole ottenere, indicato quindi per chiome folte o medio-dense e perfetto per coloro che vogliono accorciare senza rinunciare alla forma.<\/p>\n<p>&nbsp;<\/p>\n<p>Il curly bob incornicia il viso e crea un look fresco e leggero, evitando l\u2019effetto \u201ca triangolo\u201d grazie a scalature perfette studiate da <b>parrucchieri maestri del riccio<\/b>.<\/p><div id=\"ilnot-626040290\" class=\"ilnot-contenuto_2-2-2-2-2 ilnot-entity-placement\"><div class=\"gptslot\" data-adunitid=\"5\"><\/div>\n<\/div>\n<p>&nbsp;<\/p>\n<h2 class=\"western\">Il Deva cut: taglio professionale per capelli ricci dal miglior parrucchiere per donna a Milano<\/h2>\n<p><b>I parrucchieri pi\u00f9 esperti<\/b> utilizzano questo tipo di tecnica di taglio nata negli Stati Uniti, creata per <b>valorizzare ogni singolo riccio<\/b>, richiede infatti una procedura impegnativa, che si esegue ciocca per ciocca, rigorosamente a secco, seguendo la forma naturale dei capelli.<\/p>\n<p>&nbsp;<\/p>\n<p>In <b>grandi citt\u00e0 come Milano hai la possibilit\u00e0 di trovare professionisti in grado di eseguire questa tecnica in modo efficiente<\/b>, il cui risultato valorizzer\u00e0 sia i ricci molto definiti, stretti o afro, sia le chiome pi\u00f9 voluminose e difficili da gestire.<\/p>\n<p>&nbsp;<\/p>\n<h2 class=\"western\">Parrucchiere Milano e Shag riccio: la frangetta che migliora il tuo stile<\/h2>\n<p>Per chi ha i <b>capelli ricci<\/b> ma desidera comunque una frangetta, questo \u00e8 il look ideale: si tratta di un taglio scalato di ispirazione anni 70, rivisitato per le onde.<\/p>\n<p>&nbsp;<\/p>\n<p>La frangia o il ciuffo rimangono morbidi e le scalature progressive, che creano volumi nella parte superiore e leggerezza sulle punte, ottimo per chi ha una texture tendenzialmente piatta alla radice e cerca uno <b>stile alla moda che doni movimento ai capelli ricci<\/b>.<\/p><div id=\"ilnot-1348354160\" class=\"ilnot-contenuto_2-2-2-2-2-2 ilnot-entity-placement\"><div class=\"gptslot\" data-adunitid=\"6\"><\/div>\n<\/div>\n","protected":false},"excerpt":{"rendered":"<p>Trovare un parrucchiere a Milano che capisca davvero i capelli ricci pu\u00f2 risultare complicato, soprattutto se si vive in grandi citt\u00e0 e ci si \u00e8 gi\u00e0 imbattuti in tagli poco adatti, tecniche sbagliate o mani inesperte. &nbsp; Chi ha la chioma riccia lo sa bene: questo taglio richiede attenzione, tecnica e sensibilit\u00e0 e una conoscenza<\/p>\n","protected":false},"author":3,"featured_media":207871,"comment_status":"closed","ping_status":"closed","sticky":false,"template":"","format":"standard","meta":{"footnotes":""},"categories":[4193],"tags":[7534,38,881,1477,1663,17951],"class_list":{"0":"post-207870","1":"post","2":"type-post","3":"status-publish","4":"format-standard","5":"has-post-thumbnail","7":"category-buonoasapersi","8":"tag-capelli","9":"tag-milano","10":"tag-moda","11":"tag-parrucchiere","12":"tag-ricci","13":"tag-tendenza"},"yoast_head":"<!-- This site is optimized with the Yoast SEO plugin v27.4 - https:\/\/yoast.com\/product\/yoast-seo-wordpress\/ -->\n<title>Quale taglio migliore per i capelli ricci? Cosa chiedere al parrucchiere per un look di tendenza a Milano, citt\u00e0 della moda? - Il Notiziario<\/title>\n<meta name=\"description\" content=\"Trovare un parrucchiere a Milano che capisca davvero i capelli ricci pu\u00f2 risultare complicato, soprattutto se si vive in grandi citt\u00e0 e ci si \u00e8 gi\u00e0\" \/>\n<meta name=\"robots\" content=\"index, follow, max-snippet:-1, max-image-preview:large, max-video-preview:-1\" \/>\n<link rel=\"canonical\" href=\"https:\/\/www.ilnotiziario.net\/wp\/buonoasapersi\/quale-taglio-migliore-per-i-capelli-ricci-cosa-chiedere-al-parrucchiere-per-un-look-di-tendenza-a-milano-citta-della-moda\/\" \/>\n<meta property=\"og:locale\" content=\"it_IT\" \/>\n<meta property=\"og:type\" content=\"article\" \/>\n<meta property=\"og:title\" content=\"Quale taglio migliore per i capelli ricci? Cosa chiedere al parrucchiere per un look di tendenza a Milano, citt\u00e0 della moda? - Il Notiziario\" \/>\n<meta property=\"og:description\" content=\"Trovare un parrucchiere a Milano che capisca davvero i capelli ricci pu\u00f2 risultare complicato, soprattutto se si vive in grandi citt\u00e0 e ci si \u00e8 gi\u00e0\" \/>\n<meta property=\"og:url\" content=\"https:\/\/www.ilnotiziario.net\/wp\/buonoasapersi\/quale-taglio-migliore-per-i-capelli-ricci-cosa-chiedere-al-parrucchiere-per-un-look-di-tendenza-a-milano-citta-della-moda\/\" \/>\n<meta property=\"og:site_name\" content=\"Il Notiziario\" \/>\n<meta property=\"article:publisher\" content=\"https:\/\/www.facebook.com\/ilnotiziarioind\/\" \/>\n<meta property=\"article:published_time\" content=\"2025-07-09T07:11:03+00:00\" \/>\n<meta property=\"og:image\" content=\"https:\/\/www.ilnotiziario.net\/wp\/wp-content\/uploads\/2025\/07\/ricci-milano.jpg\" \/>\n\t<meta property=\"og:image:width\" content=\"720\" \/>\n\t<meta property=\"og:image:height\" content=\"480\" \/>\n\t<meta property=\"og:image:type\" content=\"image\/jpeg\" \/>\n<meta name=\"author\" content=\"Gabriele Bassani\" \/>\n<meta name=\"twitter:card\" content=\"summary_large_image\" \/>\n<meta name=\"twitter:creator\" content=\"@ilNotiziarioInd\" \/>\n<meta name=\"twitter:site\" content=\"@ilNotiziarioInd\" \/>\n<meta name=\"twitter:label1\" content=\"Scritto da\" \/>\n\t<meta name=\"twitter:data1\" content=\"Gabriele Bassani\" \/>\n\t<meta name=\"twitter:label2\" content=\"Tempo di lettura stimato\" \/>\n\t<meta name=\"twitter:data2\" content=\"5 minuti\" \/>\n<script type=\"application\/ld+json\" class=\"yoast-schema-graph\">{\"@context\":\"https:\\\/\\\/schema.org\",\"@graph\":[{\"@type\":\"Article\",\"@id\":\"https:\\\/\\\/www.ilnotiziario.net\\\/wp\\\/buonoasapersi\\\/quale-taglio-migliore-per-i-capelli-ricci-cosa-chiedere-al-parrucchiere-per-un-look-di-tendenza-a-milano-citta-della-moda\\\/#article\",\"isPartOf\":{\"@id\":\"https:\\\/\\\/www.ilnotiziario.net\\\/wp\\\/buonoasapersi\\\/quale-taglio-migliore-per-i-capelli-ricci-cosa-chiedere-al-parrucchiere-per-un-look-di-tendenza-a-milano-citta-della-moda\\\/\"},\"author\":{\"name\":\"Gabriele Bassani\",\"@id\":\"https:\\\/\\\/www.ilnotiziario.net\\\/wp\\\/#\\\/schema\\\/person\\\/386e222908f898bb41c033989482bbf2\"},\"headline\":\"Quale taglio migliore per i capelli ricci? Cosa chiedere al parrucchiere per un look di tendenza a Milano, citt\u00e0 della moda?\",\"datePublished\":\"2025-07-09T07:11:03+00:00\",\"mainEntityOfPage\":{\"@id\":\"https:\\\/\\\/www.ilnotiziario.net\\\/wp\\\/buonoasapersi\\\/quale-taglio-migliore-per-i-capelli-ricci-cosa-chiedere-al-parrucchiere-per-un-look-di-tendenza-a-milano-citta-della-moda\\\/\"},\"wordCount\":921,\"publisher\":{\"@id\":\"https:\\\/\\\/www.ilnotiziario.net\\\/wp\\\/#organization\"},\"image\":{\"@id\":\"https:\\\/\\\/www.ilnotiziario.net\\\/wp\\\/buonoasapersi\\\/quale-taglio-migliore-per-i-capelli-ricci-cosa-chiedere-al-parrucchiere-per-un-look-di-tendenza-a-milano-citta-della-moda\\\/#primaryimage\"},\"thumbnailUrl\":\"https:\\\/\\\/www.ilnotiziario.net\\\/wp\\\/wp-content\\\/uploads\\\/2025\\\/07\\\/ricci-milano.jpg\",\"keywords\":[\"capelli\",\"Milano\",\"Moda\",\"parrucchiere\",\"ricci\",\"tendenza\"],\"articleSection\":[\"BUONO A SAPERSI\"],\"inLanguage\":\"it-IT\"},{\"@type\":\"WebPage\",\"@id\":\"https:\\\/\\\/www.ilnotiziario.net\\\/wp\\\/buonoasapersi\\\/quale-taglio-migliore-per-i-capelli-ricci-cosa-chiedere-al-parrucchiere-per-un-look-di-tendenza-a-milano-citta-della-moda\\\/\",\"url\":\"https:\\\/\\\/www.ilnotiziario.net\\\/wp\\\/buonoasapersi\\\/quale-taglio-migliore-per-i-capelli-ricci-cosa-chiedere-al-parrucchiere-per-un-look-di-tendenza-a-milano-citta-della-moda\\\/\",\"name\":\"Quale taglio migliore per i capelli ricci? Cosa chiedere al parrucchiere per un look di tendenza a Milano, citt\u00e0 della moda? - Il Notiziario\",\"isPartOf\":{\"@id\":\"https:\\\/\\\/www.ilnotiziario.net\\\/wp\\\/#website\"},\"primaryImageOfPage\":{\"@id\":\"https:\\\/\\\/www.ilnotiziario.net\\\/wp\\\/buonoasapersi\\\/quale-taglio-migliore-per-i-capelli-ricci-cosa-chiedere-al-parrucchiere-per-un-look-di-tendenza-a-milano-citta-della-moda\\\/#primaryimage\"},\"image\":{\"@id\":\"https:\\\/\\\/www.ilnotiziario.net\\\/wp\\\/buonoasapersi\\\/quale-taglio-migliore-per-i-capelli-ricci-cosa-chiedere-al-parrucchiere-per-un-look-di-tendenza-a-milano-citta-della-moda\\\/#primaryimage\"},\"thumbnailUrl\":\"https:\\\/\\\/www.ilnotiziario.net\\\/wp\\\/wp-content\\\/uploads\\\/2025\\\/07\\\/ricci-milano.jpg\",\"datePublished\":\"2025-07-09T07:11:03+00:00\",\"description\":\"Trovare un parrucchiere a Milano che capisca davvero i capelli ricci pu\u00f2 risultare complicato, soprattutto se si vive in grandi citt\u00e0 e ci si \u00e8 gi\u00e0\",\"breadcrumb\":{\"@id\":\"https:\\\/\\\/www.ilnotiziario.net\\\/wp\\\/buonoasapersi\\\/quale-taglio-migliore-per-i-capelli-ricci-cosa-chiedere-al-parrucchiere-per-un-look-di-tendenza-a-milano-citta-della-moda\\\/#breadcrumb\"},\"inLanguage\":\"it-IT\",\"potentialAction\":[{\"@type\":\"ReadAction\",\"target\":[\"https:\\\/\\\/www.ilnotiziario.net\\\/wp\\\/buonoasapersi\\\/quale-taglio-migliore-per-i-capelli-ricci-cosa-chiedere-al-parrucchiere-per-un-look-di-tendenza-a-milano-citta-della-moda\\\/\"]}]},{\"@type\":\"ImageObject\",\"inLanguage\":\"it-IT\",\"@id\":\"https:\\\/\\\/www.ilnotiziario.net\\\/wp\\\/buonoasapersi\\\/quale-taglio-migliore-per-i-capelli-ricci-cosa-chiedere-al-parrucchiere-per-un-look-di-tendenza-a-milano-citta-della-moda\\\/#primaryimage\",\"url\":\"https:\\\/\\\/www.ilnotiziario.net\\\/wp\\\/wp-content\\\/uploads\\\/2025\\\/07\\\/ricci-milano.jpg\",\"contentUrl\":\"https:\\\/\\\/www.ilnotiziario.net\\\/wp\\\/wp-content\\\/uploads\\\/2025\\\/07\\\/ricci-milano.jpg\",\"width\":720,\"height\":480,\"caption\":\"Hairdresser drying woman's hair\"},{\"@type\":\"BreadcrumbList\",\"@id\":\"https:\\\/\\\/www.ilnotiziario.net\\\/wp\\\/buonoasapersi\\\/quale-taglio-migliore-per-i-capelli-ricci-cosa-chiedere-al-parrucchiere-per-un-look-di-tendenza-a-milano-citta-della-moda\\\/#breadcrumb\",\"itemListElement\":[{\"@type\":\"ListItem\",\"position\":1,\"name\":\"tds_text_logo_tagline_colortds_text_logo_tagline_colortds_text_logo_tagline_colortds_text_logo_tagline_colortd_module_7_title_excerpttd_module_7_title_excerpttd_module_7_title_excerpttd_module_7_title_excerptHome\",\"item\":\"https:\\\/\\\/www.ilnotiziario.net\\\/wp\\\/\"},{\"@type\":\"ListItem\",\"position\":2,\"name\":\"Quale taglio migliore per i capelli ricci? Cosa chiedere al parrucchiere per un look di tendenza a Milano, citt\u00e0 della moda?\"}]},{\"@type\":\"WebSite\",\"@id\":\"https:\\\/\\\/www.ilnotiziario.net\\\/wp\\\/#website\",\"url\":\"https:\\\/\\\/www.ilnotiziario.net\\\/wp\\\/\",\"name\":\"Il Notiziario\",\"description\":\"Per restare sempre connessi alla notizia\",\"publisher\":{\"@id\":\"https:\\\/\\\/www.ilnotiziario.net\\\/wp\\\/#organization\"},\"alternateName\":\"Il Notiziario Bollate\",\"potentialAction\":[{\"@type\":\"SearchAction\",\"target\":{\"@type\":\"EntryPoint\",\"urlTemplate\":\"https:\\\/\\\/www.ilnotiziario.net\\\/wp\\\/?s={search_term_string}\"},\"query-input\":{\"@type\":\"PropertyValueSpecification\",\"valueRequired\":true,\"valueName\":\"search_term_string\"}}],\"inLanguage\":\"it-IT\"},{\"@type\":\"Organization\",\"@id\":\"https:\\\/\\\/www.ilnotiziario.net\\\/wp\\\/#organization\",\"name\":\"Il Notiziario\",\"url\":\"https:\\\/\\\/www.ilnotiziario.net\\\/wp\\\/\",\"logo\":{\"@type\":\"ImageObject\",\"inLanguage\":\"it-IT\",\"@id\":\"https:\\\/\\\/www.ilnotiziario.net\\\/wp\\\/#\\\/schema\\\/logo\\\/image\\\/\",\"url\":\"https:\\\/\\\/www.ilnotiziario.net\\\/wp\\\/wp-content\\\/uploads\\\/2022\\\/06\\\/170x170ilN.png\",\"contentUrl\":\"https:\\\/\\\/www.ilnotiziario.net\\\/wp\\\/wp-content\\\/uploads\\\/2022\\\/06\\\/170x170ilN.png\",\"width\":355,\"height\":355,\"caption\":\"Il Notiziario\"},\"image\":{\"@id\":\"https:\\\/\\\/www.ilnotiziario.net\\\/wp\\\/#\\\/schema\\\/logo\\\/image\\\/\"},\"sameAs\":[\"https:\\\/\\\/www.facebook.com\\\/ilnotiziarioind\\\/\",\"https:\\\/\\\/x.com\\\/ilNotiziarioInd\",\"https:\\\/\\\/www.instagram.com\\\/ilnotiziario_settimanale\\\/\"]},{\"@type\":\"Person\",\"@id\":\"https:\\\/\\\/www.ilnotiziario.net\\\/wp\\\/#\\\/schema\\\/person\\\/386e222908f898bb41c033989482bbf2\",\"name\":\"Gabriele Bassani\",\"image\":{\"@type\":\"ImageObject\",\"inLanguage\":\"it-IT\",\"@id\":\"https:\\\/\\\/secure.gravatar.com\\\/avatar\\\/09274f4a84fa97698bde56f84b3afed61c8492d48b0550db9671b68c177479cb?s=96&d=mm&r=g\",\"url\":\"https:\\\/\\\/secure.gravatar.com\\\/avatar\\\/09274f4a84fa97698bde56f84b3afed61c8492d48b0550db9671b68c177479cb?s=96&d=mm&r=g\",\"contentUrl\":\"https:\\\/\\\/secure.gravatar.com\\\/avatar\\\/09274f4a84fa97698bde56f84b3afed61c8492d48b0550db9671b68c177479cb?s=96&d=mm&r=g\",\"caption\":\"Gabriele Bassani\"},\"sameAs\":[\"http:\\\/\\\/www.ilnotiziario.net\"]}]}<\/script>\n<!-- \/ Yoast SEO plugin. -->","yoast_head_json":{"title":"Quale taglio migliore per i capelli ricci? Cosa chiedere al parrucchiere per un look di tendenza a Milano, citt\u00e0 della moda? - Il Notiziario","description":"Trovare un parrucchiere a Milano che capisca davvero i capelli ricci pu\u00f2 risultare complicato, soprattutto se si vive in grandi citt\u00e0 e ci si \u00e8 gi\u00e0","robots":{"index":"index","follow":"follow","max-snippet":"max-snippet:-1","max-image-preview":"max-image-preview:large","max-video-preview":"max-video-preview:-1"},"canonical":"https:\/\/www.ilnotiziario.net\/wp\/buonoasapersi\/quale-taglio-migliore-per-i-capelli-ricci-cosa-chiedere-al-parrucchiere-per-un-look-di-tendenza-a-milano-citta-della-moda\/","og_locale":"it_IT","og_type":"article","og_title":"Quale taglio migliore per i capelli ricci? Cosa chiedere al parrucchiere per un look di tendenza a Milano, citt\u00e0 della moda? - Il Notiziario","og_description":"Trovare un parrucchiere a Milano che capisca davvero i capelli ricci pu\u00f2 risultare complicato, soprattutto se si vive in grandi citt\u00e0 e ci si \u00e8 gi\u00e0","og_url":"https:\/\/www.ilnotiziario.net\/wp\/buonoasapersi\/quale-taglio-migliore-per-i-capelli-ricci-cosa-chiedere-al-parrucchiere-per-un-look-di-tendenza-a-milano-citta-della-moda\/","og_site_name":"Il Notiziario","article_publisher":"https:\/\/www.facebook.com\/ilnotiziarioind\/","article_published_time":"2025-07-09T07:11:03+00:00","og_image":[{"width":720,"height":480,"url":"https:\/\/www.ilnotiziario.net\/wp\/wp-content\/uploads\/2025\/07\/ricci-milano.jpg","type":"image\/jpeg"}],"author":"Gabriele Bassani","twitter_card":"summary_large_image","twitter_creator":"@ilNotiziarioInd","twitter_site":"@ilNotiziarioInd","twitter_misc":{"Scritto da":"Gabriele Bassani","Tempo di lettura stimato":"5 minuti"},"schema":{"@context":"https:\/\/schema.org","@graph":[{"@type":"Article","@id":"https:\/\/www.ilnotiziario.net\/wp\/buonoasapersi\/quale-taglio-migliore-per-i-capelli-ricci-cosa-chiedere-al-parrucchiere-per-un-look-di-tendenza-a-milano-citta-della-moda\/#article","isPartOf":{"@id":"https:\/\/www.ilnotiziario.net\/wp\/buonoasapersi\/quale-taglio-migliore-per-i-capelli-ricci-cosa-chiedere-al-parrucchiere-per-un-look-di-tendenza-a-milano-citta-della-moda\/"},"author":{"name":"Gabriele Bassani","@id":"https:\/\/www.ilnotiziario.net\/wp\/#\/schema\/person\/386e222908f898bb41c033989482bbf2"},"headline":"Quale taglio migliore per i capelli ricci? Cosa chiedere al parrucchiere per un look di tendenza a Milano, citt\u00e0 della moda?","datePublished":"2025-07-09T07:11:03+00:00","mainEntityOfPage":{"@id":"https:\/\/www.ilnotiziario.net\/wp\/buonoasapersi\/quale-taglio-migliore-per-i-capelli-ricci-cosa-chiedere-al-parrucchiere-per-un-look-di-tendenza-a-milano-citta-della-moda\/"},"wordCount":921,"publisher":{"@id":"https:\/\/www.ilnotiziario.net\/wp\/#organization"},"image":{"@id":"https:\/\/www.ilnotiziario.net\/wp\/buonoasapersi\/quale-taglio-migliore-per-i-capelli-ricci-cosa-chiedere-al-parrucchiere-per-un-look-di-tendenza-a-milano-citta-della-moda\/#primaryimage"},"thumbnailUrl":"https:\/\/www.ilnotiziario.net\/wp\/wp-content\/uploads\/2025\/07\/ricci-milano.jpg","keywords":["capelli","Milano","Moda","parrucchiere","ricci","tendenza"],"articleSection":["BUONO A SAPERSI"],"inLanguage":"it-IT"},{"@type":"WebPage","@id":"https:\/\/www.ilnotiziario.net\/wp\/buonoasapersi\/quale-taglio-migliore-per-i-capelli-ricci-cosa-chiedere-al-parrucchiere-per-un-look-di-tendenza-a-milano-citta-della-moda\/","url":"https:\/\/www.ilnotiziario.net\/wp\/buonoasapersi\/quale-taglio-migliore-per-i-capelli-ricci-cosa-chiedere-al-parrucchiere-per-un-look-di-tendenza-a-milano-citta-della-moda\/","name":"Quale taglio migliore per i capelli ricci? Cosa chiedere al parrucchiere per un look di tendenza a Milano, citt\u00e0 della moda? - Il Notiziario","isPartOf":{"@id":"https:\/\/www.ilnotiziario.net\/wp\/#website"},"primaryImageOfPage":{"@id":"https:\/\/www.ilnotiziario.net\/wp\/buonoasapersi\/quale-taglio-migliore-per-i-capelli-ricci-cosa-chiedere-al-parrucchiere-per-un-look-di-tendenza-a-milano-citta-della-moda\/#primaryimage"},"image":{"@id":"https:\/\/www.ilnotiziario.net\/wp\/buonoasapersi\/quale-taglio-migliore-per-i-capelli-ricci-cosa-chiedere-al-parrucchiere-per-un-look-di-tendenza-a-milano-citta-della-moda\/#primaryimage"},"thumbnailUrl":"https:\/\/www.ilnotiziario.net\/wp\/wp-content\/uploads\/2025\/07\/ricci-milano.jpg","datePublished":"2025-07-09T07:11:03+00:00","description":"Trovare un parrucchiere a Milano che capisca davvero i capelli ricci pu\u00f2 risultare complicato, soprattutto se si vive in grandi citt\u00e0 e ci si \u00e8 gi\u00e0","breadcrumb":{"@id":"https:\/\/www.ilnotiziario.net\/wp\/buonoasapersi\/quale-taglio-migliore-per-i-capelli-ricci-cosa-chiedere-al-parrucchiere-per-un-look-di-tendenza-a-milano-citta-della-moda\/#breadcrumb"},"inLanguage":"it-IT","potentialAction":[{"@type":"ReadAction","target":["https:\/\/www.ilnotiziario.net\/wp\/buonoasapersi\/quale-taglio-migliore-per-i-capelli-ricci-cosa-chiedere-al-parrucchiere-per-un-look-di-tendenza-a-milano-citta-della-moda\/"]}]},{"@type":"ImageObject","inLanguage":"it-IT","@id":"https:\/\/www.ilnotiziario.net\/wp\/buonoasapersi\/quale-taglio-migliore-per-i-capelli-ricci-cosa-chiedere-al-parrucchiere-per-un-look-di-tendenza-a-milano-citta-della-moda\/#primaryimage","url":"https:\/\/www.ilnotiziario.net\/wp\/wp-content\/uploads\/2025\/07\/ricci-milano.jpg","contentUrl":"https:\/\/www.ilnotiziario.net\/wp\/wp-content\/uploads\/2025\/07\/ricci-milano.jpg","width":720,"height":480,"caption":"Hairdresser drying woman's hair"},{"@type":"BreadcrumbList","@id":"https:\/\/www.ilnotiziario.net\/wp\/buonoasapersi\/quale-taglio-migliore-per-i-capelli-ricci-cosa-chiedere-al-parrucchiere-per-un-look-di-tendenza-a-milano-citta-della-moda\/#breadcrumb","itemListElement":[{"@type":"ListItem","position":1,"name":"tds_text_logo_tagline_colortds_text_logo_tagline_colortds_text_logo_tagline_colortds_text_logo_tagline_colortd_module_7_title_excerpttd_module_7_title_excerpttd_module_7_title_excerpttd_module_7_title_excerptHome","item":"https:\/\/www.ilnotiziario.net\/wp\/"},{"@type":"ListItem","position":2,"name":"Quale taglio migliore per i capelli ricci? Cosa chiedere al parrucchiere per un look di tendenza a Milano, citt\u00e0 della moda?"}]},{"@type":"WebSite","@id":"https:\/\/www.ilnotiziario.net\/wp\/#website","url":"https:\/\/www.ilnotiziario.net\/wp\/","name":"Il Notiziario","description":"Per restare sempre connessi alla notizia","publisher":{"@id":"https:\/\/www.ilnotiziario.net\/wp\/#organization"},"alternateName":"Il Notiziario Bollate","potentialAction":[{"@type":"SearchAction","target":{"@type":"EntryPoint","urlTemplate":"https:\/\/www.ilnotiziario.net\/wp\/?s={search_term_string}"},"query-input":{"@type":"PropertyValueSpecification","valueRequired":true,"valueName":"search_term_string"}}],"inLanguage":"it-IT"},{"@type":"Organization","@id":"https:\/\/www.ilnotiziario.net\/wp\/#organization","name":"Il Notiziario","url":"https:\/\/www.ilnotiziario.net\/wp\/","logo":{"@type":"ImageObject","inLanguage":"it-IT","@id":"https:\/\/www.ilnotiziario.net\/wp\/#\/schema\/logo\/image\/","url":"https:\/\/www.ilnotiziario.net\/wp\/wp-content\/uploads\/2022\/06\/170x170ilN.png","contentUrl":"https:\/\/www.ilnotiziario.net\/wp\/wp-content\/uploads\/2022\/06\/170x170ilN.png","width":355,"height":355,"caption":"Il Notiziario"},"image":{"@id":"https:\/\/www.ilnotiziario.net\/wp\/#\/schema\/logo\/image\/"},"sameAs":["https:\/\/www.facebook.com\/ilnotiziarioind\/","https:\/\/x.com\/ilNotiziarioInd","https:\/\/www.instagram.com\/ilnotiziario_settimanale\/"]},{"@type":"Person","@id":"https:\/\/www.ilnotiziario.net\/wp\/#\/schema\/person\/386e222908f898bb41c033989482bbf2","name":"Gabriele Bassani","image":{"@type":"ImageObject","inLanguage":"it-IT","@id":"https:\/\/secure.gravatar.com\/avatar\/09274f4a84fa97698bde56f84b3afed61c8492d48b0550db9671b68c177479cb?s=96&d=mm&r=g","url":"https:\/\/secure.gravatar.com\/avatar\/09274f4a84fa97698bde56f84b3afed61c8492d48b0550db9671b68c177479cb?s=96&d=mm&r=g","contentUrl":"https:\/\/secure.gravatar.com\/avatar\/09274f4a84fa97698bde56f84b3afed61c8492d48b0550db9671b68c177479cb?s=96&d=mm&r=g","caption":"Gabriele Bassani"},"sameAs":["http:\/\/www.ilnotiziario.net"]}]}},"_links":{"self":[{"href":"https:\/\/www.ilnotiziario.net\/wp\/wp-json\/wp\/v2\/posts\/207870","targetHints":{"allow":["GET"]}}],"collection":[{"href":"https:\/\/www.ilnotiziario.net\/wp\/wp-json\/wp\/v2\/posts"}],"about":[{"href":"https:\/\/www.ilnotiziario.net\/wp\/wp-json\/wp\/v2\/types\/post"}],"author":[{"embeddable":true,"href":"https:\/\/www.ilnotiziario.net\/wp\/wp-json\/wp\/v2\/users\/3"}],"replies":[{"embeddable":true,"href":"https:\/\/www.ilnotiziario.net\/wp\/wp-json\/wp\/v2\/comments?post=207870"}],"version-history":[{"count":0,"href":"https:\/\/www.ilnotiziario.net\/wp\/wp-json\/wp\/v2\/posts\/207870\/revisions"}],"wp:featuredmedia":[{"embeddable":true,"href":"https:\/\/www.ilnotiziario.net\/wp\/wp-json\/wp\/v2\/media\/207871"}],"wp:attachment":[{"href":"https:\/\/www.ilnotiziario.net\/wp\/wp-json\/wp\/v2\/media?parent=207870"}],"wp:term":[{"taxonomy":"category","embeddable":true,"href":"https:\/\/www.ilnotiziario.net\/wp\/wp-json\/wp\/v2\/categories?post=207870"},{"taxonomy":"post_tag","embeddable":true,"href":"https:\/\/www.ilnotiziario.net\/wp\/wp-json\/wp\/v2\/tags?post=207870"}],"curies":[{"name":"wp","href":"https:\/\/api.w.org\/{rel}","templated":true}]}}