{"id":207940,"date":"2025-07-11T10:51:36","date_gmt":"2025-07-11T08:51:36","guid":{"rendered":"https:\/\/www.ilnotiziario.net\/wp\/?p=207940"},"modified":"2025-07-11T10:51:36","modified_gmt":"2025-07-11T08:51:36","slug":"dal-1-agosto-il-malpensa-express-costera-di-piu-biglietto-a-15-euro-ma-resta-tra-i-piu-economici-deuropa-quando-funziona","status":"publish","type":"post","link":"https:\/\/www.ilnotiziario.net\/wp\/prima-pagina\/dal-1-agosto-il-malpensa-express-costera-di-piu-biglietto-a-15-euro-ma-resta-tra-i-piu-economici-deuropa-quando-funziona\/","title":{"rendered":"Dal 1\u00b0 agosto il Malpensa Express coster\u00e0 di pi\u00f9: biglietto a 15 euro, ma resta tra i pi\u00f9 economici d\u2019Europa (quando funziona)"},"content":{"rendered":"<p>A partire dal 1\u00b0 agosto 2025 viaggiare in treno da Milano a Malpensa sar\u00e0 un po\u2019 pi\u00f9 caro: il biglietto del Malpensa Express passer\u00e0 dagli attuali 13 a 15 euro per la corsa singola.\u00a0 Aumento di 1 euro per le tappe intermedie, come Saronno.<\/p><div id=\"ilnot-1693599774\" class=\"ilnot-contenuto ilnot-entity-placement\"><p><!-- incontent_1 --><\/p>\n<div class=\"gptslot\" data-adunitid=\"1\"><\/div>\n<\/div>\n<p>La decisione, approvata nei giorni scorsi dalla Regione Lombardia, rappresenta il primo aumento tariffario dal 2016 per la tratta aeroportuale.<\/p>\n<p>Trenord, che gestisce sia il servizio ferroviario regionale sia la linea Malpensa Express, sottolinea che l\u2019aumento consentir\u00e0 un ulteriore miglioramento della qualit\u00e0 del servizio. Il rincaro, spiegano, riguarda esclusivamente la linea aeroportuale: tutte le altre tratte Trenord non subiranno modifiche di prezzo, n\u00e9 per i biglietti singoli n\u00e9 per gli abbonamenti.<\/p><div id=\"ilnot-1546147173\" class=\"ilnot-contenuto_2 ilnot-entity-placement\"><div class=\"ads-wrapper\">\n<div class=\"ad-slot\">\n   <div id=\"ilnot-3955833120\" style=\"margin-right: auto;margin-left: auto;text-align: center;width: 320px;height: 100px;\"><a href=\"https:\/\/www.scuolasicurezza.it\/\"><img decoding=\"async\" src=\"https:\/\/www.ilnotiziario.net\/wp\/wp-content\/uploads\/2026\/04\/IlNotiziario_banner-sito-e-newsletter-320-x-100-px-1.gif\" alt=\"\"><\/a><\/div>\n  <\/div>\n<div class=\"ad-slot\">\n   <div id=\"ilnot-1639556523\" style=\"margin-right: auto;margin-left: auto;text-align: center;width: 320px;height: 100px;\"><a href=\"https:\/\/purodesignarredamenti.com\/\"><img decoding=\"async\" src=\"https:\/\/www.ilnotiziario.net\/wp\/wp-content\/uploads\/2026\/04\/banner-puro-ok.gif\" alt=\"whatsapp\"><\/a><\/div><\/p><\/div>\n<\/div>\n<\/div>\n<p>&nbsp;<\/p>\n<h2>Malpensa Express, aumento del costo del biglietto, ma negli altri Paesi d&#8217;Europa quanto si paga?<\/h2>\n<p>Un confronto a livello europeo mostra che il Malpensa Express resta comunque uno dei servizi ferroviari da\/per aeroporto pi\u00f9 economici d\u2019Europa. Dopo l\u2019aumento, la tariffa al chilometro salir\u00e0 da 0,27 a 0,31 euro, ben al di sotto della media europea di 0,73 euro al chilometro. Ecco alcuni esempi:<br \/>\n\u2022 Londra Heathrow Express: circa 28 euro per 24 km (1,17 \u20ac\/km)<br \/>\n\u2022 Parigi CDG \u2013 RER B: 11,45 euro per 35 km (0,33 \u20ac\/km)<br \/>\n\u2022 Amsterdam Schiphol \u2013 Centraal: 5,90 euro per 17 km (0,35 \u20ac\/km)<br \/>\n\u2022 Francoforte \u2013 Aeroporto: 5,80 euro per 12 km (0,48 \u20ac\/km)<br \/>\n\u2022 Madrid \u2013 Aeroporto Barajas: 3 euro per 13 km (0,23 \u20ac\/km)<\/p>\n<p>Nonostante l\u2019incremento, dunque, il servizio lombardo resta competitivo, in particolare se confrontato con realt\u00e0 come Londra o Francoforte, dove i prezzi risultano sensibilmente pi\u00f9 alti. Magari per\u00f2 con meno rischi di interruzione di servizio per scioperi e guasti, che spesso coinvolgono le linee di Trenord, compresa quelle del Malpensa Express<\/p>\n<p>Nel frattempo, Trenord ha iniziato a introdurre nuovi convogli Caravaggio sulla linea tra Milano Centrale e Malpensa: si tratta di treni ad alta capienza, pensati per i grandi flussi aeroportuali. Un\u2019esigenza sempre pi\u00f9 attuale: nei primi mesi del 2025 Malpensa ha registrato una media di 14.500 viaggiatori al giorno, con una crescita del 4% rispetto al 2024.<\/p><div id=\"ilnot-3634943618\" class=\"ilnot-contenuto_2-2 ilnot-entity-placement\"><div class=\"gptslot\" data-adunitid=\"2\"><\/div>\n<\/div>\n<p>L\u2019aumento del prezzo, spiegano da Trenord, servir\u00e0 proprio a sostenere questa evoluzione nella qualit\u00e0 del servizio, mantenendo per\u00f2 l\u2019accessibilit\u00e0 per i viaggiatori e il vantaggio competitivo rispetto ad altre capitali europee.<\/p>\n","protected":false},"excerpt":{"rendered":"<p>A partire dal 1\u00b0 agosto 2025 viaggiare in treno da Milano a Malpensa sar\u00e0 un po\u2019 pi\u00f9 caro: il biglietto del Malpensa Express passer\u00e0 dagli attuali 13 a 15 euro per la corsa singola.\u00a0 Aumento di 1 euro per le tappe intermedie, come Saronno. La decisione, approvata nei giorni scorsi dalla Regione Lombardia, rappresenta il<\/p>\n","protected":false},"author":3,"featured_media":203864,"comment_status":"closed","ping_status":"closed","sticky":false,"template":"","format":"standard","meta":{"footnotes":""},"categories":[20,14],"tags":[11706,2915,711,56],"class_list":{"0":"post-207940","1":"post","2":"type-post","3":"status-publish","4":"format-standard","5":"has-post-thumbnail","7":"category-prima-pagina","8":"category-saronno","9":"tag-aumento","10":"tag-biglietto","11":"tag-malpensa-express","12":"tag-saronno-2"},"yoast_head":"<!-- This site is optimized with the Yoast SEO plugin v27.4 - https:\/\/yoast.com\/product\/yoast-seo-wordpress\/ -->\n<title>Dal 1\u00b0 agosto il Malpensa Express coster\u00e0 di pi\u00f9: biglietto a 15 euro, ma resta tra i pi\u00f9 economici d\u2019Europa (quando funziona) - Il Notiziario<\/title>\n<meta name=\"description\" content=\"A partire dal 1\u00b0 agosto 2025 viaggiare in treno da Milano a Malpensa sar\u00e0 un po\u2019 pi\u00f9 caro: il biglietto del Malpensa Express passer\u00e0 dagli attuali 13 a 15\" \/>\n<meta name=\"robots\" content=\"index, follow, max-snippet:-1, max-image-preview:large, max-video-preview:-1\" \/>\n<link rel=\"canonical\" href=\"https:\/\/www.ilnotiziario.net\/wp\/prima-pagina\/dal-1-agosto-il-malpensa-express-costera-di-piu-biglietto-a-15-euro-ma-resta-tra-i-piu-economici-deuropa-quando-funziona\/\" \/>\n<meta property=\"og:locale\" content=\"it_IT\" \/>\n<meta property=\"og:type\" content=\"article\" \/>\n<meta property=\"og:title\" content=\"Dal 1\u00b0 agosto il Malpensa Express coster\u00e0 di pi\u00f9: biglietto a 15 euro, ma resta tra i pi\u00f9 economici d\u2019Europa (quando funziona) - Il Notiziario\" \/>\n<meta property=\"og:description\" content=\"A partire dal 1\u00b0 agosto 2025 viaggiare in treno da Milano a Malpensa sar\u00e0 un po\u2019 pi\u00f9 caro: il biglietto del Malpensa Express passer\u00e0 dagli attuali 13 a 15\" \/>\n<meta property=\"og:url\" content=\"https:\/\/www.ilnotiziario.net\/wp\/prima-pagina\/dal-1-agosto-il-malpensa-express-costera-di-piu-biglietto-a-15-euro-ma-resta-tra-i-piu-economici-deuropa-quando-funziona\/\" \/>\n<meta property=\"og:site_name\" content=\"Il Notiziario\" \/>\n<meta property=\"article:publisher\" content=\"https:\/\/www.facebook.com\/ilnotiziarioind\/\" \/>\n<meta property=\"article:published_time\" content=\"2025-07-11T08:51:36+00:00\" \/>\n<meta property=\"og:image\" content=\"https:\/\/www.ilnotiziario.net\/wp\/wp-content\/uploads\/2025\/02\/Malpensa-Express.jpg\" \/>\n\t<meta property=\"og:image:width\" content=\"720\" \/>\n\t<meta property=\"og:image:height\" content=\"480\" \/>\n\t<meta property=\"og:image:type\" content=\"image\/jpeg\" \/>\n<meta name=\"author\" content=\"Gabriele Bassani\" \/>\n<meta name=\"twitter:card\" content=\"summary_large_image\" \/>\n<meta name=\"twitter:creator\" content=\"@ilNotiziarioInd\" \/>\n<meta name=\"twitter:site\" content=\"@ilNotiziarioInd\" \/>\n<meta name=\"twitter:label1\" content=\"Scritto da\" \/>\n\t<meta name=\"twitter:data1\" content=\"Gabriele Bassani\" \/>\n\t<meta name=\"twitter:label2\" content=\"Tempo di lettura stimato\" \/>\n\t<meta name=\"twitter:data2\" content=\"3 minuti\" \/>\n<script type=\"application\/ld+json\" class=\"yoast-schema-graph\">{\"@context\":\"https:\\\/\\\/schema.org\",\"@graph\":[{\"@type\":\"Article\",\"@id\":\"https:\\\/\\\/www.ilnotiziario.net\\\/wp\\\/prima-pagina\\\/dal-1-agosto-il-malpensa-express-costera-di-piu-biglietto-a-15-euro-ma-resta-tra-i-piu-economici-deuropa-quando-funziona\\\/#article\",\"isPartOf\":{\"@id\":\"https:\\\/\\\/www.ilnotiziario.net\\\/wp\\\/prima-pagina\\\/dal-1-agosto-il-malpensa-express-costera-di-piu-biglietto-a-15-euro-ma-resta-tra-i-piu-economici-deuropa-quando-funziona\\\/\"},\"author\":{\"name\":\"Gabriele Bassani\",\"@id\":\"https:\\\/\\\/www.ilnotiziario.net\\\/wp\\\/#\\\/schema\\\/person\\\/386e222908f898bb41c033989482bbf2\"},\"headline\":\"Dal 1\u00b0 agosto il Malpensa Express coster\u00e0 di pi\u00f9: biglietto a 15 euro, ma resta tra i pi\u00f9 economici d\u2019Europa (quando funziona)\",\"datePublished\":\"2025-07-11T08:51:36+00:00\",\"mainEntityOfPage\":{\"@id\":\"https:\\\/\\\/www.ilnotiziario.net\\\/wp\\\/prima-pagina\\\/dal-1-agosto-il-malpensa-express-costera-di-piu-biglietto-a-15-euro-ma-resta-tra-i-piu-economici-deuropa-quando-funziona\\\/\"},\"wordCount\":370,\"publisher\":{\"@id\":\"https:\\\/\\\/www.ilnotiziario.net\\\/wp\\\/#organization\"},\"image\":{\"@id\":\"https:\\\/\\\/www.ilnotiziario.net\\\/wp\\\/prima-pagina\\\/dal-1-agosto-il-malpensa-express-costera-di-piu-biglietto-a-15-euro-ma-resta-tra-i-piu-economici-deuropa-quando-funziona\\\/#primaryimage\"},\"thumbnailUrl\":\"https:\\\/\\\/www.ilnotiziario.net\\\/wp\\\/wp-content\\\/uploads\\\/2025\\\/02\\\/Malpensa-Express.jpg\",\"keywords\":[\"aumento\",\"Biglietto\",\"Malpensa Express\",\"Saronno\"],\"articleSection\":[\"Prima Pagina\",\"SARONNO\"],\"inLanguage\":\"it-IT\"},{\"@type\":\"WebPage\",\"@id\":\"https:\\\/\\\/www.ilnotiziario.net\\\/wp\\\/prima-pagina\\\/dal-1-agosto-il-malpensa-express-costera-di-piu-biglietto-a-15-euro-ma-resta-tra-i-piu-economici-deuropa-quando-funziona\\\/\",\"url\":\"https:\\\/\\\/www.ilnotiziario.net\\\/wp\\\/prima-pagina\\\/dal-1-agosto-il-malpensa-express-costera-di-piu-biglietto-a-15-euro-ma-resta-tra-i-piu-economici-deuropa-quando-funziona\\\/\",\"name\":\"Dal 1\u00b0 agosto il Malpensa Express coster\u00e0 di pi\u00f9: biglietto a 15 euro, ma resta tra i pi\u00f9 economici d\u2019Europa (quando funziona) - Il Notiziario\",\"isPartOf\":{\"@id\":\"https:\\\/\\\/www.ilnotiziario.net\\\/wp\\\/#website\"},\"primaryImageOfPage\":{\"@id\":\"https:\\\/\\\/www.ilnotiziario.net\\\/wp\\\/prima-pagina\\\/dal-1-agosto-il-malpensa-express-costera-di-piu-biglietto-a-15-euro-ma-resta-tra-i-piu-economici-deuropa-quando-funziona\\\/#primaryimage\"},\"image\":{\"@id\":\"https:\\\/\\\/www.ilnotiziario.net\\\/wp\\\/prima-pagina\\\/dal-1-agosto-il-malpensa-express-costera-di-piu-biglietto-a-15-euro-ma-resta-tra-i-piu-economici-deuropa-quando-funziona\\\/#primaryimage\"},\"thumbnailUrl\":\"https:\\\/\\\/www.ilnotiziario.net\\\/wp\\\/wp-content\\\/uploads\\\/2025\\\/02\\\/Malpensa-Express.jpg\",\"datePublished\":\"2025-07-11T08:51:36+00:00\",\"description\":\"A partire dal 1\u00b0 agosto 2025 viaggiare in treno da Milano a Malpensa sar\u00e0 un po\u2019 pi\u00f9 caro: il biglietto del Malpensa Express passer\u00e0 dagli attuali 13 a 15\",\"breadcrumb\":{\"@id\":\"https:\\\/\\\/www.ilnotiziario.net\\\/wp\\\/prima-pagina\\\/dal-1-agosto-il-malpensa-express-costera-di-piu-biglietto-a-15-euro-ma-resta-tra-i-piu-economici-deuropa-quando-funziona\\\/#breadcrumb\"},\"inLanguage\":\"it-IT\",\"potentialAction\":[{\"@type\":\"ReadAction\",\"target\":[\"https:\\\/\\\/www.ilnotiziario.net\\\/wp\\\/prima-pagina\\\/dal-1-agosto-il-malpensa-express-costera-di-piu-biglietto-a-15-euro-ma-resta-tra-i-piu-economici-deuropa-quando-funziona\\\/\"]}]},{\"@type\":\"ImageObject\",\"inLanguage\":\"it-IT\",\"@id\":\"https:\\\/\\\/www.ilnotiziario.net\\\/wp\\\/prima-pagina\\\/dal-1-agosto-il-malpensa-express-costera-di-piu-biglietto-a-15-euro-ma-resta-tra-i-piu-economici-deuropa-quando-funziona\\\/#primaryimage\",\"url\":\"https:\\\/\\\/www.ilnotiziario.net\\\/wp\\\/wp-content\\\/uploads\\\/2025\\\/02\\\/Malpensa-Express.jpg\",\"contentUrl\":\"https:\\\/\\\/www.ilnotiziario.net\\\/wp\\\/wp-content\\\/uploads\\\/2025\\\/02\\\/Malpensa-Express.jpg\",\"width\":720,\"height\":480,\"caption\":\"Malpensa Express\"},{\"@type\":\"BreadcrumbList\",\"@id\":\"https:\\\/\\\/www.ilnotiziario.net\\\/wp\\\/prima-pagina\\\/dal-1-agosto-il-malpensa-express-costera-di-piu-biglietto-a-15-euro-ma-resta-tra-i-piu-economici-deuropa-quando-funziona\\\/#breadcrumb\",\"itemListElement\":[{\"@type\":\"ListItem\",\"position\":1,\"name\":\"tds_text_logo_tagline_colortds_text_logo_tagline_colortds_text_logo_tagline_colortds_text_logo_tagline_colortd_module_7_title_excerpttd_module_7_title_excerpttd_module_7_title_excerpttd_module_7_title_excerptHome\",\"item\":\"https:\\\/\\\/www.ilnotiziario.net\\\/wp\\\/\"},{\"@type\":\"ListItem\",\"position\":2,\"name\":\"Dal 1\u00b0 agosto il Malpensa Express coster\u00e0 di pi\u00f9: biglietto a 15 euro, ma resta tra i pi\u00f9 economici d\u2019Europa (quando funziona)\"}]},{\"@type\":\"WebSite\",\"@id\":\"https:\\\/\\\/www.ilnotiziario.net\\\/wp\\\/#website\",\"url\":\"https:\\\/\\\/www.ilnotiziario.net\\\/wp\\\/\",\"name\":\"Il Notiziario\",\"description\":\"Per restare sempre connessi alla notizia\",\"publisher\":{\"@id\":\"https:\\\/\\\/www.ilnotiziario.net\\\/wp\\\/#organization\"},\"alternateName\":\"Il Notiziario Bollate\",\"potentialAction\":[{\"@type\":\"SearchAction\",\"target\":{\"@type\":\"EntryPoint\",\"urlTemplate\":\"https:\\\/\\\/www.ilnotiziario.net\\\/wp\\\/?s={search_term_string}\"},\"query-input\":{\"@type\":\"PropertyValueSpecification\",\"valueRequired\":true,\"valueName\":\"search_term_string\"}}],\"inLanguage\":\"it-IT\"},{\"@type\":\"Organization\",\"@id\":\"https:\\\/\\\/www.ilnotiziario.net\\\/wp\\\/#organization\",\"name\":\"Il Notiziario\",\"url\":\"https:\\\/\\\/www.ilnotiziario.net\\\/wp\\\/\",\"logo\":{\"@type\":\"ImageObject\",\"inLanguage\":\"it-IT\",\"@id\":\"https:\\\/\\\/www.ilnotiziario.net\\\/wp\\\/#\\\/schema\\\/logo\\\/image\\\/\",\"url\":\"https:\\\/\\\/www.ilnotiziario.net\\\/wp\\\/wp-content\\\/uploads\\\/2022\\\/06\\\/170x170ilN.png\",\"contentUrl\":\"https:\\\/\\\/www.ilnotiziario.net\\\/wp\\\/wp-content\\\/uploads\\\/2022\\\/06\\\/170x170ilN.png\",\"width\":355,\"height\":355,\"caption\":\"Il Notiziario\"},\"image\":{\"@id\":\"https:\\\/\\\/www.ilnotiziario.net\\\/wp\\\/#\\\/schema\\\/logo\\\/image\\\/\"},\"sameAs\":[\"https:\\\/\\\/www.facebook.com\\\/ilnotiziarioind\\\/\",\"https:\\\/\\\/x.com\\\/ilNotiziarioInd\",\"https:\\\/\\\/www.instagram.com\\\/ilnotiziario_settimanale\\\/\"]},{\"@type\":\"Person\",\"@id\":\"https:\\\/\\\/www.ilnotiziario.net\\\/wp\\\/#\\\/schema\\\/person\\\/386e222908f898bb41c033989482bbf2\",\"name\":\"Gabriele Bassani\",\"image\":{\"@type\":\"ImageObject\",\"inLanguage\":\"it-IT\",\"@id\":\"https:\\\/\\\/secure.gravatar.com\\\/avatar\\\/09274f4a84fa97698bde56f84b3afed61c8492d48b0550db9671b68c177479cb?s=96&d=mm&r=g\",\"url\":\"https:\\\/\\\/secure.gravatar.com\\\/avatar\\\/09274f4a84fa97698bde56f84b3afed61c8492d48b0550db9671b68c177479cb?s=96&d=mm&r=g\",\"contentUrl\":\"https:\\\/\\\/secure.gravatar.com\\\/avatar\\\/09274f4a84fa97698bde56f84b3afed61c8492d48b0550db9671b68c177479cb?s=96&d=mm&r=g\",\"caption\":\"Gabriele Bassani\"},\"sameAs\":[\"http:\\\/\\\/www.ilnotiziario.net\"]}]}<\/script>\n<!-- \/ Yoast SEO plugin. -->","yoast_head_json":{"title":"Dal 1\u00b0 agosto il Malpensa Express coster\u00e0 di pi\u00f9: biglietto a 15 euro, ma resta tra i pi\u00f9 economici d\u2019Europa (quando funziona) - Il Notiziario","description":"A partire dal 1\u00b0 agosto 2025 viaggiare in treno da Milano a Malpensa sar\u00e0 un po\u2019 pi\u00f9 caro: il biglietto del Malpensa Express passer\u00e0 dagli attuali 13 a 15","robots":{"index":"index","follow":"follow","max-snippet":"max-snippet:-1","max-image-preview":"max-image-preview:large","max-video-preview":"max-video-preview:-1"},"canonical":"https:\/\/www.ilnotiziario.net\/wp\/prima-pagina\/dal-1-agosto-il-malpensa-express-costera-di-piu-biglietto-a-15-euro-ma-resta-tra-i-piu-economici-deuropa-quando-funziona\/","og_locale":"it_IT","og_type":"article","og_title":"Dal 1\u00b0 agosto il Malpensa Express coster\u00e0 di pi\u00f9: biglietto a 15 euro, ma resta tra i pi\u00f9 economici d\u2019Europa (quando funziona) - Il Notiziario","og_description":"A partire dal 1\u00b0 agosto 2025 viaggiare in treno da Milano a Malpensa sar\u00e0 un po\u2019 pi\u00f9 caro: il biglietto del Malpensa Express passer\u00e0 dagli attuali 13 a 15","og_url":"https:\/\/www.ilnotiziario.net\/wp\/prima-pagina\/dal-1-agosto-il-malpensa-express-costera-di-piu-biglietto-a-15-euro-ma-resta-tra-i-piu-economici-deuropa-quando-funziona\/","og_site_name":"Il Notiziario","article_publisher":"https:\/\/www.facebook.com\/ilnotiziarioind\/","article_published_time":"2025-07-11T08:51:36+00:00","og_image":[{"width":720,"height":480,"url":"https:\/\/www.ilnotiziario.net\/wp\/wp-content\/uploads\/2025\/02\/Malpensa-Express.jpg","type":"image\/jpeg"}],"author":"Gabriele Bassani","twitter_card":"summary_large_image","twitter_creator":"@ilNotiziarioInd","twitter_site":"@ilNotiziarioInd","twitter_misc":{"Scritto da":"Gabriele Bassani","Tempo di lettura stimato":"3 minuti"},"schema":{"@context":"https:\/\/schema.org","@graph":[{"@type":"Article","@id":"https:\/\/www.ilnotiziario.net\/wp\/prima-pagina\/dal-1-agosto-il-malpensa-express-costera-di-piu-biglietto-a-15-euro-ma-resta-tra-i-piu-economici-deuropa-quando-funziona\/#article","isPartOf":{"@id":"https:\/\/www.ilnotiziario.net\/wp\/prima-pagina\/dal-1-agosto-il-malpensa-express-costera-di-piu-biglietto-a-15-euro-ma-resta-tra-i-piu-economici-deuropa-quando-funziona\/"},"author":{"name":"Gabriele Bassani","@id":"https:\/\/www.ilnotiziario.net\/wp\/#\/schema\/person\/386e222908f898bb41c033989482bbf2"},"headline":"Dal 1\u00b0 agosto il Malpensa Express coster\u00e0 di pi\u00f9: biglietto a 15 euro, ma resta tra i pi\u00f9 economici d\u2019Europa (quando funziona)","datePublished":"2025-07-11T08:51:36+00:00","mainEntityOfPage":{"@id":"https:\/\/www.ilnotiziario.net\/wp\/prima-pagina\/dal-1-agosto-il-malpensa-express-costera-di-piu-biglietto-a-15-euro-ma-resta-tra-i-piu-economici-deuropa-quando-funziona\/"},"wordCount":370,"publisher":{"@id":"https:\/\/www.ilnotiziario.net\/wp\/#organization"},"image":{"@id":"https:\/\/www.ilnotiziario.net\/wp\/prima-pagina\/dal-1-agosto-il-malpensa-express-costera-di-piu-biglietto-a-15-euro-ma-resta-tra-i-piu-economici-deuropa-quando-funziona\/#primaryimage"},"thumbnailUrl":"https:\/\/www.ilnotiziario.net\/wp\/wp-content\/uploads\/2025\/02\/Malpensa-Express.jpg","keywords":["aumento","Biglietto","Malpensa Express","Saronno"],"articleSection":["Prima Pagina","SARONNO"],"inLanguage":"it-IT"},{"@type":"WebPage","@id":"https:\/\/www.ilnotiziario.net\/wp\/prima-pagina\/dal-1-agosto-il-malpensa-express-costera-di-piu-biglietto-a-15-euro-ma-resta-tra-i-piu-economici-deuropa-quando-funziona\/","url":"https:\/\/www.ilnotiziario.net\/wp\/prima-pagina\/dal-1-agosto-il-malpensa-express-costera-di-piu-biglietto-a-15-euro-ma-resta-tra-i-piu-economici-deuropa-quando-funziona\/","name":"Dal 1\u00b0 agosto il Malpensa Express coster\u00e0 di pi\u00f9: biglietto a 15 euro, ma resta tra i pi\u00f9 economici d\u2019Europa (quando funziona) - Il Notiziario","isPartOf":{"@id":"https:\/\/www.ilnotiziario.net\/wp\/#website"},"primaryImageOfPage":{"@id":"https:\/\/www.ilnotiziario.net\/wp\/prima-pagina\/dal-1-agosto-il-malpensa-express-costera-di-piu-biglietto-a-15-euro-ma-resta-tra-i-piu-economici-deuropa-quando-funziona\/#primaryimage"},"image":{"@id":"https:\/\/www.ilnotiziario.net\/wp\/prima-pagina\/dal-1-agosto-il-malpensa-express-costera-di-piu-biglietto-a-15-euro-ma-resta-tra-i-piu-economici-deuropa-quando-funziona\/#primaryimage"},"thumbnailUrl":"https:\/\/www.ilnotiziario.net\/wp\/wp-content\/uploads\/2025\/02\/Malpensa-Express.jpg","datePublished":"2025-07-11T08:51:36+00:00","description":"A partire dal 1\u00b0 agosto 2025 viaggiare in treno da Milano a Malpensa sar\u00e0 un po\u2019 pi\u00f9 caro: il biglietto del Malpensa Express passer\u00e0 dagli attuali 13 a 15","breadcrumb":{"@id":"https:\/\/www.ilnotiziario.net\/wp\/prima-pagina\/dal-1-agosto-il-malpensa-express-costera-di-piu-biglietto-a-15-euro-ma-resta-tra-i-piu-economici-deuropa-quando-funziona\/#breadcrumb"},"inLanguage":"it-IT","potentialAction":[{"@type":"ReadAction","target":["https:\/\/www.ilnotiziario.net\/wp\/prima-pagina\/dal-1-agosto-il-malpensa-express-costera-di-piu-biglietto-a-15-euro-ma-resta-tra-i-piu-economici-deuropa-quando-funziona\/"]}]},{"@type":"ImageObject","inLanguage":"it-IT","@id":"https:\/\/www.ilnotiziario.net\/wp\/prima-pagina\/dal-1-agosto-il-malpensa-express-costera-di-piu-biglietto-a-15-euro-ma-resta-tra-i-piu-economici-deuropa-quando-funziona\/#primaryimage","url":"https:\/\/www.ilnotiziario.net\/wp\/wp-content\/uploads\/2025\/02\/Malpensa-Express.jpg","contentUrl":"https:\/\/www.ilnotiziario.net\/wp\/wp-content\/uploads\/2025\/02\/Malpensa-Express.jpg","width":720,"height":480,"caption":"Malpensa Express"},{"@type":"BreadcrumbList","@id":"https:\/\/www.ilnotiziario.net\/wp\/prima-pagina\/dal-1-agosto-il-malpensa-express-costera-di-piu-biglietto-a-15-euro-ma-resta-tra-i-piu-economici-deuropa-quando-funziona\/#breadcrumb","itemListElement":[{"@type":"ListItem","position":1,"name":"tds_text_logo_tagline_colortds_text_logo_tagline_colortds_text_logo_tagline_colortds_text_logo_tagline_colortd_module_7_title_excerpttd_module_7_title_excerpttd_module_7_title_excerpttd_module_7_title_excerptHome","item":"https:\/\/www.ilnotiziario.net\/wp\/"},{"@type":"ListItem","position":2,"name":"Dal 1\u00b0 agosto il Malpensa Express coster\u00e0 di pi\u00f9: biglietto a 15 euro, ma resta tra i pi\u00f9 economici d\u2019Europa (quando funziona)"}]},{"@type":"WebSite","@id":"https:\/\/www.ilnotiziario.net\/wp\/#website","url":"https:\/\/www.ilnotiziario.net\/wp\/","name":"Il Notiziario","description":"Per restare sempre connessi alla notizia","publisher":{"@id":"https:\/\/www.ilnotiziario.net\/wp\/#organization"},"alternateName":"Il Notiziario Bollate","potentialAction":[{"@type":"SearchAction","target":{"@type":"EntryPoint","urlTemplate":"https:\/\/www.ilnotiziario.net\/wp\/?s={search_term_string}"},"query-input":{"@type":"PropertyValueSpecification","valueRequired":true,"valueName":"search_term_string"}}],"inLanguage":"it-IT"},{"@type":"Organization","@id":"https:\/\/www.ilnotiziario.net\/wp\/#organization","name":"Il Notiziario","url":"https:\/\/www.ilnotiziario.net\/wp\/","logo":{"@type":"ImageObject","inLanguage":"it-IT","@id":"https:\/\/www.ilnotiziario.net\/wp\/#\/schema\/logo\/image\/","url":"https:\/\/www.ilnotiziario.net\/wp\/wp-content\/uploads\/2022\/06\/170x170ilN.png","contentUrl":"https:\/\/www.ilnotiziario.net\/wp\/wp-content\/uploads\/2022\/06\/170x170ilN.png","width":355,"height":355,"caption":"Il Notiziario"},"image":{"@id":"https:\/\/www.ilnotiziario.net\/wp\/#\/schema\/logo\/image\/"},"sameAs":["https:\/\/www.facebook.com\/ilnotiziarioind\/","https:\/\/x.com\/ilNotiziarioInd","https:\/\/www.instagram.com\/ilnotiziario_settimanale\/"]},{"@type":"Person","@id":"https:\/\/www.ilnotiziario.net\/wp\/#\/schema\/person\/386e222908f898bb41c033989482bbf2","name":"Gabriele Bassani","image":{"@type":"ImageObject","inLanguage":"it-IT","@id":"https:\/\/secure.gravatar.com\/avatar\/09274f4a84fa97698bde56f84b3afed61c8492d48b0550db9671b68c177479cb?s=96&d=mm&r=g","url":"https:\/\/secure.gravatar.com\/avatar\/09274f4a84fa97698bde56f84b3afed61c8492d48b0550db9671b68c177479cb?s=96&d=mm&r=g","contentUrl":"https:\/\/secure.gravatar.com\/avatar\/09274f4a84fa97698bde56f84b3afed61c8492d48b0550db9671b68c177479cb?s=96&d=mm&r=g","caption":"Gabriele Bassani"},"sameAs":["http:\/\/www.ilnotiziario.net"]}]}},"_links":{"self":[{"href":"https:\/\/www.ilnotiziario.net\/wp\/wp-json\/wp\/v2\/posts\/207940","targetHints":{"allow":["GET"]}}],"collection":[{"href":"https:\/\/www.ilnotiziario.net\/wp\/wp-json\/wp\/v2\/posts"}],"about":[{"href":"https:\/\/www.ilnotiziario.net\/wp\/wp-json\/wp\/v2\/types\/post"}],"author":[{"embeddable":true,"href":"https:\/\/www.ilnotiziario.net\/wp\/wp-json\/wp\/v2\/users\/3"}],"replies":[{"embeddable":true,"href":"https:\/\/www.ilnotiziario.net\/wp\/wp-json\/wp\/v2\/comments?post=207940"}],"version-history":[{"count":0,"href":"https:\/\/www.ilnotiziario.net\/wp\/wp-json\/wp\/v2\/posts\/207940\/revisions"}],"wp:featuredmedia":[{"embeddable":true,"href":"https:\/\/www.ilnotiziario.net\/wp\/wp-json\/wp\/v2\/media\/203864"}],"wp:attachment":[{"href":"https:\/\/www.ilnotiziario.net\/wp\/wp-json\/wp\/v2\/media?parent=207940"}],"wp:term":[{"taxonomy":"category","embeddable":true,"href":"https:\/\/www.ilnotiziario.net\/wp\/wp-json\/wp\/v2\/categories?post=207940"},{"taxonomy":"post_tag","embeddable":true,"href":"https:\/\/www.ilnotiziario.net\/wp\/wp-json\/wp\/v2\/tags?post=207940"}],"curies":[{"name":"wp","href":"https:\/\/api.w.org\/{rel}","templated":true}]}}