{"id":208158,"date":"2025-07-19T08:40:40","date_gmt":"2025-07-19T06:40:40","guid":{"rendered":"https:\/\/www.ilnotiziario.net\/wp\/?p=208158"},"modified":"2025-07-19T08:59:04","modified_gmt":"2025-07-19T06:59:04","slug":"morto-nel-villoresi-a-garbagnate-chi-e-la-vittima-della-nuova-tragedia-nel-canale","status":"publish","type":"post","link":"https:\/\/www.ilnotiziario.net\/wp\/bollatese\/morto-nel-villoresi-a-garbagnate-chi-e-la-vittima-della-nuova-tragedia-nel-canale\/","title":{"rendered":"Morto nel Villoresi a Garbagnate, chi \u00e8 la vittima della nuova tragedia nel canale"},"content":{"rendered":"<p>Morto annegato nel Villoresi a Garbagnate, chi \u00e8 la vittima <a href=\"https:\/\/www.ilnotiziario.net\/wp\/prima-pagina\/ragazzo-di-18-anni-morto-nel-villoresi-a-garbagnate\/\"><strong>dell\u2019ennesima tragedia nelle acque del canale.<\/strong><\/a><\/p><div id=\"ilnot-4143446666\" class=\"ilnot-contenuto ilnot-entity-placement\"><p><!-- incontent_1 --><\/p>\n<div class=\"gptslot\" data-adunitid=\"1\"><\/div>\n<\/div>\n<p>Aveva solo 18 anni ed era il pi\u00f9 grande della compagnia che ieri sera si \u00e8 tuffata nel canale Villoresi per rinfrescarsi. Ma \u00e8 stato l\u2019unico a non tornare a galla.<\/p>\n<p>&nbsp;<\/p>\n<h2>Chi \u00e8 la vittima della tragedia nel Villoresi a Garbagnate<\/h2>\n<p>Era nato a Milano da genitori originari del Marocco il ragazzo di 18 anni che \u00e8 stato ripescato dai sommozzatori dei Vigili del fuoco ieri sera a Garbagnate.<\/p><div id=\"ilnot-936219148\" class=\"ilnot-contenuto_2 ilnot-entity-placement\"><div class=\"ads-wrapper\">\n<div class=\"ad-slot\">\n   <div id=\"ilnot-2177087035\" style=\"margin-right: auto;margin-left: auto;text-align: center;width: 320px;height: 100px;\"><a href=\"https:\/\/www.scuolasicurezza.it\/\"><img decoding=\"async\" src=\"https:\/\/www.ilnotiziario.net\/wp\/wp-content\/uploads\/2026\/04\/IlNotiziario_banner-sito-e-newsletter-320-x-100-px-1.gif\" alt=\"\"><\/a><\/div>\n  <\/div>\n<div class=\"ad-slot\">\n   <div id=\"ilnot-927748511\" style=\"margin-right: auto;margin-left: auto;text-align: center;width: 320px;height: 100px;\"><a href=\"https:\/\/purodesignarredamenti.com\/\"><img decoding=\"async\" src=\"https:\/\/www.ilnotiziario.net\/wp\/wp-content\/uploads\/2026\/04\/banner-puro-ok.gif\" alt=\"whatsapp\"><\/a><\/div><\/p><\/div>\n<\/div>\n<\/div>\n<p>Secondo quanto ricostruito finora il 18enne era in compagnia di altri tre amici, tutti minorenni, quando hanno deciso di fare un tuffo nel canale, probabilmente per divertirsi e per rinfrescarsi.<\/p>\n<p>Ad un certo i tre minorenni hanno notato l&#8217;amico era sott&#8217;acqua e non riemergeva pi\u00f9. Sono tornati a riva e hanno dato l&#8217;allarme.<\/p>\n<h2>Tempestivi i soccorsi con sommozzatori ed elicottero<\/h2>\n<p>Sul posto sono intervenuti tempestivamente i vigili del fuoco di Saronno, i sommozzatori di Milano, un\u2019ambulanza della Croce Viola di Cesate, un\u2019automedica e l\u2019elisoccorso. Il ragazzo \u00e8 stato ripescato e portato a riva privo di sensi e sono subito iniziate le manovre di rianimazione, proseguite durante il tragitto verso l\u2019ospedale di Garbagnate, dove purtroppo il giovane \u00e8 giunto ormai morto.<\/p><div id=\"ilnot-2193755616\" class=\"ilnot-contenuto_2-2 ilnot-entity-placement\"><div class=\"gptslot\" data-adunitid=\"2\"><\/div>\n<\/div>\n<p>Non \u00e8 la prima volta che si verificano tragedie di questo tipo nel canale Villoresi. Il 24 agosto 2016 a Busto Garolfo un ragazzino di 13 anni di origini romene si era tuffa nel canale da insieme ad amici. La corrente lo ha trascinato per quasi un chilometro e il suo corpo viene ritrovato senza vita dopo oltre un\u2019ora.<\/p>\n<p>Il 10 luglio 2022 a Parabiago un ragazzo italiano di 13 anni \u00e8 rimasto incastrato in una chiusa tra il Villoresi e un canale secondario. Nonostante il recupero da parte di passanti e soccorritori, \u00e8 morto in serata all\u2019ospedale.<\/p>\n","protected":false},"excerpt":{"rendered":"<p>Morto annegato nel Villoresi a Garbagnate, chi \u00e8 la vittima dell\u2019ennesima tragedia nelle acque del canale. Aveva solo 18 anni ed era il pi\u00f9 grande della compagnia che ieri sera si \u00e8 tuffata nel canale Villoresi per rinfrescarsi. Ma \u00e8 stato l\u2019unico a non tornare a galla. &nbsp; Chi \u00e8 la vittima della tragedia nel<\/p>\n","protected":false},"author":3,"featured_media":208164,"comment_status":"closed","ping_status":"closed","sticky":false,"template":"","format":"standard","meta":{"footnotes":""},"categories":[8,20],"tags":[43,45,358],"class_list":{"0":"post-208158","1":"post","2":"type-post","3":"status-publish","4":"format-standard","5":"has-post-thumbnail","7":"category-bollatese","8":"category-prima-pagina","9":"tag-garbagnate","10":"tag-morto","11":"tag-villoresi"},"yoast_head":"<!-- This site is optimized with the Yoast SEO plugin v27.4 - https:\/\/yoast.com\/product\/yoast-seo-wordpress\/ -->\n<title>Morto nel Villoresi a Garbagnate, chi \u00e8 la vittima della nuova tragedia nel canale - Il Notiziario<\/title>\n<meta name=\"description\" content=\"Morto annegato nel Villoresi a Garbagnate, chi \u00e8 la vittima dell\u2019ennesima tragedia nelle acque del canale. Aveva solo 18 anni ed era il pi\u00f9 grande della\" \/>\n<meta name=\"robots\" content=\"index, follow, max-snippet:-1, max-image-preview:large, max-video-preview:-1\" \/>\n<link rel=\"canonical\" href=\"https:\/\/www.ilnotiziario.net\/wp\/bollatese\/morto-nel-villoresi-a-garbagnate-chi-e-la-vittima-della-nuova-tragedia-nel-canale\/\" \/>\n<meta property=\"og:locale\" content=\"it_IT\" \/>\n<meta property=\"og:type\" content=\"article\" \/>\n<meta property=\"og:title\" content=\"Morto nel Villoresi a Garbagnate, chi \u00e8 la vittima della nuova tragedia nel canale - Il Notiziario\" \/>\n<meta property=\"og:description\" content=\"Morto annegato nel Villoresi a Garbagnate, chi \u00e8 la vittima dell\u2019ennesima tragedia nelle acque del canale. Aveva solo 18 anni ed era il pi\u00f9 grande della\" \/>\n<meta property=\"og:url\" content=\"https:\/\/www.ilnotiziario.net\/wp\/bollatese\/morto-nel-villoresi-a-garbagnate-chi-e-la-vittima-della-nuova-tragedia-nel-canale\/\" \/>\n<meta property=\"og:site_name\" content=\"Il Notiziario\" \/>\n<meta property=\"article:publisher\" content=\"https:\/\/www.facebook.com\/ilnotiziarioind\/\" \/>\n<meta property=\"article:published_time\" content=\"2025-07-19T06:40:40+00:00\" \/>\n<meta property=\"article:modified_time\" content=\"2025-07-19T06:59:04+00:00\" \/>\n<meta property=\"og:image\" content=\"https:\/\/www.ilnotiziario.net\/wp\/wp-content\/uploads\/2025\/07\/Garbagnate-Villoresi-Recupero.jpg\" \/>\n\t<meta property=\"og:image:width\" content=\"720\" \/>\n\t<meta property=\"og:image:height\" content=\"465\" \/>\n\t<meta property=\"og:image:type\" content=\"image\/jpeg\" \/>\n<meta name=\"author\" content=\"Gabriele Bassani\" \/>\n<meta name=\"twitter:card\" content=\"summary_large_image\" \/>\n<meta name=\"twitter:creator\" content=\"@ilNotiziarioInd\" \/>\n<meta name=\"twitter:site\" content=\"@ilNotiziarioInd\" \/>\n<meta name=\"twitter:label1\" content=\"Scritto da\" \/>\n\t<meta name=\"twitter:data1\" content=\"Gabriele Bassani\" \/>\n\t<meta name=\"twitter:label2\" content=\"Tempo di lettura stimato\" \/>\n\t<meta name=\"twitter:data2\" content=\"2 minuti\" \/>\n<script type=\"application\/ld+json\" class=\"yoast-schema-graph\">{\"@context\":\"https:\\\/\\\/schema.org\",\"@graph\":[{\"@type\":\"Article\",\"@id\":\"https:\\\/\\\/www.ilnotiziario.net\\\/wp\\\/bollatese\\\/morto-nel-villoresi-a-garbagnate-chi-e-la-vittima-della-nuova-tragedia-nel-canale\\\/#article\",\"isPartOf\":{\"@id\":\"https:\\\/\\\/www.ilnotiziario.net\\\/wp\\\/bollatese\\\/morto-nel-villoresi-a-garbagnate-chi-e-la-vittima-della-nuova-tragedia-nel-canale\\\/\"},\"author\":{\"name\":\"Gabriele Bassani\",\"@id\":\"https:\\\/\\\/www.ilnotiziario.net\\\/wp\\\/#\\\/schema\\\/person\\\/386e222908f898bb41c033989482bbf2\"},\"headline\":\"Morto nel Villoresi a Garbagnate, chi \u00e8 la vittima della nuova tragedia nel canale\",\"datePublished\":\"2025-07-19T06:40:40+00:00\",\"dateModified\":\"2025-07-19T06:59:04+00:00\",\"mainEntityOfPage\":{\"@id\":\"https:\\\/\\\/www.ilnotiziario.net\\\/wp\\\/bollatese\\\/morto-nel-villoresi-a-garbagnate-chi-e-la-vittima-della-nuova-tragedia-nel-canale\\\/\"},\"wordCount\":310,\"publisher\":{\"@id\":\"https:\\\/\\\/www.ilnotiziario.net\\\/wp\\\/#organization\"},\"image\":{\"@id\":\"https:\\\/\\\/www.ilnotiziario.net\\\/wp\\\/bollatese\\\/morto-nel-villoresi-a-garbagnate-chi-e-la-vittima-della-nuova-tragedia-nel-canale\\\/#primaryimage\"},\"thumbnailUrl\":\"https:\\\/\\\/www.ilnotiziario.net\\\/wp\\\/wp-content\\\/uploads\\\/2025\\\/07\\\/Garbagnate-Villoresi-Recupero.jpg\",\"keywords\":[\"Garbagnate\",\"morto\",\"Villoresi\"],\"articleSection\":[\"BOLLATESE\",\"Prima Pagina\"],\"inLanguage\":\"it-IT\"},{\"@type\":\"WebPage\",\"@id\":\"https:\\\/\\\/www.ilnotiziario.net\\\/wp\\\/bollatese\\\/morto-nel-villoresi-a-garbagnate-chi-e-la-vittima-della-nuova-tragedia-nel-canale\\\/\",\"url\":\"https:\\\/\\\/www.ilnotiziario.net\\\/wp\\\/bollatese\\\/morto-nel-villoresi-a-garbagnate-chi-e-la-vittima-della-nuova-tragedia-nel-canale\\\/\",\"name\":\"Morto nel Villoresi a Garbagnate, chi \u00e8 la vittima della nuova tragedia nel canale - Il Notiziario\",\"isPartOf\":{\"@id\":\"https:\\\/\\\/www.ilnotiziario.net\\\/wp\\\/#website\"},\"primaryImageOfPage\":{\"@id\":\"https:\\\/\\\/www.ilnotiziario.net\\\/wp\\\/bollatese\\\/morto-nel-villoresi-a-garbagnate-chi-e-la-vittima-della-nuova-tragedia-nel-canale\\\/#primaryimage\"},\"image\":{\"@id\":\"https:\\\/\\\/www.ilnotiziario.net\\\/wp\\\/bollatese\\\/morto-nel-villoresi-a-garbagnate-chi-e-la-vittima-della-nuova-tragedia-nel-canale\\\/#primaryimage\"},\"thumbnailUrl\":\"https:\\\/\\\/www.ilnotiziario.net\\\/wp\\\/wp-content\\\/uploads\\\/2025\\\/07\\\/Garbagnate-Villoresi-Recupero.jpg\",\"datePublished\":\"2025-07-19T06:40:40+00:00\",\"dateModified\":\"2025-07-19T06:59:04+00:00\",\"description\":\"Morto annegato nel Villoresi a Garbagnate, chi \u00e8 la vittima dell\u2019ennesima tragedia nelle acque del canale. Aveva solo 18 anni ed era il pi\u00f9 grande della\",\"breadcrumb\":{\"@id\":\"https:\\\/\\\/www.ilnotiziario.net\\\/wp\\\/bollatese\\\/morto-nel-villoresi-a-garbagnate-chi-e-la-vittima-della-nuova-tragedia-nel-canale\\\/#breadcrumb\"},\"inLanguage\":\"it-IT\",\"potentialAction\":[{\"@type\":\"ReadAction\",\"target\":[\"https:\\\/\\\/www.ilnotiziario.net\\\/wp\\\/bollatese\\\/morto-nel-villoresi-a-garbagnate-chi-e-la-vittima-della-nuova-tragedia-nel-canale\\\/\"]}]},{\"@type\":\"ImageObject\",\"inLanguage\":\"it-IT\",\"@id\":\"https:\\\/\\\/www.ilnotiziario.net\\\/wp\\\/bollatese\\\/morto-nel-villoresi-a-garbagnate-chi-e-la-vittima-della-nuova-tragedia-nel-canale\\\/#primaryimage\",\"url\":\"https:\\\/\\\/www.ilnotiziario.net\\\/wp\\\/wp-content\\\/uploads\\\/2025\\\/07\\\/Garbagnate-Villoresi-Recupero.jpg\",\"contentUrl\":\"https:\\\/\\\/www.ilnotiziario.net\\\/wp\\\/wp-content\\\/uploads\\\/2025\\\/07\\\/Garbagnate-Villoresi-Recupero.jpg\",\"width\":720,\"height\":465,\"caption\":\"Garbagnate Recupero Morto Villoresi\"},{\"@type\":\"BreadcrumbList\",\"@id\":\"https:\\\/\\\/www.ilnotiziario.net\\\/wp\\\/bollatese\\\/morto-nel-villoresi-a-garbagnate-chi-e-la-vittima-della-nuova-tragedia-nel-canale\\\/#breadcrumb\",\"itemListElement\":[{\"@type\":\"ListItem\",\"position\":1,\"name\":\"tds_text_logo_tagline_colortds_text_logo_tagline_colortds_text_logo_tagline_colortds_text_logo_tagline_colortd_module_7_title_excerpttd_module_7_title_excerpttd_module_7_title_excerpttd_module_7_title_excerptHome\",\"item\":\"https:\\\/\\\/www.ilnotiziario.net\\\/wp\\\/\"},{\"@type\":\"ListItem\",\"position\":2,\"name\":\"Morto nel Villoresi a Garbagnate, chi \u00e8 la vittima della nuova tragedia nel canale\"}]},{\"@type\":\"WebSite\",\"@id\":\"https:\\\/\\\/www.ilnotiziario.net\\\/wp\\\/#website\",\"url\":\"https:\\\/\\\/www.ilnotiziario.net\\\/wp\\\/\",\"name\":\"Il Notiziario\",\"description\":\"Per restare sempre connessi alla notizia\",\"publisher\":{\"@id\":\"https:\\\/\\\/www.ilnotiziario.net\\\/wp\\\/#organization\"},\"alternateName\":\"Il Notiziario Bollate\",\"potentialAction\":[{\"@type\":\"SearchAction\",\"target\":{\"@type\":\"EntryPoint\",\"urlTemplate\":\"https:\\\/\\\/www.ilnotiziario.net\\\/wp\\\/?s={search_term_string}\"},\"query-input\":{\"@type\":\"PropertyValueSpecification\",\"valueRequired\":true,\"valueName\":\"search_term_string\"}}],\"inLanguage\":\"it-IT\"},{\"@type\":\"Organization\",\"@id\":\"https:\\\/\\\/www.ilnotiziario.net\\\/wp\\\/#organization\",\"name\":\"Il Notiziario\",\"url\":\"https:\\\/\\\/www.ilnotiziario.net\\\/wp\\\/\",\"logo\":{\"@type\":\"ImageObject\",\"inLanguage\":\"it-IT\",\"@id\":\"https:\\\/\\\/www.ilnotiziario.net\\\/wp\\\/#\\\/schema\\\/logo\\\/image\\\/\",\"url\":\"https:\\\/\\\/www.ilnotiziario.net\\\/wp\\\/wp-content\\\/uploads\\\/2022\\\/06\\\/170x170ilN.png\",\"contentUrl\":\"https:\\\/\\\/www.ilnotiziario.net\\\/wp\\\/wp-content\\\/uploads\\\/2022\\\/06\\\/170x170ilN.png\",\"width\":355,\"height\":355,\"caption\":\"Il Notiziario\"},\"image\":{\"@id\":\"https:\\\/\\\/www.ilnotiziario.net\\\/wp\\\/#\\\/schema\\\/logo\\\/image\\\/\"},\"sameAs\":[\"https:\\\/\\\/www.facebook.com\\\/ilnotiziarioind\\\/\",\"https:\\\/\\\/x.com\\\/ilNotiziarioInd\",\"https:\\\/\\\/www.instagram.com\\\/ilnotiziario_settimanale\\\/\"]},{\"@type\":\"Person\",\"@id\":\"https:\\\/\\\/www.ilnotiziario.net\\\/wp\\\/#\\\/schema\\\/person\\\/386e222908f898bb41c033989482bbf2\",\"name\":\"Gabriele Bassani\",\"image\":{\"@type\":\"ImageObject\",\"inLanguage\":\"it-IT\",\"@id\":\"https:\\\/\\\/secure.gravatar.com\\\/avatar\\\/09274f4a84fa97698bde56f84b3afed61c8492d48b0550db9671b68c177479cb?s=96&d=mm&r=g\",\"url\":\"https:\\\/\\\/secure.gravatar.com\\\/avatar\\\/09274f4a84fa97698bde56f84b3afed61c8492d48b0550db9671b68c177479cb?s=96&d=mm&r=g\",\"contentUrl\":\"https:\\\/\\\/secure.gravatar.com\\\/avatar\\\/09274f4a84fa97698bde56f84b3afed61c8492d48b0550db9671b68c177479cb?s=96&d=mm&r=g\",\"caption\":\"Gabriele Bassani\"},\"sameAs\":[\"http:\\\/\\\/www.ilnotiziario.net\"]}]}<\/script>\n<!-- \/ Yoast SEO plugin. -->","yoast_head_json":{"title":"Morto nel Villoresi a Garbagnate, chi \u00e8 la vittima della nuova tragedia nel canale - Il Notiziario","description":"Morto annegato nel Villoresi a Garbagnate, chi \u00e8 la vittima dell\u2019ennesima tragedia nelle acque del canale. Aveva solo 18 anni ed era il pi\u00f9 grande della","robots":{"index":"index","follow":"follow","max-snippet":"max-snippet:-1","max-image-preview":"max-image-preview:large","max-video-preview":"max-video-preview:-1"},"canonical":"https:\/\/www.ilnotiziario.net\/wp\/bollatese\/morto-nel-villoresi-a-garbagnate-chi-e-la-vittima-della-nuova-tragedia-nel-canale\/","og_locale":"it_IT","og_type":"article","og_title":"Morto nel Villoresi a Garbagnate, chi \u00e8 la vittima della nuova tragedia nel canale - Il Notiziario","og_description":"Morto annegato nel Villoresi a Garbagnate, chi \u00e8 la vittima dell\u2019ennesima tragedia nelle acque del canale. Aveva solo 18 anni ed era il pi\u00f9 grande della","og_url":"https:\/\/www.ilnotiziario.net\/wp\/bollatese\/morto-nel-villoresi-a-garbagnate-chi-e-la-vittima-della-nuova-tragedia-nel-canale\/","og_site_name":"Il Notiziario","article_publisher":"https:\/\/www.facebook.com\/ilnotiziarioind\/","article_published_time":"2025-07-19T06:40:40+00:00","article_modified_time":"2025-07-19T06:59:04+00:00","og_image":[{"width":720,"height":465,"url":"https:\/\/www.ilnotiziario.net\/wp\/wp-content\/uploads\/2025\/07\/Garbagnate-Villoresi-Recupero.jpg","type":"image\/jpeg"}],"author":"Gabriele Bassani","twitter_card":"summary_large_image","twitter_creator":"@ilNotiziarioInd","twitter_site":"@ilNotiziarioInd","twitter_misc":{"Scritto da":"Gabriele Bassani","Tempo di lettura stimato":"2 minuti"},"schema":{"@context":"https:\/\/schema.org","@graph":[{"@type":"Article","@id":"https:\/\/www.ilnotiziario.net\/wp\/bollatese\/morto-nel-villoresi-a-garbagnate-chi-e-la-vittima-della-nuova-tragedia-nel-canale\/#article","isPartOf":{"@id":"https:\/\/www.ilnotiziario.net\/wp\/bollatese\/morto-nel-villoresi-a-garbagnate-chi-e-la-vittima-della-nuova-tragedia-nel-canale\/"},"author":{"name":"Gabriele Bassani","@id":"https:\/\/www.ilnotiziario.net\/wp\/#\/schema\/person\/386e222908f898bb41c033989482bbf2"},"headline":"Morto nel Villoresi a Garbagnate, chi \u00e8 la vittima della nuova tragedia nel canale","datePublished":"2025-07-19T06:40:40+00:00","dateModified":"2025-07-19T06:59:04+00:00","mainEntityOfPage":{"@id":"https:\/\/www.ilnotiziario.net\/wp\/bollatese\/morto-nel-villoresi-a-garbagnate-chi-e-la-vittima-della-nuova-tragedia-nel-canale\/"},"wordCount":310,"publisher":{"@id":"https:\/\/www.ilnotiziario.net\/wp\/#organization"},"image":{"@id":"https:\/\/www.ilnotiziario.net\/wp\/bollatese\/morto-nel-villoresi-a-garbagnate-chi-e-la-vittima-della-nuova-tragedia-nel-canale\/#primaryimage"},"thumbnailUrl":"https:\/\/www.ilnotiziario.net\/wp\/wp-content\/uploads\/2025\/07\/Garbagnate-Villoresi-Recupero.jpg","keywords":["Garbagnate","morto","Villoresi"],"articleSection":["BOLLATESE","Prima Pagina"],"inLanguage":"it-IT"},{"@type":"WebPage","@id":"https:\/\/www.ilnotiziario.net\/wp\/bollatese\/morto-nel-villoresi-a-garbagnate-chi-e-la-vittima-della-nuova-tragedia-nel-canale\/","url":"https:\/\/www.ilnotiziario.net\/wp\/bollatese\/morto-nel-villoresi-a-garbagnate-chi-e-la-vittima-della-nuova-tragedia-nel-canale\/","name":"Morto nel Villoresi a Garbagnate, chi \u00e8 la vittima della nuova tragedia nel canale - Il Notiziario","isPartOf":{"@id":"https:\/\/www.ilnotiziario.net\/wp\/#website"},"primaryImageOfPage":{"@id":"https:\/\/www.ilnotiziario.net\/wp\/bollatese\/morto-nel-villoresi-a-garbagnate-chi-e-la-vittima-della-nuova-tragedia-nel-canale\/#primaryimage"},"image":{"@id":"https:\/\/www.ilnotiziario.net\/wp\/bollatese\/morto-nel-villoresi-a-garbagnate-chi-e-la-vittima-della-nuova-tragedia-nel-canale\/#primaryimage"},"thumbnailUrl":"https:\/\/www.ilnotiziario.net\/wp\/wp-content\/uploads\/2025\/07\/Garbagnate-Villoresi-Recupero.jpg","datePublished":"2025-07-19T06:40:40+00:00","dateModified":"2025-07-19T06:59:04+00:00","description":"Morto annegato nel Villoresi a Garbagnate, chi \u00e8 la vittima dell\u2019ennesima tragedia nelle acque del canale. Aveva solo 18 anni ed era il pi\u00f9 grande della","breadcrumb":{"@id":"https:\/\/www.ilnotiziario.net\/wp\/bollatese\/morto-nel-villoresi-a-garbagnate-chi-e-la-vittima-della-nuova-tragedia-nel-canale\/#breadcrumb"},"inLanguage":"it-IT","potentialAction":[{"@type":"ReadAction","target":["https:\/\/www.ilnotiziario.net\/wp\/bollatese\/morto-nel-villoresi-a-garbagnate-chi-e-la-vittima-della-nuova-tragedia-nel-canale\/"]}]},{"@type":"ImageObject","inLanguage":"it-IT","@id":"https:\/\/www.ilnotiziario.net\/wp\/bollatese\/morto-nel-villoresi-a-garbagnate-chi-e-la-vittima-della-nuova-tragedia-nel-canale\/#primaryimage","url":"https:\/\/www.ilnotiziario.net\/wp\/wp-content\/uploads\/2025\/07\/Garbagnate-Villoresi-Recupero.jpg","contentUrl":"https:\/\/www.ilnotiziario.net\/wp\/wp-content\/uploads\/2025\/07\/Garbagnate-Villoresi-Recupero.jpg","width":720,"height":465,"caption":"Garbagnate Recupero Morto Villoresi"},{"@type":"BreadcrumbList","@id":"https:\/\/www.ilnotiziario.net\/wp\/bollatese\/morto-nel-villoresi-a-garbagnate-chi-e-la-vittima-della-nuova-tragedia-nel-canale\/#breadcrumb","itemListElement":[{"@type":"ListItem","position":1,"name":"tds_text_logo_tagline_colortds_text_logo_tagline_colortds_text_logo_tagline_colortds_text_logo_tagline_colortd_module_7_title_excerpttd_module_7_title_excerpttd_module_7_title_excerpttd_module_7_title_excerptHome","item":"https:\/\/www.ilnotiziario.net\/wp\/"},{"@type":"ListItem","position":2,"name":"Morto nel Villoresi a Garbagnate, chi \u00e8 la vittima della nuova tragedia nel canale"}]},{"@type":"WebSite","@id":"https:\/\/www.ilnotiziario.net\/wp\/#website","url":"https:\/\/www.ilnotiziario.net\/wp\/","name":"Il Notiziario","description":"Per restare sempre connessi alla notizia","publisher":{"@id":"https:\/\/www.ilnotiziario.net\/wp\/#organization"},"alternateName":"Il Notiziario Bollate","potentialAction":[{"@type":"SearchAction","target":{"@type":"EntryPoint","urlTemplate":"https:\/\/www.ilnotiziario.net\/wp\/?s={search_term_string}"},"query-input":{"@type":"PropertyValueSpecification","valueRequired":true,"valueName":"search_term_string"}}],"inLanguage":"it-IT"},{"@type":"Organization","@id":"https:\/\/www.ilnotiziario.net\/wp\/#organization","name":"Il Notiziario","url":"https:\/\/www.ilnotiziario.net\/wp\/","logo":{"@type":"ImageObject","inLanguage":"it-IT","@id":"https:\/\/www.ilnotiziario.net\/wp\/#\/schema\/logo\/image\/","url":"https:\/\/www.ilnotiziario.net\/wp\/wp-content\/uploads\/2022\/06\/170x170ilN.png","contentUrl":"https:\/\/www.ilnotiziario.net\/wp\/wp-content\/uploads\/2022\/06\/170x170ilN.png","width":355,"height":355,"caption":"Il Notiziario"},"image":{"@id":"https:\/\/www.ilnotiziario.net\/wp\/#\/schema\/logo\/image\/"},"sameAs":["https:\/\/www.facebook.com\/ilnotiziarioind\/","https:\/\/x.com\/ilNotiziarioInd","https:\/\/www.instagram.com\/ilnotiziario_settimanale\/"]},{"@type":"Person","@id":"https:\/\/www.ilnotiziario.net\/wp\/#\/schema\/person\/386e222908f898bb41c033989482bbf2","name":"Gabriele Bassani","image":{"@type":"ImageObject","inLanguage":"it-IT","@id":"https:\/\/secure.gravatar.com\/avatar\/09274f4a84fa97698bde56f84b3afed61c8492d48b0550db9671b68c177479cb?s=96&d=mm&r=g","url":"https:\/\/secure.gravatar.com\/avatar\/09274f4a84fa97698bde56f84b3afed61c8492d48b0550db9671b68c177479cb?s=96&d=mm&r=g","contentUrl":"https:\/\/secure.gravatar.com\/avatar\/09274f4a84fa97698bde56f84b3afed61c8492d48b0550db9671b68c177479cb?s=96&d=mm&r=g","caption":"Gabriele Bassani"},"sameAs":["http:\/\/www.ilnotiziario.net"]}]}},"_links":{"self":[{"href":"https:\/\/www.ilnotiziario.net\/wp\/wp-json\/wp\/v2\/posts\/208158","targetHints":{"allow":["GET"]}}],"collection":[{"href":"https:\/\/www.ilnotiziario.net\/wp\/wp-json\/wp\/v2\/posts"}],"about":[{"href":"https:\/\/www.ilnotiziario.net\/wp\/wp-json\/wp\/v2\/types\/post"}],"author":[{"embeddable":true,"href":"https:\/\/www.ilnotiziario.net\/wp\/wp-json\/wp\/v2\/users\/3"}],"replies":[{"embeddable":true,"href":"https:\/\/www.ilnotiziario.net\/wp\/wp-json\/wp\/v2\/comments?post=208158"}],"version-history":[{"count":0,"href":"https:\/\/www.ilnotiziario.net\/wp\/wp-json\/wp\/v2\/posts\/208158\/revisions"}],"wp:featuredmedia":[{"embeddable":true,"href":"https:\/\/www.ilnotiziario.net\/wp\/wp-json\/wp\/v2\/media\/208164"}],"wp:attachment":[{"href":"https:\/\/www.ilnotiziario.net\/wp\/wp-json\/wp\/v2\/media?parent=208158"}],"wp:term":[{"taxonomy":"category","embeddable":true,"href":"https:\/\/www.ilnotiziario.net\/wp\/wp-json\/wp\/v2\/categories?post=208158"},{"taxonomy":"post_tag","embeddable":true,"href":"https:\/\/www.ilnotiziario.net\/wp\/wp-json\/wp\/v2\/tags?post=208158"}],"curies":[{"name":"wp","href":"https:\/\/api.w.org\/{rel}","templated":true}]}}