{"id":208857,"date":"2025-08-18T11:37:29","date_gmt":"2025-08-18T09:37:29","guid":{"rendered":"https:\/\/www.ilnotiziario.net\/wp\/?p=208857"},"modified":"2025-08-18T18:23:07","modified_gmt":"2025-08-18T16:23:07","slug":"libri-da-portare-in-vacanza-i-consigli-dello-scrittore-di-caronno-federico-di-girolamo","status":"publish","type":"post","link":"https:\/\/www.ilnotiziario.net\/wp\/libri\/libri-da-portare-in-vacanza-i-consigli-dello-scrittore-di-caronno-federico-di-girolamo\/","title":{"rendered":"Libri da portare in vacanza, i consigli dello scrittore di Caronno Federico Di Girolamo"},"content":{"rendered":"<div class=\"elementToProof\">Federico Di Girolamo \u00e8 pugliese, ma da anni abita a Caronno Pertusella. Insegnante d&#8217;italiano alle scuole superiori,\u00a0 da sempre ama scrivere. Ha all\u2019attivo gi\u00e0 due libri: il primo, pubblicato con la casa editrice Porto Seguro <strong>\u201cCi vediamo in piazzetta\u201d<\/strong>, e il secondo un thriller ambientato a Milano dal titolo <strong>\u201cLa porta della verit\u00e0\u201d<\/strong>, dito da Scatole Parlanti. In occasione dell\u2019uscita del secondo romanzo, Federico \u00e8 stato invitato al Salone del Libro di Torino, offrendogli l\u2019opportunit\u00e0 di far conoscere il suo romanzo ai lettori che ogni anno invadono gli spazi del Lingotto.<\/div>\n<div><\/div>\n<div class=\"elementToProof\">\u201cHo impiegato circa due anni per scrivere questo libro \u2013 racconta l\u2019autore \u2013 l<strong>a ricerca mi ha portato via diverso tempo<\/strong>. Trattandosi di ricostruzione legate a fatti e personaggi realmente esistiti, ho voluto andare a fondo nel mio lavoro e questo mi ha impiegato diverso tempo\u201d. Il libro \u00e8 appunto un thriller-gotico e l\u2019incipit <strong>promette ore di suspence per i lettori<\/strong><\/div>\n<h2>Libri da portare in vacanza, i consigli dello scrittore di Caronno Federico Di Girolamo<\/h2>\n<div class=\"elementToProof\">Abbiamo chiesto a Federico Di Girolamo di consigliare ai nostri lettori qualche titolo da leggere durante le vacanze. Cominciamo con <strong>\u201cAtti osceni in luogo privato\u201d<\/strong>,\u00a0 scritto da Marco Massironi ed edito da Feltrinelli. Marco Massironi, gi\u00e0 vincitore del Premio Campiello Opera Prima, in questo romanzo racconta la storia del dodicenne Libero Marsell:\u00a0 \u201cLa famiglia si \u00e8 da poco trasferita a Parigi &#8211; si legge nella presentazione &#8211; La madre ha iniziato a tradire il padre. Questa \u00e8 la storia, raccontata in prima persona, di quel dodicenne che da allora si affaccia nel mondo guidato dalla luce cristallina del suo nome. Si muove come una sonda dentro la separazione dei genitori, dentro il grande teatro dell\u2019immaginazione onanistica, dentro il misterioso mondo degli adulti. Misura il fascino della madre, gli orizzonti sognatori del padre, il labirinto magico della citt\u00e0. Avverte prima con le antenne dell\u2019infanzia, poi con le urgenze della maturit\u00e0, il generoso e confidente mondo delle donne\u201d. Il secondo titolo consigliato \u00e8 <strong>\u201cLettere d\u2019amore\u201d,\u00a0<\/strong> di Cathleen Schine, edito da Adelphi.<\/div>\n<div><\/div>\n<div class=\"elementToProof\">Un libro scritto trent\u2019anni fa e ancora molto ricercato. Una bella libraia, un giovane commesso, una lettera misteriosa: una storia d\u2019amore che seduce subito per il suo humour e la sua acutezza. \u201c\u00c8 un libro che far\u00e0 innamorare i delusi, riempir\u00e0 di gioia chi oggi \u00e8 innamorato e consoler\u00e0 chi ha pene d\u2019amore\u201d, \u00e8 il commento del giornalista e scrittore Gianni Riotta.\u00a0\u00a0\u00a0 Federico Di Girolamo consiglia inoltre <strong>\u201cRossoamaro\u201d,\u00a0<\/strong> dello scrittore genovese Bruno Morchio, edito da Garzanti. Si tratta del sesto romanzo della serie che vede come protagonista l\u2019investigatore privato Bacci Pagano.<\/div>\n<div><\/div>\n<div class=\"elementToProof\">Un altro titolo consigliato \u00e8 <strong>\u201cUn altro mare\u201d,<\/strong> di Claudio Magris, edito da Garzanti, che racconta la storia di un amore per la vita che approda all&#8217;impossibilit\u00e0 di vivere: una parabola che si richiama all&#8217;odissea di altri grandi fuggiaschi della letteratura e della cultura moderna.<\/div>\n<div><\/div>\n<div class=\"elementToProof\">L\u2019ultimo titolo consigliato da Federico Di Girolamo \u00e8 scritto dal suo scrittore pi\u00f9 amato, ovvero Ernest Hemingway: \u00e8 il suo primo romanzo &#8220;<strong>Fiesta. (Il sole sorger\u00e0 ancora)\u201d<\/strong> ,edito da Oscar Mondadori e pubblicato a New York\u00a0nel 1926. Racconta le vicende di un gruppo di amici, americani e britannici, residenti a Parigi. Per l&#8217;estate hanno organizzato una vacanza in Spagna per pescare sui Pirenei\u00a0occidentali e per assistere alla festa di San Firmino\u00a0di Pamplona, nota per le sue corride.<\/div>\n<div><\/div>\n<div class=\"elementToProof\"><strong>Manuela Miceli<\/strong><\/div>\n","protected":false},"excerpt":{"rendered":"<p>Federico Di Girolamo \u00e8 pugliese, ma da anni abita a Caronno Pertusella. Insegnante d&#8217;italiano alle scuole superiori,\u00a0 da sempre ama scrivere. Ha all\u2019attivo gi\u00e0 due libri: il primo, pubblicato con la casa editrice Porto Seguro \u201cCi vediamo in piazzetta\u201d, e il secondo un thriller ambientato a Milano dal titolo \u201cLa porta della verit\u00e0\u201d, dito da<\/p>\n","protected":false},"author":6,"featured_media":208860,"comment_status":"closed","ping_status":"closed","sticky":false,"template":"","format":"standard","meta":{"footnotes":""},"categories":[12473],"tags":[4443,18034,3871,2492],"class_list":{"0":"post-208857","1":"post","2":"type-post","3":"status-publish","4":"format-standard","5":"has-post-thumbnail","7":"category-libri","8":"tag-consigli","9":"tag-federico-di-girolamo","10":"tag-libri","11":"tag-vacanza"},"yoast_head":"<!-- This site is optimized with the Yoast SEO plugin v27.4 - https:\/\/yoast.com\/product\/yoast-seo-wordpress\/ -->\n<title>Libri da portare in vacanza, i consigli dello scrittore di Caronno Federico Di Girolamo - Il Notiziario<\/title>\n<meta name=\"description\" content=\"Federico Di Girolamo \u00e8 pugliese, ma da anni abita a Caronno Pertusella. Insegnante d&#039;italiano alle scuole superiori,\u00a0 da sempre ama scrivere. Ha\" \/>\n<meta name=\"robots\" content=\"index, follow, max-snippet:-1, max-image-preview:large, max-video-preview:-1\" \/>\n<link rel=\"canonical\" href=\"https:\/\/www.ilnotiziario.net\/wp\/libri\/libri-da-portare-in-vacanza-i-consigli-dello-scrittore-di-caronno-federico-di-girolamo\/\" \/>\n<meta property=\"og:locale\" content=\"it_IT\" \/>\n<meta property=\"og:type\" content=\"article\" \/>\n<meta property=\"og:title\" content=\"Libri da portare in vacanza, i consigli dello scrittore di Caronno Federico Di Girolamo - Il Notiziario\" \/>\n<meta property=\"og:description\" content=\"Federico Di Girolamo \u00e8 pugliese, ma da anni abita a Caronno Pertusella. Insegnante d&#039;italiano alle scuole superiori,\u00a0 da sempre ama scrivere. Ha\" \/>\n<meta property=\"og:url\" content=\"https:\/\/www.ilnotiziario.net\/wp\/libri\/libri-da-portare-in-vacanza-i-consigli-dello-scrittore-di-caronno-federico-di-girolamo\/\" \/>\n<meta property=\"og:site_name\" content=\"Il Notiziario\" \/>\n<meta property=\"article:publisher\" content=\"https:\/\/www.facebook.com\/ilnotiziarioind\/\" \/>\n<meta property=\"article:published_time\" content=\"2025-08-18T09:37:29+00:00\" \/>\n<meta property=\"article:modified_time\" content=\"2025-08-18T16:23:07+00:00\" \/>\n<meta property=\"og:image\" content=\"https:\/\/www.ilnotiziario.net\/wp\/wp-content\/uploads\/2025\/08\/Federico-Di-Girolamo-1.jpg\" \/>\n\t<meta property=\"og:image:width\" content=\"1200\" \/>\n\t<meta property=\"og:image:height\" content=\"798\" \/>\n\t<meta property=\"og:image:type\" content=\"image\/jpeg\" \/>\n<meta name=\"author\" content=\"Stefano Di Maria\" \/>\n<meta name=\"twitter:card\" content=\"summary_large_image\" \/>\n<meta name=\"twitter:creator\" content=\"@ilNotiziarioInd\" \/>\n<meta name=\"twitter:site\" content=\"@ilNotiziarioInd\" \/>\n<meta name=\"twitter:label1\" content=\"Scritto da\" \/>\n\t<meta name=\"twitter:data1\" content=\"Stefano Di Maria\" \/>\n\t<meta name=\"twitter:label2\" content=\"Tempo di lettura stimato\" \/>\n\t<meta name=\"twitter:data2\" content=\"4 minuti\" \/>\n<script type=\"application\/ld+json\" class=\"yoast-schema-graph\">{\"@context\":\"https:\\\/\\\/schema.org\",\"@graph\":[{\"@type\":\"Article\",\"@id\":\"https:\\\/\\\/www.ilnotiziario.net\\\/wp\\\/libri\\\/libri-da-portare-in-vacanza-i-consigli-dello-scrittore-di-caronno-federico-di-girolamo\\\/#article\",\"isPartOf\":{\"@id\":\"https:\\\/\\\/www.ilnotiziario.net\\\/wp\\\/libri\\\/libri-da-portare-in-vacanza-i-consigli-dello-scrittore-di-caronno-federico-di-girolamo\\\/\"},\"author\":{\"name\":\"Stefano Di Maria\",\"@id\":\"https:\\\/\\\/www.ilnotiziario.net\\\/wp\\\/#\\\/schema\\\/person\\\/82fdd8795bbed42a4164047853b6efe7\"},\"headline\":\"Libri da portare in vacanza, i consigli dello scrittore di Caronno Federico Di Girolamo\",\"datePublished\":\"2025-08-18T09:37:29+00:00\",\"dateModified\":\"2025-08-18T16:23:07+00:00\",\"mainEntityOfPage\":{\"@id\":\"https:\\\/\\\/www.ilnotiziario.net\\\/wp\\\/libri\\\/libri-da-portare-in-vacanza-i-consigli-dello-scrittore-di-caronno-federico-di-girolamo\\\/\"},\"wordCount\":569,\"publisher\":{\"@id\":\"https:\\\/\\\/www.ilnotiziario.net\\\/wp\\\/#organization\"},\"image\":{\"@id\":\"https:\\\/\\\/www.ilnotiziario.net\\\/wp\\\/libri\\\/libri-da-portare-in-vacanza-i-consigli-dello-scrittore-di-caronno-federico-di-girolamo\\\/#primaryimage\"},\"thumbnailUrl\":\"https:\\\/\\\/www.ilnotiziario.net\\\/wp\\\/wp-content\\\/uploads\\\/2025\\\/08\\\/Federico-Di-Girolamo-1.jpg\",\"keywords\":[\"consigli\",\"Federico Di Girolamo\",\"libri\",\"vacanza\"],\"articleSection\":[\"LIBRI\"],\"inLanguage\":\"it-IT\"},{\"@type\":\"WebPage\",\"@id\":\"https:\\\/\\\/www.ilnotiziario.net\\\/wp\\\/libri\\\/libri-da-portare-in-vacanza-i-consigli-dello-scrittore-di-caronno-federico-di-girolamo\\\/\",\"url\":\"https:\\\/\\\/www.ilnotiziario.net\\\/wp\\\/libri\\\/libri-da-portare-in-vacanza-i-consigli-dello-scrittore-di-caronno-federico-di-girolamo\\\/\",\"name\":\"Libri da portare in vacanza, i consigli dello scrittore di Caronno Federico Di Girolamo - Il Notiziario\",\"isPartOf\":{\"@id\":\"https:\\\/\\\/www.ilnotiziario.net\\\/wp\\\/#website\"},\"primaryImageOfPage\":{\"@id\":\"https:\\\/\\\/www.ilnotiziario.net\\\/wp\\\/libri\\\/libri-da-portare-in-vacanza-i-consigli-dello-scrittore-di-caronno-federico-di-girolamo\\\/#primaryimage\"},\"image\":{\"@id\":\"https:\\\/\\\/www.ilnotiziario.net\\\/wp\\\/libri\\\/libri-da-portare-in-vacanza-i-consigli-dello-scrittore-di-caronno-federico-di-girolamo\\\/#primaryimage\"},\"thumbnailUrl\":\"https:\\\/\\\/www.ilnotiziario.net\\\/wp\\\/wp-content\\\/uploads\\\/2025\\\/08\\\/Federico-Di-Girolamo-1.jpg\",\"datePublished\":\"2025-08-18T09:37:29+00:00\",\"dateModified\":\"2025-08-18T16:23:07+00:00\",\"description\":\"Federico Di Girolamo \u00e8 pugliese, ma da anni abita a Caronno Pertusella. Insegnante d'italiano alle scuole superiori,\u00a0 da sempre ama scrivere. Ha\",\"breadcrumb\":{\"@id\":\"https:\\\/\\\/www.ilnotiziario.net\\\/wp\\\/libri\\\/libri-da-portare-in-vacanza-i-consigli-dello-scrittore-di-caronno-federico-di-girolamo\\\/#breadcrumb\"},\"inLanguage\":\"it-IT\",\"potentialAction\":[{\"@type\":\"ReadAction\",\"target\":[\"https:\\\/\\\/www.ilnotiziario.net\\\/wp\\\/libri\\\/libri-da-portare-in-vacanza-i-consigli-dello-scrittore-di-caronno-federico-di-girolamo\\\/\"]}]},{\"@type\":\"ImageObject\",\"inLanguage\":\"it-IT\",\"@id\":\"https:\\\/\\\/www.ilnotiziario.net\\\/wp\\\/libri\\\/libri-da-portare-in-vacanza-i-consigli-dello-scrittore-di-caronno-federico-di-girolamo\\\/#primaryimage\",\"url\":\"https:\\\/\\\/www.ilnotiziario.net\\\/wp\\\/wp-content\\\/uploads\\\/2025\\\/08\\\/Federico-Di-Girolamo-1.jpg\",\"contentUrl\":\"https:\\\/\\\/www.ilnotiziario.net\\\/wp\\\/wp-content\\\/uploads\\\/2025\\\/08\\\/Federico-Di-Girolamo-1.jpg\",\"width\":1200,\"height\":798},{\"@type\":\"BreadcrumbList\",\"@id\":\"https:\\\/\\\/www.ilnotiziario.net\\\/wp\\\/libri\\\/libri-da-portare-in-vacanza-i-consigli-dello-scrittore-di-caronno-federico-di-girolamo\\\/#breadcrumb\",\"itemListElement\":[{\"@type\":\"ListItem\",\"position\":1,\"name\":\"tds_text_logo_tagline_colortds_text_logo_tagline_colortds_text_logo_tagline_colortds_text_logo_tagline_colortd_module_7_title_excerpttd_module_7_title_excerpttd_module_7_title_excerpttd_module_7_title_excerptHome\",\"item\":\"https:\\\/\\\/www.ilnotiziario.net\\\/wp\\\/\"},{\"@type\":\"ListItem\",\"position\":2,\"name\":\"Libri da portare in vacanza, i consigli dello scrittore di Caronno Federico Di Girolamo\"}]},{\"@type\":\"WebSite\",\"@id\":\"https:\\\/\\\/www.ilnotiziario.net\\\/wp\\\/#website\",\"url\":\"https:\\\/\\\/www.ilnotiziario.net\\\/wp\\\/\",\"name\":\"Il Notiziario\",\"description\":\"Per restare sempre connessi alla notizia\",\"publisher\":{\"@id\":\"https:\\\/\\\/www.ilnotiziario.net\\\/wp\\\/#organization\"},\"alternateName\":\"Il Notiziario Bollate\",\"potentialAction\":[{\"@type\":\"SearchAction\",\"target\":{\"@type\":\"EntryPoint\",\"urlTemplate\":\"https:\\\/\\\/www.ilnotiziario.net\\\/wp\\\/?s={search_term_string}\"},\"query-input\":{\"@type\":\"PropertyValueSpecification\",\"valueRequired\":true,\"valueName\":\"search_term_string\"}}],\"inLanguage\":\"it-IT\"},{\"@type\":\"Organization\",\"@id\":\"https:\\\/\\\/www.ilnotiziario.net\\\/wp\\\/#organization\",\"name\":\"Il Notiziario\",\"url\":\"https:\\\/\\\/www.ilnotiziario.net\\\/wp\\\/\",\"logo\":{\"@type\":\"ImageObject\",\"inLanguage\":\"it-IT\",\"@id\":\"https:\\\/\\\/www.ilnotiziario.net\\\/wp\\\/#\\\/schema\\\/logo\\\/image\\\/\",\"url\":\"https:\\\/\\\/www.ilnotiziario.net\\\/wp\\\/wp-content\\\/uploads\\\/2022\\\/06\\\/170x170ilN.png\",\"contentUrl\":\"https:\\\/\\\/www.ilnotiziario.net\\\/wp\\\/wp-content\\\/uploads\\\/2022\\\/06\\\/170x170ilN.png\",\"width\":355,\"height\":355,\"caption\":\"Il Notiziario\"},\"image\":{\"@id\":\"https:\\\/\\\/www.ilnotiziario.net\\\/wp\\\/#\\\/schema\\\/logo\\\/image\\\/\"},\"sameAs\":[\"https:\\\/\\\/www.facebook.com\\\/ilnotiziarioind\\\/\",\"https:\\\/\\\/x.com\\\/ilNotiziarioInd\",\"https:\\\/\\\/www.instagram.com\\\/ilnotiziario_settimanale\\\/\"]},{\"@type\":\"Person\",\"@id\":\"https:\\\/\\\/www.ilnotiziario.net\\\/wp\\\/#\\\/schema\\\/person\\\/82fdd8795bbed42a4164047853b6efe7\",\"name\":\"Stefano Di Maria\",\"image\":{\"@type\":\"ImageObject\",\"inLanguage\":\"it-IT\",\"@id\":\"https:\\\/\\\/secure.gravatar.com\\\/avatar\\\/b3163d1e75da759bd0a681248e88a87d84bdd563fec9b060a3ae82742880745a?s=96&d=mm&r=g\",\"url\":\"https:\\\/\\\/secure.gravatar.com\\\/avatar\\\/b3163d1e75da759bd0a681248e88a87d84bdd563fec9b060a3ae82742880745a?s=96&d=mm&r=g\",\"contentUrl\":\"https:\\\/\\\/secure.gravatar.com\\\/avatar\\\/b3163d1e75da759bd0a681248e88a87d84bdd563fec9b060a3ae82742880745a?s=96&d=mm&r=g\",\"caption\":\"Stefano Di Maria\"},\"sameAs\":[\"http:\\\/\\\/www.ilnotiziario.net\"]}]}<\/script>\n<!-- \/ Yoast SEO plugin. -->","yoast_head_json":{"title":"Libri da portare in vacanza, i consigli dello scrittore di Caronno Federico Di Girolamo - Il Notiziario","description":"Federico Di Girolamo \u00e8 pugliese, ma da anni abita a Caronno Pertusella. Insegnante d'italiano alle scuole superiori,\u00a0 da sempre ama scrivere. Ha","robots":{"index":"index","follow":"follow","max-snippet":"max-snippet:-1","max-image-preview":"max-image-preview:large","max-video-preview":"max-video-preview:-1"},"canonical":"https:\/\/www.ilnotiziario.net\/wp\/libri\/libri-da-portare-in-vacanza-i-consigli-dello-scrittore-di-caronno-federico-di-girolamo\/","og_locale":"it_IT","og_type":"article","og_title":"Libri da portare in vacanza, i consigli dello scrittore di Caronno Federico Di Girolamo - Il Notiziario","og_description":"Federico Di Girolamo \u00e8 pugliese, ma da anni abita a Caronno Pertusella. Insegnante d'italiano alle scuole superiori,\u00a0 da sempre ama scrivere. Ha","og_url":"https:\/\/www.ilnotiziario.net\/wp\/libri\/libri-da-portare-in-vacanza-i-consigli-dello-scrittore-di-caronno-federico-di-girolamo\/","og_site_name":"Il Notiziario","article_publisher":"https:\/\/www.facebook.com\/ilnotiziarioind\/","article_published_time":"2025-08-18T09:37:29+00:00","article_modified_time":"2025-08-18T16:23:07+00:00","og_image":[{"width":1200,"height":798,"url":"https:\/\/www.ilnotiziario.net\/wp\/wp-content\/uploads\/2025\/08\/Federico-Di-Girolamo-1.jpg","type":"image\/jpeg"}],"author":"Stefano Di Maria","twitter_card":"summary_large_image","twitter_creator":"@ilNotiziarioInd","twitter_site":"@ilNotiziarioInd","twitter_misc":{"Scritto da":"Stefano Di Maria","Tempo di lettura stimato":"4 minuti"},"schema":{"@context":"https:\/\/schema.org","@graph":[{"@type":"Article","@id":"https:\/\/www.ilnotiziario.net\/wp\/libri\/libri-da-portare-in-vacanza-i-consigli-dello-scrittore-di-caronno-federico-di-girolamo\/#article","isPartOf":{"@id":"https:\/\/www.ilnotiziario.net\/wp\/libri\/libri-da-portare-in-vacanza-i-consigli-dello-scrittore-di-caronno-federico-di-girolamo\/"},"author":{"name":"Stefano Di Maria","@id":"https:\/\/www.ilnotiziario.net\/wp\/#\/schema\/person\/82fdd8795bbed42a4164047853b6efe7"},"headline":"Libri da portare in vacanza, i consigli dello scrittore di Caronno Federico Di Girolamo","datePublished":"2025-08-18T09:37:29+00:00","dateModified":"2025-08-18T16:23:07+00:00","mainEntityOfPage":{"@id":"https:\/\/www.ilnotiziario.net\/wp\/libri\/libri-da-portare-in-vacanza-i-consigli-dello-scrittore-di-caronno-federico-di-girolamo\/"},"wordCount":569,"publisher":{"@id":"https:\/\/www.ilnotiziario.net\/wp\/#organization"},"image":{"@id":"https:\/\/www.ilnotiziario.net\/wp\/libri\/libri-da-portare-in-vacanza-i-consigli-dello-scrittore-di-caronno-federico-di-girolamo\/#primaryimage"},"thumbnailUrl":"https:\/\/www.ilnotiziario.net\/wp\/wp-content\/uploads\/2025\/08\/Federico-Di-Girolamo-1.jpg","keywords":["consigli","Federico Di Girolamo","libri","vacanza"],"articleSection":["LIBRI"],"inLanguage":"it-IT"},{"@type":"WebPage","@id":"https:\/\/www.ilnotiziario.net\/wp\/libri\/libri-da-portare-in-vacanza-i-consigli-dello-scrittore-di-caronno-federico-di-girolamo\/","url":"https:\/\/www.ilnotiziario.net\/wp\/libri\/libri-da-portare-in-vacanza-i-consigli-dello-scrittore-di-caronno-federico-di-girolamo\/","name":"Libri da portare in vacanza, i consigli dello scrittore di Caronno Federico Di Girolamo - Il Notiziario","isPartOf":{"@id":"https:\/\/www.ilnotiziario.net\/wp\/#website"},"primaryImageOfPage":{"@id":"https:\/\/www.ilnotiziario.net\/wp\/libri\/libri-da-portare-in-vacanza-i-consigli-dello-scrittore-di-caronno-federico-di-girolamo\/#primaryimage"},"image":{"@id":"https:\/\/www.ilnotiziario.net\/wp\/libri\/libri-da-portare-in-vacanza-i-consigli-dello-scrittore-di-caronno-federico-di-girolamo\/#primaryimage"},"thumbnailUrl":"https:\/\/www.ilnotiziario.net\/wp\/wp-content\/uploads\/2025\/08\/Federico-Di-Girolamo-1.jpg","datePublished":"2025-08-18T09:37:29+00:00","dateModified":"2025-08-18T16:23:07+00:00","description":"Federico Di Girolamo \u00e8 pugliese, ma da anni abita a Caronno Pertusella. Insegnante d'italiano alle scuole superiori,\u00a0 da sempre ama scrivere. Ha","breadcrumb":{"@id":"https:\/\/www.ilnotiziario.net\/wp\/libri\/libri-da-portare-in-vacanza-i-consigli-dello-scrittore-di-caronno-federico-di-girolamo\/#breadcrumb"},"inLanguage":"it-IT","potentialAction":[{"@type":"ReadAction","target":["https:\/\/www.ilnotiziario.net\/wp\/libri\/libri-da-portare-in-vacanza-i-consigli-dello-scrittore-di-caronno-federico-di-girolamo\/"]}]},{"@type":"ImageObject","inLanguage":"it-IT","@id":"https:\/\/www.ilnotiziario.net\/wp\/libri\/libri-da-portare-in-vacanza-i-consigli-dello-scrittore-di-caronno-federico-di-girolamo\/#primaryimage","url":"https:\/\/www.ilnotiziario.net\/wp\/wp-content\/uploads\/2025\/08\/Federico-Di-Girolamo-1.jpg","contentUrl":"https:\/\/www.ilnotiziario.net\/wp\/wp-content\/uploads\/2025\/08\/Federico-Di-Girolamo-1.jpg","width":1200,"height":798},{"@type":"BreadcrumbList","@id":"https:\/\/www.ilnotiziario.net\/wp\/libri\/libri-da-portare-in-vacanza-i-consigli-dello-scrittore-di-caronno-federico-di-girolamo\/#breadcrumb","itemListElement":[{"@type":"ListItem","position":1,"name":"tds_text_logo_tagline_colortds_text_logo_tagline_colortds_text_logo_tagline_colortds_text_logo_tagline_colortd_module_7_title_excerpttd_module_7_title_excerpttd_module_7_title_excerpttd_module_7_title_excerptHome","item":"https:\/\/www.ilnotiziario.net\/wp\/"},{"@type":"ListItem","position":2,"name":"Libri da portare in vacanza, i consigli dello scrittore di Caronno Federico Di Girolamo"}]},{"@type":"WebSite","@id":"https:\/\/www.ilnotiziario.net\/wp\/#website","url":"https:\/\/www.ilnotiziario.net\/wp\/","name":"Il Notiziario","description":"Per restare sempre connessi alla notizia","publisher":{"@id":"https:\/\/www.ilnotiziario.net\/wp\/#organization"},"alternateName":"Il Notiziario Bollate","potentialAction":[{"@type":"SearchAction","target":{"@type":"EntryPoint","urlTemplate":"https:\/\/www.ilnotiziario.net\/wp\/?s={search_term_string}"},"query-input":{"@type":"PropertyValueSpecification","valueRequired":true,"valueName":"search_term_string"}}],"inLanguage":"it-IT"},{"@type":"Organization","@id":"https:\/\/www.ilnotiziario.net\/wp\/#organization","name":"Il Notiziario","url":"https:\/\/www.ilnotiziario.net\/wp\/","logo":{"@type":"ImageObject","inLanguage":"it-IT","@id":"https:\/\/www.ilnotiziario.net\/wp\/#\/schema\/logo\/image\/","url":"https:\/\/www.ilnotiziario.net\/wp\/wp-content\/uploads\/2022\/06\/170x170ilN.png","contentUrl":"https:\/\/www.ilnotiziario.net\/wp\/wp-content\/uploads\/2022\/06\/170x170ilN.png","width":355,"height":355,"caption":"Il Notiziario"},"image":{"@id":"https:\/\/www.ilnotiziario.net\/wp\/#\/schema\/logo\/image\/"},"sameAs":["https:\/\/www.facebook.com\/ilnotiziarioind\/","https:\/\/x.com\/ilNotiziarioInd","https:\/\/www.instagram.com\/ilnotiziario_settimanale\/"]},{"@type":"Person","@id":"https:\/\/www.ilnotiziario.net\/wp\/#\/schema\/person\/82fdd8795bbed42a4164047853b6efe7","name":"Stefano Di Maria","image":{"@type":"ImageObject","inLanguage":"it-IT","@id":"https:\/\/secure.gravatar.com\/avatar\/b3163d1e75da759bd0a681248e88a87d84bdd563fec9b060a3ae82742880745a?s=96&d=mm&r=g","url":"https:\/\/secure.gravatar.com\/avatar\/b3163d1e75da759bd0a681248e88a87d84bdd563fec9b060a3ae82742880745a?s=96&d=mm&r=g","contentUrl":"https:\/\/secure.gravatar.com\/avatar\/b3163d1e75da759bd0a681248e88a87d84bdd563fec9b060a3ae82742880745a?s=96&d=mm&r=g","caption":"Stefano Di Maria"},"sameAs":["http:\/\/www.ilnotiziario.net"]}]}},"_links":{"self":[{"href":"https:\/\/www.ilnotiziario.net\/wp\/wp-json\/wp\/v2\/posts\/208857","targetHints":{"allow":["GET"]}}],"collection":[{"href":"https:\/\/www.ilnotiziario.net\/wp\/wp-json\/wp\/v2\/posts"}],"about":[{"href":"https:\/\/www.ilnotiziario.net\/wp\/wp-json\/wp\/v2\/types\/post"}],"author":[{"embeddable":true,"href":"https:\/\/www.ilnotiziario.net\/wp\/wp-json\/wp\/v2\/users\/6"}],"replies":[{"embeddable":true,"href":"https:\/\/www.ilnotiziario.net\/wp\/wp-json\/wp\/v2\/comments?post=208857"}],"version-history":[{"count":0,"href":"https:\/\/www.ilnotiziario.net\/wp\/wp-json\/wp\/v2\/posts\/208857\/revisions"}],"wp:featuredmedia":[{"embeddable":true,"href":"https:\/\/www.ilnotiziario.net\/wp\/wp-json\/wp\/v2\/media\/208860"}],"wp:attachment":[{"href":"https:\/\/www.ilnotiziario.net\/wp\/wp-json\/wp\/v2\/media?parent=208857"}],"wp:term":[{"taxonomy":"category","embeddable":true,"href":"https:\/\/www.ilnotiziario.net\/wp\/wp-json\/wp\/v2\/categories?post=208857"},{"taxonomy":"post_tag","embeddable":true,"href":"https:\/\/www.ilnotiziario.net\/wp\/wp-json\/wp\/v2\/tags?post=208857"}],"curies":[{"name":"wp","href":"https:\/\/api.w.org\/{rel}","templated":true}]}}