{"id":208902,"date":"2025-08-20T08:14:09","date_gmt":"2025-08-20T06:14:09","guid":{"rendered":"https:\/\/www.ilnotiziario.net\/wp\/?p=208902"},"modified":"2025-08-20T08:14:09","modified_gmt":"2025-08-20T06:14:09","slug":"milano-notte-di-pioggia-e-allerta-arancione-occhi-puntati-su-seveso-lambro-e-olona","status":"publish","type":"post","link":"https:\/\/www.ilnotiziario.net\/wp\/prima-pagina\/milano-notte-di-pioggia-e-allerta-arancione-occhi-puntati-su-seveso-lambro-e-olona\/","title":{"rendered":"Milano, notte di pioggia e allerta arancione: occhi puntati su Seveso, Lambro e Olona"},"content":{"rendered":"<p>Pioggia su Milano nelle ultime ore: come annunciato dall\u2019allerta regionale arancione si sono avute le prime precipitazioni intense nella notte tra marted\u00ec 19 e mercoled\u00ec 20 agosto.<\/p><div id=\"ilnot-1868425022\" class=\"ilnot-contenuto ilnot-entity-placement\"><p><!-- incontent_1 --><\/p>\n<div class=\"gptslot\" data-adunitid=\"1\"><\/div>\n<\/div>\n<p>Le prime precipitazioni sono arrivate poco dopo la mezzanotte, trasformandosi rapidamente in piogge intense che hanno colpito Milano fino alle prime ore del mattino.<\/p>\n<h2>Meteo: piogge intense su Milano e provincia previste anche oggi<\/h2>\n<p>L\u2019assessore comunale di Milano alla Mobilit\u00e0 e all\u2019Ambiente Marco Granelli, attraverso i social, ha confermato che nel diluvio iniziato intorno alle 2 sono caduti quasi 50 millimetri di pioggia, con fenomeni simili anche a Monza.<\/p><div id=\"ilnot-2853533462\" class=\"ilnot-contenuto_2 ilnot-entity-placement\"><div class=\"ads-wrapper\">\n<div class=\"ad-slot\">\n   <div id=\"ilnot-535963039\" style=\"margin-right: auto;margin-left: auto;text-align: center;width: 320px;height: 100px;\"><a href=\"https:\/\/www.scuolasicurezza.it\/\"><img decoding=\"async\" src=\"https:\/\/www.ilnotiziario.net\/wp\/wp-content\/uploads\/2026\/04\/IlNotiziario_banner-sito-e-newsletter-320-x-100-px-1.gif\" alt=\"\"><\/a><\/div>\n  <\/div>\n<div class=\"ad-slot\">\n   <div id=\"ilnot-3351134399\" style=\"margin-right: auto;margin-left: auto;text-align: center;width: 320px;height: 100px;\"><a href=\"https:\/\/purodesignarredamenti.com\/\"><img decoding=\"async\" src=\"https:\/\/www.ilnotiziario.net\/wp\/wp-content\/uploads\/2026\/04\/banner-puro-ok.gif\" alt=\"whatsapp\"><\/a><\/div><\/p><\/div>\n<\/div>\n<\/div>\n<p>Temporali accompagnati da fulmini hanno segnato la notte di una citt\u00e0 semideserta per il periodo estivo, portando per\u00f2 anche un netto calo delle temperature.<\/p>\n<p>Nonostante una tregua nelle prime ore del mattino, l\u2019allerta resta alta soprattutto sul fronte idrogeologico. Particolare attenzione \u00e8 rivolta ai corsi d\u2019acqua. Il Lambro ha superato i 2,40 metri in via Feltre, rendendo necessaria l\u2019evacuazione della comunit\u00e0 Ceas, un provvedimento gi\u00e0 adottato in altre situazioni simili. A Ponte Lambro \u00e8 stata disposta la chiusura di via Vittorini, dove sono state attivate le paratie mobili. Meno critica, per ora, la situazione del Seveso, dove non \u00e8 stato necessario utilizzare la vasca di contenimento. Sorvegliato speciale anche l\u2019Olona, che resta considerato a rischio.<\/p>\n<h2>Chiuso il sottopasso al termine della Milano-Meda<\/h2>\n<p>All\u2019alba il sottopasso di via Rubicone al termine della Milano-Meda, \u00e8 stato temporaneamente chiuso per allagamento. L\u2019emergenza \u00e8 rientrata verso le 7,30.<\/p><div id=\"ilnot-2948722852\" class=\"ilnot-contenuto_2-2 ilnot-entity-placement\"><div class=\"gptslot\" data-adunitid=\"2\"><\/div>\n<\/div>\n<p>Secondo le previsioni, nelle prossime ore le precipitazioni potrebbero tornare a intensificarsi. Le autorit\u00e0 invitano i cittadini alla prudenza, in particolare nelle aree prossime ai fiumi e nei punti storicamente pi\u00f9 vulnerabili agli allagamenti.<\/p>\n","protected":false},"excerpt":{"rendered":"<p>Pioggia su Milano nelle ultime ore: come annunciato dall\u2019allerta regionale arancione si sono avute le prime precipitazioni intense nella notte tra marted\u00ec 19 e mercoled\u00ec 20 agosto. Le prime precipitazioni sono arrivate poco dopo la mezzanotte, trasformandosi rapidamente in piogge intense che hanno colpito Milano fino alle prime ore del mattino. Meteo: piogge intense su<\/p>\n","protected":false},"author":3,"featured_media":208903,"comment_status":"closed","ping_status":"closed","sticky":false,"template":"","format":"standard","meta":{"footnotes":""},"categories":[3464,20],"tags":[1898,2502,38,2181,2503],"class_list":{"0":"post-208902","1":"post","2":"type-post","3":"status-publish","4":"format-standard","5":"has-post-thumbnail","7":"category-lombardia","8":"category-prima-pagina","9":"tag-maltempo","10":"tag-meteo","11":"tag-milano","12":"tag-pioggia","13":"tag-temporali"},"yoast_head":"<!-- This site is optimized with the Yoast SEO plugin v27.4 - https:\/\/yoast.com\/product\/yoast-seo-wordpress\/ -->\n<title>Milano, notte di pioggia e allerta arancione: occhi puntati su Seveso, Lambro e Olona - Il Notiziario<\/title>\n<meta name=\"description\" content=\"Pioggia su Milano nelle ultime ore: come annunciato dall\u2019allerta regionale arancione si sono avute le prime precipitazioni intense nella notte tra marted\u00ec\" \/>\n<meta name=\"robots\" content=\"index, follow, max-snippet:-1, max-image-preview:large, max-video-preview:-1\" \/>\n<link rel=\"canonical\" href=\"https:\/\/www.ilnotiziario.net\/wp\/prima-pagina\/milano-notte-di-pioggia-e-allerta-arancione-occhi-puntati-su-seveso-lambro-e-olona\/\" \/>\n<meta property=\"og:locale\" content=\"it_IT\" \/>\n<meta property=\"og:type\" content=\"article\" \/>\n<meta property=\"og:title\" content=\"Milano, notte di pioggia e allerta arancione: occhi puntati su Seveso, Lambro e Olona - Il Notiziario\" \/>\n<meta property=\"og:description\" content=\"Pioggia su Milano nelle ultime ore: come annunciato dall\u2019allerta regionale arancione si sono avute le prime precipitazioni intense nella notte tra marted\u00ec\" \/>\n<meta property=\"og:url\" content=\"https:\/\/www.ilnotiziario.net\/wp\/prima-pagina\/milano-notte-di-pioggia-e-allerta-arancione-occhi-puntati-su-seveso-lambro-e-olona\/\" \/>\n<meta property=\"og:site_name\" content=\"Il Notiziario\" \/>\n<meta property=\"article:publisher\" content=\"https:\/\/www.facebook.com\/ilnotiziarioind\/\" \/>\n<meta property=\"article:published_time\" content=\"2025-08-20T06:14:09+00:00\" \/>\n<meta property=\"og:image\" content=\"https:\/\/www.ilnotiziario.net\/wp\/wp-content\/uploads\/2025\/08\/milano-pioggia.jpg\" \/>\n\t<meta property=\"og:image:width\" content=\"720\" \/>\n\t<meta property=\"og:image:height\" content=\"559\" \/>\n\t<meta property=\"og:image:type\" content=\"image\/jpeg\" \/>\n<meta name=\"author\" content=\"Gabriele Bassani\" \/>\n<meta name=\"twitter:card\" content=\"summary_large_image\" \/>\n<meta name=\"twitter:creator\" content=\"@ilNotiziarioInd\" \/>\n<meta name=\"twitter:site\" content=\"@ilNotiziarioInd\" \/>\n<meta name=\"twitter:label1\" content=\"Scritto da\" \/>\n\t<meta name=\"twitter:data1\" content=\"Gabriele Bassani\" \/>\n\t<meta name=\"twitter:label2\" content=\"Tempo di lettura stimato\" \/>\n\t<meta name=\"twitter:data2\" content=\"2 minuti\" \/>\n<script type=\"application\/ld+json\" class=\"yoast-schema-graph\">{\"@context\":\"https:\\\/\\\/schema.org\",\"@graph\":[{\"@type\":\"Article\",\"@id\":\"https:\\\/\\\/www.ilnotiziario.net\\\/wp\\\/prima-pagina\\\/milano-notte-di-pioggia-e-allerta-arancione-occhi-puntati-su-seveso-lambro-e-olona\\\/#article\",\"isPartOf\":{\"@id\":\"https:\\\/\\\/www.ilnotiziario.net\\\/wp\\\/prima-pagina\\\/milano-notte-di-pioggia-e-allerta-arancione-occhi-puntati-su-seveso-lambro-e-olona\\\/\"},\"author\":{\"name\":\"Gabriele Bassani\",\"@id\":\"https:\\\/\\\/www.ilnotiziario.net\\\/wp\\\/#\\\/schema\\\/person\\\/386e222908f898bb41c033989482bbf2\"},\"headline\":\"Milano, notte di pioggia e allerta arancione: occhi puntati su Seveso, Lambro e Olona\",\"datePublished\":\"2025-08-20T06:14:09+00:00\",\"mainEntityOfPage\":{\"@id\":\"https:\\\/\\\/www.ilnotiziario.net\\\/wp\\\/prima-pagina\\\/milano-notte-di-pioggia-e-allerta-arancione-occhi-puntati-su-seveso-lambro-e-olona\\\/\"},\"wordCount\":286,\"publisher\":{\"@id\":\"https:\\\/\\\/www.ilnotiziario.net\\\/wp\\\/#organization\"},\"image\":{\"@id\":\"https:\\\/\\\/www.ilnotiziario.net\\\/wp\\\/prima-pagina\\\/milano-notte-di-pioggia-e-allerta-arancione-occhi-puntati-su-seveso-lambro-e-olona\\\/#primaryimage\"},\"thumbnailUrl\":\"https:\\\/\\\/www.ilnotiziario.net\\\/wp\\\/wp-content\\\/uploads\\\/2025\\\/08\\\/milano-pioggia.jpg\",\"keywords\":[\"Maltempo\",\"Meteo\",\"Milano\",\"pioggia\",\"Temporali\"],\"articleSection\":[\"CRONACA\",\"Prima Pagina\"],\"inLanguage\":\"it-IT\"},{\"@type\":\"WebPage\",\"@id\":\"https:\\\/\\\/www.ilnotiziario.net\\\/wp\\\/prima-pagina\\\/milano-notte-di-pioggia-e-allerta-arancione-occhi-puntati-su-seveso-lambro-e-olona\\\/\",\"url\":\"https:\\\/\\\/www.ilnotiziario.net\\\/wp\\\/prima-pagina\\\/milano-notte-di-pioggia-e-allerta-arancione-occhi-puntati-su-seveso-lambro-e-olona\\\/\",\"name\":\"Milano, notte di pioggia e allerta arancione: occhi puntati su Seveso, Lambro e Olona - Il Notiziario\",\"isPartOf\":{\"@id\":\"https:\\\/\\\/www.ilnotiziario.net\\\/wp\\\/#website\"},\"primaryImageOfPage\":{\"@id\":\"https:\\\/\\\/www.ilnotiziario.net\\\/wp\\\/prima-pagina\\\/milano-notte-di-pioggia-e-allerta-arancione-occhi-puntati-su-seveso-lambro-e-olona\\\/#primaryimage\"},\"image\":{\"@id\":\"https:\\\/\\\/www.ilnotiziario.net\\\/wp\\\/prima-pagina\\\/milano-notte-di-pioggia-e-allerta-arancione-occhi-puntati-su-seveso-lambro-e-olona\\\/#primaryimage\"},\"thumbnailUrl\":\"https:\\\/\\\/www.ilnotiziario.net\\\/wp\\\/wp-content\\\/uploads\\\/2025\\\/08\\\/milano-pioggia.jpg\",\"datePublished\":\"2025-08-20T06:14:09+00:00\",\"description\":\"Pioggia su Milano nelle ultime ore: come annunciato dall\u2019allerta regionale arancione si sono avute le prime precipitazioni intense nella notte tra marted\u00ec\",\"breadcrumb\":{\"@id\":\"https:\\\/\\\/www.ilnotiziario.net\\\/wp\\\/prima-pagina\\\/milano-notte-di-pioggia-e-allerta-arancione-occhi-puntati-su-seveso-lambro-e-olona\\\/#breadcrumb\"},\"inLanguage\":\"it-IT\",\"potentialAction\":[{\"@type\":\"ReadAction\",\"target\":[\"https:\\\/\\\/www.ilnotiziario.net\\\/wp\\\/prima-pagina\\\/milano-notte-di-pioggia-e-allerta-arancione-occhi-puntati-su-seveso-lambro-e-olona\\\/\"]}]},{\"@type\":\"ImageObject\",\"inLanguage\":\"it-IT\",\"@id\":\"https:\\\/\\\/www.ilnotiziario.net\\\/wp\\\/prima-pagina\\\/milano-notte-di-pioggia-e-allerta-arancione-occhi-puntati-su-seveso-lambro-e-olona\\\/#primaryimage\",\"url\":\"https:\\\/\\\/www.ilnotiziario.net\\\/wp\\\/wp-content\\\/uploads\\\/2025\\\/08\\\/milano-pioggia.jpg\",\"contentUrl\":\"https:\\\/\\\/www.ilnotiziario.net\\\/wp\\\/wp-content\\\/uploads\\\/2025\\\/08\\\/milano-pioggia.jpg\",\"width\":720,\"height\":559,\"caption\":\"Milano pioggia\"},{\"@type\":\"BreadcrumbList\",\"@id\":\"https:\\\/\\\/www.ilnotiziario.net\\\/wp\\\/prima-pagina\\\/milano-notte-di-pioggia-e-allerta-arancione-occhi-puntati-su-seveso-lambro-e-olona\\\/#breadcrumb\",\"itemListElement\":[{\"@type\":\"ListItem\",\"position\":1,\"name\":\"tds_text_logo_tagline_colortds_text_logo_tagline_colortds_text_logo_tagline_colortds_text_logo_tagline_colortd_module_7_title_excerpttd_module_7_title_excerpttd_module_7_title_excerpttd_module_7_title_excerptHome\",\"item\":\"https:\\\/\\\/www.ilnotiziario.net\\\/wp\\\/\"},{\"@type\":\"ListItem\",\"position\":2,\"name\":\"Milano, notte di pioggia e allerta arancione: occhi puntati su Seveso, Lambro e Olona\"}]},{\"@type\":\"WebSite\",\"@id\":\"https:\\\/\\\/www.ilnotiziario.net\\\/wp\\\/#website\",\"url\":\"https:\\\/\\\/www.ilnotiziario.net\\\/wp\\\/\",\"name\":\"Il Notiziario\",\"description\":\"Per restare sempre connessi alla notizia\",\"publisher\":{\"@id\":\"https:\\\/\\\/www.ilnotiziario.net\\\/wp\\\/#organization\"},\"alternateName\":\"Il Notiziario Bollate\",\"potentialAction\":[{\"@type\":\"SearchAction\",\"target\":{\"@type\":\"EntryPoint\",\"urlTemplate\":\"https:\\\/\\\/www.ilnotiziario.net\\\/wp\\\/?s={search_term_string}\"},\"query-input\":{\"@type\":\"PropertyValueSpecification\",\"valueRequired\":true,\"valueName\":\"search_term_string\"}}],\"inLanguage\":\"it-IT\"},{\"@type\":\"Organization\",\"@id\":\"https:\\\/\\\/www.ilnotiziario.net\\\/wp\\\/#organization\",\"name\":\"Il Notiziario\",\"url\":\"https:\\\/\\\/www.ilnotiziario.net\\\/wp\\\/\",\"logo\":{\"@type\":\"ImageObject\",\"inLanguage\":\"it-IT\",\"@id\":\"https:\\\/\\\/www.ilnotiziario.net\\\/wp\\\/#\\\/schema\\\/logo\\\/image\\\/\",\"url\":\"https:\\\/\\\/www.ilnotiziario.net\\\/wp\\\/wp-content\\\/uploads\\\/2022\\\/06\\\/170x170ilN.png\",\"contentUrl\":\"https:\\\/\\\/www.ilnotiziario.net\\\/wp\\\/wp-content\\\/uploads\\\/2022\\\/06\\\/170x170ilN.png\",\"width\":355,\"height\":355,\"caption\":\"Il Notiziario\"},\"image\":{\"@id\":\"https:\\\/\\\/www.ilnotiziario.net\\\/wp\\\/#\\\/schema\\\/logo\\\/image\\\/\"},\"sameAs\":[\"https:\\\/\\\/www.facebook.com\\\/ilnotiziarioind\\\/\",\"https:\\\/\\\/x.com\\\/ilNotiziarioInd\",\"https:\\\/\\\/www.instagram.com\\\/ilnotiziario_settimanale\\\/\"]},{\"@type\":\"Person\",\"@id\":\"https:\\\/\\\/www.ilnotiziario.net\\\/wp\\\/#\\\/schema\\\/person\\\/386e222908f898bb41c033989482bbf2\",\"name\":\"Gabriele Bassani\",\"image\":{\"@type\":\"ImageObject\",\"inLanguage\":\"it-IT\",\"@id\":\"https:\\\/\\\/secure.gravatar.com\\\/avatar\\\/09274f4a84fa97698bde56f84b3afed61c8492d48b0550db9671b68c177479cb?s=96&d=mm&r=g\",\"url\":\"https:\\\/\\\/secure.gravatar.com\\\/avatar\\\/09274f4a84fa97698bde56f84b3afed61c8492d48b0550db9671b68c177479cb?s=96&d=mm&r=g\",\"contentUrl\":\"https:\\\/\\\/secure.gravatar.com\\\/avatar\\\/09274f4a84fa97698bde56f84b3afed61c8492d48b0550db9671b68c177479cb?s=96&d=mm&r=g\",\"caption\":\"Gabriele Bassani\"},\"sameAs\":[\"http:\\\/\\\/www.ilnotiziario.net\"]}]}<\/script>\n<!-- \/ Yoast SEO plugin. -->","yoast_head_json":{"title":"Milano, notte di pioggia e allerta arancione: occhi puntati su Seveso, Lambro e Olona - Il Notiziario","description":"Pioggia su Milano nelle ultime ore: come annunciato dall\u2019allerta regionale arancione si sono avute le prime precipitazioni intense nella notte tra marted\u00ec","robots":{"index":"index","follow":"follow","max-snippet":"max-snippet:-1","max-image-preview":"max-image-preview:large","max-video-preview":"max-video-preview:-1"},"canonical":"https:\/\/www.ilnotiziario.net\/wp\/prima-pagina\/milano-notte-di-pioggia-e-allerta-arancione-occhi-puntati-su-seveso-lambro-e-olona\/","og_locale":"it_IT","og_type":"article","og_title":"Milano, notte di pioggia e allerta arancione: occhi puntati su Seveso, Lambro e Olona - Il Notiziario","og_description":"Pioggia su Milano nelle ultime ore: come annunciato dall\u2019allerta regionale arancione si sono avute le prime precipitazioni intense nella notte tra marted\u00ec","og_url":"https:\/\/www.ilnotiziario.net\/wp\/prima-pagina\/milano-notte-di-pioggia-e-allerta-arancione-occhi-puntati-su-seveso-lambro-e-olona\/","og_site_name":"Il Notiziario","article_publisher":"https:\/\/www.facebook.com\/ilnotiziarioind\/","article_published_time":"2025-08-20T06:14:09+00:00","og_image":[{"width":720,"height":559,"url":"https:\/\/www.ilnotiziario.net\/wp\/wp-content\/uploads\/2025\/08\/milano-pioggia.jpg","type":"image\/jpeg"}],"author":"Gabriele Bassani","twitter_card":"summary_large_image","twitter_creator":"@ilNotiziarioInd","twitter_site":"@ilNotiziarioInd","twitter_misc":{"Scritto da":"Gabriele Bassani","Tempo di lettura stimato":"2 minuti"},"schema":{"@context":"https:\/\/schema.org","@graph":[{"@type":"Article","@id":"https:\/\/www.ilnotiziario.net\/wp\/prima-pagina\/milano-notte-di-pioggia-e-allerta-arancione-occhi-puntati-su-seveso-lambro-e-olona\/#article","isPartOf":{"@id":"https:\/\/www.ilnotiziario.net\/wp\/prima-pagina\/milano-notte-di-pioggia-e-allerta-arancione-occhi-puntati-su-seveso-lambro-e-olona\/"},"author":{"name":"Gabriele Bassani","@id":"https:\/\/www.ilnotiziario.net\/wp\/#\/schema\/person\/386e222908f898bb41c033989482bbf2"},"headline":"Milano, notte di pioggia e allerta arancione: occhi puntati su Seveso, Lambro e Olona","datePublished":"2025-08-20T06:14:09+00:00","mainEntityOfPage":{"@id":"https:\/\/www.ilnotiziario.net\/wp\/prima-pagina\/milano-notte-di-pioggia-e-allerta-arancione-occhi-puntati-su-seveso-lambro-e-olona\/"},"wordCount":286,"publisher":{"@id":"https:\/\/www.ilnotiziario.net\/wp\/#organization"},"image":{"@id":"https:\/\/www.ilnotiziario.net\/wp\/prima-pagina\/milano-notte-di-pioggia-e-allerta-arancione-occhi-puntati-su-seveso-lambro-e-olona\/#primaryimage"},"thumbnailUrl":"https:\/\/www.ilnotiziario.net\/wp\/wp-content\/uploads\/2025\/08\/milano-pioggia.jpg","keywords":["Maltempo","Meteo","Milano","pioggia","Temporali"],"articleSection":["CRONACA","Prima Pagina"],"inLanguage":"it-IT"},{"@type":"WebPage","@id":"https:\/\/www.ilnotiziario.net\/wp\/prima-pagina\/milano-notte-di-pioggia-e-allerta-arancione-occhi-puntati-su-seveso-lambro-e-olona\/","url":"https:\/\/www.ilnotiziario.net\/wp\/prima-pagina\/milano-notte-di-pioggia-e-allerta-arancione-occhi-puntati-su-seveso-lambro-e-olona\/","name":"Milano, notte di pioggia e allerta arancione: occhi puntati su Seveso, Lambro e Olona - Il Notiziario","isPartOf":{"@id":"https:\/\/www.ilnotiziario.net\/wp\/#website"},"primaryImageOfPage":{"@id":"https:\/\/www.ilnotiziario.net\/wp\/prima-pagina\/milano-notte-di-pioggia-e-allerta-arancione-occhi-puntati-su-seveso-lambro-e-olona\/#primaryimage"},"image":{"@id":"https:\/\/www.ilnotiziario.net\/wp\/prima-pagina\/milano-notte-di-pioggia-e-allerta-arancione-occhi-puntati-su-seveso-lambro-e-olona\/#primaryimage"},"thumbnailUrl":"https:\/\/www.ilnotiziario.net\/wp\/wp-content\/uploads\/2025\/08\/milano-pioggia.jpg","datePublished":"2025-08-20T06:14:09+00:00","description":"Pioggia su Milano nelle ultime ore: come annunciato dall\u2019allerta regionale arancione si sono avute le prime precipitazioni intense nella notte tra marted\u00ec","breadcrumb":{"@id":"https:\/\/www.ilnotiziario.net\/wp\/prima-pagina\/milano-notte-di-pioggia-e-allerta-arancione-occhi-puntati-su-seveso-lambro-e-olona\/#breadcrumb"},"inLanguage":"it-IT","potentialAction":[{"@type":"ReadAction","target":["https:\/\/www.ilnotiziario.net\/wp\/prima-pagina\/milano-notte-di-pioggia-e-allerta-arancione-occhi-puntati-su-seveso-lambro-e-olona\/"]}]},{"@type":"ImageObject","inLanguage":"it-IT","@id":"https:\/\/www.ilnotiziario.net\/wp\/prima-pagina\/milano-notte-di-pioggia-e-allerta-arancione-occhi-puntati-su-seveso-lambro-e-olona\/#primaryimage","url":"https:\/\/www.ilnotiziario.net\/wp\/wp-content\/uploads\/2025\/08\/milano-pioggia.jpg","contentUrl":"https:\/\/www.ilnotiziario.net\/wp\/wp-content\/uploads\/2025\/08\/milano-pioggia.jpg","width":720,"height":559,"caption":"Milano pioggia"},{"@type":"BreadcrumbList","@id":"https:\/\/www.ilnotiziario.net\/wp\/prima-pagina\/milano-notte-di-pioggia-e-allerta-arancione-occhi-puntati-su-seveso-lambro-e-olona\/#breadcrumb","itemListElement":[{"@type":"ListItem","position":1,"name":"tds_text_logo_tagline_colortds_text_logo_tagline_colortds_text_logo_tagline_colortds_text_logo_tagline_colortd_module_7_title_excerpttd_module_7_title_excerpttd_module_7_title_excerpttd_module_7_title_excerptHome","item":"https:\/\/www.ilnotiziario.net\/wp\/"},{"@type":"ListItem","position":2,"name":"Milano, notte di pioggia e allerta arancione: occhi puntati su Seveso, Lambro e Olona"}]},{"@type":"WebSite","@id":"https:\/\/www.ilnotiziario.net\/wp\/#website","url":"https:\/\/www.ilnotiziario.net\/wp\/","name":"Il Notiziario","description":"Per restare sempre connessi alla notizia","publisher":{"@id":"https:\/\/www.ilnotiziario.net\/wp\/#organization"},"alternateName":"Il Notiziario Bollate","potentialAction":[{"@type":"SearchAction","target":{"@type":"EntryPoint","urlTemplate":"https:\/\/www.ilnotiziario.net\/wp\/?s={search_term_string}"},"query-input":{"@type":"PropertyValueSpecification","valueRequired":true,"valueName":"search_term_string"}}],"inLanguage":"it-IT"},{"@type":"Organization","@id":"https:\/\/www.ilnotiziario.net\/wp\/#organization","name":"Il Notiziario","url":"https:\/\/www.ilnotiziario.net\/wp\/","logo":{"@type":"ImageObject","inLanguage":"it-IT","@id":"https:\/\/www.ilnotiziario.net\/wp\/#\/schema\/logo\/image\/","url":"https:\/\/www.ilnotiziario.net\/wp\/wp-content\/uploads\/2022\/06\/170x170ilN.png","contentUrl":"https:\/\/www.ilnotiziario.net\/wp\/wp-content\/uploads\/2022\/06\/170x170ilN.png","width":355,"height":355,"caption":"Il Notiziario"},"image":{"@id":"https:\/\/www.ilnotiziario.net\/wp\/#\/schema\/logo\/image\/"},"sameAs":["https:\/\/www.facebook.com\/ilnotiziarioind\/","https:\/\/x.com\/ilNotiziarioInd","https:\/\/www.instagram.com\/ilnotiziario_settimanale\/"]},{"@type":"Person","@id":"https:\/\/www.ilnotiziario.net\/wp\/#\/schema\/person\/386e222908f898bb41c033989482bbf2","name":"Gabriele Bassani","image":{"@type":"ImageObject","inLanguage":"it-IT","@id":"https:\/\/secure.gravatar.com\/avatar\/09274f4a84fa97698bde56f84b3afed61c8492d48b0550db9671b68c177479cb?s=96&d=mm&r=g","url":"https:\/\/secure.gravatar.com\/avatar\/09274f4a84fa97698bde56f84b3afed61c8492d48b0550db9671b68c177479cb?s=96&d=mm&r=g","contentUrl":"https:\/\/secure.gravatar.com\/avatar\/09274f4a84fa97698bde56f84b3afed61c8492d48b0550db9671b68c177479cb?s=96&d=mm&r=g","caption":"Gabriele Bassani"},"sameAs":["http:\/\/www.ilnotiziario.net"]}]}},"_links":{"self":[{"href":"https:\/\/www.ilnotiziario.net\/wp\/wp-json\/wp\/v2\/posts\/208902","targetHints":{"allow":["GET"]}}],"collection":[{"href":"https:\/\/www.ilnotiziario.net\/wp\/wp-json\/wp\/v2\/posts"}],"about":[{"href":"https:\/\/www.ilnotiziario.net\/wp\/wp-json\/wp\/v2\/types\/post"}],"author":[{"embeddable":true,"href":"https:\/\/www.ilnotiziario.net\/wp\/wp-json\/wp\/v2\/users\/3"}],"replies":[{"embeddable":true,"href":"https:\/\/www.ilnotiziario.net\/wp\/wp-json\/wp\/v2\/comments?post=208902"}],"version-history":[{"count":0,"href":"https:\/\/www.ilnotiziario.net\/wp\/wp-json\/wp\/v2\/posts\/208902\/revisions"}],"wp:featuredmedia":[{"embeddable":true,"href":"https:\/\/www.ilnotiziario.net\/wp\/wp-json\/wp\/v2\/media\/208903"}],"wp:attachment":[{"href":"https:\/\/www.ilnotiziario.net\/wp\/wp-json\/wp\/v2\/media?parent=208902"}],"wp:term":[{"taxonomy":"category","embeddable":true,"href":"https:\/\/www.ilnotiziario.net\/wp\/wp-json\/wp\/v2\/categories?post=208902"},{"taxonomy":"post_tag","embeddable":true,"href":"https:\/\/www.ilnotiziario.net\/wp\/wp-json\/wp\/v2\/tags?post=208902"}],"curies":[{"name":"wp","href":"https:\/\/api.w.org\/{rel}","templated":true}]}}