{"id":209033,"date":"2025-08-27T16:34:03","date_gmt":"2025-08-27T14:34:03","guid":{"rendered":"https:\/\/www.ilnotiziario.net\/wp\/?p=209033"},"modified":"2025-08-27T16:48:04","modified_gmt":"2025-08-27T14:48:04","slug":"meteo-temporali-e-forti-piogge-in-arrivo-allerta-arancione-per-rischio-idrogeologico-della-protezione-civile","status":"publish","type":"post","link":"https:\/\/www.ilnotiziario.net\/wp\/lombardia\/meteo-temporali-e-forti-piogge-in-arrivo-allerta-arancione-per-rischio-idrogeologico-della-protezione-civile\/","title":{"rendered":"Meteo: temporali e forti piogge in arrivo, allerta arancione per rischio idrogeologico della Protezione Civile"},"content":{"rendered":"<p>La Protezione Civile Regionale ha emesso un\u2019allerta gialla per temporali e rischio idraulico e arancione per rischio idrogeologico dalla mezzanotte di oggi fino a prossimo aggiornamento.<\/p><div id=\"ilnot-4249755901\" class=\"ilnot-contenuto ilnot-entity-placement\"><p><!-- incontent_1 --><\/p>\n<div class=\"gptslot\" data-adunitid=\"1\"><\/div>\n<\/div>\n<p>Per queste le ultime ore di mercoled\u00ec 27 agosto\u00a0 sono attesi rovesci o temporali isolati sui settori occidentali della regione, pi\u00f9 diffusi da met\u00e0 pomeriggio ed in intensificazione sui settori di Nord-Ovest della Lombardia con precipitazioni localmente intense, persistenti nella notte.<\/p>\n<p>Per gioved\u00ec 28 agosto, sono\u00a0 previste precipitazioni forti e diffuse su Alpi e Prealpi gi\u00e0 dalla notte, in particolare al confine Nord-occidentale della regione e, pi\u00f9 sparse ed intermittenti, anche alla Pianura Occidentale.<\/p><div id=\"ilnot-3610887285\" class=\"ilnot-contenuto_2 ilnot-entity-placement\"><div class=\"ads-wrapper\">\n<div class=\"ad-slot\">\n   <div id=\"ilnot-2553551399\" style=\"margin-right: auto;margin-left: auto;text-align: center;width: 320px;height: 100px;\"><a href=\"https:\/\/www.scuolasicurezza.it\/\"><img decoding=\"async\" src=\"https:\/\/www.ilnotiziario.net\/wp\/wp-content\/uploads\/2026\/04\/IlNotiziario_banner-sito-e-newsletter-320-x-100-px-1.gif\" alt=\"\"><\/a><\/div>\n  <\/div>\n<div class=\"ad-slot\">\n   <div id=\"ilnot-1730471716\" style=\"margin-right: auto;margin-left: auto;text-align: center;width: 320px;height: 100px;\"><a href=\"https:\/\/purodesignarredamenti.com\/\"><img decoding=\"async\" src=\"https:\/\/www.ilnotiziario.net\/wp\/wp-content\/uploads\/2026\/04\/banner-puro-ok.gif\" alt=\"whatsapp\"><\/a><\/div><\/p><\/div>\n<\/div>\n<\/div>\n<h2>Meteo: forti piogge nella zona di Milano<\/h2>\n<p>Da met\u00e0 giornata aumenter\u00e0 la probabilit\u00e0 di rinforzo a carattere temporalesco delle precipitazioni, inizialmente sui settori occidentali della regione.<br \/>\nComplessivamente sono previste precipitazioni areali tra tra 40 e 70 mm\/24h sulle aree del Nodo idraulico di Milano.<\/p>\n","protected":false},"excerpt":{"rendered":"<p>La Protezione Civile Regionale ha emesso un\u2019allerta gialla per temporali e rischio idraulico e arancione per rischio idrogeologico dalla mezzanotte di oggi fino a prossimo aggiornamento. Per queste le ultime ore di mercoled\u00ec 27 agosto\u00a0 sono attesi rovesci o temporali isolati sui settori occidentali della regione, pi\u00f9 diffusi da met\u00e0 pomeriggio ed in intensificazione sui<\/p>\n","protected":false},"author":3,"featured_media":209034,"comment_status":"closed","ping_status":"closed","sticky":false,"template":"","format":"standard","meta":{"footnotes":""},"categories":[3464,20],"tags":[5408,2502,38,5010,2503],"class_list":{"0":"post-209033","1":"post","2":"type-post","3":"status-publish","4":"format-standard","5":"has-post-thumbnail","7":"category-lombardia","8":"category-prima-pagina","9":"tag-allerta","10":"tag-meteo","11":"tag-milano","12":"tag-piogge","13":"tag-temporali"},"yoast_head":"<!-- This site is optimized with the Yoast SEO plugin v27.4 - https:\/\/yoast.com\/product\/yoast-seo-wordpress\/ -->\n<title>Meteo: temporali e forti piogge in arrivo, allerta arancione per rischio idrogeologico della Protezione Civile - Il Notiziario<\/title>\n<meta name=\"description\" content=\"La Protezione Civile Regionale ha emesso un\u2019allerta gialla per temporali e rischio idraulico e arancione per rischio idrogeologico dalla mezzanotte di\" \/>\n<meta name=\"robots\" content=\"index, follow, max-snippet:-1, max-image-preview:large, max-video-preview:-1\" \/>\n<link rel=\"canonical\" href=\"https:\/\/www.ilnotiziario.net\/wp\/lombardia\/meteo-temporali-e-forti-piogge-in-arrivo-allerta-arancione-per-rischio-idrogeologico-della-protezione-civile\/\" \/>\n<meta property=\"og:locale\" content=\"it_IT\" \/>\n<meta property=\"og:type\" content=\"article\" \/>\n<meta property=\"og:title\" content=\"Meteo: temporali e forti piogge in arrivo, allerta arancione per rischio idrogeologico della Protezione Civile - Il Notiziario\" \/>\n<meta property=\"og:description\" content=\"La Protezione Civile Regionale ha emesso un\u2019allerta gialla per temporali e rischio idraulico e arancione per rischio idrogeologico dalla mezzanotte di\" \/>\n<meta property=\"og:url\" content=\"https:\/\/www.ilnotiziario.net\/wp\/lombardia\/meteo-temporali-e-forti-piogge-in-arrivo-allerta-arancione-per-rischio-idrogeologico-della-protezione-civile\/\" \/>\n<meta property=\"og:site_name\" content=\"Il Notiziario\" \/>\n<meta property=\"article:publisher\" content=\"https:\/\/www.facebook.com\/ilnotiziarioind\/\" \/>\n<meta property=\"article:published_time\" content=\"2025-08-27T14:34:03+00:00\" \/>\n<meta property=\"article:modified_time\" content=\"2025-08-27T14:48:04+00:00\" \/>\n<meta property=\"og:image\" content=\"https:\/\/www.ilnotiziario.net\/wp\/wp-content\/uploads\/2025\/08\/pioggia-asfalto.jpg\" \/>\n\t<meta property=\"og:image:width\" content=\"720\" \/>\n\t<meta property=\"og:image:height\" content=\"490\" \/>\n\t<meta property=\"og:image:type\" content=\"image\/jpeg\" \/>\n<meta name=\"author\" content=\"Gabriele Bassani\" \/>\n<meta name=\"twitter:card\" content=\"summary_large_image\" \/>\n<meta name=\"twitter:creator\" content=\"@ilNotiziarioInd\" \/>\n<meta name=\"twitter:site\" content=\"@ilNotiziarioInd\" \/>\n<meta name=\"twitter:label1\" content=\"Scritto da\" \/>\n\t<meta name=\"twitter:data1\" content=\"Gabriele Bassani\" \/>\n\t<meta name=\"twitter:label2\" content=\"Tempo di lettura stimato\" \/>\n\t<meta name=\"twitter:data2\" content=\"1 minuto\" \/>\n<script type=\"application\/ld+json\" class=\"yoast-schema-graph\">{\"@context\":\"https:\\\/\\\/schema.org\",\"@graph\":[{\"@type\":\"Article\",\"@id\":\"https:\\\/\\\/www.ilnotiziario.net\\\/wp\\\/lombardia\\\/meteo-temporali-e-forti-piogge-in-arrivo-allerta-arancione-per-rischio-idrogeologico-della-protezione-civile\\\/#article\",\"isPartOf\":{\"@id\":\"https:\\\/\\\/www.ilnotiziario.net\\\/wp\\\/lombardia\\\/meteo-temporali-e-forti-piogge-in-arrivo-allerta-arancione-per-rischio-idrogeologico-della-protezione-civile\\\/\"},\"author\":{\"name\":\"Gabriele Bassani\",\"@id\":\"https:\\\/\\\/www.ilnotiziario.net\\\/wp\\\/#\\\/schema\\\/person\\\/386e222908f898bb41c033989482bbf2\"},\"headline\":\"Meteo: temporali e forti piogge in arrivo, allerta arancione per rischio idrogeologico della Protezione Civile\",\"datePublished\":\"2025-08-27T14:34:03+00:00\",\"dateModified\":\"2025-08-27T14:48:04+00:00\",\"mainEntityOfPage\":{\"@id\":\"https:\\\/\\\/www.ilnotiziario.net\\\/wp\\\/lombardia\\\/meteo-temporali-e-forti-piogge-in-arrivo-allerta-arancione-per-rischio-idrogeologico-della-protezione-civile\\\/\"},\"wordCount\":157,\"publisher\":{\"@id\":\"https:\\\/\\\/www.ilnotiziario.net\\\/wp\\\/#organization\"},\"image\":{\"@id\":\"https:\\\/\\\/www.ilnotiziario.net\\\/wp\\\/lombardia\\\/meteo-temporali-e-forti-piogge-in-arrivo-allerta-arancione-per-rischio-idrogeologico-della-protezione-civile\\\/#primaryimage\"},\"thumbnailUrl\":\"https:\\\/\\\/www.ilnotiziario.net\\\/wp\\\/wp-content\\\/uploads\\\/2025\\\/08\\\/pioggia-asfalto.jpg\",\"keywords\":[\"allerta\",\"Meteo\",\"Milano\",\"Piogge\",\"Temporali\"],\"articleSection\":[\"CRONACA\",\"Prima Pagina\"],\"inLanguage\":\"it-IT\"},{\"@type\":\"WebPage\",\"@id\":\"https:\\\/\\\/www.ilnotiziario.net\\\/wp\\\/lombardia\\\/meteo-temporali-e-forti-piogge-in-arrivo-allerta-arancione-per-rischio-idrogeologico-della-protezione-civile\\\/\",\"url\":\"https:\\\/\\\/www.ilnotiziario.net\\\/wp\\\/lombardia\\\/meteo-temporali-e-forti-piogge-in-arrivo-allerta-arancione-per-rischio-idrogeologico-della-protezione-civile\\\/\",\"name\":\"Meteo: temporali e forti piogge in arrivo, allerta arancione per rischio idrogeologico della Protezione Civile - Il Notiziario\",\"isPartOf\":{\"@id\":\"https:\\\/\\\/www.ilnotiziario.net\\\/wp\\\/#website\"},\"primaryImageOfPage\":{\"@id\":\"https:\\\/\\\/www.ilnotiziario.net\\\/wp\\\/lombardia\\\/meteo-temporali-e-forti-piogge-in-arrivo-allerta-arancione-per-rischio-idrogeologico-della-protezione-civile\\\/#primaryimage\"},\"image\":{\"@id\":\"https:\\\/\\\/www.ilnotiziario.net\\\/wp\\\/lombardia\\\/meteo-temporali-e-forti-piogge-in-arrivo-allerta-arancione-per-rischio-idrogeologico-della-protezione-civile\\\/#primaryimage\"},\"thumbnailUrl\":\"https:\\\/\\\/www.ilnotiziario.net\\\/wp\\\/wp-content\\\/uploads\\\/2025\\\/08\\\/pioggia-asfalto.jpg\",\"datePublished\":\"2025-08-27T14:34:03+00:00\",\"dateModified\":\"2025-08-27T14:48:04+00:00\",\"description\":\"La Protezione Civile Regionale ha emesso un\u2019allerta gialla per temporali e rischio idraulico e arancione per rischio idrogeologico dalla mezzanotte di\",\"breadcrumb\":{\"@id\":\"https:\\\/\\\/www.ilnotiziario.net\\\/wp\\\/lombardia\\\/meteo-temporali-e-forti-piogge-in-arrivo-allerta-arancione-per-rischio-idrogeologico-della-protezione-civile\\\/#breadcrumb\"},\"inLanguage\":\"it-IT\",\"potentialAction\":[{\"@type\":\"ReadAction\",\"target\":[\"https:\\\/\\\/www.ilnotiziario.net\\\/wp\\\/lombardia\\\/meteo-temporali-e-forti-piogge-in-arrivo-allerta-arancione-per-rischio-idrogeologico-della-protezione-civile\\\/\"]}]},{\"@type\":\"ImageObject\",\"inLanguage\":\"it-IT\",\"@id\":\"https:\\\/\\\/www.ilnotiziario.net\\\/wp\\\/lombardia\\\/meteo-temporali-e-forti-piogge-in-arrivo-allerta-arancione-per-rischio-idrogeologico-della-protezione-civile\\\/#primaryimage\",\"url\":\"https:\\\/\\\/www.ilnotiziario.net\\\/wp\\\/wp-content\\\/uploads\\\/2025\\\/08\\\/pioggia-asfalto.jpg\",\"contentUrl\":\"https:\\\/\\\/www.ilnotiziario.net\\\/wp\\\/wp-content\\\/uploads\\\/2025\\\/08\\\/pioggia-asfalto.jpg\",\"width\":720,\"height\":490,\"caption\":\"meteo piogge temporali alerta\"},{\"@type\":\"BreadcrumbList\",\"@id\":\"https:\\\/\\\/www.ilnotiziario.net\\\/wp\\\/lombardia\\\/meteo-temporali-e-forti-piogge-in-arrivo-allerta-arancione-per-rischio-idrogeologico-della-protezione-civile\\\/#breadcrumb\",\"itemListElement\":[{\"@type\":\"ListItem\",\"position\":1,\"name\":\"tds_text_logo_tagline_colortds_text_logo_tagline_colortds_text_logo_tagline_colortds_text_logo_tagline_colortd_module_7_title_excerpttd_module_7_title_excerpttd_module_7_title_excerpttd_module_7_title_excerptHome\",\"item\":\"https:\\\/\\\/www.ilnotiziario.net\\\/wp\\\/\"},{\"@type\":\"ListItem\",\"position\":2,\"name\":\"Meteo: temporali e forti piogge in arrivo, allerta arancione per rischio idrogeologico della Protezione Civile\"}]},{\"@type\":\"WebSite\",\"@id\":\"https:\\\/\\\/www.ilnotiziario.net\\\/wp\\\/#website\",\"url\":\"https:\\\/\\\/www.ilnotiziario.net\\\/wp\\\/\",\"name\":\"Il Notiziario\",\"description\":\"Per restare sempre connessi alla notizia\",\"publisher\":{\"@id\":\"https:\\\/\\\/www.ilnotiziario.net\\\/wp\\\/#organization\"},\"alternateName\":\"Il Notiziario Bollate\",\"potentialAction\":[{\"@type\":\"SearchAction\",\"target\":{\"@type\":\"EntryPoint\",\"urlTemplate\":\"https:\\\/\\\/www.ilnotiziario.net\\\/wp\\\/?s={search_term_string}\"},\"query-input\":{\"@type\":\"PropertyValueSpecification\",\"valueRequired\":true,\"valueName\":\"search_term_string\"}}],\"inLanguage\":\"it-IT\"},{\"@type\":\"Organization\",\"@id\":\"https:\\\/\\\/www.ilnotiziario.net\\\/wp\\\/#organization\",\"name\":\"Il Notiziario\",\"url\":\"https:\\\/\\\/www.ilnotiziario.net\\\/wp\\\/\",\"logo\":{\"@type\":\"ImageObject\",\"inLanguage\":\"it-IT\",\"@id\":\"https:\\\/\\\/www.ilnotiziario.net\\\/wp\\\/#\\\/schema\\\/logo\\\/image\\\/\",\"url\":\"https:\\\/\\\/www.ilnotiziario.net\\\/wp\\\/wp-content\\\/uploads\\\/2022\\\/06\\\/170x170ilN.png\",\"contentUrl\":\"https:\\\/\\\/www.ilnotiziario.net\\\/wp\\\/wp-content\\\/uploads\\\/2022\\\/06\\\/170x170ilN.png\",\"width\":355,\"height\":355,\"caption\":\"Il Notiziario\"},\"image\":{\"@id\":\"https:\\\/\\\/www.ilnotiziario.net\\\/wp\\\/#\\\/schema\\\/logo\\\/image\\\/\"},\"sameAs\":[\"https:\\\/\\\/www.facebook.com\\\/ilnotiziarioind\\\/\",\"https:\\\/\\\/x.com\\\/ilNotiziarioInd\",\"https:\\\/\\\/www.instagram.com\\\/ilnotiziario_settimanale\\\/\"]},{\"@type\":\"Person\",\"@id\":\"https:\\\/\\\/www.ilnotiziario.net\\\/wp\\\/#\\\/schema\\\/person\\\/386e222908f898bb41c033989482bbf2\",\"name\":\"Gabriele Bassani\",\"image\":{\"@type\":\"ImageObject\",\"inLanguage\":\"it-IT\",\"@id\":\"https:\\\/\\\/secure.gravatar.com\\\/avatar\\\/09274f4a84fa97698bde56f84b3afed61c8492d48b0550db9671b68c177479cb?s=96&d=mm&r=g\",\"url\":\"https:\\\/\\\/secure.gravatar.com\\\/avatar\\\/09274f4a84fa97698bde56f84b3afed61c8492d48b0550db9671b68c177479cb?s=96&d=mm&r=g\",\"contentUrl\":\"https:\\\/\\\/secure.gravatar.com\\\/avatar\\\/09274f4a84fa97698bde56f84b3afed61c8492d48b0550db9671b68c177479cb?s=96&d=mm&r=g\",\"caption\":\"Gabriele Bassani\"},\"sameAs\":[\"http:\\\/\\\/www.ilnotiziario.net\"]}]}<\/script>\n<!-- \/ Yoast SEO plugin. -->","yoast_head_json":{"title":"Meteo: temporali e forti piogge in arrivo, allerta arancione per rischio idrogeologico della Protezione Civile - Il Notiziario","description":"La Protezione Civile Regionale ha emesso un\u2019allerta gialla per temporali e rischio idraulico e arancione per rischio idrogeologico dalla mezzanotte di","robots":{"index":"index","follow":"follow","max-snippet":"max-snippet:-1","max-image-preview":"max-image-preview:large","max-video-preview":"max-video-preview:-1"},"canonical":"https:\/\/www.ilnotiziario.net\/wp\/lombardia\/meteo-temporali-e-forti-piogge-in-arrivo-allerta-arancione-per-rischio-idrogeologico-della-protezione-civile\/","og_locale":"it_IT","og_type":"article","og_title":"Meteo: temporali e forti piogge in arrivo, allerta arancione per rischio idrogeologico della Protezione Civile - Il Notiziario","og_description":"La Protezione Civile Regionale ha emesso un\u2019allerta gialla per temporali e rischio idraulico e arancione per rischio idrogeologico dalla mezzanotte di","og_url":"https:\/\/www.ilnotiziario.net\/wp\/lombardia\/meteo-temporali-e-forti-piogge-in-arrivo-allerta-arancione-per-rischio-idrogeologico-della-protezione-civile\/","og_site_name":"Il Notiziario","article_publisher":"https:\/\/www.facebook.com\/ilnotiziarioind\/","article_published_time":"2025-08-27T14:34:03+00:00","article_modified_time":"2025-08-27T14:48:04+00:00","og_image":[{"width":720,"height":490,"url":"https:\/\/www.ilnotiziario.net\/wp\/wp-content\/uploads\/2025\/08\/pioggia-asfalto.jpg","type":"image\/jpeg"}],"author":"Gabriele Bassani","twitter_card":"summary_large_image","twitter_creator":"@ilNotiziarioInd","twitter_site":"@ilNotiziarioInd","twitter_misc":{"Scritto da":"Gabriele Bassani","Tempo di lettura stimato":"1 minuto"},"schema":{"@context":"https:\/\/schema.org","@graph":[{"@type":"Article","@id":"https:\/\/www.ilnotiziario.net\/wp\/lombardia\/meteo-temporali-e-forti-piogge-in-arrivo-allerta-arancione-per-rischio-idrogeologico-della-protezione-civile\/#article","isPartOf":{"@id":"https:\/\/www.ilnotiziario.net\/wp\/lombardia\/meteo-temporali-e-forti-piogge-in-arrivo-allerta-arancione-per-rischio-idrogeologico-della-protezione-civile\/"},"author":{"name":"Gabriele Bassani","@id":"https:\/\/www.ilnotiziario.net\/wp\/#\/schema\/person\/386e222908f898bb41c033989482bbf2"},"headline":"Meteo: temporali e forti piogge in arrivo, allerta arancione per rischio idrogeologico della Protezione Civile","datePublished":"2025-08-27T14:34:03+00:00","dateModified":"2025-08-27T14:48:04+00:00","mainEntityOfPage":{"@id":"https:\/\/www.ilnotiziario.net\/wp\/lombardia\/meteo-temporali-e-forti-piogge-in-arrivo-allerta-arancione-per-rischio-idrogeologico-della-protezione-civile\/"},"wordCount":157,"publisher":{"@id":"https:\/\/www.ilnotiziario.net\/wp\/#organization"},"image":{"@id":"https:\/\/www.ilnotiziario.net\/wp\/lombardia\/meteo-temporali-e-forti-piogge-in-arrivo-allerta-arancione-per-rischio-idrogeologico-della-protezione-civile\/#primaryimage"},"thumbnailUrl":"https:\/\/www.ilnotiziario.net\/wp\/wp-content\/uploads\/2025\/08\/pioggia-asfalto.jpg","keywords":["allerta","Meteo","Milano","Piogge","Temporali"],"articleSection":["CRONACA","Prima Pagina"],"inLanguage":"it-IT"},{"@type":"WebPage","@id":"https:\/\/www.ilnotiziario.net\/wp\/lombardia\/meteo-temporali-e-forti-piogge-in-arrivo-allerta-arancione-per-rischio-idrogeologico-della-protezione-civile\/","url":"https:\/\/www.ilnotiziario.net\/wp\/lombardia\/meteo-temporali-e-forti-piogge-in-arrivo-allerta-arancione-per-rischio-idrogeologico-della-protezione-civile\/","name":"Meteo: temporali e forti piogge in arrivo, allerta arancione per rischio idrogeologico della Protezione Civile - Il Notiziario","isPartOf":{"@id":"https:\/\/www.ilnotiziario.net\/wp\/#website"},"primaryImageOfPage":{"@id":"https:\/\/www.ilnotiziario.net\/wp\/lombardia\/meteo-temporali-e-forti-piogge-in-arrivo-allerta-arancione-per-rischio-idrogeologico-della-protezione-civile\/#primaryimage"},"image":{"@id":"https:\/\/www.ilnotiziario.net\/wp\/lombardia\/meteo-temporali-e-forti-piogge-in-arrivo-allerta-arancione-per-rischio-idrogeologico-della-protezione-civile\/#primaryimage"},"thumbnailUrl":"https:\/\/www.ilnotiziario.net\/wp\/wp-content\/uploads\/2025\/08\/pioggia-asfalto.jpg","datePublished":"2025-08-27T14:34:03+00:00","dateModified":"2025-08-27T14:48:04+00:00","description":"La Protezione Civile Regionale ha emesso un\u2019allerta gialla per temporali e rischio idraulico e arancione per rischio idrogeologico dalla mezzanotte di","breadcrumb":{"@id":"https:\/\/www.ilnotiziario.net\/wp\/lombardia\/meteo-temporali-e-forti-piogge-in-arrivo-allerta-arancione-per-rischio-idrogeologico-della-protezione-civile\/#breadcrumb"},"inLanguage":"it-IT","potentialAction":[{"@type":"ReadAction","target":["https:\/\/www.ilnotiziario.net\/wp\/lombardia\/meteo-temporali-e-forti-piogge-in-arrivo-allerta-arancione-per-rischio-idrogeologico-della-protezione-civile\/"]}]},{"@type":"ImageObject","inLanguage":"it-IT","@id":"https:\/\/www.ilnotiziario.net\/wp\/lombardia\/meteo-temporali-e-forti-piogge-in-arrivo-allerta-arancione-per-rischio-idrogeologico-della-protezione-civile\/#primaryimage","url":"https:\/\/www.ilnotiziario.net\/wp\/wp-content\/uploads\/2025\/08\/pioggia-asfalto.jpg","contentUrl":"https:\/\/www.ilnotiziario.net\/wp\/wp-content\/uploads\/2025\/08\/pioggia-asfalto.jpg","width":720,"height":490,"caption":"meteo piogge temporali alerta"},{"@type":"BreadcrumbList","@id":"https:\/\/www.ilnotiziario.net\/wp\/lombardia\/meteo-temporali-e-forti-piogge-in-arrivo-allerta-arancione-per-rischio-idrogeologico-della-protezione-civile\/#breadcrumb","itemListElement":[{"@type":"ListItem","position":1,"name":"tds_text_logo_tagline_colortds_text_logo_tagline_colortds_text_logo_tagline_colortds_text_logo_tagline_colortd_module_7_title_excerpttd_module_7_title_excerpttd_module_7_title_excerpttd_module_7_title_excerptHome","item":"https:\/\/www.ilnotiziario.net\/wp\/"},{"@type":"ListItem","position":2,"name":"Meteo: temporali e forti piogge in arrivo, allerta arancione per rischio idrogeologico della Protezione Civile"}]},{"@type":"WebSite","@id":"https:\/\/www.ilnotiziario.net\/wp\/#website","url":"https:\/\/www.ilnotiziario.net\/wp\/","name":"Il Notiziario","description":"Per restare sempre connessi alla notizia","publisher":{"@id":"https:\/\/www.ilnotiziario.net\/wp\/#organization"},"alternateName":"Il Notiziario Bollate","potentialAction":[{"@type":"SearchAction","target":{"@type":"EntryPoint","urlTemplate":"https:\/\/www.ilnotiziario.net\/wp\/?s={search_term_string}"},"query-input":{"@type":"PropertyValueSpecification","valueRequired":true,"valueName":"search_term_string"}}],"inLanguage":"it-IT"},{"@type":"Organization","@id":"https:\/\/www.ilnotiziario.net\/wp\/#organization","name":"Il Notiziario","url":"https:\/\/www.ilnotiziario.net\/wp\/","logo":{"@type":"ImageObject","inLanguage":"it-IT","@id":"https:\/\/www.ilnotiziario.net\/wp\/#\/schema\/logo\/image\/","url":"https:\/\/www.ilnotiziario.net\/wp\/wp-content\/uploads\/2022\/06\/170x170ilN.png","contentUrl":"https:\/\/www.ilnotiziario.net\/wp\/wp-content\/uploads\/2022\/06\/170x170ilN.png","width":355,"height":355,"caption":"Il Notiziario"},"image":{"@id":"https:\/\/www.ilnotiziario.net\/wp\/#\/schema\/logo\/image\/"},"sameAs":["https:\/\/www.facebook.com\/ilnotiziarioind\/","https:\/\/x.com\/ilNotiziarioInd","https:\/\/www.instagram.com\/ilnotiziario_settimanale\/"]},{"@type":"Person","@id":"https:\/\/www.ilnotiziario.net\/wp\/#\/schema\/person\/386e222908f898bb41c033989482bbf2","name":"Gabriele Bassani","image":{"@type":"ImageObject","inLanguage":"it-IT","@id":"https:\/\/secure.gravatar.com\/avatar\/09274f4a84fa97698bde56f84b3afed61c8492d48b0550db9671b68c177479cb?s=96&d=mm&r=g","url":"https:\/\/secure.gravatar.com\/avatar\/09274f4a84fa97698bde56f84b3afed61c8492d48b0550db9671b68c177479cb?s=96&d=mm&r=g","contentUrl":"https:\/\/secure.gravatar.com\/avatar\/09274f4a84fa97698bde56f84b3afed61c8492d48b0550db9671b68c177479cb?s=96&d=mm&r=g","caption":"Gabriele Bassani"},"sameAs":["http:\/\/www.ilnotiziario.net"]}]}},"_links":{"self":[{"href":"https:\/\/www.ilnotiziario.net\/wp\/wp-json\/wp\/v2\/posts\/209033","targetHints":{"allow":["GET"]}}],"collection":[{"href":"https:\/\/www.ilnotiziario.net\/wp\/wp-json\/wp\/v2\/posts"}],"about":[{"href":"https:\/\/www.ilnotiziario.net\/wp\/wp-json\/wp\/v2\/types\/post"}],"author":[{"embeddable":true,"href":"https:\/\/www.ilnotiziario.net\/wp\/wp-json\/wp\/v2\/users\/3"}],"replies":[{"embeddable":true,"href":"https:\/\/www.ilnotiziario.net\/wp\/wp-json\/wp\/v2\/comments?post=209033"}],"version-history":[{"count":0,"href":"https:\/\/www.ilnotiziario.net\/wp\/wp-json\/wp\/v2\/posts\/209033\/revisions"}],"wp:featuredmedia":[{"embeddable":true,"href":"https:\/\/www.ilnotiziario.net\/wp\/wp-json\/wp\/v2\/media\/209034"}],"wp:attachment":[{"href":"https:\/\/www.ilnotiziario.net\/wp\/wp-json\/wp\/v2\/media?parent=209033"}],"wp:term":[{"taxonomy":"category","embeddable":true,"href":"https:\/\/www.ilnotiziario.net\/wp\/wp-json\/wp\/v2\/categories?post=209033"},{"taxonomy":"post_tag","embeddable":true,"href":"https:\/\/www.ilnotiziario.net\/wp\/wp-json\/wp\/v2\/tags?post=209033"}],"curies":[{"name":"wp","href":"https:\/\/api.w.org\/{rel}","templated":true}]}}