{"id":209345,"date":"2025-09-09T08:29:43","date_gmt":"2025-09-09T06:29:43","guid":{"rendered":"https:\/\/www.ilnotiziario.net\/wp\/?p=209345"},"modified":"2025-09-09T08:29:43","modified_gmt":"2025-09-09T06:29:43","slug":"cesate-il-nuovo-comandante-della-polizia-locale-arriva-da-lainate","status":"publish","type":"post","link":"https:\/\/www.ilnotiziario.net\/wp\/bollatese\/cesate-il-nuovo-comandante-della-polizia-locale-arriva-da-lainate\/","title":{"rendered":"Cesate, il nuovo comandante della Polizia locale arriva da Lainate"},"content":{"rendered":"<p>Classe 1985 e laureato in Giurisprudenza: \u00e8 il profilo di Lorenzo Pasqualetti, nuovo comandante della Polizia locale di Cesate, che ha da pochi giorni ufficialmente assunto l\u2019incarico.<\/p><div id=\"ilnot-3250884483\" class=\"ilnot-contenuto ilnot-entity-placement\"><p><!-- incontent_1 --><\/p>\n<div class=\"gptslot\" data-adunitid=\"1\"><\/div>\n<\/div>\n<p><strong>Dal 2020 ha guidato il Corpo di Polizia locale di Lainate<\/strong>, dove si \u00e8 guadagnato la stima dell\u2019Amministrazione comunale e si \u00e8 distinto per competenza e formazione. Nel 2023 infatti, ha ricevuto un importante riconoscimento in Regione Lombardia, venendo premiato per la partecipazione alle operazioni \u201cSmart\u201d, il servizio di monitoraggio delle aree a rischio del territorio e ricevendo una targa per aver superato con successo l\u2019Accademia 2022 riservata ai comandanti di Polizia locale.<\/p>\n<h2>A Cesate il nuovo comandante Pasqualetti, gi\u00e0 in servizio a Lainate<\/h2>\n<p>Tra le sue aree di interesse spicca la polizia giudiziaria, ambito nel quale ha maturato esperienza su incidenti stradali, notizie di reato e attivit\u00e0 delicate di pubblica sicurezza. Pasqualetti nel tempo, ha pi\u00f9 volte sottolineato l\u2019importanza della formazione continua e della cosiddetta polizia di prossimit\u00e0, che significa vicinanza ai cittadini e capacit\u00e0 di rispondere in maniera concreta ai problemi locali.<\/p><div id=\"ilnot-231045246\" class=\"ilnot-contenuto_2 ilnot-entity-placement\"><div class=\"ads-wrapper\">\n<div class=\"ad-slot\">\n   <div id=\"ilnot-2497826491\" style=\"margin-right: auto;margin-left: auto;text-align: center;width: 320px;height: 100px;\"><a href=\"https:\/\/www.scuolasicurezza.it\/\"><img decoding=\"async\" src=\"https:\/\/www.ilnotiziario.net\/wp\/wp-content\/uploads\/2026\/04\/IlNotiziario_banner-sito-e-newsletter-320-x-100-px-1.gif\" alt=\"\"><\/a><\/div>\n  <\/div>\n<div class=\"ad-slot\">\n   <div id=\"ilnot-3241591724\" style=\"margin-right: auto;margin-left: auto;text-align: center;width: 320px;height: 100px;\"><a href=\"https:\/\/purodesignarredamenti.com\/\"><img decoding=\"async\" src=\"https:\/\/www.ilnotiziario.net\/wp\/wp-content\/uploads\/2026\/04\/banner-puro-ok.gif\" alt=\"whatsapp\"><\/a><\/div><\/p><\/div>\n<\/div>\n<\/div>\n<p>Il suo arrivo a Cesate coincide con l<strong>a partenza della comandante Simona Cipri,<\/strong> che ha guidato il Corpo per sei anni, dal 2019 al 2025. Un periodo che il sindaco Roberto Vumbaca ha definito di grande stabilit\u00e0, ricordando il suo impegno costante, la disponibilit\u00e0 fuori orario e la presenza in momenti difficili per la comunit\u00e0, come l\u2019incendio vicino alla Rsa Villa del Parco.<\/p>\n<p>Il sindaco insieme alla Giunta comunale ha inoltre comunicato sui propri canali ufficiali di accogliere con stima e fiducia il dottor Lorenzo Pasqualetti, come nuovo comandante della Polizia locale. \u201cL\u2019 Amministrazione esprime il proprio augurio per un percorso professionale ricco di soddisfazioni, risultati concreti e relazioni costruttive, al servizio della cittadinanza e della tutela del territorio&#8221;.<\/p>\n<p><strong>Francesca del Negro<\/strong><\/p><div id=\"ilnot-3549911695\" class=\"ilnot-contenuto_2-2 ilnot-entity-placement\"><div class=\"gptslot\" data-adunitid=\"2\"><\/div>\n<\/div>\n","protected":false},"excerpt":{"rendered":"<p>Classe 1985 e laureato in Giurisprudenza: \u00e8 il profilo di Lorenzo Pasqualetti, nuovo comandante della Polizia locale di Cesate, che ha da pochi giorni ufficialmente assunto l\u2019incarico. Dal 2020 ha guidato il Corpo di Polizia locale di Lainate, dove si \u00e8 guadagnato la stima dell\u2019Amministrazione comunale e si \u00e8 distinto per competenza e formazione. Nel<\/p>\n","protected":false},"author":3,"featured_media":209346,"comment_status":"closed","ping_status":"closed","sticky":false,"template":"","format":"standard","meta":{"footnotes":""},"categories":[8],"tags":[3434,6811,18073],"class_list":{"0":"post-209345","1":"post","2":"type-post","3":"status-publish","4":"format-standard","5":"has-post-thumbnail","7":"category-bollatese","8":"tag-cesate","9":"tag-comandante","10":"tag-pasqualetti"},"yoast_head":"<!-- This site is optimized with the Yoast SEO plugin v27.4 - https:\/\/yoast.com\/product\/yoast-seo-wordpress\/ -->\n<title>Cesate, il nuovo comandante della Polizia locale arriva da Lainate - Il Notiziario<\/title>\n<meta name=\"description\" content=\"Classe 1985 e laureato in Giurisprudenza: \u00e8 il profilo di Lorenzo Pasqualetti, nuovo comandante della Polizia locale di Cesate, che ha da pochi giorni\" \/>\n<meta name=\"robots\" content=\"index, follow, max-snippet:-1, max-image-preview:large, max-video-preview:-1\" \/>\n<link rel=\"canonical\" href=\"https:\/\/www.ilnotiziario.net\/wp\/bollatese\/cesate-il-nuovo-comandante-della-polizia-locale-arriva-da-lainate\/\" \/>\n<meta property=\"og:locale\" content=\"it_IT\" \/>\n<meta property=\"og:type\" content=\"article\" \/>\n<meta property=\"og:title\" content=\"Cesate, il nuovo comandante della Polizia locale arriva da Lainate - Il Notiziario\" \/>\n<meta property=\"og:description\" content=\"Classe 1985 e laureato in Giurisprudenza: \u00e8 il profilo di Lorenzo Pasqualetti, nuovo comandante della Polizia locale di Cesate, che ha da pochi giorni\" \/>\n<meta property=\"og:url\" content=\"https:\/\/www.ilnotiziario.net\/wp\/bollatese\/cesate-il-nuovo-comandante-della-polizia-locale-arriva-da-lainate\/\" \/>\n<meta property=\"og:site_name\" content=\"Il Notiziario\" \/>\n<meta property=\"article:publisher\" content=\"https:\/\/www.facebook.com\/ilnotiziarioind\/\" \/>\n<meta property=\"article:published_time\" content=\"2025-09-09T06:29:43+00:00\" \/>\n<meta property=\"og:image\" content=\"https:\/\/www.ilnotiziario.net\/wp\/wp-content\/uploads\/2025\/09\/cesate-nuovo-comandante-Pasqualetti.jpg\" \/>\n\t<meta property=\"og:image:width\" content=\"526\" \/>\n\t<meta property=\"og:image:height\" content=\"395\" \/>\n\t<meta property=\"og:image:type\" content=\"image\/jpeg\" \/>\n<meta name=\"author\" content=\"Gabriele Bassani\" \/>\n<meta name=\"twitter:card\" content=\"summary_large_image\" \/>\n<meta name=\"twitter:creator\" content=\"@ilNotiziarioInd\" \/>\n<meta name=\"twitter:site\" content=\"@ilNotiziarioInd\" \/>\n<meta name=\"twitter:label1\" content=\"Scritto da\" \/>\n\t<meta name=\"twitter:data1\" content=\"Gabriele Bassani\" \/>\n\t<meta name=\"twitter:label2\" content=\"Tempo di lettura stimato\" \/>\n\t<meta name=\"twitter:data2\" content=\"2 minuti\" \/>\n<script type=\"application\/ld+json\" class=\"yoast-schema-graph\">{\"@context\":\"https:\\\/\\\/schema.org\",\"@graph\":[{\"@type\":\"Article\",\"@id\":\"https:\\\/\\\/www.ilnotiziario.net\\\/wp\\\/bollatese\\\/cesate-il-nuovo-comandante-della-polizia-locale-arriva-da-lainate\\\/#article\",\"isPartOf\":{\"@id\":\"https:\\\/\\\/www.ilnotiziario.net\\\/wp\\\/bollatese\\\/cesate-il-nuovo-comandante-della-polizia-locale-arriva-da-lainate\\\/\"},\"author\":{\"name\":\"Gabriele Bassani\",\"@id\":\"https:\\\/\\\/www.ilnotiziario.net\\\/wp\\\/#\\\/schema\\\/person\\\/386e222908f898bb41c033989482bbf2\"},\"headline\":\"Cesate, il nuovo comandante della Polizia locale arriva da Lainate\",\"datePublished\":\"2025-09-09T06:29:43+00:00\",\"mainEntityOfPage\":{\"@id\":\"https:\\\/\\\/www.ilnotiziario.net\\\/wp\\\/bollatese\\\/cesate-il-nuovo-comandante-della-polizia-locale-arriva-da-lainate\\\/\"},\"wordCount\":299,\"publisher\":{\"@id\":\"https:\\\/\\\/www.ilnotiziario.net\\\/wp\\\/#organization\"},\"image\":{\"@id\":\"https:\\\/\\\/www.ilnotiziario.net\\\/wp\\\/bollatese\\\/cesate-il-nuovo-comandante-della-polizia-locale-arriva-da-lainate\\\/#primaryimage\"},\"thumbnailUrl\":\"https:\\\/\\\/www.ilnotiziario.net\\\/wp\\\/wp-content\\\/uploads\\\/2025\\\/09\\\/cesate-nuovo-comandante-Pasqualetti.jpg\",\"keywords\":[\"Cesate\",\"comandante\",\"Pasqualetti\"],\"articleSection\":[\"BOLLATESE\"],\"inLanguage\":\"it-IT\"},{\"@type\":\"WebPage\",\"@id\":\"https:\\\/\\\/www.ilnotiziario.net\\\/wp\\\/bollatese\\\/cesate-il-nuovo-comandante-della-polizia-locale-arriva-da-lainate\\\/\",\"url\":\"https:\\\/\\\/www.ilnotiziario.net\\\/wp\\\/bollatese\\\/cesate-il-nuovo-comandante-della-polizia-locale-arriva-da-lainate\\\/\",\"name\":\"Cesate, il nuovo comandante della Polizia locale arriva da Lainate - Il Notiziario\",\"isPartOf\":{\"@id\":\"https:\\\/\\\/www.ilnotiziario.net\\\/wp\\\/#website\"},\"primaryImageOfPage\":{\"@id\":\"https:\\\/\\\/www.ilnotiziario.net\\\/wp\\\/bollatese\\\/cesate-il-nuovo-comandante-della-polizia-locale-arriva-da-lainate\\\/#primaryimage\"},\"image\":{\"@id\":\"https:\\\/\\\/www.ilnotiziario.net\\\/wp\\\/bollatese\\\/cesate-il-nuovo-comandante-della-polizia-locale-arriva-da-lainate\\\/#primaryimage\"},\"thumbnailUrl\":\"https:\\\/\\\/www.ilnotiziario.net\\\/wp\\\/wp-content\\\/uploads\\\/2025\\\/09\\\/cesate-nuovo-comandante-Pasqualetti.jpg\",\"datePublished\":\"2025-09-09T06:29:43+00:00\",\"description\":\"Classe 1985 e laureato in Giurisprudenza: \u00e8 il profilo di Lorenzo Pasqualetti, nuovo comandante della Polizia locale di Cesate, che ha da pochi giorni\",\"breadcrumb\":{\"@id\":\"https:\\\/\\\/www.ilnotiziario.net\\\/wp\\\/bollatese\\\/cesate-il-nuovo-comandante-della-polizia-locale-arriva-da-lainate\\\/#breadcrumb\"},\"inLanguage\":\"it-IT\",\"potentialAction\":[{\"@type\":\"ReadAction\",\"target\":[\"https:\\\/\\\/www.ilnotiziario.net\\\/wp\\\/bollatese\\\/cesate-il-nuovo-comandante-della-polizia-locale-arriva-da-lainate\\\/\"]}]},{\"@type\":\"ImageObject\",\"inLanguage\":\"it-IT\",\"@id\":\"https:\\\/\\\/www.ilnotiziario.net\\\/wp\\\/bollatese\\\/cesate-il-nuovo-comandante-della-polizia-locale-arriva-da-lainate\\\/#primaryimage\",\"url\":\"https:\\\/\\\/www.ilnotiziario.net\\\/wp\\\/wp-content\\\/uploads\\\/2025\\\/09\\\/cesate-nuovo-comandante-Pasqualetti.jpg\",\"contentUrl\":\"https:\\\/\\\/www.ilnotiziario.net\\\/wp\\\/wp-content\\\/uploads\\\/2025\\\/09\\\/cesate-nuovo-comandante-Pasqualetti.jpg\",\"width\":526,\"height\":395,\"caption\":\"Cesate comandante Pasqualetti\"},{\"@type\":\"BreadcrumbList\",\"@id\":\"https:\\\/\\\/www.ilnotiziario.net\\\/wp\\\/bollatese\\\/cesate-il-nuovo-comandante-della-polizia-locale-arriva-da-lainate\\\/#breadcrumb\",\"itemListElement\":[{\"@type\":\"ListItem\",\"position\":1,\"name\":\"tds_text_logo_tagline_colortds_text_logo_tagline_colortds_text_logo_tagline_colortds_text_logo_tagline_colortd_module_7_title_excerpttd_module_7_title_excerpttd_module_7_title_excerpttd_module_7_title_excerptHome\",\"item\":\"https:\\\/\\\/www.ilnotiziario.net\\\/wp\\\/\"},{\"@type\":\"ListItem\",\"position\":2,\"name\":\"Cesate, il nuovo comandante della Polizia locale arriva da Lainate\"}]},{\"@type\":\"WebSite\",\"@id\":\"https:\\\/\\\/www.ilnotiziario.net\\\/wp\\\/#website\",\"url\":\"https:\\\/\\\/www.ilnotiziario.net\\\/wp\\\/\",\"name\":\"Il Notiziario\",\"description\":\"Per restare sempre connessi alla notizia\",\"publisher\":{\"@id\":\"https:\\\/\\\/www.ilnotiziario.net\\\/wp\\\/#organization\"},\"alternateName\":\"Il Notiziario Bollate\",\"potentialAction\":[{\"@type\":\"SearchAction\",\"target\":{\"@type\":\"EntryPoint\",\"urlTemplate\":\"https:\\\/\\\/www.ilnotiziario.net\\\/wp\\\/?s={search_term_string}\"},\"query-input\":{\"@type\":\"PropertyValueSpecification\",\"valueRequired\":true,\"valueName\":\"search_term_string\"}}],\"inLanguage\":\"it-IT\"},{\"@type\":\"Organization\",\"@id\":\"https:\\\/\\\/www.ilnotiziario.net\\\/wp\\\/#organization\",\"name\":\"Il Notiziario\",\"url\":\"https:\\\/\\\/www.ilnotiziario.net\\\/wp\\\/\",\"logo\":{\"@type\":\"ImageObject\",\"inLanguage\":\"it-IT\",\"@id\":\"https:\\\/\\\/www.ilnotiziario.net\\\/wp\\\/#\\\/schema\\\/logo\\\/image\\\/\",\"url\":\"https:\\\/\\\/www.ilnotiziario.net\\\/wp\\\/wp-content\\\/uploads\\\/2022\\\/06\\\/170x170ilN.png\",\"contentUrl\":\"https:\\\/\\\/www.ilnotiziario.net\\\/wp\\\/wp-content\\\/uploads\\\/2022\\\/06\\\/170x170ilN.png\",\"width\":355,\"height\":355,\"caption\":\"Il Notiziario\"},\"image\":{\"@id\":\"https:\\\/\\\/www.ilnotiziario.net\\\/wp\\\/#\\\/schema\\\/logo\\\/image\\\/\"},\"sameAs\":[\"https:\\\/\\\/www.facebook.com\\\/ilnotiziarioind\\\/\",\"https:\\\/\\\/x.com\\\/ilNotiziarioInd\",\"https:\\\/\\\/www.instagram.com\\\/ilnotiziario_settimanale\\\/\"]},{\"@type\":\"Person\",\"@id\":\"https:\\\/\\\/www.ilnotiziario.net\\\/wp\\\/#\\\/schema\\\/person\\\/386e222908f898bb41c033989482bbf2\",\"name\":\"Gabriele Bassani\",\"image\":{\"@type\":\"ImageObject\",\"inLanguage\":\"it-IT\",\"@id\":\"https:\\\/\\\/secure.gravatar.com\\\/avatar\\\/09274f4a84fa97698bde56f84b3afed61c8492d48b0550db9671b68c177479cb?s=96&d=mm&r=g\",\"url\":\"https:\\\/\\\/secure.gravatar.com\\\/avatar\\\/09274f4a84fa97698bde56f84b3afed61c8492d48b0550db9671b68c177479cb?s=96&d=mm&r=g\",\"contentUrl\":\"https:\\\/\\\/secure.gravatar.com\\\/avatar\\\/09274f4a84fa97698bde56f84b3afed61c8492d48b0550db9671b68c177479cb?s=96&d=mm&r=g\",\"caption\":\"Gabriele Bassani\"},\"sameAs\":[\"http:\\\/\\\/www.ilnotiziario.net\"]}]}<\/script>\n<!-- \/ Yoast SEO plugin. -->","yoast_head_json":{"title":"Cesate, il nuovo comandante della Polizia locale arriva da Lainate - Il Notiziario","description":"Classe 1985 e laureato in Giurisprudenza: \u00e8 il profilo di Lorenzo Pasqualetti, nuovo comandante della Polizia locale di Cesate, che ha da pochi giorni","robots":{"index":"index","follow":"follow","max-snippet":"max-snippet:-1","max-image-preview":"max-image-preview:large","max-video-preview":"max-video-preview:-1"},"canonical":"https:\/\/www.ilnotiziario.net\/wp\/bollatese\/cesate-il-nuovo-comandante-della-polizia-locale-arriva-da-lainate\/","og_locale":"it_IT","og_type":"article","og_title":"Cesate, il nuovo comandante della Polizia locale arriva da Lainate - Il Notiziario","og_description":"Classe 1985 e laureato in Giurisprudenza: \u00e8 il profilo di Lorenzo Pasqualetti, nuovo comandante della Polizia locale di Cesate, che ha da pochi giorni","og_url":"https:\/\/www.ilnotiziario.net\/wp\/bollatese\/cesate-il-nuovo-comandante-della-polizia-locale-arriva-da-lainate\/","og_site_name":"Il Notiziario","article_publisher":"https:\/\/www.facebook.com\/ilnotiziarioind\/","article_published_time":"2025-09-09T06:29:43+00:00","og_image":[{"width":526,"height":395,"url":"https:\/\/www.ilnotiziario.net\/wp\/wp-content\/uploads\/2025\/09\/cesate-nuovo-comandante-Pasqualetti.jpg","type":"image\/jpeg"}],"author":"Gabriele Bassani","twitter_card":"summary_large_image","twitter_creator":"@ilNotiziarioInd","twitter_site":"@ilNotiziarioInd","twitter_misc":{"Scritto da":"Gabriele Bassani","Tempo di lettura stimato":"2 minuti"},"schema":{"@context":"https:\/\/schema.org","@graph":[{"@type":"Article","@id":"https:\/\/www.ilnotiziario.net\/wp\/bollatese\/cesate-il-nuovo-comandante-della-polizia-locale-arriva-da-lainate\/#article","isPartOf":{"@id":"https:\/\/www.ilnotiziario.net\/wp\/bollatese\/cesate-il-nuovo-comandante-della-polizia-locale-arriva-da-lainate\/"},"author":{"name":"Gabriele Bassani","@id":"https:\/\/www.ilnotiziario.net\/wp\/#\/schema\/person\/386e222908f898bb41c033989482bbf2"},"headline":"Cesate, il nuovo comandante della Polizia locale arriva da Lainate","datePublished":"2025-09-09T06:29:43+00:00","mainEntityOfPage":{"@id":"https:\/\/www.ilnotiziario.net\/wp\/bollatese\/cesate-il-nuovo-comandante-della-polizia-locale-arriva-da-lainate\/"},"wordCount":299,"publisher":{"@id":"https:\/\/www.ilnotiziario.net\/wp\/#organization"},"image":{"@id":"https:\/\/www.ilnotiziario.net\/wp\/bollatese\/cesate-il-nuovo-comandante-della-polizia-locale-arriva-da-lainate\/#primaryimage"},"thumbnailUrl":"https:\/\/www.ilnotiziario.net\/wp\/wp-content\/uploads\/2025\/09\/cesate-nuovo-comandante-Pasqualetti.jpg","keywords":["Cesate","comandante","Pasqualetti"],"articleSection":["BOLLATESE"],"inLanguage":"it-IT"},{"@type":"WebPage","@id":"https:\/\/www.ilnotiziario.net\/wp\/bollatese\/cesate-il-nuovo-comandante-della-polizia-locale-arriva-da-lainate\/","url":"https:\/\/www.ilnotiziario.net\/wp\/bollatese\/cesate-il-nuovo-comandante-della-polizia-locale-arriva-da-lainate\/","name":"Cesate, il nuovo comandante della Polizia locale arriva da Lainate - Il Notiziario","isPartOf":{"@id":"https:\/\/www.ilnotiziario.net\/wp\/#website"},"primaryImageOfPage":{"@id":"https:\/\/www.ilnotiziario.net\/wp\/bollatese\/cesate-il-nuovo-comandante-della-polizia-locale-arriva-da-lainate\/#primaryimage"},"image":{"@id":"https:\/\/www.ilnotiziario.net\/wp\/bollatese\/cesate-il-nuovo-comandante-della-polizia-locale-arriva-da-lainate\/#primaryimage"},"thumbnailUrl":"https:\/\/www.ilnotiziario.net\/wp\/wp-content\/uploads\/2025\/09\/cesate-nuovo-comandante-Pasqualetti.jpg","datePublished":"2025-09-09T06:29:43+00:00","description":"Classe 1985 e laureato in Giurisprudenza: \u00e8 il profilo di Lorenzo Pasqualetti, nuovo comandante della Polizia locale di Cesate, che ha da pochi giorni","breadcrumb":{"@id":"https:\/\/www.ilnotiziario.net\/wp\/bollatese\/cesate-il-nuovo-comandante-della-polizia-locale-arriva-da-lainate\/#breadcrumb"},"inLanguage":"it-IT","potentialAction":[{"@type":"ReadAction","target":["https:\/\/www.ilnotiziario.net\/wp\/bollatese\/cesate-il-nuovo-comandante-della-polizia-locale-arriva-da-lainate\/"]}]},{"@type":"ImageObject","inLanguage":"it-IT","@id":"https:\/\/www.ilnotiziario.net\/wp\/bollatese\/cesate-il-nuovo-comandante-della-polizia-locale-arriva-da-lainate\/#primaryimage","url":"https:\/\/www.ilnotiziario.net\/wp\/wp-content\/uploads\/2025\/09\/cesate-nuovo-comandante-Pasqualetti.jpg","contentUrl":"https:\/\/www.ilnotiziario.net\/wp\/wp-content\/uploads\/2025\/09\/cesate-nuovo-comandante-Pasqualetti.jpg","width":526,"height":395,"caption":"Cesate comandante Pasqualetti"},{"@type":"BreadcrumbList","@id":"https:\/\/www.ilnotiziario.net\/wp\/bollatese\/cesate-il-nuovo-comandante-della-polizia-locale-arriva-da-lainate\/#breadcrumb","itemListElement":[{"@type":"ListItem","position":1,"name":"tds_text_logo_tagline_colortds_text_logo_tagline_colortds_text_logo_tagline_colortds_text_logo_tagline_colortd_module_7_title_excerpttd_module_7_title_excerpttd_module_7_title_excerpttd_module_7_title_excerptHome","item":"https:\/\/www.ilnotiziario.net\/wp\/"},{"@type":"ListItem","position":2,"name":"Cesate, il nuovo comandante della Polizia locale arriva da Lainate"}]},{"@type":"WebSite","@id":"https:\/\/www.ilnotiziario.net\/wp\/#website","url":"https:\/\/www.ilnotiziario.net\/wp\/","name":"Il Notiziario","description":"Per restare sempre connessi alla notizia","publisher":{"@id":"https:\/\/www.ilnotiziario.net\/wp\/#organization"},"alternateName":"Il Notiziario Bollate","potentialAction":[{"@type":"SearchAction","target":{"@type":"EntryPoint","urlTemplate":"https:\/\/www.ilnotiziario.net\/wp\/?s={search_term_string}"},"query-input":{"@type":"PropertyValueSpecification","valueRequired":true,"valueName":"search_term_string"}}],"inLanguage":"it-IT"},{"@type":"Organization","@id":"https:\/\/www.ilnotiziario.net\/wp\/#organization","name":"Il Notiziario","url":"https:\/\/www.ilnotiziario.net\/wp\/","logo":{"@type":"ImageObject","inLanguage":"it-IT","@id":"https:\/\/www.ilnotiziario.net\/wp\/#\/schema\/logo\/image\/","url":"https:\/\/www.ilnotiziario.net\/wp\/wp-content\/uploads\/2022\/06\/170x170ilN.png","contentUrl":"https:\/\/www.ilnotiziario.net\/wp\/wp-content\/uploads\/2022\/06\/170x170ilN.png","width":355,"height":355,"caption":"Il Notiziario"},"image":{"@id":"https:\/\/www.ilnotiziario.net\/wp\/#\/schema\/logo\/image\/"},"sameAs":["https:\/\/www.facebook.com\/ilnotiziarioind\/","https:\/\/x.com\/ilNotiziarioInd","https:\/\/www.instagram.com\/ilnotiziario_settimanale\/"]},{"@type":"Person","@id":"https:\/\/www.ilnotiziario.net\/wp\/#\/schema\/person\/386e222908f898bb41c033989482bbf2","name":"Gabriele Bassani","image":{"@type":"ImageObject","inLanguage":"it-IT","@id":"https:\/\/secure.gravatar.com\/avatar\/09274f4a84fa97698bde56f84b3afed61c8492d48b0550db9671b68c177479cb?s=96&d=mm&r=g","url":"https:\/\/secure.gravatar.com\/avatar\/09274f4a84fa97698bde56f84b3afed61c8492d48b0550db9671b68c177479cb?s=96&d=mm&r=g","contentUrl":"https:\/\/secure.gravatar.com\/avatar\/09274f4a84fa97698bde56f84b3afed61c8492d48b0550db9671b68c177479cb?s=96&d=mm&r=g","caption":"Gabriele Bassani"},"sameAs":["http:\/\/www.ilnotiziario.net"]}]}},"_links":{"self":[{"href":"https:\/\/www.ilnotiziario.net\/wp\/wp-json\/wp\/v2\/posts\/209345","targetHints":{"allow":["GET"]}}],"collection":[{"href":"https:\/\/www.ilnotiziario.net\/wp\/wp-json\/wp\/v2\/posts"}],"about":[{"href":"https:\/\/www.ilnotiziario.net\/wp\/wp-json\/wp\/v2\/types\/post"}],"author":[{"embeddable":true,"href":"https:\/\/www.ilnotiziario.net\/wp\/wp-json\/wp\/v2\/users\/3"}],"replies":[{"embeddable":true,"href":"https:\/\/www.ilnotiziario.net\/wp\/wp-json\/wp\/v2\/comments?post=209345"}],"version-history":[{"count":0,"href":"https:\/\/www.ilnotiziario.net\/wp\/wp-json\/wp\/v2\/posts\/209345\/revisions"}],"wp:featuredmedia":[{"embeddable":true,"href":"https:\/\/www.ilnotiziario.net\/wp\/wp-json\/wp\/v2\/media\/209346"}],"wp:attachment":[{"href":"https:\/\/www.ilnotiziario.net\/wp\/wp-json\/wp\/v2\/media?parent=209345"}],"wp:term":[{"taxonomy":"category","embeddable":true,"href":"https:\/\/www.ilnotiziario.net\/wp\/wp-json\/wp\/v2\/categories?post=209345"},{"taxonomy":"post_tag","embeddable":true,"href":"https:\/\/www.ilnotiziario.net\/wp\/wp-json\/wp\/v2\/tags?post=209345"}],"curies":[{"name":"wp","href":"https:\/\/api.w.org\/{rel}","templated":true}]}}