{"id":209371,"date":"2025-09-10T09:22:42","date_gmt":"2025-09-10T07:22:42","guid":{"rendered":"https:\/\/www.ilnotiziario.net\/wp\/?p=209371"},"modified":"2025-09-10T09:22:42","modified_gmt":"2025-09-10T07:22:42","slug":"seconda-casa-in-lombardia-dove-acquistarla","status":"publish","type":"post","link":"https:\/\/www.ilnotiziario.net\/wp\/buonoasapersi\/seconda-casa-in-lombardia-dove-acquistarla\/","title":{"rendered":"Seconda casa in Lombardia: dove acquistarla?"},"content":{"rendered":"<p>Seconda casa in Lombardia: dove acquistarla?<br \/>\nUn desiderio sempre pi\u00f9 diffuso tra gli italiani \u00e8 possedere una seconda casa, una propriet\u00e0 in un angolo d\u2019Italia affascinante, per potersi rigenerare e rilassare. La <strong>Lombardia<\/strong>, con la sua incredibile variet\u00e0 di paesaggi e le tante bellezze naturali, offre molte soluzioni ideali in questo senso.<br \/>\nQuesto tipo di investimento, poi, assume oggi una duplice valenza: non \u00e8 solo un angolo privato in cui trascorrere serenamente le proprie ferie, ma rappresenta anche una <strong>concreta opportunit\u00e0 di reddito<\/strong>. Una propriet\u00e0 in una localit\u00e0 di <strong>forte richiamo turistico<\/strong> pu\u00f2 infatti creare un guadagno attraverso gli affitti brevi, sia nei periodi di inutilizzo che in una scelta definitiva.<br \/>\nQuesta doppia funzione rende l&#8217;acquisto ancora pi\u00f9 strategico, ma solleva anche la necessit\u00e0 di<strong> tutelare adeguatamente l&#8217;immobile<\/strong>. Gestire una propriet\u00e0 a <strong>distanza<\/strong>, specialmente se affittata a terzi, comporta molte variabili e rischi ed \u00e8 per questo che informarsi su una <a href=\"https:\/\/www.linear.it\/assicurazione-casa-e-famiglia\">polizza per le seconde case<\/a> diventa un passo fondamentale per<strong> proteggere il proprio investimento da imprevisti<\/strong>, garantendo serenit\u00e0 sia durante la propria assenza sia durante la locazione.<br \/>\nEsploriamo ora alcune delle <strong>aree pi\u00f9 attraenti<\/strong> della regione per un acquisto immobiliare.<\/p><div id=\"ilnot-1620257505\" class=\"ilnot-contenuto ilnot-entity-placement\"><p><!-- incontent_1 --><\/p>\n<div class=\"gptslot\" data-adunitid=\"1\"><\/div>\n<\/div>\n<h2>Il fascino intramontabile dei laghi<\/h2>\n<p>Quando si pensa a una seconda casa in Lombardia, la mente corre subito ai suoi <strong>magnifici laghi<\/strong>, icone di bellezza e prestigio a livello mondiale.<br \/>\nIl <strong>Lago di Como<\/strong> \u00e8 da sempre una delle mete pi\u00f9 ambite, soprattutto per il turismo d&#8217;\u00e9lite. Localit\u00e0 come <strong>Bellagio, Varenna e Menaggio<\/strong> offrono scorci incantevoli e un mercato immobiliare di lusso, con prezzi che riflettono la loro esclusivit\u00e0.<br \/>\nA met\u00e0 2025, i valori medi a Bellagio si aggiravano intorno ai 3.300 \u20ac\/mq, mentre a Varenna tendevano a superare i 3.700 \u20ac\/mq, con punte notevolmente pi\u00f9 alte per le ville vista lago. La spesa qui potrebbe essere significativa, ma la <strong>domanda di affitti di alto livello<\/strong> \u00e8 costantemente <strong>elevata<\/strong>.<br \/>\nSulla sponda bresciana del <strong>Lago di Garda<\/strong>, poi, l&#8217;atmosfera \u00e8 vibrante e l&#8217;offerta turistica molto varie e appagante. Localit\u00e0 come <strong>Sirmione, Desenzano del Garda e Sal\u00f2<\/strong> sono molto apprezzate da turisti di ogni tipo, dalle famiglie agli sportivi.<br \/>\nIl mercato qui \u00e8 molto solido, con prezzi che a Sirmione superano i 4.000 \u20ac\/mq e a Desenzano si attestano sui 3.800 \u20ac\/mq, a testimonianza di una crescita costante.<br \/>\nPer chi, invece, cerca una soluzione pi\u00f9 tranquilla e a contatto con la natura, il <strong>Lago d&#8217;Iseo<\/strong>, con la suggestiva Monte Isola e la vicinanza alla Franciacorta, rappresenta un&#8217;alternativa di grande fascino e con immobili abbastanza accessibili.<\/p>\n<p><strong>L&#8217;attrazione delle vette e l&#8217;effetto Olimpiadi<\/strong><br \/>\nPer gli amanti della montagna, la <strong>Valtellina<\/strong> \u00e8 senza dubbio una destinazione molto amata della Lombardia, grazie alle numerose attrattive che offre in ogni stagione, dallo sci invernale al trekking estivo. Attualmente, quest&#8217;area sta vivendo un momento di eccezionale interesse grazie all&#8217;avvicinarsi delle <strong>Olimpiadi Invernali del 2026<\/strong>.<br \/>\nLocalit\u00e0 come <strong>Livigno e Bormio<\/strong>, che saranno al centro della manifestazione, stanno vedendo il loro mercato immobiliare letteralmente esplodere. La vicinanza dei Giochi ha generato <strong>un&#8217;impennata della domand<\/strong>a e dei valori: a Livigno, celebre anche per la sua zona extradoganale, i prezzi medi superano i 6.000 \u20ac\/mq, mentre a Bormio si attestano oltre i 5.200 \u20ac\/mq.<br \/>\nAcquistare una seconda casa qui rappresenta oggi una scelta di vita per godere di un <strong>contesto naturalistico superbo<\/strong>, nonch\u00e9 di una locazione turistica difficilmente eguagliabile nel breve e medio termine. La forte esposizione mediatica internazionale infatti potrebbe portare a un <strong>flusso turistico di alto profilo<\/strong> per gli anni a venire.<\/p><div id=\"ilnot-652672098\" class=\"ilnot-contenuto_2 ilnot-entity-placement\"><div class=\"ads-wrapper\">\n<div class=\"ad-slot\">\n   <div id=\"ilnot-1098905528\" style=\"margin-right: auto;margin-left: auto;text-align: center;width: 320px;height: 100px;\"><a href=\"https:\/\/www.scuolasicurezza.it\/\"><img decoding=\"async\" src=\"https:\/\/www.ilnotiziario.net\/wp\/wp-content\/uploads\/2026\/04\/IlNotiziario_banner-sito-e-newsletter-320-x-100-px-1.gif\" alt=\"\"><\/a><\/div>\n  <\/div>\n<div class=\"ad-slot\">\n   <div id=\"ilnot-1351474871\" style=\"margin-right: auto;margin-left: auto;text-align: center;width: 320px;height: 100px;\"><a href=\"https:\/\/purodesignarredamenti.com\/\"><img decoding=\"async\" src=\"https:\/\/www.ilnotiziario.net\/wp\/wp-content\/uploads\/2026\/04\/banner-puro-ok.gif\" alt=\"whatsapp\"><\/a><\/div><\/p><\/div>\n<\/div>\n<\/div>\n<p><strong>Tesori nascosti: colline, borghi e sapori<\/strong><br \/>\nOltre alle destinazioni pi\u00f9 celebri, la Lombardia custodisce tante altre aree dal potenziale enorme, ideali per chi cerca <strong>tranquillit\u00e0, cultura enogastronomica<\/strong> e un mercato immobiliare dai prezzi contenuti.<br \/>\nL&#8217;<strong>Oltrep\u00f2 Pavese<\/strong> incanta chiunque con le sue colline ondulate, i vigneti a perdita d&#8217;occhio e i borghi storici. Qui \u00e8 possibile acquistare <strong>casali e rustici da ristrutturare<\/strong> a prezzi molto competitivi, assicurandosi la possibilit\u00e0 di creare un rifugio personalizzato e immergersi in uno stile di vita autentico.<br \/>\nSimilmente, la <strong>Franciacorta<\/strong>, non solo come contorno del Lago d&#8217;Iseo ma come destinazione a s\u00e9, attira un turismo raffinato e intenditore. Scegliere un immobile in questa zona significa puntare su un&#8217;eccellenza riconosciuta in tutto il mondo. In contesti come questi, dove magari la presenza non \u00e8 costante, una <strong>buona assicurazione casa<\/strong> diventa un elemento imprescindibile per vivere la propriet\u00e0 con la massima tranquillit\u00e0.<br \/>\nLa scelta finale dipender\u00e0 dalle <strong>aspirazioni personali<\/strong> e dai <strong>propri obiettivi<\/strong>, ma \u00e8 chiaro che una valutazione attenta, unita a una solida assicurazione casa, pu\u00f2 trasformare il sogno di una seconda casa in Lombardia in una realt\u00e0 appagante e sicura.<\/p>\n","protected":false},"excerpt":{"rendered":"<p>Seconda casa in Lombardia: dove acquistarla? Un desiderio sempre pi\u00f9 diffuso tra gli italiani \u00e8 possedere una seconda casa, una propriet\u00e0 in un angolo d\u2019Italia affascinante, per potersi rigenerare e rilassare. La Lombardia, con la sua incredibile variet\u00e0 di paesaggi e le tante bellezze naturali, offre molte soluzioni ideali in questo senso. Questo tipo di<\/p>\n","protected":false},"author":223163,"featured_media":209374,"comment_status":"closed","ping_status":"closed","sticky":false,"template":"","format":"standard","meta":{"footnotes":""},"categories":[4193],"tags":[535,577,8903],"class_list":{"0":"post-209371","1":"post","2":"type-post","3":"status-publish","4":"format-standard","5":"has-post-thumbnail","7":"category-buonoasapersi","8":"tag-casa","9":"tag-lombardia","10":"tag-seconda"},"yoast_head":"<!-- This site is optimized with the Yoast SEO plugin v27.5 - https:\/\/yoast.com\/product\/yoast-seo-wordpress\/ -->\n<title>Seconda casa in Lombardia: dove acquistarla? - Il Notiziario<\/title>\n<meta name=\"description\" content=\"Seconda casa in Lombardia: dove acquistarla? Un desiderio sempre pi\u00f9 diffuso tra gli italiani \u00e8 possedere una seconda casa, una propriet\u00e0 in un angolo\" \/>\n<meta name=\"robots\" content=\"index, follow, max-snippet:-1, max-image-preview:large, max-video-preview:-1\" \/>\n<link rel=\"canonical\" href=\"https:\/\/www.ilnotiziario.net\/wp\/buonoasapersi\/seconda-casa-in-lombardia-dove-acquistarla\/\" \/>\n<meta property=\"og:locale\" content=\"it_IT\" \/>\n<meta property=\"og:type\" content=\"article\" \/>\n<meta property=\"og:title\" content=\"Seconda casa in Lombardia: dove acquistarla? - Il Notiziario\" \/>\n<meta property=\"og:description\" content=\"Seconda casa in Lombardia: dove acquistarla? Un desiderio sempre pi\u00f9 diffuso tra gli italiani \u00e8 possedere una seconda casa, una propriet\u00e0 in un angolo\" \/>\n<meta property=\"og:url\" content=\"https:\/\/www.ilnotiziario.net\/wp\/buonoasapersi\/seconda-casa-in-lombardia-dove-acquistarla\/\" \/>\n<meta property=\"og:site_name\" content=\"Il Notiziario\" \/>\n<meta property=\"article:publisher\" content=\"https:\/\/www.facebook.com\/ilnotiziarioind\/\" \/>\n<meta property=\"article:published_time\" content=\"2025-09-10T07:22:42+00:00\" \/>\n<meta property=\"og:image\" content=\"https:\/\/www.ilnotiziario.net\/wp\/wp-content\/uploads\/2025\/09\/varenna-7708582_1280.jpg\" \/>\n\t<meta property=\"og:image:width\" content=\"1280\" \/>\n\t<meta property=\"og:image:height\" content=\"852\" \/>\n\t<meta property=\"og:image:type\" content=\"image\/jpeg\" \/>\n<meta name=\"author\" content=\"Elena Conte\" \/>\n<meta name=\"twitter:card\" content=\"summary_large_image\" \/>\n<meta name=\"twitter:creator\" content=\"@ilNotiziarioInd\" \/>\n<meta name=\"twitter:site\" content=\"@ilNotiziarioInd\" \/>\n<meta name=\"twitter:label1\" content=\"Scritto da\" \/>\n\t<meta name=\"twitter:data1\" content=\"Elena Conte\" \/>\n\t<meta name=\"twitter:label2\" content=\"Tempo di lettura stimato\" \/>\n\t<meta name=\"twitter:data2\" content=\"5 minuti\" \/>\n<script type=\"application\/ld+json\" class=\"yoast-schema-graph\">{\"@context\":\"https:\\\/\\\/schema.org\",\"@graph\":[{\"@type\":\"Article\",\"@id\":\"https:\\\/\\\/www.ilnotiziario.net\\\/wp\\\/buonoasapersi\\\/seconda-casa-in-lombardia-dove-acquistarla\\\/#article\",\"isPartOf\":{\"@id\":\"https:\\\/\\\/www.ilnotiziario.net\\\/wp\\\/buonoasapersi\\\/seconda-casa-in-lombardia-dove-acquistarla\\\/\"},\"author\":{\"name\":\"Elena Conte\",\"@id\":\"https:\\\/\\\/www.ilnotiziario.net\\\/wp\\\/#\\\/schema\\\/person\\\/0d04c1402cd3550301154f5e1e374f41\"},\"headline\":\"Seconda casa in Lombardia: dove acquistarla?\",\"datePublished\":\"2025-09-10T07:22:42+00:00\",\"mainEntityOfPage\":{\"@id\":\"https:\\\/\\\/www.ilnotiziario.net\\\/wp\\\/buonoasapersi\\\/seconda-casa-in-lombardia-dove-acquistarla\\\/\"},\"wordCount\":761,\"publisher\":{\"@id\":\"https:\\\/\\\/www.ilnotiziario.net\\\/wp\\\/#organization\"},\"image\":{\"@id\":\"https:\\\/\\\/www.ilnotiziario.net\\\/wp\\\/buonoasapersi\\\/seconda-casa-in-lombardia-dove-acquistarla\\\/#primaryimage\"},\"thumbnailUrl\":\"https:\\\/\\\/www.ilnotiziario.net\\\/wp\\\/wp-content\\\/uploads\\\/2025\\\/09\\\/varenna-7708582_1280.jpg\",\"keywords\":[\"casa\",\"Lombardia\",\"seconda\"],\"articleSection\":[\"BUONO A SAPERSI\"],\"inLanguage\":\"it-IT\"},{\"@type\":\"WebPage\",\"@id\":\"https:\\\/\\\/www.ilnotiziario.net\\\/wp\\\/buonoasapersi\\\/seconda-casa-in-lombardia-dove-acquistarla\\\/\",\"url\":\"https:\\\/\\\/www.ilnotiziario.net\\\/wp\\\/buonoasapersi\\\/seconda-casa-in-lombardia-dove-acquistarla\\\/\",\"name\":\"Seconda casa in Lombardia: dove acquistarla? - Il Notiziario\",\"isPartOf\":{\"@id\":\"https:\\\/\\\/www.ilnotiziario.net\\\/wp\\\/#website\"},\"primaryImageOfPage\":{\"@id\":\"https:\\\/\\\/www.ilnotiziario.net\\\/wp\\\/buonoasapersi\\\/seconda-casa-in-lombardia-dove-acquistarla\\\/#primaryimage\"},\"image\":{\"@id\":\"https:\\\/\\\/www.ilnotiziario.net\\\/wp\\\/buonoasapersi\\\/seconda-casa-in-lombardia-dove-acquistarla\\\/#primaryimage\"},\"thumbnailUrl\":\"https:\\\/\\\/www.ilnotiziario.net\\\/wp\\\/wp-content\\\/uploads\\\/2025\\\/09\\\/varenna-7708582_1280.jpg\",\"datePublished\":\"2025-09-10T07:22:42+00:00\",\"description\":\"Seconda casa in Lombardia: dove acquistarla? Un desiderio sempre pi\u00f9 diffuso tra gli italiani \u00e8 possedere una seconda casa, una propriet\u00e0 in un angolo\",\"breadcrumb\":{\"@id\":\"https:\\\/\\\/www.ilnotiziario.net\\\/wp\\\/buonoasapersi\\\/seconda-casa-in-lombardia-dove-acquistarla\\\/#breadcrumb\"},\"inLanguage\":\"it-IT\",\"potentialAction\":[{\"@type\":\"ReadAction\",\"target\":[\"https:\\\/\\\/www.ilnotiziario.net\\\/wp\\\/buonoasapersi\\\/seconda-casa-in-lombardia-dove-acquistarla\\\/\"]}]},{\"@type\":\"ImageObject\",\"inLanguage\":\"it-IT\",\"@id\":\"https:\\\/\\\/www.ilnotiziario.net\\\/wp\\\/buonoasapersi\\\/seconda-casa-in-lombardia-dove-acquistarla\\\/#primaryimage\",\"url\":\"https:\\\/\\\/www.ilnotiziario.net\\\/wp\\\/wp-content\\\/uploads\\\/2025\\\/09\\\/varenna-7708582_1280.jpg\",\"contentUrl\":\"https:\\\/\\\/www.ilnotiziario.net\\\/wp\\\/wp-content\\\/uploads\\\/2025\\\/09\\\/varenna-7708582_1280.jpg\",\"width\":1280,\"height\":852},{\"@type\":\"BreadcrumbList\",\"@id\":\"https:\\\/\\\/www.ilnotiziario.net\\\/wp\\\/buonoasapersi\\\/seconda-casa-in-lombardia-dove-acquistarla\\\/#breadcrumb\",\"itemListElement\":[{\"@type\":\"ListItem\",\"position\":1,\"name\":\"tds_text_logo_tagline_colortds_text_logo_tagline_colortds_text_logo_tagline_colortds_text_logo_tagline_colortd_module_7_title_excerpttd_module_7_title_excerpttd_module_7_title_excerpttd_module_7_title_excerptHome\",\"item\":\"https:\\\/\\\/www.ilnotiziario.net\\\/wp\\\/\"},{\"@type\":\"ListItem\",\"position\":2,\"name\":\"Seconda casa in Lombardia: dove acquistarla?\"}]},{\"@type\":\"WebSite\",\"@id\":\"https:\\\/\\\/www.ilnotiziario.net\\\/wp\\\/#website\",\"url\":\"https:\\\/\\\/www.ilnotiziario.net\\\/wp\\\/\",\"name\":\"Il Notiziario\",\"description\":\"Per restare sempre connessi alla notizia\",\"publisher\":{\"@id\":\"https:\\\/\\\/www.ilnotiziario.net\\\/wp\\\/#organization\"},\"alternateName\":\"Il Notiziario Bollate\",\"potentialAction\":[{\"@type\":\"SearchAction\",\"target\":{\"@type\":\"EntryPoint\",\"urlTemplate\":\"https:\\\/\\\/www.ilnotiziario.net\\\/wp\\\/?s={search_term_string}\"},\"query-input\":{\"@type\":\"PropertyValueSpecification\",\"valueRequired\":true,\"valueName\":\"search_term_string\"}}],\"inLanguage\":\"it-IT\"},{\"@type\":\"Organization\",\"@id\":\"https:\\\/\\\/www.ilnotiziario.net\\\/wp\\\/#organization\",\"name\":\"Il Notiziario\",\"url\":\"https:\\\/\\\/www.ilnotiziario.net\\\/wp\\\/\",\"logo\":{\"@type\":\"ImageObject\",\"inLanguage\":\"it-IT\",\"@id\":\"https:\\\/\\\/www.ilnotiziario.net\\\/wp\\\/#\\\/schema\\\/logo\\\/image\\\/\",\"url\":\"https:\\\/\\\/www.ilnotiziario.net\\\/wp\\\/wp-content\\\/uploads\\\/2022\\\/06\\\/170x170ilN.png\",\"contentUrl\":\"https:\\\/\\\/www.ilnotiziario.net\\\/wp\\\/wp-content\\\/uploads\\\/2022\\\/06\\\/170x170ilN.png\",\"width\":355,\"height\":355,\"caption\":\"Il Notiziario\"},\"image\":{\"@id\":\"https:\\\/\\\/www.ilnotiziario.net\\\/wp\\\/#\\\/schema\\\/logo\\\/image\\\/\"},\"sameAs\":[\"https:\\\/\\\/www.facebook.com\\\/ilnotiziarioind\\\/\",\"https:\\\/\\\/x.com\\\/ilNotiziarioInd\",\"https:\\\/\\\/www.instagram.com\\\/ilnotiziario_settimanale\\\/\"]},{\"@type\":\"Person\",\"@id\":\"https:\\\/\\\/www.ilnotiziario.net\\\/wp\\\/#\\\/schema\\\/person\\\/0d04c1402cd3550301154f5e1e374f41\",\"name\":\"Elena Conte\",\"image\":{\"@type\":\"ImageObject\",\"inLanguage\":\"it-IT\",\"@id\":\"https:\\\/\\\/secure.gravatar.com\\\/avatar\\\/4e9d518443adef997f2472e776fd2e11ebc037da05d84e301467d0bb86b10cd0?s=96&d=mm&r=g\",\"url\":\"https:\\\/\\\/secure.gravatar.com\\\/avatar\\\/4e9d518443adef997f2472e776fd2e11ebc037da05d84e301467d0bb86b10cd0?s=96&d=mm&r=g\",\"contentUrl\":\"https:\\\/\\\/secure.gravatar.com\\\/avatar\\\/4e9d518443adef997f2472e776fd2e11ebc037da05d84e301467d0bb86b10cd0?s=96&d=mm&r=g\",\"caption\":\"Elena Conte\"}}]}<\/script>\n<!-- \/ Yoast SEO plugin. -->","yoast_head_json":{"title":"Seconda casa in Lombardia: dove acquistarla? - Il Notiziario","description":"Seconda casa in Lombardia: dove acquistarla? Un desiderio sempre pi\u00f9 diffuso tra gli italiani \u00e8 possedere una seconda casa, una propriet\u00e0 in un angolo","robots":{"index":"index","follow":"follow","max-snippet":"max-snippet:-1","max-image-preview":"max-image-preview:large","max-video-preview":"max-video-preview:-1"},"canonical":"https:\/\/www.ilnotiziario.net\/wp\/buonoasapersi\/seconda-casa-in-lombardia-dove-acquistarla\/","og_locale":"it_IT","og_type":"article","og_title":"Seconda casa in Lombardia: dove acquistarla? - Il Notiziario","og_description":"Seconda casa in Lombardia: dove acquistarla? Un desiderio sempre pi\u00f9 diffuso tra gli italiani \u00e8 possedere una seconda casa, una propriet\u00e0 in un angolo","og_url":"https:\/\/www.ilnotiziario.net\/wp\/buonoasapersi\/seconda-casa-in-lombardia-dove-acquistarla\/","og_site_name":"Il Notiziario","article_publisher":"https:\/\/www.facebook.com\/ilnotiziarioind\/","article_published_time":"2025-09-10T07:22:42+00:00","og_image":[{"width":1280,"height":852,"url":"https:\/\/www.ilnotiziario.net\/wp\/wp-content\/uploads\/2025\/09\/varenna-7708582_1280.jpg","type":"image\/jpeg"}],"author":"Elena Conte","twitter_card":"summary_large_image","twitter_creator":"@ilNotiziarioInd","twitter_site":"@ilNotiziarioInd","twitter_misc":{"Scritto da":"Elena Conte","Tempo di lettura stimato":"5 minuti"},"schema":{"@context":"https:\/\/schema.org","@graph":[{"@type":"Article","@id":"https:\/\/www.ilnotiziario.net\/wp\/buonoasapersi\/seconda-casa-in-lombardia-dove-acquistarla\/#article","isPartOf":{"@id":"https:\/\/www.ilnotiziario.net\/wp\/buonoasapersi\/seconda-casa-in-lombardia-dove-acquistarla\/"},"author":{"name":"Elena Conte","@id":"https:\/\/www.ilnotiziario.net\/wp\/#\/schema\/person\/0d04c1402cd3550301154f5e1e374f41"},"headline":"Seconda casa in Lombardia: dove acquistarla?","datePublished":"2025-09-10T07:22:42+00:00","mainEntityOfPage":{"@id":"https:\/\/www.ilnotiziario.net\/wp\/buonoasapersi\/seconda-casa-in-lombardia-dove-acquistarla\/"},"wordCount":761,"publisher":{"@id":"https:\/\/www.ilnotiziario.net\/wp\/#organization"},"image":{"@id":"https:\/\/www.ilnotiziario.net\/wp\/buonoasapersi\/seconda-casa-in-lombardia-dove-acquistarla\/#primaryimage"},"thumbnailUrl":"https:\/\/www.ilnotiziario.net\/wp\/wp-content\/uploads\/2025\/09\/varenna-7708582_1280.jpg","keywords":["casa","Lombardia","seconda"],"articleSection":["BUONO A SAPERSI"],"inLanguage":"it-IT"},{"@type":"WebPage","@id":"https:\/\/www.ilnotiziario.net\/wp\/buonoasapersi\/seconda-casa-in-lombardia-dove-acquistarla\/","url":"https:\/\/www.ilnotiziario.net\/wp\/buonoasapersi\/seconda-casa-in-lombardia-dove-acquistarla\/","name":"Seconda casa in Lombardia: dove acquistarla? - Il Notiziario","isPartOf":{"@id":"https:\/\/www.ilnotiziario.net\/wp\/#website"},"primaryImageOfPage":{"@id":"https:\/\/www.ilnotiziario.net\/wp\/buonoasapersi\/seconda-casa-in-lombardia-dove-acquistarla\/#primaryimage"},"image":{"@id":"https:\/\/www.ilnotiziario.net\/wp\/buonoasapersi\/seconda-casa-in-lombardia-dove-acquistarla\/#primaryimage"},"thumbnailUrl":"https:\/\/www.ilnotiziario.net\/wp\/wp-content\/uploads\/2025\/09\/varenna-7708582_1280.jpg","datePublished":"2025-09-10T07:22:42+00:00","description":"Seconda casa in Lombardia: dove acquistarla? Un desiderio sempre pi\u00f9 diffuso tra gli italiani \u00e8 possedere una seconda casa, una propriet\u00e0 in un angolo","breadcrumb":{"@id":"https:\/\/www.ilnotiziario.net\/wp\/buonoasapersi\/seconda-casa-in-lombardia-dove-acquistarla\/#breadcrumb"},"inLanguage":"it-IT","potentialAction":[{"@type":"ReadAction","target":["https:\/\/www.ilnotiziario.net\/wp\/buonoasapersi\/seconda-casa-in-lombardia-dove-acquistarla\/"]}]},{"@type":"ImageObject","inLanguage":"it-IT","@id":"https:\/\/www.ilnotiziario.net\/wp\/buonoasapersi\/seconda-casa-in-lombardia-dove-acquistarla\/#primaryimage","url":"https:\/\/www.ilnotiziario.net\/wp\/wp-content\/uploads\/2025\/09\/varenna-7708582_1280.jpg","contentUrl":"https:\/\/www.ilnotiziario.net\/wp\/wp-content\/uploads\/2025\/09\/varenna-7708582_1280.jpg","width":1280,"height":852},{"@type":"BreadcrumbList","@id":"https:\/\/www.ilnotiziario.net\/wp\/buonoasapersi\/seconda-casa-in-lombardia-dove-acquistarla\/#breadcrumb","itemListElement":[{"@type":"ListItem","position":1,"name":"tds_text_logo_tagline_colortds_text_logo_tagline_colortds_text_logo_tagline_colortds_text_logo_tagline_colortd_module_7_title_excerpttd_module_7_title_excerpttd_module_7_title_excerpttd_module_7_title_excerptHome","item":"https:\/\/www.ilnotiziario.net\/wp\/"},{"@type":"ListItem","position":2,"name":"Seconda casa in Lombardia: dove acquistarla?"}]},{"@type":"WebSite","@id":"https:\/\/www.ilnotiziario.net\/wp\/#website","url":"https:\/\/www.ilnotiziario.net\/wp\/","name":"Il Notiziario","description":"Per restare sempre connessi alla notizia","publisher":{"@id":"https:\/\/www.ilnotiziario.net\/wp\/#organization"},"alternateName":"Il Notiziario Bollate","potentialAction":[{"@type":"SearchAction","target":{"@type":"EntryPoint","urlTemplate":"https:\/\/www.ilnotiziario.net\/wp\/?s={search_term_string}"},"query-input":{"@type":"PropertyValueSpecification","valueRequired":true,"valueName":"search_term_string"}}],"inLanguage":"it-IT"},{"@type":"Organization","@id":"https:\/\/www.ilnotiziario.net\/wp\/#organization","name":"Il Notiziario","url":"https:\/\/www.ilnotiziario.net\/wp\/","logo":{"@type":"ImageObject","inLanguage":"it-IT","@id":"https:\/\/www.ilnotiziario.net\/wp\/#\/schema\/logo\/image\/","url":"https:\/\/www.ilnotiziario.net\/wp\/wp-content\/uploads\/2022\/06\/170x170ilN.png","contentUrl":"https:\/\/www.ilnotiziario.net\/wp\/wp-content\/uploads\/2022\/06\/170x170ilN.png","width":355,"height":355,"caption":"Il Notiziario"},"image":{"@id":"https:\/\/www.ilnotiziario.net\/wp\/#\/schema\/logo\/image\/"},"sameAs":["https:\/\/www.facebook.com\/ilnotiziarioind\/","https:\/\/x.com\/ilNotiziarioInd","https:\/\/www.instagram.com\/ilnotiziario_settimanale\/"]},{"@type":"Person","@id":"https:\/\/www.ilnotiziario.net\/wp\/#\/schema\/person\/0d04c1402cd3550301154f5e1e374f41","name":"Elena Conte","image":{"@type":"ImageObject","inLanguage":"it-IT","@id":"https:\/\/secure.gravatar.com\/avatar\/4e9d518443adef997f2472e776fd2e11ebc037da05d84e301467d0bb86b10cd0?s=96&d=mm&r=g","url":"https:\/\/secure.gravatar.com\/avatar\/4e9d518443adef997f2472e776fd2e11ebc037da05d84e301467d0bb86b10cd0?s=96&d=mm&r=g","contentUrl":"https:\/\/secure.gravatar.com\/avatar\/4e9d518443adef997f2472e776fd2e11ebc037da05d84e301467d0bb86b10cd0?s=96&d=mm&r=g","caption":"Elena Conte"}}]}},"_links":{"self":[{"href":"https:\/\/www.ilnotiziario.net\/wp\/wp-json\/wp\/v2\/posts\/209371","targetHints":{"allow":["GET"]}}],"collection":[{"href":"https:\/\/www.ilnotiziario.net\/wp\/wp-json\/wp\/v2\/posts"}],"about":[{"href":"https:\/\/www.ilnotiziario.net\/wp\/wp-json\/wp\/v2\/types\/post"}],"author":[{"embeddable":true,"href":"https:\/\/www.ilnotiziario.net\/wp\/wp-json\/wp\/v2\/users\/223163"}],"replies":[{"embeddable":true,"href":"https:\/\/www.ilnotiziario.net\/wp\/wp-json\/wp\/v2\/comments?post=209371"}],"version-history":[{"count":0,"href":"https:\/\/www.ilnotiziario.net\/wp\/wp-json\/wp\/v2\/posts\/209371\/revisions"}],"wp:featuredmedia":[{"embeddable":true,"href":"https:\/\/www.ilnotiziario.net\/wp\/wp-json\/wp\/v2\/media\/209374"}],"wp:attachment":[{"href":"https:\/\/www.ilnotiziario.net\/wp\/wp-json\/wp\/v2\/media?parent=209371"}],"wp:term":[{"taxonomy":"category","embeddable":true,"href":"https:\/\/www.ilnotiziario.net\/wp\/wp-json\/wp\/v2\/categories?post=209371"},{"taxonomy":"post_tag","embeddable":true,"href":"https:\/\/www.ilnotiziario.net\/wp\/wp-json\/wp\/v2\/tags?post=209371"}],"curies":[{"name":"wp","href":"https:\/\/api.w.org\/{rel}","templated":true}]}}