{"id":209835,"date":"2025-09-25T09:07:11","date_gmt":"2025-09-25T07:07:11","guid":{"rendered":"https:\/\/www.ilnotiziario.net\/wp\/?p=209835"},"modified":"2025-09-25T09:07:11","modified_gmt":"2025-09-25T07:07:11","slug":"bollate-uomo-accoltellato-in-strada-nel-centro-di-cassina-nuova","status":"publish","type":"post","link":"https:\/\/www.ilnotiziario.net\/wp\/prima-pagina\/bollate-uomo-accoltellato-in-strada-nel-centro-di-cassina-nuova\/","title":{"rendered":"Bollate, uomo accoltellato in strada nel centro di Cassina Nuova"},"content":{"rendered":"<p>Paura a Cassina Nuova di Bollate nella notte tra mercoled\u00ec e gioved\u00ec, dove un uomo \u00e8 stato accoltellato in strada. E&#8217; successo poco dopo la mezzanotte, l&#8217;allarme al 112 \u00e8 delle 0,18 di oggi, gioved\u00ec 25 settembre.<\/p><div id=\"ilnot-2168189037\" class=\"ilnot-contenuto ilnot-entity-placement\"><p><!-- incontent_1 --><\/p>\n<div class=\"gptslot\" data-adunitid=\"1\"><\/div>\n<\/div>\n<p>&nbsp;<\/p>\n<h2>Accoltellato in strada a Bollate, paura nella notte a Cassina Nuova<\/h2>\n<p>&nbsp;<\/p>\n<p>La vittima, un uomo di 39 anni, \u00e8 stato subito soccorso dal personale sanitario della Sos\u00a0 di Novate Milanese e dall&#8217;automedica di Garbagnate Milanese, intervenuti in codice rosso.<\/p>\n<p>&nbsp;<\/p>\n<p>L\u2019aggressione, avvenuta in via San Bernardo, ha richiamato l\u2019attenzione con il lampeggiare delle luci blu delle ambulanze e dei mezzi di soccorso. Il 39enne \u00e8 stato colpito all\u2019addome e a un braccio con un coltello, lasciando sul luogo un\u2019atmosfera di grande tensione.<\/p><div id=\"ilnot-2442588263\" class=\"ilnot-contenuto_2 ilnot-entity-placement\"><div class=\"ads-wrapper\">\n<div class=\"ad-slot\">\n   <div id=\"ilnot-2109082279\" style=\"margin-right: auto;margin-left: auto;text-align: center;width: 320px;height: 100px;\"><a href=\"https:\/\/www.scuolasicurezza.it\/\"><img decoding=\"async\" src=\"https:\/\/www.ilnotiziario.net\/wp\/wp-content\/uploads\/2026\/04\/IlNotiziario_banner-sito-e-newsletter-320-x-100-px-1.gif\" alt=\"\"><\/a><\/div>\n  <\/div>\n<div class=\"ad-slot\">\n   <div id=\"ilnot-3961122423\" style=\"margin-right: auto;margin-left: auto;text-align: center;width: 320px;height: 100px;\"><a href=\"https:\/\/purodesignarredamenti.com\/\"><img decoding=\"async\" src=\"https:\/\/www.ilnotiziario.net\/wp\/wp-content\/uploads\/2026\/04\/banner-puro-ok.gif\" alt=\"whatsapp\"><\/a><\/div><\/p><\/div>\n<\/div>\n<\/div>\n<p>&nbsp;<\/p>\n<p>Nonostante le\u00a0 ferite, le condizioni dell&#8217;uomo sono migliorate dopo i primi interventi sul posto, ma\u00a0 le sue condizioni sono rimaste gravi, richiedendo il trasporto al pronto soccorso del San Carlo di Milano in codice giallo, ossia il codice di media gravit\u00e0.<\/p>\n<p>&nbsp;<\/p>\n<p>I carabinieri della compagnia di Rho stanno ora indagando per ricostruire i motivi di tanta violenza e chiarire la dinamica che ha portato all\u2019aggressione. La vicenda \u00e8 ancora in fase di accertamento.<\/p>\n<p>&nbsp;<\/p>\n<p><strong>A.S.<\/strong><\/p><div id=\"ilnot-2234523380\" class=\"ilnot-contenuto_2-2 ilnot-entity-placement\"><div class=\"gptslot\" data-adunitid=\"2\"><\/div>\n<\/div>\n","protected":false},"excerpt":{"rendered":"<p>Paura a Cassina Nuova di Bollate nella notte tra mercoled\u00ec e gioved\u00ec, dove un uomo \u00e8 stato accoltellato in strada. E&#8217; successo poco dopo la mezzanotte, l&#8217;allarme al 112 \u00e8 delle 0,18 di oggi, gioved\u00ec 25 settembre. &nbsp; Accoltellato in strada a Bollate, paura nella notte a Cassina Nuova &nbsp; La vittima, un uomo di<\/p>\n","protected":false},"author":24,"featured_media":147435,"comment_status":"closed","ping_status":"closed","sticky":false,"template":"","format":"standard","meta":{"footnotes":""},"categories":[8,20],"tags":[4345,110,41,180],"class_list":{"0":"post-209835","1":"post","2":"type-post","3":"status-publish","4":"format-standard","5":"has-post-thumbnail","7":"category-bollatese","8":"category-prima-pagina","9":"tag-accoltellato","10":"tag-bollate","11":"tag-carabinieri","12":"tag-cassina-nuova"},"yoast_head":"<!-- This site is optimized with the Yoast SEO plugin v27.4 - https:\/\/yoast.com\/product\/yoast-seo-wordpress\/ -->\n<title>Bollate, uomo accoltellato in strada nel centro di Cassina Nuova - Il Notiziario<\/title>\n<meta name=\"description\" content=\"Paura a Cassina Nuova di Bollate nella notte tra mercoled\u00ec e gioved\u00ec, dove un uomo \u00e8 stato accoltellato in strada. E&#039; successo poco dopo la mezzanotte,\" \/>\n<meta name=\"robots\" content=\"index, follow, max-snippet:-1, max-image-preview:large, max-video-preview:-1\" \/>\n<link rel=\"canonical\" href=\"https:\/\/www.ilnotiziario.net\/wp\/prima-pagina\/bollate-uomo-accoltellato-in-strada-nel-centro-di-cassina-nuova\/\" \/>\n<meta property=\"og:locale\" content=\"it_IT\" \/>\n<meta property=\"og:type\" content=\"article\" \/>\n<meta property=\"og:title\" content=\"Bollate, uomo accoltellato in strada nel centro di Cassina Nuova - Il Notiziario\" \/>\n<meta property=\"og:description\" content=\"Paura a Cassina Nuova di Bollate nella notte tra mercoled\u00ec e gioved\u00ec, dove un uomo \u00e8 stato accoltellato in strada. E&#039; successo poco dopo la mezzanotte,\" \/>\n<meta property=\"og:url\" content=\"https:\/\/www.ilnotiziario.net\/wp\/prima-pagina\/bollate-uomo-accoltellato-in-strada-nel-centro-di-cassina-nuova\/\" \/>\n<meta property=\"og:site_name\" content=\"Il Notiziario\" \/>\n<meta property=\"article:publisher\" content=\"https:\/\/www.facebook.com\/ilnotiziarioind\/\" \/>\n<meta property=\"article:published_time\" content=\"2025-09-25T07:07:11+00:00\" \/>\n<meta property=\"og:image\" content=\"https:\/\/www.ilnotiziario.net\/wp\/wp-content\/uploads\/2021\/02\/automedica-con-ambulanza-e-carabinieri-per-TSO.jpg\" \/>\n\t<meta property=\"og:image:width\" content=\"1200\" \/>\n\t<meta property=\"og:image:height\" content=\"900\" \/>\n\t<meta property=\"og:image:type\" content=\"image\/jpeg\" \/>\n<meta name=\"author\" content=\"Alessandro Sala\" \/>\n<meta name=\"twitter:card\" content=\"summary_large_image\" \/>\n<meta name=\"twitter:creator\" content=\"@ilNotiziarioInd\" \/>\n<meta name=\"twitter:site\" content=\"@ilNotiziarioInd\" \/>\n<meta name=\"twitter:label1\" content=\"Scritto da\" \/>\n\t<meta name=\"twitter:data1\" content=\"Alessandro Sala\" \/>\n\t<meta name=\"twitter:label2\" content=\"Tempo di lettura stimato\" \/>\n\t<meta name=\"twitter:data2\" content=\"2 minuti\" \/>\n<script type=\"application\/ld+json\" class=\"yoast-schema-graph\">{\"@context\":\"https:\\\/\\\/schema.org\",\"@graph\":[{\"@type\":\"Article\",\"@id\":\"https:\\\/\\\/www.ilnotiziario.net\\\/wp\\\/prima-pagina\\\/bollate-uomo-accoltellato-in-strada-nel-centro-di-cassina-nuova\\\/#article\",\"isPartOf\":{\"@id\":\"https:\\\/\\\/www.ilnotiziario.net\\\/wp\\\/prima-pagina\\\/bollate-uomo-accoltellato-in-strada-nel-centro-di-cassina-nuova\\\/\"},\"author\":{\"name\":\"Alessandro Sala\",\"@id\":\"https:\\\/\\\/www.ilnotiziario.net\\\/wp\\\/#\\\/schema\\\/person\\\/010339118cc82fd5f898da6508eaaf34\"},\"headline\":\"Bollate, uomo accoltellato in strada nel centro di Cassina Nuova\",\"datePublished\":\"2025-09-25T07:07:11+00:00\",\"mainEntityOfPage\":{\"@id\":\"https:\\\/\\\/www.ilnotiziario.net\\\/wp\\\/prima-pagina\\\/bollate-uomo-accoltellato-in-strada-nel-centro-di-cassina-nuova\\\/\"},\"wordCount\":208,\"publisher\":{\"@id\":\"https:\\\/\\\/www.ilnotiziario.net\\\/wp\\\/#organization\"},\"image\":{\"@id\":\"https:\\\/\\\/www.ilnotiziario.net\\\/wp\\\/prima-pagina\\\/bollate-uomo-accoltellato-in-strada-nel-centro-di-cassina-nuova\\\/#primaryimage\"},\"thumbnailUrl\":\"https:\\\/\\\/www.ilnotiziario.net\\\/wp\\\/wp-content\\\/uploads\\\/2021\\\/02\\\/automedica-con-ambulanza-e-carabinieri-per-TSO.jpg\",\"keywords\":[\"accoltellato\",\"Bollate\",\"Carabinieri\",\"cassina nuova\"],\"articleSection\":[\"BOLLATESE\",\"Prima Pagina\"],\"inLanguage\":\"it-IT\"},{\"@type\":\"WebPage\",\"@id\":\"https:\\\/\\\/www.ilnotiziario.net\\\/wp\\\/prima-pagina\\\/bollate-uomo-accoltellato-in-strada-nel-centro-di-cassina-nuova\\\/\",\"url\":\"https:\\\/\\\/www.ilnotiziario.net\\\/wp\\\/prima-pagina\\\/bollate-uomo-accoltellato-in-strada-nel-centro-di-cassina-nuova\\\/\",\"name\":\"Bollate, uomo accoltellato in strada nel centro di Cassina Nuova - Il Notiziario\",\"isPartOf\":{\"@id\":\"https:\\\/\\\/www.ilnotiziario.net\\\/wp\\\/#website\"},\"primaryImageOfPage\":{\"@id\":\"https:\\\/\\\/www.ilnotiziario.net\\\/wp\\\/prima-pagina\\\/bollate-uomo-accoltellato-in-strada-nel-centro-di-cassina-nuova\\\/#primaryimage\"},\"image\":{\"@id\":\"https:\\\/\\\/www.ilnotiziario.net\\\/wp\\\/prima-pagina\\\/bollate-uomo-accoltellato-in-strada-nel-centro-di-cassina-nuova\\\/#primaryimage\"},\"thumbnailUrl\":\"https:\\\/\\\/www.ilnotiziario.net\\\/wp\\\/wp-content\\\/uploads\\\/2021\\\/02\\\/automedica-con-ambulanza-e-carabinieri-per-TSO.jpg\",\"datePublished\":\"2025-09-25T07:07:11+00:00\",\"description\":\"Paura a Cassina Nuova di Bollate nella notte tra mercoled\u00ec e gioved\u00ec, dove un uomo \u00e8 stato accoltellato in strada. E' successo poco dopo la mezzanotte,\",\"breadcrumb\":{\"@id\":\"https:\\\/\\\/www.ilnotiziario.net\\\/wp\\\/prima-pagina\\\/bollate-uomo-accoltellato-in-strada-nel-centro-di-cassina-nuova\\\/#breadcrumb\"},\"inLanguage\":\"it-IT\",\"potentialAction\":[{\"@type\":\"ReadAction\",\"target\":[\"https:\\\/\\\/www.ilnotiziario.net\\\/wp\\\/prima-pagina\\\/bollate-uomo-accoltellato-in-strada-nel-centro-di-cassina-nuova\\\/\"]}]},{\"@type\":\"ImageObject\",\"inLanguage\":\"it-IT\",\"@id\":\"https:\\\/\\\/www.ilnotiziario.net\\\/wp\\\/prima-pagina\\\/bollate-uomo-accoltellato-in-strada-nel-centro-di-cassina-nuova\\\/#primaryimage\",\"url\":\"https:\\\/\\\/www.ilnotiziario.net\\\/wp\\\/wp-content\\\/uploads\\\/2021\\\/02\\\/automedica-con-ambulanza-e-carabinieri-per-TSO.jpg\",\"contentUrl\":\"https:\\\/\\\/www.ilnotiziario.net\\\/wp\\\/wp-content\\\/uploads\\\/2021\\\/02\\\/automedica-con-ambulanza-e-carabinieri-per-TSO.jpg\",\"width\":1200,\"height\":900,\"caption\":\"immagine di repertorio\"},{\"@type\":\"BreadcrumbList\",\"@id\":\"https:\\\/\\\/www.ilnotiziario.net\\\/wp\\\/prima-pagina\\\/bollate-uomo-accoltellato-in-strada-nel-centro-di-cassina-nuova\\\/#breadcrumb\",\"itemListElement\":[{\"@type\":\"ListItem\",\"position\":1,\"name\":\"tds_text_logo_tagline_colortds_text_logo_tagline_colortds_text_logo_tagline_colortds_text_logo_tagline_colortd_module_7_title_excerpttd_module_7_title_excerpttd_module_7_title_excerpttd_module_7_title_excerptHome\",\"item\":\"https:\\\/\\\/www.ilnotiziario.net\\\/wp\\\/\"},{\"@type\":\"ListItem\",\"position\":2,\"name\":\"Bollate, uomo accoltellato in strada nel centro di Cassina Nuova\"}]},{\"@type\":\"WebSite\",\"@id\":\"https:\\\/\\\/www.ilnotiziario.net\\\/wp\\\/#website\",\"url\":\"https:\\\/\\\/www.ilnotiziario.net\\\/wp\\\/\",\"name\":\"Il Notiziario\",\"description\":\"Per restare sempre connessi alla notizia\",\"publisher\":{\"@id\":\"https:\\\/\\\/www.ilnotiziario.net\\\/wp\\\/#organization\"},\"alternateName\":\"Il Notiziario Bollate\",\"potentialAction\":[{\"@type\":\"SearchAction\",\"target\":{\"@type\":\"EntryPoint\",\"urlTemplate\":\"https:\\\/\\\/www.ilnotiziario.net\\\/wp\\\/?s={search_term_string}\"},\"query-input\":{\"@type\":\"PropertyValueSpecification\",\"valueRequired\":true,\"valueName\":\"search_term_string\"}}],\"inLanguage\":\"it-IT\"},{\"@type\":\"Organization\",\"@id\":\"https:\\\/\\\/www.ilnotiziario.net\\\/wp\\\/#organization\",\"name\":\"Il Notiziario\",\"url\":\"https:\\\/\\\/www.ilnotiziario.net\\\/wp\\\/\",\"logo\":{\"@type\":\"ImageObject\",\"inLanguage\":\"it-IT\",\"@id\":\"https:\\\/\\\/www.ilnotiziario.net\\\/wp\\\/#\\\/schema\\\/logo\\\/image\\\/\",\"url\":\"https:\\\/\\\/www.ilnotiziario.net\\\/wp\\\/wp-content\\\/uploads\\\/2022\\\/06\\\/170x170ilN.png\",\"contentUrl\":\"https:\\\/\\\/www.ilnotiziario.net\\\/wp\\\/wp-content\\\/uploads\\\/2022\\\/06\\\/170x170ilN.png\",\"width\":355,\"height\":355,\"caption\":\"Il Notiziario\"},\"image\":{\"@id\":\"https:\\\/\\\/www.ilnotiziario.net\\\/wp\\\/#\\\/schema\\\/logo\\\/image\\\/\"},\"sameAs\":[\"https:\\\/\\\/www.facebook.com\\\/ilnotiziarioind\\\/\",\"https:\\\/\\\/x.com\\\/ilNotiziarioInd\",\"https:\\\/\\\/www.instagram.com\\\/ilnotiziario_settimanale\\\/\"]},{\"@type\":\"Person\",\"@id\":\"https:\\\/\\\/www.ilnotiziario.net\\\/wp\\\/#\\\/schema\\\/person\\\/010339118cc82fd5f898da6508eaaf34\",\"name\":\"Alessandro Sala\",\"image\":{\"@type\":\"ImageObject\",\"inLanguage\":\"it-IT\",\"@id\":\"https:\\\/\\\/secure.gravatar.com\\\/avatar\\\/a0d1942058e31b680b73d77603b24208638aa7af79fac28ab4d9f968ca449f2d?s=96&d=mm&r=g\",\"url\":\"https:\\\/\\\/secure.gravatar.com\\\/avatar\\\/a0d1942058e31b680b73d77603b24208638aa7af79fac28ab4d9f968ca449f2d?s=96&d=mm&r=g\",\"contentUrl\":\"https:\\\/\\\/secure.gravatar.com\\\/avatar\\\/a0d1942058e31b680b73d77603b24208638aa7af79fac28ab4d9f968ca449f2d?s=96&d=mm&r=g\",\"caption\":\"Alessandro Sala\"}}]}<\/script>\n<!-- \/ Yoast SEO plugin. -->","yoast_head_json":{"title":"Bollate, uomo accoltellato in strada nel centro di Cassina Nuova - Il Notiziario","description":"Paura a Cassina Nuova di Bollate nella notte tra mercoled\u00ec e gioved\u00ec, dove un uomo \u00e8 stato accoltellato in strada. E' successo poco dopo la mezzanotte,","robots":{"index":"index","follow":"follow","max-snippet":"max-snippet:-1","max-image-preview":"max-image-preview:large","max-video-preview":"max-video-preview:-1"},"canonical":"https:\/\/www.ilnotiziario.net\/wp\/prima-pagina\/bollate-uomo-accoltellato-in-strada-nel-centro-di-cassina-nuova\/","og_locale":"it_IT","og_type":"article","og_title":"Bollate, uomo accoltellato in strada nel centro di Cassina Nuova - Il Notiziario","og_description":"Paura a Cassina Nuova di Bollate nella notte tra mercoled\u00ec e gioved\u00ec, dove un uomo \u00e8 stato accoltellato in strada. E' successo poco dopo la mezzanotte,","og_url":"https:\/\/www.ilnotiziario.net\/wp\/prima-pagina\/bollate-uomo-accoltellato-in-strada-nel-centro-di-cassina-nuova\/","og_site_name":"Il Notiziario","article_publisher":"https:\/\/www.facebook.com\/ilnotiziarioind\/","article_published_time":"2025-09-25T07:07:11+00:00","og_image":[{"width":1200,"height":900,"url":"https:\/\/www.ilnotiziario.net\/wp\/wp-content\/uploads\/2021\/02\/automedica-con-ambulanza-e-carabinieri-per-TSO.jpg","type":"image\/jpeg"}],"author":"Alessandro Sala","twitter_card":"summary_large_image","twitter_creator":"@ilNotiziarioInd","twitter_site":"@ilNotiziarioInd","twitter_misc":{"Scritto da":"Alessandro Sala","Tempo di lettura stimato":"2 minuti"},"schema":{"@context":"https:\/\/schema.org","@graph":[{"@type":"Article","@id":"https:\/\/www.ilnotiziario.net\/wp\/prima-pagina\/bollate-uomo-accoltellato-in-strada-nel-centro-di-cassina-nuova\/#article","isPartOf":{"@id":"https:\/\/www.ilnotiziario.net\/wp\/prima-pagina\/bollate-uomo-accoltellato-in-strada-nel-centro-di-cassina-nuova\/"},"author":{"name":"Alessandro Sala","@id":"https:\/\/www.ilnotiziario.net\/wp\/#\/schema\/person\/010339118cc82fd5f898da6508eaaf34"},"headline":"Bollate, uomo accoltellato in strada nel centro di Cassina Nuova","datePublished":"2025-09-25T07:07:11+00:00","mainEntityOfPage":{"@id":"https:\/\/www.ilnotiziario.net\/wp\/prima-pagina\/bollate-uomo-accoltellato-in-strada-nel-centro-di-cassina-nuova\/"},"wordCount":208,"publisher":{"@id":"https:\/\/www.ilnotiziario.net\/wp\/#organization"},"image":{"@id":"https:\/\/www.ilnotiziario.net\/wp\/prima-pagina\/bollate-uomo-accoltellato-in-strada-nel-centro-di-cassina-nuova\/#primaryimage"},"thumbnailUrl":"https:\/\/www.ilnotiziario.net\/wp\/wp-content\/uploads\/2021\/02\/automedica-con-ambulanza-e-carabinieri-per-TSO.jpg","keywords":["accoltellato","Bollate","Carabinieri","cassina nuova"],"articleSection":["BOLLATESE","Prima Pagina"],"inLanguage":"it-IT"},{"@type":"WebPage","@id":"https:\/\/www.ilnotiziario.net\/wp\/prima-pagina\/bollate-uomo-accoltellato-in-strada-nel-centro-di-cassina-nuova\/","url":"https:\/\/www.ilnotiziario.net\/wp\/prima-pagina\/bollate-uomo-accoltellato-in-strada-nel-centro-di-cassina-nuova\/","name":"Bollate, uomo accoltellato in strada nel centro di Cassina Nuova - Il Notiziario","isPartOf":{"@id":"https:\/\/www.ilnotiziario.net\/wp\/#website"},"primaryImageOfPage":{"@id":"https:\/\/www.ilnotiziario.net\/wp\/prima-pagina\/bollate-uomo-accoltellato-in-strada-nel-centro-di-cassina-nuova\/#primaryimage"},"image":{"@id":"https:\/\/www.ilnotiziario.net\/wp\/prima-pagina\/bollate-uomo-accoltellato-in-strada-nel-centro-di-cassina-nuova\/#primaryimage"},"thumbnailUrl":"https:\/\/www.ilnotiziario.net\/wp\/wp-content\/uploads\/2021\/02\/automedica-con-ambulanza-e-carabinieri-per-TSO.jpg","datePublished":"2025-09-25T07:07:11+00:00","description":"Paura a Cassina Nuova di Bollate nella notte tra mercoled\u00ec e gioved\u00ec, dove un uomo \u00e8 stato accoltellato in strada. E' successo poco dopo la mezzanotte,","breadcrumb":{"@id":"https:\/\/www.ilnotiziario.net\/wp\/prima-pagina\/bollate-uomo-accoltellato-in-strada-nel-centro-di-cassina-nuova\/#breadcrumb"},"inLanguage":"it-IT","potentialAction":[{"@type":"ReadAction","target":["https:\/\/www.ilnotiziario.net\/wp\/prima-pagina\/bollate-uomo-accoltellato-in-strada-nel-centro-di-cassina-nuova\/"]}]},{"@type":"ImageObject","inLanguage":"it-IT","@id":"https:\/\/www.ilnotiziario.net\/wp\/prima-pagina\/bollate-uomo-accoltellato-in-strada-nel-centro-di-cassina-nuova\/#primaryimage","url":"https:\/\/www.ilnotiziario.net\/wp\/wp-content\/uploads\/2021\/02\/automedica-con-ambulanza-e-carabinieri-per-TSO.jpg","contentUrl":"https:\/\/www.ilnotiziario.net\/wp\/wp-content\/uploads\/2021\/02\/automedica-con-ambulanza-e-carabinieri-per-TSO.jpg","width":1200,"height":900,"caption":"immagine di repertorio"},{"@type":"BreadcrumbList","@id":"https:\/\/www.ilnotiziario.net\/wp\/prima-pagina\/bollate-uomo-accoltellato-in-strada-nel-centro-di-cassina-nuova\/#breadcrumb","itemListElement":[{"@type":"ListItem","position":1,"name":"tds_text_logo_tagline_colortds_text_logo_tagline_colortds_text_logo_tagline_colortds_text_logo_tagline_colortd_module_7_title_excerpttd_module_7_title_excerpttd_module_7_title_excerpttd_module_7_title_excerptHome","item":"https:\/\/www.ilnotiziario.net\/wp\/"},{"@type":"ListItem","position":2,"name":"Bollate, uomo accoltellato in strada nel centro di Cassina Nuova"}]},{"@type":"WebSite","@id":"https:\/\/www.ilnotiziario.net\/wp\/#website","url":"https:\/\/www.ilnotiziario.net\/wp\/","name":"Il Notiziario","description":"Per restare sempre connessi alla notizia","publisher":{"@id":"https:\/\/www.ilnotiziario.net\/wp\/#organization"},"alternateName":"Il Notiziario Bollate","potentialAction":[{"@type":"SearchAction","target":{"@type":"EntryPoint","urlTemplate":"https:\/\/www.ilnotiziario.net\/wp\/?s={search_term_string}"},"query-input":{"@type":"PropertyValueSpecification","valueRequired":true,"valueName":"search_term_string"}}],"inLanguage":"it-IT"},{"@type":"Organization","@id":"https:\/\/www.ilnotiziario.net\/wp\/#organization","name":"Il Notiziario","url":"https:\/\/www.ilnotiziario.net\/wp\/","logo":{"@type":"ImageObject","inLanguage":"it-IT","@id":"https:\/\/www.ilnotiziario.net\/wp\/#\/schema\/logo\/image\/","url":"https:\/\/www.ilnotiziario.net\/wp\/wp-content\/uploads\/2022\/06\/170x170ilN.png","contentUrl":"https:\/\/www.ilnotiziario.net\/wp\/wp-content\/uploads\/2022\/06\/170x170ilN.png","width":355,"height":355,"caption":"Il Notiziario"},"image":{"@id":"https:\/\/www.ilnotiziario.net\/wp\/#\/schema\/logo\/image\/"},"sameAs":["https:\/\/www.facebook.com\/ilnotiziarioind\/","https:\/\/x.com\/ilNotiziarioInd","https:\/\/www.instagram.com\/ilnotiziario_settimanale\/"]},{"@type":"Person","@id":"https:\/\/www.ilnotiziario.net\/wp\/#\/schema\/person\/010339118cc82fd5f898da6508eaaf34","name":"Alessandro Sala","image":{"@type":"ImageObject","inLanguage":"it-IT","@id":"https:\/\/secure.gravatar.com\/avatar\/a0d1942058e31b680b73d77603b24208638aa7af79fac28ab4d9f968ca449f2d?s=96&d=mm&r=g","url":"https:\/\/secure.gravatar.com\/avatar\/a0d1942058e31b680b73d77603b24208638aa7af79fac28ab4d9f968ca449f2d?s=96&d=mm&r=g","contentUrl":"https:\/\/secure.gravatar.com\/avatar\/a0d1942058e31b680b73d77603b24208638aa7af79fac28ab4d9f968ca449f2d?s=96&d=mm&r=g","caption":"Alessandro Sala"}}]}},"_links":{"self":[{"href":"https:\/\/www.ilnotiziario.net\/wp\/wp-json\/wp\/v2\/posts\/209835","targetHints":{"allow":["GET"]}}],"collection":[{"href":"https:\/\/www.ilnotiziario.net\/wp\/wp-json\/wp\/v2\/posts"}],"about":[{"href":"https:\/\/www.ilnotiziario.net\/wp\/wp-json\/wp\/v2\/types\/post"}],"author":[{"embeddable":true,"href":"https:\/\/www.ilnotiziario.net\/wp\/wp-json\/wp\/v2\/users\/24"}],"replies":[{"embeddable":true,"href":"https:\/\/www.ilnotiziario.net\/wp\/wp-json\/wp\/v2\/comments?post=209835"}],"version-history":[{"count":0,"href":"https:\/\/www.ilnotiziario.net\/wp\/wp-json\/wp\/v2\/posts\/209835\/revisions"}],"wp:featuredmedia":[{"embeddable":true,"href":"https:\/\/www.ilnotiziario.net\/wp\/wp-json\/wp\/v2\/media\/147435"}],"wp:attachment":[{"href":"https:\/\/www.ilnotiziario.net\/wp\/wp-json\/wp\/v2\/media?parent=209835"}],"wp:term":[{"taxonomy":"category","embeddable":true,"href":"https:\/\/www.ilnotiziario.net\/wp\/wp-json\/wp\/v2\/categories?post=209835"},{"taxonomy":"post_tag","embeddable":true,"href":"https:\/\/www.ilnotiziario.net\/wp\/wp-json\/wp\/v2\/tags?post=209835"}],"curies":[{"name":"wp","href":"https:\/\/api.w.org\/{rel}","templated":true}]}}