{"id":209987,"date":"2025-09-29T15:07:02","date_gmt":"2025-09-29T13:07:02","guid":{"rendered":"https:\/\/www.ilnotiziario.net\/wp\/?p=209987"},"modified":"2025-09-29T15:07:02","modified_gmt":"2025-09-29T13:07:02","slug":"trenord-per-il-nuovo-sciopero-nazionale-treni-a-rischio-da-dalle-21-del-2-e-per-tutta-la-giornata-del-3-ottobre","status":"publish","type":"post","link":"https:\/\/www.ilnotiziario.net\/wp\/prima-pagina\/trenord-per-il-nuovo-sciopero-nazionale-treni-a-rischio-da-dalle-21-del-2-e-per-tutta-la-giornata-del-3-ottobre\/","title":{"rendered":"Trenord, per il nuovo sciopero nazionale, treni a rischio da dalle 21 del 2 e per tutta la giornata del 3 ottobre"},"content":{"rendered":"<p>Un nuovo sciopero nazionale, proclamato dal sindacato SI Cobas, coinvolger\u00e0 anche i servizi Trenord a partire dalle 21 di gioved\u00ec 2 ottobre fino alle 20:59 di venerd\u00ec 3 ottobre 2025.<\/p><div id=\"ilnot-3477278741\" class=\"ilnot-contenuto ilnot-entity-placement\"><p><!-- incontent_1 --><\/p>\n<div class=\"gptslot\" data-adunitid=\"1\"><\/div>\n<\/div>\n<h2>Nuovo sciopero nazionale, treni a rischio il 3 ottobre<\/h2>\n<p>L\u2019agitazione interesser\u00e0 il trasporto regionale, suburbano, aeroportuale e la lunga percorrenza, con inevitabili ripercussioni per migliaia di pendolari lombardi che ogni giorno affidano i loro spostamenti al treno. L\u2019azienda precisa che saranno comunque attive le fasce di garanzia tra le 6 e le 9 e tra le 18 e le 21, durante le quali circoleranno i treni inclusi nell\u2019elenco delle corse tutelate.<\/p>\n<p>Inoltre, gioved\u00ec 2 viaggeranno anche i convogli con partenza prevista entro le 21 e arrivo nella destinazione finale entro le 22. In caso di cancellazione dei collegamenti aeroportuali, \u00e8 stato predisposto un servizio di autobus sostitutivi senza fermate intermedie sia da Milano Cadorna verso Malpensa, sia da Stabio all\u2019aeroporto.<\/p><div id=\"ilnot-2209253426\" class=\"ilnot-contenuto_2 ilnot-entity-placement\"><div class=\"ads-wrapper\">\n<div class=\"ad-slot\">\n   <div id=\"ilnot-811930369\" style=\"margin-right: auto;margin-left: auto;text-align: center;width: 320px;height: 100px;\"><a href=\"https:\/\/www.scuolasicurezza.it\/\"><img decoding=\"async\" src=\"https:\/\/www.ilnotiziario.net\/wp\/wp-content\/uploads\/2026\/04\/IlNotiziario_banner-sito-e-newsletter-320-x-100-px-1.gif\" alt=\"\"><\/a><\/div>\n  <\/div>\n<div class=\"ad-slot\">\n   <div id=\"ilnot-3014327395\" style=\"margin-right: auto;margin-left: auto;text-align: center;width: 320px;height: 100px;\"><a href=\"https:\/\/purodesignarredamenti.com\/\"><img decoding=\"async\" src=\"https:\/\/www.ilnotiziario.net\/wp\/wp-content\/uploads\/2026\/04\/banner-puro-ok.gif\" alt=\"whatsapp\"><\/a><\/div><\/p><\/div>\n<\/div>\n<\/div>\n<p>Anche questa mobilitazione si inserisce nel contesto delle proteste legate agli avvenimenti di Gaza e non fa che aumentare le preoccupazioni degli utenti, gi\u00e0 messi in seria difficolt\u00e0 il 22 settembre scorso. In quella data uno sciopero precedente, aggravato dagli effetti di una violenta alluvione che ha paralizzato diverse aree della Lombardia, ha creato notevoli disagi alla circolazione ferroviaria e costretto molti viaggiatori a ritardi e disservizi prolungati.<\/p>\n<p>I pendolari temono che lo scenario possa ripetersi, rendendo ancora pi\u00f9 fragile la regolarit\u00e0 degli spostamenti quotidiani e alimentando il malcontento diffuso. Trenord invita gli utenti a consultare in tempo reale app e sito ufficiale per restare aggiornati sulla circolazione.<\/p>\n<p>&nbsp;<\/p>\n<p><strong>Nicholas Ninno\u00a0<\/strong><\/p><div id=\"ilnot-2629148464\" class=\"ilnot-contenuto_2-2 ilnot-entity-placement\"><div class=\"gptslot\" data-adunitid=\"2\"><\/div>\n<\/div>\n","protected":false},"excerpt":{"rendered":"<p>Un nuovo sciopero nazionale, proclamato dal sindacato SI Cobas, coinvolger\u00e0 anche i servizi Trenord a partire dalle 21 di gioved\u00ec 2 ottobre fino alle 20:59 di venerd\u00ec 3 ottobre 2025. Nuovo sciopero nazionale, treni a rischio il 3 ottobre L\u2019agitazione interesser\u00e0 il trasporto regionale, suburbano, aeroportuale e la lunga percorrenza, con inevitabili ripercussioni per migliaia<\/p>\n","protected":false},"author":3,"featured_media":209988,"comment_status":"closed","ping_status":"closed","sticky":false,"template":"","format":"standard","meta":{"footnotes":""},"categories":[3464,20],"tags":[421,710,34],"class_list":{"0":"post-209987","1":"post","2":"type-post","3":"status-publish","4":"format-standard","5":"has-post-thumbnail","7":"category-lombardia","8":"category-prima-pagina","9":"tag-sciopero","10":"tag-treni","11":"tag-trenord"},"yoast_head":"<!-- This site is optimized with the Yoast SEO plugin v27.5 - https:\/\/yoast.com\/product\/yoast-seo-wordpress\/ -->\n<title>Trenord, per il nuovo sciopero nazionale, treni a rischio da dalle 21 del 2 e per tutta la giornata del 3 ottobre - Il Notiziario<\/title>\n<meta name=\"description\" content=\"Un nuovo sciopero nazionale, proclamato dal sindacato SI Cobas, coinvolger\u00e0 anche i servizi Trenord a partire dalle 21 di gioved\u00ec 2 ottobre fino alle\" \/>\n<meta name=\"robots\" content=\"index, follow, max-snippet:-1, max-image-preview:large, max-video-preview:-1\" \/>\n<link rel=\"canonical\" href=\"https:\/\/www.ilnotiziario.net\/wp\/prima-pagina\/trenord-per-il-nuovo-sciopero-nazionale-treni-a-rischio-da-dalle-21-del-2-e-per-tutta-la-giornata-del-3-ottobre\/\" \/>\n<meta property=\"og:locale\" content=\"it_IT\" \/>\n<meta property=\"og:type\" content=\"article\" \/>\n<meta property=\"og:title\" content=\"Trenord, per il nuovo sciopero nazionale, treni a rischio da dalle 21 del 2 e per tutta la giornata del 3 ottobre - Il Notiziario\" \/>\n<meta property=\"og:description\" content=\"Un nuovo sciopero nazionale, proclamato dal sindacato SI Cobas, coinvolger\u00e0 anche i servizi Trenord a partire dalle 21 di gioved\u00ec 2 ottobre fino alle\" \/>\n<meta property=\"og:url\" content=\"https:\/\/www.ilnotiziario.net\/wp\/prima-pagina\/trenord-per-il-nuovo-sciopero-nazionale-treni-a-rischio-da-dalle-21-del-2-e-per-tutta-la-giornata-del-3-ottobre\/\" \/>\n<meta property=\"og:site_name\" content=\"Il Notiziario\" \/>\n<meta property=\"article:publisher\" content=\"https:\/\/www.facebook.com\/ilnotiziarioind\/\" \/>\n<meta property=\"article:published_time\" content=\"2025-09-29T13:07:02+00:00\" \/>\n<meta property=\"og:image\" content=\"https:\/\/www.ilnotiziario.net\/wp\/wp-content\/uploads\/2025\/09\/Scuopero-Trenord-3-ottobre.jpeg\" \/>\n\t<meta property=\"og:image:width\" content=\"792\" \/>\n\t<meta property=\"og:image:height\" content=\"560\" \/>\n\t<meta property=\"og:image:type\" content=\"image\/jpeg\" \/>\n<meta name=\"author\" content=\"Gabriele Bassani\" \/>\n<meta name=\"twitter:card\" content=\"summary_large_image\" \/>\n<meta name=\"twitter:creator\" content=\"@ilNotiziarioInd\" \/>\n<meta name=\"twitter:site\" content=\"@ilNotiziarioInd\" \/>\n<meta name=\"twitter:label1\" content=\"Scritto da\" \/>\n\t<meta name=\"twitter:data1\" content=\"Gabriele Bassani\" \/>\n\t<meta name=\"twitter:label2\" content=\"Tempo di lettura stimato\" \/>\n\t<meta name=\"twitter:data2\" content=\"2 minuti\" \/>\n<script type=\"application\/ld+json\" class=\"yoast-schema-graph\">{\"@context\":\"https:\\\/\\\/schema.org\",\"@graph\":[{\"@type\":\"Article\",\"@id\":\"https:\\\/\\\/www.ilnotiziario.net\\\/wp\\\/prima-pagina\\\/trenord-per-il-nuovo-sciopero-nazionale-treni-a-rischio-da-dalle-21-del-2-e-per-tutta-la-giornata-del-3-ottobre\\\/#article\",\"isPartOf\":{\"@id\":\"https:\\\/\\\/www.ilnotiziario.net\\\/wp\\\/prima-pagina\\\/trenord-per-il-nuovo-sciopero-nazionale-treni-a-rischio-da-dalle-21-del-2-e-per-tutta-la-giornata-del-3-ottobre\\\/\"},\"author\":{\"name\":\"Gabriele Bassani\",\"@id\":\"https:\\\/\\\/www.ilnotiziario.net\\\/wp\\\/#\\\/schema\\\/person\\\/386e222908f898bb41c033989482bbf2\"},\"headline\":\"Trenord, per il nuovo sciopero nazionale, treni a rischio da dalle 21 del 2 e per tutta la giornata del 3 ottobre\",\"datePublished\":\"2025-09-29T13:07:02+00:00\",\"mainEntityOfPage\":{\"@id\":\"https:\\\/\\\/www.ilnotiziario.net\\\/wp\\\/prima-pagina\\\/trenord-per-il-nuovo-sciopero-nazionale-treni-a-rischio-da-dalle-21-del-2-e-per-tutta-la-giornata-del-3-ottobre\\\/\"},\"wordCount\":269,\"publisher\":{\"@id\":\"https:\\\/\\\/www.ilnotiziario.net\\\/wp\\\/#organization\"},\"image\":{\"@id\":\"https:\\\/\\\/www.ilnotiziario.net\\\/wp\\\/prima-pagina\\\/trenord-per-il-nuovo-sciopero-nazionale-treni-a-rischio-da-dalle-21-del-2-e-per-tutta-la-giornata-del-3-ottobre\\\/#primaryimage\"},\"thumbnailUrl\":\"https:\\\/\\\/www.ilnotiziario.net\\\/wp\\\/wp-content\\\/uploads\\\/2025\\\/09\\\/Scuopero-Trenord-3-ottobre.jpeg\",\"keywords\":[\"sciopero\",\"Treni\",\"Trenord\"],\"articleSection\":[\"CRONACA\",\"Prima Pagina\"],\"inLanguage\":\"it-IT\"},{\"@type\":\"WebPage\",\"@id\":\"https:\\\/\\\/www.ilnotiziario.net\\\/wp\\\/prima-pagina\\\/trenord-per-il-nuovo-sciopero-nazionale-treni-a-rischio-da-dalle-21-del-2-e-per-tutta-la-giornata-del-3-ottobre\\\/\",\"url\":\"https:\\\/\\\/www.ilnotiziario.net\\\/wp\\\/prima-pagina\\\/trenord-per-il-nuovo-sciopero-nazionale-treni-a-rischio-da-dalle-21-del-2-e-per-tutta-la-giornata-del-3-ottobre\\\/\",\"name\":\"Trenord, per il nuovo sciopero nazionale, treni a rischio da dalle 21 del 2 e per tutta la giornata del 3 ottobre - Il Notiziario\",\"isPartOf\":{\"@id\":\"https:\\\/\\\/www.ilnotiziario.net\\\/wp\\\/#website\"},\"primaryImageOfPage\":{\"@id\":\"https:\\\/\\\/www.ilnotiziario.net\\\/wp\\\/prima-pagina\\\/trenord-per-il-nuovo-sciopero-nazionale-treni-a-rischio-da-dalle-21-del-2-e-per-tutta-la-giornata-del-3-ottobre\\\/#primaryimage\"},\"image\":{\"@id\":\"https:\\\/\\\/www.ilnotiziario.net\\\/wp\\\/prima-pagina\\\/trenord-per-il-nuovo-sciopero-nazionale-treni-a-rischio-da-dalle-21-del-2-e-per-tutta-la-giornata-del-3-ottobre\\\/#primaryimage\"},\"thumbnailUrl\":\"https:\\\/\\\/www.ilnotiziario.net\\\/wp\\\/wp-content\\\/uploads\\\/2025\\\/09\\\/Scuopero-Trenord-3-ottobre.jpeg\",\"datePublished\":\"2025-09-29T13:07:02+00:00\",\"description\":\"Un nuovo sciopero nazionale, proclamato dal sindacato SI Cobas, coinvolger\u00e0 anche i servizi Trenord a partire dalle 21 di gioved\u00ec 2 ottobre fino alle\",\"breadcrumb\":{\"@id\":\"https:\\\/\\\/www.ilnotiziario.net\\\/wp\\\/prima-pagina\\\/trenord-per-il-nuovo-sciopero-nazionale-treni-a-rischio-da-dalle-21-del-2-e-per-tutta-la-giornata-del-3-ottobre\\\/#breadcrumb\"},\"inLanguage\":\"it-IT\",\"potentialAction\":[{\"@type\":\"ReadAction\",\"target\":[\"https:\\\/\\\/www.ilnotiziario.net\\\/wp\\\/prima-pagina\\\/trenord-per-il-nuovo-sciopero-nazionale-treni-a-rischio-da-dalle-21-del-2-e-per-tutta-la-giornata-del-3-ottobre\\\/\"]}]},{\"@type\":\"ImageObject\",\"inLanguage\":\"it-IT\",\"@id\":\"https:\\\/\\\/www.ilnotiziario.net\\\/wp\\\/prima-pagina\\\/trenord-per-il-nuovo-sciopero-nazionale-treni-a-rischio-da-dalle-21-del-2-e-per-tutta-la-giornata-del-3-ottobre\\\/#primaryimage\",\"url\":\"https:\\\/\\\/www.ilnotiziario.net\\\/wp\\\/wp-content\\\/uploads\\\/2025\\\/09\\\/Scuopero-Trenord-3-ottobre.jpeg\",\"contentUrl\":\"https:\\\/\\\/www.ilnotiziario.net\\\/wp\\\/wp-content\\\/uploads\\\/2025\\\/09\\\/Scuopero-Trenord-3-ottobre.jpeg\",\"width\":792,\"height\":560,\"caption\":\"trenord sciopero\"},{\"@type\":\"BreadcrumbList\",\"@id\":\"https:\\\/\\\/www.ilnotiziario.net\\\/wp\\\/prima-pagina\\\/trenord-per-il-nuovo-sciopero-nazionale-treni-a-rischio-da-dalle-21-del-2-e-per-tutta-la-giornata-del-3-ottobre\\\/#breadcrumb\",\"itemListElement\":[{\"@type\":\"ListItem\",\"position\":1,\"name\":\"tds_text_logo_tagline_colortds_text_logo_tagline_colortds_text_logo_tagline_colortds_text_logo_tagline_colortd_module_7_title_excerpttd_module_7_title_excerpttd_module_7_title_excerpttd_module_7_title_excerptHome\",\"item\":\"https:\\\/\\\/www.ilnotiziario.net\\\/wp\\\/\"},{\"@type\":\"ListItem\",\"position\":2,\"name\":\"Trenord, per il nuovo sciopero nazionale, treni a rischio da dalle 21 del 2 e per tutta la giornata del 3 ottobre\"}]},{\"@type\":\"WebSite\",\"@id\":\"https:\\\/\\\/www.ilnotiziario.net\\\/wp\\\/#website\",\"url\":\"https:\\\/\\\/www.ilnotiziario.net\\\/wp\\\/\",\"name\":\"Il Notiziario\",\"description\":\"Per restare sempre connessi alla notizia\",\"publisher\":{\"@id\":\"https:\\\/\\\/www.ilnotiziario.net\\\/wp\\\/#organization\"},\"alternateName\":\"Il Notiziario Bollate\",\"potentialAction\":[{\"@type\":\"SearchAction\",\"target\":{\"@type\":\"EntryPoint\",\"urlTemplate\":\"https:\\\/\\\/www.ilnotiziario.net\\\/wp\\\/?s={search_term_string}\"},\"query-input\":{\"@type\":\"PropertyValueSpecification\",\"valueRequired\":true,\"valueName\":\"search_term_string\"}}],\"inLanguage\":\"it-IT\"},{\"@type\":\"Organization\",\"@id\":\"https:\\\/\\\/www.ilnotiziario.net\\\/wp\\\/#organization\",\"name\":\"Il Notiziario\",\"url\":\"https:\\\/\\\/www.ilnotiziario.net\\\/wp\\\/\",\"logo\":{\"@type\":\"ImageObject\",\"inLanguage\":\"it-IT\",\"@id\":\"https:\\\/\\\/www.ilnotiziario.net\\\/wp\\\/#\\\/schema\\\/logo\\\/image\\\/\",\"url\":\"https:\\\/\\\/www.ilnotiziario.net\\\/wp\\\/wp-content\\\/uploads\\\/2022\\\/06\\\/170x170ilN.png\",\"contentUrl\":\"https:\\\/\\\/www.ilnotiziario.net\\\/wp\\\/wp-content\\\/uploads\\\/2022\\\/06\\\/170x170ilN.png\",\"width\":355,\"height\":355,\"caption\":\"Il Notiziario\"},\"image\":{\"@id\":\"https:\\\/\\\/www.ilnotiziario.net\\\/wp\\\/#\\\/schema\\\/logo\\\/image\\\/\"},\"sameAs\":[\"https:\\\/\\\/www.facebook.com\\\/ilnotiziarioind\\\/\",\"https:\\\/\\\/x.com\\\/ilNotiziarioInd\",\"https:\\\/\\\/www.instagram.com\\\/ilnotiziario_settimanale\\\/\"]},{\"@type\":\"Person\",\"@id\":\"https:\\\/\\\/www.ilnotiziario.net\\\/wp\\\/#\\\/schema\\\/person\\\/386e222908f898bb41c033989482bbf2\",\"name\":\"Gabriele Bassani\",\"image\":{\"@type\":\"ImageObject\",\"inLanguage\":\"it-IT\",\"@id\":\"https:\\\/\\\/secure.gravatar.com\\\/avatar\\\/09274f4a84fa97698bde56f84b3afed61c8492d48b0550db9671b68c177479cb?s=96&d=mm&r=g\",\"url\":\"https:\\\/\\\/secure.gravatar.com\\\/avatar\\\/09274f4a84fa97698bde56f84b3afed61c8492d48b0550db9671b68c177479cb?s=96&d=mm&r=g\",\"contentUrl\":\"https:\\\/\\\/secure.gravatar.com\\\/avatar\\\/09274f4a84fa97698bde56f84b3afed61c8492d48b0550db9671b68c177479cb?s=96&d=mm&r=g\",\"caption\":\"Gabriele Bassani\"},\"sameAs\":[\"http:\\\/\\\/www.ilnotiziario.net\"]}]}<\/script>\n<!-- \/ Yoast SEO plugin. -->","yoast_head_json":{"title":"Trenord, per il nuovo sciopero nazionale, treni a rischio da dalle 21 del 2 e per tutta la giornata del 3 ottobre - Il Notiziario","description":"Un nuovo sciopero nazionale, proclamato dal sindacato SI Cobas, coinvolger\u00e0 anche i servizi Trenord a partire dalle 21 di gioved\u00ec 2 ottobre fino alle","robots":{"index":"index","follow":"follow","max-snippet":"max-snippet:-1","max-image-preview":"max-image-preview:large","max-video-preview":"max-video-preview:-1"},"canonical":"https:\/\/www.ilnotiziario.net\/wp\/prima-pagina\/trenord-per-il-nuovo-sciopero-nazionale-treni-a-rischio-da-dalle-21-del-2-e-per-tutta-la-giornata-del-3-ottobre\/","og_locale":"it_IT","og_type":"article","og_title":"Trenord, per il nuovo sciopero nazionale, treni a rischio da dalle 21 del 2 e per tutta la giornata del 3 ottobre - Il Notiziario","og_description":"Un nuovo sciopero nazionale, proclamato dal sindacato SI Cobas, coinvolger\u00e0 anche i servizi Trenord a partire dalle 21 di gioved\u00ec 2 ottobre fino alle","og_url":"https:\/\/www.ilnotiziario.net\/wp\/prima-pagina\/trenord-per-il-nuovo-sciopero-nazionale-treni-a-rischio-da-dalle-21-del-2-e-per-tutta-la-giornata-del-3-ottobre\/","og_site_name":"Il Notiziario","article_publisher":"https:\/\/www.facebook.com\/ilnotiziarioind\/","article_published_time":"2025-09-29T13:07:02+00:00","og_image":[{"width":792,"height":560,"url":"https:\/\/www.ilnotiziario.net\/wp\/wp-content\/uploads\/2025\/09\/Scuopero-Trenord-3-ottobre.jpeg","type":"image\/jpeg"}],"author":"Gabriele Bassani","twitter_card":"summary_large_image","twitter_creator":"@ilNotiziarioInd","twitter_site":"@ilNotiziarioInd","twitter_misc":{"Scritto da":"Gabriele Bassani","Tempo di lettura stimato":"2 minuti"},"schema":{"@context":"https:\/\/schema.org","@graph":[{"@type":"Article","@id":"https:\/\/www.ilnotiziario.net\/wp\/prima-pagina\/trenord-per-il-nuovo-sciopero-nazionale-treni-a-rischio-da-dalle-21-del-2-e-per-tutta-la-giornata-del-3-ottobre\/#article","isPartOf":{"@id":"https:\/\/www.ilnotiziario.net\/wp\/prima-pagina\/trenord-per-il-nuovo-sciopero-nazionale-treni-a-rischio-da-dalle-21-del-2-e-per-tutta-la-giornata-del-3-ottobre\/"},"author":{"name":"Gabriele Bassani","@id":"https:\/\/www.ilnotiziario.net\/wp\/#\/schema\/person\/386e222908f898bb41c033989482bbf2"},"headline":"Trenord, per il nuovo sciopero nazionale, treni a rischio da dalle 21 del 2 e per tutta la giornata del 3 ottobre","datePublished":"2025-09-29T13:07:02+00:00","mainEntityOfPage":{"@id":"https:\/\/www.ilnotiziario.net\/wp\/prima-pagina\/trenord-per-il-nuovo-sciopero-nazionale-treni-a-rischio-da-dalle-21-del-2-e-per-tutta-la-giornata-del-3-ottobre\/"},"wordCount":269,"publisher":{"@id":"https:\/\/www.ilnotiziario.net\/wp\/#organization"},"image":{"@id":"https:\/\/www.ilnotiziario.net\/wp\/prima-pagina\/trenord-per-il-nuovo-sciopero-nazionale-treni-a-rischio-da-dalle-21-del-2-e-per-tutta-la-giornata-del-3-ottobre\/#primaryimage"},"thumbnailUrl":"https:\/\/www.ilnotiziario.net\/wp\/wp-content\/uploads\/2025\/09\/Scuopero-Trenord-3-ottobre.jpeg","keywords":["sciopero","Treni","Trenord"],"articleSection":["CRONACA","Prima Pagina"],"inLanguage":"it-IT"},{"@type":"WebPage","@id":"https:\/\/www.ilnotiziario.net\/wp\/prima-pagina\/trenord-per-il-nuovo-sciopero-nazionale-treni-a-rischio-da-dalle-21-del-2-e-per-tutta-la-giornata-del-3-ottobre\/","url":"https:\/\/www.ilnotiziario.net\/wp\/prima-pagina\/trenord-per-il-nuovo-sciopero-nazionale-treni-a-rischio-da-dalle-21-del-2-e-per-tutta-la-giornata-del-3-ottobre\/","name":"Trenord, per il nuovo sciopero nazionale, treni a rischio da dalle 21 del 2 e per tutta la giornata del 3 ottobre - Il Notiziario","isPartOf":{"@id":"https:\/\/www.ilnotiziario.net\/wp\/#website"},"primaryImageOfPage":{"@id":"https:\/\/www.ilnotiziario.net\/wp\/prima-pagina\/trenord-per-il-nuovo-sciopero-nazionale-treni-a-rischio-da-dalle-21-del-2-e-per-tutta-la-giornata-del-3-ottobre\/#primaryimage"},"image":{"@id":"https:\/\/www.ilnotiziario.net\/wp\/prima-pagina\/trenord-per-il-nuovo-sciopero-nazionale-treni-a-rischio-da-dalle-21-del-2-e-per-tutta-la-giornata-del-3-ottobre\/#primaryimage"},"thumbnailUrl":"https:\/\/www.ilnotiziario.net\/wp\/wp-content\/uploads\/2025\/09\/Scuopero-Trenord-3-ottobre.jpeg","datePublished":"2025-09-29T13:07:02+00:00","description":"Un nuovo sciopero nazionale, proclamato dal sindacato SI Cobas, coinvolger\u00e0 anche i servizi Trenord a partire dalle 21 di gioved\u00ec 2 ottobre fino alle","breadcrumb":{"@id":"https:\/\/www.ilnotiziario.net\/wp\/prima-pagina\/trenord-per-il-nuovo-sciopero-nazionale-treni-a-rischio-da-dalle-21-del-2-e-per-tutta-la-giornata-del-3-ottobre\/#breadcrumb"},"inLanguage":"it-IT","potentialAction":[{"@type":"ReadAction","target":["https:\/\/www.ilnotiziario.net\/wp\/prima-pagina\/trenord-per-il-nuovo-sciopero-nazionale-treni-a-rischio-da-dalle-21-del-2-e-per-tutta-la-giornata-del-3-ottobre\/"]}]},{"@type":"ImageObject","inLanguage":"it-IT","@id":"https:\/\/www.ilnotiziario.net\/wp\/prima-pagina\/trenord-per-il-nuovo-sciopero-nazionale-treni-a-rischio-da-dalle-21-del-2-e-per-tutta-la-giornata-del-3-ottobre\/#primaryimage","url":"https:\/\/www.ilnotiziario.net\/wp\/wp-content\/uploads\/2025\/09\/Scuopero-Trenord-3-ottobre.jpeg","contentUrl":"https:\/\/www.ilnotiziario.net\/wp\/wp-content\/uploads\/2025\/09\/Scuopero-Trenord-3-ottobre.jpeg","width":792,"height":560,"caption":"trenord sciopero"},{"@type":"BreadcrumbList","@id":"https:\/\/www.ilnotiziario.net\/wp\/prima-pagina\/trenord-per-il-nuovo-sciopero-nazionale-treni-a-rischio-da-dalle-21-del-2-e-per-tutta-la-giornata-del-3-ottobre\/#breadcrumb","itemListElement":[{"@type":"ListItem","position":1,"name":"tds_text_logo_tagline_colortds_text_logo_tagline_colortds_text_logo_tagline_colortds_text_logo_tagline_colortd_module_7_title_excerpttd_module_7_title_excerpttd_module_7_title_excerpttd_module_7_title_excerptHome","item":"https:\/\/www.ilnotiziario.net\/wp\/"},{"@type":"ListItem","position":2,"name":"Trenord, per il nuovo sciopero nazionale, treni a rischio da dalle 21 del 2 e per tutta la giornata del 3 ottobre"}]},{"@type":"WebSite","@id":"https:\/\/www.ilnotiziario.net\/wp\/#website","url":"https:\/\/www.ilnotiziario.net\/wp\/","name":"Il Notiziario","description":"Per restare sempre connessi alla notizia","publisher":{"@id":"https:\/\/www.ilnotiziario.net\/wp\/#organization"},"alternateName":"Il Notiziario Bollate","potentialAction":[{"@type":"SearchAction","target":{"@type":"EntryPoint","urlTemplate":"https:\/\/www.ilnotiziario.net\/wp\/?s={search_term_string}"},"query-input":{"@type":"PropertyValueSpecification","valueRequired":true,"valueName":"search_term_string"}}],"inLanguage":"it-IT"},{"@type":"Organization","@id":"https:\/\/www.ilnotiziario.net\/wp\/#organization","name":"Il Notiziario","url":"https:\/\/www.ilnotiziario.net\/wp\/","logo":{"@type":"ImageObject","inLanguage":"it-IT","@id":"https:\/\/www.ilnotiziario.net\/wp\/#\/schema\/logo\/image\/","url":"https:\/\/www.ilnotiziario.net\/wp\/wp-content\/uploads\/2022\/06\/170x170ilN.png","contentUrl":"https:\/\/www.ilnotiziario.net\/wp\/wp-content\/uploads\/2022\/06\/170x170ilN.png","width":355,"height":355,"caption":"Il Notiziario"},"image":{"@id":"https:\/\/www.ilnotiziario.net\/wp\/#\/schema\/logo\/image\/"},"sameAs":["https:\/\/www.facebook.com\/ilnotiziarioind\/","https:\/\/x.com\/ilNotiziarioInd","https:\/\/www.instagram.com\/ilnotiziario_settimanale\/"]},{"@type":"Person","@id":"https:\/\/www.ilnotiziario.net\/wp\/#\/schema\/person\/386e222908f898bb41c033989482bbf2","name":"Gabriele Bassani","image":{"@type":"ImageObject","inLanguage":"it-IT","@id":"https:\/\/secure.gravatar.com\/avatar\/09274f4a84fa97698bde56f84b3afed61c8492d48b0550db9671b68c177479cb?s=96&d=mm&r=g","url":"https:\/\/secure.gravatar.com\/avatar\/09274f4a84fa97698bde56f84b3afed61c8492d48b0550db9671b68c177479cb?s=96&d=mm&r=g","contentUrl":"https:\/\/secure.gravatar.com\/avatar\/09274f4a84fa97698bde56f84b3afed61c8492d48b0550db9671b68c177479cb?s=96&d=mm&r=g","caption":"Gabriele Bassani"},"sameAs":["http:\/\/www.ilnotiziario.net"]}]}},"_links":{"self":[{"href":"https:\/\/www.ilnotiziario.net\/wp\/wp-json\/wp\/v2\/posts\/209987","targetHints":{"allow":["GET"]}}],"collection":[{"href":"https:\/\/www.ilnotiziario.net\/wp\/wp-json\/wp\/v2\/posts"}],"about":[{"href":"https:\/\/www.ilnotiziario.net\/wp\/wp-json\/wp\/v2\/types\/post"}],"author":[{"embeddable":true,"href":"https:\/\/www.ilnotiziario.net\/wp\/wp-json\/wp\/v2\/users\/3"}],"replies":[{"embeddable":true,"href":"https:\/\/www.ilnotiziario.net\/wp\/wp-json\/wp\/v2\/comments?post=209987"}],"version-history":[{"count":0,"href":"https:\/\/www.ilnotiziario.net\/wp\/wp-json\/wp\/v2\/posts\/209987\/revisions"}],"wp:featuredmedia":[{"embeddable":true,"href":"https:\/\/www.ilnotiziario.net\/wp\/wp-json\/wp\/v2\/media\/209988"}],"wp:attachment":[{"href":"https:\/\/www.ilnotiziario.net\/wp\/wp-json\/wp\/v2\/media?parent=209987"}],"wp:term":[{"taxonomy":"category","embeddable":true,"href":"https:\/\/www.ilnotiziario.net\/wp\/wp-json\/wp\/v2\/categories?post=209987"},{"taxonomy":"post_tag","embeddable":true,"href":"https:\/\/www.ilnotiziario.net\/wp\/wp-json\/wp\/v2\/tags?post=209987"}],"curies":[{"name":"wp","href":"https:\/\/api.w.org\/{rel}","templated":true}]}}