{"id":210005,"date":"2025-09-30T07:56:52","date_gmt":"2025-09-30T05:56:52","guid":{"rendered":"https:\/\/www.ilnotiziario.net\/wp\/?p=210005"},"modified":"2025-09-30T07:56:52","modified_gmt":"2025-09-30T05:56:52","slug":"limbiate-coltellate-in-strada-nella-notte-20enne-in-ospedale","status":"publish","type":"post","link":"https:\/\/www.ilnotiziario.net\/wp\/brianza\/limbiate-coltellate-in-strada-nella-notte-20enne-in-ospedale\/","title":{"rendered":"Limbiate, coltellate in strada nella notte, 20enne in ospedale"},"content":{"rendered":"<p>Coltellate in strada ieri sera a Limbiate, ambulanza e carabinieri nel quartiere Pinzano. Un\u2019altra aggressione violenta tra giovani a Limbiate. L\u2019episodio \u00e8 di luned\u00ec sera, dopo le 22,20, si \u00e8 verificato in via 25 aprile e segue di meno di 48 ore <a href=\"https:\/\/www.ilnotiziario.net\/wp\/brianza\/limbiate-colpi-darma-da-fuoco-nella-notte-ferito-un-ragazzo-di-21-anni\/\"><strong>quello della notte tra sabato e domenica in via Bainsizza.<\/strong><\/a><\/p><div id=\"ilnot-2635601893\" class=\"ilnot-contenuto ilnot-entity-placement\"><p><!-- incontent_1 --><\/p>\n<div class=\"gptslot\" data-adunitid=\"1\"><\/div>\n<\/div>\n<h2>Ambulanza e carabinieri a Pinzano per soccorrere un giovane di 20 anni<\/h2>\n<p>Secondo quanto riportato da Areu, poco dopo le 22,20 di luned\u00ec 29 settembre, all\u2019altezza del civico 90 di via 25 aprile, c\u2019\u00e8 stato un intervento di soccorso per un giovane di 20 anni, per \u201cferita da arma bianca\u201d.<\/p>\n<p>Sul posto \u00e8 intervenuta un\u2019ambulanza della Croce viola di Cesate insieme ad una pattuglia di carabinieri della Compagnia di Desio. Il 20enne \u00e8 stato trasportato in codice verde all\u2019ospedale di Garbagnate Milanese, le sue condizioni non sono preoccupanti. Sull\u2019episodio indagano i carabinieri di Desio.<\/p><div id=\"ilnot-388764137\" class=\"ilnot-contenuto_2 ilnot-entity-placement\"><div class=\"ads-wrapper\">\n<div class=\"ad-slot\">\n   <div id=\"ilnot-4193407408\" style=\"margin-right: auto;margin-left: auto;text-align: center;width: 320px;height: 100px;\"><a href=\"https:\/\/www.scuolasicurezza.it\/\"><img decoding=\"async\" src=\"https:\/\/www.ilnotiziario.net\/wp\/wp-content\/uploads\/2026\/04\/IlNotiziario_banner-sito-e-newsletter-320-x-100-px-1.gif\" alt=\"\"><\/a><\/div>\n  <\/div>\n<div class=\"ad-slot\">\n   <div id=\"ilnot-4020290974\" style=\"margin-right: auto;margin-left: auto;text-align: center;width: 320px;height: 100px;\"><a href=\"https:\/\/purodesignarredamenti.com\/\"><img decoding=\"async\" src=\"https:\/\/www.ilnotiziario.net\/wp\/wp-content\/uploads\/2026\/04\/banner-puro-ok.gif\" alt=\"whatsapp\"><\/a><\/div><\/p><\/div>\n<\/div>\n<\/div>\n","protected":false},"excerpt":{"rendered":"<p>Coltellate in strada ieri sera a Limbiate, ambulanza e carabinieri nel quartiere Pinzano. Un\u2019altra aggressione violenta tra giovani a Limbiate. L\u2019episodio \u00e8 di luned\u00ec sera, dopo le 22,20, si \u00e8 verificato in via 25 aprile e segue di meno di 48 ore quello della notte tra sabato e domenica in via Bainsizza. Ambulanza e carabinieri<\/p>\n","protected":false},"author":3,"featured_media":208110,"comment_status":"closed","ping_status":"closed","sticky":false,"template":"","format":"standard","meta":{"footnotes":""},"categories":[9,20],"tags":[6502,47,4577,1236],"class_list":{"0":"post-210005","1":"post","2":"type-post","3":"status-publish","4":"format-standard","5":"has-post-thumbnail","7":"category-brianza","8":"category-prima-pagina","9":"tag-coltellate","10":"tag-limbiate","11":"tag-notte","12":"tag-strada"},"yoast_head":"<!-- This site is optimized with the Yoast SEO plugin v27.4 - https:\/\/yoast.com\/product\/yoast-seo-wordpress\/ -->\n<title>Limbiate, coltellate in strada nella notte, 20enne in ospedale - Il Notiziario<\/title>\n<meta name=\"description\" content=\"Coltellate in strada ieri sera a Limbiate, ambulanza e carabinieri nel quartiere Pinzano. Un\u2019altra aggressione violenta tra giovani a Limbiate. L\u2019episodio\" \/>\n<meta name=\"robots\" content=\"index, follow, max-snippet:-1, max-image-preview:large, max-video-preview:-1\" \/>\n<link rel=\"canonical\" href=\"https:\/\/www.ilnotiziario.net\/wp\/brianza\/limbiate-coltellate-in-strada-nella-notte-20enne-in-ospedale\/\" \/>\n<meta property=\"og:locale\" content=\"it_IT\" \/>\n<meta property=\"og:type\" content=\"article\" \/>\n<meta property=\"og:title\" content=\"Limbiate, coltellate in strada nella notte, 20enne in ospedale - Il Notiziario\" \/>\n<meta property=\"og:description\" content=\"Coltellate in strada ieri sera a Limbiate, ambulanza e carabinieri nel quartiere Pinzano. Un\u2019altra aggressione violenta tra giovani a Limbiate. L\u2019episodio\" \/>\n<meta property=\"og:url\" content=\"https:\/\/www.ilnotiziario.net\/wp\/brianza\/limbiate-coltellate-in-strada-nella-notte-20enne-in-ospedale\/\" \/>\n<meta property=\"og:site_name\" content=\"Il Notiziario\" \/>\n<meta property=\"article:publisher\" content=\"https:\/\/www.facebook.com\/ilnotiziarioind\/\" \/>\n<meta property=\"article:published_time\" content=\"2025-09-30T05:56:52+00:00\" \/>\n<meta property=\"og:image\" content=\"https:\/\/www.ilnotiziario.net\/wp\/wp-content\/uploads\/2025\/07\/Carabinieri-Notte-2-.jpg\" \/>\n\t<meta property=\"og:image:width\" content=\"720\" \/>\n\t<meta property=\"og:image:height\" content=\"416\" \/>\n\t<meta property=\"og:image:type\" content=\"image\/jpeg\" \/>\n<meta name=\"author\" content=\"Gabriele Bassani\" \/>\n<meta name=\"twitter:card\" content=\"summary_large_image\" \/>\n<meta name=\"twitter:creator\" content=\"@ilNotiziarioInd\" \/>\n<meta name=\"twitter:site\" content=\"@ilNotiziarioInd\" \/>\n<meta name=\"twitter:label1\" content=\"Scritto da\" \/>\n\t<meta name=\"twitter:data1\" content=\"Gabriele Bassani\" \/>\n\t<meta name=\"twitter:label2\" content=\"Tempo di lettura stimato\" \/>\n\t<meta name=\"twitter:data2\" content=\"1 minuto\" \/>\n<script type=\"application\/ld+json\" class=\"yoast-schema-graph\">{\"@context\":\"https:\\\/\\\/schema.org\",\"@graph\":[{\"@type\":\"Article\",\"@id\":\"https:\\\/\\\/www.ilnotiziario.net\\\/wp\\\/brianza\\\/limbiate-coltellate-in-strada-nella-notte-20enne-in-ospedale\\\/#article\",\"isPartOf\":{\"@id\":\"https:\\\/\\\/www.ilnotiziario.net\\\/wp\\\/brianza\\\/limbiate-coltellate-in-strada-nella-notte-20enne-in-ospedale\\\/\"},\"author\":{\"name\":\"Gabriele Bassani\",\"@id\":\"https:\\\/\\\/www.ilnotiziario.net\\\/wp\\\/#\\\/schema\\\/person\\\/386e222908f898bb41c033989482bbf2\"},\"headline\":\"Limbiate, coltellate in strada nella notte, 20enne in ospedale\",\"datePublished\":\"2025-09-30T05:56:52+00:00\",\"mainEntityOfPage\":{\"@id\":\"https:\\\/\\\/www.ilnotiziario.net\\\/wp\\\/brianza\\\/limbiate-coltellate-in-strada-nella-notte-20enne-in-ospedale\\\/\"},\"wordCount\":148,\"publisher\":{\"@id\":\"https:\\\/\\\/www.ilnotiziario.net\\\/wp\\\/#organization\"},\"image\":{\"@id\":\"https:\\\/\\\/www.ilnotiziario.net\\\/wp\\\/brianza\\\/limbiate-coltellate-in-strada-nella-notte-20enne-in-ospedale\\\/#primaryimage\"},\"thumbnailUrl\":\"https:\\\/\\\/www.ilnotiziario.net\\\/wp\\\/wp-content\\\/uploads\\\/2025\\\/07\\\/Carabinieri-Notte-2-.jpg\",\"keywords\":[\"coltellate\",\"Limbiate\",\"notte\",\"strada\"],\"articleSection\":[\"BRIANZA\",\"Prima Pagina\"],\"inLanguage\":\"it-IT\"},{\"@type\":\"WebPage\",\"@id\":\"https:\\\/\\\/www.ilnotiziario.net\\\/wp\\\/brianza\\\/limbiate-coltellate-in-strada-nella-notte-20enne-in-ospedale\\\/\",\"url\":\"https:\\\/\\\/www.ilnotiziario.net\\\/wp\\\/brianza\\\/limbiate-coltellate-in-strada-nella-notte-20enne-in-ospedale\\\/\",\"name\":\"Limbiate, coltellate in strada nella notte, 20enne in ospedale - Il Notiziario\",\"isPartOf\":{\"@id\":\"https:\\\/\\\/www.ilnotiziario.net\\\/wp\\\/#website\"},\"primaryImageOfPage\":{\"@id\":\"https:\\\/\\\/www.ilnotiziario.net\\\/wp\\\/brianza\\\/limbiate-coltellate-in-strada-nella-notte-20enne-in-ospedale\\\/#primaryimage\"},\"image\":{\"@id\":\"https:\\\/\\\/www.ilnotiziario.net\\\/wp\\\/brianza\\\/limbiate-coltellate-in-strada-nella-notte-20enne-in-ospedale\\\/#primaryimage\"},\"thumbnailUrl\":\"https:\\\/\\\/www.ilnotiziario.net\\\/wp\\\/wp-content\\\/uploads\\\/2025\\\/07\\\/Carabinieri-Notte-2-.jpg\",\"datePublished\":\"2025-09-30T05:56:52+00:00\",\"description\":\"Coltellate in strada ieri sera a Limbiate, ambulanza e carabinieri nel quartiere Pinzano. Un\u2019altra aggressione violenta tra giovani a Limbiate. L\u2019episodio\",\"breadcrumb\":{\"@id\":\"https:\\\/\\\/www.ilnotiziario.net\\\/wp\\\/brianza\\\/limbiate-coltellate-in-strada-nella-notte-20enne-in-ospedale\\\/#breadcrumb\"},\"inLanguage\":\"it-IT\",\"potentialAction\":[{\"@type\":\"ReadAction\",\"target\":[\"https:\\\/\\\/www.ilnotiziario.net\\\/wp\\\/brianza\\\/limbiate-coltellate-in-strada-nella-notte-20enne-in-ospedale\\\/\"]}]},{\"@type\":\"ImageObject\",\"inLanguage\":\"it-IT\",\"@id\":\"https:\\\/\\\/www.ilnotiziario.net\\\/wp\\\/brianza\\\/limbiate-coltellate-in-strada-nella-notte-20enne-in-ospedale\\\/#primaryimage\",\"url\":\"https:\\\/\\\/www.ilnotiziario.net\\\/wp\\\/wp-content\\\/uploads\\\/2025\\\/07\\\/Carabinieri-Notte-2-.jpg\",\"contentUrl\":\"https:\\\/\\\/www.ilnotiziario.net\\\/wp\\\/wp-content\\\/uploads\\\/2025\\\/07\\\/Carabinieri-Notte-2-.jpg\",\"width\":720,\"height\":416,\"caption\":\"foto di repertorio\"},{\"@type\":\"BreadcrumbList\",\"@id\":\"https:\\\/\\\/www.ilnotiziario.net\\\/wp\\\/brianza\\\/limbiate-coltellate-in-strada-nella-notte-20enne-in-ospedale\\\/#breadcrumb\",\"itemListElement\":[{\"@type\":\"ListItem\",\"position\":1,\"name\":\"tds_text_logo_tagline_colortds_text_logo_tagline_colortds_text_logo_tagline_colortds_text_logo_tagline_colortd_module_7_title_excerpttd_module_7_title_excerpttd_module_7_title_excerpttd_module_7_title_excerptHome\",\"item\":\"https:\\\/\\\/www.ilnotiziario.net\\\/wp\\\/\"},{\"@type\":\"ListItem\",\"position\":2,\"name\":\"Limbiate, coltellate in strada nella notte, 20enne in ospedale\"}]},{\"@type\":\"WebSite\",\"@id\":\"https:\\\/\\\/www.ilnotiziario.net\\\/wp\\\/#website\",\"url\":\"https:\\\/\\\/www.ilnotiziario.net\\\/wp\\\/\",\"name\":\"Il Notiziario\",\"description\":\"Per restare sempre connessi alla notizia\",\"publisher\":{\"@id\":\"https:\\\/\\\/www.ilnotiziario.net\\\/wp\\\/#organization\"},\"alternateName\":\"Il Notiziario Bollate\",\"potentialAction\":[{\"@type\":\"SearchAction\",\"target\":{\"@type\":\"EntryPoint\",\"urlTemplate\":\"https:\\\/\\\/www.ilnotiziario.net\\\/wp\\\/?s={search_term_string}\"},\"query-input\":{\"@type\":\"PropertyValueSpecification\",\"valueRequired\":true,\"valueName\":\"search_term_string\"}}],\"inLanguage\":\"it-IT\"},{\"@type\":\"Organization\",\"@id\":\"https:\\\/\\\/www.ilnotiziario.net\\\/wp\\\/#organization\",\"name\":\"Il Notiziario\",\"url\":\"https:\\\/\\\/www.ilnotiziario.net\\\/wp\\\/\",\"logo\":{\"@type\":\"ImageObject\",\"inLanguage\":\"it-IT\",\"@id\":\"https:\\\/\\\/www.ilnotiziario.net\\\/wp\\\/#\\\/schema\\\/logo\\\/image\\\/\",\"url\":\"https:\\\/\\\/www.ilnotiziario.net\\\/wp\\\/wp-content\\\/uploads\\\/2022\\\/06\\\/170x170ilN.png\",\"contentUrl\":\"https:\\\/\\\/www.ilnotiziario.net\\\/wp\\\/wp-content\\\/uploads\\\/2022\\\/06\\\/170x170ilN.png\",\"width\":355,\"height\":355,\"caption\":\"Il Notiziario\"},\"image\":{\"@id\":\"https:\\\/\\\/www.ilnotiziario.net\\\/wp\\\/#\\\/schema\\\/logo\\\/image\\\/\"},\"sameAs\":[\"https:\\\/\\\/www.facebook.com\\\/ilnotiziarioind\\\/\",\"https:\\\/\\\/x.com\\\/ilNotiziarioInd\",\"https:\\\/\\\/www.instagram.com\\\/ilnotiziario_settimanale\\\/\"]},{\"@type\":\"Person\",\"@id\":\"https:\\\/\\\/www.ilnotiziario.net\\\/wp\\\/#\\\/schema\\\/person\\\/386e222908f898bb41c033989482bbf2\",\"name\":\"Gabriele Bassani\",\"image\":{\"@type\":\"ImageObject\",\"inLanguage\":\"it-IT\",\"@id\":\"https:\\\/\\\/secure.gravatar.com\\\/avatar\\\/09274f4a84fa97698bde56f84b3afed61c8492d48b0550db9671b68c177479cb?s=96&d=mm&r=g\",\"url\":\"https:\\\/\\\/secure.gravatar.com\\\/avatar\\\/09274f4a84fa97698bde56f84b3afed61c8492d48b0550db9671b68c177479cb?s=96&d=mm&r=g\",\"contentUrl\":\"https:\\\/\\\/secure.gravatar.com\\\/avatar\\\/09274f4a84fa97698bde56f84b3afed61c8492d48b0550db9671b68c177479cb?s=96&d=mm&r=g\",\"caption\":\"Gabriele Bassani\"},\"sameAs\":[\"http:\\\/\\\/www.ilnotiziario.net\"]}]}<\/script>\n<!-- \/ Yoast SEO plugin. -->","yoast_head_json":{"title":"Limbiate, coltellate in strada nella notte, 20enne in ospedale - Il Notiziario","description":"Coltellate in strada ieri sera a Limbiate, ambulanza e carabinieri nel quartiere Pinzano. Un\u2019altra aggressione violenta tra giovani a Limbiate. L\u2019episodio","robots":{"index":"index","follow":"follow","max-snippet":"max-snippet:-1","max-image-preview":"max-image-preview:large","max-video-preview":"max-video-preview:-1"},"canonical":"https:\/\/www.ilnotiziario.net\/wp\/brianza\/limbiate-coltellate-in-strada-nella-notte-20enne-in-ospedale\/","og_locale":"it_IT","og_type":"article","og_title":"Limbiate, coltellate in strada nella notte, 20enne in ospedale - Il Notiziario","og_description":"Coltellate in strada ieri sera a Limbiate, ambulanza e carabinieri nel quartiere Pinzano. Un\u2019altra aggressione violenta tra giovani a Limbiate. L\u2019episodio","og_url":"https:\/\/www.ilnotiziario.net\/wp\/brianza\/limbiate-coltellate-in-strada-nella-notte-20enne-in-ospedale\/","og_site_name":"Il Notiziario","article_publisher":"https:\/\/www.facebook.com\/ilnotiziarioind\/","article_published_time":"2025-09-30T05:56:52+00:00","og_image":[{"width":720,"height":416,"url":"https:\/\/www.ilnotiziario.net\/wp\/wp-content\/uploads\/2025\/07\/Carabinieri-Notte-2-.jpg","type":"image\/jpeg"}],"author":"Gabriele Bassani","twitter_card":"summary_large_image","twitter_creator":"@ilNotiziarioInd","twitter_site":"@ilNotiziarioInd","twitter_misc":{"Scritto da":"Gabriele Bassani","Tempo di lettura stimato":"1 minuto"},"schema":{"@context":"https:\/\/schema.org","@graph":[{"@type":"Article","@id":"https:\/\/www.ilnotiziario.net\/wp\/brianza\/limbiate-coltellate-in-strada-nella-notte-20enne-in-ospedale\/#article","isPartOf":{"@id":"https:\/\/www.ilnotiziario.net\/wp\/brianza\/limbiate-coltellate-in-strada-nella-notte-20enne-in-ospedale\/"},"author":{"name":"Gabriele Bassani","@id":"https:\/\/www.ilnotiziario.net\/wp\/#\/schema\/person\/386e222908f898bb41c033989482bbf2"},"headline":"Limbiate, coltellate in strada nella notte, 20enne in ospedale","datePublished":"2025-09-30T05:56:52+00:00","mainEntityOfPage":{"@id":"https:\/\/www.ilnotiziario.net\/wp\/brianza\/limbiate-coltellate-in-strada-nella-notte-20enne-in-ospedale\/"},"wordCount":148,"publisher":{"@id":"https:\/\/www.ilnotiziario.net\/wp\/#organization"},"image":{"@id":"https:\/\/www.ilnotiziario.net\/wp\/brianza\/limbiate-coltellate-in-strada-nella-notte-20enne-in-ospedale\/#primaryimage"},"thumbnailUrl":"https:\/\/www.ilnotiziario.net\/wp\/wp-content\/uploads\/2025\/07\/Carabinieri-Notte-2-.jpg","keywords":["coltellate","Limbiate","notte","strada"],"articleSection":["BRIANZA","Prima Pagina"],"inLanguage":"it-IT"},{"@type":"WebPage","@id":"https:\/\/www.ilnotiziario.net\/wp\/brianza\/limbiate-coltellate-in-strada-nella-notte-20enne-in-ospedale\/","url":"https:\/\/www.ilnotiziario.net\/wp\/brianza\/limbiate-coltellate-in-strada-nella-notte-20enne-in-ospedale\/","name":"Limbiate, coltellate in strada nella notte, 20enne in ospedale - Il Notiziario","isPartOf":{"@id":"https:\/\/www.ilnotiziario.net\/wp\/#website"},"primaryImageOfPage":{"@id":"https:\/\/www.ilnotiziario.net\/wp\/brianza\/limbiate-coltellate-in-strada-nella-notte-20enne-in-ospedale\/#primaryimage"},"image":{"@id":"https:\/\/www.ilnotiziario.net\/wp\/brianza\/limbiate-coltellate-in-strada-nella-notte-20enne-in-ospedale\/#primaryimage"},"thumbnailUrl":"https:\/\/www.ilnotiziario.net\/wp\/wp-content\/uploads\/2025\/07\/Carabinieri-Notte-2-.jpg","datePublished":"2025-09-30T05:56:52+00:00","description":"Coltellate in strada ieri sera a Limbiate, ambulanza e carabinieri nel quartiere Pinzano. Un\u2019altra aggressione violenta tra giovani a Limbiate. L\u2019episodio","breadcrumb":{"@id":"https:\/\/www.ilnotiziario.net\/wp\/brianza\/limbiate-coltellate-in-strada-nella-notte-20enne-in-ospedale\/#breadcrumb"},"inLanguage":"it-IT","potentialAction":[{"@type":"ReadAction","target":["https:\/\/www.ilnotiziario.net\/wp\/brianza\/limbiate-coltellate-in-strada-nella-notte-20enne-in-ospedale\/"]}]},{"@type":"ImageObject","inLanguage":"it-IT","@id":"https:\/\/www.ilnotiziario.net\/wp\/brianza\/limbiate-coltellate-in-strada-nella-notte-20enne-in-ospedale\/#primaryimage","url":"https:\/\/www.ilnotiziario.net\/wp\/wp-content\/uploads\/2025\/07\/Carabinieri-Notte-2-.jpg","contentUrl":"https:\/\/www.ilnotiziario.net\/wp\/wp-content\/uploads\/2025\/07\/Carabinieri-Notte-2-.jpg","width":720,"height":416,"caption":"foto di repertorio"},{"@type":"BreadcrumbList","@id":"https:\/\/www.ilnotiziario.net\/wp\/brianza\/limbiate-coltellate-in-strada-nella-notte-20enne-in-ospedale\/#breadcrumb","itemListElement":[{"@type":"ListItem","position":1,"name":"tds_text_logo_tagline_colortds_text_logo_tagline_colortds_text_logo_tagline_colortds_text_logo_tagline_colortd_module_7_title_excerpttd_module_7_title_excerpttd_module_7_title_excerpttd_module_7_title_excerptHome","item":"https:\/\/www.ilnotiziario.net\/wp\/"},{"@type":"ListItem","position":2,"name":"Limbiate, coltellate in strada nella notte, 20enne in ospedale"}]},{"@type":"WebSite","@id":"https:\/\/www.ilnotiziario.net\/wp\/#website","url":"https:\/\/www.ilnotiziario.net\/wp\/","name":"Il Notiziario","description":"Per restare sempre connessi alla notizia","publisher":{"@id":"https:\/\/www.ilnotiziario.net\/wp\/#organization"},"alternateName":"Il Notiziario Bollate","potentialAction":[{"@type":"SearchAction","target":{"@type":"EntryPoint","urlTemplate":"https:\/\/www.ilnotiziario.net\/wp\/?s={search_term_string}"},"query-input":{"@type":"PropertyValueSpecification","valueRequired":true,"valueName":"search_term_string"}}],"inLanguage":"it-IT"},{"@type":"Organization","@id":"https:\/\/www.ilnotiziario.net\/wp\/#organization","name":"Il Notiziario","url":"https:\/\/www.ilnotiziario.net\/wp\/","logo":{"@type":"ImageObject","inLanguage":"it-IT","@id":"https:\/\/www.ilnotiziario.net\/wp\/#\/schema\/logo\/image\/","url":"https:\/\/www.ilnotiziario.net\/wp\/wp-content\/uploads\/2022\/06\/170x170ilN.png","contentUrl":"https:\/\/www.ilnotiziario.net\/wp\/wp-content\/uploads\/2022\/06\/170x170ilN.png","width":355,"height":355,"caption":"Il Notiziario"},"image":{"@id":"https:\/\/www.ilnotiziario.net\/wp\/#\/schema\/logo\/image\/"},"sameAs":["https:\/\/www.facebook.com\/ilnotiziarioind\/","https:\/\/x.com\/ilNotiziarioInd","https:\/\/www.instagram.com\/ilnotiziario_settimanale\/"]},{"@type":"Person","@id":"https:\/\/www.ilnotiziario.net\/wp\/#\/schema\/person\/386e222908f898bb41c033989482bbf2","name":"Gabriele Bassani","image":{"@type":"ImageObject","inLanguage":"it-IT","@id":"https:\/\/secure.gravatar.com\/avatar\/09274f4a84fa97698bde56f84b3afed61c8492d48b0550db9671b68c177479cb?s=96&d=mm&r=g","url":"https:\/\/secure.gravatar.com\/avatar\/09274f4a84fa97698bde56f84b3afed61c8492d48b0550db9671b68c177479cb?s=96&d=mm&r=g","contentUrl":"https:\/\/secure.gravatar.com\/avatar\/09274f4a84fa97698bde56f84b3afed61c8492d48b0550db9671b68c177479cb?s=96&d=mm&r=g","caption":"Gabriele Bassani"},"sameAs":["http:\/\/www.ilnotiziario.net"]}]}},"_links":{"self":[{"href":"https:\/\/www.ilnotiziario.net\/wp\/wp-json\/wp\/v2\/posts\/210005","targetHints":{"allow":["GET"]}}],"collection":[{"href":"https:\/\/www.ilnotiziario.net\/wp\/wp-json\/wp\/v2\/posts"}],"about":[{"href":"https:\/\/www.ilnotiziario.net\/wp\/wp-json\/wp\/v2\/types\/post"}],"author":[{"embeddable":true,"href":"https:\/\/www.ilnotiziario.net\/wp\/wp-json\/wp\/v2\/users\/3"}],"replies":[{"embeddable":true,"href":"https:\/\/www.ilnotiziario.net\/wp\/wp-json\/wp\/v2\/comments?post=210005"}],"version-history":[{"count":0,"href":"https:\/\/www.ilnotiziario.net\/wp\/wp-json\/wp\/v2\/posts\/210005\/revisions"}],"wp:featuredmedia":[{"embeddable":true,"href":"https:\/\/www.ilnotiziario.net\/wp\/wp-json\/wp\/v2\/media\/208110"}],"wp:attachment":[{"href":"https:\/\/www.ilnotiziario.net\/wp\/wp-json\/wp\/v2\/media?parent=210005"}],"wp:term":[{"taxonomy":"category","embeddable":true,"href":"https:\/\/www.ilnotiziario.net\/wp\/wp-json\/wp\/v2\/categories?post=210005"},{"taxonomy":"post_tag","embeddable":true,"href":"https:\/\/www.ilnotiziario.net\/wp\/wp-json\/wp\/v2\/tags?post=210005"}],"curies":[{"name":"wp","href":"https:\/\/api.w.org\/{rel}","templated":true}]}}