{"id":210134,"date":"2025-10-05T09:30:22","date_gmt":"2025-10-05T07:30:22","guid":{"rendered":"https:\/\/www.ilnotiziario.net\/wp\/?p=210134"},"modified":"2025-10-05T11:05:14","modified_gmt":"2025-10-05T09:05:14","slug":"senago-la-terza-vasca-avanza-abbattute-in-due-giorni-centinaia-di-piante","status":"publish","type":"post","link":"https:\/\/www.ilnotiziario.net\/wp\/prima-pagina\/senago-la-terza-vasca-avanza-abbattute-in-due-giorni-centinaia-di-piante\/","title":{"rendered":"Senago, la terza vasca avanza: abbattute in due giorni centinaia di piante"},"content":{"rendered":"<p>Senago, la terza vasca avanza: abbattute in due giorni centinaia di piante.<br \/>\nAvanzano a ritmo intenso i lavori per la realizzazione della terza vasca di laminazione, quella che sorger\u00e0 sul lato opposto della via De Gasperi rispetto alle due gi\u00e0 realizzate.<\/p><div id=\"ilnot-3580992670\" class=\"ilnot-contenuto ilnot-entity-placement\"><p><!-- incontent_1 --><\/p>\n<div class=\"gptslot\" data-adunitid=\"1\"><\/div>\n<\/div>\n<h2>Vasche di laminazione del Seveso, a Senago si prepara la terza<\/h2>\n<p>Tra marted\u00ec e mercoled\u00ec si \u00e8 svolta una massiccia opera di abbattimento di centinaia di alberi che avevano formato un giovane bosco a lato della via De Gasperi, alberi che devono ora lasciare il posto allo scavo per la vasca. Le piante (ancora con tronchi relativamente piccoli poich\u00e8 erano state piantate solo pochi anni fa) sono state tagliate rapidamente dall\u2019azione di diverse motoseghe.<\/p>\n<p>&nbsp;<\/p>\n<p>Adesso si proceder\u00e0 con la loro rimozione per poi proseguire nello scavo della terza enorme vasca per il contenimento delle acque del Seveso.<\/p><div id=\"ilnot-403334761\" class=\"ilnot-contenuto_2 ilnot-entity-placement\"><div class=\"ads-wrapper\">\n<div class=\"ad-slot\">\n   <div id=\"ilnot-1782425609\" style=\"margin-right: auto;margin-left: auto;text-align: center;width: 320px;height: 100px;\"><a href=\"https:\/\/www.scuolasicurezza.it\/\"><img decoding=\"async\" src=\"https:\/\/www.ilnotiziario.net\/wp\/wp-content\/uploads\/2026\/04\/IlNotiziario_banner-sito-e-newsletter-320-x-100-px-1.gif\" alt=\"\"><\/a><\/div>\n  <\/div>\n<div class=\"ad-slot\">\n   <div id=\"ilnot-324436237\" style=\"margin-right: auto;margin-left: auto;text-align: center;width: 320px;height: 100px;\"><a href=\"https:\/\/purodesignarredamenti.com\/\"><img decoding=\"async\" src=\"https:\/\/www.ilnotiziario.net\/wp\/wp-content\/uploads\/2026\/04\/banner-puro-ok.gif\" alt=\"whatsapp\"><\/a><\/div><\/p><\/div>\n<\/div>\n<\/div>\n","protected":false},"excerpt":{"rendered":"<p>Senago, la terza vasca avanza: abbattute in due giorni centinaia di piante. Avanzano a ritmo intenso i lavori per la realizzazione della terza vasca di laminazione, quella che sorger\u00e0 sul lato opposto della via De Gasperi rispetto alle due gi\u00e0 realizzate. Vasche di laminazione del Seveso, a Senago si prepara la terza Tra marted\u00ec e<\/p>\n","protected":false},"author":14,"featured_media":210135,"comment_status":"closed","ping_status":"closed","sticky":false,"template":"","format":"standard","meta":{"footnotes":""},"categories":[8,20],"tags":[4724,183,18137],"class_list":{"0":"post-210134","1":"post","2":"type-post","3":"status-publish","4":"format-standard","5":"has-post-thumbnail","7":"category-bollatese","8":"category-prima-pagina","9":"tag-piante","10":"tag-senago","11":"tag-terza-vasca"},"yoast_head":"<!-- This site is optimized with the Yoast SEO plugin v27.4 - https:\/\/yoast.com\/product\/yoast-seo-wordpress\/ -->\n<title>Senago, la terza vasca avanza: abbattute in due giorni centinaia di piante - Il Notiziario<\/title>\n<meta name=\"description\" content=\"Senago, la terza vasca avanza: abbattute in due giorni centinaia di piante. Avanzano a ritmo intenso i lavori per la realizzazione della terza vasca di\" \/>\n<meta name=\"robots\" content=\"index, follow, max-snippet:-1, max-image-preview:large, max-video-preview:-1\" \/>\n<link rel=\"canonical\" href=\"https:\/\/www.ilnotiziario.net\/wp\/prima-pagina\/senago-la-terza-vasca-avanza-abbattute-in-due-giorni-centinaia-di-piante\/\" \/>\n<meta property=\"og:locale\" content=\"it_IT\" \/>\n<meta property=\"og:type\" content=\"article\" \/>\n<meta property=\"og:title\" content=\"Senago, la terza vasca avanza: abbattute in due giorni centinaia di piante - Il Notiziario\" \/>\n<meta property=\"og:description\" content=\"Senago, la terza vasca avanza: abbattute in due giorni centinaia di piante. Avanzano a ritmo intenso i lavori per la realizzazione della terza vasca di\" \/>\n<meta property=\"og:url\" content=\"https:\/\/www.ilnotiziario.net\/wp\/prima-pagina\/senago-la-terza-vasca-avanza-abbattute-in-due-giorni-centinaia-di-piante\/\" \/>\n<meta property=\"og:site_name\" content=\"Il Notiziario\" \/>\n<meta property=\"article:publisher\" content=\"https:\/\/www.facebook.com\/ilnotiziarioind\/\" \/>\n<meta property=\"article:published_time\" content=\"2025-10-05T07:30:22+00:00\" \/>\n<meta property=\"article:modified_time\" content=\"2025-10-05T09:05:14+00:00\" \/>\n<meta property=\"og:image\" content=\"https:\/\/www.ilnotiziario.net\/wp\/wp-content\/uploads\/2025\/10\/Senago-terza-vasca-piante.jpeg\" \/>\n\t<meta property=\"og:image:width\" content=\"1600\" \/>\n\t<meta property=\"og:image:height\" content=\"1200\" \/>\n\t<meta property=\"og:image:type\" content=\"image\/jpeg\" \/>\n<meta name=\"author\" content=\"Silvia Citterio\" \/>\n<meta name=\"twitter:card\" content=\"summary_large_image\" \/>\n<meta name=\"twitter:creator\" content=\"@ilNotiziarioInd\" \/>\n<meta name=\"twitter:site\" content=\"@ilNotiziarioInd\" \/>\n<meta name=\"twitter:label1\" content=\"Scritto da\" \/>\n\t<meta name=\"twitter:data1\" content=\"Silvia Citterio\" \/>\n\t<meta name=\"twitter:label2\" content=\"Tempo di lettura stimato\" \/>\n\t<meta name=\"twitter:data2\" content=\"1 minuto\" \/>\n<script type=\"application\/ld+json\" class=\"yoast-schema-graph\">{\"@context\":\"https:\\\/\\\/schema.org\",\"@graph\":[{\"@type\":\"Article\",\"@id\":\"https:\\\/\\\/www.ilnotiziario.net\\\/wp\\\/prima-pagina\\\/senago-la-terza-vasca-avanza-abbattute-in-due-giorni-centinaia-di-piante\\\/#article\",\"isPartOf\":{\"@id\":\"https:\\\/\\\/www.ilnotiziario.net\\\/wp\\\/prima-pagina\\\/senago-la-terza-vasca-avanza-abbattute-in-due-giorni-centinaia-di-piante\\\/\"},\"author\":{\"name\":\"Silvia Citterio\",\"@id\":\"https:\\\/\\\/www.ilnotiziario.net\\\/wp\\\/#\\\/schema\\\/person\\\/c5bca2edc3d99d29959f04a6126f687b\"},\"headline\":\"Senago, la terza vasca avanza: abbattute in due giorni centinaia di piante\",\"datePublished\":\"2025-10-05T07:30:22+00:00\",\"dateModified\":\"2025-10-05T09:05:14+00:00\",\"mainEntityOfPage\":{\"@id\":\"https:\\\/\\\/www.ilnotiziario.net\\\/wp\\\/prima-pagina\\\/senago-la-terza-vasca-avanza-abbattute-in-due-giorni-centinaia-di-piante\\\/\"},\"wordCount\":151,\"publisher\":{\"@id\":\"https:\\\/\\\/www.ilnotiziario.net\\\/wp\\\/#organization\"},\"image\":{\"@id\":\"https:\\\/\\\/www.ilnotiziario.net\\\/wp\\\/prima-pagina\\\/senago-la-terza-vasca-avanza-abbattute-in-due-giorni-centinaia-di-piante\\\/#primaryimage\"},\"thumbnailUrl\":\"https:\\\/\\\/www.ilnotiziario.net\\\/wp\\\/wp-content\\\/uploads\\\/2025\\\/10\\\/Senago-terza-vasca-piante.jpeg\",\"keywords\":[\"piante\",\"Senago\",\"terza vasca\"],\"articleSection\":[\"BOLLATESE\",\"Prima Pagina\"],\"inLanguage\":\"it-IT\"},{\"@type\":\"WebPage\",\"@id\":\"https:\\\/\\\/www.ilnotiziario.net\\\/wp\\\/prima-pagina\\\/senago-la-terza-vasca-avanza-abbattute-in-due-giorni-centinaia-di-piante\\\/\",\"url\":\"https:\\\/\\\/www.ilnotiziario.net\\\/wp\\\/prima-pagina\\\/senago-la-terza-vasca-avanza-abbattute-in-due-giorni-centinaia-di-piante\\\/\",\"name\":\"Senago, la terza vasca avanza: abbattute in due giorni centinaia di piante - Il Notiziario\",\"isPartOf\":{\"@id\":\"https:\\\/\\\/www.ilnotiziario.net\\\/wp\\\/#website\"},\"primaryImageOfPage\":{\"@id\":\"https:\\\/\\\/www.ilnotiziario.net\\\/wp\\\/prima-pagina\\\/senago-la-terza-vasca-avanza-abbattute-in-due-giorni-centinaia-di-piante\\\/#primaryimage\"},\"image\":{\"@id\":\"https:\\\/\\\/www.ilnotiziario.net\\\/wp\\\/prima-pagina\\\/senago-la-terza-vasca-avanza-abbattute-in-due-giorni-centinaia-di-piante\\\/#primaryimage\"},\"thumbnailUrl\":\"https:\\\/\\\/www.ilnotiziario.net\\\/wp\\\/wp-content\\\/uploads\\\/2025\\\/10\\\/Senago-terza-vasca-piante.jpeg\",\"datePublished\":\"2025-10-05T07:30:22+00:00\",\"dateModified\":\"2025-10-05T09:05:14+00:00\",\"description\":\"Senago, la terza vasca avanza: abbattute in due giorni centinaia di piante. Avanzano a ritmo intenso i lavori per la realizzazione della terza vasca di\",\"breadcrumb\":{\"@id\":\"https:\\\/\\\/www.ilnotiziario.net\\\/wp\\\/prima-pagina\\\/senago-la-terza-vasca-avanza-abbattute-in-due-giorni-centinaia-di-piante\\\/#breadcrumb\"},\"inLanguage\":\"it-IT\",\"potentialAction\":[{\"@type\":\"ReadAction\",\"target\":[\"https:\\\/\\\/www.ilnotiziario.net\\\/wp\\\/prima-pagina\\\/senago-la-terza-vasca-avanza-abbattute-in-due-giorni-centinaia-di-piante\\\/\"]}]},{\"@type\":\"ImageObject\",\"inLanguage\":\"it-IT\",\"@id\":\"https:\\\/\\\/www.ilnotiziario.net\\\/wp\\\/prima-pagina\\\/senago-la-terza-vasca-avanza-abbattute-in-due-giorni-centinaia-di-piante\\\/#primaryimage\",\"url\":\"https:\\\/\\\/www.ilnotiziario.net\\\/wp\\\/wp-content\\\/uploads\\\/2025\\\/10\\\/Senago-terza-vasca-piante.jpeg\",\"contentUrl\":\"https:\\\/\\\/www.ilnotiziario.net\\\/wp\\\/wp-content\\\/uploads\\\/2025\\\/10\\\/Senago-terza-vasca-piante.jpeg\",\"width\":1600,\"height\":1200,\"caption\":\"L'area della terza vasca di Senago in cui sono stati tagliati gli alberi\"},{\"@type\":\"BreadcrumbList\",\"@id\":\"https:\\\/\\\/www.ilnotiziario.net\\\/wp\\\/prima-pagina\\\/senago-la-terza-vasca-avanza-abbattute-in-due-giorni-centinaia-di-piante\\\/#breadcrumb\",\"itemListElement\":[{\"@type\":\"ListItem\",\"position\":1,\"name\":\"tds_text_logo_tagline_colortds_text_logo_tagline_colortds_text_logo_tagline_colortds_text_logo_tagline_colortd_module_7_title_excerpttd_module_7_title_excerpttd_module_7_title_excerpttd_module_7_title_excerptHome\",\"item\":\"https:\\\/\\\/www.ilnotiziario.net\\\/wp\\\/\"},{\"@type\":\"ListItem\",\"position\":2,\"name\":\"Senago, la terza vasca avanza: abbattute in due giorni centinaia di piante\"}]},{\"@type\":\"WebSite\",\"@id\":\"https:\\\/\\\/www.ilnotiziario.net\\\/wp\\\/#website\",\"url\":\"https:\\\/\\\/www.ilnotiziario.net\\\/wp\\\/\",\"name\":\"Il Notiziario\",\"description\":\"Per restare sempre connessi alla notizia\",\"publisher\":{\"@id\":\"https:\\\/\\\/www.ilnotiziario.net\\\/wp\\\/#organization\"},\"alternateName\":\"Il Notiziario Bollate\",\"potentialAction\":[{\"@type\":\"SearchAction\",\"target\":{\"@type\":\"EntryPoint\",\"urlTemplate\":\"https:\\\/\\\/www.ilnotiziario.net\\\/wp\\\/?s={search_term_string}\"},\"query-input\":{\"@type\":\"PropertyValueSpecification\",\"valueRequired\":true,\"valueName\":\"search_term_string\"}}],\"inLanguage\":\"it-IT\"},{\"@type\":\"Organization\",\"@id\":\"https:\\\/\\\/www.ilnotiziario.net\\\/wp\\\/#organization\",\"name\":\"Il Notiziario\",\"url\":\"https:\\\/\\\/www.ilnotiziario.net\\\/wp\\\/\",\"logo\":{\"@type\":\"ImageObject\",\"inLanguage\":\"it-IT\",\"@id\":\"https:\\\/\\\/www.ilnotiziario.net\\\/wp\\\/#\\\/schema\\\/logo\\\/image\\\/\",\"url\":\"https:\\\/\\\/www.ilnotiziario.net\\\/wp\\\/wp-content\\\/uploads\\\/2022\\\/06\\\/170x170ilN.png\",\"contentUrl\":\"https:\\\/\\\/www.ilnotiziario.net\\\/wp\\\/wp-content\\\/uploads\\\/2022\\\/06\\\/170x170ilN.png\",\"width\":355,\"height\":355,\"caption\":\"Il Notiziario\"},\"image\":{\"@id\":\"https:\\\/\\\/www.ilnotiziario.net\\\/wp\\\/#\\\/schema\\\/logo\\\/image\\\/\"},\"sameAs\":[\"https:\\\/\\\/www.facebook.com\\\/ilnotiziarioind\\\/\",\"https:\\\/\\\/x.com\\\/ilNotiziarioInd\",\"https:\\\/\\\/www.instagram.com\\\/ilnotiziario_settimanale\\\/\"]},{\"@type\":\"Person\",\"@id\":\"https:\\\/\\\/www.ilnotiziario.net\\\/wp\\\/#\\\/schema\\\/person\\\/c5bca2edc3d99d29959f04a6126f687b\",\"name\":\"Silvia Citterio\",\"image\":{\"@type\":\"ImageObject\",\"inLanguage\":\"it-IT\",\"@id\":\"https:\\\/\\\/secure.gravatar.com\\\/avatar\\\/03eb19c63b944e79a9b5ce53ca5d1ca303edcf368a68721ec3ccaae7f98c5afd?s=96&d=mm&r=g\",\"url\":\"https:\\\/\\\/secure.gravatar.com\\\/avatar\\\/03eb19c63b944e79a9b5ce53ca5d1ca303edcf368a68721ec3ccaae7f98c5afd?s=96&d=mm&r=g\",\"contentUrl\":\"https:\\\/\\\/secure.gravatar.com\\\/avatar\\\/03eb19c63b944e79a9b5ce53ca5d1ca303edcf368a68721ec3ccaae7f98c5afd?s=96&d=mm&r=g\",\"caption\":\"Silvia Citterio\"}}]}<\/script>\n<!-- \/ Yoast SEO plugin. -->","yoast_head_json":{"title":"Senago, la terza vasca avanza: abbattute in due giorni centinaia di piante - Il Notiziario","description":"Senago, la terza vasca avanza: abbattute in due giorni centinaia di piante. Avanzano a ritmo intenso i lavori per la realizzazione della terza vasca di","robots":{"index":"index","follow":"follow","max-snippet":"max-snippet:-1","max-image-preview":"max-image-preview:large","max-video-preview":"max-video-preview:-1"},"canonical":"https:\/\/www.ilnotiziario.net\/wp\/prima-pagina\/senago-la-terza-vasca-avanza-abbattute-in-due-giorni-centinaia-di-piante\/","og_locale":"it_IT","og_type":"article","og_title":"Senago, la terza vasca avanza: abbattute in due giorni centinaia di piante - Il Notiziario","og_description":"Senago, la terza vasca avanza: abbattute in due giorni centinaia di piante. Avanzano a ritmo intenso i lavori per la realizzazione della terza vasca di","og_url":"https:\/\/www.ilnotiziario.net\/wp\/prima-pagina\/senago-la-terza-vasca-avanza-abbattute-in-due-giorni-centinaia-di-piante\/","og_site_name":"Il Notiziario","article_publisher":"https:\/\/www.facebook.com\/ilnotiziarioind\/","article_published_time":"2025-10-05T07:30:22+00:00","article_modified_time":"2025-10-05T09:05:14+00:00","og_image":[{"width":1600,"height":1200,"url":"https:\/\/www.ilnotiziario.net\/wp\/wp-content\/uploads\/2025\/10\/Senago-terza-vasca-piante.jpeg","type":"image\/jpeg"}],"author":"Silvia Citterio","twitter_card":"summary_large_image","twitter_creator":"@ilNotiziarioInd","twitter_site":"@ilNotiziarioInd","twitter_misc":{"Scritto da":"Silvia Citterio","Tempo di lettura stimato":"1 minuto"},"schema":{"@context":"https:\/\/schema.org","@graph":[{"@type":"Article","@id":"https:\/\/www.ilnotiziario.net\/wp\/prima-pagina\/senago-la-terza-vasca-avanza-abbattute-in-due-giorni-centinaia-di-piante\/#article","isPartOf":{"@id":"https:\/\/www.ilnotiziario.net\/wp\/prima-pagina\/senago-la-terza-vasca-avanza-abbattute-in-due-giorni-centinaia-di-piante\/"},"author":{"name":"Silvia Citterio","@id":"https:\/\/www.ilnotiziario.net\/wp\/#\/schema\/person\/c5bca2edc3d99d29959f04a6126f687b"},"headline":"Senago, la terza vasca avanza: abbattute in due giorni centinaia di piante","datePublished":"2025-10-05T07:30:22+00:00","dateModified":"2025-10-05T09:05:14+00:00","mainEntityOfPage":{"@id":"https:\/\/www.ilnotiziario.net\/wp\/prima-pagina\/senago-la-terza-vasca-avanza-abbattute-in-due-giorni-centinaia-di-piante\/"},"wordCount":151,"publisher":{"@id":"https:\/\/www.ilnotiziario.net\/wp\/#organization"},"image":{"@id":"https:\/\/www.ilnotiziario.net\/wp\/prima-pagina\/senago-la-terza-vasca-avanza-abbattute-in-due-giorni-centinaia-di-piante\/#primaryimage"},"thumbnailUrl":"https:\/\/www.ilnotiziario.net\/wp\/wp-content\/uploads\/2025\/10\/Senago-terza-vasca-piante.jpeg","keywords":["piante","Senago","terza vasca"],"articleSection":["BOLLATESE","Prima Pagina"],"inLanguage":"it-IT"},{"@type":"WebPage","@id":"https:\/\/www.ilnotiziario.net\/wp\/prima-pagina\/senago-la-terza-vasca-avanza-abbattute-in-due-giorni-centinaia-di-piante\/","url":"https:\/\/www.ilnotiziario.net\/wp\/prima-pagina\/senago-la-terza-vasca-avanza-abbattute-in-due-giorni-centinaia-di-piante\/","name":"Senago, la terza vasca avanza: abbattute in due giorni centinaia di piante - Il Notiziario","isPartOf":{"@id":"https:\/\/www.ilnotiziario.net\/wp\/#website"},"primaryImageOfPage":{"@id":"https:\/\/www.ilnotiziario.net\/wp\/prima-pagina\/senago-la-terza-vasca-avanza-abbattute-in-due-giorni-centinaia-di-piante\/#primaryimage"},"image":{"@id":"https:\/\/www.ilnotiziario.net\/wp\/prima-pagina\/senago-la-terza-vasca-avanza-abbattute-in-due-giorni-centinaia-di-piante\/#primaryimage"},"thumbnailUrl":"https:\/\/www.ilnotiziario.net\/wp\/wp-content\/uploads\/2025\/10\/Senago-terza-vasca-piante.jpeg","datePublished":"2025-10-05T07:30:22+00:00","dateModified":"2025-10-05T09:05:14+00:00","description":"Senago, la terza vasca avanza: abbattute in due giorni centinaia di piante. Avanzano a ritmo intenso i lavori per la realizzazione della terza vasca di","breadcrumb":{"@id":"https:\/\/www.ilnotiziario.net\/wp\/prima-pagina\/senago-la-terza-vasca-avanza-abbattute-in-due-giorni-centinaia-di-piante\/#breadcrumb"},"inLanguage":"it-IT","potentialAction":[{"@type":"ReadAction","target":["https:\/\/www.ilnotiziario.net\/wp\/prima-pagina\/senago-la-terza-vasca-avanza-abbattute-in-due-giorni-centinaia-di-piante\/"]}]},{"@type":"ImageObject","inLanguage":"it-IT","@id":"https:\/\/www.ilnotiziario.net\/wp\/prima-pagina\/senago-la-terza-vasca-avanza-abbattute-in-due-giorni-centinaia-di-piante\/#primaryimage","url":"https:\/\/www.ilnotiziario.net\/wp\/wp-content\/uploads\/2025\/10\/Senago-terza-vasca-piante.jpeg","contentUrl":"https:\/\/www.ilnotiziario.net\/wp\/wp-content\/uploads\/2025\/10\/Senago-terza-vasca-piante.jpeg","width":1600,"height":1200,"caption":"L'area della terza vasca di Senago in cui sono stati tagliati gli alberi"},{"@type":"BreadcrumbList","@id":"https:\/\/www.ilnotiziario.net\/wp\/prima-pagina\/senago-la-terza-vasca-avanza-abbattute-in-due-giorni-centinaia-di-piante\/#breadcrumb","itemListElement":[{"@type":"ListItem","position":1,"name":"tds_text_logo_tagline_colortds_text_logo_tagline_colortds_text_logo_tagline_colortds_text_logo_tagline_colortd_module_7_title_excerpttd_module_7_title_excerpttd_module_7_title_excerpttd_module_7_title_excerptHome","item":"https:\/\/www.ilnotiziario.net\/wp\/"},{"@type":"ListItem","position":2,"name":"Senago, la terza vasca avanza: abbattute in due giorni centinaia di piante"}]},{"@type":"WebSite","@id":"https:\/\/www.ilnotiziario.net\/wp\/#website","url":"https:\/\/www.ilnotiziario.net\/wp\/","name":"Il Notiziario","description":"Per restare sempre connessi alla notizia","publisher":{"@id":"https:\/\/www.ilnotiziario.net\/wp\/#organization"},"alternateName":"Il Notiziario Bollate","potentialAction":[{"@type":"SearchAction","target":{"@type":"EntryPoint","urlTemplate":"https:\/\/www.ilnotiziario.net\/wp\/?s={search_term_string}"},"query-input":{"@type":"PropertyValueSpecification","valueRequired":true,"valueName":"search_term_string"}}],"inLanguage":"it-IT"},{"@type":"Organization","@id":"https:\/\/www.ilnotiziario.net\/wp\/#organization","name":"Il Notiziario","url":"https:\/\/www.ilnotiziario.net\/wp\/","logo":{"@type":"ImageObject","inLanguage":"it-IT","@id":"https:\/\/www.ilnotiziario.net\/wp\/#\/schema\/logo\/image\/","url":"https:\/\/www.ilnotiziario.net\/wp\/wp-content\/uploads\/2022\/06\/170x170ilN.png","contentUrl":"https:\/\/www.ilnotiziario.net\/wp\/wp-content\/uploads\/2022\/06\/170x170ilN.png","width":355,"height":355,"caption":"Il Notiziario"},"image":{"@id":"https:\/\/www.ilnotiziario.net\/wp\/#\/schema\/logo\/image\/"},"sameAs":["https:\/\/www.facebook.com\/ilnotiziarioind\/","https:\/\/x.com\/ilNotiziarioInd","https:\/\/www.instagram.com\/ilnotiziario_settimanale\/"]},{"@type":"Person","@id":"https:\/\/www.ilnotiziario.net\/wp\/#\/schema\/person\/c5bca2edc3d99d29959f04a6126f687b","name":"Silvia Citterio","image":{"@type":"ImageObject","inLanguage":"it-IT","@id":"https:\/\/secure.gravatar.com\/avatar\/03eb19c63b944e79a9b5ce53ca5d1ca303edcf368a68721ec3ccaae7f98c5afd?s=96&d=mm&r=g","url":"https:\/\/secure.gravatar.com\/avatar\/03eb19c63b944e79a9b5ce53ca5d1ca303edcf368a68721ec3ccaae7f98c5afd?s=96&d=mm&r=g","contentUrl":"https:\/\/secure.gravatar.com\/avatar\/03eb19c63b944e79a9b5ce53ca5d1ca303edcf368a68721ec3ccaae7f98c5afd?s=96&d=mm&r=g","caption":"Silvia Citterio"}}]}},"_links":{"self":[{"href":"https:\/\/www.ilnotiziario.net\/wp\/wp-json\/wp\/v2\/posts\/210134","targetHints":{"allow":["GET"]}}],"collection":[{"href":"https:\/\/www.ilnotiziario.net\/wp\/wp-json\/wp\/v2\/posts"}],"about":[{"href":"https:\/\/www.ilnotiziario.net\/wp\/wp-json\/wp\/v2\/types\/post"}],"author":[{"embeddable":true,"href":"https:\/\/www.ilnotiziario.net\/wp\/wp-json\/wp\/v2\/users\/14"}],"replies":[{"embeddable":true,"href":"https:\/\/www.ilnotiziario.net\/wp\/wp-json\/wp\/v2\/comments?post=210134"}],"version-history":[{"count":0,"href":"https:\/\/www.ilnotiziario.net\/wp\/wp-json\/wp\/v2\/posts\/210134\/revisions"}],"wp:featuredmedia":[{"embeddable":true,"href":"https:\/\/www.ilnotiziario.net\/wp\/wp-json\/wp\/v2\/media\/210135"}],"wp:attachment":[{"href":"https:\/\/www.ilnotiziario.net\/wp\/wp-json\/wp\/v2\/media?parent=210134"}],"wp:term":[{"taxonomy":"category","embeddable":true,"href":"https:\/\/www.ilnotiziario.net\/wp\/wp-json\/wp\/v2\/categories?post=210134"},{"taxonomy":"post_tag","embeddable":true,"href":"https:\/\/www.ilnotiziario.net\/wp\/wp-json\/wp\/v2\/tags?post=210134"}],"curies":[{"name":"wp","href":"https:\/\/api.w.org\/{rel}","templated":true}]}}