{"id":210302,"date":"2025-10-10T17:01:39","date_gmt":"2025-10-10T15:01:39","guid":{"rendered":"https:\/\/www.ilnotiziario.net\/wp\/?p=210302"},"modified":"2025-10-10T17:13:31","modified_gmt":"2025-10-10T15:13:31","slug":"incidente-sulla-milano-meda-tre-feriti-e-traffico-in-tilt","status":"publish","type":"post","link":"https:\/\/www.ilnotiziario.net\/wp\/brianza\/incidente-sulla-milano-meda-tre-feriti-e-traffico-in-tilt\/","title":{"rendered":"Incidente sulla Milano-Meda,  4 feriti e traffico in tilt"},"content":{"rendered":"<p>Un incidente stradale tra pi\u00f9 veicoli ha provocato il ferimento di 4\u00a0 persone e lunghe code sulla Milano-Meda.<\/p><div id=\"ilnot-3308892735\" class=\"ilnot-contenuto ilnot-entity-placement\"><p><!-- incontent_1 --><\/p>\n<div class=\"gptslot\" data-adunitid=\"1\"><\/div>\n<\/div>\n<p>L\u2019incidente si \u00e8 verificato alle 16,35 di oggi, venerd\u00ec 10 ottobre, nei pressi dell\u2019uscita n.7 di Varedo, in direzione Sud, verso Milano.<\/p>\n<p>C\u2019\u00e8 stato un tamponamento tra pi\u00f9 veicoli, in direzione Sud verso Milano, sulla corsia di sorpasso. Un furgone \u00e8 stato tamponato da un altro furgone poi da\u00a0 una prima vettura e poi da una seconda.<\/p><div id=\"ilnot-1221724712\" class=\"ilnot-contenuto_2 ilnot-entity-placement\"><div class=\"ads-wrapper\">\n<div class=\"ad-slot\">\n   <div id=\"ilnot-731823552\" style=\"margin-right: auto;margin-left: auto;text-align: center;width: 320px;height: 100px;\"><a href=\"https:\/\/www.scuolasicurezza.it\/\"><img decoding=\"async\" src=\"https:\/\/www.ilnotiziario.net\/wp\/wp-content\/uploads\/2026\/04\/IlNotiziario_banner-sito-e-newsletter-320-x-100-px-1.gif\" alt=\"\"><\/a><\/div>\n  <\/div>\n<div class=\"ad-slot\">\n   <div id=\"ilnot-689181945\" style=\"margin-right: auto;margin-left: auto;text-align: center;width: 320px;height: 100px;\"><a href=\"https:\/\/purodesignarredamenti.com\/\"><img decoding=\"async\" src=\"https:\/\/www.ilnotiziario.net\/wp\/wp-content\/uploads\/2026\/04\/banner-puro-ok.gif\" alt=\"whatsapp\"><\/a><\/div><\/p><\/div>\n<\/div>\n<\/div>\n<h2>Incidente sulla Milano-Meda tra Varedo e Paderno Dugnano<\/h2>\n<p>Sul posto due ambulanze, una dalla Avis Meda e una dalla Croce Verde Lissone, oltre a una squadra di Vigili del fuoco da Desio, che ha provveduto all\u2019estrazione dei feriti dai veicoli incidentati e a gestire il traffico prima dell\u2019arrivo sul posto della Polizia stradale. Inviate sul posto anche una terza ambulanza dalla Croce Bianca di Besana e l\u2019auto medica dall\u2019ospedale San Gerardo di Monza.<\/p>\n<p>&nbsp;<\/p>\n<p><iframe title=\"Milano - Meda incidente stradale, arrivo della Polizia sul posto \" width=\"765\" height=\"430\" src=\"https:\/\/www.youtube.com\/embed\/SPWufMHJcnE?feature=oembed\" frameborder=\"0\" allow=\"accelerometer; autoplay; clipboard-write; encrypted-media; gyroscope; picture-in-picture; web-share\" referrerpolicy=\"strict-origin-when-cross-origin\" allowfullscreen><\/iframe><\/p>\n<p>Sulla Milano-Meda si sono formate lunghe code in entrambe le direzioni, verso Sud per la presenza dei veicoli incidentati e verso Nord per i tanti curiosi che rallentavano per osservare l\u2019incidente sulla carreggiata opposta.<\/p>\n<p><strong>A.S.<\/strong><\/p><div id=\"ilnot-4045987716\" class=\"ilnot-contenuto_2-2 ilnot-entity-placement\"><div class=\"gptslot\" data-adunitid=\"2\"><\/div>\n<\/div>\n","protected":false},"excerpt":{"rendered":"<p>Un incidente stradale tra pi\u00f9 veicoli ha provocato il ferimento di 4\u00a0 persone e lunghe code sulla Milano-Meda. L\u2019incidente si \u00e8 verificato alle 16,35 di oggi, venerd\u00ec 10 ottobre, nei pressi dell\u2019uscita n.7 di Varedo, in direzione Sud, verso Milano. C\u2019\u00e8 stato un tamponamento tra pi\u00f9 veicoli, in direzione Sud verso Milano, sulla corsia di<\/p>\n","protected":false},"author":3,"featured_media":210303,"comment_status":"closed","ping_status":"closed","sticky":false,"template":"","format":"standard","meta":{"footnotes":""},"categories":[9,20,21],"tags":[95,96,39,87],"class_list":{"0":"post-210302","1":"post","2":"type-post","3":"status-publish","4":"format-standard","5":"has-post-thumbnail","7":"category-brianza","8":"category-prima-pagina","9":"category-video","10":"tag-incidente","11":"tag-milano-meda","12":"tag-paderno-dugnano","13":"tag-varedo"},"yoast_head":"<!-- This site is optimized with the Yoast SEO plugin v27.4 - https:\/\/yoast.com\/product\/yoast-seo-wordpress\/ -->\n<title>Incidente sulla Milano-Meda, 4 feriti e traffico in tilt - Il Notiziario<\/title>\n<meta name=\"description\" content=\"Un incidente stradale tra pi\u00f9 veicoli ha provocato il ferimento di 4\u00a0 persone e lunghe code sulla Milano-Meda. L\u2019incidente si \u00e8 verificato alle 16,35 di\" \/>\n<meta name=\"robots\" content=\"index, follow, max-snippet:-1, max-image-preview:large, max-video-preview:-1\" \/>\n<link rel=\"canonical\" href=\"https:\/\/www.ilnotiziario.net\/wp\/brianza\/incidente-sulla-milano-meda-tre-feriti-e-traffico-in-tilt\/\" \/>\n<meta property=\"og:locale\" content=\"it_IT\" \/>\n<meta property=\"og:type\" content=\"article\" \/>\n<meta property=\"og:title\" content=\"Incidente sulla Milano-Meda, 4 feriti e traffico in tilt - Il Notiziario\" \/>\n<meta property=\"og:description\" content=\"Un incidente stradale tra pi\u00f9 veicoli ha provocato il ferimento di 4\u00a0 persone e lunghe code sulla Milano-Meda. L\u2019incidente si \u00e8 verificato alle 16,35 di\" \/>\n<meta property=\"og:url\" content=\"https:\/\/www.ilnotiziario.net\/wp\/brianza\/incidente-sulla-milano-meda-tre-feriti-e-traffico-in-tilt\/\" \/>\n<meta property=\"og:site_name\" content=\"Il Notiziario\" \/>\n<meta property=\"article:publisher\" content=\"https:\/\/www.facebook.com\/ilnotiziarioind\/\" \/>\n<meta property=\"article:published_time\" content=\"2025-10-10T15:01:39+00:00\" \/>\n<meta property=\"article:modified_time\" content=\"2025-10-10T15:13:31+00:00\" \/>\n<meta property=\"og:image\" content=\"https:\/\/www.ilnotiziario.net\/wp\/wp-content\/uploads\/2025\/10\/Incidente-Mi-Meda1.jpeg\" \/>\n\t<meta property=\"og:image:width\" content=\"2000\" \/>\n\t<meta property=\"og:image:height\" content=\"924\" \/>\n\t<meta property=\"og:image:type\" content=\"image\/jpeg\" \/>\n<meta name=\"author\" content=\"Gabriele Bassani\" \/>\n<meta name=\"twitter:card\" content=\"summary_large_image\" \/>\n<meta name=\"twitter:creator\" content=\"@ilNotiziarioInd\" \/>\n<meta name=\"twitter:site\" content=\"@ilNotiziarioInd\" \/>\n<meta name=\"twitter:label1\" content=\"Scritto da\" \/>\n\t<meta name=\"twitter:data1\" content=\"Gabriele Bassani\" \/>\n\t<meta name=\"twitter:label2\" content=\"Tempo di lettura stimato\" \/>\n\t<meta name=\"twitter:data2\" content=\"2 minuti\" \/>\n<script type=\"application\/ld+json\" class=\"yoast-schema-graph\">{\"@context\":\"https:\\\/\\\/schema.org\",\"@graph\":[{\"@type\":\"Article\",\"@id\":\"https:\\\/\\\/www.ilnotiziario.net\\\/wp\\\/brianza\\\/incidente-sulla-milano-meda-tre-feriti-e-traffico-in-tilt\\\/#article\",\"isPartOf\":{\"@id\":\"https:\\\/\\\/www.ilnotiziario.net\\\/wp\\\/brianza\\\/incidente-sulla-milano-meda-tre-feriti-e-traffico-in-tilt\\\/\"},\"author\":{\"name\":\"Gabriele Bassani\",\"@id\":\"https:\\\/\\\/www.ilnotiziario.net\\\/wp\\\/#\\\/schema\\\/person\\\/386e222908f898bb41c033989482bbf2\"},\"headline\":\"Incidente sulla Milano-Meda, 4 feriti e traffico in tilt\",\"datePublished\":\"2025-10-10T15:01:39+00:00\",\"dateModified\":\"2025-10-10T15:13:31+00:00\",\"mainEntityOfPage\":{\"@id\":\"https:\\\/\\\/www.ilnotiziario.net\\\/wp\\\/brianza\\\/incidente-sulla-milano-meda-tre-feriti-e-traffico-in-tilt\\\/\"},\"wordCount\":205,\"publisher\":{\"@id\":\"https:\\\/\\\/www.ilnotiziario.net\\\/wp\\\/#organization\"},\"image\":{\"@id\":\"https:\\\/\\\/www.ilnotiziario.net\\\/wp\\\/brianza\\\/incidente-sulla-milano-meda-tre-feriti-e-traffico-in-tilt\\\/#primaryimage\"},\"thumbnailUrl\":\"https:\\\/\\\/www.ilnotiziario.net\\\/wp\\\/wp-content\\\/uploads\\\/2025\\\/10\\\/Incidente-Mi-Meda1.jpeg\",\"keywords\":[\"incidente\",\"Milano-Meda\",\"Paderno Dugnano\",\"Varedo\"],\"articleSection\":[\"BRIANZA\",\"Prima Pagina\",\"Video\"],\"inLanguage\":\"it-IT\"},{\"@type\":\"WebPage\",\"@id\":\"https:\\\/\\\/www.ilnotiziario.net\\\/wp\\\/brianza\\\/incidente-sulla-milano-meda-tre-feriti-e-traffico-in-tilt\\\/\",\"url\":\"https:\\\/\\\/www.ilnotiziario.net\\\/wp\\\/brianza\\\/incidente-sulla-milano-meda-tre-feriti-e-traffico-in-tilt\\\/\",\"name\":\"Incidente sulla Milano-Meda, 4 feriti e traffico in tilt - Il Notiziario\",\"isPartOf\":{\"@id\":\"https:\\\/\\\/www.ilnotiziario.net\\\/wp\\\/#website\"},\"primaryImageOfPage\":{\"@id\":\"https:\\\/\\\/www.ilnotiziario.net\\\/wp\\\/brianza\\\/incidente-sulla-milano-meda-tre-feriti-e-traffico-in-tilt\\\/#primaryimage\"},\"image\":{\"@id\":\"https:\\\/\\\/www.ilnotiziario.net\\\/wp\\\/brianza\\\/incidente-sulla-milano-meda-tre-feriti-e-traffico-in-tilt\\\/#primaryimage\"},\"thumbnailUrl\":\"https:\\\/\\\/www.ilnotiziario.net\\\/wp\\\/wp-content\\\/uploads\\\/2025\\\/10\\\/Incidente-Mi-Meda1.jpeg\",\"datePublished\":\"2025-10-10T15:01:39+00:00\",\"dateModified\":\"2025-10-10T15:13:31+00:00\",\"description\":\"Un incidente stradale tra pi\u00f9 veicoli ha provocato il ferimento di 4\u00a0 persone e lunghe code sulla Milano-Meda. L\u2019incidente si \u00e8 verificato alle 16,35 di\",\"breadcrumb\":{\"@id\":\"https:\\\/\\\/www.ilnotiziario.net\\\/wp\\\/brianza\\\/incidente-sulla-milano-meda-tre-feriti-e-traffico-in-tilt\\\/#breadcrumb\"},\"inLanguage\":\"it-IT\",\"potentialAction\":[{\"@type\":\"ReadAction\",\"target\":[\"https:\\\/\\\/www.ilnotiziario.net\\\/wp\\\/brianza\\\/incidente-sulla-milano-meda-tre-feriti-e-traffico-in-tilt\\\/\"]}]},{\"@type\":\"ImageObject\",\"inLanguage\":\"it-IT\",\"@id\":\"https:\\\/\\\/www.ilnotiziario.net\\\/wp\\\/brianza\\\/incidente-sulla-milano-meda-tre-feriti-e-traffico-in-tilt\\\/#primaryimage\",\"url\":\"https:\\\/\\\/www.ilnotiziario.net\\\/wp\\\/wp-content\\\/uploads\\\/2025\\\/10\\\/Incidente-Mi-Meda1.jpeg\",\"contentUrl\":\"https:\\\/\\\/www.ilnotiziario.net\\\/wp\\\/wp-content\\\/uploads\\\/2025\\\/10\\\/Incidente-Mi-Meda1.jpeg\",\"width\":2000,\"height\":924,\"caption\":\"incidente MIlano-Meda\"},{\"@type\":\"BreadcrumbList\",\"@id\":\"https:\\\/\\\/www.ilnotiziario.net\\\/wp\\\/brianza\\\/incidente-sulla-milano-meda-tre-feriti-e-traffico-in-tilt\\\/#breadcrumb\",\"itemListElement\":[{\"@type\":\"ListItem\",\"position\":1,\"name\":\"tds_text_logo_tagline_colortds_text_logo_tagline_colortds_text_logo_tagline_colortds_text_logo_tagline_colortd_module_7_title_excerpttd_module_7_title_excerpttd_module_7_title_excerpttd_module_7_title_excerptHome\",\"item\":\"https:\\\/\\\/www.ilnotiziario.net\\\/wp\\\/\"},{\"@type\":\"ListItem\",\"position\":2,\"name\":\"Incidente sulla Milano-Meda, 4 feriti e traffico in tilt\"}]},{\"@type\":\"WebSite\",\"@id\":\"https:\\\/\\\/www.ilnotiziario.net\\\/wp\\\/#website\",\"url\":\"https:\\\/\\\/www.ilnotiziario.net\\\/wp\\\/\",\"name\":\"Il Notiziario\",\"description\":\"Per restare sempre connessi alla notizia\",\"publisher\":{\"@id\":\"https:\\\/\\\/www.ilnotiziario.net\\\/wp\\\/#organization\"},\"alternateName\":\"Il Notiziario Bollate\",\"potentialAction\":[{\"@type\":\"SearchAction\",\"target\":{\"@type\":\"EntryPoint\",\"urlTemplate\":\"https:\\\/\\\/www.ilnotiziario.net\\\/wp\\\/?s={search_term_string}\"},\"query-input\":{\"@type\":\"PropertyValueSpecification\",\"valueRequired\":true,\"valueName\":\"search_term_string\"}}],\"inLanguage\":\"it-IT\"},{\"@type\":\"Organization\",\"@id\":\"https:\\\/\\\/www.ilnotiziario.net\\\/wp\\\/#organization\",\"name\":\"Il Notiziario\",\"url\":\"https:\\\/\\\/www.ilnotiziario.net\\\/wp\\\/\",\"logo\":{\"@type\":\"ImageObject\",\"inLanguage\":\"it-IT\",\"@id\":\"https:\\\/\\\/www.ilnotiziario.net\\\/wp\\\/#\\\/schema\\\/logo\\\/image\\\/\",\"url\":\"https:\\\/\\\/www.ilnotiziario.net\\\/wp\\\/wp-content\\\/uploads\\\/2022\\\/06\\\/170x170ilN.png\",\"contentUrl\":\"https:\\\/\\\/www.ilnotiziario.net\\\/wp\\\/wp-content\\\/uploads\\\/2022\\\/06\\\/170x170ilN.png\",\"width\":355,\"height\":355,\"caption\":\"Il Notiziario\"},\"image\":{\"@id\":\"https:\\\/\\\/www.ilnotiziario.net\\\/wp\\\/#\\\/schema\\\/logo\\\/image\\\/\"},\"sameAs\":[\"https:\\\/\\\/www.facebook.com\\\/ilnotiziarioind\\\/\",\"https:\\\/\\\/x.com\\\/ilNotiziarioInd\",\"https:\\\/\\\/www.instagram.com\\\/ilnotiziario_settimanale\\\/\"]},{\"@type\":\"Person\",\"@id\":\"https:\\\/\\\/www.ilnotiziario.net\\\/wp\\\/#\\\/schema\\\/person\\\/386e222908f898bb41c033989482bbf2\",\"name\":\"Gabriele Bassani\",\"image\":{\"@type\":\"ImageObject\",\"inLanguage\":\"it-IT\",\"@id\":\"https:\\\/\\\/secure.gravatar.com\\\/avatar\\\/09274f4a84fa97698bde56f84b3afed61c8492d48b0550db9671b68c177479cb?s=96&d=mm&r=g\",\"url\":\"https:\\\/\\\/secure.gravatar.com\\\/avatar\\\/09274f4a84fa97698bde56f84b3afed61c8492d48b0550db9671b68c177479cb?s=96&d=mm&r=g\",\"contentUrl\":\"https:\\\/\\\/secure.gravatar.com\\\/avatar\\\/09274f4a84fa97698bde56f84b3afed61c8492d48b0550db9671b68c177479cb?s=96&d=mm&r=g\",\"caption\":\"Gabriele Bassani\"},\"sameAs\":[\"http:\\\/\\\/www.ilnotiziario.net\"]}]}<\/script>\n<!-- \/ Yoast SEO plugin. -->","yoast_head_json":{"title":"Incidente sulla Milano-Meda, 4 feriti e traffico in tilt - Il Notiziario","description":"Un incidente stradale tra pi\u00f9 veicoli ha provocato il ferimento di 4\u00a0 persone e lunghe code sulla Milano-Meda. L\u2019incidente si \u00e8 verificato alle 16,35 di","robots":{"index":"index","follow":"follow","max-snippet":"max-snippet:-1","max-image-preview":"max-image-preview:large","max-video-preview":"max-video-preview:-1"},"canonical":"https:\/\/www.ilnotiziario.net\/wp\/brianza\/incidente-sulla-milano-meda-tre-feriti-e-traffico-in-tilt\/","og_locale":"it_IT","og_type":"article","og_title":"Incidente sulla Milano-Meda, 4 feriti e traffico in tilt - Il Notiziario","og_description":"Un incidente stradale tra pi\u00f9 veicoli ha provocato il ferimento di 4\u00a0 persone e lunghe code sulla Milano-Meda. L\u2019incidente si \u00e8 verificato alle 16,35 di","og_url":"https:\/\/www.ilnotiziario.net\/wp\/brianza\/incidente-sulla-milano-meda-tre-feriti-e-traffico-in-tilt\/","og_site_name":"Il Notiziario","article_publisher":"https:\/\/www.facebook.com\/ilnotiziarioind\/","article_published_time":"2025-10-10T15:01:39+00:00","article_modified_time":"2025-10-10T15:13:31+00:00","og_image":[{"width":2000,"height":924,"url":"https:\/\/www.ilnotiziario.net\/wp\/wp-content\/uploads\/2025\/10\/Incidente-Mi-Meda1.jpeg","type":"image\/jpeg"}],"author":"Gabriele Bassani","twitter_card":"summary_large_image","twitter_creator":"@ilNotiziarioInd","twitter_site":"@ilNotiziarioInd","twitter_misc":{"Scritto da":"Gabriele Bassani","Tempo di lettura stimato":"2 minuti"},"schema":{"@context":"https:\/\/schema.org","@graph":[{"@type":"Article","@id":"https:\/\/www.ilnotiziario.net\/wp\/brianza\/incidente-sulla-milano-meda-tre-feriti-e-traffico-in-tilt\/#article","isPartOf":{"@id":"https:\/\/www.ilnotiziario.net\/wp\/brianza\/incidente-sulla-milano-meda-tre-feriti-e-traffico-in-tilt\/"},"author":{"name":"Gabriele Bassani","@id":"https:\/\/www.ilnotiziario.net\/wp\/#\/schema\/person\/386e222908f898bb41c033989482bbf2"},"headline":"Incidente sulla Milano-Meda, 4 feriti e traffico in tilt","datePublished":"2025-10-10T15:01:39+00:00","dateModified":"2025-10-10T15:13:31+00:00","mainEntityOfPage":{"@id":"https:\/\/www.ilnotiziario.net\/wp\/brianza\/incidente-sulla-milano-meda-tre-feriti-e-traffico-in-tilt\/"},"wordCount":205,"publisher":{"@id":"https:\/\/www.ilnotiziario.net\/wp\/#organization"},"image":{"@id":"https:\/\/www.ilnotiziario.net\/wp\/brianza\/incidente-sulla-milano-meda-tre-feriti-e-traffico-in-tilt\/#primaryimage"},"thumbnailUrl":"https:\/\/www.ilnotiziario.net\/wp\/wp-content\/uploads\/2025\/10\/Incidente-Mi-Meda1.jpeg","keywords":["incidente","Milano-Meda","Paderno Dugnano","Varedo"],"articleSection":["BRIANZA","Prima Pagina","Video"],"inLanguage":"it-IT"},{"@type":"WebPage","@id":"https:\/\/www.ilnotiziario.net\/wp\/brianza\/incidente-sulla-milano-meda-tre-feriti-e-traffico-in-tilt\/","url":"https:\/\/www.ilnotiziario.net\/wp\/brianza\/incidente-sulla-milano-meda-tre-feriti-e-traffico-in-tilt\/","name":"Incidente sulla Milano-Meda, 4 feriti e traffico in tilt - Il Notiziario","isPartOf":{"@id":"https:\/\/www.ilnotiziario.net\/wp\/#website"},"primaryImageOfPage":{"@id":"https:\/\/www.ilnotiziario.net\/wp\/brianza\/incidente-sulla-milano-meda-tre-feriti-e-traffico-in-tilt\/#primaryimage"},"image":{"@id":"https:\/\/www.ilnotiziario.net\/wp\/brianza\/incidente-sulla-milano-meda-tre-feriti-e-traffico-in-tilt\/#primaryimage"},"thumbnailUrl":"https:\/\/www.ilnotiziario.net\/wp\/wp-content\/uploads\/2025\/10\/Incidente-Mi-Meda1.jpeg","datePublished":"2025-10-10T15:01:39+00:00","dateModified":"2025-10-10T15:13:31+00:00","description":"Un incidente stradale tra pi\u00f9 veicoli ha provocato il ferimento di 4\u00a0 persone e lunghe code sulla Milano-Meda. L\u2019incidente si \u00e8 verificato alle 16,35 di","breadcrumb":{"@id":"https:\/\/www.ilnotiziario.net\/wp\/brianza\/incidente-sulla-milano-meda-tre-feriti-e-traffico-in-tilt\/#breadcrumb"},"inLanguage":"it-IT","potentialAction":[{"@type":"ReadAction","target":["https:\/\/www.ilnotiziario.net\/wp\/brianza\/incidente-sulla-milano-meda-tre-feriti-e-traffico-in-tilt\/"]}]},{"@type":"ImageObject","inLanguage":"it-IT","@id":"https:\/\/www.ilnotiziario.net\/wp\/brianza\/incidente-sulla-milano-meda-tre-feriti-e-traffico-in-tilt\/#primaryimage","url":"https:\/\/www.ilnotiziario.net\/wp\/wp-content\/uploads\/2025\/10\/Incidente-Mi-Meda1.jpeg","contentUrl":"https:\/\/www.ilnotiziario.net\/wp\/wp-content\/uploads\/2025\/10\/Incidente-Mi-Meda1.jpeg","width":2000,"height":924,"caption":"incidente MIlano-Meda"},{"@type":"BreadcrumbList","@id":"https:\/\/www.ilnotiziario.net\/wp\/brianza\/incidente-sulla-milano-meda-tre-feriti-e-traffico-in-tilt\/#breadcrumb","itemListElement":[{"@type":"ListItem","position":1,"name":"tds_text_logo_tagline_colortds_text_logo_tagline_colortds_text_logo_tagline_colortds_text_logo_tagline_colortd_module_7_title_excerpttd_module_7_title_excerpttd_module_7_title_excerpttd_module_7_title_excerptHome","item":"https:\/\/www.ilnotiziario.net\/wp\/"},{"@type":"ListItem","position":2,"name":"Incidente sulla Milano-Meda, 4 feriti e traffico in tilt"}]},{"@type":"WebSite","@id":"https:\/\/www.ilnotiziario.net\/wp\/#website","url":"https:\/\/www.ilnotiziario.net\/wp\/","name":"Il Notiziario","description":"Per restare sempre connessi alla notizia","publisher":{"@id":"https:\/\/www.ilnotiziario.net\/wp\/#organization"},"alternateName":"Il Notiziario Bollate","potentialAction":[{"@type":"SearchAction","target":{"@type":"EntryPoint","urlTemplate":"https:\/\/www.ilnotiziario.net\/wp\/?s={search_term_string}"},"query-input":{"@type":"PropertyValueSpecification","valueRequired":true,"valueName":"search_term_string"}}],"inLanguage":"it-IT"},{"@type":"Organization","@id":"https:\/\/www.ilnotiziario.net\/wp\/#organization","name":"Il Notiziario","url":"https:\/\/www.ilnotiziario.net\/wp\/","logo":{"@type":"ImageObject","inLanguage":"it-IT","@id":"https:\/\/www.ilnotiziario.net\/wp\/#\/schema\/logo\/image\/","url":"https:\/\/www.ilnotiziario.net\/wp\/wp-content\/uploads\/2022\/06\/170x170ilN.png","contentUrl":"https:\/\/www.ilnotiziario.net\/wp\/wp-content\/uploads\/2022\/06\/170x170ilN.png","width":355,"height":355,"caption":"Il Notiziario"},"image":{"@id":"https:\/\/www.ilnotiziario.net\/wp\/#\/schema\/logo\/image\/"},"sameAs":["https:\/\/www.facebook.com\/ilnotiziarioind\/","https:\/\/x.com\/ilNotiziarioInd","https:\/\/www.instagram.com\/ilnotiziario_settimanale\/"]},{"@type":"Person","@id":"https:\/\/www.ilnotiziario.net\/wp\/#\/schema\/person\/386e222908f898bb41c033989482bbf2","name":"Gabriele Bassani","image":{"@type":"ImageObject","inLanguage":"it-IT","@id":"https:\/\/secure.gravatar.com\/avatar\/09274f4a84fa97698bde56f84b3afed61c8492d48b0550db9671b68c177479cb?s=96&d=mm&r=g","url":"https:\/\/secure.gravatar.com\/avatar\/09274f4a84fa97698bde56f84b3afed61c8492d48b0550db9671b68c177479cb?s=96&d=mm&r=g","contentUrl":"https:\/\/secure.gravatar.com\/avatar\/09274f4a84fa97698bde56f84b3afed61c8492d48b0550db9671b68c177479cb?s=96&d=mm&r=g","caption":"Gabriele Bassani"},"sameAs":["http:\/\/www.ilnotiziario.net"]}]}},"_links":{"self":[{"href":"https:\/\/www.ilnotiziario.net\/wp\/wp-json\/wp\/v2\/posts\/210302","targetHints":{"allow":["GET"]}}],"collection":[{"href":"https:\/\/www.ilnotiziario.net\/wp\/wp-json\/wp\/v2\/posts"}],"about":[{"href":"https:\/\/www.ilnotiziario.net\/wp\/wp-json\/wp\/v2\/types\/post"}],"author":[{"embeddable":true,"href":"https:\/\/www.ilnotiziario.net\/wp\/wp-json\/wp\/v2\/users\/3"}],"replies":[{"embeddable":true,"href":"https:\/\/www.ilnotiziario.net\/wp\/wp-json\/wp\/v2\/comments?post=210302"}],"version-history":[{"count":0,"href":"https:\/\/www.ilnotiziario.net\/wp\/wp-json\/wp\/v2\/posts\/210302\/revisions"}],"wp:featuredmedia":[{"embeddable":true,"href":"https:\/\/www.ilnotiziario.net\/wp\/wp-json\/wp\/v2\/media\/210303"}],"wp:attachment":[{"href":"https:\/\/www.ilnotiziario.net\/wp\/wp-json\/wp\/v2\/media?parent=210302"}],"wp:term":[{"taxonomy":"category","embeddable":true,"href":"https:\/\/www.ilnotiziario.net\/wp\/wp-json\/wp\/v2\/categories?post=210302"},{"taxonomy":"post_tag","embeddable":true,"href":"https:\/\/www.ilnotiziario.net\/wp\/wp-json\/wp\/v2\/tags?post=210302"}],"curies":[{"name":"wp","href":"https:\/\/api.w.org\/{rel}","templated":true}]}}