{"id":210345,"date":"2025-10-12T08:23:16","date_gmt":"2025-10-12T06:23:16","guid":{"rendered":"https:\/\/www.ilnotiziario.net\/wp\/?p=210345"},"modified":"2025-10-12T08:23:16","modified_gmt":"2025-10-12T06:23:16","slug":"lex-pescheria-mafiosa-ora-e-museo-antimafia","status":"publish","type":"post","link":"https:\/\/www.ilnotiziario.net\/wp\/prima-pagina\/lex-pescheria-mafiosa-ora-e-museo-antimafia\/","title":{"rendered":"L\u2019ex pescheria mafiosa ora \u00e8 museo antimafia"},"content":{"rendered":"<p>L\u2019ex pescheria mafiosa ora \u00e8 museo antimafia.<br \/>\nSi \u00e8 avverato il sogno dell\u2019Associazione Peppino Impastato e Adriana Castelli di Milano, di cui \u00e8 presidente la bollatese Silvia Gissi e che nella nostra citt\u00e0 gi\u00e0 gestisce la \u201cCasa della legalit\u00e0\u201d: \u00e8 stato infatti inaugurato nei giorni scorsi il \u201cMupal\u201d, Museo permanente antimafia e legalit\u00e0, a Bruzzano, in un locale sequestrato alla criminalit\u00e0 organizzata.<\/p><div id=\"ilnot-1903552964\" class=\"ilnot-contenuto ilnot-entity-placement\"><p><!-- incontent_1 --><\/p>\n<div class=\"gptslot\" data-adunitid=\"1\"><\/div>\n<\/div>\n<p>Ci sono voluti anni di burocrazia, a volte anche con poca speranza, ma infine, grazie alla testardaggine dei volontari e di Silvia Gissi, con il fondamentale contributo delle istituzioni e delle persone che le animano, l\u2019ex pescheria sequestrata alla famiglia Flachi, famiglia mafiosa del nord Milano, \u00e8 diventata \u201coggi uno spazio di memoria, di conoscenza, d\u2019impegno. E\u2019 un segno concreto che il cambiamento \u00e8 possibile\u201d, come ha ricordato Gissi poco dopo il taglio del nastro.<\/p>\n<h2>L\u2019ex pescheria mafiosa ora \u00e8 museo antimafia<\/h2>\n<p>Come riporta il nome di questo spazio, qui ha avuto vita il primo museo permanente antimafia: dopo anni di viaggi per associazioni, scuole e luoghi di cultura con la cartellonistica e una storia a fumetti , ideata dall\u2019associazione, che spiega la storia di figure fondamentali della lotta alla mafia nel nostro Paese, la mostra ha ora trovato un luogo fisso dove chiunque potr\u00e0 visitarla perch\u00e9 \u201cconoscere non \u00e8 soltanto un diritto, ma una responsabilit\u00e0\u2026 perch\u00e9 \u00e8 con l\u2019indifferenza e l\u2019omert\u00e0 che (le mafie) riescono a crescere\u201d.<\/p><div id=\"ilnot-3440725504\" class=\"ilnot-contenuto_2 ilnot-entity-placement\"><div class=\"ads-wrapper\">\n<div class=\"ad-slot\">\n   <div id=\"ilnot-131732247\" style=\"margin-right: auto;margin-left: auto;text-align: center;width: 320px;height: 100px;\"><a href=\"https:\/\/www.scuolasicurezza.it\/\"><img decoding=\"async\" src=\"https:\/\/www.ilnotiziario.net\/wp\/wp-content\/uploads\/2026\/04\/IlNotiziario_banner-sito-e-newsletter-320-x-100-px-1.gif\" alt=\"\"><\/a><\/div>\n  <\/div>\n<div class=\"ad-slot\">\n   <div id=\"ilnot-3782561534\" style=\"margin-right: auto;margin-left: auto;text-align: center;width: 320px;height: 100px;\"><a href=\"https:\/\/purodesignarredamenti.com\/\"><img decoding=\"async\" src=\"https:\/\/www.ilnotiziario.net\/wp\/wp-content\/uploads\/2026\/04\/banner-puro-ok.gif\" alt=\"whatsapp\"><\/a><\/div><\/p><\/div>\n<\/div>\n<\/div>\n<p>Da un luogo abbandonato e distrutto dopo il sequestro, il tipico comportamento mafioso, i volontari dell\u2019associazione hanno lavorato tutta l\u2019estate per ristrutturare quello che prima era un simbolo di prevaricazione e corruzione e farlo rifiorire come un ambiente propositivo e di grande valore per il quartiere in cui \u00e8 inserito, ricevendo la solidariet\u00e0 di tutta la cittadinanza.<\/p>\n<p>Grande soddisfazione anche da parte dei rappresentanti delle istituzioni presenti, come Rosario Pantaleo, presidente della commissione antimafia meneghina, Paola Pollini, presidente della commissione antimafia lombarda, Mirko Mazzali, assessore alla sicurezza del Municipio 9, e l\u2019avvocato Mariella Sala, che ha preso parte al processo per l\u2019esproprio del locale: da loro un coro unanime sull\u2019utilit\u00e0, reale e simbolica, che questo luogo ha per il quartiere e per il fondamentale ruolo educativo e di legalit\u00e0 che avr\u00e0 da qui in poi per tutta la comunit\u00e0.<\/p>\n","protected":false},"excerpt":{"rendered":"<p>L\u2019ex pescheria mafiosa ora \u00e8 museo antimafia. Si \u00e8 avverato il sogno dell\u2019Associazione Peppino Impastato e Adriana Castelli di Milano, di cui \u00e8 presidente la bollatese Silvia Gissi e che nella nostra citt\u00e0 gi\u00e0 gestisce la \u201cCasa della legalit\u00e0\u201d: \u00e8 stato infatti inaugurato nei giorni scorsi il \u201cMupal\u201d, Museo permanente antimafia e legalit\u00e0, a Bruzzano,<\/p>\n","protected":false},"author":14,"featured_media":210346,"comment_status":"closed","ping_status":"closed","sticky":false,"template":"","format":"standard","meta":{"footnotes":""},"categories":[8,20,16],"tags":[3948,18161,5045,18160],"class_list":{"0":"post-210345","1":"post","2":"type-post","3":"status-publish","4":"format-standard","5":"has-post-thumbnail","7":"category-bollatese","8":"category-prima-pagina","9":"category-storie","10":"tag-antimafia","11":"tag-mafiosa","12":"tag-museo","13":"tag-pescheria"},"yoast_head":"<!-- This site is optimized with the Yoast SEO plugin v27.4 - https:\/\/yoast.com\/product\/yoast-seo-wordpress\/ -->\n<title>L\u2019ex pescheria mafiosa ora \u00e8 museo antimafia - Il Notiziario<\/title>\n<meta name=\"description\" content=\"L\u2019ex pescheria mafiosa ora \u00e8 museo antimafia. Si \u00e8 avverato il sogno dell\u2019Associazione Peppino Impastato e Adriana Castelli di Milano, di cui \u00e8 presidente\" \/>\n<meta name=\"robots\" content=\"index, follow, max-snippet:-1, max-image-preview:large, max-video-preview:-1\" \/>\n<link rel=\"canonical\" href=\"https:\/\/www.ilnotiziario.net\/wp\/prima-pagina\/lex-pescheria-mafiosa-ora-e-museo-antimafia\/\" \/>\n<meta property=\"og:locale\" content=\"it_IT\" \/>\n<meta property=\"og:type\" content=\"article\" \/>\n<meta property=\"og:title\" content=\"L\u2019ex pescheria mafiosa ora \u00e8 museo antimafia - Il Notiziario\" \/>\n<meta property=\"og:description\" content=\"L\u2019ex pescheria mafiosa ora \u00e8 museo antimafia. Si \u00e8 avverato il sogno dell\u2019Associazione Peppino Impastato e Adriana Castelli di Milano, di cui \u00e8 presidente\" \/>\n<meta property=\"og:url\" content=\"https:\/\/www.ilnotiziario.net\/wp\/prima-pagina\/lex-pescheria-mafiosa-ora-e-museo-antimafia\/\" \/>\n<meta property=\"og:site_name\" content=\"Il Notiziario\" \/>\n<meta property=\"article:publisher\" content=\"https:\/\/www.facebook.com\/ilnotiziarioind\/\" \/>\n<meta property=\"article:published_time\" content=\"2025-10-12T06:23:16+00:00\" \/>\n<meta property=\"og:image\" content=\"https:\/\/www.ilnotiziario.net\/wp\/wp-content\/uploads\/2025\/10\/pescheria-mafiosa-museo-antimafia.jpg\" \/>\n\t<meta property=\"og:image:width\" content=\"1134\" \/>\n\t<meta property=\"og:image:height\" content=\"851\" \/>\n\t<meta property=\"og:image:type\" content=\"image\/jpeg\" \/>\n<meta name=\"author\" content=\"Silvia Citterio\" \/>\n<meta name=\"twitter:card\" content=\"summary_large_image\" \/>\n<meta name=\"twitter:creator\" content=\"@ilNotiziarioInd\" \/>\n<meta name=\"twitter:site\" content=\"@ilNotiziarioInd\" \/>\n<meta name=\"twitter:label1\" content=\"Scritto da\" \/>\n\t<meta name=\"twitter:data1\" content=\"Silvia Citterio\" \/>\n\t<meta name=\"twitter:label2\" content=\"Tempo di lettura stimato\" \/>\n\t<meta name=\"twitter:data2\" content=\"3 minuti\" \/>\n<script type=\"application\/ld+json\" class=\"yoast-schema-graph\">{\"@context\":\"https:\\\/\\\/schema.org\",\"@graph\":[{\"@type\":\"Article\",\"@id\":\"https:\\\/\\\/www.ilnotiziario.net\\\/wp\\\/prima-pagina\\\/lex-pescheria-mafiosa-ora-e-museo-antimafia\\\/#article\",\"isPartOf\":{\"@id\":\"https:\\\/\\\/www.ilnotiziario.net\\\/wp\\\/prima-pagina\\\/lex-pescheria-mafiosa-ora-e-museo-antimafia\\\/\"},\"author\":{\"name\":\"Silvia Citterio\",\"@id\":\"https:\\\/\\\/www.ilnotiziario.net\\\/wp\\\/#\\\/schema\\\/person\\\/c5bca2edc3d99d29959f04a6126f687b\"},\"headline\":\"L\u2019ex pescheria mafiosa ora \u00e8 museo antimafia\",\"datePublished\":\"2025-10-12T06:23:16+00:00\",\"mainEntityOfPage\":{\"@id\":\"https:\\\/\\\/www.ilnotiziario.net\\\/wp\\\/prima-pagina\\\/lex-pescheria-mafiosa-ora-e-museo-antimafia\\\/\"},\"wordCount\":377,\"publisher\":{\"@id\":\"https:\\\/\\\/www.ilnotiziario.net\\\/wp\\\/#organization\"},\"image\":{\"@id\":\"https:\\\/\\\/www.ilnotiziario.net\\\/wp\\\/prima-pagina\\\/lex-pescheria-mafiosa-ora-e-museo-antimafia\\\/#primaryimage\"},\"thumbnailUrl\":\"https:\\\/\\\/www.ilnotiziario.net\\\/wp\\\/wp-content\\\/uploads\\\/2025\\\/10\\\/pescheria-mafiosa-museo-antimafia.jpg\",\"keywords\":[\"antimafia\",\"mafiosa\",\"Museo\",\"pescheria\"],\"articleSection\":[\"BOLLATESE\",\"Prima Pagina\",\"STORIE\"],\"inLanguage\":\"it-IT\"},{\"@type\":\"WebPage\",\"@id\":\"https:\\\/\\\/www.ilnotiziario.net\\\/wp\\\/prima-pagina\\\/lex-pescheria-mafiosa-ora-e-museo-antimafia\\\/\",\"url\":\"https:\\\/\\\/www.ilnotiziario.net\\\/wp\\\/prima-pagina\\\/lex-pescheria-mafiosa-ora-e-museo-antimafia\\\/\",\"name\":\"L\u2019ex pescheria mafiosa ora \u00e8 museo antimafia - Il Notiziario\",\"isPartOf\":{\"@id\":\"https:\\\/\\\/www.ilnotiziario.net\\\/wp\\\/#website\"},\"primaryImageOfPage\":{\"@id\":\"https:\\\/\\\/www.ilnotiziario.net\\\/wp\\\/prima-pagina\\\/lex-pescheria-mafiosa-ora-e-museo-antimafia\\\/#primaryimage\"},\"image\":{\"@id\":\"https:\\\/\\\/www.ilnotiziario.net\\\/wp\\\/prima-pagina\\\/lex-pescheria-mafiosa-ora-e-museo-antimafia\\\/#primaryimage\"},\"thumbnailUrl\":\"https:\\\/\\\/www.ilnotiziario.net\\\/wp\\\/wp-content\\\/uploads\\\/2025\\\/10\\\/pescheria-mafiosa-museo-antimafia.jpg\",\"datePublished\":\"2025-10-12T06:23:16+00:00\",\"description\":\"L\u2019ex pescheria mafiosa ora \u00e8 museo antimafia. Si \u00e8 avverato il sogno dell\u2019Associazione Peppino Impastato e Adriana Castelli di Milano, di cui \u00e8 presidente\",\"breadcrumb\":{\"@id\":\"https:\\\/\\\/www.ilnotiziario.net\\\/wp\\\/prima-pagina\\\/lex-pescheria-mafiosa-ora-e-museo-antimafia\\\/#breadcrumb\"},\"inLanguage\":\"it-IT\",\"potentialAction\":[{\"@type\":\"ReadAction\",\"target\":[\"https:\\\/\\\/www.ilnotiziario.net\\\/wp\\\/prima-pagina\\\/lex-pescheria-mafiosa-ora-e-museo-antimafia\\\/\"]}]},{\"@type\":\"ImageObject\",\"inLanguage\":\"it-IT\",\"@id\":\"https:\\\/\\\/www.ilnotiziario.net\\\/wp\\\/prima-pagina\\\/lex-pescheria-mafiosa-ora-e-museo-antimafia\\\/#primaryimage\",\"url\":\"https:\\\/\\\/www.ilnotiziario.net\\\/wp\\\/wp-content\\\/uploads\\\/2025\\\/10\\\/pescheria-mafiosa-museo-antimafia.jpg\",\"contentUrl\":\"https:\\\/\\\/www.ilnotiziario.net\\\/wp\\\/wp-content\\\/uploads\\\/2025\\\/10\\\/pescheria-mafiosa-museo-antimafia.jpg\",\"width\":1134,\"height\":851,\"caption\":\"pescheria mafiosa museo antimafia\"},{\"@type\":\"BreadcrumbList\",\"@id\":\"https:\\\/\\\/www.ilnotiziario.net\\\/wp\\\/prima-pagina\\\/lex-pescheria-mafiosa-ora-e-museo-antimafia\\\/#breadcrumb\",\"itemListElement\":[{\"@type\":\"ListItem\",\"position\":1,\"name\":\"tds_text_logo_tagline_colortds_text_logo_tagline_colortds_text_logo_tagline_colortds_text_logo_tagline_colortd_module_7_title_excerpttd_module_7_title_excerpttd_module_7_title_excerpttd_module_7_title_excerptHome\",\"item\":\"https:\\\/\\\/www.ilnotiziario.net\\\/wp\\\/\"},{\"@type\":\"ListItem\",\"position\":2,\"name\":\"L\u2019ex pescheria mafiosa ora \u00e8 museo antimafia\"}]},{\"@type\":\"WebSite\",\"@id\":\"https:\\\/\\\/www.ilnotiziario.net\\\/wp\\\/#website\",\"url\":\"https:\\\/\\\/www.ilnotiziario.net\\\/wp\\\/\",\"name\":\"Il Notiziario\",\"description\":\"Per restare sempre connessi alla notizia\",\"publisher\":{\"@id\":\"https:\\\/\\\/www.ilnotiziario.net\\\/wp\\\/#organization\"},\"alternateName\":\"Il Notiziario Bollate\",\"potentialAction\":[{\"@type\":\"SearchAction\",\"target\":{\"@type\":\"EntryPoint\",\"urlTemplate\":\"https:\\\/\\\/www.ilnotiziario.net\\\/wp\\\/?s={search_term_string}\"},\"query-input\":{\"@type\":\"PropertyValueSpecification\",\"valueRequired\":true,\"valueName\":\"search_term_string\"}}],\"inLanguage\":\"it-IT\"},{\"@type\":\"Organization\",\"@id\":\"https:\\\/\\\/www.ilnotiziario.net\\\/wp\\\/#organization\",\"name\":\"Il Notiziario\",\"url\":\"https:\\\/\\\/www.ilnotiziario.net\\\/wp\\\/\",\"logo\":{\"@type\":\"ImageObject\",\"inLanguage\":\"it-IT\",\"@id\":\"https:\\\/\\\/www.ilnotiziario.net\\\/wp\\\/#\\\/schema\\\/logo\\\/image\\\/\",\"url\":\"https:\\\/\\\/www.ilnotiziario.net\\\/wp\\\/wp-content\\\/uploads\\\/2022\\\/06\\\/170x170ilN.png\",\"contentUrl\":\"https:\\\/\\\/www.ilnotiziario.net\\\/wp\\\/wp-content\\\/uploads\\\/2022\\\/06\\\/170x170ilN.png\",\"width\":355,\"height\":355,\"caption\":\"Il Notiziario\"},\"image\":{\"@id\":\"https:\\\/\\\/www.ilnotiziario.net\\\/wp\\\/#\\\/schema\\\/logo\\\/image\\\/\"},\"sameAs\":[\"https:\\\/\\\/www.facebook.com\\\/ilnotiziarioind\\\/\",\"https:\\\/\\\/x.com\\\/ilNotiziarioInd\",\"https:\\\/\\\/www.instagram.com\\\/ilnotiziario_settimanale\\\/\"]},{\"@type\":\"Person\",\"@id\":\"https:\\\/\\\/www.ilnotiziario.net\\\/wp\\\/#\\\/schema\\\/person\\\/c5bca2edc3d99d29959f04a6126f687b\",\"name\":\"Silvia Citterio\",\"image\":{\"@type\":\"ImageObject\",\"inLanguage\":\"it-IT\",\"@id\":\"https:\\\/\\\/secure.gravatar.com\\\/avatar\\\/03eb19c63b944e79a9b5ce53ca5d1ca303edcf368a68721ec3ccaae7f98c5afd?s=96&d=mm&r=g\",\"url\":\"https:\\\/\\\/secure.gravatar.com\\\/avatar\\\/03eb19c63b944e79a9b5ce53ca5d1ca303edcf368a68721ec3ccaae7f98c5afd?s=96&d=mm&r=g\",\"contentUrl\":\"https:\\\/\\\/secure.gravatar.com\\\/avatar\\\/03eb19c63b944e79a9b5ce53ca5d1ca303edcf368a68721ec3ccaae7f98c5afd?s=96&d=mm&r=g\",\"caption\":\"Silvia Citterio\"}}]}<\/script>\n<!-- \/ Yoast SEO plugin. -->","yoast_head_json":{"title":"L\u2019ex pescheria mafiosa ora \u00e8 museo antimafia - Il Notiziario","description":"L\u2019ex pescheria mafiosa ora \u00e8 museo antimafia. Si \u00e8 avverato il sogno dell\u2019Associazione Peppino Impastato e Adriana Castelli di Milano, di cui \u00e8 presidente","robots":{"index":"index","follow":"follow","max-snippet":"max-snippet:-1","max-image-preview":"max-image-preview:large","max-video-preview":"max-video-preview:-1"},"canonical":"https:\/\/www.ilnotiziario.net\/wp\/prima-pagina\/lex-pescheria-mafiosa-ora-e-museo-antimafia\/","og_locale":"it_IT","og_type":"article","og_title":"L\u2019ex pescheria mafiosa ora \u00e8 museo antimafia - Il Notiziario","og_description":"L\u2019ex pescheria mafiosa ora \u00e8 museo antimafia. Si \u00e8 avverato il sogno dell\u2019Associazione Peppino Impastato e Adriana Castelli di Milano, di cui \u00e8 presidente","og_url":"https:\/\/www.ilnotiziario.net\/wp\/prima-pagina\/lex-pescheria-mafiosa-ora-e-museo-antimafia\/","og_site_name":"Il Notiziario","article_publisher":"https:\/\/www.facebook.com\/ilnotiziarioind\/","article_published_time":"2025-10-12T06:23:16+00:00","og_image":[{"width":1134,"height":851,"url":"https:\/\/www.ilnotiziario.net\/wp\/wp-content\/uploads\/2025\/10\/pescheria-mafiosa-museo-antimafia.jpg","type":"image\/jpeg"}],"author":"Silvia Citterio","twitter_card":"summary_large_image","twitter_creator":"@ilNotiziarioInd","twitter_site":"@ilNotiziarioInd","twitter_misc":{"Scritto da":"Silvia Citterio","Tempo di lettura stimato":"3 minuti"},"schema":{"@context":"https:\/\/schema.org","@graph":[{"@type":"Article","@id":"https:\/\/www.ilnotiziario.net\/wp\/prima-pagina\/lex-pescheria-mafiosa-ora-e-museo-antimafia\/#article","isPartOf":{"@id":"https:\/\/www.ilnotiziario.net\/wp\/prima-pagina\/lex-pescheria-mafiosa-ora-e-museo-antimafia\/"},"author":{"name":"Silvia Citterio","@id":"https:\/\/www.ilnotiziario.net\/wp\/#\/schema\/person\/c5bca2edc3d99d29959f04a6126f687b"},"headline":"L\u2019ex pescheria mafiosa ora \u00e8 museo antimafia","datePublished":"2025-10-12T06:23:16+00:00","mainEntityOfPage":{"@id":"https:\/\/www.ilnotiziario.net\/wp\/prima-pagina\/lex-pescheria-mafiosa-ora-e-museo-antimafia\/"},"wordCount":377,"publisher":{"@id":"https:\/\/www.ilnotiziario.net\/wp\/#organization"},"image":{"@id":"https:\/\/www.ilnotiziario.net\/wp\/prima-pagina\/lex-pescheria-mafiosa-ora-e-museo-antimafia\/#primaryimage"},"thumbnailUrl":"https:\/\/www.ilnotiziario.net\/wp\/wp-content\/uploads\/2025\/10\/pescheria-mafiosa-museo-antimafia.jpg","keywords":["antimafia","mafiosa","Museo","pescheria"],"articleSection":["BOLLATESE","Prima Pagina","STORIE"],"inLanguage":"it-IT"},{"@type":"WebPage","@id":"https:\/\/www.ilnotiziario.net\/wp\/prima-pagina\/lex-pescheria-mafiosa-ora-e-museo-antimafia\/","url":"https:\/\/www.ilnotiziario.net\/wp\/prima-pagina\/lex-pescheria-mafiosa-ora-e-museo-antimafia\/","name":"L\u2019ex pescheria mafiosa ora \u00e8 museo antimafia - Il Notiziario","isPartOf":{"@id":"https:\/\/www.ilnotiziario.net\/wp\/#website"},"primaryImageOfPage":{"@id":"https:\/\/www.ilnotiziario.net\/wp\/prima-pagina\/lex-pescheria-mafiosa-ora-e-museo-antimafia\/#primaryimage"},"image":{"@id":"https:\/\/www.ilnotiziario.net\/wp\/prima-pagina\/lex-pescheria-mafiosa-ora-e-museo-antimafia\/#primaryimage"},"thumbnailUrl":"https:\/\/www.ilnotiziario.net\/wp\/wp-content\/uploads\/2025\/10\/pescheria-mafiosa-museo-antimafia.jpg","datePublished":"2025-10-12T06:23:16+00:00","description":"L\u2019ex pescheria mafiosa ora \u00e8 museo antimafia. Si \u00e8 avverato il sogno dell\u2019Associazione Peppino Impastato e Adriana Castelli di Milano, di cui \u00e8 presidente","breadcrumb":{"@id":"https:\/\/www.ilnotiziario.net\/wp\/prima-pagina\/lex-pescheria-mafiosa-ora-e-museo-antimafia\/#breadcrumb"},"inLanguage":"it-IT","potentialAction":[{"@type":"ReadAction","target":["https:\/\/www.ilnotiziario.net\/wp\/prima-pagina\/lex-pescheria-mafiosa-ora-e-museo-antimafia\/"]}]},{"@type":"ImageObject","inLanguage":"it-IT","@id":"https:\/\/www.ilnotiziario.net\/wp\/prima-pagina\/lex-pescheria-mafiosa-ora-e-museo-antimafia\/#primaryimage","url":"https:\/\/www.ilnotiziario.net\/wp\/wp-content\/uploads\/2025\/10\/pescheria-mafiosa-museo-antimafia.jpg","contentUrl":"https:\/\/www.ilnotiziario.net\/wp\/wp-content\/uploads\/2025\/10\/pescheria-mafiosa-museo-antimafia.jpg","width":1134,"height":851,"caption":"pescheria mafiosa museo antimafia"},{"@type":"BreadcrumbList","@id":"https:\/\/www.ilnotiziario.net\/wp\/prima-pagina\/lex-pescheria-mafiosa-ora-e-museo-antimafia\/#breadcrumb","itemListElement":[{"@type":"ListItem","position":1,"name":"tds_text_logo_tagline_colortds_text_logo_tagline_colortds_text_logo_tagline_colortds_text_logo_tagline_colortd_module_7_title_excerpttd_module_7_title_excerpttd_module_7_title_excerpttd_module_7_title_excerptHome","item":"https:\/\/www.ilnotiziario.net\/wp\/"},{"@type":"ListItem","position":2,"name":"L\u2019ex pescheria mafiosa ora \u00e8 museo antimafia"}]},{"@type":"WebSite","@id":"https:\/\/www.ilnotiziario.net\/wp\/#website","url":"https:\/\/www.ilnotiziario.net\/wp\/","name":"Il Notiziario","description":"Per restare sempre connessi alla notizia","publisher":{"@id":"https:\/\/www.ilnotiziario.net\/wp\/#organization"},"alternateName":"Il Notiziario Bollate","potentialAction":[{"@type":"SearchAction","target":{"@type":"EntryPoint","urlTemplate":"https:\/\/www.ilnotiziario.net\/wp\/?s={search_term_string}"},"query-input":{"@type":"PropertyValueSpecification","valueRequired":true,"valueName":"search_term_string"}}],"inLanguage":"it-IT"},{"@type":"Organization","@id":"https:\/\/www.ilnotiziario.net\/wp\/#organization","name":"Il Notiziario","url":"https:\/\/www.ilnotiziario.net\/wp\/","logo":{"@type":"ImageObject","inLanguage":"it-IT","@id":"https:\/\/www.ilnotiziario.net\/wp\/#\/schema\/logo\/image\/","url":"https:\/\/www.ilnotiziario.net\/wp\/wp-content\/uploads\/2022\/06\/170x170ilN.png","contentUrl":"https:\/\/www.ilnotiziario.net\/wp\/wp-content\/uploads\/2022\/06\/170x170ilN.png","width":355,"height":355,"caption":"Il Notiziario"},"image":{"@id":"https:\/\/www.ilnotiziario.net\/wp\/#\/schema\/logo\/image\/"},"sameAs":["https:\/\/www.facebook.com\/ilnotiziarioind\/","https:\/\/x.com\/ilNotiziarioInd","https:\/\/www.instagram.com\/ilnotiziario_settimanale\/"]},{"@type":"Person","@id":"https:\/\/www.ilnotiziario.net\/wp\/#\/schema\/person\/c5bca2edc3d99d29959f04a6126f687b","name":"Silvia Citterio","image":{"@type":"ImageObject","inLanguage":"it-IT","@id":"https:\/\/secure.gravatar.com\/avatar\/03eb19c63b944e79a9b5ce53ca5d1ca303edcf368a68721ec3ccaae7f98c5afd?s=96&d=mm&r=g","url":"https:\/\/secure.gravatar.com\/avatar\/03eb19c63b944e79a9b5ce53ca5d1ca303edcf368a68721ec3ccaae7f98c5afd?s=96&d=mm&r=g","contentUrl":"https:\/\/secure.gravatar.com\/avatar\/03eb19c63b944e79a9b5ce53ca5d1ca303edcf368a68721ec3ccaae7f98c5afd?s=96&d=mm&r=g","caption":"Silvia Citterio"}}]}},"_links":{"self":[{"href":"https:\/\/www.ilnotiziario.net\/wp\/wp-json\/wp\/v2\/posts\/210345","targetHints":{"allow":["GET"]}}],"collection":[{"href":"https:\/\/www.ilnotiziario.net\/wp\/wp-json\/wp\/v2\/posts"}],"about":[{"href":"https:\/\/www.ilnotiziario.net\/wp\/wp-json\/wp\/v2\/types\/post"}],"author":[{"embeddable":true,"href":"https:\/\/www.ilnotiziario.net\/wp\/wp-json\/wp\/v2\/users\/14"}],"replies":[{"embeddable":true,"href":"https:\/\/www.ilnotiziario.net\/wp\/wp-json\/wp\/v2\/comments?post=210345"}],"version-history":[{"count":0,"href":"https:\/\/www.ilnotiziario.net\/wp\/wp-json\/wp\/v2\/posts\/210345\/revisions"}],"wp:featuredmedia":[{"embeddable":true,"href":"https:\/\/www.ilnotiziario.net\/wp\/wp-json\/wp\/v2\/media\/210346"}],"wp:attachment":[{"href":"https:\/\/www.ilnotiziario.net\/wp\/wp-json\/wp\/v2\/media?parent=210345"}],"wp:term":[{"taxonomy":"category","embeddable":true,"href":"https:\/\/www.ilnotiziario.net\/wp\/wp-json\/wp\/v2\/categories?post=210345"},{"taxonomy":"post_tag","embeddable":true,"href":"https:\/\/www.ilnotiziario.net\/wp\/wp-json\/wp\/v2\/tags?post=210345"}],"curies":[{"name":"wp","href":"https:\/\/api.w.org\/{rel}","templated":true}]}}