{"id":210668,"date":"2025-10-21T08:35:30","date_gmt":"2025-10-21T06:35:30","guid":{"rendered":"https:\/\/www.ilnotiziario.net\/wp\/?p=210668"},"modified":"2025-10-21T08:35:30","modified_gmt":"2025-10-21T06:35:30","slug":"lainate-arese-chiude-per-cinque-notti-luscita-della8-modifiche-alla-viabilita-e-percorsi-alternativi","status":"publish","type":"post","link":"https:\/\/www.ilnotiziario.net\/wp\/prima-pagina\/lainate-arese-chiude-per-cinque-notti-luscita-della8-modifiche-alla-viabilita-e-percorsi-alternativi\/","title":{"rendered":"Lainate-Arese, chiude per cinque notti l\u2019uscita dell\u2019A8: modifiche alla viabilit\u00e0 e percorsi alternativi"},"content":{"rendered":"<p>Disagi in vista per gli automobilisti che nei prossimi giorni viaggeranno lungo l\u2019autostrada A8 Milano\u2013Varese. Autostrade per l\u2019Italia ha infatti annunciato la chiusura notturna del ramo di uscita dello svincolo di Lainate-Arese, per chi arriva da Milano, a causa di lavori di manutenzione programmata.<\/p><div id=\"ilnot-509045640\" class=\"ilnot-contenuto ilnot-entity-placement\"><p><!-- incontent_1 --><\/p>\n<div class=\"gptslot\" data-adunitid=\"1\"><\/div>\n<\/div>\n<h2>Chiusura autostrada Milano-Varese allo svincolo di Arese<\/h2>\n<p>La chiusura scatter\u00e0 a partire da luned\u00ec 20 ottobre e sar\u00e0 in vigore per cinque notti consecutive, sempre nella stessa fascia oraria: dalle 21 alle 5 del mattino successivo. Le date interessate sono 20, 21, 22, 23 e 24 ottobre, con riapertura definitiva prevista alle prime ore di sabato 25 ottobre.<\/p>\n<p>Durante queste ore, non sar\u00e0 quindi possibile uscire dall\u2019A8 in corrispondenza dello svincolo di Lainate-Arese per chi proviene da Milano. L\u2019intervento \u2013 spiegano da Autostrade \u2013 \u00e8 necessario per consentire attivit\u00e0 di manutenzione e messa in sicurezza della carreggiata, lavori che richiedono la chiusura totale del tratto in questione.<\/p><div id=\"ilnot-1436327119\" class=\"ilnot-contenuto_2 ilnot-entity-placement\"><div class=\"ads-wrapper\">\n<div class=\"ad-slot\">\n   <div id=\"ilnot-157635853\" style=\"margin-right: auto;margin-left: auto;text-align: center;width: 320px;height: 100px;\"><a href=\"https:\/\/www.scuolasicurezza.it\/\"><img decoding=\"async\" src=\"https:\/\/www.ilnotiziario.net\/wp\/wp-content\/uploads\/2026\/04\/IlNotiziario_banner-sito-e-newsletter-320-x-100-px-1.gif\" alt=\"\"><\/a><\/div>\n  <\/div>\n<div class=\"ad-slot\">\n   <div id=\"ilnot-2567126407\" style=\"margin-right: auto;margin-left: auto;text-align: center;width: 320px;height: 100px;\"><a href=\"https:\/\/purodesignarredamenti.com\/\"><img decoding=\"async\" src=\"https:\/\/www.ilnotiziario.net\/wp\/wp-content\/uploads\/2026\/04\/banner-puro-ok.gif\" alt=\"whatsapp\"><\/a><\/div><\/p><\/div>\n<\/div>\n<\/div>\n<h3>Chiusura svincolo di Arese, percorsi alternativi<\/h3>\n<p>Per limitare i disagi, la societ\u00e0 ha indicato alcuni percorsi alternativi.<br \/>\nI mezzi pesanti potranno uscire allo svincolo di Origgio dell\u2019autostrada A9 e proseguire lungo la SP 233 \u201cVaresina\u201d in direzione di Arese.<br \/>\nPer i veicoli leggeri, invece, le soluzioni consigliate sono due: <strong>uscire allo svincolo di Baranzate<\/strong> della Tangenziale Nord (A52)<strong> oppure sempre a Origgio<\/strong> sulla A9, percorrendo anche in questo caso la Varesina verso Arese.<\/p>\n<p>L\u2019intervento rientra nel pi\u00f9 ampio piano di manutenzione notturna che Autostrade per l\u2019Italia sta attuando lungo la rete lombarda, per ridurre l\u2019impatto sul traffico diurno. Gli automobilisti diretti verso il Polo commerciale di Arese o le zone industriali di Lainate sono invitati a pianificare per tempo il viaggio e a prestare attenzione alla segnaletica in prossimit\u00e0 degli svincoli.<\/p>\n","protected":false},"excerpt":{"rendered":"<p>Disagi in vista per gli automobilisti che nei prossimi giorni viaggeranno lungo l\u2019autostrada A8 Milano\u2013Varese. Autostrade per l\u2019Italia ha infatti annunciato la chiusura notturna del ramo di uscita dello svincolo di Lainate-Arese, per chi arriva da Milano, a causa di lavori di manutenzione programmata. Chiusura autostrada Milano-Varese allo svincolo di Arese La chiusura scatter\u00e0 a<\/p>\n","protected":false},"author":3,"featured_media":210669,"comment_status":"closed","ping_status":"closed","sticky":false,"template":"","format":"standard","meta":{"footnotes":""},"categories":[8,20],"tags":[466,115,1786,465,1788],"class_list":{"0":"post-210668","1":"post","2":"type-post","3":"status-publish","4":"format-standard","5":"has-post-thumbnail","7":"category-bollatese","8":"category-prima-pagina","9":"tag-a8","10":"tag-arese","11":"tag-autostrada","12":"tag-lainate","13":"tag-svincolo"},"yoast_head":"<!-- This site is optimized with the Yoast SEO plugin v27.4 - https:\/\/yoast.com\/product\/yoast-seo-wordpress\/ -->\n<title>Lainate-Arese, chiude per cinque notti l\u2019uscita dell\u2019A8: modifiche alla viabilit\u00e0 e percorsi alternativi - Il Notiziario<\/title>\n<meta name=\"description\" content=\"Disagi in vista per gli automobilisti che nei prossimi giorni viaggeranno lungo l\u2019autostrada A8 Milano\u2013Varese. Autostrade per l\u2019Italia ha infatti\" \/>\n<meta name=\"robots\" content=\"index, follow, max-snippet:-1, max-image-preview:large, max-video-preview:-1\" \/>\n<link rel=\"canonical\" href=\"https:\/\/www.ilnotiziario.net\/wp\/prima-pagina\/lainate-arese-chiude-per-cinque-notti-luscita-della8-modifiche-alla-viabilita-e-percorsi-alternativi\/\" \/>\n<meta property=\"og:locale\" content=\"it_IT\" \/>\n<meta property=\"og:type\" content=\"article\" \/>\n<meta property=\"og:title\" content=\"Lainate-Arese, chiude per cinque notti l\u2019uscita dell\u2019A8: modifiche alla viabilit\u00e0 e percorsi alternativi - Il Notiziario\" \/>\n<meta property=\"og:description\" content=\"Disagi in vista per gli automobilisti che nei prossimi giorni viaggeranno lungo l\u2019autostrada A8 Milano\u2013Varese. Autostrade per l\u2019Italia ha infatti\" \/>\n<meta property=\"og:url\" content=\"https:\/\/www.ilnotiziario.net\/wp\/prima-pagina\/lainate-arese-chiude-per-cinque-notti-luscita-della8-modifiche-alla-viabilita-e-percorsi-alternativi\/\" \/>\n<meta property=\"og:site_name\" content=\"Il Notiziario\" \/>\n<meta property=\"article:publisher\" content=\"https:\/\/www.facebook.com\/ilnotiziarioind\/\" \/>\n<meta property=\"article:published_time\" content=\"2025-10-21T06:35:30+00:00\" \/>\n<meta property=\"og:image\" content=\"https:\/\/www.ilnotiziario.net\/wp\/wp-content\/uploads\/2025\/10\/a8-lainate.jpg\" \/>\n\t<meta property=\"og:image:width\" content=\"1223\" \/>\n\t<meta property=\"og:image:height\" content=\"522\" \/>\n\t<meta property=\"og:image:type\" content=\"image\/jpeg\" \/>\n<meta name=\"author\" content=\"Gabriele Bassani\" \/>\n<meta name=\"twitter:card\" content=\"summary_large_image\" \/>\n<meta name=\"twitter:creator\" content=\"@ilNotiziarioInd\" \/>\n<meta name=\"twitter:site\" content=\"@ilNotiziarioInd\" \/>\n<meta name=\"twitter:label1\" content=\"Scritto da\" \/>\n\t<meta name=\"twitter:data1\" content=\"Gabriele Bassani\" \/>\n\t<meta name=\"twitter:label2\" content=\"Tempo di lettura stimato\" \/>\n\t<meta name=\"twitter:data2\" content=\"2 minuti\" \/>\n<script type=\"application\/ld+json\" class=\"yoast-schema-graph\">{\"@context\":\"https:\\\/\\\/schema.org\",\"@graph\":[{\"@type\":\"Article\",\"@id\":\"https:\\\/\\\/www.ilnotiziario.net\\\/wp\\\/prima-pagina\\\/lainate-arese-chiude-per-cinque-notti-luscita-della8-modifiche-alla-viabilita-e-percorsi-alternativi\\\/#article\",\"isPartOf\":{\"@id\":\"https:\\\/\\\/www.ilnotiziario.net\\\/wp\\\/prima-pagina\\\/lainate-arese-chiude-per-cinque-notti-luscita-della8-modifiche-alla-viabilita-e-percorsi-alternativi\\\/\"},\"author\":{\"name\":\"Gabriele Bassani\",\"@id\":\"https:\\\/\\\/www.ilnotiziario.net\\\/wp\\\/#\\\/schema\\\/person\\\/386e222908f898bb41c033989482bbf2\"},\"headline\":\"Lainate-Arese, chiude per cinque notti l\u2019uscita dell\u2019A8: modifiche alla viabilit\u00e0 e percorsi alternativi\",\"datePublished\":\"2025-10-21T06:35:30+00:00\",\"mainEntityOfPage\":{\"@id\":\"https:\\\/\\\/www.ilnotiziario.net\\\/wp\\\/prima-pagina\\\/lainate-arese-chiude-per-cinque-notti-luscita-della8-modifiche-alla-viabilita-e-percorsi-alternativi\\\/\"},\"wordCount\":293,\"publisher\":{\"@id\":\"https:\\\/\\\/www.ilnotiziario.net\\\/wp\\\/#organization\"},\"image\":{\"@id\":\"https:\\\/\\\/www.ilnotiziario.net\\\/wp\\\/prima-pagina\\\/lainate-arese-chiude-per-cinque-notti-luscita-della8-modifiche-alla-viabilita-e-percorsi-alternativi\\\/#primaryimage\"},\"thumbnailUrl\":\"https:\\\/\\\/www.ilnotiziario.net\\\/wp\\\/wp-content\\\/uploads\\\/2025\\\/10\\\/a8-lainate.jpg\",\"keywords\":[\"A8\",\"Arese\",\"autostrada\",\"Lainate\",\"svincolo\"],\"articleSection\":[\"BOLLATESE\",\"Prima Pagina\"],\"inLanguage\":\"it-IT\"},{\"@type\":\"WebPage\",\"@id\":\"https:\\\/\\\/www.ilnotiziario.net\\\/wp\\\/prima-pagina\\\/lainate-arese-chiude-per-cinque-notti-luscita-della8-modifiche-alla-viabilita-e-percorsi-alternativi\\\/\",\"url\":\"https:\\\/\\\/www.ilnotiziario.net\\\/wp\\\/prima-pagina\\\/lainate-arese-chiude-per-cinque-notti-luscita-della8-modifiche-alla-viabilita-e-percorsi-alternativi\\\/\",\"name\":\"Lainate-Arese, chiude per cinque notti l\u2019uscita dell\u2019A8: modifiche alla viabilit\u00e0 e percorsi alternativi - Il Notiziario\",\"isPartOf\":{\"@id\":\"https:\\\/\\\/www.ilnotiziario.net\\\/wp\\\/#website\"},\"primaryImageOfPage\":{\"@id\":\"https:\\\/\\\/www.ilnotiziario.net\\\/wp\\\/prima-pagina\\\/lainate-arese-chiude-per-cinque-notti-luscita-della8-modifiche-alla-viabilita-e-percorsi-alternativi\\\/#primaryimage\"},\"image\":{\"@id\":\"https:\\\/\\\/www.ilnotiziario.net\\\/wp\\\/prima-pagina\\\/lainate-arese-chiude-per-cinque-notti-luscita-della8-modifiche-alla-viabilita-e-percorsi-alternativi\\\/#primaryimage\"},\"thumbnailUrl\":\"https:\\\/\\\/www.ilnotiziario.net\\\/wp\\\/wp-content\\\/uploads\\\/2025\\\/10\\\/a8-lainate.jpg\",\"datePublished\":\"2025-10-21T06:35:30+00:00\",\"description\":\"Disagi in vista per gli automobilisti che nei prossimi giorni viaggeranno lungo l\u2019autostrada A8 Milano\u2013Varese. Autostrade per l\u2019Italia ha infatti\",\"breadcrumb\":{\"@id\":\"https:\\\/\\\/www.ilnotiziario.net\\\/wp\\\/prima-pagina\\\/lainate-arese-chiude-per-cinque-notti-luscita-della8-modifiche-alla-viabilita-e-percorsi-alternativi\\\/#breadcrumb\"},\"inLanguage\":\"it-IT\",\"potentialAction\":[{\"@type\":\"ReadAction\",\"target\":[\"https:\\\/\\\/www.ilnotiziario.net\\\/wp\\\/prima-pagina\\\/lainate-arese-chiude-per-cinque-notti-luscita-della8-modifiche-alla-viabilita-e-percorsi-alternativi\\\/\"]}]},{\"@type\":\"ImageObject\",\"inLanguage\":\"it-IT\",\"@id\":\"https:\\\/\\\/www.ilnotiziario.net\\\/wp\\\/prima-pagina\\\/lainate-arese-chiude-per-cinque-notti-luscita-della8-modifiche-alla-viabilita-e-percorsi-alternativi\\\/#primaryimage\",\"url\":\"https:\\\/\\\/www.ilnotiziario.net\\\/wp\\\/wp-content\\\/uploads\\\/2025\\\/10\\\/a8-lainate.jpg\",\"contentUrl\":\"https:\\\/\\\/www.ilnotiziario.net\\\/wp\\\/wp-content\\\/uploads\\\/2025\\\/10\\\/a8-lainate.jpg\",\"width\":1223,\"height\":522,\"caption\":\"autostrada chiusura arese\"},{\"@type\":\"BreadcrumbList\",\"@id\":\"https:\\\/\\\/www.ilnotiziario.net\\\/wp\\\/prima-pagina\\\/lainate-arese-chiude-per-cinque-notti-luscita-della8-modifiche-alla-viabilita-e-percorsi-alternativi\\\/#breadcrumb\",\"itemListElement\":[{\"@type\":\"ListItem\",\"position\":1,\"name\":\"tds_text_logo_tagline_colortds_text_logo_tagline_colortds_text_logo_tagline_colortds_text_logo_tagline_colortd_module_7_title_excerpttd_module_7_title_excerpttd_module_7_title_excerpttd_module_7_title_excerptHome\",\"item\":\"https:\\\/\\\/www.ilnotiziario.net\\\/wp\\\/\"},{\"@type\":\"ListItem\",\"position\":2,\"name\":\"Lainate-Arese, chiude per cinque notti l\u2019uscita dell\u2019A8: modifiche alla viabilit\u00e0 e percorsi alternativi\"}]},{\"@type\":\"WebSite\",\"@id\":\"https:\\\/\\\/www.ilnotiziario.net\\\/wp\\\/#website\",\"url\":\"https:\\\/\\\/www.ilnotiziario.net\\\/wp\\\/\",\"name\":\"Il Notiziario\",\"description\":\"Per restare sempre connessi alla notizia\",\"publisher\":{\"@id\":\"https:\\\/\\\/www.ilnotiziario.net\\\/wp\\\/#organization\"},\"alternateName\":\"Il Notiziario Bollate\",\"potentialAction\":[{\"@type\":\"SearchAction\",\"target\":{\"@type\":\"EntryPoint\",\"urlTemplate\":\"https:\\\/\\\/www.ilnotiziario.net\\\/wp\\\/?s={search_term_string}\"},\"query-input\":{\"@type\":\"PropertyValueSpecification\",\"valueRequired\":true,\"valueName\":\"search_term_string\"}}],\"inLanguage\":\"it-IT\"},{\"@type\":\"Organization\",\"@id\":\"https:\\\/\\\/www.ilnotiziario.net\\\/wp\\\/#organization\",\"name\":\"Il Notiziario\",\"url\":\"https:\\\/\\\/www.ilnotiziario.net\\\/wp\\\/\",\"logo\":{\"@type\":\"ImageObject\",\"inLanguage\":\"it-IT\",\"@id\":\"https:\\\/\\\/www.ilnotiziario.net\\\/wp\\\/#\\\/schema\\\/logo\\\/image\\\/\",\"url\":\"https:\\\/\\\/www.ilnotiziario.net\\\/wp\\\/wp-content\\\/uploads\\\/2022\\\/06\\\/170x170ilN.png\",\"contentUrl\":\"https:\\\/\\\/www.ilnotiziario.net\\\/wp\\\/wp-content\\\/uploads\\\/2022\\\/06\\\/170x170ilN.png\",\"width\":355,\"height\":355,\"caption\":\"Il Notiziario\"},\"image\":{\"@id\":\"https:\\\/\\\/www.ilnotiziario.net\\\/wp\\\/#\\\/schema\\\/logo\\\/image\\\/\"},\"sameAs\":[\"https:\\\/\\\/www.facebook.com\\\/ilnotiziarioind\\\/\",\"https:\\\/\\\/x.com\\\/ilNotiziarioInd\",\"https:\\\/\\\/www.instagram.com\\\/ilnotiziario_settimanale\\\/\"]},{\"@type\":\"Person\",\"@id\":\"https:\\\/\\\/www.ilnotiziario.net\\\/wp\\\/#\\\/schema\\\/person\\\/386e222908f898bb41c033989482bbf2\",\"name\":\"Gabriele Bassani\",\"image\":{\"@type\":\"ImageObject\",\"inLanguage\":\"it-IT\",\"@id\":\"https:\\\/\\\/secure.gravatar.com\\\/avatar\\\/09274f4a84fa97698bde56f84b3afed61c8492d48b0550db9671b68c177479cb?s=96&d=mm&r=g\",\"url\":\"https:\\\/\\\/secure.gravatar.com\\\/avatar\\\/09274f4a84fa97698bde56f84b3afed61c8492d48b0550db9671b68c177479cb?s=96&d=mm&r=g\",\"contentUrl\":\"https:\\\/\\\/secure.gravatar.com\\\/avatar\\\/09274f4a84fa97698bde56f84b3afed61c8492d48b0550db9671b68c177479cb?s=96&d=mm&r=g\",\"caption\":\"Gabriele Bassani\"},\"sameAs\":[\"http:\\\/\\\/www.ilnotiziario.net\"]}]}<\/script>\n<!-- \/ Yoast SEO plugin. -->","yoast_head_json":{"title":"Lainate-Arese, chiude per cinque notti l\u2019uscita dell\u2019A8: modifiche alla viabilit\u00e0 e percorsi alternativi - Il Notiziario","description":"Disagi in vista per gli automobilisti che nei prossimi giorni viaggeranno lungo l\u2019autostrada A8 Milano\u2013Varese. Autostrade per l\u2019Italia ha infatti","robots":{"index":"index","follow":"follow","max-snippet":"max-snippet:-1","max-image-preview":"max-image-preview:large","max-video-preview":"max-video-preview:-1"},"canonical":"https:\/\/www.ilnotiziario.net\/wp\/prima-pagina\/lainate-arese-chiude-per-cinque-notti-luscita-della8-modifiche-alla-viabilita-e-percorsi-alternativi\/","og_locale":"it_IT","og_type":"article","og_title":"Lainate-Arese, chiude per cinque notti l\u2019uscita dell\u2019A8: modifiche alla viabilit\u00e0 e percorsi alternativi - Il Notiziario","og_description":"Disagi in vista per gli automobilisti che nei prossimi giorni viaggeranno lungo l\u2019autostrada A8 Milano\u2013Varese. Autostrade per l\u2019Italia ha infatti","og_url":"https:\/\/www.ilnotiziario.net\/wp\/prima-pagina\/lainate-arese-chiude-per-cinque-notti-luscita-della8-modifiche-alla-viabilita-e-percorsi-alternativi\/","og_site_name":"Il Notiziario","article_publisher":"https:\/\/www.facebook.com\/ilnotiziarioind\/","article_published_time":"2025-10-21T06:35:30+00:00","og_image":[{"width":1223,"height":522,"url":"https:\/\/www.ilnotiziario.net\/wp\/wp-content\/uploads\/2025\/10\/a8-lainate.jpg","type":"image\/jpeg"}],"author":"Gabriele Bassani","twitter_card":"summary_large_image","twitter_creator":"@ilNotiziarioInd","twitter_site":"@ilNotiziarioInd","twitter_misc":{"Scritto da":"Gabriele Bassani","Tempo di lettura stimato":"2 minuti"},"schema":{"@context":"https:\/\/schema.org","@graph":[{"@type":"Article","@id":"https:\/\/www.ilnotiziario.net\/wp\/prima-pagina\/lainate-arese-chiude-per-cinque-notti-luscita-della8-modifiche-alla-viabilita-e-percorsi-alternativi\/#article","isPartOf":{"@id":"https:\/\/www.ilnotiziario.net\/wp\/prima-pagina\/lainate-arese-chiude-per-cinque-notti-luscita-della8-modifiche-alla-viabilita-e-percorsi-alternativi\/"},"author":{"name":"Gabriele Bassani","@id":"https:\/\/www.ilnotiziario.net\/wp\/#\/schema\/person\/386e222908f898bb41c033989482bbf2"},"headline":"Lainate-Arese, chiude per cinque notti l\u2019uscita dell\u2019A8: modifiche alla viabilit\u00e0 e percorsi alternativi","datePublished":"2025-10-21T06:35:30+00:00","mainEntityOfPage":{"@id":"https:\/\/www.ilnotiziario.net\/wp\/prima-pagina\/lainate-arese-chiude-per-cinque-notti-luscita-della8-modifiche-alla-viabilita-e-percorsi-alternativi\/"},"wordCount":293,"publisher":{"@id":"https:\/\/www.ilnotiziario.net\/wp\/#organization"},"image":{"@id":"https:\/\/www.ilnotiziario.net\/wp\/prima-pagina\/lainate-arese-chiude-per-cinque-notti-luscita-della8-modifiche-alla-viabilita-e-percorsi-alternativi\/#primaryimage"},"thumbnailUrl":"https:\/\/www.ilnotiziario.net\/wp\/wp-content\/uploads\/2025\/10\/a8-lainate.jpg","keywords":["A8","Arese","autostrada","Lainate","svincolo"],"articleSection":["BOLLATESE","Prima Pagina"],"inLanguage":"it-IT"},{"@type":"WebPage","@id":"https:\/\/www.ilnotiziario.net\/wp\/prima-pagina\/lainate-arese-chiude-per-cinque-notti-luscita-della8-modifiche-alla-viabilita-e-percorsi-alternativi\/","url":"https:\/\/www.ilnotiziario.net\/wp\/prima-pagina\/lainate-arese-chiude-per-cinque-notti-luscita-della8-modifiche-alla-viabilita-e-percorsi-alternativi\/","name":"Lainate-Arese, chiude per cinque notti l\u2019uscita dell\u2019A8: modifiche alla viabilit\u00e0 e percorsi alternativi - Il Notiziario","isPartOf":{"@id":"https:\/\/www.ilnotiziario.net\/wp\/#website"},"primaryImageOfPage":{"@id":"https:\/\/www.ilnotiziario.net\/wp\/prima-pagina\/lainate-arese-chiude-per-cinque-notti-luscita-della8-modifiche-alla-viabilita-e-percorsi-alternativi\/#primaryimage"},"image":{"@id":"https:\/\/www.ilnotiziario.net\/wp\/prima-pagina\/lainate-arese-chiude-per-cinque-notti-luscita-della8-modifiche-alla-viabilita-e-percorsi-alternativi\/#primaryimage"},"thumbnailUrl":"https:\/\/www.ilnotiziario.net\/wp\/wp-content\/uploads\/2025\/10\/a8-lainate.jpg","datePublished":"2025-10-21T06:35:30+00:00","description":"Disagi in vista per gli automobilisti che nei prossimi giorni viaggeranno lungo l\u2019autostrada A8 Milano\u2013Varese. Autostrade per l\u2019Italia ha infatti","breadcrumb":{"@id":"https:\/\/www.ilnotiziario.net\/wp\/prima-pagina\/lainate-arese-chiude-per-cinque-notti-luscita-della8-modifiche-alla-viabilita-e-percorsi-alternativi\/#breadcrumb"},"inLanguage":"it-IT","potentialAction":[{"@type":"ReadAction","target":["https:\/\/www.ilnotiziario.net\/wp\/prima-pagina\/lainate-arese-chiude-per-cinque-notti-luscita-della8-modifiche-alla-viabilita-e-percorsi-alternativi\/"]}]},{"@type":"ImageObject","inLanguage":"it-IT","@id":"https:\/\/www.ilnotiziario.net\/wp\/prima-pagina\/lainate-arese-chiude-per-cinque-notti-luscita-della8-modifiche-alla-viabilita-e-percorsi-alternativi\/#primaryimage","url":"https:\/\/www.ilnotiziario.net\/wp\/wp-content\/uploads\/2025\/10\/a8-lainate.jpg","contentUrl":"https:\/\/www.ilnotiziario.net\/wp\/wp-content\/uploads\/2025\/10\/a8-lainate.jpg","width":1223,"height":522,"caption":"autostrada chiusura arese"},{"@type":"BreadcrumbList","@id":"https:\/\/www.ilnotiziario.net\/wp\/prima-pagina\/lainate-arese-chiude-per-cinque-notti-luscita-della8-modifiche-alla-viabilita-e-percorsi-alternativi\/#breadcrumb","itemListElement":[{"@type":"ListItem","position":1,"name":"tds_text_logo_tagline_colortds_text_logo_tagline_colortds_text_logo_tagline_colortds_text_logo_tagline_colortd_module_7_title_excerpttd_module_7_title_excerpttd_module_7_title_excerpttd_module_7_title_excerptHome","item":"https:\/\/www.ilnotiziario.net\/wp\/"},{"@type":"ListItem","position":2,"name":"Lainate-Arese, chiude per cinque notti l\u2019uscita dell\u2019A8: modifiche alla viabilit\u00e0 e percorsi alternativi"}]},{"@type":"WebSite","@id":"https:\/\/www.ilnotiziario.net\/wp\/#website","url":"https:\/\/www.ilnotiziario.net\/wp\/","name":"Il Notiziario","description":"Per restare sempre connessi alla notizia","publisher":{"@id":"https:\/\/www.ilnotiziario.net\/wp\/#organization"},"alternateName":"Il Notiziario Bollate","potentialAction":[{"@type":"SearchAction","target":{"@type":"EntryPoint","urlTemplate":"https:\/\/www.ilnotiziario.net\/wp\/?s={search_term_string}"},"query-input":{"@type":"PropertyValueSpecification","valueRequired":true,"valueName":"search_term_string"}}],"inLanguage":"it-IT"},{"@type":"Organization","@id":"https:\/\/www.ilnotiziario.net\/wp\/#organization","name":"Il Notiziario","url":"https:\/\/www.ilnotiziario.net\/wp\/","logo":{"@type":"ImageObject","inLanguage":"it-IT","@id":"https:\/\/www.ilnotiziario.net\/wp\/#\/schema\/logo\/image\/","url":"https:\/\/www.ilnotiziario.net\/wp\/wp-content\/uploads\/2022\/06\/170x170ilN.png","contentUrl":"https:\/\/www.ilnotiziario.net\/wp\/wp-content\/uploads\/2022\/06\/170x170ilN.png","width":355,"height":355,"caption":"Il Notiziario"},"image":{"@id":"https:\/\/www.ilnotiziario.net\/wp\/#\/schema\/logo\/image\/"},"sameAs":["https:\/\/www.facebook.com\/ilnotiziarioind\/","https:\/\/x.com\/ilNotiziarioInd","https:\/\/www.instagram.com\/ilnotiziario_settimanale\/"]},{"@type":"Person","@id":"https:\/\/www.ilnotiziario.net\/wp\/#\/schema\/person\/386e222908f898bb41c033989482bbf2","name":"Gabriele Bassani","image":{"@type":"ImageObject","inLanguage":"it-IT","@id":"https:\/\/secure.gravatar.com\/avatar\/09274f4a84fa97698bde56f84b3afed61c8492d48b0550db9671b68c177479cb?s=96&d=mm&r=g","url":"https:\/\/secure.gravatar.com\/avatar\/09274f4a84fa97698bde56f84b3afed61c8492d48b0550db9671b68c177479cb?s=96&d=mm&r=g","contentUrl":"https:\/\/secure.gravatar.com\/avatar\/09274f4a84fa97698bde56f84b3afed61c8492d48b0550db9671b68c177479cb?s=96&d=mm&r=g","caption":"Gabriele Bassani"},"sameAs":["http:\/\/www.ilnotiziario.net"]}]}},"_links":{"self":[{"href":"https:\/\/www.ilnotiziario.net\/wp\/wp-json\/wp\/v2\/posts\/210668","targetHints":{"allow":["GET"]}}],"collection":[{"href":"https:\/\/www.ilnotiziario.net\/wp\/wp-json\/wp\/v2\/posts"}],"about":[{"href":"https:\/\/www.ilnotiziario.net\/wp\/wp-json\/wp\/v2\/types\/post"}],"author":[{"embeddable":true,"href":"https:\/\/www.ilnotiziario.net\/wp\/wp-json\/wp\/v2\/users\/3"}],"replies":[{"embeddable":true,"href":"https:\/\/www.ilnotiziario.net\/wp\/wp-json\/wp\/v2\/comments?post=210668"}],"version-history":[{"count":0,"href":"https:\/\/www.ilnotiziario.net\/wp\/wp-json\/wp\/v2\/posts\/210668\/revisions"}],"wp:featuredmedia":[{"embeddable":true,"href":"https:\/\/www.ilnotiziario.net\/wp\/wp-json\/wp\/v2\/media\/210669"}],"wp:attachment":[{"href":"https:\/\/www.ilnotiziario.net\/wp\/wp-json\/wp\/v2\/media?parent=210668"}],"wp:term":[{"taxonomy":"category","embeddable":true,"href":"https:\/\/www.ilnotiziario.net\/wp\/wp-json\/wp\/v2\/categories?post=210668"},{"taxonomy":"post_tag","embeddable":true,"href":"https:\/\/www.ilnotiziario.net\/wp\/wp-json\/wp\/v2\/tags?post=210668"}],"curies":[{"name":"wp","href":"https:\/\/api.w.org\/{rel}","templated":true}]}}