{"id":210970,"date":"2025-10-31T16:30:53","date_gmt":"2025-10-31T15:30:53","guid":{"rendered":"https:\/\/www.ilnotiziario.net\/wp\/?p=210970"},"modified":"2025-10-31T16:41:36","modified_gmt":"2025-10-31T15:41:36","slug":"eventi-week-end-celebrazioni-per-la-festa-dellunita-nazionale-e-delle-forze-armate","status":"publish","type":"post","link":"https:\/\/www.ilnotiziario.net\/wp\/prima-pagina\/eventi-week-end-celebrazioni-per-la-festa-dellunita-nazionale-e-delle-forze-armate\/","title":{"rendered":"Eventi week-end: Celebrazioni per la Festa dell\u2019Unit\u00e0 nazionale e delle Forze Armate"},"content":{"rendered":"<p>Questo week-end, da venerd\u00ec 31 ottobre a domenica 2 novembre 2025, in evidenza la giornata dell\u2019Unit\u00e0 d\u2019Italia e delle Forze Armate.\u00a0 Inoltre, si festeggia Halloween: trovate tutti gli appuntamenti nella sezione dedicata\u00a0 <a href=\"https:\/\/www.ilnotiziario.net\/wp\/prima-pagina\/halloween-nel-borgo-da-brividi-a-lazzate-e-spettacoli-suggestivi-per-hallowest-a-cogliate\/\">(https:\/\/www.ilnotiziario.net\/wp\/prima-pagina\/halloween-nel-borgo-da-brividi-a-lazzate-e-spettacoli-suggestivi-per-hallowest-a-cogliate\/).<\/a> Ma ecco di seguito tutti gli altri eventi per questo fine settimana:<\/p><div id=\"ilnot-663463996\" class=\"ilnot-contenuto ilnot-entity-placement\"><p><!-- incontent_1 --><\/p>\n<div class=\"gptslot\" data-adunitid=\"1\"><\/div>\n<\/div>\n<h2>UBOLDO \u2013 Sabato il \u201cMercatino del rifugio\u201d<\/h2>\n<p>E\u2019 previsto per questo sabato 1 novembre, dalle 10 alle 16.30, il \u201cMercatino al rifugio\u201d, promosso dal canile \u201cUna luce fuori dal lager\u201d in via Caduti della Liberazione 123. \u201cVenite a farci visita \u2013 \u00e8 l\u2019appello dei volontari &#8211; Aiutateci a provvedere alle cure e al mantenimento dei nostri cani e alla casa che li ospita. Se verrete al mattino, potrete stare con loro in campo o fare una passeggiata\u201d. Intanto arriva una bella notizia: Bracco \u00e8 stato adottato. In cerca di una casa da molto tempo, l\u2019ha finalmente trovata. \u201cLe adozioni sono sempre qualcosa di estremamente delicato \u2013 spiegano al rifugio \u2013 Lo abbiamo salvato da una vita indegna e, facendo tanti sacrifici, lo abbiamo visto rinascere da noi. Ora ha una nuova famiglia e una nuova vita\u201d.<\/p>\n<h2>MISINTO \u2013 Celebrazioni del 4 novembre<\/h2>\n<p>Appuntamento domenica 2 novembre per la celebrazione del 4 novembre, giornata dell\u2019Unit\u00e0 d\u2019Italia e delle Forze Armate. Si comincer\u00e0 alle 10 con la S. Messa nella chiesa parrocchiale di San Siro, da dove al termine partir\u00e0 il corteo verso il Monumento ai Caduti con la partecipazione dell\u2019Associazione \u201cVittime del dovere\u201d e dei bambini delle classi quinte della scuola primaria. Alle 12 la conclusione con il rinfresco in Sala Pogliani.<\/p><div id=\"ilnot-800036151\" class=\"ilnot-contenuto_2 ilnot-entity-placement\"><div class=\"ads-wrapper\">\n<div class=\"ad-slot\">\n   <div id=\"ilnot-1103284218\" style=\"margin-right: auto;margin-left: auto;text-align: center;width: 320px;height: 100px;\"><a href=\"https:\/\/www.scuolasicurezza.it\/\"><img decoding=\"async\" src=\"https:\/\/www.ilnotiziario.net\/wp\/wp-content\/uploads\/2026\/04\/IlNotiziario_banner-sito-e-newsletter-320-x-100-px-1.gif\" alt=\"\"><\/a><\/div>\n  <\/div>\n<div class=\"ad-slot\">\n   <div id=\"ilnot-2134552534\" style=\"margin-right: auto;margin-left: auto;text-align: center;width: 320px;height: 100px;\"><a href=\"https:\/\/purodesignarredamenti.com\/\"><img decoding=\"async\" src=\"https:\/\/www.ilnotiziario.net\/wp\/wp-content\/uploads\/2026\/04\/banner-puro-ok.gif\" alt=\"whatsapp\"><\/a><\/div><\/p><\/div>\n<\/div>\n<\/div>\n<h2>COGLIATE \u2013 Celebrazioni per il giorno dell\u2019Unit\u00e0 Nazionale<\/h2>\n<p>Domenica 2 novembre a Cogliate si celebrer\u00e0 la giornata dell\u2019Unit\u00e0 d\u2019Italia e delle Forze Armate. Alle 10.30 S. Messa al cimitero. Successivamente ci sar\u00e0 la posa di corone d&#8217;alloro con il discorso delle autorit\u00e0, quindi intervento del consiglio comunale dei ragazzi e delle ragazze e la benedizione. La manifestazione si concluder\u00e0 con il sorvolo tricolore della Protezione Civile Campo Volo e con la parata dei Bersaglieri. A seguire, corteo con il Corpo Musicale G. Verdi verso la scuola Dino Buzzati per la consegna delle borse di studio comunali e proclamazione dei vincitori del concorso di poesie.<\/p>\n<h2>BOLLATE \u2013 Giornata dell\u2019Unit\u00e0 Nazionale e delle Forze Armate<\/h2>\n<p>Il Comune di Bollate onorer\u00e0 la Giornata dell\u2019Unit\u00e0 Nazionale e delle Forze Armate con un programma di celebrazioni distribuito tra sabato 1 e domenica 2 novembre. Un appuntamento sentito per ricordare il compleanno della Patria, rendere omaggio a chi ha servito lo Stato e commemorare i Caduti. L\u2019Amministrazione Comunale, organizzatrice dell\u2019evento in collaborazione con le principali associazioni combattentistiche e d\u2019arma del territorio, invita tutti a partecipare per condividere un momento di memoria e di unit\u00e0.<\/p>\n<p>IL PROGRAMMA. Le commemorazioni inizieranno sabato 1 novembre, alle ore 10.00, con il ritrovo presso il Cimitero di Bollate centro. Da qui, avr\u00e0 inizio un rispettoso e commosso giro di deposizioni di corone di alloro presso tutte le lapidi dei Caduti, sia nel cimitero principale che in quelli delle frazioni. Un gesto semplice ma profondo per mantenere viva la memoria di chi ha sacrificato la propria vita per la comunit\u00e0 e la Nazione. Il momento clou delle celebrazioni \u00e8 in programma per domenica 2 novembre. A partire dalle ore 11.30, piazza Aldo Moro diventer\u00e0 il cuore civile della citt\u00e0. La cerimonia prevede un solenne Alzabandiera, seguito da un momento di ricordo dedicato alle Vittime della Strage di Nassirya, con la deposizione di una corona d\u2019alloro.<\/p><div id=\"ilnot-186529710\" class=\"ilnot-contenuto_2-2 ilnot-entity-placement\"><div class=\"gptslot\" data-adunitid=\"2\"><\/div>\n<\/div>\n<h3>BOLLATE \u2013 Giornata dell\u2019Unit\u00e0 Nazionale: encomi e banda musicale<\/h3>\n<p>Dopo i discorsi ufficiali delle autorit\u00e0, la mattinata proseguir\u00e0 con un momento di particolare significato: il conferimento degli encomi agli agenti della Polizia Locale di Bollate, un riconoscimento pubblico per il loro impegno al servizio della comunit\u00e0. Ad accompagnare e rendere pi\u00f9 solenne l\u2019intera manifestazione ci sar\u00e0 la Banda Musicale \u201cArturo Toscanini \u2013 Citt\u00e0 di Bollate\u201d, che allieter\u00e0 i presenti con i suoi brani.<\/p>\n<p>La Giornata dell\u2019Unit\u00e0 Nazionale e delle Forze Armate \u00e8 anche un momento per educare le giovani generazioni al valore della pace, della memoria storica e del sacrificio, valori custoditi e tramandati dalle associazioni che collaborano all\u2019evento. Eccole di seguito: l\u2019Associazione Nazionale Partigiani d\u2019Italia, l\u2019Associazione Nazionale Partigiani Cristiani, l\u2019Associazione Nazionale Carabinieri, l\u2019Associazione Nazionale Alpini, la Squadra Emergenza Operativa (Seo) e i Vigili del Fuoco di Garbagnate Milanese.<\/p>\n<h2>NOVATE \u2013 Celebrazioni per il 4 novembre<\/h2>\n<p>Anche quest\u2019anno la citt\u00e0 di Novate rende omaggio al Giorno dell\u2019Unit\u00e0 Nazionale e delle Forze Armate, con una serie di cerimonie solenni in programma domenica 2 novembre, in anticipo rispetto alla data ufficiale del 4 novembre. La giornata inizier\u00e0 alle ore 9.30 con la deposizione di una corona d\u2019alloro al Monumento ai Caduti situato di fronte al Municipio, un gesto simbolico per ricordare chi ha sacrificato la propria vita per la Patria e la libert\u00e0.<\/p><div id=\"ilnot-1892411052\" class=\"ilnot-contenuto_2-2-2 ilnot-entity-placement\"><div class=\"gptslot\" data-adunitid=\"3\"><\/div>\n<\/div>\n<p>Alle 10.30 seguir\u00e0 la Santa Messa in suffragio dei Caduti di tutte le guerre presso la chiesa parrocchiale dei Santi Gervaso e Protaso. Al termine della celebrazione religiosa, la commemorazione proseguir\u00e0 con la deposizione degli omaggi floreali ai monumenti ai Caduti collocati nel cimitero monumentale di via Rimembranze.<\/p>\n<p>La giornata si concluder\u00e0 alle ore 16 con un concerto bandistico del Corpo Musicale \u201cSanta Cecilia\u201d nella sala teatro comunale \u201cG. Testori\u201d di via Vittorio Veneto 18. L\u2019ingresso \u00e8 libero e aperto a tutta la cittadinanza. Le celebrazioni rappresentano un momento di memoria e riconoscenza collettiva, un\u2019occasione per riaffermare i valori di unit\u00e0, pace e democrazia che animano la Repubblica Italiana e per ricordare il ruolo fondamentale delle Forze Armate nella difesa del Paese e del bene comune.<\/p>\n<h2>CUSANO M. \u2013 Festa dell\u2019Unit\u00e0 nazionale e delle Forze Armate<\/h2>\n<p>Il Comune celebra la Festa dell\u2019Unit\u00e0 nazionale e delle Forze Armate. L\u2019appuntamento \u00e8 per domenica 2, con la presenza della sindaca, delle autorit\u00e0 locali e dei rappresentanti dell\u2019Associazione famiglie caduti e dispersi in guerra. Inoltre sar\u00e0 presente il Corpo musicale Santa Cecilia che offrir\u00e0 un saggio musicale. Il ritrovo sar\u00e0 alle 9.30 al Santuario della Madonna della Cintura, per la celebrazione della messa. A seguire si terr\u00e0 in piazza XXV Aprile la cerimonia di deposizione della corona al Monumento ai Caduti di tutte le guerre. Poi il corteo raggiunger\u00e0 il cimitero comunale per la deposizione della corona nella cappella centrale.<\/p><div id=\"ilnot-629144320\" class=\"ilnot-contenuto_2-2-2-2 ilnot-entity-placement\"><div class=\"gptslot\" data-adunitid=\"4\"><\/div>\n<\/div>\n<h2>CUSANO M. \u2013 Percorso della via Francigena fa tappa a Cusano<\/h2>\n<p>La Giornata Nazionale del Trekking Urbano offre l\u2019opportunit\u00e0 di percorrere itinerari che spingono alla scoperta, alla riflessione e all\u2019incontro nel segno del progetto \u201cLe vie del giubileo tra storia cultura e spiritualit\u00e0\u201d. E il territorio di Cusano Milanino si presta al percorso di trekking urbano lungo la via Francigena renana, essendo sin dal Medioevo uno dei tracciati che i pellegrini attraversavano per raggiungere Roma. Cos\u00ec domani, sabato 1\u00b0 novembre, il percorso far\u00e0 tappa nella citt\u00e0 giardino ed \u00e8 l\u2019occasione per scoprire l\u2019antica Cusano.<\/p>\n<p>Si potranno cos\u00ec visitare le corti rustiche, la Strecia, le ville patrizie, Palazzo Omodei, il gioiello barocco, la vecchia chiesa e quella nuova, gli edifici pubblici ottocenteschi, le fabbriche del \u2018900. I volontari della locale Associazione Archivio Storico accompagneranno i turisti, raccontando la storia di questi luoghi e della citt\u00e0 stessa. Le partenze da piazza Cavour saranno alle ore 10, 11, 14 e 15 per un percorso di 1,7 km e una durata di 2 ore. Intanto nell\u2019atrio del municipio \u00e8 disponibile, sino al prossimo 17 novembre, la mostra fotografica, allestita dall\u2019associazione, con immagini storiche dei luoghi che saranno visitati.<\/p><div id=\"ilnot-611717939\" class=\"ilnot-contenuto_2-2-2-2-2 ilnot-entity-placement\"><div class=\"gptslot\" data-adunitid=\"5\"><\/div>\n<\/div>\n<h2>GARBAGNATE \u2013 Torna \u201cHolyween\u201d alla chiesa di Bariana<\/h2>\n<p>Notte dei santi, Holyween, tra stasera e domani all\u2019alba alla chiesa San Giuseppe di Bariana per tutta la comunit\u00e0, in contrapposizione con la laica notte di Halloween. Adorazione notturna dalle ore 21 di oggi venerd\u00ec fino alle ore 8.30 di sabato 1\u00b0 novembre, per poi concludere tutti insieme con le lodi mattutine. L\u2019invito a partecipare \u00e8 per tutta la Comunit\u00e0 Pastorale; \u00e8 anche possibile segnalare la propria presenza sul foglio appeso in bacheca in S. Giuseppe Artigiano e nelle altre chiese.<\/p>\n","protected":false},"excerpt":{"rendered":"<p>Questo week-end, da venerd\u00ec 31 ottobre a domenica 2 novembre 2025, in evidenza la giornata dell\u2019Unit\u00e0 d\u2019Italia e delle Forze Armate.\u00a0 Inoltre, si festeggia Halloween: trovate tutti gli appuntamenti nella sezione dedicata\u00a0 (https:\/\/www.ilnotiziario.net\/wp\/prima-pagina\/halloween-nel-borgo-da-brividi-a-lazzate-e-spettacoli-suggestivi-per-hallowest-a-cogliate\/). Ma ecco di seguito tutti gli altri eventi per questo fine settimana: UBOLDO \u2013 Sabato il \u201cMercatino del rifugio\u201d E\u2019 previsto per<\/p>\n","protected":false},"author":223159,"featured_media":210973,"comment_status":"closed","ping_status":"closed","sticky":false,"template":"","format":"standard","meta":{"footnotes":""},"categories":[277,20],"tags":[16131,18242,17198,16237,16185],"class_list":{"0":"post-210970","1":"post","2":"type-post","3":"status-publish","4":"format-standard","5":"has-post-thumbnail","7":"category-appuntamenti-della-settimana","8":"category-prima-pagina","9":"tag-celebrazioni-4-novembre","10":"tag-celebrazioni-unita-nazionale","11":"tag-cosa-fare-nel-week-end","12":"tag-cosa-fare-sabato-e-domenica","13":"tag-eventi-week-end"},"yoast_head":"<!-- This site is optimized with the Yoast SEO plugin v27.4 - https:\/\/yoast.com\/product\/yoast-seo-wordpress\/ -->\n<title>Eventi week-end: Celebrazioni per la Festa dell\u2019Unit\u00e0 nazionale e delle Forze Armate - Il Notiziario<\/title>\n<meta name=\"description\" content=\"Questo week-end, da venerd\u00ec 31 ottobre a domenica 2 novembre 2025, in evidenza la giornata dell\u2019Unit\u00e0 d\u2019Italia e delle Forze Armate.\u00a0 Inoltre, si\" \/>\n<meta name=\"robots\" content=\"index, follow, max-snippet:-1, max-image-preview:large, max-video-preview:-1\" \/>\n<link rel=\"canonical\" href=\"https:\/\/www.ilnotiziario.net\/wp\/prima-pagina\/eventi-week-end-celebrazioni-per-la-festa-dellunita-nazionale-e-delle-forze-armate\/\" \/>\n<meta property=\"og:locale\" content=\"it_IT\" \/>\n<meta property=\"og:type\" content=\"article\" \/>\n<meta property=\"og:title\" content=\"Eventi week-end: Celebrazioni per la Festa dell\u2019Unit\u00e0 nazionale e delle Forze Armate - Il Notiziario\" \/>\n<meta property=\"og:description\" content=\"Questo week-end, da venerd\u00ec 31 ottobre a domenica 2 novembre 2025, in evidenza la giornata dell\u2019Unit\u00e0 d\u2019Italia e delle Forze Armate.\u00a0 Inoltre, si\" \/>\n<meta property=\"og:url\" content=\"https:\/\/www.ilnotiziario.net\/wp\/prima-pagina\/eventi-week-end-celebrazioni-per-la-festa-dellunita-nazionale-e-delle-forze-armate\/\" \/>\n<meta property=\"og:site_name\" content=\"Il Notiziario\" \/>\n<meta property=\"article:publisher\" content=\"https:\/\/www.facebook.com\/ilnotiziarioind\/\" \/>\n<meta property=\"article:published_time\" content=\"2025-10-31T15:30:53+00:00\" \/>\n<meta property=\"article:modified_time\" content=\"2025-10-31T15:41:36+00:00\" \/>\n<meta property=\"og:image\" content=\"https:\/\/www.ilnotiziario.net\/wp\/wp-content\/uploads\/2025\/10\/frecce-tricolori-italiane.jpg\" \/>\n\t<meta property=\"og:image:width\" content=\"1102\" \/>\n\t<meta property=\"og:image:height\" content=\"735\" \/>\n\t<meta property=\"og:image:type\" content=\"image\/jpeg\" \/>\n<meta name=\"author\" content=\"Manuela Beriozza\" \/>\n<meta name=\"twitter:card\" content=\"summary_large_image\" \/>\n<meta name=\"twitter:creator\" content=\"@ilNotiziarioInd\" \/>\n<meta name=\"twitter:site\" content=\"@ilNotiziarioInd\" \/>\n<meta name=\"twitter:label1\" content=\"Scritto da\" \/>\n\t<meta name=\"twitter:data1\" content=\"Manuela Beriozza\" \/>\n\t<meta name=\"twitter:label2\" content=\"Tempo di lettura stimato\" \/>\n\t<meta name=\"twitter:data2\" content=\"8 minuti\" \/>\n<script type=\"application\/ld+json\" class=\"yoast-schema-graph\">{\"@context\":\"https:\\\/\\\/schema.org\",\"@graph\":[{\"@type\":\"Article\",\"@id\":\"https:\\\/\\\/www.ilnotiziario.net\\\/wp\\\/prima-pagina\\\/eventi-week-end-celebrazioni-per-la-festa-dellunita-nazionale-e-delle-forze-armate\\\/#article\",\"isPartOf\":{\"@id\":\"https:\\\/\\\/www.ilnotiziario.net\\\/wp\\\/prima-pagina\\\/eventi-week-end-celebrazioni-per-la-festa-dellunita-nazionale-e-delle-forze-armate\\\/\"},\"author\":{\"name\":\"Manuela Beriozza\",\"@id\":\"https:\\\/\\\/www.ilnotiziario.net\\\/wp\\\/#\\\/schema\\\/person\\\/c902c4c1308705a92d37385bbce84394\"},\"headline\":\"Eventi week-end: Celebrazioni per la Festa dell\u2019Unit\u00e0 nazionale e delle Forze Armate\",\"datePublished\":\"2025-10-31T15:30:53+00:00\",\"dateModified\":\"2025-10-31T15:41:36+00:00\",\"mainEntityOfPage\":{\"@id\":\"https:\\\/\\\/www.ilnotiziario.net\\\/wp\\\/prima-pagina\\\/eventi-week-end-celebrazioni-per-la-festa-dellunita-nazionale-e-delle-forze-armate\\\/\"},\"wordCount\":1307,\"publisher\":{\"@id\":\"https:\\\/\\\/www.ilnotiziario.net\\\/wp\\\/#organization\"},\"image\":{\"@id\":\"https:\\\/\\\/www.ilnotiziario.net\\\/wp\\\/prima-pagina\\\/eventi-week-end-celebrazioni-per-la-festa-dellunita-nazionale-e-delle-forze-armate\\\/#primaryimage\"},\"thumbnailUrl\":\"https:\\\/\\\/www.ilnotiziario.net\\\/wp\\\/wp-content\\\/uploads\\\/2025\\\/10\\\/frecce-tricolori-italiane.jpg\",\"keywords\":[\"celebrazioni 4 novembre\",\"celebrazioni unit\u00e0 nazionale\",\"cosa fare nel week-end\",\"cosa fare sabato e domenica\",\"Eventi week-end\"],\"articleSection\":[\"APPUNTAMENTI\",\"Prima Pagina\"],\"inLanguage\":\"it-IT\"},{\"@type\":\"WebPage\",\"@id\":\"https:\\\/\\\/www.ilnotiziario.net\\\/wp\\\/prima-pagina\\\/eventi-week-end-celebrazioni-per-la-festa-dellunita-nazionale-e-delle-forze-armate\\\/\",\"url\":\"https:\\\/\\\/www.ilnotiziario.net\\\/wp\\\/prima-pagina\\\/eventi-week-end-celebrazioni-per-la-festa-dellunita-nazionale-e-delle-forze-armate\\\/\",\"name\":\"Eventi week-end: Celebrazioni per la Festa dell\u2019Unit\u00e0 nazionale e delle Forze Armate - Il Notiziario\",\"isPartOf\":{\"@id\":\"https:\\\/\\\/www.ilnotiziario.net\\\/wp\\\/#website\"},\"primaryImageOfPage\":{\"@id\":\"https:\\\/\\\/www.ilnotiziario.net\\\/wp\\\/prima-pagina\\\/eventi-week-end-celebrazioni-per-la-festa-dellunita-nazionale-e-delle-forze-armate\\\/#primaryimage\"},\"image\":{\"@id\":\"https:\\\/\\\/www.ilnotiziario.net\\\/wp\\\/prima-pagina\\\/eventi-week-end-celebrazioni-per-la-festa-dellunita-nazionale-e-delle-forze-armate\\\/#primaryimage\"},\"thumbnailUrl\":\"https:\\\/\\\/www.ilnotiziario.net\\\/wp\\\/wp-content\\\/uploads\\\/2025\\\/10\\\/frecce-tricolori-italiane.jpg\",\"datePublished\":\"2025-10-31T15:30:53+00:00\",\"dateModified\":\"2025-10-31T15:41:36+00:00\",\"description\":\"Questo week-end, da venerd\u00ec 31 ottobre a domenica 2 novembre 2025, in evidenza la giornata dell\u2019Unit\u00e0 d\u2019Italia e delle Forze Armate.\u00a0 Inoltre, si\",\"breadcrumb\":{\"@id\":\"https:\\\/\\\/www.ilnotiziario.net\\\/wp\\\/prima-pagina\\\/eventi-week-end-celebrazioni-per-la-festa-dellunita-nazionale-e-delle-forze-armate\\\/#breadcrumb\"},\"inLanguage\":\"it-IT\",\"potentialAction\":[{\"@type\":\"ReadAction\",\"target\":[\"https:\\\/\\\/www.ilnotiziario.net\\\/wp\\\/prima-pagina\\\/eventi-week-end-celebrazioni-per-la-festa-dellunita-nazionale-e-delle-forze-armate\\\/\"]}]},{\"@type\":\"ImageObject\",\"inLanguage\":\"it-IT\",\"@id\":\"https:\\\/\\\/www.ilnotiziario.net\\\/wp\\\/prima-pagina\\\/eventi-week-end-celebrazioni-per-la-festa-dellunita-nazionale-e-delle-forze-armate\\\/#primaryimage\",\"url\":\"https:\\\/\\\/www.ilnotiziario.net\\\/wp\\\/wp-content\\\/uploads\\\/2025\\\/10\\\/frecce-tricolori-italiane.jpg\",\"contentUrl\":\"https:\\\/\\\/www.ilnotiziario.net\\\/wp\\\/wp-content\\\/uploads\\\/2025\\\/10\\\/frecce-tricolori-italiane.jpg\",\"width\":1102,\"height\":735,\"caption\":\"Designed by Freepik (https:\\\/\\\/it.freepik.com\\\/)\"},{\"@type\":\"BreadcrumbList\",\"@id\":\"https:\\\/\\\/www.ilnotiziario.net\\\/wp\\\/prima-pagina\\\/eventi-week-end-celebrazioni-per-la-festa-dellunita-nazionale-e-delle-forze-armate\\\/#breadcrumb\",\"itemListElement\":[{\"@type\":\"ListItem\",\"position\":1,\"name\":\"tds_text_logo_tagline_colortds_text_logo_tagline_colortds_text_logo_tagline_colortds_text_logo_tagline_colortd_module_7_title_excerpttd_module_7_title_excerpttd_module_7_title_excerpttd_module_7_title_excerptHome\",\"item\":\"https:\\\/\\\/www.ilnotiziario.net\\\/wp\\\/\"},{\"@type\":\"ListItem\",\"position\":2,\"name\":\"Eventi week-end: Celebrazioni per la Festa dell\u2019Unit\u00e0 nazionale e delle Forze Armate\"}]},{\"@type\":\"WebSite\",\"@id\":\"https:\\\/\\\/www.ilnotiziario.net\\\/wp\\\/#website\",\"url\":\"https:\\\/\\\/www.ilnotiziario.net\\\/wp\\\/\",\"name\":\"Il Notiziario\",\"description\":\"Per restare sempre connessi alla notizia\",\"publisher\":{\"@id\":\"https:\\\/\\\/www.ilnotiziario.net\\\/wp\\\/#organization\"},\"alternateName\":\"Il Notiziario Bollate\",\"potentialAction\":[{\"@type\":\"SearchAction\",\"target\":{\"@type\":\"EntryPoint\",\"urlTemplate\":\"https:\\\/\\\/www.ilnotiziario.net\\\/wp\\\/?s={search_term_string}\"},\"query-input\":{\"@type\":\"PropertyValueSpecification\",\"valueRequired\":true,\"valueName\":\"search_term_string\"}}],\"inLanguage\":\"it-IT\"},{\"@type\":\"Organization\",\"@id\":\"https:\\\/\\\/www.ilnotiziario.net\\\/wp\\\/#organization\",\"name\":\"Il Notiziario\",\"url\":\"https:\\\/\\\/www.ilnotiziario.net\\\/wp\\\/\",\"logo\":{\"@type\":\"ImageObject\",\"inLanguage\":\"it-IT\",\"@id\":\"https:\\\/\\\/www.ilnotiziario.net\\\/wp\\\/#\\\/schema\\\/logo\\\/image\\\/\",\"url\":\"https:\\\/\\\/www.ilnotiziario.net\\\/wp\\\/wp-content\\\/uploads\\\/2022\\\/06\\\/170x170ilN.png\",\"contentUrl\":\"https:\\\/\\\/www.ilnotiziario.net\\\/wp\\\/wp-content\\\/uploads\\\/2022\\\/06\\\/170x170ilN.png\",\"width\":355,\"height\":355,\"caption\":\"Il Notiziario\"},\"image\":{\"@id\":\"https:\\\/\\\/www.ilnotiziario.net\\\/wp\\\/#\\\/schema\\\/logo\\\/image\\\/\"},\"sameAs\":[\"https:\\\/\\\/www.facebook.com\\\/ilnotiziarioind\\\/\",\"https:\\\/\\\/x.com\\\/ilNotiziarioInd\",\"https:\\\/\\\/www.instagram.com\\\/ilnotiziario_settimanale\\\/\"]},{\"@type\":\"Person\",\"@id\":\"https:\\\/\\\/www.ilnotiziario.net\\\/wp\\\/#\\\/schema\\\/person\\\/c902c4c1308705a92d37385bbce84394\",\"name\":\"Manuela Beriozza\",\"image\":{\"@type\":\"ImageObject\",\"inLanguage\":\"it-IT\",\"@id\":\"https:\\\/\\\/secure.gravatar.com\\\/avatar\\\/272ed53352846a57a9f07f89720b22f58373dc9a85fa5b8ff49254ae02b61057?s=96&d=mm&r=g\",\"url\":\"https:\\\/\\\/secure.gravatar.com\\\/avatar\\\/272ed53352846a57a9f07f89720b22f58373dc9a85fa5b8ff49254ae02b61057?s=96&d=mm&r=g\",\"contentUrl\":\"https:\\\/\\\/secure.gravatar.com\\\/avatar\\\/272ed53352846a57a9f07f89720b22f58373dc9a85fa5b8ff49254ae02b61057?s=96&d=mm&r=g\",\"caption\":\"Manuela Beriozza\"}}]}<\/script>\n<!-- \/ Yoast SEO plugin. -->","yoast_head_json":{"title":"Eventi week-end: Celebrazioni per la Festa dell\u2019Unit\u00e0 nazionale e delle Forze Armate - Il Notiziario","description":"Questo week-end, da venerd\u00ec 31 ottobre a domenica 2 novembre 2025, in evidenza la giornata dell\u2019Unit\u00e0 d\u2019Italia e delle Forze Armate.\u00a0 Inoltre, si","robots":{"index":"index","follow":"follow","max-snippet":"max-snippet:-1","max-image-preview":"max-image-preview:large","max-video-preview":"max-video-preview:-1"},"canonical":"https:\/\/www.ilnotiziario.net\/wp\/prima-pagina\/eventi-week-end-celebrazioni-per-la-festa-dellunita-nazionale-e-delle-forze-armate\/","og_locale":"it_IT","og_type":"article","og_title":"Eventi week-end: Celebrazioni per la Festa dell\u2019Unit\u00e0 nazionale e delle Forze Armate - Il Notiziario","og_description":"Questo week-end, da venerd\u00ec 31 ottobre a domenica 2 novembre 2025, in evidenza la giornata dell\u2019Unit\u00e0 d\u2019Italia e delle Forze Armate.\u00a0 Inoltre, si","og_url":"https:\/\/www.ilnotiziario.net\/wp\/prima-pagina\/eventi-week-end-celebrazioni-per-la-festa-dellunita-nazionale-e-delle-forze-armate\/","og_site_name":"Il Notiziario","article_publisher":"https:\/\/www.facebook.com\/ilnotiziarioind\/","article_published_time":"2025-10-31T15:30:53+00:00","article_modified_time":"2025-10-31T15:41:36+00:00","og_image":[{"width":1102,"height":735,"url":"https:\/\/www.ilnotiziario.net\/wp\/wp-content\/uploads\/2025\/10\/frecce-tricolori-italiane.jpg","type":"image\/jpeg"}],"author":"Manuela Beriozza","twitter_card":"summary_large_image","twitter_creator":"@ilNotiziarioInd","twitter_site":"@ilNotiziarioInd","twitter_misc":{"Scritto da":"Manuela Beriozza","Tempo di lettura stimato":"8 minuti"},"schema":{"@context":"https:\/\/schema.org","@graph":[{"@type":"Article","@id":"https:\/\/www.ilnotiziario.net\/wp\/prima-pagina\/eventi-week-end-celebrazioni-per-la-festa-dellunita-nazionale-e-delle-forze-armate\/#article","isPartOf":{"@id":"https:\/\/www.ilnotiziario.net\/wp\/prima-pagina\/eventi-week-end-celebrazioni-per-la-festa-dellunita-nazionale-e-delle-forze-armate\/"},"author":{"name":"Manuela Beriozza","@id":"https:\/\/www.ilnotiziario.net\/wp\/#\/schema\/person\/c902c4c1308705a92d37385bbce84394"},"headline":"Eventi week-end: Celebrazioni per la Festa dell\u2019Unit\u00e0 nazionale e delle Forze Armate","datePublished":"2025-10-31T15:30:53+00:00","dateModified":"2025-10-31T15:41:36+00:00","mainEntityOfPage":{"@id":"https:\/\/www.ilnotiziario.net\/wp\/prima-pagina\/eventi-week-end-celebrazioni-per-la-festa-dellunita-nazionale-e-delle-forze-armate\/"},"wordCount":1307,"publisher":{"@id":"https:\/\/www.ilnotiziario.net\/wp\/#organization"},"image":{"@id":"https:\/\/www.ilnotiziario.net\/wp\/prima-pagina\/eventi-week-end-celebrazioni-per-la-festa-dellunita-nazionale-e-delle-forze-armate\/#primaryimage"},"thumbnailUrl":"https:\/\/www.ilnotiziario.net\/wp\/wp-content\/uploads\/2025\/10\/frecce-tricolori-italiane.jpg","keywords":["celebrazioni 4 novembre","celebrazioni unit\u00e0 nazionale","cosa fare nel week-end","cosa fare sabato e domenica","Eventi week-end"],"articleSection":["APPUNTAMENTI","Prima Pagina"],"inLanguage":"it-IT"},{"@type":"WebPage","@id":"https:\/\/www.ilnotiziario.net\/wp\/prima-pagina\/eventi-week-end-celebrazioni-per-la-festa-dellunita-nazionale-e-delle-forze-armate\/","url":"https:\/\/www.ilnotiziario.net\/wp\/prima-pagina\/eventi-week-end-celebrazioni-per-la-festa-dellunita-nazionale-e-delle-forze-armate\/","name":"Eventi week-end: Celebrazioni per la Festa dell\u2019Unit\u00e0 nazionale e delle Forze Armate - Il Notiziario","isPartOf":{"@id":"https:\/\/www.ilnotiziario.net\/wp\/#website"},"primaryImageOfPage":{"@id":"https:\/\/www.ilnotiziario.net\/wp\/prima-pagina\/eventi-week-end-celebrazioni-per-la-festa-dellunita-nazionale-e-delle-forze-armate\/#primaryimage"},"image":{"@id":"https:\/\/www.ilnotiziario.net\/wp\/prima-pagina\/eventi-week-end-celebrazioni-per-la-festa-dellunita-nazionale-e-delle-forze-armate\/#primaryimage"},"thumbnailUrl":"https:\/\/www.ilnotiziario.net\/wp\/wp-content\/uploads\/2025\/10\/frecce-tricolori-italiane.jpg","datePublished":"2025-10-31T15:30:53+00:00","dateModified":"2025-10-31T15:41:36+00:00","description":"Questo week-end, da venerd\u00ec 31 ottobre a domenica 2 novembre 2025, in evidenza la giornata dell\u2019Unit\u00e0 d\u2019Italia e delle Forze Armate.\u00a0 Inoltre, si","breadcrumb":{"@id":"https:\/\/www.ilnotiziario.net\/wp\/prima-pagina\/eventi-week-end-celebrazioni-per-la-festa-dellunita-nazionale-e-delle-forze-armate\/#breadcrumb"},"inLanguage":"it-IT","potentialAction":[{"@type":"ReadAction","target":["https:\/\/www.ilnotiziario.net\/wp\/prima-pagina\/eventi-week-end-celebrazioni-per-la-festa-dellunita-nazionale-e-delle-forze-armate\/"]}]},{"@type":"ImageObject","inLanguage":"it-IT","@id":"https:\/\/www.ilnotiziario.net\/wp\/prima-pagina\/eventi-week-end-celebrazioni-per-la-festa-dellunita-nazionale-e-delle-forze-armate\/#primaryimage","url":"https:\/\/www.ilnotiziario.net\/wp\/wp-content\/uploads\/2025\/10\/frecce-tricolori-italiane.jpg","contentUrl":"https:\/\/www.ilnotiziario.net\/wp\/wp-content\/uploads\/2025\/10\/frecce-tricolori-italiane.jpg","width":1102,"height":735,"caption":"Designed by Freepik (https:\/\/it.freepik.com\/)"},{"@type":"BreadcrumbList","@id":"https:\/\/www.ilnotiziario.net\/wp\/prima-pagina\/eventi-week-end-celebrazioni-per-la-festa-dellunita-nazionale-e-delle-forze-armate\/#breadcrumb","itemListElement":[{"@type":"ListItem","position":1,"name":"tds_text_logo_tagline_colortds_text_logo_tagline_colortds_text_logo_tagline_colortds_text_logo_tagline_colortd_module_7_title_excerpttd_module_7_title_excerpttd_module_7_title_excerpttd_module_7_title_excerptHome","item":"https:\/\/www.ilnotiziario.net\/wp\/"},{"@type":"ListItem","position":2,"name":"Eventi week-end: Celebrazioni per la Festa dell\u2019Unit\u00e0 nazionale e delle Forze Armate"}]},{"@type":"WebSite","@id":"https:\/\/www.ilnotiziario.net\/wp\/#website","url":"https:\/\/www.ilnotiziario.net\/wp\/","name":"Il Notiziario","description":"Per restare sempre connessi alla notizia","publisher":{"@id":"https:\/\/www.ilnotiziario.net\/wp\/#organization"},"alternateName":"Il Notiziario Bollate","potentialAction":[{"@type":"SearchAction","target":{"@type":"EntryPoint","urlTemplate":"https:\/\/www.ilnotiziario.net\/wp\/?s={search_term_string}"},"query-input":{"@type":"PropertyValueSpecification","valueRequired":true,"valueName":"search_term_string"}}],"inLanguage":"it-IT"},{"@type":"Organization","@id":"https:\/\/www.ilnotiziario.net\/wp\/#organization","name":"Il Notiziario","url":"https:\/\/www.ilnotiziario.net\/wp\/","logo":{"@type":"ImageObject","inLanguage":"it-IT","@id":"https:\/\/www.ilnotiziario.net\/wp\/#\/schema\/logo\/image\/","url":"https:\/\/www.ilnotiziario.net\/wp\/wp-content\/uploads\/2022\/06\/170x170ilN.png","contentUrl":"https:\/\/www.ilnotiziario.net\/wp\/wp-content\/uploads\/2022\/06\/170x170ilN.png","width":355,"height":355,"caption":"Il Notiziario"},"image":{"@id":"https:\/\/www.ilnotiziario.net\/wp\/#\/schema\/logo\/image\/"},"sameAs":["https:\/\/www.facebook.com\/ilnotiziarioind\/","https:\/\/x.com\/ilNotiziarioInd","https:\/\/www.instagram.com\/ilnotiziario_settimanale\/"]},{"@type":"Person","@id":"https:\/\/www.ilnotiziario.net\/wp\/#\/schema\/person\/c902c4c1308705a92d37385bbce84394","name":"Manuela Beriozza","image":{"@type":"ImageObject","inLanguage":"it-IT","@id":"https:\/\/secure.gravatar.com\/avatar\/272ed53352846a57a9f07f89720b22f58373dc9a85fa5b8ff49254ae02b61057?s=96&d=mm&r=g","url":"https:\/\/secure.gravatar.com\/avatar\/272ed53352846a57a9f07f89720b22f58373dc9a85fa5b8ff49254ae02b61057?s=96&d=mm&r=g","contentUrl":"https:\/\/secure.gravatar.com\/avatar\/272ed53352846a57a9f07f89720b22f58373dc9a85fa5b8ff49254ae02b61057?s=96&d=mm&r=g","caption":"Manuela Beriozza"}}]}},"_links":{"self":[{"href":"https:\/\/www.ilnotiziario.net\/wp\/wp-json\/wp\/v2\/posts\/210970","targetHints":{"allow":["GET"]}}],"collection":[{"href":"https:\/\/www.ilnotiziario.net\/wp\/wp-json\/wp\/v2\/posts"}],"about":[{"href":"https:\/\/www.ilnotiziario.net\/wp\/wp-json\/wp\/v2\/types\/post"}],"author":[{"embeddable":true,"href":"https:\/\/www.ilnotiziario.net\/wp\/wp-json\/wp\/v2\/users\/223159"}],"replies":[{"embeddable":true,"href":"https:\/\/www.ilnotiziario.net\/wp\/wp-json\/wp\/v2\/comments?post=210970"}],"version-history":[{"count":0,"href":"https:\/\/www.ilnotiziario.net\/wp\/wp-json\/wp\/v2\/posts\/210970\/revisions"}],"wp:featuredmedia":[{"embeddable":true,"href":"https:\/\/www.ilnotiziario.net\/wp\/wp-json\/wp\/v2\/media\/210973"}],"wp:attachment":[{"href":"https:\/\/www.ilnotiziario.net\/wp\/wp-json\/wp\/v2\/media?parent=210970"}],"wp:term":[{"taxonomy":"category","embeddable":true,"href":"https:\/\/www.ilnotiziario.net\/wp\/wp-json\/wp\/v2\/categories?post=210970"},{"taxonomy":"post_tag","embeddable":true,"href":"https:\/\/www.ilnotiziario.net\/wp\/wp-json\/wp\/v2\/tags?post=210970"}],"curies":[{"name":"wp","href":"https:\/\/api.w.org\/{rel}","templated":true}]}}