{"id":211337,"date":"2025-11-13T09:04:35","date_gmt":"2025-11-13T08:04:35","guid":{"rendered":"https:\/\/www.ilnotiziario.net\/wp\/?p=211337"},"modified":"2025-11-13T21:18:11","modified_gmt":"2025-11-13T20:18:11","slug":"saronno-nel-parco-con-coltello-e-droga-denuncia-e-segnalazione-per-5-ragazzi","status":"publish","type":"post","link":"https:\/\/www.ilnotiziario.net\/wp\/prima-pagina\/saronno-nel-parco-con-coltello-e-droga-denuncia-e-segnalazione-per-5-ragazzi\/","title":{"rendered":"Saronno, nel parco con coltello e droga, denuncia e segnalazione per 5 ragazzi"},"content":{"rendered":"<p>Urla e schiamazzi nel parco pubblico, ma all&#8217;arrivo la Polizia locale trova anche coltello e droga. Nel pomeriggio di marted\u00ec, la polizia locale di Saronno \u00e8 intervenuta nel parco di via Leonardo Da Vinci. La causa era da identificarsi in un gruppo di ragazzi disturbava con urla e schiamazzi.<\/p><div id=\"ilnot-3152881510\" class=\"ilnot-contenuto ilnot-entity-placement\"><p><!-- incontent_1 --><\/p>\n<div class=\"gptslot\" data-adunitid=\"1\"><\/div>\n<\/div>\n<h2>Polizia locale nel parco di via Da Vinci a Saronno, 5 ragazzi controllati, uno denunciato<\/h2>\n<p>L\u2019intervento, avvenuto intorno alle 13, si \u00e8 rivelato pi\u00f9 serio del previsto: tra i cinque giovani fermati, tutti tra i 16 e i 20 anni, uno \u00e8 stato denunciato per possesso di un coltello &#8211; la cui lunghezza della lama \u00e8 stata attestata intorno ai 20 cm circa &#8211; di cui non ha saputo giustificare la provenienza.<\/p>\n<p>Altri due avevano piccoli quantitativi di hashish, sequestrati insieme alla lama, e sono stati segnalati alla Prefettura per uso personale della sostanza.<\/p><div id=\"ilnot-1232125675\" class=\"ilnot-contenuto_2 ilnot-entity-placement\"><div class=\"ads-wrapper\">\n<div class=\"ad-slot\">\n   <div id=\"ilnot-1218354677\" style=\"margin-right: auto;margin-left: auto;text-align: center;width: 320px;height: 100px;\"><a href=\"https:\/\/www.scuolasicurezza.it\/\"><img decoding=\"async\" src=\"https:\/\/www.ilnotiziario.net\/wp\/wp-content\/uploads\/2026\/04\/IlNotiziario_banner-sito-e-newsletter-320-x-100-px-1.gif\" alt=\"\"><\/a><\/div>\n  <\/div>\n<div class=\"ad-slot\">\n   <div id=\"ilnot-2912010038\" style=\"margin-right: auto;margin-left: auto;text-align: center;width: 320px;height: 100px;\"><a href=\"https:\/\/purodesignarredamenti.com\/\"><img decoding=\"async\" src=\"https:\/\/www.ilnotiziario.net\/wp\/wp-content\/uploads\/2026\/04\/banner-puro-ok.gif\" alt=\"whatsapp\"><\/a><\/div><\/p><\/div>\n<\/div>\n<\/div>\n","protected":false},"excerpt":{"rendered":"<p>Urla e schiamazzi nel parco pubblico, ma all&#8217;arrivo la Polizia locale trova anche coltello e droga. Nel pomeriggio di marted\u00ec, la polizia locale di Saronno \u00e8 intervenuta nel parco di via Leonardo Da Vinci. La causa era da identificarsi in un gruppo di ragazzi disturbava con urla e schiamazzi. Polizia locale nel parco di via<\/p>\n","protected":false},"author":3,"featured_media":211340,"comment_status":"closed","ping_status":"closed","sticky":false,"template":"","format":"standard","meta":{"footnotes":""},"categories":[20,14],"tags":[2691,179,56],"class_list":{"0":"post-211337","1":"post","2":"type-post","3":"status-publish","4":"format-standard","5":"has-post-thumbnail","7":"category-prima-pagina","8":"category-saronno","9":"tag-coltello","10":"tag-droga","11":"tag-saronno-2"},"yoast_head":"<!-- This site is optimized with the Yoast SEO plugin v27.4 - https:\/\/yoast.com\/product\/yoast-seo-wordpress\/ -->\n<title>Saronno, nel parco con coltello e droga, denuncia e segnalazione per 5 ragazzi - Il Notiziario<\/title>\n<meta name=\"description\" content=\"Urla e schiamazzi nel parco pubblico, ma all&#039;arrivo la Polizia locale trova anche coltello e droga. Nel pomeriggio di marted\u00ec, la polizia locale di\" \/>\n<meta name=\"robots\" content=\"index, follow, max-snippet:-1, max-image-preview:large, max-video-preview:-1\" \/>\n<link rel=\"canonical\" href=\"https:\/\/www.ilnotiziario.net\/wp\/prima-pagina\/saronno-nel-parco-con-coltello-e-droga-denuncia-e-segnalazione-per-5-ragazzi\/\" \/>\n<meta property=\"og:locale\" content=\"it_IT\" \/>\n<meta property=\"og:type\" content=\"article\" \/>\n<meta property=\"og:title\" content=\"Saronno, nel parco con coltello e droga, denuncia e segnalazione per 5 ragazzi - Il Notiziario\" \/>\n<meta property=\"og:description\" content=\"Urla e schiamazzi nel parco pubblico, ma all&#039;arrivo la Polizia locale trova anche coltello e droga. Nel pomeriggio di marted\u00ec, la polizia locale di\" \/>\n<meta property=\"og:url\" content=\"https:\/\/www.ilnotiziario.net\/wp\/prima-pagina\/saronno-nel-parco-con-coltello-e-droga-denuncia-e-segnalazione-per-5-ragazzi\/\" \/>\n<meta property=\"og:site_name\" content=\"Il Notiziario\" \/>\n<meta property=\"article:publisher\" content=\"https:\/\/www.facebook.com\/ilnotiziarioind\/\" \/>\n<meta property=\"article:published_time\" content=\"2025-11-13T08:04:35+00:00\" \/>\n<meta property=\"article:modified_time\" content=\"2025-11-13T20:18:11+00:00\" \/>\n<meta property=\"og:image\" content=\"https:\/\/www.ilnotiziario.net\/wp\/wp-content\/uploads\/2025\/11\/Polizia-locale-Saronno.jpg\" \/>\n\t<meta property=\"og:image:width\" content=\"720\" \/>\n\t<meta property=\"og:image:height\" content=\"425\" \/>\n\t<meta property=\"og:image:type\" content=\"image\/jpeg\" \/>\n<meta name=\"author\" content=\"Gabriele Bassani\" \/>\n<meta name=\"twitter:card\" content=\"summary_large_image\" \/>\n<meta name=\"twitter:creator\" content=\"@ilNotiziarioInd\" \/>\n<meta name=\"twitter:site\" content=\"@ilNotiziarioInd\" \/>\n<meta name=\"twitter:label1\" content=\"Scritto da\" \/>\n\t<meta name=\"twitter:data1\" content=\"Gabriele Bassani\" \/>\n\t<meta name=\"twitter:label2\" content=\"Tempo di lettura stimato\" \/>\n\t<meta name=\"twitter:data2\" content=\"1 minuto\" \/>\n<script type=\"application\/ld+json\" class=\"yoast-schema-graph\">{\"@context\":\"https:\\\/\\\/schema.org\",\"@graph\":[{\"@type\":\"Article\",\"@id\":\"https:\\\/\\\/www.ilnotiziario.net\\\/wp\\\/prima-pagina\\\/saronno-nel-parco-con-coltello-e-droga-denuncia-e-segnalazione-per-5-ragazzi\\\/#article\",\"isPartOf\":{\"@id\":\"https:\\\/\\\/www.ilnotiziario.net\\\/wp\\\/prima-pagina\\\/saronno-nel-parco-con-coltello-e-droga-denuncia-e-segnalazione-per-5-ragazzi\\\/\"},\"author\":{\"name\":\"Gabriele Bassani\",\"@id\":\"https:\\\/\\\/www.ilnotiziario.net\\\/wp\\\/#\\\/schema\\\/person\\\/386e222908f898bb41c033989482bbf2\"},\"headline\":\"Saronno, nel parco con coltello e droga, denuncia e segnalazione per 5 ragazzi\",\"datePublished\":\"2025-11-13T08:04:35+00:00\",\"dateModified\":\"2025-11-13T20:18:11+00:00\",\"mainEntityOfPage\":{\"@id\":\"https:\\\/\\\/www.ilnotiziario.net\\\/wp\\\/prima-pagina\\\/saronno-nel-parco-con-coltello-e-droga-denuncia-e-segnalazione-per-5-ragazzi\\\/\"},\"wordCount\":148,\"publisher\":{\"@id\":\"https:\\\/\\\/www.ilnotiziario.net\\\/wp\\\/#organization\"},\"image\":{\"@id\":\"https:\\\/\\\/www.ilnotiziario.net\\\/wp\\\/prima-pagina\\\/saronno-nel-parco-con-coltello-e-droga-denuncia-e-segnalazione-per-5-ragazzi\\\/#primaryimage\"},\"thumbnailUrl\":\"https:\\\/\\\/www.ilnotiziario.net\\\/wp\\\/wp-content\\\/uploads\\\/2025\\\/11\\\/Polizia-locale-Saronno.jpg\",\"keywords\":[\"coltello\",\"droga\",\"Saronno\"],\"articleSection\":[\"Prima Pagina\",\"SARONNO\"],\"inLanguage\":\"it-IT\"},{\"@type\":\"WebPage\",\"@id\":\"https:\\\/\\\/www.ilnotiziario.net\\\/wp\\\/prima-pagina\\\/saronno-nel-parco-con-coltello-e-droga-denuncia-e-segnalazione-per-5-ragazzi\\\/\",\"url\":\"https:\\\/\\\/www.ilnotiziario.net\\\/wp\\\/prima-pagina\\\/saronno-nel-parco-con-coltello-e-droga-denuncia-e-segnalazione-per-5-ragazzi\\\/\",\"name\":\"Saronno, nel parco con coltello e droga, denuncia e segnalazione per 5 ragazzi - Il Notiziario\",\"isPartOf\":{\"@id\":\"https:\\\/\\\/www.ilnotiziario.net\\\/wp\\\/#website\"},\"primaryImageOfPage\":{\"@id\":\"https:\\\/\\\/www.ilnotiziario.net\\\/wp\\\/prima-pagina\\\/saronno-nel-parco-con-coltello-e-droga-denuncia-e-segnalazione-per-5-ragazzi\\\/#primaryimage\"},\"image\":{\"@id\":\"https:\\\/\\\/www.ilnotiziario.net\\\/wp\\\/prima-pagina\\\/saronno-nel-parco-con-coltello-e-droga-denuncia-e-segnalazione-per-5-ragazzi\\\/#primaryimage\"},\"thumbnailUrl\":\"https:\\\/\\\/www.ilnotiziario.net\\\/wp\\\/wp-content\\\/uploads\\\/2025\\\/11\\\/Polizia-locale-Saronno.jpg\",\"datePublished\":\"2025-11-13T08:04:35+00:00\",\"dateModified\":\"2025-11-13T20:18:11+00:00\",\"description\":\"Urla e schiamazzi nel parco pubblico, ma all'arrivo la Polizia locale trova anche coltello e droga. Nel pomeriggio di marted\u00ec, la polizia locale di\",\"breadcrumb\":{\"@id\":\"https:\\\/\\\/www.ilnotiziario.net\\\/wp\\\/prima-pagina\\\/saronno-nel-parco-con-coltello-e-droga-denuncia-e-segnalazione-per-5-ragazzi\\\/#breadcrumb\"},\"inLanguage\":\"it-IT\",\"potentialAction\":[{\"@type\":\"ReadAction\",\"target\":[\"https:\\\/\\\/www.ilnotiziario.net\\\/wp\\\/prima-pagina\\\/saronno-nel-parco-con-coltello-e-droga-denuncia-e-segnalazione-per-5-ragazzi\\\/\"]}]},{\"@type\":\"ImageObject\",\"inLanguage\":\"it-IT\",\"@id\":\"https:\\\/\\\/www.ilnotiziario.net\\\/wp\\\/prima-pagina\\\/saronno-nel-parco-con-coltello-e-droga-denuncia-e-segnalazione-per-5-ragazzi\\\/#primaryimage\",\"url\":\"https:\\\/\\\/www.ilnotiziario.net\\\/wp\\\/wp-content\\\/uploads\\\/2025\\\/11\\\/Polizia-locale-Saronno.jpg\",\"contentUrl\":\"https:\\\/\\\/www.ilnotiziario.net\\\/wp\\\/wp-content\\\/uploads\\\/2025\\\/11\\\/Polizia-locale-Saronno.jpg\",\"width\":720,\"height\":425,\"caption\":\"Polizia Saronno Sicurezza\"},{\"@type\":\"BreadcrumbList\",\"@id\":\"https:\\\/\\\/www.ilnotiziario.net\\\/wp\\\/prima-pagina\\\/saronno-nel-parco-con-coltello-e-droga-denuncia-e-segnalazione-per-5-ragazzi\\\/#breadcrumb\",\"itemListElement\":[{\"@type\":\"ListItem\",\"position\":1,\"name\":\"tds_text_logo_tagline_colortds_text_logo_tagline_colortds_text_logo_tagline_colortds_text_logo_tagline_colortd_module_7_title_excerpttd_module_7_title_excerpttd_module_7_title_excerpttd_module_7_title_excerptHome\",\"item\":\"https:\\\/\\\/www.ilnotiziario.net\\\/wp\\\/\"},{\"@type\":\"ListItem\",\"position\":2,\"name\":\"Saronno, nel parco con coltello e droga, denuncia e segnalazione per 5 ragazzi\"}]},{\"@type\":\"WebSite\",\"@id\":\"https:\\\/\\\/www.ilnotiziario.net\\\/wp\\\/#website\",\"url\":\"https:\\\/\\\/www.ilnotiziario.net\\\/wp\\\/\",\"name\":\"Il Notiziario\",\"description\":\"Per restare sempre connessi alla notizia\",\"publisher\":{\"@id\":\"https:\\\/\\\/www.ilnotiziario.net\\\/wp\\\/#organization\"},\"alternateName\":\"Il Notiziario Bollate\",\"potentialAction\":[{\"@type\":\"SearchAction\",\"target\":{\"@type\":\"EntryPoint\",\"urlTemplate\":\"https:\\\/\\\/www.ilnotiziario.net\\\/wp\\\/?s={search_term_string}\"},\"query-input\":{\"@type\":\"PropertyValueSpecification\",\"valueRequired\":true,\"valueName\":\"search_term_string\"}}],\"inLanguage\":\"it-IT\"},{\"@type\":\"Organization\",\"@id\":\"https:\\\/\\\/www.ilnotiziario.net\\\/wp\\\/#organization\",\"name\":\"Il Notiziario\",\"url\":\"https:\\\/\\\/www.ilnotiziario.net\\\/wp\\\/\",\"logo\":{\"@type\":\"ImageObject\",\"inLanguage\":\"it-IT\",\"@id\":\"https:\\\/\\\/www.ilnotiziario.net\\\/wp\\\/#\\\/schema\\\/logo\\\/image\\\/\",\"url\":\"https:\\\/\\\/www.ilnotiziario.net\\\/wp\\\/wp-content\\\/uploads\\\/2022\\\/06\\\/170x170ilN.png\",\"contentUrl\":\"https:\\\/\\\/www.ilnotiziario.net\\\/wp\\\/wp-content\\\/uploads\\\/2022\\\/06\\\/170x170ilN.png\",\"width\":355,\"height\":355,\"caption\":\"Il Notiziario\"},\"image\":{\"@id\":\"https:\\\/\\\/www.ilnotiziario.net\\\/wp\\\/#\\\/schema\\\/logo\\\/image\\\/\"},\"sameAs\":[\"https:\\\/\\\/www.facebook.com\\\/ilnotiziarioind\\\/\",\"https:\\\/\\\/x.com\\\/ilNotiziarioInd\",\"https:\\\/\\\/www.instagram.com\\\/ilnotiziario_settimanale\\\/\"]},{\"@type\":\"Person\",\"@id\":\"https:\\\/\\\/www.ilnotiziario.net\\\/wp\\\/#\\\/schema\\\/person\\\/386e222908f898bb41c033989482bbf2\",\"name\":\"Gabriele Bassani\",\"image\":{\"@type\":\"ImageObject\",\"inLanguage\":\"it-IT\",\"@id\":\"https:\\\/\\\/secure.gravatar.com\\\/avatar\\\/09274f4a84fa97698bde56f84b3afed61c8492d48b0550db9671b68c177479cb?s=96&d=mm&r=g\",\"url\":\"https:\\\/\\\/secure.gravatar.com\\\/avatar\\\/09274f4a84fa97698bde56f84b3afed61c8492d48b0550db9671b68c177479cb?s=96&d=mm&r=g\",\"contentUrl\":\"https:\\\/\\\/secure.gravatar.com\\\/avatar\\\/09274f4a84fa97698bde56f84b3afed61c8492d48b0550db9671b68c177479cb?s=96&d=mm&r=g\",\"caption\":\"Gabriele Bassani\"},\"sameAs\":[\"http:\\\/\\\/www.ilnotiziario.net\"]}]}<\/script>\n<!-- \/ Yoast SEO plugin. -->","yoast_head_json":{"title":"Saronno, nel parco con coltello e droga, denuncia e segnalazione per 5 ragazzi - Il Notiziario","description":"Urla e schiamazzi nel parco pubblico, ma all'arrivo la Polizia locale trova anche coltello e droga. Nel pomeriggio di marted\u00ec, la polizia locale di","robots":{"index":"index","follow":"follow","max-snippet":"max-snippet:-1","max-image-preview":"max-image-preview:large","max-video-preview":"max-video-preview:-1"},"canonical":"https:\/\/www.ilnotiziario.net\/wp\/prima-pagina\/saronno-nel-parco-con-coltello-e-droga-denuncia-e-segnalazione-per-5-ragazzi\/","og_locale":"it_IT","og_type":"article","og_title":"Saronno, nel parco con coltello e droga, denuncia e segnalazione per 5 ragazzi - Il Notiziario","og_description":"Urla e schiamazzi nel parco pubblico, ma all'arrivo la Polizia locale trova anche coltello e droga. Nel pomeriggio di marted\u00ec, la polizia locale di","og_url":"https:\/\/www.ilnotiziario.net\/wp\/prima-pagina\/saronno-nel-parco-con-coltello-e-droga-denuncia-e-segnalazione-per-5-ragazzi\/","og_site_name":"Il Notiziario","article_publisher":"https:\/\/www.facebook.com\/ilnotiziarioind\/","article_published_time":"2025-11-13T08:04:35+00:00","article_modified_time":"2025-11-13T20:18:11+00:00","og_image":[{"width":720,"height":425,"url":"https:\/\/www.ilnotiziario.net\/wp\/wp-content\/uploads\/2025\/11\/Polizia-locale-Saronno.jpg","type":"image\/jpeg"}],"author":"Gabriele Bassani","twitter_card":"summary_large_image","twitter_creator":"@ilNotiziarioInd","twitter_site":"@ilNotiziarioInd","twitter_misc":{"Scritto da":"Gabriele Bassani","Tempo di lettura stimato":"1 minuto"},"schema":{"@context":"https:\/\/schema.org","@graph":[{"@type":"Article","@id":"https:\/\/www.ilnotiziario.net\/wp\/prima-pagina\/saronno-nel-parco-con-coltello-e-droga-denuncia-e-segnalazione-per-5-ragazzi\/#article","isPartOf":{"@id":"https:\/\/www.ilnotiziario.net\/wp\/prima-pagina\/saronno-nel-parco-con-coltello-e-droga-denuncia-e-segnalazione-per-5-ragazzi\/"},"author":{"name":"Gabriele Bassani","@id":"https:\/\/www.ilnotiziario.net\/wp\/#\/schema\/person\/386e222908f898bb41c033989482bbf2"},"headline":"Saronno, nel parco con coltello e droga, denuncia e segnalazione per 5 ragazzi","datePublished":"2025-11-13T08:04:35+00:00","dateModified":"2025-11-13T20:18:11+00:00","mainEntityOfPage":{"@id":"https:\/\/www.ilnotiziario.net\/wp\/prima-pagina\/saronno-nel-parco-con-coltello-e-droga-denuncia-e-segnalazione-per-5-ragazzi\/"},"wordCount":148,"publisher":{"@id":"https:\/\/www.ilnotiziario.net\/wp\/#organization"},"image":{"@id":"https:\/\/www.ilnotiziario.net\/wp\/prima-pagina\/saronno-nel-parco-con-coltello-e-droga-denuncia-e-segnalazione-per-5-ragazzi\/#primaryimage"},"thumbnailUrl":"https:\/\/www.ilnotiziario.net\/wp\/wp-content\/uploads\/2025\/11\/Polizia-locale-Saronno.jpg","keywords":["coltello","droga","Saronno"],"articleSection":["Prima Pagina","SARONNO"],"inLanguage":"it-IT"},{"@type":"WebPage","@id":"https:\/\/www.ilnotiziario.net\/wp\/prima-pagina\/saronno-nel-parco-con-coltello-e-droga-denuncia-e-segnalazione-per-5-ragazzi\/","url":"https:\/\/www.ilnotiziario.net\/wp\/prima-pagina\/saronno-nel-parco-con-coltello-e-droga-denuncia-e-segnalazione-per-5-ragazzi\/","name":"Saronno, nel parco con coltello e droga, denuncia e segnalazione per 5 ragazzi - Il Notiziario","isPartOf":{"@id":"https:\/\/www.ilnotiziario.net\/wp\/#website"},"primaryImageOfPage":{"@id":"https:\/\/www.ilnotiziario.net\/wp\/prima-pagina\/saronno-nel-parco-con-coltello-e-droga-denuncia-e-segnalazione-per-5-ragazzi\/#primaryimage"},"image":{"@id":"https:\/\/www.ilnotiziario.net\/wp\/prima-pagina\/saronno-nel-parco-con-coltello-e-droga-denuncia-e-segnalazione-per-5-ragazzi\/#primaryimage"},"thumbnailUrl":"https:\/\/www.ilnotiziario.net\/wp\/wp-content\/uploads\/2025\/11\/Polizia-locale-Saronno.jpg","datePublished":"2025-11-13T08:04:35+00:00","dateModified":"2025-11-13T20:18:11+00:00","description":"Urla e schiamazzi nel parco pubblico, ma all'arrivo la Polizia locale trova anche coltello e droga. Nel pomeriggio di marted\u00ec, la polizia locale di","breadcrumb":{"@id":"https:\/\/www.ilnotiziario.net\/wp\/prima-pagina\/saronno-nel-parco-con-coltello-e-droga-denuncia-e-segnalazione-per-5-ragazzi\/#breadcrumb"},"inLanguage":"it-IT","potentialAction":[{"@type":"ReadAction","target":["https:\/\/www.ilnotiziario.net\/wp\/prima-pagina\/saronno-nel-parco-con-coltello-e-droga-denuncia-e-segnalazione-per-5-ragazzi\/"]}]},{"@type":"ImageObject","inLanguage":"it-IT","@id":"https:\/\/www.ilnotiziario.net\/wp\/prima-pagina\/saronno-nel-parco-con-coltello-e-droga-denuncia-e-segnalazione-per-5-ragazzi\/#primaryimage","url":"https:\/\/www.ilnotiziario.net\/wp\/wp-content\/uploads\/2025\/11\/Polizia-locale-Saronno.jpg","contentUrl":"https:\/\/www.ilnotiziario.net\/wp\/wp-content\/uploads\/2025\/11\/Polizia-locale-Saronno.jpg","width":720,"height":425,"caption":"Polizia Saronno Sicurezza"},{"@type":"BreadcrumbList","@id":"https:\/\/www.ilnotiziario.net\/wp\/prima-pagina\/saronno-nel-parco-con-coltello-e-droga-denuncia-e-segnalazione-per-5-ragazzi\/#breadcrumb","itemListElement":[{"@type":"ListItem","position":1,"name":"tds_text_logo_tagline_colortds_text_logo_tagline_colortds_text_logo_tagline_colortds_text_logo_tagline_colortd_module_7_title_excerpttd_module_7_title_excerpttd_module_7_title_excerpttd_module_7_title_excerptHome","item":"https:\/\/www.ilnotiziario.net\/wp\/"},{"@type":"ListItem","position":2,"name":"Saronno, nel parco con coltello e droga, denuncia e segnalazione per 5 ragazzi"}]},{"@type":"WebSite","@id":"https:\/\/www.ilnotiziario.net\/wp\/#website","url":"https:\/\/www.ilnotiziario.net\/wp\/","name":"Il Notiziario","description":"Per restare sempre connessi alla notizia","publisher":{"@id":"https:\/\/www.ilnotiziario.net\/wp\/#organization"},"alternateName":"Il Notiziario Bollate","potentialAction":[{"@type":"SearchAction","target":{"@type":"EntryPoint","urlTemplate":"https:\/\/www.ilnotiziario.net\/wp\/?s={search_term_string}"},"query-input":{"@type":"PropertyValueSpecification","valueRequired":true,"valueName":"search_term_string"}}],"inLanguage":"it-IT"},{"@type":"Organization","@id":"https:\/\/www.ilnotiziario.net\/wp\/#organization","name":"Il Notiziario","url":"https:\/\/www.ilnotiziario.net\/wp\/","logo":{"@type":"ImageObject","inLanguage":"it-IT","@id":"https:\/\/www.ilnotiziario.net\/wp\/#\/schema\/logo\/image\/","url":"https:\/\/www.ilnotiziario.net\/wp\/wp-content\/uploads\/2022\/06\/170x170ilN.png","contentUrl":"https:\/\/www.ilnotiziario.net\/wp\/wp-content\/uploads\/2022\/06\/170x170ilN.png","width":355,"height":355,"caption":"Il Notiziario"},"image":{"@id":"https:\/\/www.ilnotiziario.net\/wp\/#\/schema\/logo\/image\/"},"sameAs":["https:\/\/www.facebook.com\/ilnotiziarioind\/","https:\/\/x.com\/ilNotiziarioInd","https:\/\/www.instagram.com\/ilnotiziario_settimanale\/"]},{"@type":"Person","@id":"https:\/\/www.ilnotiziario.net\/wp\/#\/schema\/person\/386e222908f898bb41c033989482bbf2","name":"Gabriele Bassani","image":{"@type":"ImageObject","inLanguage":"it-IT","@id":"https:\/\/secure.gravatar.com\/avatar\/09274f4a84fa97698bde56f84b3afed61c8492d48b0550db9671b68c177479cb?s=96&d=mm&r=g","url":"https:\/\/secure.gravatar.com\/avatar\/09274f4a84fa97698bde56f84b3afed61c8492d48b0550db9671b68c177479cb?s=96&d=mm&r=g","contentUrl":"https:\/\/secure.gravatar.com\/avatar\/09274f4a84fa97698bde56f84b3afed61c8492d48b0550db9671b68c177479cb?s=96&d=mm&r=g","caption":"Gabriele Bassani"},"sameAs":["http:\/\/www.ilnotiziario.net"]}]}},"_links":{"self":[{"href":"https:\/\/www.ilnotiziario.net\/wp\/wp-json\/wp\/v2\/posts\/211337","targetHints":{"allow":["GET"]}}],"collection":[{"href":"https:\/\/www.ilnotiziario.net\/wp\/wp-json\/wp\/v2\/posts"}],"about":[{"href":"https:\/\/www.ilnotiziario.net\/wp\/wp-json\/wp\/v2\/types\/post"}],"author":[{"embeddable":true,"href":"https:\/\/www.ilnotiziario.net\/wp\/wp-json\/wp\/v2\/users\/3"}],"replies":[{"embeddable":true,"href":"https:\/\/www.ilnotiziario.net\/wp\/wp-json\/wp\/v2\/comments?post=211337"}],"version-history":[{"count":0,"href":"https:\/\/www.ilnotiziario.net\/wp\/wp-json\/wp\/v2\/posts\/211337\/revisions"}],"wp:featuredmedia":[{"embeddable":true,"href":"https:\/\/www.ilnotiziario.net\/wp\/wp-json\/wp\/v2\/media\/211340"}],"wp:attachment":[{"href":"https:\/\/www.ilnotiziario.net\/wp\/wp-json\/wp\/v2\/media?parent=211337"}],"wp:term":[{"taxonomy":"category","embeddable":true,"href":"https:\/\/www.ilnotiziario.net\/wp\/wp-json\/wp\/v2\/categories?post=211337"},{"taxonomy":"post_tag","embeddable":true,"href":"https:\/\/www.ilnotiziario.net\/wp\/wp-json\/wp\/v2\/tags?post=211337"}],"curies":[{"name":"wp","href":"https:\/\/api.w.org\/{rel}","templated":true}]}}