{"id":21169,"date":"2017-12-09T11:49:08","date_gmt":"2017-12-09T10:49:08","guid":{"rendered":"http:\/\/www.ilnotiziario.net\/?p=21169"},"modified":"2017-12-09T11:49:08","modified_gmt":"2017-12-09T10:49:08","slug":"natale-in-vista-ecco-i-regali-piu-gettonati-in-lombardia","status":"publish","type":"post","link":"https:\/\/www.ilnotiziario.net\/wp\/buonoasapersi\/natale-in-vista-ecco-i-regali-piu-gettonati-in-lombardia\/","title":{"rendered":"Natale in vista: ecco i regali pi\u00f9 gettonati in Lombardia"},"content":{"rendered":"<p><img fetchpriority=\"high\" decoding=\"async\" class=\"alignnone size-medium wp-image-21171\" src=\"http:\/\/www.ilnotiziario.net\/wp\/wp-content\/uploads\/2017\/12\/theme-christmas-300x200.jpg\" alt=\"\" width=\"300\" height=\"200\"><\/p>\n<p>Natale si avvicina e come tutti gli anni comincia la corsa mai regali.<br \/>\nMa queali saranno i regali preferiti dagli italiani, e nello specifico in Lombardia?<br \/>\nAnche quest\u2019anno eBay ha commissionato a Tns una ricerca sugli usi e costumi degli italiani a Natale, fra cui la previsione di spesa media, i gusti in fatto di regali e varie altre informazioni.<br \/>\nI lombardi prevedono di spendere per i regali di Natale in media 220 \u20ac (9 in pi\u00f9 della media nazionale).<br \/>\nSi stima che i lombardi spenderanno in totale una media di circa 1,4 miliardi di euro e compreranno oltre 55 milioni di regali.<br \/>\nLa fetta maggiore del budget a disposizione sar\u00e0 destinata a figli e partner.<\/p><div id=\"ilnot-3208668525\" class=\"ilnot-contenuto ilnot-entity-placement\"><p><!-- incontent_1 --><\/p>\n<div class=\"gptslot\" data-adunitid=\"1\"><\/div>\n<\/div>\n<p>Saranno i pi\u00f9 generosi in assoluto nei confronti dei figli, per i quali spenderanno in media 224 \u20ac (ben 86 in pi\u00f9 della media nazionale); molto generosi anche nei confronti dei partner, per i quali spenderanno in media 122 \u20ac (27 in pi\u00f9 della media nazionale).<\/p>\n<p>I pi\u00f9 generosi in assoluto anche nei confronti dei nipoti, per cui spenderanno in media 96 \u20ac (27 in pi\u00f9 della media nazionale) e del personale di servizi locali e negozianti di fiducia (43 \u20ac, 21 euro in pi\u00f9 della media nazionale). Un occhio particolare anche per genitori (70 \u20ac in media, 10 in pi\u00f9 rispetto alla media nazionale) e per la famiglia del partner (57 \u20ac, 7 in pi\u00f9 della media nazionale).<br \/>\nFaranno in media circa 9 regali, in linea con la tendenza nazionale.<\/p><div id=\"ilnot-3983764516\" class=\"ilnot-contenuto_2 ilnot-entity-placement\"><div class=\"ads-wrapper\">\n<div class=\"ad-slot\">\n   <div id=\"ilnot-3983685622\" style=\"margin-right: auto;margin-left: auto;text-align: center;width: 320px;height: 100px;\"><a href=\"https:\/\/www.scuolasicurezza.it\/\"><img decoding=\"async\" src=\"https:\/\/www.ilnotiziario.net\/wp\/wp-content\/uploads\/2026\/04\/IlNotiziario_banner-sito-e-newsletter-320-x-100-px-1.gif\" alt=\"\"><\/a><\/div>\n  <\/div>\n<div class=\"ad-slot\">\n   <div id=\"ilnot-1301698744\" style=\"margin-right: auto;margin-left: auto;text-align: center;width: 320px;height: 100px;\"><a href=\"https:\/\/purodesignarredamenti.com\/\"><img decoding=\"async\" src=\"https:\/\/www.ilnotiziario.net\/wp\/wp-content\/uploads\/2026\/04\/banner-puro-ok.gif\" alt=\"whatsapp\"><\/a><\/div><\/p><\/div>\n<\/div>\n<\/div>\n<p>I regali pi\u00f9 apprezzati sono quelli pensati su misura (dal 57%), n\u00e9 costosi, n\u00e9 alla moda e infatti il 19% dei lombardi gradirebbe un regalo a sorpresa che incontri i propri gusti. L\u2019 8% non ha invece particolari esigenzae: sar\u00e0 il pensiero a contare.<\/p>\n<p>Ma ecco i 3 regali pi\u00f9 desiderati in assoluto dai lombardi: i viaggi innanzitutto, seguiti da libri, abbigliamento, scarpe o accessori.<br \/>\nCosa invece proprio i lombardi non gradiranno trovare sotto l&#8217;albero? Per prima cosa al bando i suppellettili per la casa, come statue, vasi, candele. Anche i classici calzini, indumenti intimi e abbigliamento da notte non saranno particolarmente graditi.<br \/>\nIn ultimo: bocciati anche i sex toys,la lingerie os\u00e8 e in generale tutto il materiale per adulti.<br \/>\nSe per quanto riguarda i regali in Lombardia i gusti si discostano un poco da quelli delle altre regioni, lo stesso non accade per la concezione del Natale perfetto.<\/p>\n<p>Anche i lombardi infatti amano trascorrere la vigilia di Natale e il Natale in famiglia, preferendo cene e pranzi fatti in casa piuttosto che al ristorante.: un perfetto Natale tradizionale, dove attorno al tavolo si incontreranno grandi, piccoli e eanziani della famiglia.<\/p><div id=\"ilnot-4099519407\" class=\"ilnot-contenuto_2-2 ilnot-entity-placement\"><div class=\"gptslot\" data-adunitid=\"2\"><\/div>\n<\/div>\n<p>Il lombardi non disdegnano poi un Natale romantico con la persona amata a pari merito con un viaggio in una destinazione esotica.<br \/>\nInfine sono molti gli italiani che approfitteranno delle vacanze natalizie semplicemente per oziare, riposarsi e ricaricare le batteria, magari stando semplicemente in casa a guardare la tv.<\/p>\n","protected":false},"excerpt":{"rendered":"<p>Natale si avvicina e come tutti gli anni comincia la corsa mai regali. Ma queali saranno i regali preferiti dagli italiani, e nello specifico in Lombardia? Anche quest\u2019anno eBay ha commissionato a Tns una ricerca sugli usi e costumi degli italiani a Natale, fra cui la previsione di spesa media, i gusti in fatto di<\/p>\n","protected":false},"author":14,"featured_media":21171,"comment_status":"closed","ping_status":"closed","sticky":false,"template":"","format":"standard","meta":{"footnotes":""},"categories":[4193],"tags":[4455,577,598,4454],"class_list":{"0":"post-21169","1":"post","2":"type-post","3":"status-publish","4":"format-standard","5":"has-post-thumbnail","7":"category-buonoasapersi","8":"tag-idee","9":"tag-lombardia","10":"tag-natale","11":"tag-regali"},"yoast_head":"<!-- This site is optimized with the Yoast SEO plugin v27.4 - https:\/\/yoast.com\/product\/yoast-seo-wordpress\/ -->\n<title>Natale in vista: ecco i regali pi\u00f9 gettonati in Lombardia - Il Notiziario<\/title>\n<meta name=\"description\" content=\"La lista dei regali pi\u00f9 scelti dai residenti in Lombardia, con suggerimenti e curiosit\u00e0 in vista del Natale\" \/>\n<meta name=\"robots\" content=\"index, follow, max-snippet:-1, max-image-preview:large, max-video-preview:-1\" \/>\n<link rel=\"canonical\" href=\"https:\/\/www.ilnotiziario.net\/wp\/buonoasapersi\/natale-in-vista-ecco-i-regali-piu-gettonati-in-lombardia\/\" \/>\n<meta property=\"og:locale\" content=\"it_IT\" \/>\n<meta property=\"og:type\" content=\"article\" \/>\n<meta property=\"og:title\" content=\"Natale in vista: ecco i regali pi\u00f9 gettonati in Lombardia - Il Notiziario\" \/>\n<meta property=\"og:description\" content=\"La lista dei regali pi\u00f9 scelti dai residenti in Lombardia, con suggerimenti e curiosit\u00e0 in vista del Natale\" \/>\n<meta property=\"og:url\" content=\"https:\/\/www.ilnotiziario.net\/wp\/buonoasapersi\/natale-in-vista-ecco-i-regali-piu-gettonati-in-lombardia\/\" \/>\n<meta property=\"og:site_name\" content=\"Il Notiziario\" \/>\n<meta property=\"article:publisher\" content=\"https:\/\/www.facebook.com\/ilnotiziarioind\/\" \/>\n<meta property=\"article:published_time\" content=\"2017-12-09T10:49:08+00:00\" \/>\n<meta property=\"og:image\" content=\"https:\/\/www.ilnotiziario.net\/wp\/wp-content\/uploads\/2017\/12\/theme-christmas-e1512816444258.jpg\" \/>\n\t<meta property=\"og:image:width\" content=\"480\" \/>\n\t<meta property=\"og:image:height\" content=\"320\" \/>\n\t<meta property=\"og:image:type\" content=\"image\/jpeg\" \/>\n<meta name=\"author\" content=\"Silvia Citterio\" \/>\n<meta name=\"twitter:card\" content=\"summary_large_image\" \/>\n<meta name=\"twitter:creator\" content=\"@ilNotiziarioInd\" \/>\n<meta name=\"twitter:site\" content=\"@ilNotiziarioInd\" \/>\n<meta name=\"twitter:label1\" content=\"Scritto da\" \/>\n\t<meta name=\"twitter:data1\" content=\"Silvia Citterio\" \/>\n\t<meta name=\"twitter:label2\" content=\"Tempo di lettura stimato\" \/>\n\t<meta name=\"twitter:data2\" content=\"2 minuti\" \/>\n<script type=\"application\/ld+json\" class=\"yoast-schema-graph\">{\"@context\":\"https:\\\/\\\/schema.org\",\"@graph\":[{\"@type\":\"Article\",\"@id\":\"https:\\\/\\\/www.ilnotiziario.net\\\/wp\\\/buonoasapersi\\\/natale-in-vista-ecco-i-regali-piu-gettonati-in-lombardia\\\/#article\",\"isPartOf\":{\"@id\":\"https:\\\/\\\/www.ilnotiziario.net\\\/wp\\\/buonoasapersi\\\/natale-in-vista-ecco-i-regali-piu-gettonati-in-lombardia\\\/\"},\"author\":{\"name\":\"Silvia Citterio\",\"@id\":\"https:\\\/\\\/www.ilnotiziario.net\\\/wp\\\/#\\\/schema\\\/person\\\/c5bca2edc3d99d29959f04a6126f687b\"},\"headline\":\"Natale in vista: ecco i regali pi\u00f9 gettonati in Lombardia\",\"datePublished\":\"2017-12-09T10:49:08+00:00\",\"mainEntityOfPage\":{\"@id\":\"https:\\\/\\\/www.ilnotiziario.net\\\/wp\\\/buonoasapersi\\\/natale-in-vista-ecco-i-regali-piu-gettonati-in-lombardia\\\/\"},\"wordCount\":472,\"publisher\":{\"@id\":\"https:\\\/\\\/www.ilnotiziario.net\\\/wp\\\/#organization\"},\"image\":{\"@id\":\"https:\\\/\\\/www.ilnotiziario.net\\\/wp\\\/buonoasapersi\\\/natale-in-vista-ecco-i-regali-piu-gettonati-in-lombardia\\\/#primaryimage\"},\"thumbnailUrl\":\"https:\\\/\\\/www.ilnotiziario.net\\\/wp\\\/wp-content\\\/uploads\\\/2017\\\/12\\\/theme-christmas-e1512816444258.jpg\",\"keywords\":[\"idee\",\"Lombardia\",\"Natale\",\"regali\"],\"articleSection\":[\"BUONO A SAPERSI\"],\"inLanguage\":\"it-IT\"},{\"@type\":\"WebPage\",\"@id\":\"https:\\\/\\\/www.ilnotiziario.net\\\/wp\\\/buonoasapersi\\\/natale-in-vista-ecco-i-regali-piu-gettonati-in-lombardia\\\/\",\"url\":\"https:\\\/\\\/www.ilnotiziario.net\\\/wp\\\/buonoasapersi\\\/natale-in-vista-ecco-i-regali-piu-gettonati-in-lombardia\\\/\",\"name\":\"Natale in vista: ecco i regali pi\u00f9 gettonati in Lombardia - Il Notiziario\",\"isPartOf\":{\"@id\":\"https:\\\/\\\/www.ilnotiziario.net\\\/wp\\\/#website\"},\"primaryImageOfPage\":{\"@id\":\"https:\\\/\\\/www.ilnotiziario.net\\\/wp\\\/buonoasapersi\\\/natale-in-vista-ecco-i-regali-piu-gettonati-in-lombardia\\\/#primaryimage\"},\"image\":{\"@id\":\"https:\\\/\\\/www.ilnotiziario.net\\\/wp\\\/buonoasapersi\\\/natale-in-vista-ecco-i-regali-piu-gettonati-in-lombardia\\\/#primaryimage\"},\"thumbnailUrl\":\"https:\\\/\\\/www.ilnotiziario.net\\\/wp\\\/wp-content\\\/uploads\\\/2017\\\/12\\\/theme-christmas-e1512816444258.jpg\",\"datePublished\":\"2017-12-09T10:49:08+00:00\",\"description\":\"La lista dei regali pi\u00f9 scelti dai residenti in Lombardia, con suggerimenti e curiosit\u00e0 in vista del Natale\",\"breadcrumb\":{\"@id\":\"https:\\\/\\\/www.ilnotiziario.net\\\/wp\\\/buonoasapersi\\\/natale-in-vista-ecco-i-regali-piu-gettonati-in-lombardia\\\/#breadcrumb\"},\"inLanguage\":\"it-IT\",\"potentialAction\":[{\"@type\":\"ReadAction\",\"target\":[\"https:\\\/\\\/www.ilnotiziario.net\\\/wp\\\/buonoasapersi\\\/natale-in-vista-ecco-i-regali-piu-gettonati-in-lombardia\\\/\"]}]},{\"@type\":\"ImageObject\",\"inLanguage\":\"it-IT\",\"@id\":\"https:\\\/\\\/www.ilnotiziario.net\\\/wp\\\/buonoasapersi\\\/natale-in-vista-ecco-i-regali-piu-gettonati-in-lombardia\\\/#primaryimage\",\"url\":\"https:\\\/\\\/www.ilnotiziario.net\\\/wp\\\/wp-content\\\/uploads\\\/2017\\\/12\\\/theme-christmas-e1512816444258.jpg\",\"contentUrl\":\"https:\\\/\\\/www.ilnotiziario.net\\\/wp\\\/wp-content\\\/uploads\\\/2017\\\/12\\\/theme-christmas-e1512816444258.jpg\",\"width\":480,\"height\":320,\"caption\":\"Natale regali\"},{\"@type\":\"BreadcrumbList\",\"@id\":\"https:\\\/\\\/www.ilnotiziario.net\\\/wp\\\/buonoasapersi\\\/natale-in-vista-ecco-i-regali-piu-gettonati-in-lombardia\\\/#breadcrumb\",\"itemListElement\":[{\"@type\":\"ListItem\",\"position\":1,\"name\":\"tds_text_logo_tagline_colortds_text_logo_tagline_colortds_text_logo_tagline_colortds_text_logo_tagline_colortd_module_7_title_excerpttd_module_7_title_excerpttd_module_7_title_excerpttd_module_7_title_excerptHome\",\"item\":\"https:\\\/\\\/www.ilnotiziario.net\\\/wp\\\/\"},{\"@type\":\"ListItem\",\"position\":2,\"name\":\"Natale in vista: ecco i regali pi\u00f9 gettonati in Lombardia\"}]},{\"@type\":\"WebSite\",\"@id\":\"https:\\\/\\\/www.ilnotiziario.net\\\/wp\\\/#website\",\"url\":\"https:\\\/\\\/www.ilnotiziario.net\\\/wp\\\/\",\"name\":\"Il Notiziario\",\"description\":\"Per restare sempre connessi alla notizia\",\"publisher\":{\"@id\":\"https:\\\/\\\/www.ilnotiziario.net\\\/wp\\\/#organization\"},\"alternateName\":\"Il Notiziario Bollate\",\"potentialAction\":[{\"@type\":\"SearchAction\",\"target\":{\"@type\":\"EntryPoint\",\"urlTemplate\":\"https:\\\/\\\/www.ilnotiziario.net\\\/wp\\\/?s={search_term_string}\"},\"query-input\":{\"@type\":\"PropertyValueSpecification\",\"valueRequired\":true,\"valueName\":\"search_term_string\"}}],\"inLanguage\":\"it-IT\"},{\"@type\":\"Organization\",\"@id\":\"https:\\\/\\\/www.ilnotiziario.net\\\/wp\\\/#organization\",\"name\":\"Il Notiziario\",\"url\":\"https:\\\/\\\/www.ilnotiziario.net\\\/wp\\\/\",\"logo\":{\"@type\":\"ImageObject\",\"inLanguage\":\"it-IT\",\"@id\":\"https:\\\/\\\/www.ilnotiziario.net\\\/wp\\\/#\\\/schema\\\/logo\\\/image\\\/\",\"url\":\"https:\\\/\\\/www.ilnotiziario.net\\\/wp\\\/wp-content\\\/uploads\\\/2022\\\/06\\\/170x170ilN.png\",\"contentUrl\":\"https:\\\/\\\/www.ilnotiziario.net\\\/wp\\\/wp-content\\\/uploads\\\/2022\\\/06\\\/170x170ilN.png\",\"width\":355,\"height\":355,\"caption\":\"Il Notiziario\"},\"image\":{\"@id\":\"https:\\\/\\\/www.ilnotiziario.net\\\/wp\\\/#\\\/schema\\\/logo\\\/image\\\/\"},\"sameAs\":[\"https:\\\/\\\/www.facebook.com\\\/ilnotiziarioind\\\/\",\"https:\\\/\\\/x.com\\\/ilNotiziarioInd\",\"https:\\\/\\\/www.instagram.com\\\/ilnotiziario_settimanale\\\/\"]},{\"@type\":\"Person\",\"@id\":\"https:\\\/\\\/www.ilnotiziario.net\\\/wp\\\/#\\\/schema\\\/person\\\/c5bca2edc3d99d29959f04a6126f687b\",\"name\":\"Silvia Citterio\",\"image\":{\"@type\":\"ImageObject\",\"inLanguage\":\"it-IT\",\"@id\":\"https:\\\/\\\/secure.gravatar.com\\\/avatar\\\/03eb19c63b944e79a9b5ce53ca5d1ca303edcf368a68721ec3ccaae7f98c5afd?s=96&d=mm&r=g\",\"url\":\"https:\\\/\\\/secure.gravatar.com\\\/avatar\\\/03eb19c63b944e79a9b5ce53ca5d1ca303edcf368a68721ec3ccaae7f98c5afd?s=96&d=mm&r=g\",\"contentUrl\":\"https:\\\/\\\/secure.gravatar.com\\\/avatar\\\/03eb19c63b944e79a9b5ce53ca5d1ca303edcf368a68721ec3ccaae7f98c5afd?s=96&d=mm&r=g\",\"caption\":\"Silvia Citterio\"}}]}<\/script>\n<!-- \/ Yoast SEO plugin. -->","yoast_head_json":{"title":"Natale in vista: ecco i regali pi\u00f9 gettonati in Lombardia - Il Notiziario","description":"La lista dei regali pi\u00f9 scelti dai residenti in Lombardia, con suggerimenti e curiosit\u00e0 in vista del Natale","robots":{"index":"index","follow":"follow","max-snippet":"max-snippet:-1","max-image-preview":"max-image-preview:large","max-video-preview":"max-video-preview:-1"},"canonical":"https:\/\/www.ilnotiziario.net\/wp\/buonoasapersi\/natale-in-vista-ecco-i-regali-piu-gettonati-in-lombardia\/","og_locale":"it_IT","og_type":"article","og_title":"Natale in vista: ecco i regali pi\u00f9 gettonati in Lombardia - Il Notiziario","og_description":"La lista dei regali pi\u00f9 scelti dai residenti in Lombardia, con suggerimenti e curiosit\u00e0 in vista del Natale","og_url":"https:\/\/www.ilnotiziario.net\/wp\/buonoasapersi\/natale-in-vista-ecco-i-regali-piu-gettonati-in-lombardia\/","og_site_name":"Il Notiziario","article_publisher":"https:\/\/www.facebook.com\/ilnotiziarioind\/","article_published_time":"2017-12-09T10:49:08+00:00","og_image":[{"width":480,"height":320,"url":"https:\/\/www.ilnotiziario.net\/wp\/wp-content\/uploads\/2017\/12\/theme-christmas-e1512816444258.jpg","type":"image\/jpeg"}],"author":"Silvia Citterio","twitter_card":"summary_large_image","twitter_creator":"@ilNotiziarioInd","twitter_site":"@ilNotiziarioInd","twitter_misc":{"Scritto da":"Silvia Citterio","Tempo di lettura stimato":"2 minuti"},"schema":{"@context":"https:\/\/schema.org","@graph":[{"@type":"Article","@id":"https:\/\/www.ilnotiziario.net\/wp\/buonoasapersi\/natale-in-vista-ecco-i-regali-piu-gettonati-in-lombardia\/#article","isPartOf":{"@id":"https:\/\/www.ilnotiziario.net\/wp\/buonoasapersi\/natale-in-vista-ecco-i-regali-piu-gettonati-in-lombardia\/"},"author":{"name":"Silvia Citterio","@id":"https:\/\/www.ilnotiziario.net\/wp\/#\/schema\/person\/c5bca2edc3d99d29959f04a6126f687b"},"headline":"Natale in vista: ecco i regali pi\u00f9 gettonati in Lombardia","datePublished":"2017-12-09T10:49:08+00:00","mainEntityOfPage":{"@id":"https:\/\/www.ilnotiziario.net\/wp\/buonoasapersi\/natale-in-vista-ecco-i-regali-piu-gettonati-in-lombardia\/"},"wordCount":472,"publisher":{"@id":"https:\/\/www.ilnotiziario.net\/wp\/#organization"},"image":{"@id":"https:\/\/www.ilnotiziario.net\/wp\/buonoasapersi\/natale-in-vista-ecco-i-regali-piu-gettonati-in-lombardia\/#primaryimage"},"thumbnailUrl":"https:\/\/www.ilnotiziario.net\/wp\/wp-content\/uploads\/2017\/12\/theme-christmas-e1512816444258.jpg","keywords":["idee","Lombardia","Natale","regali"],"articleSection":["BUONO A SAPERSI"],"inLanguage":"it-IT"},{"@type":"WebPage","@id":"https:\/\/www.ilnotiziario.net\/wp\/buonoasapersi\/natale-in-vista-ecco-i-regali-piu-gettonati-in-lombardia\/","url":"https:\/\/www.ilnotiziario.net\/wp\/buonoasapersi\/natale-in-vista-ecco-i-regali-piu-gettonati-in-lombardia\/","name":"Natale in vista: ecco i regali pi\u00f9 gettonati in Lombardia - Il Notiziario","isPartOf":{"@id":"https:\/\/www.ilnotiziario.net\/wp\/#website"},"primaryImageOfPage":{"@id":"https:\/\/www.ilnotiziario.net\/wp\/buonoasapersi\/natale-in-vista-ecco-i-regali-piu-gettonati-in-lombardia\/#primaryimage"},"image":{"@id":"https:\/\/www.ilnotiziario.net\/wp\/buonoasapersi\/natale-in-vista-ecco-i-regali-piu-gettonati-in-lombardia\/#primaryimage"},"thumbnailUrl":"https:\/\/www.ilnotiziario.net\/wp\/wp-content\/uploads\/2017\/12\/theme-christmas-e1512816444258.jpg","datePublished":"2017-12-09T10:49:08+00:00","description":"La lista dei regali pi\u00f9 scelti dai residenti in Lombardia, con suggerimenti e curiosit\u00e0 in vista del Natale","breadcrumb":{"@id":"https:\/\/www.ilnotiziario.net\/wp\/buonoasapersi\/natale-in-vista-ecco-i-regali-piu-gettonati-in-lombardia\/#breadcrumb"},"inLanguage":"it-IT","potentialAction":[{"@type":"ReadAction","target":["https:\/\/www.ilnotiziario.net\/wp\/buonoasapersi\/natale-in-vista-ecco-i-regali-piu-gettonati-in-lombardia\/"]}]},{"@type":"ImageObject","inLanguage":"it-IT","@id":"https:\/\/www.ilnotiziario.net\/wp\/buonoasapersi\/natale-in-vista-ecco-i-regali-piu-gettonati-in-lombardia\/#primaryimage","url":"https:\/\/www.ilnotiziario.net\/wp\/wp-content\/uploads\/2017\/12\/theme-christmas-e1512816444258.jpg","contentUrl":"https:\/\/www.ilnotiziario.net\/wp\/wp-content\/uploads\/2017\/12\/theme-christmas-e1512816444258.jpg","width":480,"height":320,"caption":"Natale regali"},{"@type":"BreadcrumbList","@id":"https:\/\/www.ilnotiziario.net\/wp\/buonoasapersi\/natale-in-vista-ecco-i-regali-piu-gettonati-in-lombardia\/#breadcrumb","itemListElement":[{"@type":"ListItem","position":1,"name":"tds_text_logo_tagline_colortds_text_logo_tagline_colortds_text_logo_tagline_colortds_text_logo_tagline_colortd_module_7_title_excerpttd_module_7_title_excerpttd_module_7_title_excerpttd_module_7_title_excerptHome","item":"https:\/\/www.ilnotiziario.net\/wp\/"},{"@type":"ListItem","position":2,"name":"Natale in vista: ecco i regali pi\u00f9 gettonati in Lombardia"}]},{"@type":"WebSite","@id":"https:\/\/www.ilnotiziario.net\/wp\/#website","url":"https:\/\/www.ilnotiziario.net\/wp\/","name":"Il Notiziario","description":"Per restare sempre connessi alla notizia","publisher":{"@id":"https:\/\/www.ilnotiziario.net\/wp\/#organization"},"alternateName":"Il Notiziario Bollate","potentialAction":[{"@type":"SearchAction","target":{"@type":"EntryPoint","urlTemplate":"https:\/\/www.ilnotiziario.net\/wp\/?s={search_term_string}"},"query-input":{"@type":"PropertyValueSpecification","valueRequired":true,"valueName":"search_term_string"}}],"inLanguage":"it-IT"},{"@type":"Organization","@id":"https:\/\/www.ilnotiziario.net\/wp\/#organization","name":"Il Notiziario","url":"https:\/\/www.ilnotiziario.net\/wp\/","logo":{"@type":"ImageObject","inLanguage":"it-IT","@id":"https:\/\/www.ilnotiziario.net\/wp\/#\/schema\/logo\/image\/","url":"https:\/\/www.ilnotiziario.net\/wp\/wp-content\/uploads\/2022\/06\/170x170ilN.png","contentUrl":"https:\/\/www.ilnotiziario.net\/wp\/wp-content\/uploads\/2022\/06\/170x170ilN.png","width":355,"height":355,"caption":"Il Notiziario"},"image":{"@id":"https:\/\/www.ilnotiziario.net\/wp\/#\/schema\/logo\/image\/"},"sameAs":["https:\/\/www.facebook.com\/ilnotiziarioind\/","https:\/\/x.com\/ilNotiziarioInd","https:\/\/www.instagram.com\/ilnotiziario_settimanale\/"]},{"@type":"Person","@id":"https:\/\/www.ilnotiziario.net\/wp\/#\/schema\/person\/c5bca2edc3d99d29959f04a6126f687b","name":"Silvia Citterio","image":{"@type":"ImageObject","inLanguage":"it-IT","@id":"https:\/\/secure.gravatar.com\/avatar\/03eb19c63b944e79a9b5ce53ca5d1ca303edcf368a68721ec3ccaae7f98c5afd?s=96&d=mm&r=g","url":"https:\/\/secure.gravatar.com\/avatar\/03eb19c63b944e79a9b5ce53ca5d1ca303edcf368a68721ec3ccaae7f98c5afd?s=96&d=mm&r=g","contentUrl":"https:\/\/secure.gravatar.com\/avatar\/03eb19c63b944e79a9b5ce53ca5d1ca303edcf368a68721ec3ccaae7f98c5afd?s=96&d=mm&r=g","caption":"Silvia Citterio"}}]}},"_links":{"self":[{"href":"https:\/\/www.ilnotiziario.net\/wp\/wp-json\/wp\/v2\/posts\/21169","targetHints":{"allow":["GET"]}}],"collection":[{"href":"https:\/\/www.ilnotiziario.net\/wp\/wp-json\/wp\/v2\/posts"}],"about":[{"href":"https:\/\/www.ilnotiziario.net\/wp\/wp-json\/wp\/v2\/types\/post"}],"author":[{"embeddable":true,"href":"https:\/\/www.ilnotiziario.net\/wp\/wp-json\/wp\/v2\/users\/14"}],"replies":[{"embeddable":true,"href":"https:\/\/www.ilnotiziario.net\/wp\/wp-json\/wp\/v2\/comments?post=21169"}],"version-history":[{"count":0,"href":"https:\/\/www.ilnotiziario.net\/wp\/wp-json\/wp\/v2\/posts\/21169\/revisions"}],"wp:featuredmedia":[{"embeddable":true,"href":"https:\/\/www.ilnotiziario.net\/wp\/wp-json\/wp\/v2\/media\/21171"}],"wp:attachment":[{"href":"https:\/\/www.ilnotiziario.net\/wp\/wp-json\/wp\/v2\/media?parent=21169"}],"wp:term":[{"taxonomy":"category","embeddable":true,"href":"https:\/\/www.ilnotiziario.net\/wp\/wp-json\/wp\/v2\/categories?post=21169"},{"taxonomy":"post_tag","embeddable":true,"href":"https:\/\/www.ilnotiziario.net\/wp\/wp-json\/wp\/v2\/tags?post=21169"}],"curies":[{"name":"wp","href":"https:\/\/api.w.org\/{rel}","templated":true}]}}