{"id":212458,"date":"2025-12-19T16:48:53","date_gmt":"2025-12-19T15:48:53","guid":{"rendered":"https:\/\/www.ilnotiziario.net\/wp\/?p=212458"},"modified":"2025-12-19T16:52:05","modified_gmt":"2025-12-19T15:52:05","slug":"eventi-week-end-concerto-gospel-the-time-is-now-a-garbagnate-e-concerto-di-natale-a-senago","status":"publish","type":"post","link":"https:\/\/www.ilnotiziario.net\/wp\/prima-pagina\/eventi-week-end-concerto-gospel-the-time-is-now-a-garbagnate-e-concerto-di-natale-a-senago\/","title":{"rendered":"Eventi week-end: Concerto gospel \u201cThe Time is Now\u201d a Garbagnate e &#8220;Concerto di Natale&#8221; a Senago"},"content":{"rendered":"<p>Questo week-end, dal 19 al 21 dicembre 2025, ormai in prossimit\u00e0 del Natale, sono davvero tante le iniziative. In evidenza soprattutto i concerti di Natale, di musica classica tradizionale ma anche gospel e corali. Ecco di seguito tutte le proposte:<\/p><div id=\"ilnot-1797101042\" class=\"ilnot-contenuto ilnot-entity-placement\"><p><!-- incontent_1 --><\/p>\n<div class=\"gptslot\" data-adunitid=\"1\"><\/div>\n<\/div>\n<h2>CARONNO PERTUSELLA \u2013 \u201cChristmas Academy Concert\u201d:<\/h2>\n<p>Questo venerd\u00ec 19 dicembre, alle 21, il Cinema Teatro di via Adua ospiter\u00e0 il \u201cChristmas Academy Concert\u201d, concerto di Natale dell\u2019Academy Parade Band, promosso dall\u2019Accademia e Corpo Musicale Concordia Santa Cecilia.<\/p>\n<p>La serata sar\u00e0 l\u2019occasione per un momento speciale: il debutto della nuova formazione dei piccoli allievi, gli Academy Parade Band Cadets, diretti dal maestro Giovambattista Loberto. A guidare il concerto sar\u00e0 invece il Maestro Daria Scipioni, che accompagner\u00e0 il pubblico in un viaggio musicale dall\u2019atmosfera natalizia.<\/p><div id=\"ilnot-1888489780\" class=\"ilnot-contenuto_2 ilnot-entity-placement\"><div class=\"ads-wrapper\">\n<div class=\"ad-slot\">\n   <div id=\"ilnot-3733262199\" style=\"margin-right: auto;margin-left: auto;text-align: center;width: 320px;height: 100px;\"><a href=\"https:\/\/www.scuolasicurezza.it\/\"><img decoding=\"async\" src=\"https:\/\/www.ilnotiziario.net\/wp\/wp-content\/uploads\/2026\/04\/IlNotiziario_banner-sito-e-newsletter-320-x-100-px-1.gif\" alt=\"\"><\/a><\/div>\n  <\/div>\n<div class=\"ad-slot\">\n   <div id=\"ilnot-3137645953\" style=\"margin-right: auto;margin-left: auto;text-align: center;width: 320px;height: 100px;\"><a href=\"https:\/\/purodesignarredamenti.com\/\"><img decoding=\"async\" src=\"https:\/\/www.ilnotiziario.net\/wp\/wp-content\/uploads\/2026\/04\/banner-puro-ok.gif\" alt=\"whatsapp\"><\/a><\/div><\/p><\/div>\n<\/div>\n<\/div>\n<h2>ROVELLO PORRO \u2013 &#8220;Babbo Natale in Vespa&#8221;: magia e motori<\/h2>\n<p>Dopo il successo dello scorso anno torna l\u2019evento \u201cBabbo Natale in Vespa\u201d. Alice Giudici insieme al compagno Davide, sabato 20 dicembre alle ore 14.30, trasformano casa loro in un piccolo villaggio di Natale (in via Marchese Pagani 43). \u201cDa diversi anni addobbiamo la nostra casa per il periodo natalizio e dallo scorso anno abbiamo deciso di aprire le porte a bambini.<\/p>\n<p>Potranno cos\u00ec immergersi nell\u2019atmosfera natalizia, gustare una merenda in compagnia e lasciarsi sorprendere da una parata di Babbi Natale su due ruote. Verranno a trovarci vestiti da Babbo Natale i membri del Vespa Club di Caronno Pertusella\u201d ci racconta Alice. Tutto sapientemente illuminato grazie al compagno Davide, che \u00e8 un tecnico luci.<\/p>\n<h2>CISLAGO \u2013 \u201cConcerto di Natale\u201d e spettacolo sul ghiaccio<\/h2>\n<p>Il Natale si accende con due appuntamenti imperdibili. Questo sabato 20 dicembre, alle 21, l\u2019auditorium comunale \u201cL \u2019Angolo dell\u2019Arte\u201d ospiter\u00e0 il tradizionale \u201cConcerto di Natale\u201d del Corpo Musicale Santa Cecilia.<\/p><div id=\"ilnot-3243071902\" class=\"ilnot-contenuto_2-2 ilnot-entity-placement\"><div class=\"gptslot\" data-adunitid=\"2\"><\/div>\n<\/div>\n<p>Domenica 21, alle 15, piazza Enrico Toti diventer\u00e0 un palcoscenico a cielo aperto grazie agli atleti della scuola Ice Emotion, protagonisti di uno spettacolo di pattinaggio artistico che promette emozioni e magia. La pista del ghiaccio \u2013 allestita per le festivit\u00e0 &#8211; si trasformer\u00e0 in un luogo di festa dove grandi e piccoli potranno vivere insieme l\u2019atmosfera natalizia.<\/p>\n<h2>CERIANO LAGHETTO \u2013 Concerto e \u201cAnadin d\u2019or\u201d a teatro<\/h2>\n<p>Il \u201cConcerto di Natale\u201d e l\u2019\u201dAnad\u00ecn d\u2019or\u201d insieme, domenica 21 dicembre, al teatro dell\u2019oratorio. Una serata di grandi emozioni: si esibir\u00e0 il Coro da camera Hebel \u2013 Citt\u00e0 di Saronno e nel corso del concerto ci sar\u00e0 la cerimonia di consegna delle benemerenze civiche e dell\u2019\u201cAnadin d\u2019or\u201d.<\/p>\n<p>Il Coro da Camera Hebel \u2013 Citt\u00e0 di Saronno, fondato nel 2011 e diretto artisticamente da Alessandro Cadario, nasce dall\u2019esperienza del laboratorio corale del Liceo Legnani. Si afferma rapidamente come una delle realt\u00e0 vocali pi\u00f9 apprezzate a livello nazionale. Vincitore di diversi premi \u00e8 protagonista di collaborazioni con grandi protagonisti della scena musicale: da Elisa a Ennio Morricone, da Davide Van de Sfroos, Mika, Andrea Bocelli.<\/p><div id=\"ilnot-3008526181\" class=\"ilnot-contenuto_2-2-2 ilnot-entity-placement\"><div class=\"gptslot\" data-adunitid=\"3\"><\/div>\n<\/div>\n<h3>CERIANO LAGHETTO \u2013 Il Premio \u201cAnadin d\u2019or\u201d<\/h3>\n<p>Per l\u2019occasione, a Ceriano Laghetto, eseguir\u00e0 un repertorio di brani natalizi classici e moderni. L\u2019esecuzione sar\u00e0 intervallata dalla consegna delle benemerenze civiche, il prestigioso premio \u201cAnadin d\u2019or\u201d. Il riconoscimento \u00e8 destinato a persone che con il loro impegno e i risultati raggiunti in diversi campi hanno contribuito a rendere Ceriano un posto migliore e sono motivo d\u2019orgoglio per l\u2019intera comunit\u00e0. L\u2019appuntamento \u00e8 per tutti domenica dalle 20.45, con ingresso gratuito.<\/p>\n<h2>SOLARO \u2013 Concerto a teatro e festa in piazza<\/h2>\n<p>Venerd\u00ec 19 dicembre alle 20.45 al Villaggio Brollo andr\u00e0 in scena il concerto della Schola Cantorum accompagnata dal quartetto Thais. Domenica 21 dicembre in Villa Borromeo, a partire dalle 15 si terr\u00e0 il tradizionale momento di auguri del Comune di Solaro insieme alle realt\u00e0 associative locali. Per tutto il pomeriggio saranno presenti gli stand delle associazioni con l\u2019offerta di prodotti tipici natalizi, lo spazio fotografico con Babbo Natale curato dal gruppo \u201cCogli l\u2019Attimo\u201d e un\u2019area giochi Lego organizzata da InXAut.<\/p>\n<h3>SOLARO \u2013 Concerto a teatro e festa: il programma musicale<\/h3>\n<p>Ricco anche il programma musicale, con gli interventi del corpo musicale Attilio Rucano, del coro La Brughera e del Wind Rose Flute Quartet. Alle 16.30 \u00e8 previsto il concerto \u201cColori ed emozioni del Natale\u201d, con Patrizia Signorelli al pianoforte, Marco Trombetti alle percussioni e Stefano De Marchi alla chitarra. Uno dei momenti pi\u00f9 attesi sar\u00e0 alle 17.30 l\u2019accensione della Luce della Pace, realizzata in collaborazione con Assim e la cooperativa Officina Onlus, alla presenza della Protezione Civile e degli Ecovolontari.<\/p><div id=\"ilnot-4197257436\" class=\"ilnot-contenuto_2-2-2-2 ilnot-entity-placement\"><div class=\"gptslot\" data-adunitid=\"4\"><\/div>\n<\/div>\n<h2>CASSINA NUOVA \u2013 Concerto gospel per accendere il Natale<\/h2>\n<p>La musica gospel torna protagonista a Cassina Nuova grazie all\u2019iniziativa organizzata dal Circolo Acli locale e sostenuta dall\u2019Assessorato alla Cultura e Pace della Citt\u00e0 di Bollate. Sabato 20 dicembre , alle 21, la Chiesa Parrocchiale di Cassina Nuova ospiter\u00e0 il Concerto Gospel di Natale, un appuntamento che unisce comunit\u00e0, musica e spirito natalizio.<\/p>\n<p>A esibirsi sar\u00e0 il coro Blackinwhite, gruppo noto per l\u2019energia e la qualit\u00e0 delle proprie interpretazioni, capace di fondere tradizione gospel e sonorit\u00e0 moderne. Un\u2019occasione ideale per entrare nell\u2019atmosfera delle feste attraverso voci, armonie e brani che celebrano speranza e gioia.<\/p><div id=\"ilnot-2072471501\" class=\"ilnot-contenuto_2-2-2-2-2 ilnot-entity-placement\"><div class=\"gptslot\" data-adunitid=\"5\"><\/div>\n<\/div>\n<h3>CASSINA NUOVA \u2013 Concerto gospel: panettone e vin brul\u00e8 della Pro Loco<\/h3>\n<p>Il concerto \u00e8 reso possibile grazie al contributo dell\u2019Assessorato alla Cultura e Pace e alla partecipazione attiva del Circolo Acli di Cassina Nuova. Al termine della serata, sul sagrato della chiesa, \u00e8 previsto un momento conviviale offerto dalla Pro Loco Bollate, con panettone e vin brul\u00e9 per uno scambio di auguri in un clima di vicinanza e condivisione. L\u2019ingresso \u00e8 gratuito e aperto a tutta la cittadinanza. Un appuntamento pensato per vivere insieme l\u2019attesa del Natale attraverso musica, comunit\u00e0 e parole di pace.<\/p>\n<h2>BARANZATE \u2013 Quartetto in concerto e cinque corali<\/h2>\n<p>Doppio appuntamento con i concerti natalizi in chiesa di vetro Nostra Signora della Misericordia questo fine settimana. Sabato 20 dicembre alle 16.30 si tiene il concerto \u201cO magnum mysterium\u201d del quartetto Astrolabium Recorder Quartet. Domenica 21 dicembre alle ore 20.30, invece, si terr\u00e0 una serata all\u2019insegna dei cori.<\/p>\n<p>Andr\u00e0 infatti in scena sempre in chiesa la rassegna corale \u201cTutti in coro per la pace\u201d che vedr\u00e0 protagonisti i cori Scarlatti Baranzate diretto da Tiziana Tomaciello e San Guglielmo Castellazzo diretto da Caterina Trogu Rohrich. E ancora: Vocisottocasa Baranzate diretto da Demetra Fogazza; Laboratorio armonico Bollate diretto da Graziano De Zen; Corale S. Cecilia Novate diretta da Emanuele Vianelli.<\/p>\n<h2>NOVATE \u2013 La Piva di Natale per le vie della citt\u00e0<\/h2>\n<p>Sabato 20 e domenica 21 dicembre per le vie del centro di Novate potremo goderci l\u2019antico spettacolo della tradizionale Piva Natalizia. Dalle ore 15 alle 18.30 infatti, i musicisti del corpo musicale Santa Cecilia di Novate allieteranno con le loro note lo shopping natalizio dei novatesi.<\/p><div id=\"ilnot-1289748262\" class=\"ilnot-contenuto_2-2-2-2-2-2 ilnot-entity-placement\"><div class=\"gptslot\" data-adunitid=\"6\"><\/div>\n<\/div>\n<h2>PALAZZOLO \u2013 Concerto della Banda &#8220;Natale senza tempo&#8221;<\/h2>\n<p>La Banda Santa Cecilia 1900 invita tutti al concerto &#8220;Natale senza tempo&#8221;, un\u2019occasione per scambiarsi gli auguri a pochi giorni dall\u2019avvio ufficiale delle festivit\u00e0. Quest\u2019anno i bandisti saranno ospitati dal santuario Madonna del Rosario di via Diaz a Palazzolo.<\/p>\n<p>Il concerto di Natale si terr\u00e0 stasera, venerd\u00ec, a partire dalle ore 21. La direzione sar\u00e0 affidata al maestro Enrico Tiso. L\u2019iniziativa \u00e8 promossa da Anbima Milano, dalla comunit\u00e0 pastorale Santi Ambrogio e Martino, e dal Comune.<\/p>\n<h2>LIMBIATE \u2013 Fine settimana di eventi natalizi<\/h2>\n<p>Anche questo week end, dalle 10 alle 19.30 ci saranno iniziative natalizie in centro. Il trenino delle feste sar\u00e0 attivo sia sabato 20 sia domenica 21 dalle 10 alle 12 e dalle 14 alle 18. il servizio \u00e8 gratuito con partenza e arrivo in piazza V Giornate. Sabato pomeriggio verr\u00e0 allestito un gonfiabile natalizio in piazza V Giornate e ci saranno per le vie principali artisti di strada: giocolieri e manipolatori del fuoco oltre ad animazione itinerante in Piazza V Giornate e nei negozi aderenti.<\/p><div id=\"ilnot-2488739778\" class=\"ilnot-contenuto_2-2-2-2-2-2-2 ilnot-entity-placement\"><div class=\"gptslot\" data-adunitid=\"7\"><\/div>\n<\/div>\n<p>Alle 15.30 in biblioteca verr\u00e0 proposta una Narrazione teatrale per i bambini dai 3 agli 8 anni. All\u2019Auditorio della scuola primaria \u201cDon Milani\u201d, ingresso via Rodari, ci sar\u00e0 un Concerto fiabesco di arpe e voci a cura di Mentes in fabula in collaborazione con associazione Zona Zero ed US Kennedy. Domenica 21 nel pomeriggio le manifestazioni si concentreranno nel piazzale dell\u2019oratorio di San Giorgio. Verranno allestiti giochi in legno e mattoncini giganti e sar\u00e0 organizzato un Family Show.<\/p>\n<h2>SENAGO \u2013 &#8220;Concerto di Natale&#8221; e &#8220;Premio Bont\u00e0&#8221;<\/h2>\n<p>Sar\u00e0 sabato 20 dicembre il Concerto di Natale organizzato dalla Comunit\u00e0 Pastorale San Paolo in collaborazione con Coro Alpino Lombardo e Pro Loco. Nel salone polifunzionale dell\u2019Oratorio si esibiranno il Coretto dei Piccoli Cantori diretto da Giulia Aceti e Aurora Angella.<\/p>\n<p>E ancora: il Coro Parrocchiale diretto da Marina Martinelli, l\u2019Alleluia Friends diretto da Ivan Kravchuk, il Coro Santa Rita diretto da Marco Cazzaniga e il Coro Alpino Lombardo diretto da Raffaele Ceriani. Durante la serata ci sar\u00e0 anche il tradizionale conferimento del &#8220;Premio Bont\u00e0&#8221; per l\u2019edizione 2025. L\u2019appuntamento \u00e8 alle 20.45 in via Repubblica.<\/p><div id=\"ilnot-1460697813\" class=\"ilnot-contenuto_2-2-2-2-2-2-2-2 ilnot-entity-placement\"><div class=\"gptslot\" data-adunitid=\"8\"><\/div>\n<\/div>\n<h2>GARBAGNATE \u2013 Gospel \u201cThe Time is Now\u201d e corale<\/h2>\n<p>Oggi, venerd\u00ec 19 dicembre, alle 20.30 il Santuario della Beata Vergine del Rosario ospita \u201cThe Time is Now\u201d, il concerto Gospel e Spiritual dei The Golden Guys, diretti dal maestro Paola Milzani, in collaborazione con la Comunit\u00e0 Pastorale Santa Croce. Sabato 20 dicembre alle 18.30 le vie di Bariana si riempiranno di musica grazie al tour di canti natalizi della corale \u201cPregaCantando\u201d.<\/p>\n<p>Sempre dal 20 dicembre, fino al 6 gennaio, la Basilica dei Santi Eusebio e Maccabei accoglier\u00e0 l\u2019Esposizione di Presepi organizzata da \u201cLa Piazza Incontri Culturali\u201d. Una tradizione molto attesa, che richiama ogni anno appassionati e famiglie.<\/p>\n<h2>ARESE \u2013 Concerto della filarmonica \u201cG. Verdi\u201d<\/h2>\n<p>\u201cNote di festa\u201d con la filarmonica \u201cG. Verdi\u201d. Il concerto, diretto dal maestro Mario Cavallaro, \u00e8 in cartellone stasera, venerd\u00ec 19, alle 21, all\u2019Agor\u00e0 (via Monviso 7). La serata si arricchir\u00e0 della partecipazione degli allievi della scuola bandistica sotto la guida del maestro Diego Lambertini. Un\u2019occasione unica per sostenere e applaudire l\u2019eccellenza musicale del territorio.<\/p>\n<h2>ARESE \u2013 Sabato e domenica Natale green al Giada<\/h2>\n<p>Al Giada per vivere le feste in modo diverso. La manifestazione propone per domani, sabato 20 alle 16, coro gospel a cura di \u201cIsola delle note\u201d e concorso per bambini \u201cCostruiamo tutti insieme un mondo green\u201d.<\/p><div id=\"ilnot-1850993655\" class=\"ilnot-contenuto_2-2-2-2-2-2-2-2-2 ilnot-entity-placement\"><div class=\"gptslot\" data-adunitid=\"9\"><\/div>\n<\/div>\n<p>Domenica 21, alle 11, asta di beneficienza \u201cTutti insieme con il Drago\u201d in collaborazione con l\u2019associazione \u201cDavide il Drago\u201d, Associazione Nazaret, Avis, Gruppo Alpini, Altromercato.<\/p>\n<p>Per tutto il mese di dicembre \u00e8 in funzione la pista del ghiaccio, giostrine varie, cioccolata calda. E da questo sabato anche la pista di automobiline. L\u2019evento \u00e8 a cura di \u201cPiazza del Giada viale dei Platani Arese\u201d con il patrocinio del Comune.<\/p>\n","protected":false},"excerpt":{"rendered":"<p>Questo week-end, dal 19 al 21 dicembre 2025, ormai in prossimit\u00e0 del Natale, sono davvero tante le iniziative. In evidenza soprattutto i concerti di Natale, di musica classica tradizionale ma anche gospel e corali. Ecco di seguito tutte le proposte: CARONNO PERTUSELLA \u2013 \u201cChristmas Academy Concert\u201d: Questo venerd\u00ec 19 dicembre, alle 21, il Cinema Teatro<\/p>\n","protected":false},"author":223159,"featured_media":176142,"comment_status":"closed","ping_status":"closed","sticky":false,"template":"","format":"standard","meta":{"footnotes":""},"categories":[277,20],"tags":[16237,18431,16185],"class_list":{"0":"post-212458","1":"post","2":"type-post","3":"status-publish","4":"format-standard","5":"has-post-thumbnail","7":"category-appuntamenti-della-settimana","8":"category-prima-pagina","9":"tag-cosa-fare-sabato-e-domenica","10":"tag-eventi-nataliizi","11":"tag-eventi-week-end"},"yoast_head":"<!-- This site is optimized with the Yoast SEO plugin v27.5 - https:\/\/yoast.com\/product\/yoast-seo-wordpress\/ -->\n<title>Eventi week-end: Concerto gospel \u201cThe Time is Now\u201d a Garbagnate e &quot;Concerto di Natale&quot; a Senago - Il Notiziario<\/title>\n<meta name=\"description\" content=\"Questo week-end, dal 19 al 21 dicembre 2025, ormai in prossimit\u00e0 del Natale, sono davvero tante le iniziative. In evidenza soprattutto i concerti di\" \/>\n<meta name=\"robots\" content=\"index, follow, max-snippet:-1, max-image-preview:large, max-video-preview:-1\" \/>\n<link rel=\"canonical\" href=\"https:\/\/www.ilnotiziario.net\/wp\/prima-pagina\/eventi-week-end-concerto-gospel-the-time-is-now-a-garbagnate-e-concerto-di-natale-a-senago\/\" \/>\n<meta property=\"og:locale\" content=\"it_IT\" \/>\n<meta property=\"og:type\" content=\"article\" \/>\n<meta property=\"og:title\" content=\"Eventi week-end: Concerto gospel \u201cThe Time is Now\u201d a Garbagnate e &quot;Concerto di Natale&quot; a Senago - Il Notiziario\" \/>\n<meta property=\"og:description\" content=\"Questo week-end, dal 19 al 21 dicembre 2025, ormai in prossimit\u00e0 del Natale, sono davvero tante le iniziative. In evidenza soprattutto i concerti di\" \/>\n<meta property=\"og:url\" content=\"https:\/\/www.ilnotiziario.net\/wp\/prima-pagina\/eventi-week-end-concerto-gospel-the-time-is-now-a-garbagnate-e-concerto-di-natale-a-senago\/\" \/>\n<meta property=\"og:site_name\" content=\"Il Notiziario\" \/>\n<meta property=\"article:publisher\" content=\"https:\/\/www.facebook.com\/ilnotiziarioind\/\" \/>\n<meta property=\"article:published_time\" content=\"2025-12-19T15:48:53+00:00\" \/>\n<meta property=\"article:modified_time\" content=\"2025-12-19T15:52:05+00:00\" \/>\n<meta property=\"og:image\" content=\"https:\/\/www.ilnotiziario.net\/wp\/wp-content\/uploads\/2023\/01\/saronno-Concerto-dellEpifania.jpg\" \/>\n\t<meta property=\"og:image:width\" content=\"634\" \/>\n\t<meta property=\"og:image:height\" content=\"276\" \/>\n\t<meta property=\"og:image:type\" content=\"image\/jpeg\" \/>\n<meta name=\"author\" content=\"Manuela Beriozza\" \/>\n<meta name=\"twitter:card\" content=\"summary_large_image\" \/>\n<meta name=\"twitter:creator\" content=\"@ilNotiziarioInd\" \/>\n<meta name=\"twitter:site\" content=\"@ilNotiziarioInd\" \/>\n<meta name=\"twitter:label1\" content=\"Scritto da\" \/>\n\t<meta name=\"twitter:data1\" content=\"Manuela Beriozza\" \/>\n\t<meta name=\"twitter:label2\" content=\"Tempo di lettura stimato\" \/>\n\t<meta name=\"twitter:data2\" content=\"10 minuti\" \/>\n<script type=\"application\/ld+json\" class=\"yoast-schema-graph\">{\"@context\":\"https:\\\/\\\/schema.org\",\"@graph\":[{\"@type\":\"Article\",\"@id\":\"https:\\\/\\\/www.ilnotiziario.net\\\/wp\\\/prima-pagina\\\/eventi-week-end-concerto-gospel-the-time-is-now-a-garbagnate-e-concerto-di-natale-a-senago\\\/#article\",\"isPartOf\":{\"@id\":\"https:\\\/\\\/www.ilnotiziario.net\\\/wp\\\/prima-pagina\\\/eventi-week-end-concerto-gospel-the-time-is-now-a-garbagnate-e-concerto-di-natale-a-senago\\\/\"},\"author\":{\"name\":\"Manuela Beriozza\",\"@id\":\"https:\\\/\\\/www.ilnotiziario.net\\\/wp\\\/#\\\/schema\\\/person\\\/c902c4c1308705a92d37385bbce84394\"},\"headline\":\"Eventi week-end: Concerto gospel \u201cThe Time is Now\u201d a Garbagnate e &#8220;Concerto di Natale&#8221; a Senago\",\"datePublished\":\"2025-12-19T15:48:53+00:00\",\"dateModified\":\"2025-12-19T15:52:05+00:00\",\"mainEntityOfPage\":{\"@id\":\"https:\\\/\\\/www.ilnotiziario.net\\\/wp\\\/prima-pagina\\\/eventi-week-end-concerto-gospel-the-time-is-now-a-garbagnate-e-concerto-di-natale-a-senago\\\/\"},\"wordCount\":1705,\"publisher\":{\"@id\":\"https:\\\/\\\/www.ilnotiziario.net\\\/wp\\\/#organization\"},\"image\":{\"@id\":\"https:\\\/\\\/www.ilnotiziario.net\\\/wp\\\/prima-pagina\\\/eventi-week-end-concerto-gospel-the-time-is-now-a-garbagnate-e-concerto-di-natale-a-senago\\\/#primaryimage\"},\"thumbnailUrl\":\"https:\\\/\\\/www.ilnotiziario.net\\\/wp\\\/wp-content\\\/uploads\\\/2023\\\/01\\\/saronno-Concerto-dellEpifania.jpg\",\"keywords\":[\"cosa fare sabato e domenica\",\"eventi nataliizi\",\"Eventi week-end\"],\"articleSection\":[\"APPUNTAMENTI\",\"Prima Pagina\"],\"inLanguage\":\"it-IT\"},{\"@type\":\"WebPage\",\"@id\":\"https:\\\/\\\/www.ilnotiziario.net\\\/wp\\\/prima-pagina\\\/eventi-week-end-concerto-gospel-the-time-is-now-a-garbagnate-e-concerto-di-natale-a-senago\\\/\",\"url\":\"https:\\\/\\\/www.ilnotiziario.net\\\/wp\\\/prima-pagina\\\/eventi-week-end-concerto-gospel-the-time-is-now-a-garbagnate-e-concerto-di-natale-a-senago\\\/\",\"name\":\"Eventi week-end: Concerto gospel \u201cThe Time is Now\u201d a Garbagnate e \\\"Concerto di Natale\\\" a Senago - Il Notiziario\",\"isPartOf\":{\"@id\":\"https:\\\/\\\/www.ilnotiziario.net\\\/wp\\\/#website\"},\"primaryImageOfPage\":{\"@id\":\"https:\\\/\\\/www.ilnotiziario.net\\\/wp\\\/prima-pagina\\\/eventi-week-end-concerto-gospel-the-time-is-now-a-garbagnate-e-concerto-di-natale-a-senago\\\/#primaryimage\"},\"image\":{\"@id\":\"https:\\\/\\\/www.ilnotiziario.net\\\/wp\\\/prima-pagina\\\/eventi-week-end-concerto-gospel-the-time-is-now-a-garbagnate-e-concerto-di-natale-a-senago\\\/#primaryimage\"},\"thumbnailUrl\":\"https:\\\/\\\/www.ilnotiziario.net\\\/wp\\\/wp-content\\\/uploads\\\/2023\\\/01\\\/saronno-Concerto-dellEpifania.jpg\",\"datePublished\":\"2025-12-19T15:48:53+00:00\",\"dateModified\":\"2025-12-19T15:52:05+00:00\",\"description\":\"Questo week-end, dal 19 al 21 dicembre 2025, ormai in prossimit\u00e0 del Natale, sono davvero tante le iniziative. In evidenza soprattutto i concerti di\",\"breadcrumb\":{\"@id\":\"https:\\\/\\\/www.ilnotiziario.net\\\/wp\\\/prima-pagina\\\/eventi-week-end-concerto-gospel-the-time-is-now-a-garbagnate-e-concerto-di-natale-a-senago\\\/#breadcrumb\"},\"inLanguage\":\"it-IT\",\"potentialAction\":[{\"@type\":\"ReadAction\",\"target\":[\"https:\\\/\\\/www.ilnotiziario.net\\\/wp\\\/prima-pagina\\\/eventi-week-end-concerto-gospel-the-time-is-now-a-garbagnate-e-concerto-di-natale-a-senago\\\/\"]}]},{\"@type\":\"ImageObject\",\"inLanguage\":\"it-IT\",\"@id\":\"https:\\\/\\\/www.ilnotiziario.net\\\/wp\\\/prima-pagina\\\/eventi-week-end-concerto-gospel-the-time-is-now-a-garbagnate-e-concerto-di-natale-a-senago\\\/#primaryimage\",\"url\":\"https:\\\/\\\/www.ilnotiziario.net\\\/wp\\\/wp-content\\\/uploads\\\/2023\\\/01\\\/saronno-Concerto-dellEpifania.jpg\",\"contentUrl\":\"https:\\\/\\\/www.ilnotiziario.net\\\/wp\\\/wp-content\\\/uploads\\\/2023\\\/01\\\/saronno-Concerto-dellEpifania.jpg\",\"width\":634,\"height\":276,\"caption\":\"Un concerto a Saronno\"},{\"@type\":\"BreadcrumbList\",\"@id\":\"https:\\\/\\\/www.ilnotiziario.net\\\/wp\\\/prima-pagina\\\/eventi-week-end-concerto-gospel-the-time-is-now-a-garbagnate-e-concerto-di-natale-a-senago\\\/#breadcrumb\",\"itemListElement\":[{\"@type\":\"ListItem\",\"position\":1,\"name\":\"tds_text_logo_tagline_colortds_text_logo_tagline_colortds_text_logo_tagline_colortds_text_logo_tagline_colortd_module_7_title_excerpttd_module_7_title_excerpttd_module_7_title_excerpttd_module_7_title_excerptHome\",\"item\":\"https:\\\/\\\/www.ilnotiziario.net\\\/wp\\\/\"},{\"@type\":\"ListItem\",\"position\":2,\"name\":\"Eventi week-end: Concerto gospel \u201cThe Time is Now\u201d a Garbagnate e &#8220;Concerto di Natale&#8221; a Senago\"}]},{\"@type\":\"WebSite\",\"@id\":\"https:\\\/\\\/www.ilnotiziario.net\\\/wp\\\/#website\",\"url\":\"https:\\\/\\\/www.ilnotiziario.net\\\/wp\\\/\",\"name\":\"Il Notiziario\",\"description\":\"Per restare sempre connessi alla notizia\",\"publisher\":{\"@id\":\"https:\\\/\\\/www.ilnotiziario.net\\\/wp\\\/#organization\"},\"alternateName\":\"Il Notiziario Bollate\",\"potentialAction\":[{\"@type\":\"SearchAction\",\"target\":{\"@type\":\"EntryPoint\",\"urlTemplate\":\"https:\\\/\\\/www.ilnotiziario.net\\\/wp\\\/?s={search_term_string}\"},\"query-input\":{\"@type\":\"PropertyValueSpecification\",\"valueRequired\":true,\"valueName\":\"search_term_string\"}}],\"inLanguage\":\"it-IT\"},{\"@type\":\"Organization\",\"@id\":\"https:\\\/\\\/www.ilnotiziario.net\\\/wp\\\/#organization\",\"name\":\"Il Notiziario\",\"url\":\"https:\\\/\\\/www.ilnotiziario.net\\\/wp\\\/\",\"logo\":{\"@type\":\"ImageObject\",\"inLanguage\":\"it-IT\",\"@id\":\"https:\\\/\\\/www.ilnotiziario.net\\\/wp\\\/#\\\/schema\\\/logo\\\/image\\\/\",\"url\":\"https:\\\/\\\/www.ilnotiziario.net\\\/wp\\\/wp-content\\\/uploads\\\/2022\\\/06\\\/170x170ilN.png\",\"contentUrl\":\"https:\\\/\\\/www.ilnotiziario.net\\\/wp\\\/wp-content\\\/uploads\\\/2022\\\/06\\\/170x170ilN.png\",\"width\":355,\"height\":355,\"caption\":\"Il Notiziario\"},\"image\":{\"@id\":\"https:\\\/\\\/www.ilnotiziario.net\\\/wp\\\/#\\\/schema\\\/logo\\\/image\\\/\"},\"sameAs\":[\"https:\\\/\\\/www.facebook.com\\\/ilnotiziarioind\\\/\",\"https:\\\/\\\/x.com\\\/ilNotiziarioInd\",\"https:\\\/\\\/www.instagram.com\\\/ilnotiziario_settimanale\\\/\"]},{\"@type\":\"Person\",\"@id\":\"https:\\\/\\\/www.ilnotiziario.net\\\/wp\\\/#\\\/schema\\\/person\\\/c902c4c1308705a92d37385bbce84394\",\"name\":\"Manuela Beriozza\",\"image\":{\"@type\":\"ImageObject\",\"inLanguage\":\"it-IT\",\"@id\":\"https:\\\/\\\/secure.gravatar.com\\\/avatar\\\/272ed53352846a57a9f07f89720b22f58373dc9a85fa5b8ff49254ae02b61057?s=96&d=mm&r=g\",\"url\":\"https:\\\/\\\/secure.gravatar.com\\\/avatar\\\/272ed53352846a57a9f07f89720b22f58373dc9a85fa5b8ff49254ae02b61057?s=96&d=mm&r=g\",\"contentUrl\":\"https:\\\/\\\/secure.gravatar.com\\\/avatar\\\/272ed53352846a57a9f07f89720b22f58373dc9a85fa5b8ff49254ae02b61057?s=96&d=mm&r=g\",\"caption\":\"Manuela Beriozza\"}}]}<\/script>\n<!-- \/ Yoast SEO plugin. -->","yoast_head_json":{"title":"Eventi week-end: Concerto gospel \u201cThe Time is Now\u201d a Garbagnate e \"Concerto di Natale\" a Senago - Il Notiziario","description":"Questo week-end, dal 19 al 21 dicembre 2025, ormai in prossimit\u00e0 del Natale, sono davvero tante le iniziative. In evidenza soprattutto i concerti di","robots":{"index":"index","follow":"follow","max-snippet":"max-snippet:-1","max-image-preview":"max-image-preview:large","max-video-preview":"max-video-preview:-1"},"canonical":"https:\/\/www.ilnotiziario.net\/wp\/prima-pagina\/eventi-week-end-concerto-gospel-the-time-is-now-a-garbagnate-e-concerto-di-natale-a-senago\/","og_locale":"it_IT","og_type":"article","og_title":"Eventi week-end: Concerto gospel \u201cThe Time is Now\u201d a Garbagnate e \"Concerto di Natale\" a Senago - Il Notiziario","og_description":"Questo week-end, dal 19 al 21 dicembre 2025, ormai in prossimit\u00e0 del Natale, sono davvero tante le iniziative. In evidenza soprattutto i concerti di","og_url":"https:\/\/www.ilnotiziario.net\/wp\/prima-pagina\/eventi-week-end-concerto-gospel-the-time-is-now-a-garbagnate-e-concerto-di-natale-a-senago\/","og_site_name":"Il Notiziario","article_publisher":"https:\/\/www.facebook.com\/ilnotiziarioind\/","article_published_time":"2025-12-19T15:48:53+00:00","article_modified_time":"2025-12-19T15:52:05+00:00","og_image":[{"width":634,"height":276,"url":"https:\/\/www.ilnotiziario.net\/wp\/wp-content\/uploads\/2023\/01\/saronno-Concerto-dellEpifania.jpg","type":"image\/jpeg"}],"author":"Manuela Beriozza","twitter_card":"summary_large_image","twitter_creator":"@ilNotiziarioInd","twitter_site":"@ilNotiziarioInd","twitter_misc":{"Scritto da":"Manuela Beriozza","Tempo di lettura stimato":"10 minuti"},"schema":{"@context":"https:\/\/schema.org","@graph":[{"@type":"Article","@id":"https:\/\/www.ilnotiziario.net\/wp\/prima-pagina\/eventi-week-end-concerto-gospel-the-time-is-now-a-garbagnate-e-concerto-di-natale-a-senago\/#article","isPartOf":{"@id":"https:\/\/www.ilnotiziario.net\/wp\/prima-pagina\/eventi-week-end-concerto-gospel-the-time-is-now-a-garbagnate-e-concerto-di-natale-a-senago\/"},"author":{"name":"Manuela Beriozza","@id":"https:\/\/www.ilnotiziario.net\/wp\/#\/schema\/person\/c902c4c1308705a92d37385bbce84394"},"headline":"Eventi week-end: Concerto gospel \u201cThe Time is Now\u201d a Garbagnate e &#8220;Concerto di Natale&#8221; a Senago","datePublished":"2025-12-19T15:48:53+00:00","dateModified":"2025-12-19T15:52:05+00:00","mainEntityOfPage":{"@id":"https:\/\/www.ilnotiziario.net\/wp\/prima-pagina\/eventi-week-end-concerto-gospel-the-time-is-now-a-garbagnate-e-concerto-di-natale-a-senago\/"},"wordCount":1705,"publisher":{"@id":"https:\/\/www.ilnotiziario.net\/wp\/#organization"},"image":{"@id":"https:\/\/www.ilnotiziario.net\/wp\/prima-pagina\/eventi-week-end-concerto-gospel-the-time-is-now-a-garbagnate-e-concerto-di-natale-a-senago\/#primaryimage"},"thumbnailUrl":"https:\/\/www.ilnotiziario.net\/wp\/wp-content\/uploads\/2023\/01\/saronno-Concerto-dellEpifania.jpg","keywords":["cosa fare sabato e domenica","eventi nataliizi","Eventi week-end"],"articleSection":["APPUNTAMENTI","Prima Pagina"],"inLanguage":"it-IT"},{"@type":"WebPage","@id":"https:\/\/www.ilnotiziario.net\/wp\/prima-pagina\/eventi-week-end-concerto-gospel-the-time-is-now-a-garbagnate-e-concerto-di-natale-a-senago\/","url":"https:\/\/www.ilnotiziario.net\/wp\/prima-pagina\/eventi-week-end-concerto-gospel-the-time-is-now-a-garbagnate-e-concerto-di-natale-a-senago\/","name":"Eventi week-end: Concerto gospel \u201cThe Time is Now\u201d a Garbagnate e \"Concerto di Natale\" a Senago - Il Notiziario","isPartOf":{"@id":"https:\/\/www.ilnotiziario.net\/wp\/#website"},"primaryImageOfPage":{"@id":"https:\/\/www.ilnotiziario.net\/wp\/prima-pagina\/eventi-week-end-concerto-gospel-the-time-is-now-a-garbagnate-e-concerto-di-natale-a-senago\/#primaryimage"},"image":{"@id":"https:\/\/www.ilnotiziario.net\/wp\/prima-pagina\/eventi-week-end-concerto-gospel-the-time-is-now-a-garbagnate-e-concerto-di-natale-a-senago\/#primaryimage"},"thumbnailUrl":"https:\/\/www.ilnotiziario.net\/wp\/wp-content\/uploads\/2023\/01\/saronno-Concerto-dellEpifania.jpg","datePublished":"2025-12-19T15:48:53+00:00","dateModified":"2025-12-19T15:52:05+00:00","description":"Questo week-end, dal 19 al 21 dicembre 2025, ormai in prossimit\u00e0 del Natale, sono davvero tante le iniziative. In evidenza soprattutto i concerti di","breadcrumb":{"@id":"https:\/\/www.ilnotiziario.net\/wp\/prima-pagina\/eventi-week-end-concerto-gospel-the-time-is-now-a-garbagnate-e-concerto-di-natale-a-senago\/#breadcrumb"},"inLanguage":"it-IT","potentialAction":[{"@type":"ReadAction","target":["https:\/\/www.ilnotiziario.net\/wp\/prima-pagina\/eventi-week-end-concerto-gospel-the-time-is-now-a-garbagnate-e-concerto-di-natale-a-senago\/"]}]},{"@type":"ImageObject","inLanguage":"it-IT","@id":"https:\/\/www.ilnotiziario.net\/wp\/prima-pagina\/eventi-week-end-concerto-gospel-the-time-is-now-a-garbagnate-e-concerto-di-natale-a-senago\/#primaryimage","url":"https:\/\/www.ilnotiziario.net\/wp\/wp-content\/uploads\/2023\/01\/saronno-Concerto-dellEpifania.jpg","contentUrl":"https:\/\/www.ilnotiziario.net\/wp\/wp-content\/uploads\/2023\/01\/saronno-Concerto-dellEpifania.jpg","width":634,"height":276,"caption":"Un concerto a Saronno"},{"@type":"BreadcrumbList","@id":"https:\/\/www.ilnotiziario.net\/wp\/prima-pagina\/eventi-week-end-concerto-gospel-the-time-is-now-a-garbagnate-e-concerto-di-natale-a-senago\/#breadcrumb","itemListElement":[{"@type":"ListItem","position":1,"name":"tds_text_logo_tagline_colortds_text_logo_tagline_colortds_text_logo_tagline_colortds_text_logo_tagline_colortd_module_7_title_excerpttd_module_7_title_excerpttd_module_7_title_excerpttd_module_7_title_excerptHome","item":"https:\/\/www.ilnotiziario.net\/wp\/"},{"@type":"ListItem","position":2,"name":"Eventi week-end: Concerto gospel \u201cThe Time is Now\u201d a Garbagnate e &#8220;Concerto di Natale&#8221; a Senago"}]},{"@type":"WebSite","@id":"https:\/\/www.ilnotiziario.net\/wp\/#website","url":"https:\/\/www.ilnotiziario.net\/wp\/","name":"Il Notiziario","description":"Per restare sempre connessi alla notizia","publisher":{"@id":"https:\/\/www.ilnotiziario.net\/wp\/#organization"},"alternateName":"Il Notiziario Bollate","potentialAction":[{"@type":"SearchAction","target":{"@type":"EntryPoint","urlTemplate":"https:\/\/www.ilnotiziario.net\/wp\/?s={search_term_string}"},"query-input":{"@type":"PropertyValueSpecification","valueRequired":true,"valueName":"search_term_string"}}],"inLanguage":"it-IT"},{"@type":"Organization","@id":"https:\/\/www.ilnotiziario.net\/wp\/#organization","name":"Il Notiziario","url":"https:\/\/www.ilnotiziario.net\/wp\/","logo":{"@type":"ImageObject","inLanguage":"it-IT","@id":"https:\/\/www.ilnotiziario.net\/wp\/#\/schema\/logo\/image\/","url":"https:\/\/www.ilnotiziario.net\/wp\/wp-content\/uploads\/2022\/06\/170x170ilN.png","contentUrl":"https:\/\/www.ilnotiziario.net\/wp\/wp-content\/uploads\/2022\/06\/170x170ilN.png","width":355,"height":355,"caption":"Il Notiziario"},"image":{"@id":"https:\/\/www.ilnotiziario.net\/wp\/#\/schema\/logo\/image\/"},"sameAs":["https:\/\/www.facebook.com\/ilnotiziarioind\/","https:\/\/x.com\/ilNotiziarioInd","https:\/\/www.instagram.com\/ilnotiziario_settimanale\/"]},{"@type":"Person","@id":"https:\/\/www.ilnotiziario.net\/wp\/#\/schema\/person\/c902c4c1308705a92d37385bbce84394","name":"Manuela Beriozza","image":{"@type":"ImageObject","inLanguage":"it-IT","@id":"https:\/\/secure.gravatar.com\/avatar\/272ed53352846a57a9f07f89720b22f58373dc9a85fa5b8ff49254ae02b61057?s=96&d=mm&r=g","url":"https:\/\/secure.gravatar.com\/avatar\/272ed53352846a57a9f07f89720b22f58373dc9a85fa5b8ff49254ae02b61057?s=96&d=mm&r=g","contentUrl":"https:\/\/secure.gravatar.com\/avatar\/272ed53352846a57a9f07f89720b22f58373dc9a85fa5b8ff49254ae02b61057?s=96&d=mm&r=g","caption":"Manuela Beriozza"}}]}},"_links":{"self":[{"href":"https:\/\/www.ilnotiziario.net\/wp\/wp-json\/wp\/v2\/posts\/212458","targetHints":{"allow":["GET"]}}],"collection":[{"href":"https:\/\/www.ilnotiziario.net\/wp\/wp-json\/wp\/v2\/posts"}],"about":[{"href":"https:\/\/www.ilnotiziario.net\/wp\/wp-json\/wp\/v2\/types\/post"}],"author":[{"embeddable":true,"href":"https:\/\/www.ilnotiziario.net\/wp\/wp-json\/wp\/v2\/users\/223159"}],"replies":[{"embeddable":true,"href":"https:\/\/www.ilnotiziario.net\/wp\/wp-json\/wp\/v2\/comments?post=212458"}],"version-history":[{"count":0,"href":"https:\/\/www.ilnotiziario.net\/wp\/wp-json\/wp\/v2\/posts\/212458\/revisions"}],"wp:featuredmedia":[{"embeddable":true,"href":"https:\/\/www.ilnotiziario.net\/wp\/wp-json\/wp\/v2\/media\/176142"}],"wp:attachment":[{"href":"https:\/\/www.ilnotiziario.net\/wp\/wp-json\/wp\/v2\/media?parent=212458"}],"wp:term":[{"taxonomy":"category","embeddable":true,"href":"https:\/\/www.ilnotiziario.net\/wp\/wp-json\/wp\/v2\/categories?post=212458"},{"taxonomy":"post_tag","embeddable":true,"href":"https:\/\/www.ilnotiziario.net\/wp\/wp-json\/wp\/v2\/tags?post=212458"}],"curies":[{"name":"wp","href":"https:\/\/api.w.org\/{rel}","templated":true}]}}