{"id":212529,"date":"2025-12-21T10:06:43","date_gmt":"2025-12-21T09:06:43","guid":{"rendered":"https:\/\/www.ilnotiziario.net\/wp\/?p=212529"},"modified":"2025-12-21T10:06:43","modified_gmt":"2025-12-21T09:06:43","slug":"gil-ambulanti-di-forte-dei-marmi-a-origgio-il-28-dicembre-con-il-mercato-di-qualita","status":"publish","type":"post","link":"https:\/\/www.ilnotiziario.net\/wp\/buonoasapersi\/gil-ambulanti-di-forte-dei-marmi-a-origgio-il-28-dicembre-con-il-mercato-di-qualita\/","title":{"rendered":"GIl Ambulanti di Forte dei Marmi a Origgio il 28 dicembre con il mercato di qualit\u00e0"},"content":{"rendered":"<p>Gli Ambulanti di Forte dei Marmi\u00ae chiudono l\u2019anno a grande richiesta per Varesotto e Alto Milanese con un ultimo appuntamento: le bancarelle del mercato di qualit\u00e0\u00a0pi\u00f9 famoso d\u2019Italia (da non confondere con alcuni tentativi di imitazione del loro originale format che circolano in regione) saluteranno i loro fans, con il loro show itinerante all\u2019insegna del meglio del Made in Italy artigianale e delle ultime tendenze della moda, nell\u2019ultima domenica del mese.<\/p><div id=\"ilnot-422417769\" class=\"ilnot-contenuto ilnot-entity-placement\"><p><!-- incontent_1 --><\/p>\n<div class=\"gptslot\" data-adunitid=\"1\"><\/div>\n<\/div>\n<p>&nbsp;<\/p>\n<p>Si potranno infatti ammirare le ormai mitiche boutique a cielo aperto\u00ae dell\u2019originale Consorzio <strong>domenica 28 dicembre ad Origgio,<\/strong> nella centrale Via Repubblica, in una iniziativa sempre molto attesa dal pubblico locale e con il patrocinio dell\u2019amministrazione comunale.<\/p>\n<p>Dunque, un\u2019occasione da non perdere assolutamente per i tanti appassionati del genere, che l\u2019hanno a lungo reclamata prima di fine anno: li attende una vera e propria rassegna dello shopping pi\u00f9 glamour e conveniente, con orario continuato, anche in caso di maltempo, dalle 8 alle 19.<\/p><div id=\"ilnot-3905276815\" class=\"ilnot-contenuto_2 ilnot-entity-placement\"><div class=\"ads-wrapper\">\n<div class=\"ad-slot\">\n   <div id=\"ilnot-3810725604\" style=\"margin-right: auto;margin-left: auto;text-align: center;width: 320px;height: 100px;\"><a href=\"https:\/\/www.scuolasicurezza.it\/\"><img decoding=\"async\" src=\"https:\/\/www.ilnotiziario.net\/wp\/wp-content\/uploads\/2026\/04\/IlNotiziario_banner-sito-e-newsletter-320-x-100-px-1.gif\" alt=\"\"><\/a><\/div>\n  <\/div>\n<div class=\"ad-slot\">\n   <div id=\"ilnot-2094763052\" style=\"margin-right: auto;margin-left: auto;text-align: center;width: 320px;height: 100px;\"><a href=\"https:\/\/purodesignarredamenti.com\/\"><img decoding=\"async\" src=\"https:\/\/www.ilnotiziario.net\/wp\/wp-content\/uploads\/2026\/04\/banner-puro-ok.gif\" alt=\"whatsapp\"><\/a><\/div><\/p><\/div>\n<\/div>\n<\/div>\n<p>\u201cIl nostro Consorzio &#8211; spiega il Presidente, Andrea Ceccarelli \u2013 con il suo evento-mercato di qualit\u00e0 ha letteralmente re-inventato una professione storica alla luce dei tempi moderni, dimostrando che la passione per il proprio lavoro, l&#8217;ingegno artigianale, la ricerca della qualit\u00e0 dei materiali e l&#8217;attenzione alle tendenze, possono ancora fare la differenza nel competitivo mondo del commercio attuale\u201d.<\/p>\n<h2>Ambulanti di Forte dei Marmi ad Origgio<\/h2>\n<p>Da sempre avvolti in un alone mitico, i famosi ambulanti toscani \u2013 ormai valutati oltre l\u2019aspetto commerciale e divenuti un vero e proprio fenomeno di costume &#8211; propongono un autentico spettacolo di bancarelle, colori e pubblico, che fanno rivivere le magiche atmosfere del Mercato del Forte, sinonimo di genuinit\u00e0 e qualit\u00e0 artigianale garantita. Sui grandi banchi di vendita \u00e8 infatti possibile trovare il meglio della tradizione toscana ed italiana dell&#8217;artigianato di qualit\u00e0: abbigliamento, con nuove collezioni griffate e di stock, pelletteria di altissima fattura artigianale (borse e scarpe), la migliore produzione nazionale di cashmere, pellicceria, stoffe pregiate, biancheria per la casa, porcellane, bijoux, raffinati tessuti di arte fiorentina.<\/p>\n<p>La qualit\u00e0 \u00e8 sempre rigorosamente declinata anche con la massima convenienza. Bandite per statuto imitazioni e &#8220;cineserie&#8221; di scarso pregio, \u00e8 sui banchi de Gli Ambulanti di Forte di Marmi\u00ae che si trovano le nuove tendenze della moda, spesso riprese anche da tanti fashion blog e magazine femminili.<\/p><div id=\"ilnot-1779963371\" class=\"ilnot-contenuto_2-2 ilnot-entity-placement\"><div class=\"gptslot\" data-adunitid=\"2\"><\/div>\n<\/div>\n<p>Non a caso il Consorzio (depositario del marchio unico, originale e registrato \u201cGli Ambulanti di Forte dei Marmi\u201d), nato per primo nel 2002 dall\u2019unione di alcuni dei migliori banchi storicamente e tuttora presenti nello storico e famoso (nel mondo) mercato di Forte dei Marmi, con lo scopo di renderne itinerante lo spettacolo nelle piazze nazionali, \u00e8 stato da allora oggetto di diversi tentativi di imitazione<\/p>\n<h2>Abbigliamento,\u00a0 \u00a0pelletteria\u00a0 (borse e scarpe), cashmere, pellicceria, stoffe pregiate<\/h2>\n<p>&#8220;Il nostro \u00e8 un invito \u2013 spiega ancora il Presidente del Consorzio, Andrea Ceccarelli &#8211; a diffidare di ogni tentativo di imitazione e valutare, invece, passando direttamente tra i nostri banchi, la qualit\u00e0 delle nostre merci e l&#8217;immagine coordinata delle nostre bancarelle. Il nostro marchio \u00e8 ormai sinonimo di shopping esclusivo e conveniente&#8221;.<\/p>\n<p>Per conoscere nel dettaglio il calendario completo delle date dei mercati del tour itinerante de Gli Ambulanti di Forte di Marmi\u00ae, \u00e8 possibile consultare l\u2019unico sito web ufficiale (attenzione ai &#8220;fake&#8221;) www.gliambulantidifortedeimarmi.it, dal quale si accede anche alla pagina Facebook da oltre 200mila fans reali e certificati, agli altri social media ed alla App del Consorzio.<\/p><div id=\"ilnot-3279761431\" class=\"ilnot-contenuto_2-2-2 ilnot-entity-placement\"><div class=\"gptslot\" data-adunitid=\"3\"><\/div>\n<\/div>\n<h3>Evento-Mercato di qualit\u00e0 con Gli Ambulanti di Forte dei Marmi\u00ae<br \/>\n\u2022 Domenica 28 dicembre 2025 \u2013 Via Repubblica \u2013 ORIGGIO (Varese)<br \/>\nDalle 8.00 alle 19.00, con orario continuato anche in caso di maltempo<\/h3>\n","protected":false},"excerpt":{"rendered":"<p>Gli Ambulanti di Forte dei Marmi\u00ae chiudono l\u2019anno a grande richiesta per Varesotto e Alto Milanese con un ultimo appuntamento: le bancarelle del mercato di qualit\u00e0\u00a0pi\u00f9 famoso d\u2019Italia (da non confondere con alcuni tentativi di imitazione del loro originale format che circolano in regione) saluteranno i loro fans, con il loro show itinerante all\u2019insegna del<\/p>\n","protected":false},"author":3,"featured_media":212530,"comment_status":"closed","ping_status":"closed","sticky":false,"template":"","format":"standard","meta":{"footnotes":""},"categories":[4193,13],"tags":[1970,10509,1969,259],"class_list":{"0":"post-212529","1":"post","2":"type-post","3":"status-publish","4":"format-standard","5":"has-post-thumbnail","7":"category-buonoasapersi","8":"category-saronnese","9":"tag-ambulanti","10":"tag-forte-dei-marmi","11":"tag-mercato","12":"tag-origgio"},"yoast_head":"<!-- This site is optimized with the Yoast SEO plugin v27.5 - https:\/\/yoast.com\/product\/yoast-seo-wordpress\/ -->\n<title>GIl Ambulanti di Forte dei Marmi a Origgio il 28 dicembre con il mercato di qualit\u00e0 - Il Notiziario<\/title>\n<meta name=\"description\" content=\"Gli Ambulanti di Forte dei Marmi\u00ae chiudono l\u2019anno a grande richiesta per Varesotto e Alto Milanese con un ultimo appuntamento: le bancarelle del mercato\" \/>\n<meta name=\"robots\" content=\"index, follow, max-snippet:-1, max-image-preview:large, max-video-preview:-1\" \/>\n<link rel=\"canonical\" href=\"https:\/\/www.ilnotiziario.net\/wp\/buonoasapersi\/gil-ambulanti-di-forte-dei-marmi-a-origgio-il-28-dicembre-con-il-mercato-di-qualita\/\" \/>\n<meta property=\"og:locale\" content=\"it_IT\" \/>\n<meta property=\"og:type\" content=\"article\" \/>\n<meta property=\"og:title\" content=\"GIl Ambulanti di Forte dei Marmi a Origgio il 28 dicembre con il mercato di qualit\u00e0 - Il Notiziario\" \/>\n<meta property=\"og:description\" content=\"Gli Ambulanti di Forte dei Marmi\u00ae chiudono l\u2019anno a grande richiesta per Varesotto e Alto Milanese con un ultimo appuntamento: le bancarelle del mercato\" \/>\n<meta property=\"og:url\" content=\"https:\/\/www.ilnotiziario.net\/wp\/buonoasapersi\/gil-ambulanti-di-forte-dei-marmi-a-origgio-il-28-dicembre-con-il-mercato-di-qualita\/\" \/>\n<meta property=\"og:site_name\" content=\"Il Notiziario\" \/>\n<meta property=\"article:publisher\" content=\"https:\/\/www.facebook.com\/ilnotiziarioind\/\" \/>\n<meta property=\"article:published_time\" content=\"2025-12-21T09:06:43+00:00\" \/>\n<meta property=\"og:image\" content=\"https:\/\/www.ilnotiziario.net\/wp\/wp-content\/uploads\/2025\/12\/Ambulanti-forte-dei-marmi.jpg\" \/>\n\t<meta property=\"og:image:width\" content=\"720\" \/>\n\t<meta property=\"og:image:height\" content=\"417\" \/>\n\t<meta property=\"og:image:type\" content=\"image\/jpeg\" \/>\n<meta name=\"author\" content=\"Gabriele Bassani\" \/>\n<meta name=\"twitter:card\" content=\"summary_large_image\" \/>\n<meta name=\"twitter:creator\" content=\"@ilNotiziarioInd\" \/>\n<meta name=\"twitter:site\" content=\"@ilNotiziarioInd\" \/>\n<meta name=\"twitter:label1\" content=\"Scritto da\" \/>\n\t<meta name=\"twitter:data1\" content=\"Gabriele Bassani\" \/>\n\t<meta name=\"twitter:label2\" content=\"Tempo di lettura stimato\" \/>\n\t<meta name=\"twitter:data2\" content=\"4 minuti\" \/>\n<script type=\"application\/ld+json\" class=\"yoast-schema-graph\">{\"@context\":\"https:\\\/\\\/schema.org\",\"@graph\":[{\"@type\":\"Article\",\"@id\":\"https:\\\/\\\/www.ilnotiziario.net\\\/wp\\\/buonoasapersi\\\/gil-ambulanti-di-forte-dei-marmi-a-origgio-il-28-dicembre-con-il-mercato-di-qualita\\\/#article\",\"isPartOf\":{\"@id\":\"https:\\\/\\\/www.ilnotiziario.net\\\/wp\\\/buonoasapersi\\\/gil-ambulanti-di-forte-dei-marmi-a-origgio-il-28-dicembre-con-il-mercato-di-qualita\\\/\"},\"author\":{\"name\":\"Gabriele Bassani\",\"@id\":\"https:\\\/\\\/www.ilnotiziario.net\\\/wp\\\/#\\\/schema\\\/person\\\/386e222908f898bb41c033989482bbf2\"},\"headline\":\"GIl Ambulanti di Forte dei Marmi a Origgio il 28 dicembre con il mercato di qualit\u00e0\",\"datePublished\":\"2025-12-21T09:06:43+00:00\",\"mainEntityOfPage\":{\"@id\":\"https:\\\/\\\/www.ilnotiziario.net\\\/wp\\\/buonoasapersi\\\/gil-ambulanti-di-forte-dei-marmi-a-origgio-il-28-dicembre-con-il-mercato-di-qualita\\\/\"},\"wordCount\":604,\"publisher\":{\"@id\":\"https:\\\/\\\/www.ilnotiziario.net\\\/wp\\\/#organization\"},\"image\":{\"@id\":\"https:\\\/\\\/www.ilnotiziario.net\\\/wp\\\/buonoasapersi\\\/gil-ambulanti-di-forte-dei-marmi-a-origgio-il-28-dicembre-con-il-mercato-di-qualita\\\/#primaryimage\"},\"thumbnailUrl\":\"https:\\\/\\\/www.ilnotiziario.net\\\/wp\\\/wp-content\\\/uploads\\\/2025\\\/12\\\/Ambulanti-forte-dei-marmi.jpg\",\"keywords\":[\"ambulanti\",\"forte dei marmi\",\"mercato\",\"Origgio\"],\"articleSection\":[\"BUONO A SAPERSI\",\"SARONNESE\"],\"inLanguage\":\"it-IT\"},{\"@type\":\"WebPage\",\"@id\":\"https:\\\/\\\/www.ilnotiziario.net\\\/wp\\\/buonoasapersi\\\/gil-ambulanti-di-forte-dei-marmi-a-origgio-il-28-dicembre-con-il-mercato-di-qualita\\\/\",\"url\":\"https:\\\/\\\/www.ilnotiziario.net\\\/wp\\\/buonoasapersi\\\/gil-ambulanti-di-forte-dei-marmi-a-origgio-il-28-dicembre-con-il-mercato-di-qualita\\\/\",\"name\":\"GIl Ambulanti di Forte dei Marmi a Origgio il 28 dicembre con il mercato di qualit\u00e0 - Il Notiziario\",\"isPartOf\":{\"@id\":\"https:\\\/\\\/www.ilnotiziario.net\\\/wp\\\/#website\"},\"primaryImageOfPage\":{\"@id\":\"https:\\\/\\\/www.ilnotiziario.net\\\/wp\\\/buonoasapersi\\\/gil-ambulanti-di-forte-dei-marmi-a-origgio-il-28-dicembre-con-il-mercato-di-qualita\\\/#primaryimage\"},\"image\":{\"@id\":\"https:\\\/\\\/www.ilnotiziario.net\\\/wp\\\/buonoasapersi\\\/gil-ambulanti-di-forte-dei-marmi-a-origgio-il-28-dicembre-con-il-mercato-di-qualita\\\/#primaryimage\"},\"thumbnailUrl\":\"https:\\\/\\\/www.ilnotiziario.net\\\/wp\\\/wp-content\\\/uploads\\\/2025\\\/12\\\/Ambulanti-forte-dei-marmi.jpg\",\"datePublished\":\"2025-12-21T09:06:43+00:00\",\"description\":\"Gli Ambulanti di Forte dei Marmi\u00ae chiudono l\u2019anno a grande richiesta per Varesotto e Alto Milanese con un ultimo appuntamento: le bancarelle del mercato\",\"breadcrumb\":{\"@id\":\"https:\\\/\\\/www.ilnotiziario.net\\\/wp\\\/buonoasapersi\\\/gil-ambulanti-di-forte-dei-marmi-a-origgio-il-28-dicembre-con-il-mercato-di-qualita\\\/#breadcrumb\"},\"inLanguage\":\"it-IT\",\"potentialAction\":[{\"@type\":\"ReadAction\",\"target\":[\"https:\\\/\\\/www.ilnotiziario.net\\\/wp\\\/buonoasapersi\\\/gil-ambulanti-di-forte-dei-marmi-a-origgio-il-28-dicembre-con-il-mercato-di-qualita\\\/\"]}]},{\"@type\":\"ImageObject\",\"inLanguage\":\"it-IT\",\"@id\":\"https:\\\/\\\/www.ilnotiziario.net\\\/wp\\\/buonoasapersi\\\/gil-ambulanti-di-forte-dei-marmi-a-origgio-il-28-dicembre-con-il-mercato-di-qualita\\\/#primaryimage\",\"url\":\"https:\\\/\\\/www.ilnotiziario.net\\\/wp\\\/wp-content\\\/uploads\\\/2025\\\/12\\\/Ambulanti-forte-dei-marmi.jpg\",\"contentUrl\":\"https:\\\/\\\/www.ilnotiziario.net\\\/wp\\\/wp-content\\\/uploads\\\/2025\\\/12\\\/Ambulanti-forte-dei-marmi.jpg\",\"width\":720,\"height\":417,\"caption\":\"ambulanti forte marmi origgio\"},{\"@type\":\"BreadcrumbList\",\"@id\":\"https:\\\/\\\/www.ilnotiziario.net\\\/wp\\\/buonoasapersi\\\/gil-ambulanti-di-forte-dei-marmi-a-origgio-il-28-dicembre-con-il-mercato-di-qualita\\\/#breadcrumb\",\"itemListElement\":[{\"@type\":\"ListItem\",\"position\":1,\"name\":\"tds_text_logo_tagline_colortds_text_logo_tagline_colortds_text_logo_tagline_colortds_text_logo_tagline_colortd_module_7_title_excerpttd_module_7_title_excerpttd_module_7_title_excerpttd_module_7_title_excerptHome\",\"item\":\"https:\\\/\\\/www.ilnotiziario.net\\\/wp\\\/\"},{\"@type\":\"ListItem\",\"position\":2,\"name\":\"GIl Ambulanti di Forte dei Marmi a Origgio il 28 dicembre con il mercato di qualit\u00e0\"}]},{\"@type\":\"WebSite\",\"@id\":\"https:\\\/\\\/www.ilnotiziario.net\\\/wp\\\/#website\",\"url\":\"https:\\\/\\\/www.ilnotiziario.net\\\/wp\\\/\",\"name\":\"Il Notiziario\",\"description\":\"Per restare sempre connessi alla notizia\",\"publisher\":{\"@id\":\"https:\\\/\\\/www.ilnotiziario.net\\\/wp\\\/#organization\"},\"alternateName\":\"Il Notiziario Bollate\",\"potentialAction\":[{\"@type\":\"SearchAction\",\"target\":{\"@type\":\"EntryPoint\",\"urlTemplate\":\"https:\\\/\\\/www.ilnotiziario.net\\\/wp\\\/?s={search_term_string}\"},\"query-input\":{\"@type\":\"PropertyValueSpecification\",\"valueRequired\":true,\"valueName\":\"search_term_string\"}}],\"inLanguage\":\"it-IT\"},{\"@type\":\"Organization\",\"@id\":\"https:\\\/\\\/www.ilnotiziario.net\\\/wp\\\/#organization\",\"name\":\"Il Notiziario\",\"url\":\"https:\\\/\\\/www.ilnotiziario.net\\\/wp\\\/\",\"logo\":{\"@type\":\"ImageObject\",\"inLanguage\":\"it-IT\",\"@id\":\"https:\\\/\\\/www.ilnotiziario.net\\\/wp\\\/#\\\/schema\\\/logo\\\/image\\\/\",\"url\":\"https:\\\/\\\/www.ilnotiziario.net\\\/wp\\\/wp-content\\\/uploads\\\/2022\\\/06\\\/170x170ilN.png\",\"contentUrl\":\"https:\\\/\\\/www.ilnotiziario.net\\\/wp\\\/wp-content\\\/uploads\\\/2022\\\/06\\\/170x170ilN.png\",\"width\":355,\"height\":355,\"caption\":\"Il Notiziario\"},\"image\":{\"@id\":\"https:\\\/\\\/www.ilnotiziario.net\\\/wp\\\/#\\\/schema\\\/logo\\\/image\\\/\"},\"sameAs\":[\"https:\\\/\\\/www.facebook.com\\\/ilnotiziarioind\\\/\",\"https:\\\/\\\/x.com\\\/ilNotiziarioInd\",\"https:\\\/\\\/www.instagram.com\\\/ilnotiziario_settimanale\\\/\"]},{\"@type\":\"Person\",\"@id\":\"https:\\\/\\\/www.ilnotiziario.net\\\/wp\\\/#\\\/schema\\\/person\\\/386e222908f898bb41c033989482bbf2\",\"name\":\"Gabriele Bassani\",\"image\":{\"@type\":\"ImageObject\",\"inLanguage\":\"it-IT\",\"@id\":\"https:\\\/\\\/secure.gravatar.com\\\/avatar\\\/09274f4a84fa97698bde56f84b3afed61c8492d48b0550db9671b68c177479cb?s=96&d=mm&r=g\",\"url\":\"https:\\\/\\\/secure.gravatar.com\\\/avatar\\\/09274f4a84fa97698bde56f84b3afed61c8492d48b0550db9671b68c177479cb?s=96&d=mm&r=g\",\"contentUrl\":\"https:\\\/\\\/secure.gravatar.com\\\/avatar\\\/09274f4a84fa97698bde56f84b3afed61c8492d48b0550db9671b68c177479cb?s=96&d=mm&r=g\",\"caption\":\"Gabriele Bassani\"},\"sameAs\":[\"http:\\\/\\\/www.ilnotiziario.net\"]}]}<\/script>\n<!-- \/ Yoast SEO plugin. -->","yoast_head_json":{"title":"GIl Ambulanti di Forte dei Marmi a Origgio il 28 dicembre con il mercato di qualit\u00e0 - Il Notiziario","description":"Gli Ambulanti di Forte dei Marmi\u00ae chiudono l\u2019anno a grande richiesta per Varesotto e Alto Milanese con un ultimo appuntamento: le bancarelle del mercato","robots":{"index":"index","follow":"follow","max-snippet":"max-snippet:-1","max-image-preview":"max-image-preview:large","max-video-preview":"max-video-preview:-1"},"canonical":"https:\/\/www.ilnotiziario.net\/wp\/buonoasapersi\/gil-ambulanti-di-forte-dei-marmi-a-origgio-il-28-dicembre-con-il-mercato-di-qualita\/","og_locale":"it_IT","og_type":"article","og_title":"GIl Ambulanti di Forte dei Marmi a Origgio il 28 dicembre con il mercato di qualit\u00e0 - Il Notiziario","og_description":"Gli Ambulanti di Forte dei Marmi\u00ae chiudono l\u2019anno a grande richiesta per Varesotto e Alto Milanese con un ultimo appuntamento: le bancarelle del mercato","og_url":"https:\/\/www.ilnotiziario.net\/wp\/buonoasapersi\/gil-ambulanti-di-forte-dei-marmi-a-origgio-il-28-dicembre-con-il-mercato-di-qualita\/","og_site_name":"Il Notiziario","article_publisher":"https:\/\/www.facebook.com\/ilnotiziarioind\/","article_published_time":"2025-12-21T09:06:43+00:00","og_image":[{"width":720,"height":417,"url":"https:\/\/www.ilnotiziario.net\/wp\/wp-content\/uploads\/2025\/12\/Ambulanti-forte-dei-marmi.jpg","type":"image\/jpeg"}],"author":"Gabriele Bassani","twitter_card":"summary_large_image","twitter_creator":"@ilNotiziarioInd","twitter_site":"@ilNotiziarioInd","twitter_misc":{"Scritto da":"Gabriele Bassani","Tempo di lettura stimato":"4 minuti"},"schema":{"@context":"https:\/\/schema.org","@graph":[{"@type":"Article","@id":"https:\/\/www.ilnotiziario.net\/wp\/buonoasapersi\/gil-ambulanti-di-forte-dei-marmi-a-origgio-il-28-dicembre-con-il-mercato-di-qualita\/#article","isPartOf":{"@id":"https:\/\/www.ilnotiziario.net\/wp\/buonoasapersi\/gil-ambulanti-di-forte-dei-marmi-a-origgio-il-28-dicembre-con-il-mercato-di-qualita\/"},"author":{"name":"Gabriele Bassani","@id":"https:\/\/www.ilnotiziario.net\/wp\/#\/schema\/person\/386e222908f898bb41c033989482bbf2"},"headline":"GIl Ambulanti di Forte dei Marmi a Origgio il 28 dicembre con il mercato di qualit\u00e0","datePublished":"2025-12-21T09:06:43+00:00","mainEntityOfPage":{"@id":"https:\/\/www.ilnotiziario.net\/wp\/buonoasapersi\/gil-ambulanti-di-forte-dei-marmi-a-origgio-il-28-dicembre-con-il-mercato-di-qualita\/"},"wordCount":604,"publisher":{"@id":"https:\/\/www.ilnotiziario.net\/wp\/#organization"},"image":{"@id":"https:\/\/www.ilnotiziario.net\/wp\/buonoasapersi\/gil-ambulanti-di-forte-dei-marmi-a-origgio-il-28-dicembre-con-il-mercato-di-qualita\/#primaryimage"},"thumbnailUrl":"https:\/\/www.ilnotiziario.net\/wp\/wp-content\/uploads\/2025\/12\/Ambulanti-forte-dei-marmi.jpg","keywords":["ambulanti","forte dei marmi","mercato","Origgio"],"articleSection":["BUONO A SAPERSI","SARONNESE"],"inLanguage":"it-IT"},{"@type":"WebPage","@id":"https:\/\/www.ilnotiziario.net\/wp\/buonoasapersi\/gil-ambulanti-di-forte-dei-marmi-a-origgio-il-28-dicembre-con-il-mercato-di-qualita\/","url":"https:\/\/www.ilnotiziario.net\/wp\/buonoasapersi\/gil-ambulanti-di-forte-dei-marmi-a-origgio-il-28-dicembre-con-il-mercato-di-qualita\/","name":"GIl Ambulanti di Forte dei Marmi a Origgio il 28 dicembre con il mercato di qualit\u00e0 - Il Notiziario","isPartOf":{"@id":"https:\/\/www.ilnotiziario.net\/wp\/#website"},"primaryImageOfPage":{"@id":"https:\/\/www.ilnotiziario.net\/wp\/buonoasapersi\/gil-ambulanti-di-forte-dei-marmi-a-origgio-il-28-dicembre-con-il-mercato-di-qualita\/#primaryimage"},"image":{"@id":"https:\/\/www.ilnotiziario.net\/wp\/buonoasapersi\/gil-ambulanti-di-forte-dei-marmi-a-origgio-il-28-dicembre-con-il-mercato-di-qualita\/#primaryimage"},"thumbnailUrl":"https:\/\/www.ilnotiziario.net\/wp\/wp-content\/uploads\/2025\/12\/Ambulanti-forte-dei-marmi.jpg","datePublished":"2025-12-21T09:06:43+00:00","description":"Gli Ambulanti di Forte dei Marmi\u00ae chiudono l\u2019anno a grande richiesta per Varesotto e Alto Milanese con un ultimo appuntamento: le bancarelle del mercato","breadcrumb":{"@id":"https:\/\/www.ilnotiziario.net\/wp\/buonoasapersi\/gil-ambulanti-di-forte-dei-marmi-a-origgio-il-28-dicembre-con-il-mercato-di-qualita\/#breadcrumb"},"inLanguage":"it-IT","potentialAction":[{"@type":"ReadAction","target":["https:\/\/www.ilnotiziario.net\/wp\/buonoasapersi\/gil-ambulanti-di-forte-dei-marmi-a-origgio-il-28-dicembre-con-il-mercato-di-qualita\/"]}]},{"@type":"ImageObject","inLanguage":"it-IT","@id":"https:\/\/www.ilnotiziario.net\/wp\/buonoasapersi\/gil-ambulanti-di-forte-dei-marmi-a-origgio-il-28-dicembre-con-il-mercato-di-qualita\/#primaryimage","url":"https:\/\/www.ilnotiziario.net\/wp\/wp-content\/uploads\/2025\/12\/Ambulanti-forte-dei-marmi.jpg","contentUrl":"https:\/\/www.ilnotiziario.net\/wp\/wp-content\/uploads\/2025\/12\/Ambulanti-forte-dei-marmi.jpg","width":720,"height":417,"caption":"ambulanti forte marmi origgio"},{"@type":"BreadcrumbList","@id":"https:\/\/www.ilnotiziario.net\/wp\/buonoasapersi\/gil-ambulanti-di-forte-dei-marmi-a-origgio-il-28-dicembre-con-il-mercato-di-qualita\/#breadcrumb","itemListElement":[{"@type":"ListItem","position":1,"name":"tds_text_logo_tagline_colortds_text_logo_tagline_colortds_text_logo_tagline_colortds_text_logo_tagline_colortd_module_7_title_excerpttd_module_7_title_excerpttd_module_7_title_excerpttd_module_7_title_excerptHome","item":"https:\/\/www.ilnotiziario.net\/wp\/"},{"@type":"ListItem","position":2,"name":"GIl Ambulanti di Forte dei Marmi a Origgio il 28 dicembre con il mercato di qualit\u00e0"}]},{"@type":"WebSite","@id":"https:\/\/www.ilnotiziario.net\/wp\/#website","url":"https:\/\/www.ilnotiziario.net\/wp\/","name":"Il Notiziario","description":"Per restare sempre connessi alla notizia","publisher":{"@id":"https:\/\/www.ilnotiziario.net\/wp\/#organization"},"alternateName":"Il Notiziario Bollate","potentialAction":[{"@type":"SearchAction","target":{"@type":"EntryPoint","urlTemplate":"https:\/\/www.ilnotiziario.net\/wp\/?s={search_term_string}"},"query-input":{"@type":"PropertyValueSpecification","valueRequired":true,"valueName":"search_term_string"}}],"inLanguage":"it-IT"},{"@type":"Organization","@id":"https:\/\/www.ilnotiziario.net\/wp\/#organization","name":"Il Notiziario","url":"https:\/\/www.ilnotiziario.net\/wp\/","logo":{"@type":"ImageObject","inLanguage":"it-IT","@id":"https:\/\/www.ilnotiziario.net\/wp\/#\/schema\/logo\/image\/","url":"https:\/\/www.ilnotiziario.net\/wp\/wp-content\/uploads\/2022\/06\/170x170ilN.png","contentUrl":"https:\/\/www.ilnotiziario.net\/wp\/wp-content\/uploads\/2022\/06\/170x170ilN.png","width":355,"height":355,"caption":"Il Notiziario"},"image":{"@id":"https:\/\/www.ilnotiziario.net\/wp\/#\/schema\/logo\/image\/"},"sameAs":["https:\/\/www.facebook.com\/ilnotiziarioind\/","https:\/\/x.com\/ilNotiziarioInd","https:\/\/www.instagram.com\/ilnotiziario_settimanale\/"]},{"@type":"Person","@id":"https:\/\/www.ilnotiziario.net\/wp\/#\/schema\/person\/386e222908f898bb41c033989482bbf2","name":"Gabriele Bassani","image":{"@type":"ImageObject","inLanguage":"it-IT","@id":"https:\/\/secure.gravatar.com\/avatar\/09274f4a84fa97698bde56f84b3afed61c8492d48b0550db9671b68c177479cb?s=96&d=mm&r=g","url":"https:\/\/secure.gravatar.com\/avatar\/09274f4a84fa97698bde56f84b3afed61c8492d48b0550db9671b68c177479cb?s=96&d=mm&r=g","contentUrl":"https:\/\/secure.gravatar.com\/avatar\/09274f4a84fa97698bde56f84b3afed61c8492d48b0550db9671b68c177479cb?s=96&d=mm&r=g","caption":"Gabriele Bassani"},"sameAs":["http:\/\/www.ilnotiziario.net"]}]}},"_links":{"self":[{"href":"https:\/\/www.ilnotiziario.net\/wp\/wp-json\/wp\/v2\/posts\/212529","targetHints":{"allow":["GET"]}}],"collection":[{"href":"https:\/\/www.ilnotiziario.net\/wp\/wp-json\/wp\/v2\/posts"}],"about":[{"href":"https:\/\/www.ilnotiziario.net\/wp\/wp-json\/wp\/v2\/types\/post"}],"author":[{"embeddable":true,"href":"https:\/\/www.ilnotiziario.net\/wp\/wp-json\/wp\/v2\/users\/3"}],"replies":[{"embeddable":true,"href":"https:\/\/www.ilnotiziario.net\/wp\/wp-json\/wp\/v2\/comments?post=212529"}],"version-history":[{"count":0,"href":"https:\/\/www.ilnotiziario.net\/wp\/wp-json\/wp\/v2\/posts\/212529\/revisions"}],"wp:featuredmedia":[{"embeddable":true,"href":"https:\/\/www.ilnotiziario.net\/wp\/wp-json\/wp\/v2\/media\/212530"}],"wp:attachment":[{"href":"https:\/\/www.ilnotiziario.net\/wp\/wp-json\/wp\/v2\/media?parent=212529"}],"wp:term":[{"taxonomy":"category","embeddable":true,"href":"https:\/\/www.ilnotiziario.net\/wp\/wp-json\/wp\/v2\/categories?post=212529"},{"taxonomy":"post_tag","embeddable":true,"href":"https:\/\/www.ilnotiziario.net\/wp\/wp-json\/wp\/v2\/tags?post=212529"}],"curies":[{"name":"wp","href":"https:\/\/api.w.org\/{rel}","templated":true}]}}