{"id":212574,"date":"2025-12-22T20:41:15","date_gmt":"2025-12-22T19:41:15","guid":{"rendered":"https:\/\/www.ilnotiziario.net\/wp\/?p=212574"},"modified":"2025-12-22T22:10:31","modified_gmt":"2025-12-22T21:10:31","slug":"saronno-bloccata-per-larrivo-del-rapper-22simba-folla-e-disagi-in-via-varese","status":"publish","type":"post","link":"https:\/\/www.ilnotiziario.net\/wp\/prima-pagina\/saronno-bloccata-per-larrivo-del-rapper-22simba-folla-e-disagi-in-via-varese\/","title":{"rendered":"Saronno bloccata per l\u2019arrivo del rapper 22simba: folla e disagi in via Varese"},"content":{"rendered":"<p>Saronno bloccata oggi pomeriggio per l&#8217;arrivo del rapper 22simba in via Varese.<\/p><div id=\"ilnot-369852447\" class=\"ilnot-contenuto ilnot-entity-placement\"><p><!-- incontent_1 --><\/p>\n<div class=\"gptslot\" data-adunitid=\"1\"><\/div>\n<\/div>\n<p>Un luned\u00ec pomeriggio che doveva essere una semplice iniziativa natalizia si \u00e8 trasformato in una serata di forti disagi per la circolazione a Saronno. Oggi, 22 dicembre, la presenza del rapper 22Simba ha attirato in via Varese numerosi ragazzi, sia saronnesi che provenienti da fuori.<\/p>\n<p>Il rapper, dopo alcuni successi musicali che gli stanno facendo scalare le classifiche di Spotify, nei giorni scorsi aveva lanciato l\u2019iniziativa solidale \u201cNatale in provincia\u201d: in cambio della consegna di un abito (magliette, felpe, pantaloni) che non si utilizza pi\u00f9, si poteva ricevere un capo di abbigliamento del nuovo merchandising dell\u2019artista. Ogni indumento raccolto sarebbe stato poi destinato in beneficenza.<\/p><div id=\"ilnot-2083389391\" class=\"ilnot-contenuto_2 ilnot-entity-placement\"><div class=\"ads-wrapper\">\n<div class=\"ad-slot\">\n   <div id=\"ilnot-829689075\" style=\"margin-right: auto;margin-left: auto;text-align: center;width: 320px;height: 100px;\"><a href=\"https:\/\/www.scuolasicurezza.it\/\"><img decoding=\"async\" src=\"https:\/\/www.ilnotiziario.net\/wp\/wp-content\/uploads\/2026\/04\/IlNotiziario_banner-sito-e-newsletter-320-x-100-px-1.gif\" alt=\"\"><\/a><\/div>\n  <\/div>\n<div class=\"ad-slot\">\n   <div id=\"ilnot-2128821444\" style=\"float: right;width: 320px;height: 100px;\"><a href=\"https:\/\/cedamitalia.it\/\"><img decoding=\"async\" src=\"https:\/\/www.ilnotiziario.net\/wp\/wp-content\/uploads\/2026\/04\/banner_cedam_320x100_OK.gif\" alt=\"Cedam\"><\/a><\/div><\/p><\/div>\n<\/div>\n<\/div>\n<h2>22simba a Saronno, caos in via Varese<\/h2>\n<p>L\u2019appuntamento era previsto oggi pomeriggio alle 16:30\u00a0 al ristorante \u201cFour Seasons\u201d di via Varese, luogo dove l\u2019artista ha lavorato in giovent\u00f9. L\u2019invito, diffuso sui social, \u00e8 stato raccolto da centinaia di giovani che si sono presentati in massa gi\u00e0 dal primo pomeriggio, rendendo difficoltoso il passaggio su marciapiedi e carreggiata. La situazione \u00e8 degenerata intorno alle 19:00, quando la folla ha invaso la strada provenendo dal parcheggio dell\u2019Aldi, bloccando di fatto il transito delle vetture.<\/p>\n<p>Le numerose segnalazioni hanno portato sul posto la Polizia Locale e alcune pattuglie dei Carabinieri per gestire la sicurezza. Per ragioni di ordine pubblico, 22simba \u00e8 stato costretto a lasciare l&#8217;area prematuramente.<br \/>\nSubito dopo l&#8217;allontanamento, il rapper ha voluto chiarire l&#8217;accaduto e scusarsi con i propri sostenitori attraverso il suo canale Instagram ufficiale (&#8220;Isolamento Di Gruppo&#8221;).<\/p>\n<h2>Saronno, evento interrotto in anticipo per motivi di sicurezza<\/h2>\n<p>In una serie di messaggi diretti alla sua community, l&#8217;artista ha espresso il suo rammarico per la conclusione anticipata dell&#8217;evento:<br \/>\n&#8220;Raga scusatemi, eravate troppi. Per motivi di sicurezza e ordine pubblico siamo dovuti andare via&#8221;, ha scritto il rapper nella chat, aggiungendo: &#8220;Spero davvero di aver fatto felici il pi\u00f9 di voi possibile. So che purtroppo qualcuno di voi non \u00e8 riuscito a incontrarmi&#8221;.<\/p><div id=\"ilnot-1873463496\" class=\"ilnot-contenuto_2-2 ilnot-entity-placement\"><div class=\"gptslot\" data-adunitid=\"2\"><\/div>\n<\/div>\n<p>Una giornata nata come evento solidale si \u00e8 cos\u00ec conclusa con traffico in tilt e tensione, richiamando l\u2019attenzione sulla complessit\u00e0 di gestire appuntamenti capaci di richiamare migliaia di giovanissimi in contesti urbani non predisposti.<\/p>\n<p><strong>Nic. Cro.<\/strong><\/p>\n","protected":false},"excerpt":{"rendered":"<p>Saronno bloccata oggi pomeriggio per l&#8217;arrivo del rapper 22simba in via Varese. Un luned\u00ec pomeriggio che doveva essere una semplice iniziativa natalizia si \u00e8 trasformato in una serata di forti disagi per la circolazione a Saronno. Oggi, 22 dicembre, la presenza del rapper 22Simba ha attirato in via Varese numerosi ragazzi, sia saronnesi che provenienti<\/p>\n","protected":false},"author":3,"featured_media":212575,"comment_status":"closed","ping_status":"closed","sticky":false,"template":"","format":"standard","meta":{"footnotes":""},"categories":[20,14],"tags":[18442,1554,56,154],"class_list":{"0":"post-212574","1":"post","2":"type-post","3":"status-publish","4":"format-standard","5":"has-post-thumbnail","7":"category-prima-pagina","8":"category-saronno","9":"tag-22simba","10":"tag-code","11":"tag-saronno-2","12":"tag-traffico"},"yoast_head":"<!-- This site is optimized with the Yoast SEO plugin v27.4 - https:\/\/yoast.com\/product\/yoast-seo-wordpress\/ -->\n<title>Saronno bloccata per l\u2019arrivo del rapper 22simba: folla e disagi in via Varese - Il Notiziario<\/title>\n<meta name=\"description\" content=\"Saronno bloccata oggi pomeriggio per l&#039;arrivo del rapper 22simba in via Varese. Un luned\u00ec pomeriggio che doveva essere una semplice iniziativa natalizia\" \/>\n<meta name=\"robots\" content=\"index, follow, max-snippet:-1, max-image-preview:large, max-video-preview:-1\" \/>\n<link rel=\"canonical\" href=\"https:\/\/www.ilnotiziario.net\/wp\/prima-pagina\/saronno-bloccata-per-larrivo-del-rapper-22simba-folla-e-disagi-in-via-varese\/\" \/>\n<meta property=\"og:locale\" content=\"it_IT\" \/>\n<meta property=\"og:type\" content=\"article\" \/>\n<meta property=\"og:title\" content=\"Saronno bloccata per l\u2019arrivo del rapper 22simba: folla e disagi in via Varese - Il Notiziario\" \/>\n<meta property=\"og:description\" content=\"Saronno bloccata oggi pomeriggio per l&#039;arrivo del rapper 22simba in via Varese. Un luned\u00ec pomeriggio che doveva essere una semplice iniziativa natalizia\" \/>\n<meta property=\"og:url\" content=\"https:\/\/www.ilnotiziario.net\/wp\/prima-pagina\/saronno-bloccata-per-larrivo-del-rapper-22simba-folla-e-disagi-in-via-varese\/\" \/>\n<meta property=\"og:site_name\" content=\"Il Notiziario\" \/>\n<meta property=\"article:publisher\" content=\"https:\/\/www.facebook.com\/ilnotiziarioind\/\" \/>\n<meta property=\"article:published_time\" content=\"2025-12-22T19:41:15+00:00\" \/>\n<meta property=\"article:modified_time\" content=\"2025-12-22T21:10:31+00:00\" \/>\n<meta property=\"og:image\" content=\"https:\/\/www.ilnotiziario.net\/wp\/wp-content\/uploads\/2025\/12\/SaronnoSimba22.jpg\" \/>\n\t<meta property=\"og:image:width\" content=\"720\" \/>\n\t<meta property=\"og:image:height\" content=\"491\" \/>\n\t<meta property=\"og:image:type\" content=\"image\/jpeg\" \/>\n<meta name=\"author\" content=\"Gabriele Bassani\" \/>\n<meta name=\"twitter:card\" content=\"summary_large_image\" \/>\n<meta name=\"twitter:creator\" content=\"@ilNotiziarioInd\" \/>\n<meta name=\"twitter:site\" content=\"@ilNotiziarioInd\" \/>\n<meta name=\"twitter:label1\" content=\"Scritto da\" \/>\n\t<meta name=\"twitter:data1\" content=\"Gabriele Bassani\" \/>\n\t<meta name=\"twitter:label2\" content=\"Tempo di lettura stimato\" \/>\n\t<meta name=\"twitter:data2\" content=\"3 minuti\" \/>\n<script type=\"application\/ld+json\" class=\"yoast-schema-graph\">{\"@context\":\"https:\\\/\\\/schema.org\",\"@graph\":[{\"@type\":\"Article\",\"@id\":\"https:\\\/\\\/www.ilnotiziario.net\\\/wp\\\/prima-pagina\\\/saronno-bloccata-per-larrivo-del-rapper-22simba-folla-e-disagi-in-via-varese\\\/#article\",\"isPartOf\":{\"@id\":\"https:\\\/\\\/www.ilnotiziario.net\\\/wp\\\/prima-pagina\\\/saronno-bloccata-per-larrivo-del-rapper-22simba-folla-e-disagi-in-via-varese\\\/\"},\"author\":{\"name\":\"Gabriele Bassani\",\"@id\":\"https:\\\/\\\/www.ilnotiziario.net\\\/wp\\\/#\\\/schema\\\/person\\\/386e222908f898bb41c033989482bbf2\"},\"headline\":\"Saronno bloccata per l\u2019arrivo del rapper 22simba: folla e disagi in via Varese\",\"datePublished\":\"2025-12-22T19:41:15+00:00\",\"dateModified\":\"2025-12-22T21:10:31+00:00\",\"mainEntityOfPage\":{\"@id\":\"https:\\\/\\\/www.ilnotiziario.net\\\/wp\\\/prima-pagina\\\/saronno-bloccata-per-larrivo-del-rapper-22simba-folla-e-disagi-in-via-varese\\\/\"},\"wordCount\":382,\"publisher\":{\"@id\":\"https:\\\/\\\/www.ilnotiziario.net\\\/wp\\\/#organization\"},\"image\":{\"@id\":\"https:\\\/\\\/www.ilnotiziario.net\\\/wp\\\/prima-pagina\\\/saronno-bloccata-per-larrivo-del-rapper-22simba-folla-e-disagi-in-via-varese\\\/#primaryimage\"},\"thumbnailUrl\":\"https:\\\/\\\/www.ilnotiziario.net\\\/wp\\\/wp-content\\\/uploads\\\/2025\\\/12\\\/SaronnoSimba22.jpg\",\"keywords\":[\"22simba\",\"code\",\"Saronno\",\"traffico\"],\"articleSection\":[\"Prima Pagina\",\"SARONNO\"],\"inLanguage\":\"it-IT\"},{\"@type\":\"WebPage\",\"@id\":\"https:\\\/\\\/www.ilnotiziario.net\\\/wp\\\/prima-pagina\\\/saronno-bloccata-per-larrivo-del-rapper-22simba-folla-e-disagi-in-via-varese\\\/\",\"url\":\"https:\\\/\\\/www.ilnotiziario.net\\\/wp\\\/prima-pagina\\\/saronno-bloccata-per-larrivo-del-rapper-22simba-folla-e-disagi-in-via-varese\\\/\",\"name\":\"Saronno bloccata per l\u2019arrivo del rapper 22simba: folla e disagi in via Varese - Il Notiziario\",\"isPartOf\":{\"@id\":\"https:\\\/\\\/www.ilnotiziario.net\\\/wp\\\/#website\"},\"primaryImageOfPage\":{\"@id\":\"https:\\\/\\\/www.ilnotiziario.net\\\/wp\\\/prima-pagina\\\/saronno-bloccata-per-larrivo-del-rapper-22simba-folla-e-disagi-in-via-varese\\\/#primaryimage\"},\"image\":{\"@id\":\"https:\\\/\\\/www.ilnotiziario.net\\\/wp\\\/prima-pagina\\\/saronno-bloccata-per-larrivo-del-rapper-22simba-folla-e-disagi-in-via-varese\\\/#primaryimage\"},\"thumbnailUrl\":\"https:\\\/\\\/www.ilnotiziario.net\\\/wp\\\/wp-content\\\/uploads\\\/2025\\\/12\\\/SaronnoSimba22.jpg\",\"datePublished\":\"2025-12-22T19:41:15+00:00\",\"dateModified\":\"2025-12-22T21:10:31+00:00\",\"description\":\"Saronno bloccata oggi pomeriggio per l'arrivo del rapper 22simba in via Varese. Un luned\u00ec pomeriggio che doveva essere una semplice iniziativa natalizia\",\"breadcrumb\":{\"@id\":\"https:\\\/\\\/www.ilnotiziario.net\\\/wp\\\/prima-pagina\\\/saronno-bloccata-per-larrivo-del-rapper-22simba-folla-e-disagi-in-via-varese\\\/#breadcrumb\"},\"inLanguage\":\"it-IT\",\"potentialAction\":[{\"@type\":\"ReadAction\",\"target\":[\"https:\\\/\\\/www.ilnotiziario.net\\\/wp\\\/prima-pagina\\\/saronno-bloccata-per-larrivo-del-rapper-22simba-folla-e-disagi-in-via-varese\\\/\"]}]},{\"@type\":\"ImageObject\",\"inLanguage\":\"it-IT\",\"@id\":\"https:\\\/\\\/www.ilnotiziario.net\\\/wp\\\/prima-pagina\\\/saronno-bloccata-per-larrivo-del-rapper-22simba-folla-e-disagi-in-via-varese\\\/#primaryimage\",\"url\":\"https:\\\/\\\/www.ilnotiziario.net\\\/wp\\\/wp-content\\\/uploads\\\/2025\\\/12\\\/SaronnoSimba22.jpg\",\"contentUrl\":\"https:\\\/\\\/www.ilnotiziario.net\\\/wp\\\/wp-content\\\/uploads\\\/2025\\\/12\\\/SaronnoSimba22.jpg\",\"width\":720,\"height\":491,\"caption\":\"Saronno 22simba\"},{\"@type\":\"BreadcrumbList\",\"@id\":\"https:\\\/\\\/www.ilnotiziario.net\\\/wp\\\/prima-pagina\\\/saronno-bloccata-per-larrivo-del-rapper-22simba-folla-e-disagi-in-via-varese\\\/#breadcrumb\",\"itemListElement\":[{\"@type\":\"ListItem\",\"position\":1,\"name\":\"tds_text_logo_tagline_colortds_text_logo_tagline_colortds_text_logo_tagline_colortds_text_logo_tagline_colortd_module_7_title_excerpttd_module_7_title_excerpttd_module_7_title_excerpttd_module_7_title_excerptHome\",\"item\":\"https:\\\/\\\/www.ilnotiziario.net\\\/wp\\\/\"},{\"@type\":\"ListItem\",\"position\":2,\"name\":\"Saronno bloccata per l\u2019arrivo del rapper 22simba: folla e disagi in via Varese\"}]},{\"@type\":\"WebSite\",\"@id\":\"https:\\\/\\\/www.ilnotiziario.net\\\/wp\\\/#website\",\"url\":\"https:\\\/\\\/www.ilnotiziario.net\\\/wp\\\/\",\"name\":\"Il Notiziario\",\"description\":\"Per restare sempre connessi alla notizia\",\"publisher\":{\"@id\":\"https:\\\/\\\/www.ilnotiziario.net\\\/wp\\\/#organization\"},\"alternateName\":\"Il Notiziario Bollate\",\"potentialAction\":[{\"@type\":\"SearchAction\",\"target\":{\"@type\":\"EntryPoint\",\"urlTemplate\":\"https:\\\/\\\/www.ilnotiziario.net\\\/wp\\\/?s={search_term_string}\"},\"query-input\":{\"@type\":\"PropertyValueSpecification\",\"valueRequired\":true,\"valueName\":\"search_term_string\"}}],\"inLanguage\":\"it-IT\"},{\"@type\":\"Organization\",\"@id\":\"https:\\\/\\\/www.ilnotiziario.net\\\/wp\\\/#organization\",\"name\":\"Il Notiziario\",\"url\":\"https:\\\/\\\/www.ilnotiziario.net\\\/wp\\\/\",\"logo\":{\"@type\":\"ImageObject\",\"inLanguage\":\"it-IT\",\"@id\":\"https:\\\/\\\/www.ilnotiziario.net\\\/wp\\\/#\\\/schema\\\/logo\\\/image\\\/\",\"url\":\"https:\\\/\\\/www.ilnotiziario.net\\\/wp\\\/wp-content\\\/uploads\\\/2022\\\/06\\\/170x170ilN.png\",\"contentUrl\":\"https:\\\/\\\/www.ilnotiziario.net\\\/wp\\\/wp-content\\\/uploads\\\/2022\\\/06\\\/170x170ilN.png\",\"width\":355,\"height\":355,\"caption\":\"Il Notiziario\"},\"image\":{\"@id\":\"https:\\\/\\\/www.ilnotiziario.net\\\/wp\\\/#\\\/schema\\\/logo\\\/image\\\/\"},\"sameAs\":[\"https:\\\/\\\/www.facebook.com\\\/ilnotiziarioind\\\/\",\"https:\\\/\\\/x.com\\\/ilNotiziarioInd\",\"https:\\\/\\\/www.instagram.com\\\/ilnotiziario_settimanale\\\/\"]},{\"@type\":\"Person\",\"@id\":\"https:\\\/\\\/www.ilnotiziario.net\\\/wp\\\/#\\\/schema\\\/person\\\/386e222908f898bb41c033989482bbf2\",\"name\":\"Gabriele Bassani\",\"image\":{\"@type\":\"ImageObject\",\"inLanguage\":\"it-IT\",\"@id\":\"https:\\\/\\\/secure.gravatar.com\\\/avatar\\\/09274f4a84fa97698bde56f84b3afed61c8492d48b0550db9671b68c177479cb?s=96&d=mm&r=g\",\"url\":\"https:\\\/\\\/secure.gravatar.com\\\/avatar\\\/09274f4a84fa97698bde56f84b3afed61c8492d48b0550db9671b68c177479cb?s=96&d=mm&r=g\",\"contentUrl\":\"https:\\\/\\\/secure.gravatar.com\\\/avatar\\\/09274f4a84fa97698bde56f84b3afed61c8492d48b0550db9671b68c177479cb?s=96&d=mm&r=g\",\"caption\":\"Gabriele Bassani\"},\"sameAs\":[\"http:\\\/\\\/www.ilnotiziario.net\"]}]}<\/script>\n<!-- \/ Yoast SEO plugin. -->","yoast_head_json":{"title":"Saronno bloccata per l\u2019arrivo del rapper 22simba: folla e disagi in via Varese - Il Notiziario","description":"Saronno bloccata oggi pomeriggio per l'arrivo del rapper 22simba in via Varese. Un luned\u00ec pomeriggio che doveva essere una semplice iniziativa natalizia","robots":{"index":"index","follow":"follow","max-snippet":"max-snippet:-1","max-image-preview":"max-image-preview:large","max-video-preview":"max-video-preview:-1"},"canonical":"https:\/\/www.ilnotiziario.net\/wp\/prima-pagina\/saronno-bloccata-per-larrivo-del-rapper-22simba-folla-e-disagi-in-via-varese\/","og_locale":"it_IT","og_type":"article","og_title":"Saronno bloccata per l\u2019arrivo del rapper 22simba: folla e disagi in via Varese - Il Notiziario","og_description":"Saronno bloccata oggi pomeriggio per l'arrivo del rapper 22simba in via Varese. Un luned\u00ec pomeriggio che doveva essere una semplice iniziativa natalizia","og_url":"https:\/\/www.ilnotiziario.net\/wp\/prima-pagina\/saronno-bloccata-per-larrivo-del-rapper-22simba-folla-e-disagi-in-via-varese\/","og_site_name":"Il Notiziario","article_publisher":"https:\/\/www.facebook.com\/ilnotiziarioind\/","article_published_time":"2025-12-22T19:41:15+00:00","article_modified_time":"2025-12-22T21:10:31+00:00","og_image":[{"width":720,"height":491,"url":"https:\/\/www.ilnotiziario.net\/wp\/wp-content\/uploads\/2025\/12\/SaronnoSimba22.jpg","type":"image\/jpeg"}],"author":"Gabriele Bassani","twitter_card":"summary_large_image","twitter_creator":"@ilNotiziarioInd","twitter_site":"@ilNotiziarioInd","twitter_misc":{"Scritto da":"Gabriele Bassani","Tempo di lettura stimato":"3 minuti"},"schema":{"@context":"https:\/\/schema.org","@graph":[{"@type":"Article","@id":"https:\/\/www.ilnotiziario.net\/wp\/prima-pagina\/saronno-bloccata-per-larrivo-del-rapper-22simba-folla-e-disagi-in-via-varese\/#article","isPartOf":{"@id":"https:\/\/www.ilnotiziario.net\/wp\/prima-pagina\/saronno-bloccata-per-larrivo-del-rapper-22simba-folla-e-disagi-in-via-varese\/"},"author":{"name":"Gabriele Bassani","@id":"https:\/\/www.ilnotiziario.net\/wp\/#\/schema\/person\/386e222908f898bb41c033989482bbf2"},"headline":"Saronno bloccata per l\u2019arrivo del rapper 22simba: folla e disagi in via Varese","datePublished":"2025-12-22T19:41:15+00:00","dateModified":"2025-12-22T21:10:31+00:00","mainEntityOfPage":{"@id":"https:\/\/www.ilnotiziario.net\/wp\/prima-pagina\/saronno-bloccata-per-larrivo-del-rapper-22simba-folla-e-disagi-in-via-varese\/"},"wordCount":382,"publisher":{"@id":"https:\/\/www.ilnotiziario.net\/wp\/#organization"},"image":{"@id":"https:\/\/www.ilnotiziario.net\/wp\/prima-pagina\/saronno-bloccata-per-larrivo-del-rapper-22simba-folla-e-disagi-in-via-varese\/#primaryimage"},"thumbnailUrl":"https:\/\/www.ilnotiziario.net\/wp\/wp-content\/uploads\/2025\/12\/SaronnoSimba22.jpg","keywords":["22simba","code","Saronno","traffico"],"articleSection":["Prima Pagina","SARONNO"],"inLanguage":"it-IT"},{"@type":"WebPage","@id":"https:\/\/www.ilnotiziario.net\/wp\/prima-pagina\/saronno-bloccata-per-larrivo-del-rapper-22simba-folla-e-disagi-in-via-varese\/","url":"https:\/\/www.ilnotiziario.net\/wp\/prima-pagina\/saronno-bloccata-per-larrivo-del-rapper-22simba-folla-e-disagi-in-via-varese\/","name":"Saronno bloccata per l\u2019arrivo del rapper 22simba: folla e disagi in via Varese - Il Notiziario","isPartOf":{"@id":"https:\/\/www.ilnotiziario.net\/wp\/#website"},"primaryImageOfPage":{"@id":"https:\/\/www.ilnotiziario.net\/wp\/prima-pagina\/saronno-bloccata-per-larrivo-del-rapper-22simba-folla-e-disagi-in-via-varese\/#primaryimage"},"image":{"@id":"https:\/\/www.ilnotiziario.net\/wp\/prima-pagina\/saronno-bloccata-per-larrivo-del-rapper-22simba-folla-e-disagi-in-via-varese\/#primaryimage"},"thumbnailUrl":"https:\/\/www.ilnotiziario.net\/wp\/wp-content\/uploads\/2025\/12\/SaronnoSimba22.jpg","datePublished":"2025-12-22T19:41:15+00:00","dateModified":"2025-12-22T21:10:31+00:00","description":"Saronno bloccata oggi pomeriggio per l'arrivo del rapper 22simba in via Varese. Un luned\u00ec pomeriggio che doveva essere una semplice iniziativa natalizia","breadcrumb":{"@id":"https:\/\/www.ilnotiziario.net\/wp\/prima-pagina\/saronno-bloccata-per-larrivo-del-rapper-22simba-folla-e-disagi-in-via-varese\/#breadcrumb"},"inLanguage":"it-IT","potentialAction":[{"@type":"ReadAction","target":["https:\/\/www.ilnotiziario.net\/wp\/prima-pagina\/saronno-bloccata-per-larrivo-del-rapper-22simba-folla-e-disagi-in-via-varese\/"]}]},{"@type":"ImageObject","inLanguage":"it-IT","@id":"https:\/\/www.ilnotiziario.net\/wp\/prima-pagina\/saronno-bloccata-per-larrivo-del-rapper-22simba-folla-e-disagi-in-via-varese\/#primaryimage","url":"https:\/\/www.ilnotiziario.net\/wp\/wp-content\/uploads\/2025\/12\/SaronnoSimba22.jpg","contentUrl":"https:\/\/www.ilnotiziario.net\/wp\/wp-content\/uploads\/2025\/12\/SaronnoSimba22.jpg","width":720,"height":491,"caption":"Saronno 22simba"},{"@type":"BreadcrumbList","@id":"https:\/\/www.ilnotiziario.net\/wp\/prima-pagina\/saronno-bloccata-per-larrivo-del-rapper-22simba-folla-e-disagi-in-via-varese\/#breadcrumb","itemListElement":[{"@type":"ListItem","position":1,"name":"tds_text_logo_tagline_colortds_text_logo_tagline_colortds_text_logo_tagline_colortds_text_logo_tagline_colortd_module_7_title_excerpttd_module_7_title_excerpttd_module_7_title_excerpttd_module_7_title_excerptHome","item":"https:\/\/www.ilnotiziario.net\/wp\/"},{"@type":"ListItem","position":2,"name":"Saronno bloccata per l\u2019arrivo del rapper 22simba: folla e disagi in via Varese"}]},{"@type":"WebSite","@id":"https:\/\/www.ilnotiziario.net\/wp\/#website","url":"https:\/\/www.ilnotiziario.net\/wp\/","name":"Il Notiziario","description":"Per restare sempre connessi alla notizia","publisher":{"@id":"https:\/\/www.ilnotiziario.net\/wp\/#organization"},"alternateName":"Il Notiziario Bollate","potentialAction":[{"@type":"SearchAction","target":{"@type":"EntryPoint","urlTemplate":"https:\/\/www.ilnotiziario.net\/wp\/?s={search_term_string}"},"query-input":{"@type":"PropertyValueSpecification","valueRequired":true,"valueName":"search_term_string"}}],"inLanguage":"it-IT"},{"@type":"Organization","@id":"https:\/\/www.ilnotiziario.net\/wp\/#organization","name":"Il Notiziario","url":"https:\/\/www.ilnotiziario.net\/wp\/","logo":{"@type":"ImageObject","inLanguage":"it-IT","@id":"https:\/\/www.ilnotiziario.net\/wp\/#\/schema\/logo\/image\/","url":"https:\/\/www.ilnotiziario.net\/wp\/wp-content\/uploads\/2022\/06\/170x170ilN.png","contentUrl":"https:\/\/www.ilnotiziario.net\/wp\/wp-content\/uploads\/2022\/06\/170x170ilN.png","width":355,"height":355,"caption":"Il Notiziario"},"image":{"@id":"https:\/\/www.ilnotiziario.net\/wp\/#\/schema\/logo\/image\/"},"sameAs":["https:\/\/www.facebook.com\/ilnotiziarioind\/","https:\/\/x.com\/ilNotiziarioInd","https:\/\/www.instagram.com\/ilnotiziario_settimanale\/"]},{"@type":"Person","@id":"https:\/\/www.ilnotiziario.net\/wp\/#\/schema\/person\/386e222908f898bb41c033989482bbf2","name":"Gabriele Bassani","image":{"@type":"ImageObject","inLanguage":"it-IT","@id":"https:\/\/secure.gravatar.com\/avatar\/09274f4a84fa97698bde56f84b3afed61c8492d48b0550db9671b68c177479cb?s=96&d=mm&r=g","url":"https:\/\/secure.gravatar.com\/avatar\/09274f4a84fa97698bde56f84b3afed61c8492d48b0550db9671b68c177479cb?s=96&d=mm&r=g","contentUrl":"https:\/\/secure.gravatar.com\/avatar\/09274f4a84fa97698bde56f84b3afed61c8492d48b0550db9671b68c177479cb?s=96&d=mm&r=g","caption":"Gabriele Bassani"},"sameAs":["http:\/\/www.ilnotiziario.net"]}]}},"_links":{"self":[{"href":"https:\/\/www.ilnotiziario.net\/wp\/wp-json\/wp\/v2\/posts\/212574","targetHints":{"allow":["GET"]}}],"collection":[{"href":"https:\/\/www.ilnotiziario.net\/wp\/wp-json\/wp\/v2\/posts"}],"about":[{"href":"https:\/\/www.ilnotiziario.net\/wp\/wp-json\/wp\/v2\/types\/post"}],"author":[{"embeddable":true,"href":"https:\/\/www.ilnotiziario.net\/wp\/wp-json\/wp\/v2\/users\/3"}],"replies":[{"embeddable":true,"href":"https:\/\/www.ilnotiziario.net\/wp\/wp-json\/wp\/v2\/comments?post=212574"}],"version-history":[{"count":0,"href":"https:\/\/www.ilnotiziario.net\/wp\/wp-json\/wp\/v2\/posts\/212574\/revisions"}],"wp:featuredmedia":[{"embeddable":true,"href":"https:\/\/www.ilnotiziario.net\/wp\/wp-json\/wp\/v2\/media\/212575"}],"wp:attachment":[{"href":"https:\/\/www.ilnotiziario.net\/wp\/wp-json\/wp\/v2\/media?parent=212574"}],"wp:term":[{"taxonomy":"category","embeddable":true,"href":"https:\/\/www.ilnotiziario.net\/wp\/wp-json\/wp\/v2\/categories?post=212574"},{"taxonomy":"post_tag","embeddable":true,"href":"https:\/\/www.ilnotiziario.net\/wp\/wp-json\/wp\/v2\/tags?post=212574"}],"curies":[{"name":"wp","href":"https:\/\/api.w.org\/{rel}","templated":true}]}}