{"id":213049,"date":"2026-01-11T18:13:35","date_gmt":"2026-01-11T17:13:35","guid":{"rendered":"https:\/\/www.ilnotiziario.net\/wp\/?p=213049"},"modified":"2026-01-11T18:13:53","modified_gmt":"2026-01-11T17:13:53","slug":"saronno-rievoca-santantonio-folla-e-tradizione-nel-corteo-storico-per-le-vie-della-citta-video","status":"publish","type":"post","link":"https:\/\/www.ilnotiziario.net\/wp\/saronno\/saronno-rievoca-santantonio-folla-e-tradizione-nel-corteo-storico-per-le-vie-della-citta-video\/","title":{"rendered":"Saronno rievoca Sant\u2019Antonio: folla e tradizione nel corteo storico per le vie della citt\u00e0 &#8211; VIDEO"},"content":{"rendered":"<p>Sant&#8217;Antonio a Saronno,\u00a0 un pomeriggio di storia, devozione e partecipazione,<\/p><div id=\"ilnot-2333740802\" class=\"ilnot-contenuto ilnot-entity-placement\"><p><!-- incontent_1 --><\/p>\n<div class=\"gptslot\" data-adunitid=\"1\"><\/div>\n<\/div>\n<p>Oggi pomeriggio Saronno \u00e8 tornata indietro nel tempo con la tradizionale rievocazione storica dedicata a Sant\u2019Antonio, appuntamento molto sentito dalla comunit\u00e0 locale.<\/p>\n<p>Il corteo \u00e8 partito alle 15.30 dal quartiere Prealpi, attraversando le vie centrali della citt\u00e0 e attirando fin da subito l\u2019attenzione di numerosi cittadini e visitatori.<\/p><div id=\"ilnot-1950618550\" class=\"ilnot-contenuto_2 ilnot-entity-placement\"><div class=\"ads-wrapper\">\n<div class=\"ad-slot\">\n   <div id=\"ilnot-37760439\" style=\"margin-right: auto;margin-left: auto;text-align: center;width: 320px;height: 100px;\"><a href=\"https:\/\/www.scuolasicurezza.it\/\"><img decoding=\"async\" src=\"https:\/\/www.ilnotiziario.net\/wp\/wp-content\/uploads\/2026\/04\/IlNotiziario_banner-sito-e-newsletter-320-x-100-px-1.gif\" alt=\"\"><\/a><\/div>\n  <\/div>\n<div class=\"ad-slot\">\n   <div id=\"ilnot-1463493462\" style=\"float: right;width: 320px;height: 100px;\"><a href=\"https:\/\/cedamitalia.it\/\"><img decoding=\"async\" src=\"https:\/\/www.ilnotiziario.net\/wp\/wp-content\/uploads\/2026\/04\/banner_cedam_320x100_OK.gif\" alt=\"Cedam\"><\/a><\/div><\/p><\/div>\n<\/div>\n<\/div>\n<p class=\"isSelectedEnd\">Lungo il percorso, gremito di persone accorse per assistere all\u2019evento, erano presenti diverse bancarelle che hanno contribuito a creare un\u2019atmosfera di festa. Molto partecipato il corteo storico, che ha visto sfilare figuranti in costume d\u2019epoca, sbandieratori e gruppi di rievocazione provenienti non solo da Saronno, ma anche da Legnano e Somma Lombardo.<\/p>\n<p class=\"isSelectedEnd\">A dare ulteriore solennit\u00e0 alla manifestazione \u00e8 stata la presenza del Corpo Musicale di Saronno, che ha accompagnato la sfilata con brani tradizionali.<\/p>\n<h2>Per le vie di Saronno la rievocazione storica dedicata a Sant&#8217;Antonio<\/h2>\n<p class=\"isSelectedEnd\">Non \u00e8 mancata una piccola presenza di contestatori animalisti, che hanno espresso il loro dissenso per l\u2019utilizzo di animali nella rievocazione, tra cui alcune pecorelle impiegate per motivi storici e simbolici. La situazione \u00e8 rimasta comunque sotto controllo grazie alla presenza di diverse forze dell\u2019ordine, tra cui anche una camionetta della polizia, che hanno garantito il regolare svolgimento dell\u2019evento senza particolari criticit\u00e0.<\/p><div id=\"ilnot-1173065599\" class=\"ilnot-contenuto_2-2 ilnot-entity-placement\"><div class=\"gptslot\" data-adunitid=\"2\"><\/div>\n<\/div>\n<p>&nbsp;<\/p>\n<p><iframe title=\"Saronno, corteo storico per Sant&#039; Antonio abate\" width=\"765\" height=\"430\" src=\"https:\/\/www.youtube.com\/embed\/NrX49NcRt-8?feature=oembed\" frameborder=\"0\" allow=\"accelerometer; autoplay; clipboard-write; encrypted-media; gyroscope; picture-in-picture; web-share\" referrerpolicy=\"strict-origin-when-cross-origin\" allowfullscreen><\/iframe><\/p>\n<p>La manifestazione si \u00e8 poi conclusa con la possibilit\u00e0, per tutti i partecipanti e i visitatori, di proseguire con la visita alla chiesetta di Sant\u2019Antonio, aperta al pubblico per l\u2019occasione, suggellando una giornata all\u2019insegna della tradizione, della storia e della partecipazione collettiva. La festa a Saronno prosegue per tutta la settimana con diverse iniziative, fino alla Sagra in programma sabato 17 gennaio, festivit\u00e0 di Sant&#8217;Antonio Abate.<\/p>\n<p>&nbsp;<\/p>\n<p><strong>Nicholas Ninno\u00a0<\/strong><\/p>\n","protected":false},"excerpt":{"rendered":"<p>Sant&#8217;Antonio a Saronno,\u00a0 un pomeriggio di storia, devozione e partecipazione, Oggi pomeriggio Saronno \u00e8 tornata indietro nel tempo con la tradizionale rievocazione storica dedicata a Sant\u2019Antonio, appuntamento molto sentito dalla comunit\u00e0 locale. Il corteo \u00e8 partito alle 15.30 dal quartiere Prealpi, attraversando le vie centrali della citt\u00e0 e attirando fin da subito l\u2019attenzione di numerosi<\/p>\n","protected":false},"author":223164,"featured_media":213059,"comment_status":"closed","ping_status":"closed","sticky":false,"template":"","format":"video","meta":{"footnotes":""},"categories":[277,20,14,21],"tags":[3258,8269,3926,18489,56,16602],"class_list":{"0":"post-213049","1":"post","2":"type-post","3":"status-publish","4":"format-video","5":"has-post-thumbnail","7":"category-appuntamenti-della-settimana","8":"category-prima-pagina","9":"category-saronno","10":"category-video","11":"tag-corteo","12":"tag-folla","13":"tag-rievocazione","14":"tag-rievocazione-storica","15":"tag-saronno-2","16":"tag-vie","17":"post_format-post-format-video"},"yoast_head":"<!-- This site is optimized with the Yoast SEO plugin v27.4 - https:\/\/yoast.com\/product\/yoast-seo-wordpress\/ -->\n<title>Saronno rievoca Sant\u2019Antonio: folla e tradizione nel corteo storico per le vie della citt\u00e0 - VIDEO - Il Notiziario<\/title>\n<meta name=\"description\" content=\"Sant&#039;Antonio a Saronno,\u00a0 un pomeriggio di storia, devozione e partecipazione, Oggi pomeriggio Saronno \u00e8 tornata indietro nel tempo con la tradizionale\" \/>\n<meta name=\"robots\" content=\"index, follow, max-snippet:-1, max-image-preview:large, max-video-preview:-1\" \/>\n<link rel=\"canonical\" href=\"https:\/\/www.ilnotiziario.net\/wp\/saronno\/saronno-rievoca-santantonio-folla-e-tradizione-nel-corteo-storico-per-le-vie-della-citta-video\/\" \/>\n<meta property=\"og:locale\" content=\"it_IT\" \/>\n<meta property=\"og:type\" content=\"article\" \/>\n<meta property=\"og:title\" content=\"Saronno rievoca Sant\u2019Antonio: folla e tradizione nel corteo storico per le vie della citt\u00e0 - VIDEO - Il Notiziario\" \/>\n<meta property=\"og:description\" content=\"Sant&#039;Antonio a Saronno,\u00a0 un pomeriggio di storia, devozione e partecipazione, Oggi pomeriggio Saronno \u00e8 tornata indietro nel tempo con la tradizionale\" \/>\n<meta property=\"og:url\" content=\"https:\/\/www.ilnotiziario.net\/wp\/saronno\/saronno-rievoca-santantonio-folla-e-tradizione-nel-corteo-storico-per-le-vie-della-citta-video\/\" \/>\n<meta property=\"og:site_name\" content=\"Il Notiziario\" \/>\n<meta property=\"article:publisher\" content=\"https:\/\/www.facebook.com\/ilnotiziarioind\/\" \/>\n<meta property=\"article:published_time\" content=\"2026-01-11T17:13:35+00:00\" \/>\n<meta property=\"article:modified_time\" content=\"2026-01-11T17:13:53+00:00\" \/>\n<meta property=\"og:image\" content=\"https:\/\/www.ilnotiziario.net\/wp\/wp-content\/uploads\/2026\/01\/Saronno-SAntonio-Abate1.jpeg\" \/>\n\t<meta property=\"og:image:width\" content=\"720\" \/>\n\t<meta property=\"og:image:height\" content=\"354\" \/>\n\t<meta property=\"og:image:type\" content=\"image\/jpeg\" \/>\n<meta name=\"author\" content=\"Nicholas Ninno\" \/>\n<meta name=\"twitter:card\" content=\"summary_large_image\" \/>\n<meta name=\"twitter:creator\" content=\"@ilNotiziarioInd\" \/>\n<meta name=\"twitter:site\" content=\"@ilNotiziarioInd\" \/>\n<meta name=\"twitter:label1\" content=\"Scritto da\" \/>\n\t<meta name=\"twitter:data1\" content=\"Nicholas Ninno\" \/>\n\t<meta name=\"twitter:label2\" content=\"Tempo di lettura stimato\" \/>\n\t<meta name=\"twitter:data2\" content=\"2 minuti\" \/>\n<script type=\"application\/ld+json\" class=\"yoast-schema-graph\">{\"@context\":\"https:\\\/\\\/schema.org\",\"@graph\":[{\"@type\":\"Article\",\"@id\":\"https:\\\/\\\/www.ilnotiziario.net\\\/wp\\\/saronno\\\/saronno-rievoca-santantonio-folla-e-tradizione-nel-corteo-storico-per-le-vie-della-citta-video\\\/#article\",\"isPartOf\":{\"@id\":\"https:\\\/\\\/www.ilnotiziario.net\\\/wp\\\/saronno\\\/saronno-rievoca-santantonio-folla-e-tradizione-nel-corteo-storico-per-le-vie-della-citta-video\\\/\"},\"author\":{\"name\":\"Nicholas Ninno\",\"@id\":\"https:\\\/\\\/www.ilnotiziario.net\\\/wp\\\/#\\\/schema\\\/person\\\/dde8136f84d4256465941497b8e07380\"},\"headline\":\"Saronno rievoca Sant\u2019Antonio: folla e tradizione nel corteo storico per le vie della citt\u00e0 &#8211; VIDEO\",\"datePublished\":\"2026-01-11T17:13:35+00:00\",\"dateModified\":\"2026-01-11T17:13:53+00:00\",\"mainEntityOfPage\":{\"@id\":\"https:\\\/\\\/www.ilnotiziario.net\\\/wp\\\/saronno\\\/saronno-rievoca-santantonio-folla-e-tradizione-nel-corteo-storico-per-le-vie-della-citta-video\\\/\"},\"wordCount\":313,\"publisher\":{\"@id\":\"https:\\\/\\\/www.ilnotiziario.net\\\/wp\\\/#organization\"},\"image\":{\"@id\":\"https:\\\/\\\/www.ilnotiziario.net\\\/wp\\\/saronno\\\/saronno-rievoca-santantonio-folla-e-tradizione-nel-corteo-storico-per-le-vie-della-citta-video\\\/#primaryimage\"},\"thumbnailUrl\":\"https:\\\/\\\/www.ilnotiziario.net\\\/wp\\\/wp-content\\\/uploads\\\/2026\\\/01\\\/Saronno-SAntonio-Abate1.jpeg\",\"keywords\":[\"Corteo\",\"folla\",\"rievocazione\",\"rievocazione storica\",\"Saronno\",\"vie\"],\"articleSection\":[\"APPUNTAMENTI\",\"Prima Pagina\",\"SARONNO\",\"Video\"],\"inLanguage\":\"it-IT\"},{\"@type\":\"WebPage\",\"@id\":\"https:\\\/\\\/www.ilnotiziario.net\\\/wp\\\/saronno\\\/saronno-rievoca-santantonio-folla-e-tradizione-nel-corteo-storico-per-le-vie-della-citta-video\\\/\",\"url\":\"https:\\\/\\\/www.ilnotiziario.net\\\/wp\\\/saronno\\\/saronno-rievoca-santantonio-folla-e-tradizione-nel-corteo-storico-per-le-vie-della-citta-video\\\/\",\"name\":\"Saronno rievoca Sant\u2019Antonio: folla e tradizione nel corteo storico per le vie della citt\u00e0 - VIDEO - Il Notiziario\",\"isPartOf\":{\"@id\":\"https:\\\/\\\/www.ilnotiziario.net\\\/wp\\\/#website\"},\"primaryImageOfPage\":{\"@id\":\"https:\\\/\\\/www.ilnotiziario.net\\\/wp\\\/saronno\\\/saronno-rievoca-santantonio-folla-e-tradizione-nel-corteo-storico-per-le-vie-della-citta-video\\\/#primaryimage\"},\"image\":{\"@id\":\"https:\\\/\\\/www.ilnotiziario.net\\\/wp\\\/saronno\\\/saronno-rievoca-santantonio-folla-e-tradizione-nel-corteo-storico-per-le-vie-della-citta-video\\\/#primaryimage\"},\"thumbnailUrl\":\"https:\\\/\\\/www.ilnotiziario.net\\\/wp\\\/wp-content\\\/uploads\\\/2026\\\/01\\\/Saronno-SAntonio-Abate1.jpeg\",\"datePublished\":\"2026-01-11T17:13:35+00:00\",\"dateModified\":\"2026-01-11T17:13:53+00:00\",\"description\":\"Sant'Antonio a Saronno,\u00a0 un pomeriggio di storia, devozione e partecipazione, Oggi pomeriggio Saronno \u00e8 tornata indietro nel tempo con la tradizionale\",\"breadcrumb\":{\"@id\":\"https:\\\/\\\/www.ilnotiziario.net\\\/wp\\\/saronno\\\/saronno-rievoca-santantonio-folla-e-tradizione-nel-corteo-storico-per-le-vie-della-citta-video\\\/#breadcrumb\"},\"inLanguage\":\"it-IT\",\"potentialAction\":[{\"@type\":\"ReadAction\",\"target\":[\"https:\\\/\\\/www.ilnotiziario.net\\\/wp\\\/saronno\\\/saronno-rievoca-santantonio-folla-e-tradizione-nel-corteo-storico-per-le-vie-della-citta-video\\\/\"]}]},{\"@type\":\"ImageObject\",\"inLanguage\":\"it-IT\",\"@id\":\"https:\\\/\\\/www.ilnotiziario.net\\\/wp\\\/saronno\\\/saronno-rievoca-santantonio-folla-e-tradizione-nel-corteo-storico-per-le-vie-della-citta-video\\\/#primaryimage\",\"url\":\"https:\\\/\\\/www.ilnotiziario.net\\\/wp\\\/wp-content\\\/uploads\\\/2026\\\/01\\\/Saronno-SAntonio-Abate1.jpeg\",\"contentUrl\":\"https:\\\/\\\/www.ilnotiziario.net\\\/wp\\\/wp-content\\\/uploads\\\/2026\\\/01\\\/Saronno-SAntonio-Abate1.jpeg\",\"width\":720,\"height\":354,\"caption\":\"Saronno Sant'Antonio Abate\"},{\"@type\":\"BreadcrumbList\",\"@id\":\"https:\\\/\\\/www.ilnotiziario.net\\\/wp\\\/saronno\\\/saronno-rievoca-santantonio-folla-e-tradizione-nel-corteo-storico-per-le-vie-della-citta-video\\\/#breadcrumb\",\"itemListElement\":[{\"@type\":\"ListItem\",\"position\":1,\"name\":\"tds_text_logo_tagline_colortds_text_logo_tagline_colortds_text_logo_tagline_colortds_text_logo_tagline_colortd_module_7_title_excerpttd_module_7_title_excerpttd_module_7_title_excerpttd_module_7_title_excerptHome\",\"item\":\"https:\\\/\\\/www.ilnotiziario.net\\\/wp\\\/\"},{\"@type\":\"ListItem\",\"position\":2,\"name\":\"Saronno rievoca Sant\u2019Antonio: folla e tradizione nel corteo storico per le vie della citt\u00e0 &#8211; VIDEO\"}]},{\"@type\":\"WebSite\",\"@id\":\"https:\\\/\\\/www.ilnotiziario.net\\\/wp\\\/#website\",\"url\":\"https:\\\/\\\/www.ilnotiziario.net\\\/wp\\\/\",\"name\":\"Il Notiziario\",\"description\":\"Per restare sempre connessi alla notizia\",\"publisher\":{\"@id\":\"https:\\\/\\\/www.ilnotiziario.net\\\/wp\\\/#organization\"},\"alternateName\":\"Il Notiziario Bollate\",\"potentialAction\":[{\"@type\":\"SearchAction\",\"target\":{\"@type\":\"EntryPoint\",\"urlTemplate\":\"https:\\\/\\\/www.ilnotiziario.net\\\/wp\\\/?s={search_term_string}\"},\"query-input\":{\"@type\":\"PropertyValueSpecification\",\"valueRequired\":true,\"valueName\":\"search_term_string\"}}],\"inLanguage\":\"it-IT\"},{\"@type\":\"Organization\",\"@id\":\"https:\\\/\\\/www.ilnotiziario.net\\\/wp\\\/#organization\",\"name\":\"Il Notiziario\",\"url\":\"https:\\\/\\\/www.ilnotiziario.net\\\/wp\\\/\",\"logo\":{\"@type\":\"ImageObject\",\"inLanguage\":\"it-IT\",\"@id\":\"https:\\\/\\\/www.ilnotiziario.net\\\/wp\\\/#\\\/schema\\\/logo\\\/image\\\/\",\"url\":\"https:\\\/\\\/www.ilnotiziario.net\\\/wp\\\/wp-content\\\/uploads\\\/2022\\\/06\\\/170x170ilN.png\",\"contentUrl\":\"https:\\\/\\\/www.ilnotiziario.net\\\/wp\\\/wp-content\\\/uploads\\\/2022\\\/06\\\/170x170ilN.png\",\"width\":355,\"height\":355,\"caption\":\"Il Notiziario\"},\"image\":{\"@id\":\"https:\\\/\\\/www.ilnotiziario.net\\\/wp\\\/#\\\/schema\\\/logo\\\/image\\\/\"},\"sameAs\":[\"https:\\\/\\\/www.facebook.com\\\/ilnotiziarioind\\\/\",\"https:\\\/\\\/x.com\\\/ilNotiziarioInd\",\"https:\\\/\\\/www.instagram.com\\\/ilnotiziario_settimanale\\\/\"]},{\"@type\":\"Person\",\"@id\":\"https:\\\/\\\/www.ilnotiziario.net\\\/wp\\\/#\\\/schema\\\/person\\\/dde8136f84d4256465941497b8e07380\",\"name\":\"Nicholas Ninno\",\"image\":{\"@type\":\"ImageObject\",\"inLanguage\":\"it-IT\",\"@id\":\"https:\\\/\\\/secure.gravatar.com\\\/avatar\\\/ea07765796e5ed970d9b5ecf387e0ca319ae099a4aad892ea5774c5128c0c88c?s=96&d=mm&r=g\",\"url\":\"https:\\\/\\\/secure.gravatar.com\\\/avatar\\\/ea07765796e5ed970d9b5ecf387e0ca319ae099a4aad892ea5774c5128c0c88c?s=96&d=mm&r=g\",\"contentUrl\":\"https:\\\/\\\/secure.gravatar.com\\\/avatar\\\/ea07765796e5ed970d9b5ecf387e0ca319ae099a4aad892ea5774c5128c0c88c?s=96&d=mm&r=g\",\"caption\":\"Nicholas Ninno\"}}]}<\/script>\n<!-- \/ Yoast SEO plugin. -->","yoast_head_json":{"title":"Saronno rievoca Sant\u2019Antonio: folla e tradizione nel corteo storico per le vie della citt\u00e0 - VIDEO - Il Notiziario","description":"Sant'Antonio a Saronno,\u00a0 un pomeriggio di storia, devozione e partecipazione, Oggi pomeriggio Saronno \u00e8 tornata indietro nel tempo con la tradizionale","robots":{"index":"index","follow":"follow","max-snippet":"max-snippet:-1","max-image-preview":"max-image-preview:large","max-video-preview":"max-video-preview:-1"},"canonical":"https:\/\/www.ilnotiziario.net\/wp\/saronno\/saronno-rievoca-santantonio-folla-e-tradizione-nel-corteo-storico-per-le-vie-della-citta-video\/","og_locale":"it_IT","og_type":"article","og_title":"Saronno rievoca Sant\u2019Antonio: folla e tradizione nel corteo storico per le vie della citt\u00e0 - VIDEO - Il Notiziario","og_description":"Sant'Antonio a Saronno,\u00a0 un pomeriggio di storia, devozione e partecipazione, Oggi pomeriggio Saronno \u00e8 tornata indietro nel tempo con la tradizionale","og_url":"https:\/\/www.ilnotiziario.net\/wp\/saronno\/saronno-rievoca-santantonio-folla-e-tradizione-nel-corteo-storico-per-le-vie-della-citta-video\/","og_site_name":"Il Notiziario","article_publisher":"https:\/\/www.facebook.com\/ilnotiziarioind\/","article_published_time":"2026-01-11T17:13:35+00:00","article_modified_time":"2026-01-11T17:13:53+00:00","og_image":[{"width":720,"height":354,"url":"https:\/\/www.ilnotiziario.net\/wp\/wp-content\/uploads\/2026\/01\/Saronno-SAntonio-Abate1.jpeg","type":"image\/jpeg"}],"author":"Nicholas Ninno","twitter_card":"summary_large_image","twitter_creator":"@ilNotiziarioInd","twitter_site":"@ilNotiziarioInd","twitter_misc":{"Scritto da":"Nicholas Ninno","Tempo di lettura stimato":"2 minuti"},"schema":{"@context":"https:\/\/schema.org","@graph":[{"@type":"Article","@id":"https:\/\/www.ilnotiziario.net\/wp\/saronno\/saronno-rievoca-santantonio-folla-e-tradizione-nel-corteo-storico-per-le-vie-della-citta-video\/#article","isPartOf":{"@id":"https:\/\/www.ilnotiziario.net\/wp\/saronno\/saronno-rievoca-santantonio-folla-e-tradizione-nel-corteo-storico-per-le-vie-della-citta-video\/"},"author":{"name":"Nicholas Ninno","@id":"https:\/\/www.ilnotiziario.net\/wp\/#\/schema\/person\/dde8136f84d4256465941497b8e07380"},"headline":"Saronno rievoca Sant\u2019Antonio: folla e tradizione nel corteo storico per le vie della citt\u00e0 &#8211; VIDEO","datePublished":"2026-01-11T17:13:35+00:00","dateModified":"2026-01-11T17:13:53+00:00","mainEntityOfPage":{"@id":"https:\/\/www.ilnotiziario.net\/wp\/saronno\/saronno-rievoca-santantonio-folla-e-tradizione-nel-corteo-storico-per-le-vie-della-citta-video\/"},"wordCount":313,"publisher":{"@id":"https:\/\/www.ilnotiziario.net\/wp\/#organization"},"image":{"@id":"https:\/\/www.ilnotiziario.net\/wp\/saronno\/saronno-rievoca-santantonio-folla-e-tradizione-nel-corteo-storico-per-le-vie-della-citta-video\/#primaryimage"},"thumbnailUrl":"https:\/\/www.ilnotiziario.net\/wp\/wp-content\/uploads\/2026\/01\/Saronno-SAntonio-Abate1.jpeg","keywords":["Corteo","folla","rievocazione","rievocazione storica","Saronno","vie"],"articleSection":["APPUNTAMENTI","Prima Pagina","SARONNO","Video"],"inLanguage":"it-IT"},{"@type":"WebPage","@id":"https:\/\/www.ilnotiziario.net\/wp\/saronno\/saronno-rievoca-santantonio-folla-e-tradizione-nel-corteo-storico-per-le-vie-della-citta-video\/","url":"https:\/\/www.ilnotiziario.net\/wp\/saronno\/saronno-rievoca-santantonio-folla-e-tradizione-nel-corteo-storico-per-le-vie-della-citta-video\/","name":"Saronno rievoca Sant\u2019Antonio: folla e tradizione nel corteo storico per le vie della citt\u00e0 - VIDEO - Il Notiziario","isPartOf":{"@id":"https:\/\/www.ilnotiziario.net\/wp\/#website"},"primaryImageOfPage":{"@id":"https:\/\/www.ilnotiziario.net\/wp\/saronno\/saronno-rievoca-santantonio-folla-e-tradizione-nel-corteo-storico-per-le-vie-della-citta-video\/#primaryimage"},"image":{"@id":"https:\/\/www.ilnotiziario.net\/wp\/saronno\/saronno-rievoca-santantonio-folla-e-tradizione-nel-corteo-storico-per-le-vie-della-citta-video\/#primaryimage"},"thumbnailUrl":"https:\/\/www.ilnotiziario.net\/wp\/wp-content\/uploads\/2026\/01\/Saronno-SAntonio-Abate1.jpeg","datePublished":"2026-01-11T17:13:35+00:00","dateModified":"2026-01-11T17:13:53+00:00","description":"Sant'Antonio a Saronno,\u00a0 un pomeriggio di storia, devozione e partecipazione, Oggi pomeriggio Saronno \u00e8 tornata indietro nel tempo con la tradizionale","breadcrumb":{"@id":"https:\/\/www.ilnotiziario.net\/wp\/saronno\/saronno-rievoca-santantonio-folla-e-tradizione-nel-corteo-storico-per-le-vie-della-citta-video\/#breadcrumb"},"inLanguage":"it-IT","potentialAction":[{"@type":"ReadAction","target":["https:\/\/www.ilnotiziario.net\/wp\/saronno\/saronno-rievoca-santantonio-folla-e-tradizione-nel-corteo-storico-per-le-vie-della-citta-video\/"]}]},{"@type":"ImageObject","inLanguage":"it-IT","@id":"https:\/\/www.ilnotiziario.net\/wp\/saronno\/saronno-rievoca-santantonio-folla-e-tradizione-nel-corteo-storico-per-le-vie-della-citta-video\/#primaryimage","url":"https:\/\/www.ilnotiziario.net\/wp\/wp-content\/uploads\/2026\/01\/Saronno-SAntonio-Abate1.jpeg","contentUrl":"https:\/\/www.ilnotiziario.net\/wp\/wp-content\/uploads\/2026\/01\/Saronno-SAntonio-Abate1.jpeg","width":720,"height":354,"caption":"Saronno Sant'Antonio Abate"},{"@type":"BreadcrumbList","@id":"https:\/\/www.ilnotiziario.net\/wp\/saronno\/saronno-rievoca-santantonio-folla-e-tradizione-nel-corteo-storico-per-le-vie-della-citta-video\/#breadcrumb","itemListElement":[{"@type":"ListItem","position":1,"name":"tds_text_logo_tagline_colortds_text_logo_tagline_colortds_text_logo_tagline_colortds_text_logo_tagline_colortd_module_7_title_excerpttd_module_7_title_excerpttd_module_7_title_excerpttd_module_7_title_excerptHome","item":"https:\/\/www.ilnotiziario.net\/wp\/"},{"@type":"ListItem","position":2,"name":"Saronno rievoca Sant\u2019Antonio: folla e tradizione nel corteo storico per le vie della citt\u00e0 &#8211; VIDEO"}]},{"@type":"WebSite","@id":"https:\/\/www.ilnotiziario.net\/wp\/#website","url":"https:\/\/www.ilnotiziario.net\/wp\/","name":"Il Notiziario","description":"Per restare sempre connessi alla notizia","publisher":{"@id":"https:\/\/www.ilnotiziario.net\/wp\/#organization"},"alternateName":"Il Notiziario Bollate","potentialAction":[{"@type":"SearchAction","target":{"@type":"EntryPoint","urlTemplate":"https:\/\/www.ilnotiziario.net\/wp\/?s={search_term_string}"},"query-input":{"@type":"PropertyValueSpecification","valueRequired":true,"valueName":"search_term_string"}}],"inLanguage":"it-IT"},{"@type":"Organization","@id":"https:\/\/www.ilnotiziario.net\/wp\/#organization","name":"Il Notiziario","url":"https:\/\/www.ilnotiziario.net\/wp\/","logo":{"@type":"ImageObject","inLanguage":"it-IT","@id":"https:\/\/www.ilnotiziario.net\/wp\/#\/schema\/logo\/image\/","url":"https:\/\/www.ilnotiziario.net\/wp\/wp-content\/uploads\/2022\/06\/170x170ilN.png","contentUrl":"https:\/\/www.ilnotiziario.net\/wp\/wp-content\/uploads\/2022\/06\/170x170ilN.png","width":355,"height":355,"caption":"Il Notiziario"},"image":{"@id":"https:\/\/www.ilnotiziario.net\/wp\/#\/schema\/logo\/image\/"},"sameAs":["https:\/\/www.facebook.com\/ilnotiziarioind\/","https:\/\/x.com\/ilNotiziarioInd","https:\/\/www.instagram.com\/ilnotiziario_settimanale\/"]},{"@type":"Person","@id":"https:\/\/www.ilnotiziario.net\/wp\/#\/schema\/person\/dde8136f84d4256465941497b8e07380","name":"Nicholas Ninno","image":{"@type":"ImageObject","inLanguage":"it-IT","@id":"https:\/\/secure.gravatar.com\/avatar\/ea07765796e5ed970d9b5ecf387e0ca319ae099a4aad892ea5774c5128c0c88c?s=96&d=mm&r=g","url":"https:\/\/secure.gravatar.com\/avatar\/ea07765796e5ed970d9b5ecf387e0ca319ae099a4aad892ea5774c5128c0c88c?s=96&d=mm&r=g","contentUrl":"https:\/\/secure.gravatar.com\/avatar\/ea07765796e5ed970d9b5ecf387e0ca319ae099a4aad892ea5774c5128c0c88c?s=96&d=mm&r=g","caption":"Nicholas Ninno"}}]}},"_links":{"self":[{"href":"https:\/\/www.ilnotiziario.net\/wp\/wp-json\/wp\/v2\/posts\/213049","targetHints":{"allow":["GET"]}}],"collection":[{"href":"https:\/\/www.ilnotiziario.net\/wp\/wp-json\/wp\/v2\/posts"}],"about":[{"href":"https:\/\/www.ilnotiziario.net\/wp\/wp-json\/wp\/v2\/types\/post"}],"author":[{"embeddable":true,"href":"https:\/\/www.ilnotiziario.net\/wp\/wp-json\/wp\/v2\/users\/223164"}],"replies":[{"embeddable":true,"href":"https:\/\/www.ilnotiziario.net\/wp\/wp-json\/wp\/v2\/comments?post=213049"}],"version-history":[{"count":0,"href":"https:\/\/www.ilnotiziario.net\/wp\/wp-json\/wp\/v2\/posts\/213049\/revisions"}],"wp:featuredmedia":[{"embeddable":true,"href":"https:\/\/www.ilnotiziario.net\/wp\/wp-json\/wp\/v2\/media\/213059"}],"wp:attachment":[{"href":"https:\/\/www.ilnotiziario.net\/wp\/wp-json\/wp\/v2\/media?parent=213049"}],"wp:term":[{"taxonomy":"category","embeddable":true,"href":"https:\/\/www.ilnotiziario.net\/wp\/wp-json\/wp\/v2\/categories?post=213049"},{"taxonomy":"post_tag","embeddable":true,"href":"https:\/\/www.ilnotiziario.net\/wp\/wp-json\/wp\/v2\/tags?post=213049"}],"curies":[{"name":"wp","href":"https:\/\/api.w.org\/{rel}","templated":true}]}}