{"id":21491,"date":"2017-12-16T16:01:20","date_gmt":"2017-12-16T15:01:20","guid":{"rendered":"http:\/\/www.ilnotiziario.net\/?p=21491"},"modified":"2017-12-16T16:46:09","modified_gmt":"2017-12-16T15:46:09","slug":"caronno-avra-suo-centro-del-riutilizzo-70mila-euro-dalla-regione","status":"publish","type":"post","link":"https:\/\/www.ilnotiziario.net\/wp\/saronnese\/caronno-avra-suo-centro-del-riutilizzo-70mila-euro-dalla-regione\/","title":{"rendered":"Caronno avr\u00e0 il suo centro del riutilizzo: 70mila euro dalla Regione"},"content":{"rendered":"<p><img fetchpriority=\"high\" decoding=\"async\" class=\"alignleft size-medium wp-image-21493\" src=\"http:\/\/www.ilnotiziario.net\/wp\/wp-content\/uploads\/2017\/12\/centro-riuso-fontescodella-P1060918-Copy-300x225.jpg\" alt=\"\" width=\"300\" height=\"225\" srcset=\"https:\/\/www.ilnotiziario.net\/wp\/wp-content\/uploads\/2017\/12\/centro-riuso-fontescodella-P1060918-Copy-300x225.jpg 300w, https:\/\/www.ilnotiziario.net\/wp\/wp-content\/uploads\/2017\/12\/centro-riuso-fontescodella-P1060918-Copy-768x576.jpg 768w, https:\/\/www.ilnotiziario.net\/wp\/wp-content\/uploads\/2017\/12\/centro-riuso-fontescodella-P1060918-Copy-1024x768.jpg 1024w, https:\/\/www.ilnotiziario.net\/wp\/wp-content\/uploads\/2017\/12\/centro-riuso-fontescodella-P1060918-Copy-265x198.jpg 265w, https:\/\/www.ilnotiziario.net\/wp\/wp-content\/uploads\/2017\/12\/centro-riuso-fontescodella-P1060918-Copy-560x420.jpg 560w, https:\/\/www.ilnotiziario.net\/wp\/wp-content\/uploads\/2017\/12\/centro-riuso-fontescodella-P1060918-Copy.jpg 1280w\" sizes=\"(max-width: 300px) 100vw, 300px\" \/>C\u2019\u00e8 anche Caronno Pertusella tra i 14 comuni lombardi che hanno ricevuto un finanziamento da Regione Lombardia per aprire un centro del riutilizzo.<\/p><div id=\"ilnot-180270724\" class=\"ilnot-contenuto ilnot-entity-placement\"><p><!-- incontent_1 --><\/p>\n<div class=\"gptslot\" data-adunitid=\"1\"><\/div>\n<\/div>\n<p>&#8220;Abbiamo assegnato oltre 747.000 euro a diversi Comuni, della nostra regione, che hanno partecipato al bando e che realizzeranno, sul loro territorio, i cosiddetti &#8216;Centri del riutilizzo&#8217;.&#8221; Lo annuncia l&#8217;assessore regionale all&#8217;Ambiente, Energia e Sviluppo sostenibile, Claudia Terzi, a seguito della pubblicazione del decreto che assegna le risorse a 14 Enti lombardi.<\/p>\n<p>&#8220;Il bando &#8211; spiega l&#8217;assessore regionale &#8211; aperto lo scorso luglio e chiusosi alla fine di settembre, era partito con una dotazione iniziale di 500.000 euro ma, grazie al recupero di ulteriori risorse, ha permesso di incrementare la dotazione assegnata fino a 747.208,93 euro&#8221;.<\/p><div id=\"ilnot-1196990000\" class=\"ilnot-contenuto_2 ilnot-entity-placement\"><div class=\"ads-wrapper\">\n<div class=\"ad-slot\">\n   <div id=\"ilnot-2509737622\" style=\"margin-right: auto;margin-left: auto;text-align: center;width: 320px;height: 100px;\"><a href=\"https:\/\/www.scuolasicurezza.it\/\"><img decoding=\"async\" src=\"https:\/\/www.ilnotiziario.net\/wp\/wp-content\/uploads\/2026\/04\/IlNotiziario_banner-sito-e-newsletter-320-x-100-px-1.gif\" alt=\"\"><\/a><\/div>\n  <\/div>\n<div class=\"ad-slot\">\n   <div id=\"ilnot-3442932645\" style=\"margin-right: auto;margin-left: auto;text-align: center;width: 320px;height: 100px;\"><a href=\"https:\/\/purodesignarredamenti.com\/\"><img decoding=\"async\" src=\"https:\/\/www.ilnotiziario.net\/wp\/wp-content\/uploads\/2026\/04\/banner-puro-ok.gif\" alt=\"whatsapp\"><\/a><\/div><\/p><\/div>\n<\/div>\n<\/div>\n<p>&#8220;Grazie a questi fondi &#8211; sottolinea Claudia Terzi &#8211; gli enti locali potranno realizzare i Centri del riutilizzo o ampliare quelli esistenti. Viene, infatti, finanziata la realizzazione di aree coperte o locali, che permettano di intercettare beni ancora in buono stato ed evitare cos\u00ec la produzione di rifiuti. L&#8217;obiettivo \u00e8 quello di ridurre il numero dei rifiuti prodotti, costituire un servizio aggiuntivo per la cittadinanza e aumentare l&#8217;occupazione, anche di soggetti svantaggiati&#8221;.<\/p>\n<p>I &#8216;Centri del riutilizzo &#8216; sono locali o aree coperte, in cui viene effettuata la consegna, il deposito e il prelievo di beni usati, che non siano rifiuti, caratterizzati dal fatto di essere in buono stato e che possano essere riutilizzati. &#8220;Negli anni scorsi &#8211; conclude Terzi &#8211; abbiamo gi\u00e0 emanato un bando simile, destinando circa 1 milione di euro.<\/p>\n<p>Un provvedimento accolto dal territorio in maniera straordinaria che abbiamo voluto replicare, in un&#8217;ottica di economia circolare. Ci\u00f2 che per alcuni \u00e8 considerato un rifiuto, infatti, pu\u00f2 essere riutilizzato da altri con grande beneficio economico sia per le famiglie sia per gli Enti locali e, soprattutto, per l&#8217;ambiente&#8221;.<\/p><div id=\"ilnot-2439908623\" class=\"ilnot-contenuto_2-2 ilnot-entity-placement\"><div class=\"gptslot\" data-adunitid=\"2\"><\/div>\n<\/div>\n","protected":false},"excerpt":{"rendered":"<p>C\u2019\u00e8 anche Caronno Pertusella tra i 14 comuni lombardi che hanno ricevuto un finanziamento da Regione Lombardia per aprire un centro del riutilizzo. &#8220;Abbiamo assegnato oltre 747.000 euro a diversi Comuni, della nostra regione, che hanno partecipato al bando e che realizzeranno, sul loro territorio, i cosiddetti &#8216;Centri del riutilizzo&#8217;.&#8221; Lo annuncia l&#8217;assessore regionale all&#8217;Ambiente,<\/p>\n","protected":false},"author":7,"featured_media":21493,"comment_status":"closed","ping_status":"closed","sticky":false,"template":"","format":"standard","meta":{"footnotes":""},"categories":[13],"tags":[91,4517,4518,54,992],"class_list":{"0":"post-21491","1":"post","2":"type-post","3":"status-publish","4":"format-standard","5":"has-post-thumbnail","7":"category-saronnese","8":"tag-caronno-pertusella","9":"tag-centro-del-riutilizzo","10":"tag-claudia-terzi","11":"tag-regione-lombardia","12":"tag-rifiuti"},"yoast_head":"<!-- This site is optimized with the Yoast SEO plugin v27.4 - https:\/\/yoast.com\/product\/yoast-seo-wordpress\/ -->\n<title>Caronno avr\u00e0 il suo centro del riutilizzo: 70mila euro dalla Regione - Il Notiziario<\/title>\n<meta name=\"description\" content=\"C\u2019\u00e8 anche Caronno Pertusella tra i 14 comuni lombardi che hanno ricevuto un finanziamento da Regione Lombardia per aprire un centro del riutilizzo.\" \/>\n<meta name=\"robots\" content=\"index, follow, max-snippet:-1, max-image-preview:large, max-video-preview:-1\" \/>\n<link rel=\"canonical\" href=\"https:\/\/www.ilnotiziario.net\/wp\/saronnese\/caronno-avra-suo-centro-del-riutilizzo-70mila-euro-dalla-regione\/\" \/>\n<meta property=\"og:locale\" content=\"it_IT\" \/>\n<meta property=\"og:type\" content=\"article\" \/>\n<meta property=\"og:title\" content=\"Caronno avr\u00e0 il suo centro del riutilizzo: 70mila euro dalla Regione - Il Notiziario\" \/>\n<meta property=\"og:description\" content=\"C\u2019\u00e8 anche Caronno Pertusella tra i 14 comuni lombardi che hanno ricevuto un finanziamento da Regione Lombardia per aprire un centro del riutilizzo.\" \/>\n<meta property=\"og:url\" content=\"https:\/\/www.ilnotiziario.net\/wp\/saronnese\/caronno-avra-suo-centro-del-riutilizzo-70mila-euro-dalla-regione\/\" \/>\n<meta property=\"og:site_name\" content=\"Il Notiziario\" \/>\n<meta property=\"article:publisher\" content=\"https:\/\/www.facebook.com\/ilnotiziarioind\/\" \/>\n<meta property=\"article:published_time\" content=\"2017-12-16T15:01:20+00:00\" \/>\n<meta property=\"article:modified_time\" content=\"2017-12-16T15:46:09+00:00\" \/>\n<meta property=\"og:image\" content=\"https:\/\/www.ilnotiziario.net\/wp\/wp-content\/uploads\/2017\/12\/centro-riuso-fontescodella-P1060918-Copy.jpg\" \/>\n\t<meta property=\"og:image:width\" content=\"1280\" \/>\n\t<meta property=\"og:image:height\" content=\"960\" \/>\n\t<meta property=\"og:image:type\" content=\"image\/jpeg\" \/>\n<meta name=\"author\" content=\"Simone Carcano\" \/>\n<meta name=\"twitter:card\" content=\"summary_large_image\" \/>\n<meta name=\"twitter:creator\" content=\"@simone_carcano\" \/>\n<meta name=\"twitter:site\" content=\"@ilNotiziarioInd\" \/>\n<meta name=\"twitter:label1\" content=\"Scritto da\" \/>\n\t<meta name=\"twitter:data1\" content=\"Simone Carcano\" \/>\n\t<meta name=\"twitter:label2\" content=\"Tempo di lettura stimato\" \/>\n\t<meta name=\"twitter:data2\" content=\"1 minuto\" \/>\n<script type=\"application\/ld+json\" class=\"yoast-schema-graph\">{\"@context\":\"https:\\\/\\\/schema.org\",\"@graph\":[{\"@type\":\"Article\",\"@id\":\"https:\\\/\\\/www.ilnotiziario.net\\\/wp\\\/saronnese\\\/caronno-avra-suo-centro-del-riutilizzo-70mila-euro-dalla-regione\\\/#article\",\"isPartOf\":{\"@id\":\"https:\\\/\\\/www.ilnotiziario.net\\\/wp\\\/saronnese\\\/caronno-avra-suo-centro-del-riutilizzo-70mila-euro-dalla-regione\\\/\"},\"author\":{\"name\":\"Simone Carcano\",\"@id\":\"https:\\\/\\\/www.ilnotiziario.net\\\/wp\\\/#\\\/schema\\\/person\\\/c218ad0865f96bfe2c1c2cfa719653f7\"},\"headline\":\"Caronno avr\u00e0 il suo centro del riutilizzo: 70mila euro dalla Regione\",\"datePublished\":\"2017-12-16T15:01:20+00:00\",\"dateModified\":\"2017-12-16T15:46:09+00:00\",\"mainEntityOfPage\":{\"@id\":\"https:\\\/\\\/www.ilnotiziario.net\\\/wp\\\/saronnese\\\/caronno-avra-suo-centro-del-riutilizzo-70mila-euro-dalla-regione\\\/\"},\"wordCount\":308,\"publisher\":{\"@id\":\"https:\\\/\\\/www.ilnotiziario.net\\\/wp\\\/#organization\"},\"image\":{\"@id\":\"https:\\\/\\\/www.ilnotiziario.net\\\/wp\\\/saronnese\\\/caronno-avra-suo-centro-del-riutilizzo-70mila-euro-dalla-regione\\\/#primaryimage\"},\"thumbnailUrl\":\"https:\\\/\\\/www.ilnotiziario.net\\\/wp\\\/wp-content\\\/uploads\\\/2017\\\/12\\\/centro-riuso-fontescodella-P1060918-Copy.jpg\",\"keywords\":[\"Caronno Pertusella\",\"Centro del riutilizzo\",\"Claudia Terzi\",\"Regione Lombardia\",\"rifiuti\"],\"articleSection\":[\"SARONNESE\"],\"inLanguage\":\"it-IT\"},{\"@type\":\"WebPage\",\"@id\":\"https:\\\/\\\/www.ilnotiziario.net\\\/wp\\\/saronnese\\\/caronno-avra-suo-centro-del-riutilizzo-70mila-euro-dalla-regione\\\/\",\"url\":\"https:\\\/\\\/www.ilnotiziario.net\\\/wp\\\/saronnese\\\/caronno-avra-suo-centro-del-riutilizzo-70mila-euro-dalla-regione\\\/\",\"name\":\"Caronno avr\u00e0 il suo centro del riutilizzo: 70mila euro dalla Regione - Il Notiziario\",\"isPartOf\":{\"@id\":\"https:\\\/\\\/www.ilnotiziario.net\\\/wp\\\/#website\"},\"primaryImageOfPage\":{\"@id\":\"https:\\\/\\\/www.ilnotiziario.net\\\/wp\\\/saronnese\\\/caronno-avra-suo-centro-del-riutilizzo-70mila-euro-dalla-regione\\\/#primaryimage\"},\"image\":{\"@id\":\"https:\\\/\\\/www.ilnotiziario.net\\\/wp\\\/saronnese\\\/caronno-avra-suo-centro-del-riutilizzo-70mila-euro-dalla-regione\\\/#primaryimage\"},\"thumbnailUrl\":\"https:\\\/\\\/www.ilnotiziario.net\\\/wp\\\/wp-content\\\/uploads\\\/2017\\\/12\\\/centro-riuso-fontescodella-P1060918-Copy.jpg\",\"datePublished\":\"2017-12-16T15:01:20+00:00\",\"dateModified\":\"2017-12-16T15:46:09+00:00\",\"description\":\"C\u2019\u00e8 anche Caronno Pertusella tra i 14 comuni lombardi che hanno ricevuto un finanziamento da Regione Lombardia per aprire un centro del riutilizzo.\",\"breadcrumb\":{\"@id\":\"https:\\\/\\\/www.ilnotiziario.net\\\/wp\\\/saronnese\\\/caronno-avra-suo-centro-del-riutilizzo-70mila-euro-dalla-regione\\\/#breadcrumb\"},\"inLanguage\":\"it-IT\",\"potentialAction\":[{\"@type\":\"ReadAction\",\"target\":[\"https:\\\/\\\/www.ilnotiziario.net\\\/wp\\\/saronnese\\\/caronno-avra-suo-centro-del-riutilizzo-70mila-euro-dalla-regione\\\/\"]}]},{\"@type\":\"ImageObject\",\"inLanguage\":\"it-IT\",\"@id\":\"https:\\\/\\\/www.ilnotiziario.net\\\/wp\\\/saronnese\\\/caronno-avra-suo-centro-del-riutilizzo-70mila-euro-dalla-regione\\\/#primaryimage\",\"url\":\"https:\\\/\\\/www.ilnotiziario.net\\\/wp\\\/wp-content\\\/uploads\\\/2017\\\/12\\\/centro-riuso-fontescodella-P1060918-Copy.jpg\",\"contentUrl\":\"https:\\\/\\\/www.ilnotiziario.net\\\/wp\\\/wp-content\\\/uploads\\\/2017\\\/12\\\/centro-riuso-fontescodella-P1060918-Copy.jpg\",\"width\":1280,\"height\":960},{\"@type\":\"BreadcrumbList\",\"@id\":\"https:\\\/\\\/www.ilnotiziario.net\\\/wp\\\/saronnese\\\/caronno-avra-suo-centro-del-riutilizzo-70mila-euro-dalla-regione\\\/#breadcrumb\",\"itemListElement\":[{\"@type\":\"ListItem\",\"position\":1,\"name\":\"tds_text_logo_tagline_colortds_text_logo_tagline_colortds_text_logo_tagline_colortds_text_logo_tagline_colortd_module_7_title_excerpttd_module_7_title_excerpttd_module_7_title_excerpttd_module_7_title_excerptHome\",\"item\":\"https:\\\/\\\/www.ilnotiziario.net\\\/wp\\\/\"},{\"@type\":\"ListItem\",\"position\":2,\"name\":\"Caronno avr\u00e0 il suo centro del riutilizzo: 70mila euro dalla Regione\"}]},{\"@type\":\"WebSite\",\"@id\":\"https:\\\/\\\/www.ilnotiziario.net\\\/wp\\\/#website\",\"url\":\"https:\\\/\\\/www.ilnotiziario.net\\\/wp\\\/\",\"name\":\"Il Notiziario\",\"description\":\"Per restare sempre connessi alla notizia\",\"publisher\":{\"@id\":\"https:\\\/\\\/www.ilnotiziario.net\\\/wp\\\/#organization\"},\"alternateName\":\"Il Notiziario Bollate\",\"potentialAction\":[{\"@type\":\"SearchAction\",\"target\":{\"@type\":\"EntryPoint\",\"urlTemplate\":\"https:\\\/\\\/www.ilnotiziario.net\\\/wp\\\/?s={search_term_string}\"},\"query-input\":{\"@type\":\"PropertyValueSpecification\",\"valueRequired\":true,\"valueName\":\"search_term_string\"}}],\"inLanguage\":\"it-IT\"},{\"@type\":\"Organization\",\"@id\":\"https:\\\/\\\/www.ilnotiziario.net\\\/wp\\\/#organization\",\"name\":\"Il Notiziario\",\"url\":\"https:\\\/\\\/www.ilnotiziario.net\\\/wp\\\/\",\"logo\":{\"@type\":\"ImageObject\",\"inLanguage\":\"it-IT\",\"@id\":\"https:\\\/\\\/www.ilnotiziario.net\\\/wp\\\/#\\\/schema\\\/logo\\\/image\\\/\",\"url\":\"https:\\\/\\\/www.ilnotiziario.net\\\/wp\\\/wp-content\\\/uploads\\\/2022\\\/06\\\/170x170ilN.png\",\"contentUrl\":\"https:\\\/\\\/www.ilnotiziario.net\\\/wp\\\/wp-content\\\/uploads\\\/2022\\\/06\\\/170x170ilN.png\",\"width\":355,\"height\":355,\"caption\":\"Il Notiziario\"},\"image\":{\"@id\":\"https:\\\/\\\/www.ilnotiziario.net\\\/wp\\\/#\\\/schema\\\/logo\\\/image\\\/\"},\"sameAs\":[\"https:\\\/\\\/www.facebook.com\\\/ilnotiziarioind\\\/\",\"https:\\\/\\\/x.com\\\/ilNotiziarioInd\",\"https:\\\/\\\/www.instagram.com\\\/ilnotiziario_settimanale\\\/\"]},{\"@type\":\"Person\",\"@id\":\"https:\\\/\\\/www.ilnotiziario.net\\\/wp\\\/#\\\/schema\\\/person\\\/c218ad0865f96bfe2c1c2cfa719653f7\",\"name\":\"Simone Carcano\",\"image\":{\"@type\":\"ImageObject\",\"inLanguage\":\"it-IT\",\"@id\":\"https:\\\/\\\/secure.gravatar.com\\\/avatar\\\/5e677023cff2c47e9f7a896b9157a46e18bd36e7c4d000a1726bb730be7d38bb?s=96&d=mm&r=g\",\"url\":\"https:\\\/\\\/secure.gravatar.com\\\/avatar\\\/5e677023cff2c47e9f7a896b9157a46e18bd36e7c4d000a1726bb730be7d38bb?s=96&d=mm&r=g\",\"contentUrl\":\"https:\\\/\\\/secure.gravatar.com\\\/avatar\\\/5e677023cff2c47e9f7a896b9157a46e18bd36e7c4d000a1726bb730be7d38bb?s=96&d=mm&r=g\",\"caption\":\"Simone Carcano\"},\"sameAs\":[\"http:\\\/\\\/www.ilnotiziario.net\",\"https:\\\/\\\/x.com\\\/@simone_carcano\"]}]}<\/script>\n<!-- \/ Yoast SEO plugin. -->","yoast_head_json":{"title":"Caronno avr\u00e0 il suo centro del riutilizzo: 70mila euro dalla Regione - Il Notiziario","description":"C\u2019\u00e8 anche Caronno Pertusella tra i 14 comuni lombardi che hanno ricevuto un finanziamento da Regione Lombardia per aprire un centro del riutilizzo.","robots":{"index":"index","follow":"follow","max-snippet":"max-snippet:-1","max-image-preview":"max-image-preview:large","max-video-preview":"max-video-preview:-1"},"canonical":"https:\/\/www.ilnotiziario.net\/wp\/saronnese\/caronno-avra-suo-centro-del-riutilizzo-70mila-euro-dalla-regione\/","og_locale":"it_IT","og_type":"article","og_title":"Caronno avr\u00e0 il suo centro del riutilizzo: 70mila euro dalla Regione - Il Notiziario","og_description":"C\u2019\u00e8 anche Caronno Pertusella tra i 14 comuni lombardi che hanno ricevuto un finanziamento da Regione Lombardia per aprire un centro del riutilizzo.","og_url":"https:\/\/www.ilnotiziario.net\/wp\/saronnese\/caronno-avra-suo-centro-del-riutilizzo-70mila-euro-dalla-regione\/","og_site_name":"Il Notiziario","article_publisher":"https:\/\/www.facebook.com\/ilnotiziarioind\/","article_published_time":"2017-12-16T15:01:20+00:00","article_modified_time":"2017-12-16T15:46:09+00:00","og_image":[{"width":1280,"height":960,"url":"https:\/\/www.ilnotiziario.net\/wp\/wp-content\/uploads\/2017\/12\/centro-riuso-fontescodella-P1060918-Copy.jpg","type":"image\/jpeg"}],"author":"Simone Carcano","twitter_card":"summary_large_image","twitter_creator":"@simone_carcano","twitter_site":"@ilNotiziarioInd","twitter_misc":{"Scritto da":"Simone Carcano","Tempo di lettura stimato":"1 minuto"},"schema":{"@context":"https:\/\/schema.org","@graph":[{"@type":"Article","@id":"https:\/\/www.ilnotiziario.net\/wp\/saronnese\/caronno-avra-suo-centro-del-riutilizzo-70mila-euro-dalla-regione\/#article","isPartOf":{"@id":"https:\/\/www.ilnotiziario.net\/wp\/saronnese\/caronno-avra-suo-centro-del-riutilizzo-70mila-euro-dalla-regione\/"},"author":{"name":"Simone Carcano","@id":"https:\/\/www.ilnotiziario.net\/wp\/#\/schema\/person\/c218ad0865f96bfe2c1c2cfa719653f7"},"headline":"Caronno avr\u00e0 il suo centro del riutilizzo: 70mila euro dalla Regione","datePublished":"2017-12-16T15:01:20+00:00","dateModified":"2017-12-16T15:46:09+00:00","mainEntityOfPage":{"@id":"https:\/\/www.ilnotiziario.net\/wp\/saronnese\/caronno-avra-suo-centro-del-riutilizzo-70mila-euro-dalla-regione\/"},"wordCount":308,"publisher":{"@id":"https:\/\/www.ilnotiziario.net\/wp\/#organization"},"image":{"@id":"https:\/\/www.ilnotiziario.net\/wp\/saronnese\/caronno-avra-suo-centro-del-riutilizzo-70mila-euro-dalla-regione\/#primaryimage"},"thumbnailUrl":"https:\/\/www.ilnotiziario.net\/wp\/wp-content\/uploads\/2017\/12\/centro-riuso-fontescodella-P1060918-Copy.jpg","keywords":["Caronno Pertusella","Centro del riutilizzo","Claudia Terzi","Regione Lombardia","rifiuti"],"articleSection":["SARONNESE"],"inLanguage":"it-IT"},{"@type":"WebPage","@id":"https:\/\/www.ilnotiziario.net\/wp\/saronnese\/caronno-avra-suo-centro-del-riutilizzo-70mila-euro-dalla-regione\/","url":"https:\/\/www.ilnotiziario.net\/wp\/saronnese\/caronno-avra-suo-centro-del-riutilizzo-70mila-euro-dalla-regione\/","name":"Caronno avr\u00e0 il suo centro del riutilizzo: 70mila euro dalla Regione - Il Notiziario","isPartOf":{"@id":"https:\/\/www.ilnotiziario.net\/wp\/#website"},"primaryImageOfPage":{"@id":"https:\/\/www.ilnotiziario.net\/wp\/saronnese\/caronno-avra-suo-centro-del-riutilizzo-70mila-euro-dalla-regione\/#primaryimage"},"image":{"@id":"https:\/\/www.ilnotiziario.net\/wp\/saronnese\/caronno-avra-suo-centro-del-riutilizzo-70mila-euro-dalla-regione\/#primaryimage"},"thumbnailUrl":"https:\/\/www.ilnotiziario.net\/wp\/wp-content\/uploads\/2017\/12\/centro-riuso-fontescodella-P1060918-Copy.jpg","datePublished":"2017-12-16T15:01:20+00:00","dateModified":"2017-12-16T15:46:09+00:00","description":"C\u2019\u00e8 anche Caronno Pertusella tra i 14 comuni lombardi che hanno ricevuto un finanziamento da Regione Lombardia per aprire un centro del riutilizzo.","breadcrumb":{"@id":"https:\/\/www.ilnotiziario.net\/wp\/saronnese\/caronno-avra-suo-centro-del-riutilizzo-70mila-euro-dalla-regione\/#breadcrumb"},"inLanguage":"it-IT","potentialAction":[{"@type":"ReadAction","target":["https:\/\/www.ilnotiziario.net\/wp\/saronnese\/caronno-avra-suo-centro-del-riutilizzo-70mila-euro-dalla-regione\/"]}]},{"@type":"ImageObject","inLanguage":"it-IT","@id":"https:\/\/www.ilnotiziario.net\/wp\/saronnese\/caronno-avra-suo-centro-del-riutilizzo-70mila-euro-dalla-regione\/#primaryimage","url":"https:\/\/www.ilnotiziario.net\/wp\/wp-content\/uploads\/2017\/12\/centro-riuso-fontescodella-P1060918-Copy.jpg","contentUrl":"https:\/\/www.ilnotiziario.net\/wp\/wp-content\/uploads\/2017\/12\/centro-riuso-fontescodella-P1060918-Copy.jpg","width":1280,"height":960},{"@type":"BreadcrumbList","@id":"https:\/\/www.ilnotiziario.net\/wp\/saronnese\/caronno-avra-suo-centro-del-riutilizzo-70mila-euro-dalla-regione\/#breadcrumb","itemListElement":[{"@type":"ListItem","position":1,"name":"tds_text_logo_tagline_colortds_text_logo_tagline_colortds_text_logo_tagline_colortds_text_logo_tagline_colortd_module_7_title_excerpttd_module_7_title_excerpttd_module_7_title_excerpttd_module_7_title_excerptHome","item":"https:\/\/www.ilnotiziario.net\/wp\/"},{"@type":"ListItem","position":2,"name":"Caronno avr\u00e0 il suo centro del riutilizzo: 70mila euro dalla Regione"}]},{"@type":"WebSite","@id":"https:\/\/www.ilnotiziario.net\/wp\/#website","url":"https:\/\/www.ilnotiziario.net\/wp\/","name":"Il Notiziario","description":"Per restare sempre connessi alla notizia","publisher":{"@id":"https:\/\/www.ilnotiziario.net\/wp\/#organization"},"alternateName":"Il Notiziario Bollate","potentialAction":[{"@type":"SearchAction","target":{"@type":"EntryPoint","urlTemplate":"https:\/\/www.ilnotiziario.net\/wp\/?s={search_term_string}"},"query-input":{"@type":"PropertyValueSpecification","valueRequired":true,"valueName":"search_term_string"}}],"inLanguage":"it-IT"},{"@type":"Organization","@id":"https:\/\/www.ilnotiziario.net\/wp\/#organization","name":"Il Notiziario","url":"https:\/\/www.ilnotiziario.net\/wp\/","logo":{"@type":"ImageObject","inLanguage":"it-IT","@id":"https:\/\/www.ilnotiziario.net\/wp\/#\/schema\/logo\/image\/","url":"https:\/\/www.ilnotiziario.net\/wp\/wp-content\/uploads\/2022\/06\/170x170ilN.png","contentUrl":"https:\/\/www.ilnotiziario.net\/wp\/wp-content\/uploads\/2022\/06\/170x170ilN.png","width":355,"height":355,"caption":"Il Notiziario"},"image":{"@id":"https:\/\/www.ilnotiziario.net\/wp\/#\/schema\/logo\/image\/"},"sameAs":["https:\/\/www.facebook.com\/ilnotiziarioind\/","https:\/\/x.com\/ilNotiziarioInd","https:\/\/www.instagram.com\/ilnotiziario_settimanale\/"]},{"@type":"Person","@id":"https:\/\/www.ilnotiziario.net\/wp\/#\/schema\/person\/c218ad0865f96bfe2c1c2cfa719653f7","name":"Simone Carcano","image":{"@type":"ImageObject","inLanguage":"it-IT","@id":"https:\/\/secure.gravatar.com\/avatar\/5e677023cff2c47e9f7a896b9157a46e18bd36e7c4d000a1726bb730be7d38bb?s=96&d=mm&r=g","url":"https:\/\/secure.gravatar.com\/avatar\/5e677023cff2c47e9f7a896b9157a46e18bd36e7c4d000a1726bb730be7d38bb?s=96&d=mm&r=g","contentUrl":"https:\/\/secure.gravatar.com\/avatar\/5e677023cff2c47e9f7a896b9157a46e18bd36e7c4d000a1726bb730be7d38bb?s=96&d=mm&r=g","caption":"Simone Carcano"},"sameAs":["http:\/\/www.ilnotiziario.net","https:\/\/x.com\/@simone_carcano"]}]}},"_links":{"self":[{"href":"https:\/\/www.ilnotiziario.net\/wp\/wp-json\/wp\/v2\/posts\/21491","targetHints":{"allow":["GET"]}}],"collection":[{"href":"https:\/\/www.ilnotiziario.net\/wp\/wp-json\/wp\/v2\/posts"}],"about":[{"href":"https:\/\/www.ilnotiziario.net\/wp\/wp-json\/wp\/v2\/types\/post"}],"author":[{"embeddable":true,"href":"https:\/\/www.ilnotiziario.net\/wp\/wp-json\/wp\/v2\/users\/7"}],"replies":[{"embeddable":true,"href":"https:\/\/www.ilnotiziario.net\/wp\/wp-json\/wp\/v2\/comments?post=21491"}],"version-history":[{"count":0,"href":"https:\/\/www.ilnotiziario.net\/wp\/wp-json\/wp\/v2\/posts\/21491\/revisions"}],"wp:featuredmedia":[{"embeddable":true,"href":"https:\/\/www.ilnotiziario.net\/wp\/wp-json\/wp\/v2\/media\/21493"}],"wp:attachment":[{"href":"https:\/\/www.ilnotiziario.net\/wp\/wp-json\/wp\/v2\/media?parent=21491"}],"wp:term":[{"taxonomy":"category","embeddable":true,"href":"https:\/\/www.ilnotiziario.net\/wp\/wp-json\/wp\/v2\/categories?post=21491"},{"taxonomy":"post_tag","embeddable":true,"href":"https:\/\/www.ilnotiziario.net\/wp\/wp-json\/wp\/v2\/tags?post=21491"}],"curies":[{"name":"wp","href":"https:\/\/api.w.org\/{rel}","templated":true}]}}