{"id":215060,"date":"2026-01-23T18:27:36","date_gmt":"2026-01-23T17:27:36","guid":{"rendered":"https:\/\/www.ilnotiziario.net\/wp\/?p=215060"},"modified":"2026-01-23T18:27:36","modified_gmt":"2026-01-23T17:27:36","slug":"limbiate-ordinanza-contro-il-gas-esilarante-stop-a-uso-e-detenzione-nelle-aree-pubbliche","status":"publish","type":"post","link":"https:\/\/www.ilnotiziario.net\/wp\/prima-pagina\/limbiate-ordinanza-contro-il-gas-esilarante-stop-a-uso-e-detenzione-nelle-aree-pubbliche\/","title":{"rendered":"Limbiate, ordinanza contro il \u201cgas esilarante\u201d: stop a uso e detenzione nelle aree pubbliche"},"content":{"rendered":"<p>A Limbiate il sindaco ha emesso un&#8217;ordinanza contro uso e detenzione di gas esilarante.<\/p><div id=\"ilnot-1738759550\" class=\"ilnot-contenuto ilnot-entity-placement\"><p><!-- incontent_1 --><\/p>\n<div class=\"gptslot\" data-adunitid=\"1\"><\/div>\n<\/div>\n<p>Il sindaco di Limbiate, Antonio Romeo, ha firmato un\u2019ordinanza che vieta la detenzione e l\u2019utilizzo del Protossido d\u2019Azoto (N2O), noto come gas esilarante, in tutte le aree pubbliche della citt\u00e0, con particolare attenzione a parchi e zone vicine agli istituti scolastici.<\/p>\n<p>Il provvedimento arriva dopo mesi di monitoraggio da parte dell\u2019Amministrazione comunale e a seguito dei ripetuti interventi della Polizia Locale, che in diverse zone di Limbiate ha rinvenuto bombole e palloncini utilizzati per l\u2019inalazione del gas, pratica sempre pi\u00f9 diffusa soprattutto tra i giovani.<\/p><div id=\"ilnot-1554817919\" class=\"ilnot-contenuto_2 ilnot-entity-placement\"><div class=\"ads-wrapper\">\n<div class=\"ad-slot\">\n   <div id=\"ilnot-2971704355\" style=\"margin-right: auto;margin-left: auto;text-align: center;width: 320px;height: 100px;\"><a href=\"https:\/\/www.scuolasicurezza.it\/\"><img decoding=\"async\" src=\"https:\/\/www.ilnotiziario.net\/wp\/wp-content\/uploads\/2026\/04\/IlNotiziario_banner-sito-e-newsletter-320-x-100-px-1.gif\" alt=\"\"><\/a><\/div>\n  <\/div>\n<div class=\"ad-slot\">\n   <div id=\"ilnot-4224190905\" style=\"margin-right: auto;margin-left: auto;text-align: center;width: 320px;height: 100px;\"><a href=\"https:\/\/purodesignarredamenti.com\/\"><img decoding=\"async\" src=\"https:\/\/www.ilnotiziario.net\/wp\/wp-content\/uploads\/2026\/04\/banner-puro-ok.gif\" alt=\"whatsapp\"><\/a><\/div><\/p><\/div>\n<\/div>\n<\/div>\n<h2>Ordinanza contro gas esilarante annunciata durante il \u201cMese dell\u2019Educazione\u201d a Limbiate<\/h2>\n<p>L\u2019ordinanza \u00e8 stata annunciata ufficialmente durante il secondo incontro del \u201cMese dell\u2019Educazione\u201d, ciclo di appuntamenti dedicati ai temi della prevenzione e delle dipendenze giovanili. La serata, dal titolo significativo \u201cBasta una bomboletta\u201d, ha visto la partecipazione di esperti, educatori e famiglie ed \u00e8 stata arricchita dalla toccante testimonianza di una madre, il cui figlio sta affrontando un percorso di recupero dopo la dipendenza da gas esilarante.<\/p>\n<p>\u201cQuesta ordinanza non \u00e8 solo un atto burocratico, ma una scelta di responsabilit\u00e0 verso i nostri ragazzi e le loro famiglie\u201d ha spiegato il sindaco Romeo. \u201cL\u2019impegno del Comune si traduce nel presidio del territorio, nel dialogo con il mondo educativo e in iniziative di sensibilizzazione come quelle promosse in queste settimane\u201d.<\/p>\n<h2>Gas esilarante, la nuova moda di adolescenti e giovani\u00a0 con gravi rischi per la salute<\/h2>\n<p>L\u2019utilizzo improprio del Protossido d\u2019Azoto comporta gravi rischi per la salute, tra cui danni al sistema nervoso centrale, perdita di coscienza e alterazioni cognitive, come pi\u00f9 volte segnalato dagli esperti sanitari.<\/p><div id=\"ilnot-781496755\" class=\"ilnot-contenuto_2-2 ilnot-entity-placement\"><div class=\"gptslot\" data-adunitid=\"2\"><\/div>\n<\/div>\n<p>L\u2019ordinanza prevede sanzioni amministrative per i trasgressori. In caso di minori, \u00e8 disposto il sequestro delle bombole e l\u2019avvio alla distruzione del materiale, oltre alla convocazione dei genitori.<\/p>\n<p>Un fronte educativo comune a Limbiate<\/p>\n<p>L\u2019iniziativa rientra in un pi\u00f9 ampio percorso di prevenzione costruito insieme alla Comunit\u00e0 Pastorale, alle scuole e alle realt\u00e0 educative del territorio. Un lavoro di rete che punta a rafforzare il concetto di \u201ccomunit\u00e0 educante\u201d, capace di affrontare in modo condiviso fenomeni complessi come le nuove dipendenze.<\/p><div id=\"ilnot-1768852010\" class=\"ilnot-contenuto_2-2-2 ilnot-entity-placement\"><div class=\"gptslot\" data-adunitid=\"3\"><\/div>\n<\/div>\n<p>Con questa ordinanza, Limbiate compie un passo deciso sul fronte della sicurezza urbana e della tutela dei giovani, ribadendo l\u2019attenzione verso il benessere della comunit\u00e0 e il decoro degli spazi pubblici.<\/p>\n<p><strong>Redazione Online\u00a0<\/strong><\/p>\n","protected":false},"excerpt":{"rendered":"<p>A Limbiate il sindaco ha emesso un&#8217;ordinanza contro uso e detenzione di gas esilarante. Il sindaco di Limbiate, Antonio Romeo, ha firmato un\u2019ordinanza che vieta la detenzione e l\u2019utilizzo del Protossido d\u2019Azoto (N2O), noto come gas esilarante, in tutte le aree pubbliche della citt\u00e0, con particolare attenzione a parchi e zone vicine agli istituti scolastici.<\/p>\n","protected":false},"author":3,"featured_media":215061,"comment_status":"closed","ping_status":"closed","sticky":false,"template":"","format":"standard","meta":{"footnotes":""},"categories":[9,20],"tags":[18517,366,47,3444],"class_list":{"0":"post-215060","1":"post","2":"type-post","3":"status-publish","4":"format-standard","5":"has-post-thumbnail","7":"category-brianza","8":"category-prima-pagina","9":"tag-esilarante","10":"tag-gas","11":"tag-limbiate","12":"tag-ordinanza"},"yoast_head":"<!-- This site is optimized with the Yoast SEO plugin v27.4 - https:\/\/yoast.com\/product\/yoast-seo-wordpress\/ -->\n<title>Limbiate, ordinanza contro il \u201cgas esilarante\u201d: stop a uso e detenzione nelle aree pubbliche - Il Notiziario<\/title>\n<meta name=\"description\" content=\"A Limbiate il sindaco ha emesso un&#039;ordinanza contro uso e detenzione di gas esilarante. Il sindaco di Limbiate, Antonio Romeo, ha firmato un\u2019ordinanza che\" \/>\n<meta name=\"robots\" content=\"index, follow, max-snippet:-1, max-image-preview:large, max-video-preview:-1\" \/>\n<link rel=\"canonical\" href=\"https:\/\/www.ilnotiziario.net\/wp\/prima-pagina\/limbiate-ordinanza-contro-il-gas-esilarante-stop-a-uso-e-detenzione-nelle-aree-pubbliche\/\" \/>\n<meta property=\"og:locale\" content=\"it_IT\" \/>\n<meta property=\"og:type\" content=\"article\" \/>\n<meta property=\"og:title\" content=\"Limbiate, ordinanza contro il \u201cgas esilarante\u201d: stop a uso e detenzione nelle aree pubbliche - Il Notiziario\" \/>\n<meta property=\"og:description\" content=\"A Limbiate il sindaco ha emesso un&#039;ordinanza contro uso e detenzione di gas esilarante. Il sindaco di Limbiate, Antonio Romeo, ha firmato un\u2019ordinanza che\" \/>\n<meta property=\"og:url\" content=\"https:\/\/www.ilnotiziario.net\/wp\/prima-pagina\/limbiate-ordinanza-contro-il-gas-esilarante-stop-a-uso-e-detenzione-nelle-aree-pubbliche\/\" \/>\n<meta property=\"og:site_name\" content=\"Il Notiziario\" \/>\n<meta property=\"article:publisher\" content=\"https:\/\/www.facebook.com\/ilnotiziarioind\/\" \/>\n<meta property=\"article:published_time\" content=\"2026-01-23T17:27:36+00:00\" \/>\n<meta property=\"og:image\" content=\"https:\/\/www.ilnotiziario.net\/wp\/wp-content\/uploads\/2026\/01\/gas-esilarante-Limbiate.jpg\" \/>\n\t<meta property=\"og:image:width\" content=\"720\" \/>\n\t<meta property=\"og:image:height\" content=\"408\" \/>\n\t<meta property=\"og:image:type\" content=\"image\/jpeg\" \/>\n<meta name=\"author\" content=\"Gabriele Bassani\" \/>\n<meta name=\"twitter:card\" content=\"summary_large_image\" \/>\n<meta name=\"twitter:creator\" content=\"@ilNotiziarioInd\" \/>\n<meta name=\"twitter:site\" content=\"@ilNotiziarioInd\" \/>\n<meta name=\"twitter:label1\" content=\"Scritto da\" \/>\n\t<meta name=\"twitter:data1\" content=\"Gabriele Bassani\" \/>\n\t<meta name=\"twitter:label2\" content=\"Tempo di lettura stimato\" \/>\n\t<meta name=\"twitter:data2\" content=\"3 minuti\" \/>\n<script type=\"application\/ld+json\" class=\"yoast-schema-graph\">{\"@context\":\"https:\\\/\\\/schema.org\",\"@graph\":[{\"@type\":\"Article\",\"@id\":\"https:\\\/\\\/www.ilnotiziario.net\\\/wp\\\/prima-pagina\\\/limbiate-ordinanza-contro-il-gas-esilarante-stop-a-uso-e-detenzione-nelle-aree-pubbliche\\\/#article\",\"isPartOf\":{\"@id\":\"https:\\\/\\\/www.ilnotiziario.net\\\/wp\\\/prima-pagina\\\/limbiate-ordinanza-contro-il-gas-esilarante-stop-a-uso-e-detenzione-nelle-aree-pubbliche\\\/\"},\"author\":{\"name\":\"Gabriele Bassani\",\"@id\":\"https:\\\/\\\/www.ilnotiziario.net\\\/wp\\\/#\\\/schema\\\/person\\\/386e222908f898bb41c033989482bbf2\"},\"headline\":\"Limbiate, ordinanza contro il \u201cgas esilarante\u201d: stop a uso e detenzione nelle aree pubbliche\",\"datePublished\":\"2026-01-23T17:27:36+00:00\",\"mainEntityOfPage\":{\"@id\":\"https:\\\/\\\/www.ilnotiziario.net\\\/wp\\\/prima-pagina\\\/limbiate-ordinanza-contro-il-gas-esilarante-stop-a-uso-e-detenzione-nelle-aree-pubbliche\\\/\"},\"wordCount\":415,\"publisher\":{\"@id\":\"https:\\\/\\\/www.ilnotiziario.net\\\/wp\\\/#organization\"},\"image\":{\"@id\":\"https:\\\/\\\/www.ilnotiziario.net\\\/wp\\\/prima-pagina\\\/limbiate-ordinanza-contro-il-gas-esilarante-stop-a-uso-e-detenzione-nelle-aree-pubbliche\\\/#primaryimage\"},\"thumbnailUrl\":\"https:\\\/\\\/www.ilnotiziario.net\\\/wp\\\/wp-content\\\/uploads\\\/2026\\\/01\\\/gas-esilarante-Limbiate.jpg\",\"keywords\":[\"esilarante\",\"gas\",\"Limbiate\",\"ordinanza\"],\"articleSection\":[\"BRIANZA\",\"Prima Pagina\"],\"inLanguage\":\"it-IT\"},{\"@type\":\"WebPage\",\"@id\":\"https:\\\/\\\/www.ilnotiziario.net\\\/wp\\\/prima-pagina\\\/limbiate-ordinanza-contro-il-gas-esilarante-stop-a-uso-e-detenzione-nelle-aree-pubbliche\\\/\",\"url\":\"https:\\\/\\\/www.ilnotiziario.net\\\/wp\\\/prima-pagina\\\/limbiate-ordinanza-contro-il-gas-esilarante-stop-a-uso-e-detenzione-nelle-aree-pubbliche\\\/\",\"name\":\"Limbiate, ordinanza contro il \u201cgas esilarante\u201d: stop a uso e detenzione nelle aree pubbliche - Il Notiziario\",\"isPartOf\":{\"@id\":\"https:\\\/\\\/www.ilnotiziario.net\\\/wp\\\/#website\"},\"primaryImageOfPage\":{\"@id\":\"https:\\\/\\\/www.ilnotiziario.net\\\/wp\\\/prima-pagina\\\/limbiate-ordinanza-contro-il-gas-esilarante-stop-a-uso-e-detenzione-nelle-aree-pubbliche\\\/#primaryimage\"},\"image\":{\"@id\":\"https:\\\/\\\/www.ilnotiziario.net\\\/wp\\\/prima-pagina\\\/limbiate-ordinanza-contro-il-gas-esilarante-stop-a-uso-e-detenzione-nelle-aree-pubbliche\\\/#primaryimage\"},\"thumbnailUrl\":\"https:\\\/\\\/www.ilnotiziario.net\\\/wp\\\/wp-content\\\/uploads\\\/2026\\\/01\\\/gas-esilarante-Limbiate.jpg\",\"datePublished\":\"2026-01-23T17:27:36+00:00\",\"description\":\"A Limbiate il sindaco ha emesso un'ordinanza contro uso e detenzione di gas esilarante. Il sindaco di Limbiate, Antonio Romeo, ha firmato un\u2019ordinanza che\",\"breadcrumb\":{\"@id\":\"https:\\\/\\\/www.ilnotiziario.net\\\/wp\\\/prima-pagina\\\/limbiate-ordinanza-contro-il-gas-esilarante-stop-a-uso-e-detenzione-nelle-aree-pubbliche\\\/#breadcrumb\"},\"inLanguage\":\"it-IT\",\"potentialAction\":[{\"@type\":\"ReadAction\",\"target\":[\"https:\\\/\\\/www.ilnotiziario.net\\\/wp\\\/prima-pagina\\\/limbiate-ordinanza-contro-il-gas-esilarante-stop-a-uso-e-detenzione-nelle-aree-pubbliche\\\/\"]}]},{\"@type\":\"ImageObject\",\"inLanguage\":\"it-IT\",\"@id\":\"https:\\\/\\\/www.ilnotiziario.net\\\/wp\\\/prima-pagina\\\/limbiate-ordinanza-contro-il-gas-esilarante-stop-a-uso-e-detenzione-nelle-aree-pubbliche\\\/#primaryimage\",\"url\":\"https:\\\/\\\/www.ilnotiziario.net\\\/wp\\\/wp-content\\\/uploads\\\/2026\\\/01\\\/gas-esilarante-Limbiate.jpg\",\"contentUrl\":\"https:\\\/\\\/www.ilnotiziario.net\\\/wp\\\/wp-content\\\/uploads\\\/2026\\\/01\\\/gas-esilarante-Limbiate.jpg\",\"width\":720,\"height\":408,\"caption\":\"Limbiate ordinanza gas esilarante\"},{\"@type\":\"BreadcrumbList\",\"@id\":\"https:\\\/\\\/www.ilnotiziario.net\\\/wp\\\/prima-pagina\\\/limbiate-ordinanza-contro-il-gas-esilarante-stop-a-uso-e-detenzione-nelle-aree-pubbliche\\\/#breadcrumb\",\"itemListElement\":[{\"@type\":\"ListItem\",\"position\":1,\"name\":\"tds_text_logo_tagline_colortds_text_logo_tagline_colortds_text_logo_tagline_colortds_text_logo_tagline_colortd_module_7_title_excerpttd_module_7_title_excerpttd_module_7_title_excerpttd_module_7_title_excerptHome\",\"item\":\"https:\\\/\\\/www.ilnotiziario.net\\\/wp\\\/\"},{\"@type\":\"ListItem\",\"position\":2,\"name\":\"Limbiate, ordinanza contro il \u201cgas esilarante\u201d: stop a uso e detenzione nelle aree pubbliche\"}]},{\"@type\":\"WebSite\",\"@id\":\"https:\\\/\\\/www.ilnotiziario.net\\\/wp\\\/#website\",\"url\":\"https:\\\/\\\/www.ilnotiziario.net\\\/wp\\\/\",\"name\":\"Il Notiziario\",\"description\":\"Per restare sempre connessi alla notizia\",\"publisher\":{\"@id\":\"https:\\\/\\\/www.ilnotiziario.net\\\/wp\\\/#organization\"},\"alternateName\":\"Il Notiziario Bollate\",\"potentialAction\":[{\"@type\":\"SearchAction\",\"target\":{\"@type\":\"EntryPoint\",\"urlTemplate\":\"https:\\\/\\\/www.ilnotiziario.net\\\/wp\\\/?s={search_term_string}\"},\"query-input\":{\"@type\":\"PropertyValueSpecification\",\"valueRequired\":true,\"valueName\":\"search_term_string\"}}],\"inLanguage\":\"it-IT\"},{\"@type\":\"Organization\",\"@id\":\"https:\\\/\\\/www.ilnotiziario.net\\\/wp\\\/#organization\",\"name\":\"Il Notiziario\",\"url\":\"https:\\\/\\\/www.ilnotiziario.net\\\/wp\\\/\",\"logo\":{\"@type\":\"ImageObject\",\"inLanguage\":\"it-IT\",\"@id\":\"https:\\\/\\\/www.ilnotiziario.net\\\/wp\\\/#\\\/schema\\\/logo\\\/image\\\/\",\"url\":\"https:\\\/\\\/www.ilnotiziario.net\\\/wp\\\/wp-content\\\/uploads\\\/2022\\\/06\\\/170x170ilN.png\",\"contentUrl\":\"https:\\\/\\\/www.ilnotiziario.net\\\/wp\\\/wp-content\\\/uploads\\\/2022\\\/06\\\/170x170ilN.png\",\"width\":355,\"height\":355,\"caption\":\"Il Notiziario\"},\"image\":{\"@id\":\"https:\\\/\\\/www.ilnotiziario.net\\\/wp\\\/#\\\/schema\\\/logo\\\/image\\\/\"},\"sameAs\":[\"https:\\\/\\\/www.facebook.com\\\/ilnotiziarioind\\\/\",\"https:\\\/\\\/x.com\\\/ilNotiziarioInd\",\"https:\\\/\\\/www.instagram.com\\\/ilnotiziario_settimanale\\\/\"]},{\"@type\":\"Person\",\"@id\":\"https:\\\/\\\/www.ilnotiziario.net\\\/wp\\\/#\\\/schema\\\/person\\\/386e222908f898bb41c033989482bbf2\",\"name\":\"Gabriele Bassani\",\"image\":{\"@type\":\"ImageObject\",\"inLanguage\":\"it-IT\",\"@id\":\"https:\\\/\\\/secure.gravatar.com\\\/avatar\\\/09274f4a84fa97698bde56f84b3afed61c8492d48b0550db9671b68c177479cb?s=96&d=mm&r=g\",\"url\":\"https:\\\/\\\/secure.gravatar.com\\\/avatar\\\/09274f4a84fa97698bde56f84b3afed61c8492d48b0550db9671b68c177479cb?s=96&d=mm&r=g\",\"contentUrl\":\"https:\\\/\\\/secure.gravatar.com\\\/avatar\\\/09274f4a84fa97698bde56f84b3afed61c8492d48b0550db9671b68c177479cb?s=96&d=mm&r=g\",\"caption\":\"Gabriele Bassani\"},\"sameAs\":[\"http:\\\/\\\/www.ilnotiziario.net\"]}]}<\/script>\n<!-- \/ Yoast SEO plugin. -->","yoast_head_json":{"title":"Limbiate, ordinanza contro il \u201cgas esilarante\u201d: stop a uso e detenzione nelle aree pubbliche - Il Notiziario","description":"A Limbiate il sindaco ha emesso un'ordinanza contro uso e detenzione di gas esilarante. Il sindaco di Limbiate, Antonio Romeo, ha firmato un\u2019ordinanza che","robots":{"index":"index","follow":"follow","max-snippet":"max-snippet:-1","max-image-preview":"max-image-preview:large","max-video-preview":"max-video-preview:-1"},"canonical":"https:\/\/www.ilnotiziario.net\/wp\/prima-pagina\/limbiate-ordinanza-contro-il-gas-esilarante-stop-a-uso-e-detenzione-nelle-aree-pubbliche\/","og_locale":"it_IT","og_type":"article","og_title":"Limbiate, ordinanza contro il \u201cgas esilarante\u201d: stop a uso e detenzione nelle aree pubbliche - Il Notiziario","og_description":"A Limbiate il sindaco ha emesso un'ordinanza contro uso e detenzione di gas esilarante. Il sindaco di Limbiate, Antonio Romeo, ha firmato un\u2019ordinanza che","og_url":"https:\/\/www.ilnotiziario.net\/wp\/prima-pagina\/limbiate-ordinanza-contro-il-gas-esilarante-stop-a-uso-e-detenzione-nelle-aree-pubbliche\/","og_site_name":"Il Notiziario","article_publisher":"https:\/\/www.facebook.com\/ilnotiziarioind\/","article_published_time":"2026-01-23T17:27:36+00:00","og_image":[{"width":720,"height":408,"url":"https:\/\/www.ilnotiziario.net\/wp\/wp-content\/uploads\/2026\/01\/gas-esilarante-Limbiate.jpg","type":"image\/jpeg"}],"author":"Gabriele Bassani","twitter_card":"summary_large_image","twitter_creator":"@ilNotiziarioInd","twitter_site":"@ilNotiziarioInd","twitter_misc":{"Scritto da":"Gabriele Bassani","Tempo di lettura stimato":"3 minuti"},"schema":{"@context":"https:\/\/schema.org","@graph":[{"@type":"Article","@id":"https:\/\/www.ilnotiziario.net\/wp\/prima-pagina\/limbiate-ordinanza-contro-il-gas-esilarante-stop-a-uso-e-detenzione-nelle-aree-pubbliche\/#article","isPartOf":{"@id":"https:\/\/www.ilnotiziario.net\/wp\/prima-pagina\/limbiate-ordinanza-contro-il-gas-esilarante-stop-a-uso-e-detenzione-nelle-aree-pubbliche\/"},"author":{"name":"Gabriele Bassani","@id":"https:\/\/www.ilnotiziario.net\/wp\/#\/schema\/person\/386e222908f898bb41c033989482bbf2"},"headline":"Limbiate, ordinanza contro il \u201cgas esilarante\u201d: stop a uso e detenzione nelle aree pubbliche","datePublished":"2026-01-23T17:27:36+00:00","mainEntityOfPage":{"@id":"https:\/\/www.ilnotiziario.net\/wp\/prima-pagina\/limbiate-ordinanza-contro-il-gas-esilarante-stop-a-uso-e-detenzione-nelle-aree-pubbliche\/"},"wordCount":415,"publisher":{"@id":"https:\/\/www.ilnotiziario.net\/wp\/#organization"},"image":{"@id":"https:\/\/www.ilnotiziario.net\/wp\/prima-pagina\/limbiate-ordinanza-contro-il-gas-esilarante-stop-a-uso-e-detenzione-nelle-aree-pubbliche\/#primaryimage"},"thumbnailUrl":"https:\/\/www.ilnotiziario.net\/wp\/wp-content\/uploads\/2026\/01\/gas-esilarante-Limbiate.jpg","keywords":["esilarante","gas","Limbiate","ordinanza"],"articleSection":["BRIANZA","Prima Pagina"],"inLanguage":"it-IT"},{"@type":"WebPage","@id":"https:\/\/www.ilnotiziario.net\/wp\/prima-pagina\/limbiate-ordinanza-contro-il-gas-esilarante-stop-a-uso-e-detenzione-nelle-aree-pubbliche\/","url":"https:\/\/www.ilnotiziario.net\/wp\/prima-pagina\/limbiate-ordinanza-contro-il-gas-esilarante-stop-a-uso-e-detenzione-nelle-aree-pubbliche\/","name":"Limbiate, ordinanza contro il \u201cgas esilarante\u201d: stop a uso e detenzione nelle aree pubbliche - Il Notiziario","isPartOf":{"@id":"https:\/\/www.ilnotiziario.net\/wp\/#website"},"primaryImageOfPage":{"@id":"https:\/\/www.ilnotiziario.net\/wp\/prima-pagina\/limbiate-ordinanza-contro-il-gas-esilarante-stop-a-uso-e-detenzione-nelle-aree-pubbliche\/#primaryimage"},"image":{"@id":"https:\/\/www.ilnotiziario.net\/wp\/prima-pagina\/limbiate-ordinanza-contro-il-gas-esilarante-stop-a-uso-e-detenzione-nelle-aree-pubbliche\/#primaryimage"},"thumbnailUrl":"https:\/\/www.ilnotiziario.net\/wp\/wp-content\/uploads\/2026\/01\/gas-esilarante-Limbiate.jpg","datePublished":"2026-01-23T17:27:36+00:00","description":"A Limbiate il sindaco ha emesso un'ordinanza contro uso e detenzione di gas esilarante. Il sindaco di Limbiate, Antonio Romeo, ha firmato un\u2019ordinanza che","breadcrumb":{"@id":"https:\/\/www.ilnotiziario.net\/wp\/prima-pagina\/limbiate-ordinanza-contro-il-gas-esilarante-stop-a-uso-e-detenzione-nelle-aree-pubbliche\/#breadcrumb"},"inLanguage":"it-IT","potentialAction":[{"@type":"ReadAction","target":["https:\/\/www.ilnotiziario.net\/wp\/prima-pagina\/limbiate-ordinanza-contro-il-gas-esilarante-stop-a-uso-e-detenzione-nelle-aree-pubbliche\/"]}]},{"@type":"ImageObject","inLanguage":"it-IT","@id":"https:\/\/www.ilnotiziario.net\/wp\/prima-pagina\/limbiate-ordinanza-contro-il-gas-esilarante-stop-a-uso-e-detenzione-nelle-aree-pubbliche\/#primaryimage","url":"https:\/\/www.ilnotiziario.net\/wp\/wp-content\/uploads\/2026\/01\/gas-esilarante-Limbiate.jpg","contentUrl":"https:\/\/www.ilnotiziario.net\/wp\/wp-content\/uploads\/2026\/01\/gas-esilarante-Limbiate.jpg","width":720,"height":408,"caption":"Limbiate ordinanza gas esilarante"},{"@type":"BreadcrumbList","@id":"https:\/\/www.ilnotiziario.net\/wp\/prima-pagina\/limbiate-ordinanza-contro-il-gas-esilarante-stop-a-uso-e-detenzione-nelle-aree-pubbliche\/#breadcrumb","itemListElement":[{"@type":"ListItem","position":1,"name":"tds_text_logo_tagline_colortds_text_logo_tagline_colortds_text_logo_tagline_colortds_text_logo_tagline_colortd_module_7_title_excerpttd_module_7_title_excerpttd_module_7_title_excerpttd_module_7_title_excerptHome","item":"https:\/\/www.ilnotiziario.net\/wp\/"},{"@type":"ListItem","position":2,"name":"Limbiate, ordinanza contro il \u201cgas esilarante\u201d: stop a uso e detenzione nelle aree pubbliche"}]},{"@type":"WebSite","@id":"https:\/\/www.ilnotiziario.net\/wp\/#website","url":"https:\/\/www.ilnotiziario.net\/wp\/","name":"Il Notiziario","description":"Per restare sempre connessi alla notizia","publisher":{"@id":"https:\/\/www.ilnotiziario.net\/wp\/#organization"},"alternateName":"Il Notiziario Bollate","potentialAction":[{"@type":"SearchAction","target":{"@type":"EntryPoint","urlTemplate":"https:\/\/www.ilnotiziario.net\/wp\/?s={search_term_string}"},"query-input":{"@type":"PropertyValueSpecification","valueRequired":true,"valueName":"search_term_string"}}],"inLanguage":"it-IT"},{"@type":"Organization","@id":"https:\/\/www.ilnotiziario.net\/wp\/#organization","name":"Il Notiziario","url":"https:\/\/www.ilnotiziario.net\/wp\/","logo":{"@type":"ImageObject","inLanguage":"it-IT","@id":"https:\/\/www.ilnotiziario.net\/wp\/#\/schema\/logo\/image\/","url":"https:\/\/www.ilnotiziario.net\/wp\/wp-content\/uploads\/2022\/06\/170x170ilN.png","contentUrl":"https:\/\/www.ilnotiziario.net\/wp\/wp-content\/uploads\/2022\/06\/170x170ilN.png","width":355,"height":355,"caption":"Il Notiziario"},"image":{"@id":"https:\/\/www.ilnotiziario.net\/wp\/#\/schema\/logo\/image\/"},"sameAs":["https:\/\/www.facebook.com\/ilnotiziarioind\/","https:\/\/x.com\/ilNotiziarioInd","https:\/\/www.instagram.com\/ilnotiziario_settimanale\/"]},{"@type":"Person","@id":"https:\/\/www.ilnotiziario.net\/wp\/#\/schema\/person\/386e222908f898bb41c033989482bbf2","name":"Gabriele Bassani","image":{"@type":"ImageObject","inLanguage":"it-IT","@id":"https:\/\/secure.gravatar.com\/avatar\/09274f4a84fa97698bde56f84b3afed61c8492d48b0550db9671b68c177479cb?s=96&d=mm&r=g","url":"https:\/\/secure.gravatar.com\/avatar\/09274f4a84fa97698bde56f84b3afed61c8492d48b0550db9671b68c177479cb?s=96&d=mm&r=g","contentUrl":"https:\/\/secure.gravatar.com\/avatar\/09274f4a84fa97698bde56f84b3afed61c8492d48b0550db9671b68c177479cb?s=96&d=mm&r=g","caption":"Gabriele Bassani"},"sameAs":["http:\/\/www.ilnotiziario.net"]}]}},"_links":{"self":[{"href":"https:\/\/www.ilnotiziario.net\/wp\/wp-json\/wp\/v2\/posts\/215060","targetHints":{"allow":["GET"]}}],"collection":[{"href":"https:\/\/www.ilnotiziario.net\/wp\/wp-json\/wp\/v2\/posts"}],"about":[{"href":"https:\/\/www.ilnotiziario.net\/wp\/wp-json\/wp\/v2\/types\/post"}],"author":[{"embeddable":true,"href":"https:\/\/www.ilnotiziario.net\/wp\/wp-json\/wp\/v2\/users\/3"}],"replies":[{"embeddable":true,"href":"https:\/\/www.ilnotiziario.net\/wp\/wp-json\/wp\/v2\/comments?post=215060"}],"version-history":[{"count":0,"href":"https:\/\/www.ilnotiziario.net\/wp\/wp-json\/wp\/v2\/posts\/215060\/revisions"}],"wp:featuredmedia":[{"embeddable":true,"href":"https:\/\/www.ilnotiziario.net\/wp\/wp-json\/wp\/v2\/media\/215061"}],"wp:attachment":[{"href":"https:\/\/www.ilnotiziario.net\/wp\/wp-json\/wp\/v2\/media?parent=215060"}],"wp:term":[{"taxonomy":"category","embeddable":true,"href":"https:\/\/www.ilnotiziario.net\/wp\/wp-json\/wp\/v2\/categories?post=215060"},{"taxonomy":"post_tag","embeddable":true,"href":"https:\/\/www.ilnotiziario.net\/wp\/wp-json\/wp\/v2\/tags?post=215060"}],"curies":[{"name":"wp","href":"https:\/\/api.w.org\/{rel}","templated":true}]}}