{"id":215080,"date":"2026-01-24T13:42:03","date_gmt":"2026-01-24T12:42:03","guid":{"rendered":"https:\/\/www.ilnotiziario.net\/wp\/?p=215080"},"modified":"2026-01-24T08:43:17","modified_gmt":"2026-01-24T07:43:17","slug":"bollate-cristina-mazza-porta-la-fiamma-olimpica","status":"publish","type":"post","link":"https:\/\/www.ilnotiziario.net\/wp\/prima-pagina\/bollate-cristina-mazza-porta-la-fiamma-olimpica\/","title":{"rendered":"Bollate, Cristina Mazza porta la fiamma olimpica"},"content":{"rendered":"<p>Bollate, Cristina Mazza porta la fiamma olimpica.<br \/>\nSe la fiamma olimpica non va a Bollate, allora Bollate va alla fiamma olimpica. S\u00ec, come abbiamo scritto pi\u00f9 volte, la delusione perch\u00e9 la fiamma delle Olimpiadi non viene fatta passare dall\u2019area nord di Milano (quella che con le sue industrie ha fatto grande proprio Milano) \u00e8 tanta, per\u00f2 per fortuna un po\u2019 di Bollate nel percorso di questo simbolo c\u2019\u00e8. Gioved\u00ec scorso, infatti, una cittadina bollatese da sempre impegnata nel sociale ha portato la fiamma per un breve tratto di percorso nella citt\u00e0 di Vigevano.<\/p><div id=\"ilnot-433329072\" class=\"ilnot-contenuto ilnot-entity-placement\"><p><!-- incontent_1 --><\/p>\n<div class=\"gptslot\" data-adunitid=\"1\"><\/div>\n<\/div>\n<h2>Cristina Mazza, di Bollate, ha portato la fiamma olimpica nome della Fondazione Exodus e di Educatori senza Frontiere<\/h2>\n<p>&nbsp;<\/p>\n<p>Protagonista di questa bella esperienza \u00e8 stata Cristina Mazza, che ha portato la fiamma a nome della Fondazione Exodus e di Educatori senza Frontiere. Dopo questa bella esperienza, Cristina si \u00e8 detta \u201cOnorata e fiera del Paese in cui vivo\u201d, aggiungendo: \u201cE\u2019 un fuoco che viene da lontano tramandato nei secoli che porta una storia\u201d.<\/p>\n<p>\u201cQuando mi \u00e8 stato chiesto di portare la fiamma olimpica \u2013 spiega Cristina Mazza &#8211; ho provato gratitudine, emozione e un forte senso di responsabilit\u00e0. Perch\u00e9 la fiamma non \u00e8 solo un simbolo dello sport: \u00e8 una storia che passa di mano in mano, \u00e8 un messaggio che chiede di essere custodito e rilanciato\u2026 Mentre camminavo con la fiamma tra le mani, ho sentito che quel gesto parlava anche di me e del mio percorso associativo. Parlava del cammino come metafora del viaggio umano ed educativo, un\u2019immagine che conosco bene grazie all\u2019esperienza con Exodus e poi a quella di Educatori senza Frontiere, dove la strada non \u00e8 mai solo uno spostamento, ma uno spazio di trasformazione\u2026<\/p><div id=\"ilnot-1125705213\" class=\"ilnot-contenuto_2 ilnot-entity-placement\"><div class=\"ads-wrapper\">\n<div class=\"ad-slot\">\n   <div id=\"ilnot-1896152380\" style=\"margin-right: auto;margin-left: auto;text-align: center;width: 320px;height: 100px;\"><a href=\"https:\/\/www.scuolasicurezza.it\/\"><img decoding=\"async\" src=\"https:\/\/www.ilnotiziario.net\/wp\/wp-content\/uploads\/2026\/04\/IlNotiziario_banner-sito-e-newsletter-320-x-100-px-1.gif\" alt=\"\"><\/a><\/div>\n  <\/div>\n<div class=\"ad-slot\">\n   <div id=\"ilnot-3487679038\" style=\"margin-right: auto;margin-left: auto;text-align: center;width: 320px;height: 100px;\"><a href=\"https:\/\/purodesignarredamenti.com\/\"><img decoding=\"async\" src=\"https:\/\/www.ilnotiziario.net\/wp\/wp-content\/uploads\/2026\/04\/banner-puro-ok.gif\" alt=\"whatsapp\"><\/a><\/div><\/p><\/div>\n<\/div>\n<\/div>\n<p>Portare la fiamma mi ha ricordato che ogni gesto educativo \u00e8 una consegna: ricevi qualcosa che altri hanno acceso prima di te e sei chiamato a non spegnerlo, a portarlo avanti con cura, per poi affidarlo ancora. Il passaggio di mano in mano alimenta il fuoco che porta con s\u00e9 storie di vita. \u00c8 cos\u00ec nello sport, \u00e8 cos\u00ec nella vita comunitaria, \u00e8 cos\u00ec nei percorsi di Exodus e di ESF.<\/p>\n<p>Quando ho passato la fiaccola, ho capito che quel fuoco continuava il suo viaggio. Ma lasciava anche una traccia dentro di me: la responsabilit\u00e0 di continuare a camminare, ogni giorno, con lo stesso spirito. Senza clamore, senza scorciatoie, ma con la fiducia che anche un passo alla volta pu\u00f2 tenere accesa una luce. Perch\u00e9 i fuochi pi\u00f9 importanti non sono quelli che abbagliano, ma sono quelli che piccoli, che permangono per lungo tempo, che fanno luce, che danno calore, che creano famigliarit\u00e0\u2026. Perch\u00e9 in fondo la fiamma non illumina solo una strada. Illumina la possibilit\u00e0 di camminare insieme, nella stessa direzione\u201d.<\/p>\n<p style=\"text-align: right;\"><strong>Piero Uboldi<\/strong><\/p><div id=\"ilnot-1418234378\" class=\"ilnot-contenuto_2-2 ilnot-entity-placement\"><div class=\"gptslot\" data-adunitid=\"2\"><\/div>\n<\/div>\n","protected":false},"excerpt":{"rendered":"<p>Bollate, Cristina Mazza porta la fiamma olimpica. Se la fiamma olimpica non va a Bollate, allora Bollate va alla fiamma olimpica. S\u00ec, come abbiamo scritto pi\u00f9 volte, la delusione perch\u00e9 la fiamma delle Olimpiadi non viene fatta passare dall\u2019area nord di Milano (quella che con le sue industrie ha fatto grande proprio Milano) \u00e8 tanta,<\/p>\n","protected":false},"author":14,"featured_media":215081,"comment_status":"closed","ping_status":"closed","sticky":false,"template":"","format":"standard","meta":{"footnotes":""},"categories":[8,20,16],"tags":[110,18519,4177,18520],"class_list":{"0":"post-215080","1":"post","2":"type-post","3":"status-publish","4":"format-standard","5":"has-post-thumbnail","7":"category-bollatese","8":"category-prima-pagina","9":"category-storie","10":"tag-bollate","11":"tag-fiamma","12":"tag-mazza","13":"tag-olimpica"},"yoast_head":"<!-- This site is optimized with the Yoast SEO plugin v27.4 - https:\/\/yoast.com\/product\/yoast-seo-wordpress\/ -->\n<title>Bollate, Cristina Mazza porta la fiamma olimpica - Il Notiziario<\/title>\n<meta name=\"description\" content=\"Bollate, Cristina Mazza porta la fiamma olimpica. Se la fiamma olimpica non va a Bollate, allora Bollate va alla fiamma olimpica. S\u00ec, come abbiamo scritto\" \/>\n<meta name=\"robots\" content=\"index, follow, max-snippet:-1, max-image-preview:large, max-video-preview:-1\" \/>\n<link rel=\"canonical\" href=\"https:\/\/www.ilnotiziario.net\/wp\/prima-pagina\/bollate-cristina-mazza-porta-la-fiamma-olimpica\/\" \/>\n<meta property=\"og:locale\" content=\"it_IT\" \/>\n<meta property=\"og:type\" content=\"article\" \/>\n<meta property=\"og:title\" content=\"Bollate, Cristina Mazza porta la fiamma olimpica - Il Notiziario\" \/>\n<meta property=\"og:description\" content=\"Bollate, Cristina Mazza porta la fiamma olimpica. Se la fiamma olimpica non va a Bollate, allora Bollate va alla fiamma olimpica. S\u00ec, come abbiamo scritto\" \/>\n<meta property=\"og:url\" content=\"https:\/\/www.ilnotiziario.net\/wp\/prima-pagina\/bollate-cristina-mazza-porta-la-fiamma-olimpica\/\" \/>\n<meta property=\"og:site_name\" content=\"Il Notiziario\" \/>\n<meta property=\"article:publisher\" content=\"https:\/\/www.facebook.com\/ilnotiziarioind\/\" \/>\n<meta property=\"article:published_time\" content=\"2026-01-24T12:42:03+00:00\" \/>\n<meta property=\"og:image\" content=\"https:\/\/www.ilnotiziario.net\/wp\/wp-content\/uploads\/2026\/01\/Bollate-Mazza-fiamma-olimpica.jpg\" \/>\n\t<meta property=\"og:image:width\" content=\"265\" \/>\n\t<meta property=\"og:image:height\" content=\"187\" \/>\n\t<meta property=\"og:image:type\" content=\"image\/jpeg\" \/>\n<meta name=\"author\" content=\"Silvia Citterio\" \/>\n<meta name=\"twitter:card\" content=\"summary_large_image\" \/>\n<meta name=\"twitter:creator\" content=\"@ilNotiziarioInd\" \/>\n<meta name=\"twitter:site\" content=\"@ilNotiziarioInd\" \/>\n<meta name=\"twitter:label1\" content=\"Scritto da\" \/>\n\t<meta name=\"twitter:data1\" content=\"Silvia Citterio\" \/>\n\t<meta name=\"twitter:label2\" content=\"Tempo di lettura stimato\" \/>\n\t<meta name=\"twitter:data2\" content=\"3 minuti\" \/>\n<script type=\"application\/ld+json\" class=\"yoast-schema-graph\">{\"@context\":\"https:\\\/\\\/schema.org\",\"@graph\":[{\"@type\":\"Article\",\"@id\":\"https:\\\/\\\/www.ilnotiziario.net\\\/wp\\\/prima-pagina\\\/bollate-cristina-mazza-porta-la-fiamma-olimpica\\\/#article\",\"isPartOf\":{\"@id\":\"https:\\\/\\\/www.ilnotiziario.net\\\/wp\\\/prima-pagina\\\/bollate-cristina-mazza-porta-la-fiamma-olimpica\\\/\"},\"author\":{\"name\":\"Silvia Citterio\",\"@id\":\"https:\\\/\\\/www.ilnotiziario.net\\\/wp\\\/#\\\/schema\\\/person\\\/c5bca2edc3d99d29959f04a6126f687b\"},\"headline\":\"Bollate, Cristina Mazza porta la fiamma olimpica\",\"datePublished\":\"2026-01-24T12:42:03+00:00\",\"mainEntityOfPage\":{\"@id\":\"https:\\\/\\\/www.ilnotiziario.net\\\/wp\\\/prima-pagina\\\/bollate-cristina-mazza-porta-la-fiamma-olimpica\\\/\"},\"wordCount\":454,\"publisher\":{\"@id\":\"https:\\\/\\\/www.ilnotiziario.net\\\/wp\\\/#organization\"},\"image\":{\"@id\":\"https:\\\/\\\/www.ilnotiziario.net\\\/wp\\\/prima-pagina\\\/bollate-cristina-mazza-porta-la-fiamma-olimpica\\\/#primaryimage\"},\"thumbnailUrl\":\"https:\\\/\\\/www.ilnotiziario.net\\\/wp\\\/wp-content\\\/uploads\\\/2026\\\/01\\\/Bollate-Mazza-fiamma-olimpica.jpg\",\"keywords\":[\"Bollate\",\"fiamma\",\"Mazza\",\"olimpica\"],\"articleSection\":[\"BOLLATESE\",\"Prima Pagina\",\"STORIE\"],\"inLanguage\":\"it-IT\"},{\"@type\":\"WebPage\",\"@id\":\"https:\\\/\\\/www.ilnotiziario.net\\\/wp\\\/prima-pagina\\\/bollate-cristina-mazza-porta-la-fiamma-olimpica\\\/\",\"url\":\"https:\\\/\\\/www.ilnotiziario.net\\\/wp\\\/prima-pagina\\\/bollate-cristina-mazza-porta-la-fiamma-olimpica\\\/\",\"name\":\"Bollate, Cristina Mazza porta la fiamma olimpica - Il Notiziario\",\"isPartOf\":{\"@id\":\"https:\\\/\\\/www.ilnotiziario.net\\\/wp\\\/#website\"},\"primaryImageOfPage\":{\"@id\":\"https:\\\/\\\/www.ilnotiziario.net\\\/wp\\\/prima-pagina\\\/bollate-cristina-mazza-porta-la-fiamma-olimpica\\\/#primaryimage\"},\"image\":{\"@id\":\"https:\\\/\\\/www.ilnotiziario.net\\\/wp\\\/prima-pagina\\\/bollate-cristina-mazza-porta-la-fiamma-olimpica\\\/#primaryimage\"},\"thumbnailUrl\":\"https:\\\/\\\/www.ilnotiziario.net\\\/wp\\\/wp-content\\\/uploads\\\/2026\\\/01\\\/Bollate-Mazza-fiamma-olimpica.jpg\",\"datePublished\":\"2026-01-24T12:42:03+00:00\",\"description\":\"Bollate, Cristina Mazza porta la fiamma olimpica. Se la fiamma olimpica non va a Bollate, allora Bollate va alla fiamma olimpica. S\u00ec, come abbiamo scritto\",\"breadcrumb\":{\"@id\":\"https:\\\/\\\/www.ilnotiziario.net\\\/wp\\\/prima-pagina\\\/bollate-cristina-mazza-porta-la-fiamma-olimpica\\\/#breadcrumb\"},\"inLanguage\":\"it-IT\",\"potentialAction\":[{\"@type\":\"ReadAction\",\"target\":[\"https:\\\/\\\/www.ilnotiziario.net\\\/wp\\\/prima-pagina\\\/bollate-cristina-mazza-porta-la-fiamma-olimpica\\\/\"]}]},{\"@type\":\"ImageObject\",\"inLanguage\":\"it-IT\",\"@id\":\"https:\\\/\\\/www.ilnotiziario.net\\\/wp\\\/prima-pagina\\\/bollate-cristina-mazza-porta-la-fiamma-olimpica\\\/#primaryimage\",\"url\":\"https:\\\/\\\/www.ilnotiziario.net\\\/wp\\\/wp-content\\\/uploads\\\/2026\\\/01\\\/Bollate-Mazza-fiamma-olimpica.jpg\",\"contentUrl\":\"https:\\\/\\\/www.ilnotiziario.net\\\/wp\\\/wp-content\\\/uploads\\\/2026\\\/01\\\/Bollate-Mazza-fiamma-olimpica.jpg\",\"width\":265,\"height\":187,\"caption\":\"Bollate Mazza fiamma olimpica\"},{\"@type\":\"BreadcrumbList\",\"@id\":\"https:\\\/\\\/www.ilnotiziario.net\\\/wp\\\/prima-pagina\\\/bollate-cristina-mazza-porta-la-fiamma-olimpica\\\/#breadcrumb\",\"itemListElement\":[{\"@type\":\"ListItem\",\"position\":1,\"name\":\"tds_text_logo_tagline_colortds_text_logo_tagline_colortds_text_logo_tagline_colortds_text_logo_tagline_colortd_module_7_title_excerpttd_module_7_title_excerpttd_module_7_title_excerpttd_module_7_title_excerptHome\",\"item\":\"https:\\\/\\\/www.ilnotiziario.net\\\/wp\\\/\"},{\"@type\":\"ListItem\",\"position\":2,\"name\":\"Bollate, Cristina Mazza porta la fiamma olimpica\"}]},{\"@type\":\"WebSite\",\"@id\":\"https:\\\/\\\/www.ilnotiziario.net\\\/wp\\\/#website\",\"url\":\"https:\\\/\\\/www.ilnotiziario.net\\\/wp\\\/\",\"name\":\"Il Notiziario\",\"description\":\"Per restare sempre connessi alla notizia\",\"publisher\":{\"@id\":\"https:\\\/\\\/www.ilnotiziario.net\\\/wp\\\/#organization\"},\"alternateName\":\"Il Notiziario Bollate\",\"potentialAction\":[{\"@type\":\"SearchAction\",\"target\":{\"@type\":\"EntryPoint\",\"urlTemplate\":\"https:\\\/\\\/www.ilnotiziario.net\\\/wp\\\/?s={search_term_string}\"},\"query-input\":{\"@type\":\"PropertyValueSpecification\",\"valueRequired\":true,\"valueName\":\"search_term_string\"}}],\"inLanguage\":\"it-IT\"},{\"@type\":\"Organization\",\"@id\":\"https:\\\/\\\/www.ilnotiziario.net\\\/wp\\\/#organization\",\"name\":\"Il Notiziario\",\"url\":\"https:\\\/\\\/www.ilnotiziario.net\\\/wp\\\/\",\"logo\":{\"@type\":\"ImageObject\",\"inLanguage\":\"it-IT\",\"@id\":\"https:\\\/\\\/www.ilnotiziario.net\\\/wp\\\/#\\\/schema\\\/logo\\\/image\\\/\",\"url\":\"https:\\\/\\\/www.ilnotiziario.net\\\/wp\\\/wp-content\\\/uploads\\\/2022\\\/06\\\/170x170ilN.png\",\"contentUrl\":\"https:\\\/\\\/www.ilnotiziario.net\\\/wp\\\/wp-content\\\/uploads\\\/2022\\\/06\\\/170x170ilN.png\",\"width\":355,\"height\":355,\"caption\":\"Il Notiziario\"},\"image\":{\"@id\":\"https:\\\/\\\/www.ilnotiziario.net\\\/wp\\\/#\\\/schema\\\/logo\\\/image\\\/\"},\"sameAs\":[\"https:\\\/\\\/www.facebook.com\\\/ilnotiziarioind\\\/\",\"https:\\\/\\\/x.com\\\/ilNotiziarioInd\",\"https:\\\/\\\/www.instagram.com\\\/ilnotiziario_settimanale\\\/\"]},{\"@type\":\"Person\",\"@id\":\"https:\\\/\\\/www.ilnotiziario.net\\\/wp\\\/#\\\/schema\\\/person\\\/c5bca2edc3d99d29959f04a6126f687b\",\"name\":\"Silvia Citterio\",\"image\":{\"@type\":\"ImageObject\",\"inLanguage\":\"it-IT\",\"@id\":\"https:\\\/\\\/secure.gravatar.com\\\/avatar\\\/03eb19c63b944e79a9b5ce53ca5d1ca303edcf368a68721ec3ccaae7f98c5afd?s=96&d=mm&r=g\",\"url\":\"https:\\\/\\\/secure.gravatar.com\\\/avatar\\\/03eb19c63b944e79a9b5ce53ca5d1ca303edcf368a68721ec3ccaae7f98c5afd?s=96&d=mm&r=g\",\"contentUrl\":\"https:\\\/\\\/secure.gravatar.com\\\/avatar\\\/03eb19c63b944e79a9b5ce53ca5d1ca303edcf368a68721ec3ccaae7f98c5afd?s=96&d=mm&r=g\",\"caption\":\"Silvia Citterio\"}}]}<\/script>\n<!-- \/ Yoast SEO plugin. -->","yoast_head_json":{"title":"Bollate, Cristina Mazza porta la fiamma olimpica - Il Notiziario","description":"Bollate, Cristina Mazza porta la fiamma olimpica. Se la fiamma olimpica non va a Bollate, allora Bollate va alla fiamma olimpica. S\u00ec, come abbiamo scritto","robots":{"index":"index","follow":"follow","max-snippet":"max-snippet:-1","max-image-preview":"max-image-preview:large","max-video-preview":"max-video-preview:-1"},"canonical":"https:\/\/www.ilnotiziario.net\/wp\/prima-pagina\/bollate-cristina-mazza-porta-la-fiamma-olimpica\/","og_locale":"it_IT","og_type":"article","og_title":"Bollate, Cristina Mazza porta la fiamma olimpica - Il Notiziario","og_description":"Bollate, Cristina Mazza porta la fiamma olimpica. Se la fiamma olimpica non va a Bollate, allora Bollate va alla fiamma olimpica. S\u00ec, come abbiamo scritto","og_url":"https:\/\/www.ilnotiziario.net\/wp\/prima-pagina\/bollate-cristina-mazza-porta-la-fiamma-olimpica\/","og_site_name":"Il Notiziario","article_publisher":"https:\/\/www.facebook.com\/ilnotiziarioind\/","article_published_time":"2026-01-24T12:42:03+00:00","og_image":[{"width":265,"height":187,"url":"https:\/\/www.ilnotiziario.net\/wp\/wp-content\/uploads\/2026\/01\/Bollate-Mazza-fiamma-olimpica.jpg","type":"image\/jpeg"}],"author":"Silvia Citterio","twitter_card":"summary_large_image","twitter_creator":"@ilNotiziarioInd","twitter_site":"@ilNotiziarioInd","twitter_misc":{"Scritto da":"Silvia Citterio","Tempo di lettura stimato":"3 minuti"},"schema":{"@context":"https:\/\/schema.org","@graph":[{"@type":"Article","@id":"https:\/\/www.ilnotiziario.net\/wp\/prima-pagina\/bollate-cristina-mazza-porta-la-fiamma-olimpica\/#article","isPartOf":{"@id":"https:\/\/www.ilnotiziario.net\/wp\/prima-pagina\/bollate-cristina-mazza-porta-la-fiamma-olimpica\/"},"author":{"name":"Silvia Citterio","@id":"https:\/\/www.ilnotiziario.net\/wp\/#\/schema\/person\/c5bca2edc3d99d29959f04a6126f687b"},"headline":"Bollate, Cristina Mazza porta la fiamma olimpica","datePublished":"2026-01-24T12:42:03+00:00","mainEntityOfPage":{"@id":"https:\/\/www.ilnotiziario.net\/wp\/prima-pagina\/bollate-cristina-mazza-porta-la-fiamma-olimpica\/"},"wordCount":454,"publisher":{"@id":"https:\/\/www.ilnotiziario.net\/wp\/#organization"},"image":{"@id":"https:\/\/www.ilnotiziario.net\/wp\/prima-pagina\/bollate-cristina-mazza-porta-la-fiamma-olimpica\/#primaryimage"},"thumbnailUrl":"https:\/\/www.ilnotiziario.net\/wp\/wp-content\/uploads\/2026\/01\/Bollate-Mazza-fiamma-olimpica.jpg","keywords":["Bollate","fiamma","Mazza","olimpica"],"articleSection":["BOLLATESE","Prima Pagina","STORIE"],"inLanguage":"it-IT"},{"@type":"WebPage","@id":"https:\/\/www.ilnotiziario.net\/wp\/prima-pagina\/bollate-cristina-mazza-porta-la-fiamma-olimpica\/","url":"https:\/\/www.ilnotiziario.net\/wp\/prima-pagina\/bollate-cristina-mazza-porta-la-fiamma-olimpica\/","name":"Bollate, Cristina Mazza porta la fiamma olimpica - Il Notiziario","isPartOf":{"@id":"https:\/\/www.ilnotiziario.net\/wp\/#website"},"primaryImageOfPage":{"@id":"https:\/\/www.ilnotiziario.net\/wp\/prima-pagina\/bollate-cristina-mazza-porta-la-fiamma-olimpica\/#primaryimage"},"image":{"@id":"https:\/\/www.ilnotiziario.net\/wp\/prima-pagina\/bollate-cristina-mazza-porta-la-fiamma-olimpica\/#primaryimage"},"thumbnailUrl":"https:\/\/www.ilnotiziario.net\/wp\/wp-content\/uploads\/2026\/01\/Bollate-Mazza-fiamma-olimpica.jpg","datePublished":"2026-01-24T12:42:03+00:00","description":"Bollate, Cristina Mazza porta la fiamma olimpica. Se la fiamma olimpica non va a Bollate, allora Bollate va alla fiamma olimpica. S\u00ec, come abbiamo scritto","breadcrumb":{"@id":"https:\/\/www.ilnotiziario.net\/wp\/prima-pagina\/bollate-cristina-mazza-porta-la-fiamma-olimpica\/#breadcrumb"},"inLanguage":"it-IT","potentialAction":[{"@type":"ReadAction","target":["https:\/\/www.ilnotiziario.net\/wp\/prima-pagina\/bollate-cristina-mazza-porta-la-fiamma-olimpica\/"]}]},{"@type":"ImageObject","inLanguage":"it-IT","@id":"https:\/\/www.ilnotiziario.net\/wp\/prima-pagina\/bollate-cristina-mazza-porta-la-fiamma-olimpica\/#primaryimage","url":"https:\/\/www.ilnotiziario.net\/wp\/wp-content\/uploads\/2026\/01\/Bollate-Mazza-fiamma-olimpica.jpg","contentUrl":"https:\/\/www.ilnotiziario.net\/wp\/wp-content\/uploads\/2026\/01\/Bollate-Mazza-fiamma-olimpica.jpg","width":265,"height":187,"caption":"Bollate Mazza fiamma olimpica"},{"@type":"BreadcrumbList","@id":"https:\/\/www.ilnotiziario.net\/wp\/prima-pagina\/bollate-cristina-mazza-porta-la-fiamma-olimpica\/#breadcrumb","itemListElement":[{"@type":"ListItem","position":1,"name":"tds_text_logo_tagline_colortds_text_logo_tagline_colortds_text_logo_tagline_colortds_text_logo_tagline_colortd_module_7_title_excerpttd_module_7_title_excerpttd_module_7_title_excerpttd_module_7_title_excerptHome","item":"https:\/\/www.ilnotiziario.net\/wp\/"},{"@type":"ListItem","position":2,"name":"Bollate, Cristina Mazza porta la fiamma olimpica"}]},{"@type":"WebSite","@id":"https:\/\/www.ilnotiziario.net\/wp\/#website","url":"https:\/\/www.ilnotiziario.net\/wp\/","name":"Il Notiziario","description":"Per restare sempre connessi alla notizia","publisher":{"@id":"https:\/\/www.ilnotiziario.net\/wp\/#organization"},"alternateName":"Il Notiziario Bollate","potentialAction":[{"@type":"SearchAction","target":{"@type":"EntryPoint","urlTemplate":"https:\/\/www.ilnotiziario.net\/wp\/?s={search_term_string}"},"query-input":{"@type":"PropertyValueSpecification","valueRequired":true,"valueName":"search_term_string"}}],"inLanguage":"it-IT"},{"@type":"Organization","@id":"https:\/\/www.ilnotiziario.net\/wp\/#organization","name":"Il Notiziario","url":"https:\/\/www.ilnotiziario.net\/wp\/","logo":{"@type":"ImageObject","inLanguage":"it-IT","@id":"https:\/\/www.ilnotiziario.net\/wp\/#\/schema\/logo\/image\/","url":"https:\/\/www.ilnotiziario.net\/wp\/wp-content\/uploads\/2022\/06\/170x170ilN.png","contentUrl":"https:\/\/www.ilnotiziario.net\/wp\/wp-content\/uploads\/2022\/06\/170x170ilN.png","width":355,"height":355,"caption":"Il Notiziario"},"image":{"@id":"https:\/\/www.ilnotiziario.net\/wp\/#\/schema\/logo\/image\/"},"sameAs":["https:\/\/www.facebook.com\/ilnotiziarioind\/","https:\/\/x.com\/ilNotiziarioInd","https:\/\/www.instagram.com\/ilnotiziario_settimanale\/"]},{"@type":"Person","@id":"https:\/\/www.ilnotiziario.net\/wp\/#\/schema\/person\/c5bca2edc3d99d29959f04a6126f687b","name":"Silvia Citterio","image":{"@type":"ImageObject","inLanguage":"it-IT","@id":"https:\/\/secure.gravatar.com\/avatar\/03eb19c63b944e79a9b5ce53ca5d1ca303edcf368a68721ec3ccaae7f98c5afd?s=96&d=mm&r=g","url":"https:\/\/secure.gravatar.com\/avatar\/03eb19c63b944e79a9b5ce53ca5d1ca303edcf368a68721ec3ccaae7f98c5afd?s=96&d=mm&r=g","contentUrl":"https:\/\/secure.gravatar.com\/avatar\/03eb19c63b944e79a9b5ce53ca5d1ca303edcf368a68721ec3ccaae7f98c5afd?s=96&d=mm&r=g","caption":"Silvia Citterio"}}]}},"_links":{"self":[{"href":"https:\/\/www.ilnotiziario.net\/wp\/wp-json\/wp\/v2\/posts\/215080","targetHints":{"allow":["GET"]}}],"collection":[{"href":"https:\/\/www.ilnotiziario.net\/wp\/wp-json\/wp\/v2\/posts"}],"about":[{"href":"https:\/\/www.ilnotiziario.net\/wp\/wp-json\/wp\/v2\/types\/post"}],"author":[{"embeddable":true,"href":"https:\/\/www.ilnotiziario.net\/wp\/wp-json\/wp\/v2\/users\/14"}],"replies":[{"embeddable":true,"href":"https:\/\/www.ilnotiziario.net\/wp\/wp-json\/wp\/v2\/comments?post=215080"}],"version-history":[{"count":0,"href":"https:\/\/www.ilnotiziario.net\/wp\/wp-json\/wp\/v2\/posts\/215080\/revisions"}],"wp:featuredmedia":[{"embeddable":true,"href":"https:\/\/www.ilnotiziario.net\/wp\/wp-json\/wp\/v2\/media\/215081"}],"wp:attachment":[{"href":"https:\/\/www.ilnotiziario.net\/wp\/wp-json\/wp\/v2\/media?parent=215080"}],"wp:term":[{"taxonomy":"category","embeddable":true,"href":"https:\/\/www.ilnotiziario.net\/wp\/wp-json\/wp\/v2\/categories?post=215080"},{"taxonomy":"post_tag","embeddable":true,"href":"https:\/\/www.ilnotiziario.net\/wp\/wp-json\/wp\/v2\/tags?post=215080"}],"curies":[{"name":"wp","href":"https:\/\/api.w.org\/{rel}","templated":true}]}}