{"id":215219,"date":"2026-01-25T12:39:06","date_gmt":"2026-01-25T11:39:06","guid":{"rendered":"https:\/\/www.ilnotiziario.net\/wp\/?p=215219"},"modified":"2026-01-25T08:39:25","modified_gmt":"2026-01-25T07:39:25","slug":"arese-telecamere-nei-parchi-cittadini-piu-a-rischio","status":"publish","type":"post","link":"https:\/\/www.ilnotiziario.net\/wp\/prima-pagina\/arese-telecamere-nei-parchi-cittadini-piu-a-rischio\/","title":{"rendered":"Arese, telecamere nei parchi cittadini pi\u00f9 a rischio"},"content":{"rendered":"<p>Arese, telecamere nei parchi cittadini pi\u00f9 a rischio.<br \/>\nLa sorveglianza dei parchi pubblici non \u00e8 stata sinora sviluppata per la mancanza di una infrastruttura in grado di collegare i vari punti dislocati all\u2019interno delle varie aree verdi con la sede della polizia locale. Ma, adesso, si sono create le condizioni per superare l\u2019handicap.<\/p><div id=\"ilnot-3710745518\" class=\"ilnot-contenuto ilnot-entity-placement\"><p><!-- incontent_1 --><\/p>\n<div class=\"gptslot\" data-adunitid=\"1\"><\/div>\n<\/div>\n<p>Infatti il Comune con l\u2019aggiudicazione nel tempo di fondi statali ha realizzato un sistema di connettivit\u00e0, che, dispiegandosi nelle vicinanze dei parchi, consente oggi di realizzare un progetto ad hoc per il controllo dei parchi pubblici con un impegno economico pi\u00f9 contenuto. Da qui il proposito di aderire al bando regionale che rilascia contributi agli enti per rinnovare e\/o adeguare le dotazioni tecnico-strumentali con un co-finanziamento per un importo massimo di 20.000 euro.<\/p>\n<p>Intanto l\u2019amministrazione comunale ha approvato il progetto \u201cOsserviamo i parchi 2025-2026\u201d per uno costo di 75.000 euro. L\u2019obiettivo \u00e8 dotare di telecamere quei parchi, che in passato hanno suscitato allarme sociale per episodi di disturbo, danneggiamento di strutture e giochi, insudiciamento e uso di sostanze alcoliche e sostanze stupefacenti.<\/p><div id=\"ilnot-3439560427\" class=\"ilnot-contenuto_2 ilnot-entity-placement\"><div class=\"ads-wrapper\">\n<div class=\"ad-slot\">\n   <div id=\"ilnot-3090362663\" style=\"margin-right: auto;margin-left: auto;text-align: center;width: 320px;height: 100px;\"><a href=\"https:\/\/www.scuolasicurezza.it\/\"><img decoding=\"async\" src=\"https:\/\/www.ilnotiziario.net\/wp\/wp-content\/uploads\/2026\/04\/IlNotiziario_banner-sito-e-newsletter-320-x-100-px-1.gif\" alt=\"\"><\/a><\/div>\n  <\/div>\n<div class=\"ad-slot\">\n   <div id=\"ilnot-3959649565\" style=\"margin-right: auto;margin-left: auto;text-align: center;width: 320px;height: 100px;\"><a href=\"https:\/\/purodesignarredamenti.com\/\"><img decoding=\"async\" src=\"https:\/\/www.ilnotiziario.net\/wp\/wp-content\/uploads\/2026\/04\/banner-puro-ok.gif\" alt=\"whatsapp\"><\/a><\/div><\/p><\/div>\n<\/div>\n<\/div>\n<h2>Telecamere nei parchi, ecco quali<\/h2>\n<p>In primis il parco Papa Giovanni Paolo II di viale Einaudi, che, insistendo qui un piccolo sistema di videosorveglianza risalente al 2008, consente di ammodernarlo con tecnologia pi\u00f9 performante e con implementazione di nuovi punti di sorveglianza in modo da coprire l\u2019intera area verde e gli accessi su viale Einaudi e su via Campo Gallo. Poi il parco Blu di viale Sempione e via cascina San Pietro con 7 nuovi punti di controllo e telecamere nei punti d\u2019accesso su viale Sempione e su via Manzoni.<\/p>\n<p>Infine il parco La Roggia di viale dei Platani e via Ferrari con 11 punti di controllo e la sorveglianza degli ingressi su viale dei Platani e su via Ferrari. I punti d\u2019accesso dei tre parchi vengono dotati di telecamere ben visibili per dissuadere i malintenzionati a introdursi all\u2019interno.<\/p>\n<p style=\"text-align: right;\"><strong>Domenico Vadal\u00e0<\/strong><\/p><div id=\"ilnot-2357659054\" class=\"ilnot-contenuto_2-2 ilnot-entity-placement\"><div class=\"gptslot\" data-adunitid=\"2\"><\/div>\n<\/div>\n","protected":false},"excerpt":{"rendered":"<p>Arese, telecamere nei parchi cittadini pi\u00f9 a rischio. La sorveglianza dei parchi pubblici non \u00e8 stata sinora sviluppata per la mancanza di una infrastruttura in grado di collegare i vari punti dislocati all\u2019interno delle varie aree verdi con la sede della polizia locale. Ma, adesso, si sono create le condizioni per superare l\u2019handicap. Infatti il<\/p>\n","protected":false},"author":14,"featured_media":215221,"comment_status":"closed","ping_status":"closed","sticky":false,"template":"","format":"standard","meta":{"footnotes":""},"categories":[8,20],"tags":[115,4092,5372,526],"class_list":{"0":"post-215219","1":"post","2":"type-post","3":"status-publish","4":"format-standard","5":"has-post-thumbnail","7":"category-bollatese","8":"category-prima-pagina","9":"tag-arese","10":"tag-parchi","11":"tag-rischio","12":"tag-telecamere"},"yoast_head":"<!-- This site is optimized with the Yoast SEO plugin v27.4 - https:\/\/yoast.com\/product\/yoast-seo-wordpress\/ -->\n<title>Arese, telecamere nei parchi cittadini pi\u00f9 a rischio - Il Notiziario<\/title>\n<meta name=\"description\" content=\"Arese, telecamere nei parchi cittadini pi\u00f9 a rischio. La sorveglianza dei parchi pubblici non \u00e8 stata sinora sviluppata per la mancanza di una\" \/>\n<meta name=\"robots\" content=\"index, follow, max-snippet:-1, max-image-preview:large, max-video-preview:-1\" \/>\n<link rel=\"canonical\" href=\"https:\/\/www.ilnotiziario.net\/wp\/prima-pagina\/arese-telecamere-nei-parchi-cittadini-piu-a-rischio\/\" \/>\n<meta property=\"og:locale\" content=\"it_IT\" \/>\n<meta property=\"og:type\" content=\"article\" \/>\n<meta property=\"og:title\" content=\"Arese, telecamere nei parchi cittadini pi\u00f9 a rischio - Il Notiziario\" \/>\n<meta property=\"og:description\" content=\"Arese, telecamere nei parchi cittadini pi\u00f9 a rischio. La sorveglianza dei parchi pubblici non \u00e8 stata sinora sviluppata per la mancanza di una\" \/>\n<meta property=\"og:url\" content=\"https:\/\/www.ilnotiziario.net\/wp\/prima-pagina\/arese-telecamere-nei-parchi-cittadini-piu-a-rischio\/\" \/>\n<meta property=\"og:site_name\" content=\"Il Notiziario\" \/>\n<meta property=\"article:publisher\" content=\"https:\/\/www.facebook.com\/ilnotiziarioind\/\" \/>\n<meta property=\"article:published_time\" content=\"2026-01-25T11:39:06+00:00\" \/>\n<meta property=\"og:image\" content=\"https:\/\/www.ilnotiziario.net\/wp\/wp-content\/uploads\/2026\/01\/Arese-telecamere-parchi-rischio.jpg\" \/>\n\t<meta property=\"og:image:width\" content=\"515\" \/>\n\t<meta property=\"og:image:height\" content=\"466\" \/>\n\t<meta property=\"og:image:type\" content=\"image\/jpeg\" \/>\n<meta name=\"author\" content=\"Silvia Citterio\" \/>\n<meta name=\"twitter:card\" content=\"summary_large_image\" \/>\n<meta name=\"twitter:creator\" content=\"@ilNotiziarioInd\" \/>\n<meta name=\"twitter:site\" content=\"@ilNotiziarioInd\" \/>\n<meta name=\"twitter:label1\" content=\"Scritto da\" \/>\n\t<meta name=\"twitter:data1\" content=\"Silvia Citterio\" \/>\n\t<meta name=\"twitter:label2\" content=\"Tempo di lettura stimato\" \/>\n\t<meta name=\"twitter:data2\" content=\"2 minuti\" \/>\n<script type=\"application\/ld+json\" class=\"yoast-schema-graph\">{\"@context\":\"https:\\\/\\\/schema.org\",\"@graph\":[{\"@type\":\"Article\",\"@id\":\"https:\\\/\\\/www.ilnotiziario.net\\\/wp\\\/prima-pagina\\\/arese-telecamere-nei-parchi-cittadini-piu-a-rischio\\\/#article\",\"isPartOf\":{\"@id\":\"https:\\\/\\\/www.ilnotiziario.net\\\/wp\\\/prima-pagina\\\/arese-telecamere-nei-parchi-cittadini-piu-a-rischio\\\/\"},\"author\":{\"name\":\"Silvia Citterio\",\"@id\":\"https:\\\/\\\/www.ilnotiziario.net\\\/wp\\\/#\\\/schema\\\/person\\\/c5bca2edc3d99d29959f04a6126f687b\"},\"headline\":\"Arese, telecamere nei parchi cittadini pi\u00f9 a rischio\",\"datePublished\":\"2026-01-25T11:39:06+00:00\",\"mainEntityOfPage\":{\"@id\":\"https:\\\/\\\/www.ilnotiziario.net\\\/wp\\\/prima-pagina\\\/arese-telecamere-nei-parchi-cittadini-piu-a-rischio\\\/\"},\"wordCount\":327,\"publisher\":{\"@id\":\"https:\\\/\\\/www.ilnotiziario.net\\\/wp\\\/#organization\"},\"image\":{\"@id\":\"https:\\\/\\\/www.ilnotiziario.net\\\/wp\\\/prima-pagina\\\/arese-telecamere-nei-parchi-cittadini-piu-a-rischio\\\/#primaryimage\"},\"thumbnailUrl\":\"https:\\\/\\\/www.ilnotiziario.net\\\/wp\\\/wp-content\\\/uploads\\\/2026\\\/01\\\/Arese-telecamere-parchi-rischio.jpg\",\"keywords\":[\"Arese\",\"Parchi\",\"rischio\",\"telecamere\"],\"articleSection\":[\"BOLLATESE\",\"Prima Pagina\"],\"inLanguage\":\"it-IT\"},{\"@type\":\"WebPage\",\"@id\":\"https:\\\/\\\/www.ilnotiziario.net\\\/wp\\\/prima-pagina\\\/arese-telecamere-nei-parchi-cittadini-piu-a-rischio\\\/\",\"url\":\"https:\\\/\\\/www.ilnotiziario.net\\\/wp\\\/prima-pagina\\\/arese-telecamere-nei-parchi-cittadini-piu-a-rischio\\\/\",\"name\":\"Arese, telecamere nei parchi cittadini pi\u00f9 a rischio - Il Notiziario\",\"isPartOf\":{\"@id\":\"https:\\\/\\\/www.ilnotiziario.net\\\/wp\\\/#website\"},\"primaryImageOfPage\":{\"@id\":\"https:\\\/\\\/www.ilnotiziario.net\\\/wp\\\/prima-pagina\\\/arese-telecamere-nei-parchi-cittadini-piu-a-rischio\\\/#primaryimage\"},\"image\":{\"@id\":\"https:\\\/\\\/www.ilnotiziario.net\\\/wp\\\/prima-pagina\\\/arese-telecamere-nei-parchi-cittadini-piu-a-rischio\\\/#primaryimage\"},\"thumbnailUrl\":\"https:\\\/\\\/www.ilnotiziario.net\\\/wp\\\/wp-content\\\/uploads\\\/2026\\\/01\\\/Arese-telecamere-parchi-rischio.jpg\",\"datePublished\":\"2026-01-25T11:39:06+00:00\",\"description\":\"Arese, telecamere nei parchi cittadini pi\u00f9 a rischio. La sorveglianza dei parchi pubblici non \u00e8 stata sinora sviluppata per la mancanza di una\",\"breadcrumb\":{\"@id\":\"https:\\\/\\\/www.ilnotiziario.net\\\/wp\\\/prima-pagina\\\/arese-telecamere-nei-parchi-cittadini-piu-a-rischio\\\/#breadcrumb\"},\"inLanguage\":\"it-IT\",\"potentialAction\":[{\"@type\":\"ReadAction\",\"target\":[\"https:\\\/\\\/www.ilnotiziario.net\\\/wp\\\/prima-pagina\\\/arese-telecamere-nei-parchi-cittadini-piu-a-rischio\\\/\"]}]},{\"@type\":\"ImageObject\",\"inLanguage\":\"it-IT\",\"@id\":\"https:\\\/\\\/www.ilnotiziario.net\\\/wp\\\/prima-pagina\\\/arese-telecamere-nei-parchi-cittadini-piu-a-rischio\\\/#primaryimage\",\"url\":\"https:\\\/\\\/www.ilnotiziario.net\\\/wp\\\/wp-content\\\/uploads\\\/2026\\\/01\\\/Arese-telecamere-parchi-rischio.jpg\",\"contentUrl\":\"https:\\\/\\\/www.ilnotiziario.net\\\/wp\\\/wp-content\\\/uploads\\\/2026\\\/01\\\/Arese-telecamere-parchi-rischio.jpg\",\"width\":515,\"height\":466,\"caption\":\"Arese telecamere parchi rischio\"},{\"@type\":\"BreadcrumbList\",\"@id\":\"https:\\\/\\\/www.ilnotiziario.net\\\/wp\\\/prima-pagina\\\/arese-telecamere-nei-parchi-cittadini-piu-a-rischio\\\/#breadcrumb\",\"itemListElement\":[{\"@type\":\"ListItem\",\"position\":1,\"name\":\"tds_text_logo_tagline_colortds_text_logo_tagline_colortds_text_logo_tagline_colortds_text_logo_tagline_colortd_module_7_title_excerpttd_module_7_title_excerpttd_module_7_title_excerpttd_module_7_title_excerptHome\",\"item\":\"https:\\\/\\\/www.ilnotiziario.net\\\/wp\\\/\"},{\"@type\":\"ListItem\",\"position\":2,\"name\":\"Arese, telecamere nei parchi cittadini pi\u00f9 a rischio\"}]},{\"@type\":\"WebSite\",\"@id\":\"https:\\\/\\\/www.ilnotiziario.net\\\/wp\\\/#website\",\"url\":\"https:\\\/\\\/www.ilnotiziario.net\\\/wp\\\/\",\"name\":\"Il Notiziario\",\"description\":\"Per restare sempre connessi alla notizia\",\"publisher\":{\"@id\":\"https:\\\/\\\/www.ilnotiziario.net\\\/wp\\\/#organization\"},\"alternateName\":\"Il Notiziario Bollate\",\"potentialAction\":[{\"@type\":\"SearchAction\",\"target\":{\"@type\":\"EntryPoint\",\"urlTemplate\":\"https:\\\/\\\/www.ilnotiziario.net\\\/wp\\\/?s={search_term_string}\"},\"query-input\":{\"@type\":\"PropertyValueSpecification\",\"valueRequired\":true,\"valueName\":\"search_term_string\"}}],\"inLanguage\":\"it-IT\"},{\"@type\":\"Organization\",\"@id\":\"https:\\\/\\\/www.ilnotiziario.net\\\/wp\\\/#organization\",\"name\":\"Il Notiziario\",\"url\":\"https:\\\/\\\/www.ilnotiziario.net\\\/wp\\\/\",\"logo\":{\"@type\":\"ImageObject\",\"inLanguage\":\"it-IT\",\"@id\":\"https:\\\/\\\/www.ilnotiziario.net\\\/wp\\\/#\\\/schema\\\/logo\\\/image\\\/\",\"url\":\"https:\\\/\\\/www.ilnotiziario.net\\\/wp\\\/wp-content\\\/uploads\\\/2022\\\/06\\\/170x170ilN.png\",\"contentUrl\":\"https:\\\/\\\/www.ilnotiziario.net\\\/wp\\\/wp-content\\\/uploads\\\/2022\\\/06\\\/170x170ilN.png\",\"width\":355,\"height\":355,\"caption\":\"Il Notiziario\"},\"image\":{\"@id\":\"https:\\\/\\\/www.ilnotiziario.net\\\/wp\\\/#\\\/schema\\\/logo\\\/image\\\/\"},\"sameAs\":[\"https:\\\/\\\/www.facebook.com\\\/ilnotiziarioind\\\/\",\"https:\\\/\\\/x.com\\\/ilNotiziarioInd\",\"https:\\\/\\\/www.instagram.com\\\/ilnotiziario_settimanale\\\/\"]},{\"@type\":\"Person\",\"@id\":\"https:\\\/\\\/www.ilnotiziario.net\\\/wp\\\/#\\\/schema\\\/person\\\/c5bca2edc3d99d29959f04a6126f687b\",\"name\":\"Silvia Citterio\",\"image\":{\"@type\":\"ImageObject\",\"inLanguage\":\"it-IT\",\"@id\":\"https:\\\/\\\/secure.gravatar.com\\\/avatar\\\/03eb19c63b944e79a9b5ce53ca5d1ca303edcf368a68721ec3ccaae7f98c5afd?s=96&d=mm&r=g\",\"url\":\"https:\\\/\\\/secure.gravatar.com\\\/avatar\\\/03eb19c63b944e79a9b5ce53ca5d1ca303edcf368a68721ec3ccaae7f98c5afd?s=96&d=mm&r=g\",\"contentUrl\":\"https:\\\/\\\/secure.gravatar.com\\\/avatar\\\/03eb19c63b944e79a9b5ce53ca5d1ca303edcf368a68721ec3ccaae7f98c5afd?s=96&d=mm&r=g\",\"caption\":\"Silvia Citterio\"}}]}<\/script>\n<!-- \/ Yoast SEO plugin. -->","yoast_head_json":{"title":"Arese, telecamere nei parchi cittadini pi\u00f9 a rischio - Il Notiziario","description":"Arese, telecamere nei parchi cittadini pi\u00f9 a rischio. La sorveglianza dei parchi pubblici non \u00e8 stata sinora sviluppata per la mancanza di una","robots":{"index":"index","follow":"follow","max-snippet":"max-snippet:-1","max-image-preview":"max-image-preview:large","max-video-preview":"max-video-preview:-1"},"canonical":"https:\/\/www.ilnotiziario.net\/wp\/prima-pagina\/arese-telecamere-nei-parchi-cittadini-piu-a-rischio\/","og_locale":"it_IT","og_type":"article","og_title":"Arese, telecamere nei parchi cittadini pi\u00f9 a rischio - Il Notiziario","og_description":"Arese, telecamere nei parchi cittadini pi\u00f9 a rischio. La sorveglianza dei parchi pubblici non \u00e8 stata sinora sviluppata per la mancanza di una","og_url":"https:\/\/www.ilnotiziario.net\/wp\/prima-pagina\/arese-telecamere-nei-parchi-cittadini-piu-a-rischio\/","og_site_name":"Il Notiziario","article_publisher":"https:\/\/www.facebook.com\/ilnotiziarioind\/","article_published_time":"2026-01-25T11:39:06+00:00","og_image":[{"width":515,"height":466,"url":"https:\/\/www.ilnotiziario.net\/wp\/wp-content\/uploads\/2026\/01\/Arese-telecamere-parchi-rischio.jpg","type":"image\/jpeg"}],"author":"Silvia Citterio","twitter_card":"summary_large_image","twitter_creator":"@ilNotiziarioInd","twitter_site":"@ilNotiziarioInd","twitter_misc":{"Scritto da":"Silvia Citterio","Tempo di lettura stimato":"2 minuti"},"schema":{"@context":"https:\/\/schema.org","@graph":[{"@type":"Article","@id":"https:\/\/www.ilnotiziario.net\/wp\/prima-pagina\/arese-telecamere-nei-parchi-cittadini-piu-a-rischio\/#article","isPartOf":{"@id":"https:\/\/www.ilnotiziario.net\/wp\/prima-pagina\/arese-telecamere-nei-parchi-cittadini-piu-a-rischio\/"},"author":{"name":"Silvia Citterio","@id":"https:\/\/www.ilnotiziario.net\/wp\/#\/schema\/person\/c5bca2edc3d99d29959f04a6126f687b"},"headline":"Arese, telecamere nei parchi cittadini pi\u00f9 a rischio","datePublished":"2026-01-25T11:39:06+00:00","mainEntityOfPage":{"@id":"https:\/\/www.ilnotiziario.net\/wp\/prima-pagina\/arese-telecamere-nei-parchi-cittadini-piu-a-rischio\/"},"wordCount":327,"publisher":{"@id":"https:\/\/www.ilnotiziario.net\/wp\/#organization"},"image":{"@id":"https:\/\/www.ilnotiziario.net\/wp\/prima-pagina\/arese-telecamere-nei-parchi-cittadini-piu-a-rischio\/#primaryimage"},"thumbnailUrl":"https:\/\/www.ilnotiziario.net\/wp\/wp-content\/uploads\/2026\/01\/Arese-telecamere-parchi-rischio.jpg","keywords":["Arese","Parchi","rischio","telecamere"],"articleSection":["BOLLATESE","Prima Pagina"],"inLanguage":"it-IT"},{"@type":"WebPage","@id":"https:\/\/www.ilnotiziario.net\/wp\/prima-pagina\/arese-telecamere-nei-parchi-cittadini-piu-a-rischio\/","url":"https:\/\/www.ilnotiziario.net\/wp\/prima-pagina\/arese-telecamere-nei-parchi-cittadini-piu-a-rischio\/","name":"Arese, telecamere nei parchi cittadini pi\u00f9 a rischio - Il Notiziario","isPartOf":{"@id":"https:\/\/www.ilnotiziario.net\/wp\/#website"},"primaryImageOfPage":{"@id":"https:\/\/www.ilnotiziario.net\/wp\/prima-pagina\/arese-telecamere-nei-parchi-cittadini-piu-a-rischio\/#primaryimage"},"image":{"@id":"https:\/\/www.ilnotiziario.net\/wp\/prima-pagina\/arese-telecamere-nei-parchi-cittadini-piu-a-rischio\/#primaryimage"},"thumbnailUrl":"https:\/\/www.ilnotiziario.net\/wp\/wp-content\/uploads\/2026\/01\/Arese-telecamere-parchi-rischio.jpg","datePublished":"2026-01-25T11:39:06+00:00","description":"Arese, telecamere nei parchi cittadini pi\u00f9 a rischio. La sorveglianza dei parchi pubblici non \u00e8 stata sinora sviluppata per la mancanza di una","breadcrumb":{"@id":"https:\/\/www.ilnotiziario.net\/wp\/prima-pagina\/arese-telecamere-nei-parchi-cittadini-piu-a-rischio\/#breadcrumb"},"inLanguage":"it-IT","potentialAction":[{"@type":"ReadAction","target":["https:\/\/www.ilnotiziario.net\/wp\/prima-pagina\/arese-telecamere-nei-parchi-cittadini-piu-a-rischio\/"]}]},{"@type":"ImageObject","inLanguage":"it-IT","@id":"https:\/\/www.ilnotiziario.net\/wp\/prima-pagina\/arese-telecamere-nei-parchi-cittadini-piu-a-rischio\/#primaryimage","url":"https:\/\/www.ilnotiziario.net\/wp\/wp-content\/uploads\/2026\/01\/Arese-telecamere-parchi-rischio.jpg","contentUrl":"https:\/\/www.ilnotiziario.net\/wp\/wp-content\/uploads\/2026\/01\/Arese-telecamere-parchi-rischio.jpg","width":515,"height":466,"caption":"Arese telecamere parchi rischio"},{"@type":"BreadcrumbList","@id":"https:\/\/www.ilnotiziario.net\/wp\/prima-pagina\/arese-telecamere-nei-parchi-cittadini-piu-a-rischio\/#breadcrumb","itemListElement":[{"@type":"ListItem","position":1,"name":"tds_text_logo_tagline_colortds_text_logo_tagline_colortds_text_logo_tagline_colortds_text_logo_tagline_colortd_module_7_title_excerpttd_module_7_title_excerpttd_module_7_title_excerpttd_module_7_title_excerptHome","item":"https:\/\/www.ilnotiziario.net\/wp\/"},{"@type":"ListItem","position":2,"name":"Arese, telecamere nei parchi cittadini pi\u00f9 a rischio"}]},{"@type":"WebSite","@id":"https:\/\/www.ilnotiziario.net\/wp\/#website","url":"https:\/\/www.ilnotiziario.net\/wp\/","name":"Il Notiziario","description":"Per restare sempre connessi alla notizia","publisher":{"@id":"https:\/\/www.ilnotiziario.net\/wp\/#organization"},"alternateName":"Il Notiziario Bollate","potentialAction":[{"@type":"SearchAction","target":{"@type":"EntryPoint","urlTemplate":"https:\/\/www.ilnotiziario.net\/wp\/?s={search_term_string}"},"query-input":{"@type":"PropertyValueSpecification","valueRequired":true,"valueName":"search_term_string"}}],"inLanguage":"it-IT"},{"@type":"Organization","@id":"https:\/\/www.ilnotiziario.net\/wp\/#organization","name":"Il Notiziario","url":"https:\/\/www.ilnotiziario.net\/wp\/","logo":{"@type":"ImageObject","inLanguage":"it-IT","@id":"https:\/\/www.ilnotiziario.net\/wp\/#\/schema\/logo\/image\/","url":"https:\/\/www.ilnotiziario.net\/wp\/wp-content\/uploads\/2022\/06\/170x170ilN.png","contentUrl":"https:\/\/www.ilnotiziario.net\/wp\/wp-content\/uploads\/2022\/06\/170x170ilN.png","width":355,"height":355,"caption":"Il Notiziario"},"image":{"@id":"https:\/\/www.ilnotiziario.net\/wp\/#\/schema\/logo\/image\/"},"sameAs":["https:\/\/www.facebook.com\/ilnotiziarioind\/","https:\/\/x.com\/ilNotiziarioInd","https:\/\/www.instagram.com\/ilnotiziario_settimanale\/"]},{"@type":"Person","@id":"https:\/\/www.ilnotiziario.net\/wp\/#\/schema\/person\/c5bca2edc3d99d29959f04a6126f687b","name":"Silvia Citterio","image":{"@type":"ImageObject","inLanguage":"it-IT","@id":"https:\/\/secure.gravatar.com\/avatar\/03eb19c63b944e79a9b5ce53ca5d1ca303edcf368a68721ec3ccaae7f98c5afd?s=96&d=mm&r=g","url":"https:\/\/secure.gravatar.com\/avatar\/03eb19c63b944e79a9b5ce53ca5d1ca303edcf368a68721ec3ccaae7f98c5afd?s=96&d=mm&r=g","contentUrl":"https:\/\/secure.gravatar.com\/avatar\/03eb19c63b944e79a9b5ce53ca5d1ca303edcf368a68721ec3ccaae7f98c5afd?s=96&d=mm&r=g","caption":"Silvia Citterio"}}]}},"_links":{"self":[{"href":"https:\/\/www.ilnotiziario.net\/wp\/wp-json\/wp\/v2\/posts\/215219","targetHints":{"allow":["GET"]}}],"collection":[{"href":"https:\/\/www.ilnotiziario.net\/wp\/wp-json\/wp\/v2\/posts"}],"about":[{"href":"https:\/\/www.ilnotiziario.net\/wp\/wp-json\/wp\/v2\/types\/post"}],"author":[{"embeddable":true,"href":"https:\/\/www.ilnotiziario.net\/wp\/wp-json\/wp\/v2\/users\/14"}],"replies":[{"embeddable":true,"href":"https:\/\/www.ilnotiziario.net\/wp\/wp-json\/wp\/v2\/comments?post=215219"}],"version-history":[{"count":0,"href":"https:\/\/www.ilnotiziario.net\/wp\/wp-json\/wp\/v2\/posts\/215219\/revisions"}],"wp:featuredmedia":[{"embeddable":true,"href":"https:\/\/www.ilnotiziario.net\/wp\/wp-json\/wp\/v2\/media\/215221"}],"wp:attachment":[{"href":"https:\/\/www.ilnotiziario.net\/wp\/wp-json\/wp\/v2\/media?parent=215219"}],"wp:term":[{"taxonomy":"category","embeddable":true,"href":"https:\/\/www.ilnotiziario.net\/wp\/wp-json\/wp\/v2\/categories?post=215219"},{"taxonomy":"post_tag","embeddable":true,"href":"https:\/\/www.ilnotiziario.net\/wp\/wp-json\/wp\/v2\/tags?post=215219"}],"curies":[{"name":"wp","href":"https:\/\/api.w.org\/{rel}","templated":true}]}}