{"id":215940,"date":"2026-01-26T18:27:06","date_gmt":"2026-01-26T17:27:06","guid":{"rendered":"https:\/\/www.ilnotiziario.net\/wp\/?p=215940"},"modified":"2026-01-26T15:27:42","modified_gmt":"2026-01-26T14:27:42","slug":"garbagnate-ordigno-abbandonato-alla-garbiera-fatto-brillare","status":"publish","type":"post","link":"https:\/\/www.ilnotiziario.net\/wp\/prima-pagina\/garbagnate-ordigno-abbandonato-alla-garbiera-fatto-brillare\/","title":{"rendered":"Garbagnate, ordigno abbandonato alla Garbiera: fatto brillare"},"content":{"rendered":"<p>Garbagnate, ordigno abbandonato alla Garbiera: fatto brillare.<br \/>\nLa notizia si \u00e8 diffusa solo nei giorni scorsi, ma riguarda le giornate subito successive alla festivit\u00e0 del Capodanno, durante la quale \u00e8 stato effettuato un uso sin troppo eccessivo di botti e fuochi artificiali.<\/p><div id=\"ilnot-2312224855\" class=\"ilnot-contenuto ilnot-entity-placement\"><p><!-- incontent_1 --><\/p>\n<div class=\"gptslot\" data-adunitid=\"1\"><\/div>\n<\/div>\n<p>C\u2019\u00e8 anche chi ha utilizzato pericolosi ordigni carichi di polvere da sparo, per il solo gusto di provocare vere e proprie esplosioni con fragorosi boati, ordigni ovviamente illegali e acquistato sul mercato nero.<\/p>\n<p>Uno di questi ordigni, per\u00f2, \u00e8 rimasto inesploso ed \u00e8 stato abbandonato a terra nel parco della Garbiera, in prossimit\u00e0 del ponte sul canale Villoresi. Si trattava di un vero pericolo, perch\u00e9 se qualcuno lo avesse trovato e maneggiato senza comprenderne la pericolosit\u00e0, inducendone l\u2019esplosione, le conseguenze avrebbero potuto essere sicuramente tragiche.<\/p><div id=\"ilnot-71426247\" class=\"ilnot-contenuto_2 ilnot-entity-placement\"><div class=\"ads-wrapper\">\n<div class=\"ad-slot\">\n   <div id=\"ilnot-3278640760\" style=\"margin-right: auto;margin-left: auto;text-align: center;width: 320px;height: 100px;\"><a href=\"https:\/\/www.scuolasicurezza.it\/\"><img decoding=\"async\" src=\"https:\/\/www.ilnotiziario.net\/wp\/wp-content\/uploads\/2026\/04\/IlNotiziario_banner-sito-e-newsletter-320-x-100-px-1.gif\" alt=\"\"><\/a><\/div>\n  <\/div>\n<div class=\"ad-slot\">\n   <div id=\"ilnot-2278261228\" style=\"margin-right: auto;margin-left: auto;text-align: center;width: 320px;height: 100px;\"><a href=\"https:\/\/purodesignarredamenti.com\/\"><img decoding=\"async\" src=\"https:\/\/www.ilnotiziario.net\/wp\/wp-content\/uploads\/2026\/04\/banner-puro-ok.gif\" alt=\"whatsapp\"><\/a><\/div><\/p><\/div>\n<\/div>\n<\/div>\n<h2>Ordigno alla Garbiera, la segnalazione<\/h2>\n<p>Per fortuna qualche cittadino che alcuni giorni dopo il Capodanno ha visto la bomba artigianale abbandonata sul terreno, ha pensato bene di avvisare i Carabinieri perch\u00e9 intervenissero per rimuoverlo. Ma, quando i militari sono giunti sul posto, si sono resi conto dell\u2019estrema pericolosit\u00e0 della situazione. E\u2019 cos\u00ec che i Carabinieri hanno deciso di eliminare il pericolo nel modo pi\u00f9 sicuro, ossi facendolo esplodere sul posto dopo aver tenuto a distanza di sicurezza chiunque.<\/p>\n<p>L\u2019ordigno \u00e8 cos\u00ec stato fatto brillare e il pericolo \u00e8 stato eliminato, ma restano le inevitabili considerazioni: la presenza di un ordigno artigianale inesploso, abbandonato in un parco pubblico frequentato da famiglie, bambini e sportivi, rappresenta un rischio gravissimo, perch\u00e8 si tratta di dispositivi instabili e imprevedibili, che possono esplodere anche a distanza di giorni per una semplice sollecitazione, un urto o un tentativo incauto di manipolazione. Particolarmente allarmante \u00e8 il fatto che tali ordigni siano illegali e realizzati con polvere da sparo, spesso senza alcun controllo sulla quantit\u00e0 o sulla qualit\u00e0 dei materiali utilizzati. Questo li rende ancora pi\u00f9 pericolosi dei normali fuochi d\u2019artificio autorizzati, perch\u00e9 non rispettano alcuno standard di sicurezza.<\/p>\n<p style=\"text-align: right;\"><strong>Piero Uboldi<\/strong><\/p><div id=\"ilnot-3130160451\" class=\"ilnot-contenuto_2-2 ilnot-entity-placement\"><div class=\"gptslot\" data-adunitid=\"2\"><\/div>\n<\/div>\n","protected":false},"excerpt":{"rendered":"<p>Garbagnate, ordigno abbandonato alla Garbiera: fatto brillare. La notizia si \u00e8 diffusa solo nei giorni scorsi, ma riguarda le giornate subito successive alla festivit\u00e0 del Capodanno, durante la quale \u00e8 stato effettuato un uso sin troppo eccessivo di botti e fuochi artificiali. C\u2019\u00e8 anche chi ha utilizzato pericolosi ordigni carichi di polvere da sparo, per<\/p>\n","protected":false},"author":14,"featured_media":215948,"comment_status":"closed","ping_status":"closed","sticky":false,"template":"","format":"standard","meta":{"footnotes":""},"categories":[8,20],"tags":[2291,18529,43,4769],"class_list":{"0":"post-215940","1":"post","2":"type-post","3":"status-publish","4":"format-standard","5":"has-post-thumbnail","7":"category-bollatese","8":"category-prima-pagina","9":"tag-abbandonato","10":"tag-brillare","11":"tag-garbagnate","12":"tag-ordigno"},"yoast_head":"<!-- This site is optimized with the Yoast SEO plugin v27.4 - https:\/\/yoast.com\/product\/yoast-seo-wordpress\/ -->\n<title>Garbagnate, ordigno abbandonato alla Garbiera: fatto brillare - Il Notiziario<\/title>\n<meta name=\"description\" content=\"Garbagnate, ordigno abbandonato alla Garbiera: fatto brillare. La notizia si \u00e8 diffusa solo nei giorni scorsi, ma riguarda le giornate subito successive\" \/>\n<meta name=\"robots\" content=\"index, follow, max-snippet:-1, max-image-preview:large, max-video-preview:-1\" \/>\n<link rel=\"canonical\" href=\"https:\/\/www.ilnotiziario.net\/wp\/prima-pagina\/garbagnate-ordigno-abbandonato-alla-garbiera-fatto-brillare\/\" \/>\n<meta property=\"og:locale\" content=\"it_IT\" \/>\n<meta property=\"og:type\" content=\"article\" \/>\n<meta property=\"og:title\" content=\"Garbagnate, ordigno abbandonato alla Garbiera: fatto brillare - Il Notiziario\" \/>\n<meta property=\"og:description\" content=\"Garbagnate, ordigno abbandonato alla Garbiera: fatto brillare. La notizia si \u00e8 diffusa solo nei giorni scorsi, ma riguarda le giornate subito successive\" \/>\n<meta property=\"og:url\" content=\"https:\/\/www.ilnotiziario.net\/wp\/prima-pagina\/garbagnate-ordigno-abbandonato-alla-garbiera-fatto-brillare\/\" \/>\n<meta property=\"og:site_name\" content=\"Il Notiziario\" \/>\n<meta property=\"article:publisher\" content=\"https:\/\/www.facebook.com\/ilnotiziarioind\/\" \/>\n<meta property=\"article:published_time\" content=\"2026-01-26T17:27:06+00:00\" \/>\n<meta property=\"og:image\" content=\"https:\/\/www.ilnotiziario.net\/wp\/wp-content\/uploads\/2026\/01\/Garbagnate-ordigno-abbandonato-brillare.jpg\" \/>\n\t<meta property=\"og:image:width\" content=\"1807\" \/>\n\t<meta property=\"og:image:height\" content=\"1252\" \/>\n\t<meta property=\"og:image:type\" content=\"image\/jpeg\" \/>\n<meta name=\"author\" content=\"Silvia Citterio\" \/>\n<meta name=\"twitter:card\" content=\"summary_large_image\" \/>\n<meta name=\"twitter:creator\" content=\"@ilNotiziarioInd\" \/>\n<meta name=\"twitter:site\" content=\"@ilNotiziarioInd\" \/>\n<meta name=\"twitter:label1\" content=\"Scritto da\" \/>\n\t<meta name=\"twitter:data1\" content=\"Silvia Citterio\" \/>\n\t<meta name=\"twitter:label2\" content=\"Tempo di lettura stimato\" \/>\n\t<meta name=\"twitter:data2\" content=\"2 minuti\" \/>\n<script type=\"application\/ld+json\" class=\"yoast-schema-graph\">{\"@context\":\"https:\\\/\\\/schema.org\",\"@graph\":[{\"@type\":\"Article\",\"@id\":\"https:\\\/\\\/www.ilnotiziario.net\\\/wp\\\/prima-pagina\\\/garbagnate-ordigno-abbandonato-alla-garbiera-fatto-brillare\\\/#article\",\"isPartOf\":{\"@id\":\"https:\\\/\\\/www.ilnotiziario.net\\\/wp\\\/prima-pagina\\\/garbagnate-ordigno-abbandonato-alla-garbiera-fatto-brillare\\\/\"},\"author\":{\"name\":\"Silvia Citterio\",\"@id\":\"https:\\\/\\\/www.ilnotiziario.net\\\/wp\\\/#\\\/schema\\\/person\\\/c5bca2edc3d99d29959f04a6126f687b\"},\"headline\":\"Garbagnate, ordigno abbandonato alla Garbiera: fatto brillare\",\"datePublished\":\"2026-01-26T17:27:06+00:00\",\"mainEntityOfPage\":{\"@id\":\"https:\\\/\\\/www.ilnotiziario.net\\\/wp\\\/prima-pagina\\\/garbagnate-ordigno-abbandonato-alla-garbiera-fatto-brillare\\\/\"},\"wordCount\":324,\"publisher\":{\"@id\":\"https:\\\/\\\/www.ilnotiziario.net\\\/wp\\\/#organization\"},\"image\":{\"@id\":\"https:\\\/\\\/www.ilnotiziario.net\\\/wp\\\/prima-pagina\\\/garbagnate-ordigno-abbandonato-alla-garbiera-fatto-brillare\\\/#primaryimage\"},\"thumbnailUrl\":\"https:\\\/\\\/www.ilnotiziario.net\\\/wp\\\/wp-content\\\/uploads\\\/2026\\\/01\\\/Garbagnate-ordigno-abbandonato-brillare.jpg\",\"keywords\":[\"Abbandonato\",\"brillare\",\"Garbagnate\",\"ordigno\"],\"articleSection\":[\"BOLLATESE\",\"Prima Pagina\"],\"inLanguage\":\"it-IT\"},{\"@type\":\"WebPage\",\"@id\":\"https:\\\/\\\/www.ilnotiziario.net\\\/wp\\\/prima-pagina\\\/garbagnate-ordigno-abbandonato-alla-garbiera-fatto-brillare\\\/\",\"url\":\"https:\\\/\\\/www.ilnotiziario.net\\\/wp\\\/prima-pagina\\\/garbagnate-ordigno-abbandonato-alla-garbiera-fatto-brillare\\\/\",\"name\":\"Garbagnate, ordigno abbandonato alla Garbiera: fatto brillare - Il Notiziario\",\"isPartOf\":{\"@id\":\"https:\\\/\\\/www.ilnotiziario.net\\\/wp\\\/#website\"},\"primaryImageOfPage\":{\"@id\":\"https:\\\/\\\/www.ilnotiziario.net\\\/wp\\\/prima-pagina\\\/garbagnate-ordigno-abbandonato-alla-garbiera-fatto-brillare\\\/#primaryimage\"},\"image\":{\"@id\":\"https:\\\/\\\/www.ilnotiziario.net\\\/wp\\\/prima-pagina\\\/garbagnate-ordigno-abbandonato-alla-garbiera-fatto-brillare\\\/#primaryimage\"},\"thumbnailUrl\":\"https:\\\/\\\/www.ilnotiziario.net\\\/wp\\\/wp-content\\\/uploads\\\/2026\\\/01\\\/Garbagnate-ordigno-abbandonato-brillare.jpg\",\"datePublished\":\"2026-01-26T17:27:06+00:00\",\"description\":\"Garbagnate, ordigno abbandonato alla Garbiera: fatto brillare. La notizia si \u00e8 diffusa solo nei giorni scorsi, ma riguarda le giornate subito successive\",\"breadcrumb\":{\"@id\":\"https:\\\/\\\/www.ilnotiziario.net\\\/wp\\\/prima-pagina\\\/garbagnate-ordigno-abbandonato-alla-garbiera-fatto-brillare\\\/#breadcrumb\"},\"inLanguage\":\"it-IT\",\"potentialAction\":[{\"@type\":\"ReadAction\",\"target\":[\"https:\\\/\\\/www.ilnotiziario.net\\\/wp\\\/prima-pagina\\\/garbagnate-ordigno-abbandonato-alla-garbiera-fatto-brillare\\\/\"]}]},{\"@type\":\"ImageObject\",\"inLanguage\":\"it-IT\",\"@id\":\"https:\\\/\\\/www.ilnotiziario.net\\\/wp\\\/prima-pagina\\\/garbagnate-ordigno-abbandonato-alla-garbiera-fatto-brillare\\\/#primaryimage\",\"url\":\"https:\\\/\\\/www.ilnotiziario.net\\\/wp\\\/wp-content\\\/uploads\\\/2026\\\/01\\\/Garbagnate-ordigno-abbandonato-brillare.jpg\",\"contentUrl\":\"https:\\\/\\\/www.ilnotiziario.net\\\/wp\\\/wp-content\\\/uploads\\\/2026\\\/01\\\/Garbagnate-ordigno-abbandonato-brillare.jpg\",\"width\":1807,\"height\":1252,\"caption\":\"Il parco dove \u00e8 stato trovato l'ordigno\"},{\"@type\":\"BreadcrumbList\",\"@id\":\"https:\\\/\\\/www.ilnotiziario.net\\\/wp\\\/prima-pagina\\\/garbagnate-ordigno-abbandonato-alla-garbiera-fatto-brillare\\\/#breadcrumb\",\"itemListElement\":[{\"@type\":\"ListItem\",\"position\":1,\"name\":\"tds_text_logo_tagline_colortds_text_logo_tagline_colortds_text_logo_tagline_colortds_text_logo_tagline_colortd_module_7_title_excerpttd_module_7_title_excerpttd_module_7_title_excerpttd_module_7_title_excerptHome\",\"item\":\"https:\\\/\\\/www.ilnotiziario.net\\\/wp\\\/\"},{\"@type\":\"ListItem\",\"position\":2,\"name\":\"Garbagnate, ordigno abbandonato alla Garbiera: fatto brillare\"}]},{\"@type\":\"WebSite\",\"@id\":\"https:\\\/\\\/www.ilnotiziario.net\\\/wp\\\/#website\",\"url\":\"https:\\\/\\\/www.ilnotiziario.net\\\/wp\\\/\",\"name\":\"Il Notiziario\",\"description\":\"Per restare sempre connessi alla notizia\",\"publisher\":{\"@id\":\"https:\\\/\\\/www.ilnotiziario.net\\\/wp\\\/#organization\"},\"alternateName\":\"Il Notiziario Bollate\",\"potentialAction\":[{\"@type\":\"SearchAction\",\"target\":{\"@type\":\"EntryPoint\",\"urlTemplate\":\"https:\\\/\\\/www.ilnotiziario.net\\\/wp\\\/?s={search_term_string}\"},\"query-input\":{\"@type\":\"PropertyValueSpecification\",\"valueRequired\":true,\"valueName\":\"search_term_string\"}}],\"inLanguage\":\"it-IT\"},{\"@type\":\"Organization\",\"@id\":\"https:\\\/\\\/www.ilnotiziario.net\\\/wp\\\/#organization\",\"name\":\"Il Notiziario\",\"url\":\"https:\\\/\\\/www.ilnotiziario.net\\\/wp\\\/\",\"logo\":{\"@type\":\"ImageObject\",\"inLanguage\":\"it-IT\",\"@id\":\"https:\\\/\\\/www.ilnotiziario.net\\\/wp\\\/#\\\/schema\\\/logo\\\/image\\\/\",\"url\":\"https:\\\/\\\/www.ilnotiziario.net\\\/wp\\\/wp-content\\\/uploads\\\/2022\\\/06\\\/170x170ilN.png\",\"contentUrl\":\"https:\\\/\\\/www.ilnotiziario.net\\\/wp\\\/wp-content\\\/uploads\\\/2022\\\/06\\\/170x170ilN.png\",\"width\":355,\"height\":355,\"caption\":\"Il Notiziario\"},\"image\":{\"@id\":\"https:\\\/\\\/www.ilnotiziario.net\\\/wp\\\/#\\\/schema\\\/logo\\\/image\\\/\"},\"sameAs\":[\"https:\\\/\\\/www.facebook.com\\\/ilnotiziarioind\\\/\",\"https:\\\/\\\/x.com\\\/ilNotiziarioInd\",\"https:\\\/\\\/www.instagram.com\\\/ilnotiziario_settimanale\\\/\"]},{\"@type\":\"Person\",\"@id\":\"https:\\\/\\\/www.ilnotiziario.net\\\/wp\\\/#\\\/schema\\\/person\\\/c5bca2edc3d99d29959f04a6126f687b\",\"name\":\"Silvia Citterio\",\"image\":{\"@type\":\"ImageObject\",\"inLanguage\":\"it-IT\",\"@id\":\"https:\\\/\\\/secure.gravatar.com\\\/avatar\\\/03eb19c63b944e79a9b5ce53ca5d1ca303edcf368a68721ec3ccaae7f98c5afd?s=96&d=mm&r=g\",\"url\":\"https:\\\/\\\/secure.gravatar.com\\\/avatar\\\/03eb19c63b944e79a9b5ce53ca5d1ca303edcf368a68721ec3ccaae7f98c5afd?s=96&d=mm&r=g\",\"contentUrl\":\"https:\\\/\\\/secure.gravatar.com\\\/avatar\\\/03eb19c63b944e79a9b5ce53ca5d1ca303edcf368a68721ec3ccaae7f98c5afd?s=96&d=mm&r=g\",\"caption\":\"Silvia Citterio\"}}]}<\/script>\n<!-- \/ Yoast SEO plugin. -->","yoast_head_json":{"title":"Garbagnate, ordigno abbandonato alla Garbiera: fatto brillare - Il Notiziario","description":"Garbagnate, ordigno abbandonato alla Garbiera: fatto brillare. La notizia si \u00e8 diffusa solo nei giorni scorsi, ma riguarda le giornate subito successive","robots":{"index":"index","follow":"follow","max-snippet":"max-snippet:-1","max-image-preview":"max-image-preview:large","max-video-preview":"max-video-preview:-1"},"canonical":"https:\/\/www.ilnotiziario.net\/wp\/prima-pagina\/garbagnate-ordigno-abbandonato-alla-garbiera-fatto-brillare\/","og_locale":"it_IT","og_type":"article","og_title":"Garbagnate, ordigno abbandonato alla Garbiera: fatto brillare - Il Notiziario","og_description":"Garbagnate, ordigno abbandonato alla Garbiera: fatto brillare. La notizia si \u00e8 diffusa solo nei giorni scorsi, ma riguarda le giornate subito successive","og_url":"https:\/\/www.ilnotiziario.net\/wp\/prima-pagina\/garbagnate-ordigno-abbandonato-alla-garbiera-fatto-brillare\/","og_site_name":"Il Notiziario","article_publisher":"https:\/\/www.facebook.com\/ilnotiziarioind\/","article_published_time":"2026-01-26T17:27:06+00:00","og_image":[{"width":1807,"height":1252,"url":"https:\/\/www.ilnotiziario.net\/wp\/wp-content\/uploads\/2026\/01\/Garbagnate-ordigno-abbandonato-brillare.jpg","type":"image\/jpeg"}],"author":"Silvia Citterio","twitter_card":"summary_large_image","twitter_creator":"@ilNotiziarioInd","twitter_site":"@ilNotiziarioInd","twitter_misc":{"Scritto da":"Silvia Citterio","Tempo di lettura stimato":"2 minuti"},"schema":{"@context":"https:\/\/schema.org","@graph":[{"@type":"Article","@id":"https:\/\/www.ilnotiziario.net\/wp\/prima-pagina\/garbagnate-ordigno-abbandonato-alla-garbiera-fatto-brillare\/#article","isPartOf":{"@id":"https:\/\/www.ilnotiziario.net\/wp\/prima-pagina\/garbagnate-ordigno-abbandonato-alla-garbiera-fatto-brillare\/"},"author":{"name":"Silvia Citterio","@id":"https:\/\/www.ilnotiziario.net\/wp\/#\/schema\/person\/c5bca2edc3d99d29959f04a6126f687b"},"headline":"Garbagnate, ordigno abbandonato alla Garbiera: fatto brillare","datePublished":"2026-01-26T17:27:06+00:00","mainEntityOfPage":{"@id":"https:\/\/www.ilnotiziario.net\/wp\/prima-pagina\/garbagnate-ordigno-abbandonato-alla-garbiera-fatto-brillare\/"},"wordCount":324,"publisher":{"@id":"https:\/\/www.ilnotiziario.net\/wp\/#organization"},"image":{"@id":"https:\/\/www.ilnotiziario.net\/wp\/prima-pagina\/garbagnate-ordigno-abbandonato-alla-garbiera-fatto-brillare\/#primaryimage"},"thumbnailUrl":"https:\/\/www.ilnotiziario.net\/wp\/wp-content\/uploads\/2026\/01\/Garbagnate-ordigno-abbandonato-brillare.jpg","keywords":["Abbandonato","brillare","Garbagnate","ordigno"],"articleSection":["BOLLATESE","Prima Pagina"],"inLanguage":"it-IT"},{"@type":"WebPage","@id":"https:\/\/www.ilnotiziario.net\/wp\/prima-pagina\/garbagnate-ordigno-abbandonato-alla-garbiera-fatto-brillare\/","url":"https:\/\/www.ilnotiziario.net\/wp\/prima-pagina\/garbagnate-ordigno-abbandonato-alla-garbiera-fatto-brillare\/","name":"Garbagnate, ordigno abbandonato alla Garbiera: fatto brillare - Il Notiziario","isPartOf":{"@id":"https:\/\/www.ilnotiziario.net\/wp\/#website"},"primaryImageOfPage":{"@id":"https:\/\/www.ilnotiziario.net\/wp\/prima-pagina\/garbagnate-ordigno-abbandonato-alla-garbiera-fatto-brillare\/#primaryimage"},"image":{"@id":"https:\/\/www.ilnotiziario.net\/wp\/prima-pagina\/garbagnate-ordigno-abbandonato-alla-garbiera-fatto-brillare\/#primaryimage"},"thumbnailUrl":"https:\/\/www.ilnotiziario.net\/wp\/wp-content\/uploads\/2026\/01\/Garbagnate-ordigno-abbandonato-brillare.jpg","datePublished":"2026-01-26T17:27:06+00:00","description":"Garbagnate, ordigno abbandonato alla Garbiera: fatto brillare. La notizia si \u00e8 diffusa solo nei giorni scorsi, ma riguarda le giornate subito successive","breadcrumb":{"@id":"https:\/\/www.ilnotiziario.net\/wp\/prima-pagina\/garbagnate-ordigno-abbandonato-alla-garbiera-fatto-brillare\/#breadcrumb"},"inLanguage":"it-IT","potentialAction":[{"@type":"ReadAction","target":["https:\/\/www.ilnotiziario.net\/wp\/prima-pagina\/garbagnate-ordigno-abbandonato-alla-garbiera-fatto-brillare\/"]}]},{"@type":"ImageObject","inLanguage":"it-IT","@id":"https:\/\/www.ilnotiziario.net\/wp\/prima-pagina\/garbagnate-ordigno-abbandonato-alla-garbiera-fatto-brillare\/#primaryimage","url":"https:\/\/www.ilnotiziario.net\/wp\/wp-content\/uploads\/2026\/01\/Garbagnate-ordigno-abbandonato-brillare.jpg","contentUrl":"https:\/\/www.ilnotiziario.net\/wp\/wp-content\/uploads\/2026\/01\/Garbagnate-ordigno-abbandonato-brillare.jpg","width":1807,"height":1252,"caption":"Il parco dove \u00e8 stato trovato l'ordigno"},{"@type":"BreadcrumbList","@id":"https:\/\/www.ilnotiziario.net\/wp\/prima-pagina\/garbagnate-ordigno-abbandonato-alla-garbiera-fatto-brillare\/#breadcrumb","itemListElement":[{"@type":"ListItem","position":1,"name":"tds_text_logo_tagline_colortds_text_logo_tagline_colortds_text_logo_tagline_colortds_text_logo_tagline_colortd_module_7_title_excerpttd_module_7_title_excerpttd_module_7_title_excerpttd_module_7_title_excerptHome","item":"https:\/\/www.ilnotiziario.net\/wp\/"},{"@type":"ListItem","position":2,"name":"Garbagnate, ordigno abbandonato alla Garbiera: fatto brillare"}]},{"@type":"WebSite","@id":"https:\/\/www.ilnotiziario.net\/wp\/#website","url":"https:\/\/www.ilnotiziario.net\/wp\/","name":"Il Notiziario","description":"Per restare sempre connessi alla notizia","publisher":{"@id":"https:\/\/www.ilnotiziario.net\/wp\/#organization"},"alternateName":"Il Notiziario Bollate","potentialAction":[{"@type":"SearchAction","target":{"@type":"EntryPoint","urlTemplate":"https:\/\/www.ilnotiziario.net\/wp\/?s={search_term_string}"},"query-input":{"@type":"PropertyValueSpecification","valueRequired":true,"valueName":"search_term_string"}}],"inLanguage":"it-IT"},{"@type":"Organization","@id":"https:\/\/www.ilnotiziario.net\/wp\/#organization","name":"Il Notiziario","url":"https:\/\/www.ilnotiziario.net\/wp\/","logo":{"@type":"ImageObject","inLanguage":"it-IT","@id":"https:\/\/www.ilnotiziario.net\/wp\/#\/schema\/logo\/image\/","url":"https:\/\/www.ilnotiziario.net\/wp\/wp-content\/uploads\/2022\/06\/170x170ilN.png","contentUrl":"https:\/\/www.ilnotiziario.net\/wp\/wp-content\/uploads\/2022\/06\/170x170ilN.png","width":355,"height":355,"caption":"Il Notiziario"},"image":{"@id":"https:\/\/www.ilnotiziario.net\/wp\/#\/schema\/logo\/image\/"},"sameAs":["https:\/\/www.facebook.com\/ilnotiziarioind\/","https:\/\/x.com\/ilNotiziarioInd","https:\/\/www.instagram.com\/ilnotiziario_settimanale\/"]},{"@type":"Person","@id":"https:\/\/www.ilnotiziario.net\/wp\/#\/schema\/person\/c5bca2edc3d99d29959f04a6126f687b","name":"Silvia Citterio","image":{"@type":"ImageObject","inLanguage":"it-IT","@id":"https:\/\/secure.gravatar.com\/avatar\/03eb19c63b944e79a9b5ce53ca5d1ca303edcf368a68721ec3ccaae7f98c5afd?s=96&d=mm&r=g","url":"https:\/\/secure.gravatar.com\/avatar\/03eb19c63b944e79a9b5ce53ca5d1ca303edcf368a68721ec3ccaae7f98c5afd?s=96&d=mm&r=g","contentUrl":"https:\/\/secure.gravatar.com\/avatar\/03eb19c63b944e79a9b5ce53ca5d1ca303edcf368a68721ec3ccaae7f98c5afd?s=96&d=mm&r=g","caption":"Silvia Citterio"}}]}},"_links":{"self":[{"href":"https:\/\/www.ilnotiziario.net\/wp\/wp-json\/wp\/v2\/posts\/215940","targetHints":{"allow":["GET"]}}],"collection":[{"href":"https:\/\/www.ilnotiziario.net\/wp\/wp-json\/wp\/v2\/posts"}],"about":[{"href":"https:\/\/www.ilnotiziario.net\/wp\/wp-json\/wp\/v2\/types\/post"}],"author":[{"embeddable":true,"href":"https:\/\/www.ilnotiziario.net\/wp\/wp-json\/wp\/v2\/users\/14"}],"replies":[{"embeddable":true,"href":"https:\/\/www.ilnotiziario.net\/wp\/wp-json\/wp\/v2\/comments?post=215940"}],"version-history":[{"count":0,"href":"https:\/\/www.ilnotiziario.net\/wp\/wp-json\/wp\/v2\/posts\/215940\/revisions"}],"wp:featuredmedia":[{"embeddable":true,"href":"https:\/\/www.ilnotiziario.net\/wp\/wp-json\/wp\/v2\/media\/215948"}],"wp:attachment":[{"href":"https:\/\/www.ilnotiziario.net\/wp\/wp-json\/wp\/v2\/media?parent=215940"}],"wp:term":[{"taxonomy":"category","embeddable":true,"href":"https:\/\/www.ilnotiziario.net\/wp\/wp-json\/wp\/v2\/categories?post=215940"},{"taxonomy":"post_tag","embeddable":true,"href":"https:\/\/www.ilnotiziario.net\/wp\/wp-json\/wp\/v2\/tags?post=215940"}],"curies":[{"name":"wp","href":"https:\/\/api.w.org\/{rel}","templated":true}]}}