{"id":224167,"date":"2026-02-20T16:54:20","date_gmt":"2026-02-20T15:54:20","guid":{"rendered":"https:\/\/www.ilnotiziario.net\/wp\/?p=224167"},"modified":"2026-02-20T18:03:13","modified_gmt":"2026-02-20T17:03:13","slug":"gerenzano-dipendenti-del-comune-in-stato-d-agitazione","status":"publish","type":"post","link":"https:\/\/www.ilnotiziario.net\/wp\/saronnese\/gerenzano-dipendenti-del-comune-in-stato-d-agitazione\/","title":{"rendered":"Gerenzano, dipendenti del Comune in stato d&#8217;agitazione"},"content":{"rendered":"<p>I dipendenti del Comune di Gerenzano hanno avviato lo stato di agitazione, una scelta maturata dopo l\u2019assemblea generale del personale non dirigente e formalizzata dalle sigle Fp Cgil, Cisl Fp dei Laghi, Uil Fpl Va, Csa Ral e Rsu Uil Fpl.<\/p><div id=\"ilnot-4213306058\" class=\"ilnot-contenuto ilnot-entity-placement\"><p><!-- incontent_1 --><\/p>\n<div class=\"gptslot\" data-adunitid=\"1\"><\/div>\n<\/div>\n<p>Ecco come si spiega la protesta in una nota: &#8220;La giunta aveva autorizzato lo stanziamento di maggiori risorse per il fondo accessorio destinato al personale in servizio per l\u2019importo di <strong>36mila euro per il 2025 e ulteriori 3mila per il 2026.<\/strong> In questo modo l\u2019ente, a nostro avviso, ha imposto una ripartizione che puntava a privilegiare solo le figure apicali, non riconoscendo n\u00e9 valorizzando il lavoro svolto quotidianamente dai dipendenti&#8221;.<br \/>\nLe organizzazioni sindacali parlano di un clima ormai deteriorato: &#8220;Questa situazione, oltre a mortificare chi con l\u2019impegno profuso quotidianamente cerca di assicurare i servizi primari ai propri cittadini, sta impoverendo l\u2019ente di quelle figure primarie <strong>e necessarie ad assicurare il buon andamento del Comune<\/strong>, dando il via a una fuga verso altri enti e comparti in cerca di quel rispetto e considerazione che qui non \u00e8 riconosciuta&#8221;.<br \/>\nSecondo la parte sindacale, le proposte avanzate unitariamente insieme alla Rsu <strong>non avrebbero trovato alcun ascolto.<\/strong> Nessun tavolo negoziale sarebbe stato aperto e l\u2019unico atto formale dell\u2019amministrazione, si legge ancora nella nota, sarebbe stato &#8220;una determina che revocava i fondi messi a disposizione per la valorizzazione del personale. Come conseguenza <strong>non si \u00e8 giunti alla firma del contratto<\/strong> decentrato anno 2025 e, nonostante i solleciti da parte sindacale, l\u2019amministrazione continua a ignorare le aspettative e i diritti dei propri dipendenti. Considerato che il sindaco, nemmeno di fronte a una e pi\u00f9 vertenze, ha avuto l\u2019accortezza di mandare un qualsiasi segnale distensivo, segno di una mancata visione delle difficolt\u00e0 del proprio ente e dell\u2019insoddisfazione dei propri dipendenti, dimostra indifferenza arroccandosi sulle sue posizioni&#8221;.<\/p>\n<h2>E il caso si fa anche politico<\/h2>\n<p>La protesta, inevitabilmente, si intreccia con il dibattito politico. Il tema \u00e8 approdato anche in consiglio comunale e il <strong>Centrodestra per Gerenzano<\/strong>, dopo il comunicato dei sindacati, ha scelto di intervenire con toni duri: \u201cQualcosa si \u00e8 rotto dentro il Comune. E quando si rompe il rapporto tra chi governa e chi fa funzionare l\u2019ente, non siamo pi\u00f9 davanti a un problema tecnico: siamo davanti a un fallimento politico. Per troppo tempo questa maggioranza ha minimizzato, negato, scaricato altrove le responsabilit\u00e0. Oggi la realt\u00e0 \u00e8 chiara: <strong>il Comune \u00e8 in difficolt\u00e0<\/strong>, il clima interno \u00e8 compromesso e<strong> i cittadini rischiano di pagarne il prezzo<\/strong>. Se non si \u00e8 pi\u00f9 in grado di garantire equilibrio e credibilit\u00e0, il gesto pi\u00f9 serio \u00e8 uno solo: fare un passo indietro\u201d.<br \/>\nNon manca una stoccata anche alle minoranze: &#8220;Chi non controlla, non verifica e vota con la maggioranza smette di essere opposizione&#8221;. Da qui la richiesta di dimissioni dell\u2019esecutivo: &#8220;Le istituzioni devono tutelare i dipendenti, non metterli in fuga&#8221;.<\/p><div id=\"ilnot-567267826\" class=\"ilnot-contenuto_2 ilnot-entity-placement\"><div class=\"ads-wrapper\">\n<div class=\"ad-slot\">\n   <div id=\"ilnot-352981339\" style=\"margin-right: auto;margin-left: auto;text-align: center;width: 320px;height: 100px;\"><a href=\"https:\/\/www.scuolasicurezza.it\/\"><img decoding=\"async\" src=\"https:\/\/www.ilnotiziario.net\/wp\/wp-content\/uploads\/2026\/04\/IlNotiziario_banner-sito-e-newsletter-320-x-100-px-1.gif\" alt=\"\"><\/a><\/div>\n  <\/div>\n<div class=\"ad-slot\">\n   <div id=\"ilnot-674994331\" style=\"margin-right: auto;margin-left: auto;text-align: center;width: 320px;height: 100px;\"><a href=\"https:\/\/purodesignarredamenti.com\/\"><img decoding=\"async\" src=\"https:\/\/www.ilnotiziario.net\/wp\/wp-content\/uploads\/2026\/04\/banner-puro-ok.gif\" alt=\"whatsapp\"><\/a><\/div><\/p><\/div>\n<\/div>\n<\/div>\n<p>Sfoglia l\u2019edizione digitale del notiziario su Pc, smartphone tablet, direttamente dal nostro sito\u00a0<a href=\"http:\/\/edicola.ilnotiziario.net\/\"><strong>edicola.ilnotiziario.net\u00a0<\/strong><\/a><\/p>\n<p>Condividi questo articolo!<\/p>\n","protected":false},"excerpt":{"rendered":"<p>I dipendenti del Comune di Gerenzano hanno avviato lo stato di agitazione, una scelta maturata dopo l\u2019assemblea generale del personale non dirigente e formalizzata dalle sigle Fp Cgil, Cisl Fp dei Laghi, Uil Fpl Va, Csa Ral e Rsu Uil Fpl. Ecco come si spiega la protesta in una nota: &#8220;La giunta aveva autorizzato lo<\/p>\n","protected":false},"author":6,"featured_media":224168,"comment_status":"closed","ping_status":"closed","sticky":false,"template":"","format":"standard","meta":{"footnotes":""},"categories":[20,13],"tags":[427,1556,18629],"class_list":{"0":"post-224167","1":"post","2":"type-post","3":"status-publish","4":"format-standard","5":"has-post-thumbnail","7":"category-prima-pagina","8":"category-saronnese","9":"tag-comune","10":"tag-dipendenti","11":"tag-stato-di-agitazione"},"yoast_head":"<!-- This site is optimized with the Yoast SEO plugin v27.4 - https:\/\/yoast.com\/product\/yoast-seo-wordpress\/ -->\n<title>Gerenzano, dipendenti del Comune in stato d&#039;agitazione - Il Notiziario<\/title>\n<meta name=\"description\" content=\"I dipendenti del Comune di Gerenzano hanno avviato lo stato di agitazione, una scelta maturata dopo l\u2019assemblea generale del personale non dirigente e\" \/>\n<meta name=\"robots\" content=\"index, follow, max-snippet:-1, max-image-preview:large, max-video-preview:-1\" \/>\n<link rel=\"canonical\" href=\"https:\/\/www.ilnotiziario.net\/wp\/saronnese\/gerenzano-dipendenti-del-comune-in-stato-d-agitazione\/\" \/>\n<meta property=\"og:locale\" content=\"it_IT\" \/>\n<meta property=\"og:type\" content=\"article\" \/>\n<meta property=\"og:title\" content=\"Gerenzano, dipendenti del Comune in stato d&#039;agitazione - Il Notiziario\" \/>\n<meta property=\"og:description\" content=\"I dipendenti del Comune di Gerenzano hanno avviato lo stato di agitazione, una scelta maturata dopo l\u2019assemblea generale del personale non dirigente e\" \/>\n<meta property=\"og:url\" content=\"https:\/\/www.ilnotiziario.net\/wp\/saronnese\/gerenzano-dipendenti-del-comune-in-stato-d-agitazione\/\" \/>\n<meta property=\"og:site_name\" content=\"Il Notiziario\" \/>\n<meta property=\"article:publisher\" content=\"https:\/\/www.facebook.com\/ilnotiziarioind\/\" \/>\n<meta property=\"article:published_time\" content=\"2026-02-20T15:54:20+00:00\" \/>\n<meta property=\"article:modified_time\" content=\"2026-02-20T17:03:13+00:00\" \/>\n<meta property=\"og:image\" content=\"https:\/\/www.ilnotiziario.net\/wp\/wp-content\/uploads\/2026\/02\/comune-rosa.jpg\" \/>\n\t<meta property=\"og:image:width\" content=\"960\" \/>\n\t<meta property=\"og:image:height\" content=\"695\" \/>\n\t<meta property=\"og:image:type\" content=\"image\/jpeg\" \/>\n<meta name=\"author\" content=\"Stefano Di Maria\" \/>\n<meta name=\"twitter:card\" content=\"summary_large_image\" \/>\n<meta name=\"twitter:creator\" content=\"@ilNotiziarioInd\" \/>\n<meta name=\"twitter:site\" content=\"@ilNotiziarioInd\" \/>\n<meta name=\"twitter:label1\" content=\"Scritto da\" \/>\n\t<meta name=\"twitter:data1\" content=\"Stefano Di Maria\" \/>\n\t<meta name=\"twitter:label2\" content=\"Tempo di lettura stimato\" \/>\n\t<meta name=\"twitter:data2\" content=\"3 minuti\" \/>\n<script type=\"application\/ld+json\" class=\"yoast-schema-graph\">{\"@context\":\"https:\\\/\\\/schema.org\",\"@graph\":[{\"@type\":\"Article\",\"@id\":\"https:\\\/\\\/www.ilnotiziario.net\\\/wp\\\/saronnese\\\/gerenzano-dipendenti-del-comune-in-stato-d-agitazione\\\/#article\",\"isPartOf\":{\"@id\":\"https:\\\/\\\/www.ilnotiziario.net\\\/wp\\\/saronnese\\\/gerenzano-dipendenti-del-comune-in-stato-d-agitazione\\\/\"},\"author\":{\"name\":\"Stefano Di Maria\",\"@id\":\"https:\\\/\\\/www.ilnotiziario.net\\\/wp\\\/#\\\/schema\\\/person\\\/82fdd8795bbed42a4164047853b6efe7\"},\"headline\":\"Gerenzano, dipendenti del Comune in stato d&#8217;agitazione\",\"datePublished\":\"2026-02-20T15:54:20+00:00\",\"dateModified\":\"2026-02-20T17:03:13+00:00\",\"mainEntityOfPage\":{\"@id\":\"https:\\\/\\\/www.ilnotiziario.net\\\/wp\\\/saronnese\\\/gerenzano-dipendenti-del-comune-in-stato-d-agitazione\\\/\"},\"wordCount\":500,\"publisher\":{\"@id\":\"https:\\\/\\\/www.ilnotiziario.net\\\/wp\\\/#organization\"},\"image\":{\"@id\":\"https:\\\/\\\/www.ilnotiziario.net\\\/wp\\\/saronnese\\\/gerenzano-dipendenti-del-comune-in-stato-d-agitazione\\\/#primaryimage\"},\"thumbnailUrl\":\"https:\\\/\\\/www.ilnotiziario.net\\\/wp\\\/wp-content\\\/uploads\\\/2026\\\/02\\\/comune-rosa.jpg\",\"keywords\":[\"comune\",\"dipendenti\",\"stato di agitazione\"],\"articleSection\":[\"Prima Pagina\",\"SARONNESE\"],\"inLanguage\":\"it-IT\"},{\"@type\":\"WebPage\",\"@id\":\"https:\\\/\\\/www.ilnotiziario.net\\\/wp\\\/saronnese\\\/gerenzano-dipendenti-del-comune-in-stato-d-agitazione\\\/\",\"url\":\"https:\\\/\\\/www.ilnotiziario.net\\\/wp\\\/saronnese\\\/gerenzano-dipendenti-del-comune-in-stato-d-agitazione\\\/\",\"name\":\"Gerenzano, dipendenti del Comune in stato d'agitazione - Il Notiziario\",\"isPartOf\":{\"@id\":\"https:\\\/\\\/www.ilnotiziario.net\\\/wp\\\/#website\"},\"primaryImageOfPage\":{\"@id\":\"https:\\\/\\\/www.ilnotiziario.net\\\/wp\\\/saronnese\\\/gerenzano-dipendenti-del-comune-in-stato-d-agitazione\\\/#primaryimage\"},\"image\":{\"@id\":\"https:\\\/\\\/www.ilnotiziario.net\\\/wp\\\/saronnese\\\/gerenzano-dipendenti-del-comune-in-stato-d-agitazione\\\/#primaryimage\"},\"thumbnailUrl\":\"https:\\\/\\\/www.ilnotiziario.net\\\/wp\\\/wp-content\\\/uploads\\\/2026\\\/02\\\/comune-rosa.jpg\",\"datePublished\":\"2026-02-20T15:54:20+00:00\",\"dateModified\":\"2026-02-20T17:03:13+00:00\",\"description\":\"I dipendenti del Comune di Gerenzano hanno avviato lo stato di agitazione, una scelta maturata dopo l\u2019assemblea generale del personale non dirigente e\",\"breadcrumb\":{\"@id\":\"https:\\\/\\\/www.ilnotiziario.net\\\/wp\\\/saronnese\\\/gerenzano-dipendenti-del-comune-in-stato-d-agitazione\\\/#breadcrumb\"},\"inLanguage\":\"it-IT\",\"potentialAction\":[{\"@type\":\"ReadAction\",\"target\":[\"https:\\\/\\\/www.ilnotiziario.net\\\/wp\\\/saronnese\\\/gerenzano-dipendenti-del-comune-in-stato-d-agitazione\\\/\"]}]},{\"@type\":\"ImageObject\",\"inLanguage\":\"it-IT\",\"@id\":\"https:\\\/\\\/www.ilnotiziario.net\\\/wp\\\/saronnese\\\/gerenzano-dipendenti-del-comune-in-stato-d-agitazione\\\/#primaryimage\",\"url\":\"https:\\\/\\\/www.ilnotiziario.net\\\/wp\\\/wp-content\\\/uploads\\\/2026\\\/02\\\/comune-rosa.jpg\",\"contentUrl\":\"https:\\\/\\\/www.ilnotiziario.net\\\/wp\\\/wp-content\\\/uploads\\\/2026\\\/02\\\/comune-rosa.jpg\",\"width\":960,\"height\":695},{\"@type\":\"BreadcrumbList\",\"@id\":\"https:\\\/\\\/www.ilnotiziario.net\\\/wp\\\/saronnese\\\/gerenzano-dipendenti-del-comune-in-stato-d-agitazione\\\/#breadcrumb\",\"itemListElement\":[{\"@type\":\"ListItem\",\"position\":1,\"name\":\"tds_text_logo_tagline_colortds_text_logo_tagline_colortds_text_logo_tagline_colortds_text_logo_tagline_colortd_module_7_title_excerpttd_module_7_title_excerpttd_module_7_title_excerpttd_module_7_title_excerptHome\",\"item\":\"https:\\\/\\\/www.ilnotiziario.net\\\/wp\\\/\"},{\"@type\":\"ListItem\",\"position\":2,\"name\":\"Gerenzano, dipendenti del Comune in stato d&#8217;agitazione\"}]},{\"@type\":\"WebSite\",\"@id\":\"https:\\\/\\\/www.ilnotiziario.net\\\/wp\\\/#website\",\"url\":\"https:\\\/\\\/www.ilnotiziario.net\\\/wp\\\/\",\"name\":\"Il Notiziario\",\"description\":\"Per restare sempre connessi alla notizia\",\"publisher\":{\"@id\":\"https:\\\/\\\/www.ilnotiziario.net\\\/wp\\\/#organization\"},\"alternateName\":\"Il Notiziario Bollate\",\"potentialAction\":[{\"@type\":\"SearchAction\",\"target\":{\"@type\":\"EntryPoint\",\"urlTemplate\":\"https:\\\/\\\/www.ilnotiziario.net\\\/wp\\\/?s={search_term_string}\"},\"query-input\":{\"@type\":\"PropertyValueSpecification\",\"valueRequired\":true,\"valueName\":\"search_term_string\"}}],\"inLanguage\":\"it-IT\"},{\"@type\":\"Organization\",\"@id\":\"https:\\\/\\\/www.ilnotiziario.net\\\/wp\\\/#organization\",\"name\":\"Il Notiziario\",\"url\":\"https:\\\/\\\/www.ilnotiziario.net\\\/wp\\\/\",\"logo\":{\"@type\":\"ImageObject\",\"inLanguage\":\"it-IT\",\"@id\":\"https:\\\/\\\/www.ilnotiziario.net\\\/wp\\\/#\\\/schema\\\/logo\\\/image\\\/\",\"url\":\"https:\\\/\\\/www.ilnotiziario.net\\\/wp\\\/wp-content\\\/uploads\\\/2022\\\/06\\\/170x170ilN.png\",\"contentUrl\":\"https:\\\/\\\/www.ilnotiziario.net\\\/wp\\\/wp-content\\\/uploads\\\/2022\\\/06\\\/170x170ilN.png\",\"width\":355,\"height\":355,\"caption\":\"Il Notiziario\"},\"image\":{\"@id\":\"https:\\\/\\\/www.ilnotiziario.net\\\/wp\\\/#\\\/schema\\\/logo\\\/image\\\/\"},\"sameAs\":[\"https:\\\/\\\/www.facebook.com\\\/ilnotiziarioind\\\/\",\"https:\\\/\\\/x.com\\\/ilNotiziarioInd\",\"https:\\\/\\\/www.instagram.com\\\/ilnotiziario_settimanale\\\/\"]},{\"@type\":\"Person\",\"@id\":\"https:\\\/\\\/www.ilnotiziario.net\\\/wp\\\/#\\\/schema\\\/person\\\/82fdd8795bbed42a4164047853b6efe7\",\"name\":\"Stefano Di Maria\",\"image\":{\"@type\":\"ImageObject\",\"inLanguage\":\"it-IT\",\"@id\":\"https:\\\/\\\/secure.gravatar.com\\\/avatar\\\/b3163d1e75da759bd0a681248e88a87d84bdd563fec9b060a3ae82742880745a?s=96&d=mm&r=g\",\"url\":\"https:\\\/\\\/secure.gravatar.com\\\/avatar\\\/b3163d1e75da759bd0a681248e88a87d84bdd563fec9b060a3ae82742880745a?s=96&d=mm&r=g\",\"contentUrl\":\"https:\\\/\\\/secure.gravatar.com\\\/avatar\\\/b3163d1e75da759bd0a681248e88a87d84bdd563fec9b060a3ae82742880745a?s=96&d=mm&r=g\",\"caption\":\"Stefano Di Maria\"},\"sameAs\":[\"http:\\\/\\\/www.ilnotiziario.net\"]}]}<\/script>\n<!-- \/ Yoast SEO plugin. -->","yoast_head_json":{"title":"Gerenzano, dipendenti del Comune in stato d'agitazione - Il Notiziario","description":"I dipendenti del Comune di Gerenzano hanno avviato lo stato di agitazione, una scelta maturata dopo l\u2019assemblea generale del personale non dirigente e","robots":{"index":"index","follow":"follow","max-snippet":"max-snippet:-1","max-image-preview":"max-image-preview:large","max-video-preview":"max-video-preview:-1"},"canonical":"https:\/\/www.ilnotiziario.net\/wp\/saronnese\/gerenzano-dipendenti-del-comune-in-stato-d-agitazione\/","og_locale":"it_IT","og_type":"article","og_title":"Gerenzano, dipendenti del Comune in stato d'agitazione - Il Notiziario","og_description":"I dipendenti del Comune di Gerenzano hanno avviato lo stato di agitazione, una scelta maturata dopo l\u2019assemblea generale del personale non dirigente e","og_url":"https:\/\/www.ilnotiziario.net\/wp\/saronnese\/gerenzano-dipendenti-del-comune-in-stato-d-agitazione\/","og_site_name":"Il Notiziario","article_publisher":"https:\/\/www.facebook.com\/ilnotiziarioind\/","article_published_time":"2026-02-20T15:54:20+00:00","article_modified_time":"2026-02-20T17:03:13+00:00","og_image":[{"width":960,"height":695,"url":"https:\/\/www.ilnotiziario.net\/wp\/wp-content\/uploads\/2026\/02\/comune-rosa.jpg","type":"image\/jpeg"}],"author":"Stefano Di Maria","twitter_card":"summary_large_image","twitter_creator":"@ilNotiziarioInd","twitter_site":"@ilNotiziarioInd","twitter_misc":{"Scritto da":"Stefano Di Maria","Tempo di lettura stimato":"3 minuti"},"schema":{"@context":"https:\/\/schema.org","@graph":[{"@type":"Article","@id":"https:\/\/www.ilnotiziario.net\/wp\/saronnese\/gerenzano-dipendenti-del-comune-in-stato-d-agitazione\/#article","isPartOf":{"@id":"https:\/\/www.ilnotiziario.net\/wp\/saronnese\/gerenzano-dipendenti-del-comune-in-stato-d-agitazione\/"},"author":{"name":"Stefano Di Maria","@id":"https:\/\/www.ilnotiziario.net\/wp\/#\/schema\/person\/82fdd8795bbed42a4164047853b6efe7"},"headline":"Gerenzano, dipendenti del Comune in stato d&#8217;agitazione","datePublished":"2026-02-20T15:54:20+00:00","dateModified":"2026-02-20T17:03:13+00:00","mainEntityOfPage":{"@id":"https:\/\/www.ilnotiziario.net\/wp\/saronnese\/gerenzano-dipendenti-del-comune-in-stato-d-agitazione\/"},"wordCount":500,"publisher":{"@id":"https:\/\/www.ilnotiziario.net\/wp\/#organization"},"image":{"@id":"https:\/\/www.ilnotiziario.net\/wp\/saronnese\/gerenzano-dipendenti-del-comune-in-stato-d-agitazione\/#primaryimage"},"thumbnailUrl":"https:\/\/www.ilnotiziario.net\/wp\/wp-content\/uploads\/2026\/02\/comune-rosa.jpg","keywords":["comune","dipendenti","stato di agitazione"],"articleSection":["Prima Pagina","SARONNESE"],"inLanguage":"it-IT"},{"@type":"WebPage","@id":"https:\/\/www.ilnotiziario.net\/wp\/saronnese\/gerenzano-dipendenti-del-comune-in-stato-d-agitazione\/","url":"https:\/\/www.ilnotiziario.net\/wp\/saronnese\/gerenzano-dipendenti-del-comune-in-stato-d-agitazione\/","name":"Gerenzano, dipendenti del Comune in stato d'agitazione - Il Notiziario","isPartOf":{"@id":"https:\/\/www.ilnotiziario.net\/wp\/#website"},"primaryImageOfPage":{"@id":"https:\/\/www.ilnotiziario.net\/wp\/saronnese\/gerenzano-dipendenti-del-comune-in-stato-d-agitazione\/#primaryimage"},"image":{"@id":"https:\/\/www.ilnotiziario.net\/wp\/saronnese\/gerenzano-dipendenti-del-comune-in-stato-d-agitazione\/#primaryimage"},"thumbnailUrl":"https:\/\/www.ilnotiziario.net\/wp\/wp-content\/uploads\/2026\/02\/comune-rosa.jpg","datePublished":"2026-02-20T15:54:20+00:00","dateModified":"2026-02-20T17:03:13+00:00","description":"I dipendenti del Comune di Gerenzano hanno avviato lo stato di agitazione, una scelta maturata dopo l\u2019assemblea generale del personale non dirigente e","breadcrumb":{"@id":"https:\/\/www.ilnotiziario.net\/wp\/saronnese\/gerenzano-dipendenti-del-comune-in-stato-d-agitazione\/#breadcrumb"},"inLanguage":"it-IT","potentialAction":[{"@type":"ReadAction","target":["https:\/\/www.ilnotiziario.net\/wp\/saronnese\/gerenzano-dipendenti-del-comune-in-stato-d-agitazione\/"]}]},{"@type":"ImageObject","inLanguage":"it-IT","@id":"https:\/\/www.ilnotiziario.net\/wp\/saronnese\/gerenzano-dipendenti-del-comune-in-stato-d-agitazione\/#primaryimage","url":"https:\/\/www.ilnotiziario.net\/wp\/wp-content\/uploads\/2026\/02\/comune-rosa.jpg","contentUrl":"https:\/\/www.ilnotiziario.net\/wp\/wp-content\/uploads\/2026\/02\/comune-rosa.jpg","width":960,"height":695},{"@type":"BreadcrumbList","@id":"https:\/\/www.ilnotiziario.net\/wp\/saronnese\/gerenzano-dipendenti-del-comune-in-stato-d-agitazione\/#breadcrumb","itemListElement":[{"@type":"ListItem","position":1,"name":"tds_text_logo_tagline_colortds_text_logo_tagline_colortds_text_logo_tagline_colortds_text_logo_tagline_colortd_module_7_title_excerpttd_module_7_title_excerpttd_module_7_title_excerpttd_module_7_title_excerptHome","item":"https:\/\/www.ilnotiziario.net\/wp\/"},{"@type":"ListItem","position":2,"name":"Gerenzano, dipendenti del Comune in stato d&#8217;agitazione"}]},{"@type":"WebSite","@id":"https:\/\/www.ilnotiziario.net\/wp\/#website","url":"https:\/\/www.ilnotiziario.net\/wp\/","name":"Il Notiziario","description":"Per restare sempre connessi alla notizia","publisher":{"@id":"https:\/\/www.ilnotiziario.net\/wp\/#organization"},"alternateName":"Il Notiziario Bollate","potentialAction":[{"@type":"SearchAction","target":{"@type":"EntryPoint","urlTemplate":"https:\/\/www.ilnotiziario.net\/wp\/?s={search_term_string}"},"query-input":{"@type":"PropertyValueSpecification","valueRequired":true,"valueName":"search_term_string"}}],"inLanguage":"it-IT"},{"@type":"Organization","@id":"https:\/\/www.ilnotiziario.net\/wp\/#organization","name":"Il Notiziario","url":"https:\/\/www.ilnotiziario.net\/wp\/","logo":{"@type":"ImageObject","inLanguage":"it-IT","@id":"https:\/\/www.ilnotiziario.net\/wp\/#\/schema\/logo\/image\/","url":"https:\/\/www.ilnotiziario.net\/wp\/wp-content\/uploads\/2022\/06\/170x170ilN.png","contentUrl":"https:\/\/www.ilnotiziario.net\/wp\/wp-content\/uploads\/2022\/06\/170x170ilN.png","width":355,"height":355,"caption":"Il Notiziario"},"image":{"@id":"https:\/\/www.ilnotiziario.net\/wp\/#\/schema\/logo\/image\/"},"sameAs":["https:\/\/www.facebook.com\/ilnotiziarioind\/","https:\/\/x.com\/ilNotiziarioInd","https:\/\/www.instagram.com\/ilnotiziario_settimanale\/"]},{"@type":"Person","@id":"https:\/\/www.ilnotiziario.net\/wp\/#\/schema\/person\/82fdd8795bbed42a4164047853b6efe7","name":"Stefano Di Maria","image":{"@type":"ImageObject","inLanguage":"it-IT","@id":"https:\/\/secure.gravatar.com\/avatar\/b3163d1e75da759bd0a681248e88a87d84bdd563fec9b060a3ae82742880745a?s=96&d=mm&r=g","url":"https:\/\/secure.gravatar.com\/avatar\/b3163d1e75da759bd0a681248e88a87d84bdd563fec9b060a3ae82742880745a?s=96&d=mm&r=g","contentUrl":"https:\/\/secure.gravatar.com\/avatar\/b3163d1e75da759bd0a681248e88a87d84bdd563fec9b060a3ae82742880745a?s=96&d=mm&r=g","caption":"Stefano Di Maria"},"sameAs":["http:\/\/www.ilnotiziario.net"]}]}},"_links":{"self":[{"href":"https:\/\/www.ilnotiziario.net\/wp\/wp-json\/wp\/v2\/posts\/224167","targetHints":{"allow":["GET"]}}],"collection":[{"href":"https:\/\/www.ilnotiziario.net\/wp\/wp-json\/wp\/v2\/posts"}],"about":[{"href":"https:\/\/www.ilnotiziario.net\/wp\/wp-json\/wp\/v2\/types\/post"}],"author":[{"embeddable":true,"href":"https:\/\/www.ilnotiziario.net\/wp\/wp-json\/wp\/v2\/users\/6"}],"replies":[{"embeddable":true,"href":"https:\/\/www.ilnotiziario.net\/wp\/wp-json\/wp\/v2\/comments?post=224167"}],"version-history":[{"count":7,"href":"https:\/\/www.ilnotiziario.net\/wp\/wp-json\/wp\/v2\/posts\/224167\/revisions"}],"predecessor-version":[{"id":224186,"href":"https:\/\/www.ilnotiziario.net\/wp\/wp-json\/wp\/v2\/posts\/224167\/revisions\/224186"}],"wp:featuredmedia":[{"embeddable":true,"href":"https:\/\/www.ilnotiziario.net\/wp\/wp-json\/wp\/v2\/media\/224168"}],"wp:attachment":[{"href":"https:\/\/www.ilnotiziario.net\/wp\/wp-json\/wp\/v2\/media?parent=224167"}],"wp:term":[{"taxonomy":"category","embeddable":true,"href":"https:\/\/www.ilnotiziario.net\/wp\/wp-json\/wp\/v2\/categories?post=224167"},{"taxonomy":"post_tag","embeddable":true,"href":"https:\/\/www.ilnotiziario.net\/wp\/wp-json\/wp\/v2\/tags?post=224167"}],"curies":[{"name":"wp","href":"https:\/\/api.w.org\/{rel}","templated":true}]}}