{"id":22499,"date":"2018-01-23T19:24:11","date_gmt":"2018-01-23T18:24:11","guid":{"rendered":"http:\/\/www.ilnotiziario.net\/?p=22499"},"modified":"2018-01-23T21:05:57","modified_gmt":"2018-01-23T20:05:57","slug":"strage-fari-bmw-audi-mercedes","status":"publish","type":"post","link":"https:\/\/www.ilnotiziario.net\/wp\/bollatese\/strage-fari-bmw-audi-mercedes\/","title":{"rendered":"&#8220;Strage di fari&#8221; di Bmw, Audi e Mercedes"},"content":{"rendered":"<p><img decoding=\"async\" class=\"size-medium wp-image-22502 alignleft\" src=\"http:\/\/www.ilnotiziario.net\/wp\/wp-content\/uploads\/2018\/01\/fari-300x152.jpg\" alt=\"\" width=\"300\" height=\"152\" srcset=\"https:\/\/www.ilnotiziario.net\/wp\/wp-content\/uploads\/2018\/01\/fari-300x152.jpg 300w, https:\/\/www.ilnotiziario.net\/wp\/wp-content\/uploads\/2018\/01\/fari-768x389.jpg 768w, https:\/\/www.ilnotiziario.net\/wp\/wp-content\/uploads\/2018\/01\/fari-560x283.jpg 560w, https:\/\/www.ilnotiziario.net\/wp\/wp-content\/uploads\/2018\/01\/fari.jpg 810w\" sizes=\"(max-width: 300px) 100vw, 300px\" \/>C&#8217;\u00e8 un fenomeno che sta crescendo in modo preoccupante nella nostra zona: il furto di fari alle automobili di valore, in particolare Mercedes, Bmw e Audi.<\/p><div id=\"ilnot-322896022\" class=\"ilnot-contenuto ilnot-entity-placement\"><p><!-- incontent_1 --><\/p>\n<div class=\"gptslot\" data-adunitid=\"1\"><\/div>\n<\/div>\n<p>A Bollate di recente sono avvenuti due colpi di questo genere, uno in via Dante e l&#8217;altro in via Madonna a Cassina Nuova.<\/p>\n<p>Le macchine in questione si sono trovate senza pi\u00f9 il blocco fari anteriori, ma questo fenomeno sembra essere ancora pi\u00f9 diffuso in citt\u00e0, come ad Arese.<\/p><div id=\"ilnot-3883349599\" class=\"ilnot-contenuto_2 ilnot-entity-placement\"><div class=\"ads-wrapper\">\n<div class=\"ad-slot\">\n   <div id=\"ilnot-4094848423\" style=\"margin-right: auto;margin-left: auto;text-align: center;width: 320px;height: 100px;\"><a href=\"https:\/\/www.scuolasicurezza.it\/\"><img decoding=\"async\" src=\"https:\/\/www.ilnotiziario.net\/wp\/wp-content\/uploads\/2026\/04\/IlNotiziario_banner-sito-e-newsletter-320-x-100-px-1.gif\" alt=\"\"><\/a><\/div>\n  <\/div>\n<div class=\"ad-slot\">\n   <div id=\"ilnot-4134581003\" style=\"margin-right: auto;margin-left: auto;text-align: center;width: 320px;height: 100px;\"><a href=\"https:\/\/purodesignarredamenti.com\/\"><img decoding=\"async\" src=\"https:\/\/www.ilnotiziario.net\/wp\/wp-content\/uploads\/2026\/04\/banner-puro-ok.gif\" alt=\"whatsapp\"><\/a><\/div><\/p><\/div>\n<\/div>\n<\/div>\n<p>I ladri possono agire in due modi: se si \u00e8 pi\u00f9 fortunati, il ladro spacca un vetro dell&#8217;abitacolo, apre il cofano, svita e porta via i fari; se invece si \u00e8 meno fortunati i ladri tagliano direttamente la carrozzeria con una cesoia pneumatica, causando un danno enorme all&#8217;autovettura.<\/p>\n<p>Ma perch\u00e8 questa forsennata corsa a rubare i fari? Perch\u00e8 un solo blocco faro allo xeno pu\u00f2 valere pi\u00f9 di 1000 euro (senza contare che se il ladro si porta via anche la centralina, le spese per rimettere in sesto la macchina sono sui 3-4000 euro).<\/p>\n","protected":false},"excerpt":{"rendered":"<p>C&#8217;\u00e8 un fenomeno che sta crescendo in modo preoccupante nella nostra zona: il furto di fari alle automobili di valore, in particolare Mercedes, Bmw e Audi. A Bollate di recente sono avvenuti due colpi di questo genere, uno in via Dante e l&#8217;altro in via Madonna a Cassina Nuova. Le macchine in questione si sono<\/p>\n","protected":false},"author":2,"featured_media":22502,"comment_status":"closed","ping_status":"closed","sticky":false,"template":"","format":"standard","meta":{"footnotes":""},"categories":[8,20],"tags":[2139,300,110,4653,510,292],"class_list":{"0":"post-22499","1":"post","2":"type-post","3":"status-publish","4":"format-standard","5":"has-post-thumbnail","7":"category-bollatese","8":"category-prima-pagina","9":"tag-audi","10":"tag-bmw","11":"tag-bollate","12":"tag-fari","13":"tag-furti","14":"tag-mercedes"},"yoast_head":"<!-- This site is optimized with the Yoast SEO plugin v27.4 - https:\/\/yoast.com\/product\/yoast-seo-wordpress\/ -->\n<title>&quot;Strage di fari&quot; di Bmw, Audi e Mercedes - Il Notiziario<\/title>\n<meta name=\"description\" content=\"C&#039;\u00e8 un fenomeno che sta crescendo in modo preoccupante nella nostra zona: il furto di fari alle automobili di valore, in particolare Mercedes, Bmw e Audi.\" \/>\n<meta name=\"robots\" content=\"index, follow, max-snippet:-1, max-image-preview:large, max-video-preview:-1\" \/>\n<link rel=\"canonical\" href=\"https:\/\/www.ilnotiziario.net\/wp\/bollatese\/strage-fari-bmw-audi-mercedes\/\" \/>\n<meta property=\"og:locale\" content=\"it_IT\" \/>\n<meta property=\"og:type\" content=\"article\" \/>\n<meta property=\"og:title\" content=\"&quot;Strage di fari&quot; di Bmw, Audi e Mercedes - Il Notiziario\" \/>\n<meta property=\"og:description\" content=\"C&#039;\u00e8 un fenomeno che sta crescendo in modo preoccupante nella nostra zona: il furto di fari alle automobili di valore, in particolare Mercedes, Bmw e Audi.\" \/>\n<meta property=\"og:url\" content=\"https:\/\/www.ilnotiziario.net\/wp\/bollatese\/strage-fari-bmw-audi-mercedes\/\" \/>\n<meta property=\"og:site_name\" content=\"Il Notiziario\" \/>\n<meta property=\"article:publisher\" content=\"https:\/\/www.facebook.com\/ilnotiziarioind\/\" \/>\n<meta property=\"article:published_time\" content=\"2018-01-23T18:24:11+00:00\" \/>\n<meta property=\"article:modified_time\" content=\"2018-01-23T20:05:57+00:00\" \/>\n<meta property=\"og:image\" content=\"https:\/\/www.ilnotiziario.net\/wp\/wp-content\/uploads\/2018\/01\/fari.jpg\" \/>\n\t<meta property=\"og:image:width\" content=\"810\" \/>\n\t<meta property=\"og:image:height\" content=\"410\" \/>\n\t<meta property=\"og:image:type\" content=\"image\/jpeg\" \/>\n<meta name=\"author\" content=\"Piero Uboldi\" \/>\n<meta name=\"twitter:card\" content=\"summary_large_image\" \/>\n<meta name=\"twitter:creator\" content=\"@ilNotiziarioInd\" \/>\n<meta name=\"twitter:site\" content=\"@ilNotiziarioInd\" \/>\n<meta name=\"twitter:label1\" content=\"Scritto da\" \/>\n\t<meta name=\"twitter:data1\" content=\"Piero Uboldi\" \/>\n\t<meta name=\"twitter:label2\" content=\"Tempo di lettura stimato\" \/>\n\t<meta name=\"twitter:data2\" content=\"1 minuto\" \/>\n<script type=\"application\/ld+json\" class=\"yoast-schema-graph\">{\"@context\":\"https:\\\/\\\/schema.org\",\"@graph\":[{\"@type\":\"Article\",\"@id\":\"https:\\\/\\\/www.ilnotiziario.net\\\/wp\\\/bollatese\\\/strage-fari-bmw-audi-mercedes\\\/#article\",\"isPartOf\":{\"@id\":\"https:\\\/\\\/www.ilnotiziario.net\\\/wp\\\/bollatese\\\/strage-fari-bmw-audi-mercedes\\\/\"},\"author\":{\"name\":\"Piero Uboldi\",\"@id\":\"https:\\\/\\\/www.ilnotiziario.net\\\/wp\\\/#\\\/schema\\\/person\\\/e89637eee6354f1178cd746b675259ed\"},\"headline\":\"&#8220;Strage di fari&#8221; di Bmw, Audi e Mercedes\",\"datePublished\":\"2018-01-23T18:24:11+00:00\",\"dateModified\":\"2018-01-23T20:05:57+00:00\",\"mainEntityOfPage\":{\"@id\":\"https:\\\/\\\/www.ilnotiziario.net\\\/wp\\\/bollatese\\\/strage-fari-bmw-audi-mercedes\\\/\"},\"wordCount\":177,\"publisher\":{\"@id\":\"https:\\\/\\\/www.ilnotiziario.net\\\/wp\\\/#organization\"},\"image\":{\"@id\":\"https:\\\/\\\/www.ilnotiziario.net\\\/wp\\\/bollatese\\\/strage-fari-bmw-audi-mercedes\\\/#primaryimage\"},\"thumbnailUrl\":\"https:\\\/\\\/www.ilnotiziario.net\\\/wp\\\/wp-content\\\/uploads\\\/2018\\\/01\\\/fari.jpg\",\"keywords\":[\"Audi\",\"Bmw\",\"Bollate\",\"fari\",\"furti\",\"Mercedes\"],\"articleSection\":[\"BOLLATESE\",\"Prima Pagina\"],\"inLanguage\":\"it-IT\"},{\"@type\":\"WebPage\",\"@id\":\"https:\\\/\\\/www.ilnotiziario.net\\\/wp\\\/bollatese\\\/strage-fari-bmw-audi-mercedes\\\/\",\"url\":\"https:\\\/\\\/www.ilnotiziario.net\\\/wp\\\/bollatese\\\/strage-fari-bmw-audi-mercedes\\\/\",\"name\":\"\\\"Strage di fari\\\" di Bmw, Audi e Mercedes - Il Notiziario\",\"isPartOf\":{\"@id\":\"https:\\\/\\\/www.ilnotiziario.net\\\/wp\\\/#website\"},\"primaryImageOfPage\":{\"@id\":\"https:\\\/\\\/www.ilnotiziario.net\\\/wp\\\/bollatese\\\/strage-fari-bmw-audi-mercedes\\\/#primaryimage\"},\"image\":{\"@id\":\"https:\\\/\\\/www.ilnotiziario.net\\\/wp\\\/bollatese\\\/strage-fari-bmw-audi-mercedes\\\/#primaryimage\"},\"thumbnailUrl\":\"https:\\\/\\\/www.ilnotiziario.net\\\/wp\\\/wp-content\\\/uploads\\\/2018\\\/01\\\/fari.jpg\",\"datePublished\":\"2018-01-23T18:24:11+00:00\",\"dateModified\":\"2018-01-23T20:05:57+00:00\",\"description\":\"C'\u00e8 un fenomeno che sta crescendo in modo preoccupante nella nostra zona: il furto di fari alle automobili di valore, in particolare Mercedes, Bmw e Audi.\",\"breadcrumb\":{\"@id\":\"https:\\\/\\\/www.ilnotiziario.net\\\/wp\\\/bollatese\\\/strage-fari-bmw-audi-mercedes\\\/#breadcrumb\"},\"inLanguage\":\"it-IT\",\"potentialAction\":[{\"@type\":\"ReadAction\",\"target\":[\"https:\\\/\\\/www.ilnotiziario.net\\\/wp\\\/bollatese\\\/strage-fari-bmw-audi-mercedes\\\/\"]}]},{\"@type\":\"ImageObject\",\"inLanguage\":\"it-IT\",\"@id\":\"https:\\\/\\\/www.ilnotiziario.net\\\/wp\\\/bollatese\\\/strage-fari-bmw-audi-mercedes\\\/#primaryimage\",\"url\":\"https:\\\/\\\/www.ilnotiziario.net\\\/wp\\\/wp-content\\\/uploads\\\/2018\\\/01\\\/fari.jpg\",\"contentUrl\":\"https:\\\/\\\/www.ilnotiziario.net\\\/wp\\\/wp-content\\\/uploads\\\/2018\\\/01\\\/fari.jpg\",\"width\":810,\"height\":410},{\"@type\":\"BreadcrumbList\",\"@id\":\"https:\\\/\\\/www.ilnotiziario.net\\\/wp\\\/bollatese\\\/strage-fari-bmw-audi-mercedes\\\/#breadcrumb\",\"itemListElement\":[{\"@type\":\"ListItem\",\"position\":1,\"name\":\"tds_text_logo_tagline_colortds_text_logo_tagline_colortds_text_logo_tagline_colortds_text_logo_tagline_colortd_module_7_title_excerpttd_module_7_title_excerpttd_module_7_title_excerpttd_module_7_title_excerptHome\",\"item\":\"https:\\\/\\\/www.ilnotiziario.net\\\/wp\\\/\"},{\"@type\":\"ListItem\",\"position\":2,\"name\":\"&#8220;Strage di fari&#8221; di Bmw, Audi e Mercedes\"}]},{\"@type\":\"WebSite\",\"@id\":\"https:\\\/\\\/www.ilnotiziario.net\\\/wp\\\/#website\",\"url\":\"https:\\\/\\\/www.ilnotiziario.net\\\/wp\\\/\",\"name\":\"Il Notiziario\",\"description\":\"Per restare sempre connessi alla notizia\",\"publisher\":{\"@id\":\"https:\\\/\\\/www.ilnotiziario.net\\\/wp\\\/#organization\"},\"alternateName\":\"Il Notiziario Bollate\",\"potentialAction\":[{\"@type\":\"SearchAction\",\"target\":{\"@type\":\"EntryPoint\",\"urlTemplate\":\"https:\\\/\\\/www.ilnotiziario.net\\\/wp\\\/?s={search_term_string}\"},\"query-input\":{\"@type\":\"PropertyValueSpecification\",\"valueRequired\":true,\"valueName\":\"search_term_string\"}}],\"inLanguage\":\"it-IT\"},{\"@type\":\"Organization\",\"@id\":\"https:\\\/\\\/www.ilnotiziario.net\\\/wp\\\/#organization\",\"name\":\"Il Notiziario\",\"url\":\"https:\\\/\\\/www.ilnotiziario.net\\\/wp\\\/\",\"logo\":{\"@type\":\"ImageObject\",\"inLanguage\":\"it-IT\",\"@id\":\"https:\\\/\\\/www.ilnotiziario.net\\\/wp\\\/#\\\/schema\\\/logo\\\/image\\\/\",\"url\":\"https:\\\/\\\/www.ilnotiziario.net\\\/wp\\\/wp-content\\\/uploads\\\/2022\\\/06\\\/170x170ilN.png\",\"contentUrl\":\"https:\\\/\\\/www.ilnotiziario.net\\\/wp\\\/wp-content\\\/uploads\\\/2022\\\/06\\\/170x170ilN.png\",\"width\":355,\"height\":355,\"caption\":\"Il Notiziario\"},\"image\":{\"@id\":\"https:\\\/\\\/www.ilnotiziario.net\\\/wp\\\/#\\\/schema\\\/logo\\\/image\\\/\"},\"sameAs\":[\"https:\\\/\\\/www.facebook.com\\\/ilnotiziarioind\\\/\",\"https:\\\/\\\/x.com\\\/ilNotiziarioInd\",\"https:\\\/\\\/www.instagram.com\\\/ilnotiziario_settimanale\\\/\"]},{\"@type\":\"Person\",\"@id\":\"https:\\\/\\\/www.ilnotiziario.net\\\/wp\\\/#\\\/schema\\\/person\\\/e89637eee6354f1178cd746b675259ed\",\"name\":\"Piero Uboldi\",\"image\":{\"@type\":\"ImageObject\",\"inLanguage\":\"it-IT\",\"@id\":\"https:\\\/\\\/secure.gravatar.com\\\/avatar\\\/01137cd7d08f0fa4ec9f363c130b6097819cb1fe4aaf973d53d4066bd0e7593c?s=96&d=mm&r=g\",\"url\":\"https:\\\/\\\/secure.gravatar.com\\\/avatar\\\/01137cd7d08f0fa4ec9f363c130b6097819cb1fe4aaf973d53d4066bd0e7593c?s=96&d=mm&r=g\",\"contentUrl\":\"https:\\\/\\\/secure.gravatar.com\\\/avatar\\\/01137cd7d08f0fa4ec9f363c130b6097819cb1fe4aaf973d53d4066bd0e7593c?s=96&d=mm&r=g\",\"caption\":\"Piero Uboldi\"},\"sameAs\":[\"http:\\\/\\\/www.ilnotiziario.net\"]}]}<\/script>\n<!-- \/ Yoast SEO plugin. -->","yoast_head_json":{"title":"\"Strage di fari\" di Bmw, Audi e Mercedes - Il Notiziario","description":"C'\u00e8 un fenomeno che sta crescendo in modo preoccupante nella nostra zona: il furto di fari alle automobili di valore, in particolare Mercedes, Bmw e Audi.","robots":{"index":"index","follow":"follow","max-snippet":"max-snippet:-1","max-image-preview":"max-image-preview:large","max-video-preview":"max-video-preview:-1"},"canonical":"https:\/\/www.ilnotiziario.net\/wp\/bollatese\/strage-fari-bmw-audi-mercedes\/","og_locale":"it_IT","og_type":"article","og_title":"\"Strage di fari\" di Bmw, Audi e Mercedes - Il Notiziario","og_description":"C'\u00e8 un fenomeno che sta crescendo in modo preoccupante nella nostra zona: il furto di fari alle automobili di valore, in particolare Mercedes, Bmw e Audi.","og_url":"https:\/\/www.ilnotiziario.net\/wp\/bollatese\/strage-fari-bmw-audi-mercedes\/","og_site_name":"Il Notiziario","article_publisher":"https:\/\/www.facebook.com\/ilnotiziarioind\/","article_published_time":"2018-01-23T18:24:11+00:00","article_modified_time":"2018-01-23T20:05:57+00:00","og_image":[{"width":810,"height":410,"url":"https:\/\/www.ilnotiziario.net\/wp\/wp-content\/uploads\/2018\/01\/fari.jpg","type":"image\/jpeg"}],"author":"Piero Uboldi","twitter_card":"summary_large_image","twitter_creator":"@ilNotiziarioInd","twitter_site":"@ilNotiziarioInd","twitter_misc":{"Scritto da":"Piero Uboldi","Tempo di lettura stimato":"1 minuto"},"schema":{"@context":"https:\/\/schema.org","@graph":[{"@type":"Article","@id":"https:\/\/www.ilnotiziario.net\/wp\/bollatese\/strage-fari-bmw-audi-mercedes\/#article","isPartOf":{"@id":"https:\/\/www.ilnotiziario.net\/wp\/bollatese\/strage-fari-bmw-audi-mercedes\/"},"author":{"name":"Piero Uboldi","@id":"https:\/\/www.ilnotiziario.net\/wp\/#\/schema\/person\/e89637eee6354f1178cd746b675259ed"},"headline":"&#8220;Strage di fari&#8221; di Bmw, Audi e Mercedes","datePublished":"2018-01-23T18:24:11+00:00","dateModified":"2018-01-23T20:05:57+00:00","mainEntityOfPage":{"@id":"https:\/\/www.ilnotiziario.net\/wp\/bollatese\/strage-fari-bmw-audi-mercedes\/"},"wordCount":177,"publisher":{"@id":"https:\/\/www.ilnotiziario.net\/wp\/#organization"},"image":{"@id":"https:\/\/www.ilnotiziario.net\/wp\/bollatese\/strage-fari-bmw-audi-mercedes\/#primaryimage"},"thumbnailUrl":"https:\/\/www.ilnotiziario.net\/wp\/wp-content\/uploads\/2018\/01\/fari.jpg","keywords":["Audi","Bmw","Bollate","fari","furti","Mercedes"],"articleSection":["BOLLATESE","Prima Pagina"],"inLanguage":"it-IT"},{"@type":"WebPage","@id":"https:\/\/www.ilnotiziario.net\/wp\/bollatese\/strage-fari-bmw-audi-mercedes\/","url":"https:\/\/www.ilnotiziario.net\/wp\/bollatese\/strage-fari-bmw-audi-mercedes\/","name":"\"Strage di fari\" di Bmw, Audi e Mercedes - Il Notiziario","isPartOf":{"@id":"https:\/\/www.ilnotiziario.net\/wp\/#website"},"primaryImageOfPage":{"@id":"https:\/\/www.ilnotiziario.net\/wp\/bollatese\/strage-fari-bmw-audi-mercedes\/#primaryimage"},"image":{"@id":"https:\/\/www.ilnotiziario.net\/wp\/bollatese\/strage-fari-bmw-audi-mercedes\/#primaryimage"},"thumbnailUrl":"https:\/\/www.ilnotiziario.net\/wp\/wp-content\/uploads\/2018\/01\/fari.jpg","datePublished":"2018-01-23T18:24:11+00:00","dateModified":"2018-01-23T20:05:57+00:00","description":"C'\u00e8 un fenomeno che sta crescendo in modo preoccupante nella nostra zona: il furto di fari alle automobili di valore, in particolare Mercedes, Bmw e Audi.","breadcrumb":{"@id":"https:\/\/www.ilnotiziario.net\/wp\/bollatese\/strage-fari-bmw-audi-mercedes\/#breadcrumb"},"inLanguage":"it-IT","potentialAction":[{"@type":"ReadAction","target":["https:\/\/www.ilnotiziario.net\/wp\/bollatese\/strage-fari-bmw-audi-mercedes\/"]}]},{"@type":"ImageObject","inLanguage":"it-IT","@id":"https:\/\/www.ilnotiziario.net\/wp\/bollatese\/strage-fari-bmw-audi-mercedes\/#primaryimage","url":"https:\/\/www.ilnotiziario.net\/wp\/wp-content\/uploads\/2018\/01\/fari.jpg","contentUrl":"https:\/\/www.ilnotiziario.net\/wp\/wp-content\/uploads\/2018\/01\/fari.jpg","width":810,"height":410},{"@type":"BreadcrumbList","@id":"https:\/\/www.ilnotiziario.net\/wp\/bollatese\/strage-fari-bmw-audi-mercedes\/#breadcrumb","itemListElement":[{"@type":"ListItem","position":1,"name":"tds_text_logo_tagline_colortds_text_logo_tagline_colortds_text_logo_tagline_colortds_text_logo_tagline_colortd_module_7_title_excerpttd_module_7_title_excerpttd_module_7_title_excerpttd_module_7_title_excerptHome","item":"https:\/\/www.ilnotiziario.net\/wp\/"},{"@type":"ListItem","position":2,"name":"&#8220;Strage di fari&#8221; di Bmw, Audi e Mercedes"}]},{"@type":"WebSite","@id":"https:\/\/www.ilnotiziario.net\/wp\/#website","url":"https:\/\/www.ilnotiziario.net\/wp\/","name":"Il Notiziario","description":"Per restare sempre connessi alla notizia","publisher":{"@id":"https:\/\/www.ilnotiziario.net\/wp\/#organization"},"alternateName":"Il Notiziario Bollate","potentialAction":[{"@type":"SearchAction","target":{"@type":"EntryPoint","urlTemplate":"https:\/\/www.ilnotiziario.net\/wp\/?s={search_term_string}"},"query-input":{"@type":"PropertyValueSpecification","valueRequired":true,"valueName":"search_term_string"}}],"inLanguage":"it-IT"},{"@type":"Organization","@id":"https:\/\/www.ilnotiziario.net\/wp\/#organization","name":"Il Notiziario","url":"https:\/\/www.ilnotiziario.net\/wp\/","logo":{"@type":"ImageObject","inLanguage":"it-IT","@id":"https:\/\/www.ilnotiziario.net\/wp\/#\/schema\/logo\/image\/","url":"https:\/\/www.ilnotiziario.net\/wp\/wp-content\/uploads\/2022\/06\/170x170ilN.png","contentUrl":"https:\/\/www.ilnotiziario.net\/wp\/wp-content\/uploads\/2022\/06\/170x170ilN.png","width":355,"height":355,"caption":"Il Notiziario"},"image":{"@id":"https:\/\/www.ilnotiziario.net\/wp\/#\/schema\/logo\/image\/"},"sameAs":["https:\/\/www.facebook.com\/ilnotiziarioind\/","https:\/\/x.com\/ilNotiziarioInd","https:\/\/www.instagram.com\/ilnotiziario_settimanale\/"]},{"@type":"Person","@id":"https:\/\/www.ilnotiziario.net\/wp\/#\/schema\/person\/e89637eee6354f1178cd746b675259ed","name":"Piero Uboldi","image":{"@type":"ImageObject","inLanguage":"it-IT","@id":"https:\/\/secure.gravatar.com\/avatar\/01137cd7d08f0fa4ec9f363c130b6097819cb1fe4aaf973d53d4066bd0e7593c?s=96&d=mm&r=g","url":"https:\/\/secure.gravatar.com\/avatar\/01137cd7d08f0fa4ec9f363c130b6097819cb1fe4aaf973d53d4066bd0e7593c?s=96&d=mm&r=g","contentUrl":"https:\/\/secure.gravatar.com\/avatar\/01137cd7d08f0fa4ec9f363c130b6097819cb1fe4aaf973d53d4066bd0e7593c?s=96&d=mm&r=g","caption":"Piero Uboldi"},"sameAs":["http:\/\/www.ilnotiziario.net"]}]}},"_links":{"self":[{"href":"https:\/\/www.ilnotiziario.net\/wp\/wp-json\/wp\/v2\/posts\/22499","targetHints":{"allow":["GET"]}}],"collection":[{"href":"https:\/\/www.ilnotiziario.net\/wp\/wp-json\/wp\/v2\/posts"}],"about":[{"href":"https:\/\/www.ilnotiziario.net\/wp\/wp-json\/wp\/v2\/types\/post"}],"author":[{"embeddable":true,"href":"https:\/\/www.ilnotiziario.net\/wp\/wp-json\/wp\/v2\/users\/2"}],"replies":[{"embeddable":true,"href":"https:\/\/www.ilnotiziario.net\/wp\/wp-json\/wp\/v2\/comments?post=22499"}],"version-history":[{"count":0,"href":"https:\/\/www.ilnotiziario.net\/wp\/wp-json\/wp\/v2\/posts\/22499\/revisions"}],"wp:featuredmedia":[{"embeddable":true,"href":"https:\/\/www.ilnotiziario.net\/wp\/wp-json\/wp\/v2\/media\/22502"}],"wp:attachment":[{"href":"https:\/\/www.ilnotiziario.net\/wp\/wp-json\/wp\/v2\/media?parent=22499"}],"wp:term":[{"taxonomy":"category","embeddable":true,"href":"https:\/\/www.ilnotiziario.net\/wp\/wp-json\/wp\/v2\/categories?post=22499"},{"taxonomy":"post_tag","embeddable":true,"href":"https:\/\/www.ilnotiziario.net\/wp\/wp-json\/wp\/v2\/tags?post=22499"}],"curies":[{"name":"wp","href":"https:\/\/api.w.org\/{rel}","templated":true}]}}