{"id":22860,"date":"2018-02-05T10:21:19","date_gmt":"2018-02-05T09:21:19","guid":{"rendered":"http:\/\/www.ilnotiziario.net\/?p=22860"},"modified":"2018-02-05T18:38:11","modified_gmt":"2018-02-05T17:38:11","slug":"cislago-genitori-dellaccademia-calcio-sul-piede-guerra-manifestiamo-davanti-al-comune","status":"publish","type":"post","link":"https:\/\/www.ilnotiziario.net\/wp\/saronnese\/cislago-genitori-dellaccademia-calcio-sul-piede-guerra-manifestiamo-davanti-al-comune\/","title":{"rendered":"A Cislago genitori dell&#8217;Accademia Calcio sul piede di guerra: &#8220;Manifestiamo davanti al comune&#8221;"},"content":{"rendered":"<p><img fetchpriority=\"high\" decoding=\"async\" class=\"alignleft size-medium wp-image-22862\" src=\"http:\/\/www.ilnotiziario.net\/wp\/wp-content\/uploads\/2018\/02\/genitori-calcio-300x196.jpg\" alt=\"\" width=\"300\" height=\"196\" srcset=\"https:\/\/www.ilnotiziario.net\/wp\/wp-content\/uploads\/2018\/02\/genitori-calcio-300x196.jpg 300w, https:\/\/www.ilnotiziario.net\/wp\/wp-content\/uploads\/2018\/02\/genitori-calcio-768x501.jpg 768w, https:\/\/www.ilnotiziario.net\/wp\/wp-content\/uploads\/2018\/02\/genitori-calcio-1024x667.jpg 1024w, https:\/\/www.ilnotiziario.net\/wp\/wp-content\/uploads\/2018\/02\/genitori-calcio-560x365.jpg 560w\" sizes=\"(max-width: 300px) 100vw, 300px\" \/>Genitori dell\u2019Accademia Calcio sul piede di guerra: \u201cSe non faranno pi\u00f9 giocare i nostri figli al centro sportivo, li porteremo davanti al Comune\u201d. E\u2019 questa la clamorosa iniziativa che i pap\u00e0 e le mamme dei piccoli calciatori intendono mettere in atto dopo il mancato rinnovo della convenzione con la societ\u00e0.<\/p><div id=\"ilnot-518848581\" class=\"ilnot-contenuto ilnot-entity-placement\"><p><!-- incontent_1 --><\/p>\n<div class=\"gptslot\" data-adunitid=\"1\"><\/div>\n<\/div>\n<p>\u201cVogliamo che sindaco e assessori si rendano conto di cosa significhi non permettere ai nostri figli di continuare a giocare al centro sportivo\u201d, spiega Davide Moiana.<\/p>\n<p>\u201cLi porteremo tutti davanti al palazzo municipale, ogni leva, col pallone in mano\u201d, promette Giuseppe Mignano.<\/p><div id=\"ilnot-3917793936\" class=\"ilnot-contenuto_2 ilnot-entity-placement\"><div class=\"ads-wrapper\">\n<div class=\"ad-slot\">\n   <div id=\"ilnot-2902905948\" style=\"margin-right: auto;margin-left: auto;text-align: center;width: 320px;height: 100px;\"><a href=\"https:\/\/www.scuolasicurezza.it\/\"><img decoding=\"async\" src=\"https:\/\/www.ilnotiziario.net\/wp\/wp-content\/uploads\/2026\/04\/IlNotiziario_banner-sito-e-newsletter-320-x-100-px-1.gif\" alt=\"\"><\/a><\/div>\n  <\/div>\n<div class=\"ad-slot\">\n   <div id=\"ilnot-856089612\" style=\"margin-right: auto;margin-left: auto;text-align: center;width: 320px;height: 100px;\"><a href=\"https:\/\/purodesignarredamenti.com\/\"><img decoding=\"async\" src=\"https:\/\/www.ilnotiziario.net\/wp\/wp-content\/uploads\/2026\/04\/banner-puro-ok.gif\" alt=\"whatsapp\"><\/a><\/div><\/p><\/div>\n<\/div>\n<\/div>\n<p>Al di l\u00e0 dell\u2019imminente protesta, la situazione \u00e8 piuttosto complessa. Da un lato il Comune sostiene che il rinnovo della convenzione per altri cinque anni non sia possibile per legge, perch\u00e9 bisogna per forza emanare un bando; dall\u2019altro l\u2019Accademia Calcio, confortata dal parere dei suoi legali, afferma che invece si pu\u00f2 rinnovare in virt\u00f9 del progetto educativo portato avanti e di tutti gli investimenti fatti dalla societ\u00e0 e dal gestore del bar.<\/p>\n<p>Probabile che la vicenda approdi nelle aule di tribunale.<\/p>\n","protected":false},"excerpt":{"rendered":"<p>Genitori dell\u2019Accademia Calcio sul piede di guerra: \u201cSe non faranno pi\u00f9 giocare i nostri figli al centro sportivo, li porteremo davanti al Comune\u201d. E\u2019 questa la clamorosa iniziativa che i pap\u00e0 e le mamme dei piccoli calciatori intendono mettere in atto dopo il mancato rinnovo della convenzione con la societ\u00e0. \u201cVogliamo che sindaco e assessori<\/p>\n","protected":false},"author":6,"featured_media":22862,"comment_status":"closed","ping_status":"closed","sticky":false,"template":"","format":"standard","meta":{"footnotes":""},"categories":[13],"tags":[112,75,427,1220,100],"class_list":{"0":"post-22860","1":"post","2":"type-post","3":"status-publish","4":"format-standard","5":"has-post-thumbnail","7":"category-saronnese","8":"tag-calcio","9":"tag-cislago","10":"tag-comune","11":"tag-genitori","12":"tag-protesta"},"yoast_head":"<!-- This site is optimized with the Yoast SEO plugin v27.4 - https:\/\/yoast.com\/product\/yoast-seo-wordpress\/ -->\n<title>A Cislago genitori dell&#039;Accademia Calcio sul piede di guerra: &quot;Manifestiamo davanti al comune&quot; - Il Notiziario<\/title>\n<meta name=\"description\" content=\"Genitori dell\u2019Accademia Calcio sul piede di guerra: \u201cSe non faranno pi\u00f9 giocare i nostri figli al centro sportivo, li porteremo davanti al Comune\u201d. E\u2019\" \/>\n<meta name=\"robots\" content=\"index, follow, max-snippet:-1, max-image-preview:large, max-video-preview:-1\" \/>\n<link rel=\"canonical\" href=\"https:\/\/www.ilnotiziario.net\/wp\/saronnese\/cislago-genitori-dellaccademia-calcio-sul-piede-guerra-manifestiamo-davanti-al-comune\/\" \/>\n<meta property=\"og:locale\" content=\"it_IT\" \/>\n<meta property=\"og:type\" content=\"article\" \/>\n<meta property=\"og:title\" content=\"A Cislago genitori dell&#039;Accademia Calcio sul piede di guerra: &quot;Manifestiamo davanti al comune&quot; - Il Notiziario\" \/>\n<meta property=\"og:description\" content=\"Genitori dell\u2019Accademia Calcio sul piede di guerra: \u201cSe non faranno pi\u00f9 giocare i nostri figli al centro sportivo, li porteremo davanti al Comune\u201d. E\u2019\" \/>\n<meta property=\"og:url\" content=\"https:\/\/www.ilnotiziario.net\/wp\/saronnese\/cislago-genitori-dellaccademia-calcio-sul-piede-guerra-manifestiamo-davanti-al-comune\/\" \/>\n<meta property=\"og:site_name\" content=\"Il Notiziario\" \/>\n<meta property=\"article:publisher\" content=\"https:\/\/www.facebook.com\/ilnotiziarioind\/\" \/>\n<meta property=\"article:published_time\" content=\"2018-02-05T09:21:19+00:00\" \/>\n<meta property=\"article:modified_time\" content=\"2018-02-05T17:38:11+00:00\" \/>\n<meta property=\"og:image\" content=\"https:\/\/www.ilnotiziario.net\/wp\/wp-content\/uploads\/2018\/02\/genitori-calcio.jpg\" \/>\n\t<meta property=\"og:image:width\" content=\"2754\" \/>\n\t<meta property=\"og:image:height\" content=\"1795\" \/>\n\t<meta property=\"og:image:type\" content=\"image\/jpeg\" \/>\n<meta name=\"author\" content=\"Stefano Di Maria\" \/>\n<meta name=\"twitter:card\" content=\"summary_large_image\" \/>\n<meta name=\"twitter:creator\" content=\"@ilNotiziarioInd\" \/>\n<meta name=\"twitter:site\" content=\"@ilNotiziarioInd\" \/>\n<meta name=\"twitter:label1\" content=\"Scritto da\" \/>\n\t<meta name=\"twitter:data1\" content=\"Stefano Di Maria\" \/>\n\t<meta name=\"twitter:label2\" content=\"Tempo di lettura stimato\" \/>\n\t<meta name=\"twitter:data2\" content=\"1 minuto\" \/>\n<script type=\"application\/ld+json\" class=\"yoast-schema-graph\">{\"@context\":\"https:\\\/\\\/schema.org\",\"@graph\":[{\"@type\":\"Article\",\"@id\":\"https:\\\/\\\/www.ilnotiziario.net\\\/wp\\\/saronnese\\\/cislago-genitori-dellaccademia-calcio-sul-piede-guerra-manifestiamo-davanti-al-comune\\\/#article\",\"isPartOf\":{\"@id\":\"https:\\\/\\\/www.ilnotiziario.net\\\/wp\\\/saronnese\\\/cislago-genitori-dellaccademia-calcio-sul-piede-guerra-manifestiamo-davanti-al-comune\\\/\"},\"author\":{\"name\":\"Stefano Di Maria\",\"@id\":\"https:\\\/\\\/www.ilnotiziario.net\\\/wp\\\/#\\\/schema\\\/person\\\/82fdd8795bbed42a4164047853b6efe7\"},\"headline\":\"A Cislago genitori dell&#8217;Accademia Calcio sul piede di guerra: &#8220;Manifestiamo davanti al comune&#8221;\",\"datePublished\":\"2018-02-05T09:21:19+00:00\",\"dateModified\":\"2018-02-05T17:38:11+00:00\",\"mainEntityOfPage\":{\"@id\":\"https:\\\/\\\/www.ilnotiziario.net\\\/wp\\\/saronnese\\\/cislago-genitori-dellaccademia-calcio-sul-piede-guerra-manifestiamo-davanti-al-comune\\\/\"},\"wordCount\":190,\"publisher\":{\"@id\":\"https:\\\/\\\/www.ilnotiziario.net\\\/wp\\\/#organization\"},\"image\":{\"@id\":\"https:\\\/\\\/www.ilnotiziario.net\\\/wp\\\/saronnese\\\/cislago-genitori-dellaccademia-calcio-sul-piede-guerra-manifestiamo-davanti-al-comune\\\/#primaryimage\"},\"thumbnailUrl\":\"https:\\\/\\\/www.ilnotiziario.net\\\/wp\\\/wp-content\\\/uploads\\\/2018\\\/02\\\/genitori-calcio.jpg\",\"keywords\":[\"calcio\",\"Cislago\",\"comune\",\"genitori\",\"Protesta\"],\"articleSection\":[\"SARONNESE\"],\"inLanguage\":\"it-IT\"},{\"@type\":\"WebPage\",\"@id\":\"https:\\\/\\\/www.ilnotiziario.net\\\/wp\\\/saronnese\\\/cislago-genitori-dellaccademia-calcio-sul-piede-guerra-manifestiamo-davanti-al-comune\\\/\",\"url\":\"https:\\\/\\\/www.ilnotiziario.net\\\/wp\\\/saronnese\\\/cislago-genitori-dellaccademia-calcio-sul-piede-guerra-manifestiamo-davanti-al-comune\\\/\",\"name\":\"A Cislago genitori dell'Accademia Calcio sul piede di guerra: \\\"Manifestiamo davanti al comune\\\" - Il Notiziario\",\"isPartOf\":{\"@id\":\"https:\\\/\\\/www.ilnotiziario.net\\\/wp\\\/#website\"},\"primaryImageOfPage\":{\"@id\":\"https:\\\/\\\/www.ilnotiziario.net\\\/wp\\\/saronnese\\\/cislago-genitori-dellaccademia-calcio-sul-piede-guerra-manifestiamo-davanti-al-comune\\\/#primaryimage\"},\"image\":{\"@id\":\"https:\\\/\\\/www.ilnotiziario.net\\\/wp\\\/saronnese\\\/cislago-genitori-dellaccademia-calcio-sul-piede-guerra-manifestiamo-davanti-al-comune\\\/#primaryimage\"},\"thumbnailUrl\":\"https:\\\/\\\/www.ilnotiziario.net\\\/wp\\\/wp-content\\\/uploads\\\/2018\\\/02\\\/genitori-calcio.jpg\",\"datePublished\":\"2018-02-05T09:21:19+00:00\",\"dateModified\":\"2018-02-05T17:38:11+00:00\",\"description\":\"Genitori dell\u2019Accademia Calcio sul piede di guerra: \u201cSe non faranno pi\u00f9 giocare i nostri figli al centro sportivo, li porteremo davanti al Comune\u201d. E\u2019\",\"breadcrumb\":{\"@id\":\"https:\\\/\\\/www.ilnotiziario.net\\\/wp\\\/saronnese\\\/cislago-genitori-dellaccademia-calcio-sul-piede-guerra-manifestiamo-davanti-al-comune\\\/#breadcrumb\"},\"inLanguage\":\"it-IT\",\"potentialAction\":[{\"@type\":\"ReadAction\",\"target\":[\"https:\\\/\\\/www.ilnotiziario.net\\\/wp\\\/saronnese\\\/cislago-genitori-dellaccademia-calcio-sul-piede-guerra-manifestiamo-davanti-al-comune\\\/\"]}]},{\"@type\":\"ImageObject\",\"inLanguage\":\"it-IT\",\"@id\":\"https:\\\/\\\/www.ilnotiziario.net\\\/wp\\\/saronnese\\\/cislago-genitori-dellaccademia-calcio-sul-piede-guerra-manifestiamo-davanti-al-comune\\\/#primaryimage\",\"url\":\"https:\\\/\\\/www.ilnotiziario.net\\\/wp\\\/wp-content\\\/uploads\\\/2018\\\/02\\\/genitori-calcio.jpg\",\"contentUrl\":\"https:\\\/\\\/www.ilnotiziario.net\\\/wp\\\/wp-content\\\/uploads\\\/2018\\\/02\\\/genitori-calcio.jpg\",\"width\":2754,\"height\":1795},{\"@type\":\"BreadcrumbList\",\"@id\":\"https:\\\/\\\/www.ilnotiziario.net\\\/wp\\\/saronnese\\\/cislago-genitori-dellaccademia-calcio-sul-piede-guerra-manifestiamo-davanti-al-comune\\\/#breadcrumb\",\"itemListElement\":[{\"@type\":\"ListItem\",\"position\":1,\"name\":\"tds_text_logo_tagline_colortds_text_logo_tagline_colortds_text_logo_tagline_colortds_text_logo_tagline_colortd_module_7_title_excerpttd_module_7_title_excerpttd_module_7_title_excerpttd_module_7_title_excerptHome\",\"item\":\"https:\\\/\\\/www.ilnotiziario.net\\\/wp\\\/\"},{\"@type\":\"ListItem\",\"position\":2,\"name\":\"A Cislago genitori dell&#8217;Accademia Calcio sul piede di guerra: &#8220;Manifestiamo davanti al comune&#8221;\"}]},{\"@type\":\"WebSite\",\"@id\":\"https:\\\/\\\/www.ilnotiziario.net\\\/wp\\\/#website\",\"url\":\"https:\\\/\\\/www.ilnotiziario.net\\\/wp\\\/\",\"name\":\"Il Notiziario\",\"description\":\"Per restare sempre connessi alla notizia\",\"publisher\":{\"@id\":\"https:\\\/\\\/www.ilnotiziario.net\\\/wp\\\/#organization\"},\"alternateName\":\"Il Notiziario Bollate\",\"potentialAction\":[{\"@type\":\"SearchAction\",\"target\":{\"@type\":\"EntryPoint\",\"urlTemplate\":\"https:\\\/\\\/www.ilnotiziario.net\\\/wp\\\/?s={search_term_string}\"},\"query-input\":{\"@type\":\"PropertyValueSpecification\",\"valueRequired\":true,\"valueName\":\"search_term_string\"}}],\"inLanguage\":\"it-IT\"},{\"@type\":\"Organization\",\"@id\":\"https:\\\/\\\/www.ilnotiziario.net\\\/wp\\\/#organization\",\"name\":\"Il Notiziario\",\"url\":\"https:\\\/\\\/www.ilnotiziario.net\\\/wp\\\/\",\"logo\":{\"@type\":\"ImageObject\",\"inLanguage\":\"it-IT\",\"@id\":\"https:\\\/\\\/www.ilnotiziario.net\\\/wp\\\/#\\\/schema\\\/logo\\\/image\\\/\",\"url\":\"https:\\\/\\\/www.ilnotiziario.net\\\/wp\\\/wp-content\\\/uploads\\\/2022\\\/06\\\/170x170ilN.png\",\"contentUrl\":\"https:\\\/\\\/www.ilnotiziario.net\\\/wp\\\/wp-content\\\/uploads\\\/2022\\\/06\\\/170x170ilN.png\",\"width\":355,\"height\":355,\"caption\":\"Il Notiziario\"},\"image\":{\"@id\":\"https:\\\/\\\/www.ilnotiziario.net\\\/wp\\\/#\\\/schema\\\/logo\\\/image\\\/\"},\"sameAs\":[\"https:\\\/\\\/www.facebook.com\\\/ilnotiziarioind\\\/\",\"https:\\\/\\\/x.com\\\/ilNotiziarioInd\",\"https:\\\/\\\/www.instagram.com\\\/ilnotiziario_settimanale\\\/\"]},{\"@type\":\"Person\",\"@id\":\"https:\\\/\\\/www.ilnotiziario.net\\\/wp\\\/#\\\/schema\\\/person\\\/82fdd8795bbed42a4164047853b6efe7\",\"name\":\"Stefano Di Maria\",\"image\":{\"@type\":\"ImageObject\",\"inLanguage\":\"it-IT\",\"@id\":\"https:\\\/\\\/secure.gravatar.com\\\/avatar\\\/b3163d1e75da759bd0a681248e88a87d84bdd563fec9b060a3ae82742880745a?s=96&d=mm&r=g\",\"url\":\"https:\\\/\\\/secure.gravatar.com\\\/avatar\\\/b3163d1e75da759bd0a681248e88a87d84bdd563fec9b060a3ae82742880745a?s=96&d=mm&r=g\",\"contentUrl\":\"https:\\\/\\\/secure.gravatar.com\\\/avatar\\\/b3163d1e75da759bd0a681248e88a87d84bdd563fec9b060a3ae82742880745a?s=96&d=mm&r=g\",\"caption\":\"Stefano Di Maria\"},\"sameAs\":[\"http:\\\/\\\/www.ilnotiziario.net\"]}]}<\/script>\n<!-- \/ Yoast SEO plugin. -->","yoast_head_json":{"title":"A Cislago genitori dell'Accademia Calcio sul piede di guerra: \"Manifestiamo davanti al comune\" - Il Notiziario","description":"Genitori dell\u2019Accademia Calcio sul piede di guerra: \u201cSe non faranno pi\u00f9 giocare i nostri figli al centro sportivo, li porteremo davanti al Comune\u201d. E\u2019","robots":{"index":"index","follow":"follow","max-snippet":"max-snippet:-1","max-image-preview":"max-image-preview:large","max-video-preview":"max-video-preview:-1"},"canonical":"https:\/\/www.ilnotiziario.net\/wp\/saronnese\/cislago-genitori-dellaccademia-calcio-sul-piede-guerra-manifestiamo-davanti-al-comune\/","og_locale":"it_IT","og_type":"article","og_title":"A Cislago genitori dell'Accademia Calcio sul piede di guerra: \"Manifestiamo davanti al comune\" - Il Notiziario","og_description":"Genitori dell\u2019Accademia Calcio sul piede di guerra: \u201cSe non faranno pi\u00f9 giocare i nostri figli al centro sportivo, li porteremo davanti al Comune\u201d. E\u2019","og_url":"https:\/\/www.ilnotiziario.net\/wp\/saronnese\/cislago-genitori-dellaccademia-calcio-sul-piede-guerra-manifestiamo-davanti-al-comune\/","og_site_name":"Il Notiziario","article_publisher":"https:\/\/www.facebook.com\/ilnotiziarioind\/","article_published_time":"2018-02-05T09:21:19+00:00","article_modified_time":"2018-02-05T17:38:11+00:00","og_image":[{"width":2754,"height":1795,"url":"https:\/\/www.ilnotiziario.net\/wp\/wp-content\/uploads\/2018\/02\/genitori-calcio.jpg","type":"image\/jpeg"}],"author":"Stefano Di Maria","twitter_card":"summary_large_image","twitter_creator":"@ilNotiziarioInd","twitter_site":"@ilNotiziarioInd","twitter_misc":{"Scritto da":"Stefano Di Maria","Tempo di lettura stimato":"1 minuto"},"schema":{"@context":"https:\/\/schema.org","@graph":[{"@type":"Article","@id":"https:\/\/www.ilnotiziario.net\/wp\/saronnese\/cislago-genitori-dellaccademia-calcio-sul-piede-guerra-manifestiamo-davanti-al-comune\/#article","isPartOf":{"@id":"https:\/\/www.ilnotiziario.net\/wp\/saronnese\/cislago-genitori-dellaccademia-calcio-sul-piede-guerra-manifestiamo-davanti-al-comune\/"},"author":{"name":"Stefano Di Maria","@id":"https:\/\/www.ilnotiziario.net\/wp\/#\/schema\/person\/82fdd8795bbed42a4164047853b6efe7"},"headline":"A Cislago genitori dell&#8217;Accademia Calcio sul piede di guerra: &#8220;Manifestiamo davanti al comune&#8221;","datePublished":"2018-02-05T09:21:19+00:00","dateModified":"2018-02-05T17:38:11+00:00","mainEntityOfPage":{"@id":"https:\/\/www.ilnotiziario.net\/wp\/saronnese\/cislago-genitori-dellaccademia-calcio-sul-piede-guerra-manifestiamo-davanti-al-comune\/"},"wordCount":190,"publisher":{"@id":"https:\/\/www.ilnotiziario.net\/wp\/#organization"},"image":{"@id":"https:\/\/www.ilnotiziario.net\/wp\/saronnese\/cislago-genitori-dellaccademia-calcio-sul-piede-guerra-manifestiamo-davanti-al-comune\/#primaryimage"},"thumbnailUrl":"https:\/\/www.ilnotiziario.net\/wp\/wp-content\/uploads\/2018\/02\/genitori-calcio.jpg","keywords":["calcio","Cislago","comune","genitori","Protesta"],"articleSection":["SARONNESE"],"inLanguage":"it-IT"},{"@type":"WebPage","@id":"https:\/\/www.ilnotiziario.net\/wp\/saronnese\/cislago-genitori-dellaccademia-calcio-sul-piede-guerra-manifestiamo-davanti-al-comune\/","url":"https:\/\/www.ilnotiziario.net\/wp\/saronnese\/cislago-genitori-dellaccademia-calcio-sul-piede-guerra-manifestiamo-davanti-al-comune\/","name":"A Cislago genitori dell'Accademia Calcio sul piede di guerra: \"Manifestiamo davanti al comune\" - Il Notiziario","isPartOf":{"@id":"https:\/\/www.ilnotiziario.net\/wp\/#website"},"primaryImageOfPage":{"@id":"https:\/\/www.ilnotiziario.net\/wp\/saronnese\/cislago-genitori-dellaccademia-calcio-sul-piede-guerra-manifestiamo-davanti-al-comune\/#primaryimage"},"image":{"@id":"https:\/\/www.ilnotiziario.net\/wp\/saronnese\/cislago-genitori-dellaccademia-calcio-sul-piede-guerra-manifestiamo-davanti-al-comune\/#primaryimage"},"thumbnailUrl":"https:\/\/www.ilnotiziario.net\/wp\/wp-content\/uploads\/2018\/02\/genitori-calcio.jpg","datePublished":"2018-02-05T09:21:19+00:00","dateModified":"2018-02-05T17:38:11+00:00","description":"Genitori dell\u2019Accademia Calcio sul piede di guerra: \u201cSe non faranno pi\u00f9 giocare i nostri figli al centro sportivo, li porteremo davanti al Comune\u201d. E\u2019","breadcrumb":{"@id":"https:\/\/www.ilnotiziario.net\/wp\/saronnese\/cislago-genitori-dellaccademia-calcio-sul-piede-guerra-manifestiamo-davanti-al-comune\/#breadcrumb"},"inLanguage":"it-IT","potentialAction":[{"@type":"ReadAction","target":["https:\/\/www.ilnotiziario.net\/wp\/saronnese\/cislago-genitori-dellaccademia-calcio-sul-piede-guerra-manifestiamo-davanti-al-comune\/"]}]},{"@type":"ImageObject","inLanguage":"it-IT","@id":"https:\/\/www.ilnotiziario.net\/wp\/saronnese\/cislago-genitori-dellaccademia-calcio-sul-piede-guerra-manifestiamo-davanti-al-comune\/#primaryimage","url":"https:\/\/www.ilnotiziario.net\/wp\/wp-content\/uploads\/2018\/02\/genitori-calcio.jpg","contentUrl":"https:\/\/www.ilnotiziario.net\/wp\/wp-content\/uploads\/2018\/02\/genitori-calcio.jpg","width":2754,"height":1795},{"@type":"BreadcrumbList","@id":"https:\/\/www.ilnotiziario.net\/wp\/saronnese\/cislago-genitori-dellaccademia-calcio-sul-piede-guerra-manifestiamo-davanti-al-comune\/#breadcrumb","itemListElement":[{"@type":"ListItem","position":1,"name":"tds_text_logo_tagline_colortds_text_logo_tagline_colortds_text_logo_tagline_colortds_text_logo_tagline_colortd_module_7_title_excerpttd_module_7_title_excerpttd_module_7_title_excerpttd_module_7_title_excerptHome","item":"https:\/\/www.ilnotiziario.net\/wp\/"},{"@type":"ListItem","position":2,"name":"A Cislago genitori dell&#8217;Accademia Calcio sul piede di guerra: &#8220;Manifestiamo davanti al comune&#8221;"}]},{"@type":"WebSite","@id":"https:\/\/www.ilnotiziario.net\/wp\/#website","url":"https:\/\/www.ilnotiziario.net\/wp\/","name":"Il Notiziario","description":"Per restare sempre connessi alla notizia","publisher":{"@id":"https:\/\/www.ilnotiziario.net\/wp\/#organization"},"alternateName":"Il Notiziario Bollate","potentialAction":[{"@type":"SearchAction","target":{"@type":"EntryPoint","urlTemplate":"https:\/\/www.ilnotiziario.net\/wp\/?s={search_term_string}"},"query-input":{"@type":"PropertyValueSpecification","valueRequired":true,"valueName":"search_term_string"}}],"inLanguage":"it-IT"},{"@type":"Organization","@id":"https:\/\/www.ilnotiziario.net\/wp\/#organization","name":"Il Notiziario","url":"https:\/\/www.ilnotiziario.net\/wp\/","logo":{"@type":"ImageObject","inLanguage":"it-IT","@id":"https:\/\/www.ilnotiziario.net\/wp\/#\/schema\/logo\/image\/","url":"https:\/\/www.ilnotiziario.net\/wp\/wp-content\/uploads\/2022\/06\/170x170ilN.png","contentUrl":"https:\/\/www.ilnotiziario.net\/wp\/wp-content\/uploads\/2022\/06\/170x170ilN.png","width":355,"height":355,"caption":"Il Notiziario"},"image":{"@id":"https:\/\/www.ilnotiziario.net\/wp\/#\/schema\/logo\/image\/"},"sameAs":["https:\/\/www.facebook.com\/ilnotiziarioind\/","https:\/\/x.com\/ilNotiziarioInd","https:\/\/www.instagram.com\/ilnotiziario_settimanale\/"]},{"@type":"Person","@id":"https:\/\/www.ilnotiziario.net\/wp\/#\/schema\/person\/82fdd8795bbed42a4164047853b6efe7","name":"Stefano Di Maria","image":{"@type":"ImageObject","inLanguage":"it-IT","@id":"https:\/\/secure.gravatar.com\/avatar\/b3163d1e75da759bd0a681248e88a87d84bdd563fec9b060a3ae82742880745a?s=96&d=mm&r=g","url":"https:\/\/secure.gravatar.com\/avatar\/b3163d1e75da759bd0a681248e88a87d84bdd563fec9b060a3ae82742880745a?s=96&d=mm&r=g","contentUrl":"https:\/\/secure.gravatar.com\/avatar\/b3163d1e75da759bd0a681248e88a87d84bdd563fec9b060a3ae82742880745a?s=96&d=mm&r=g","caption":"Stefano Di Maria"},"sameAs":["http:\/\/www.ilnotiziario.net"]}]}},"_links":{"self":[{"href":"https:\/\/www.ilnotiziario.net\/wp\/wp-json\/wp\/v2\/posts\/22860","targetHints":{"allow":["GET"]}}],"collection":[{"href":"https:\/\/www.ilnotiziario.net\/wp\/wp-json\/wp\/v2\/posts"}],"about":[{"href":"https:\/\/www.ilnotiziario.net\/wp\/wp-json\/wp\/v2\/types\/post"}],"author":[{"embeddable":true,"href":"https:\/\/www.ilnotiziario.net\/wp\/wp-json\/wp\/v2\/users\/6"}],"replies":[{"embeddable":true,"href":"https:\/\/www.ilnotiziario.net\/wp\/wp-json\/wp\/v2\/comments?post=22860"}],"version-history":[{"count":0,"href":"https:\/\/www.ilnotiziario.net\/wp\/wp-json\/wp\/v2\/posts\/22860\/revisions"}],"wp:featuredmedia":[{"embeddable":true,"href":"https:\/\/www.ilnotiziario.net\/wp\/wp-json\/wp\/v2\/media\/22862"}],"wp:attachment":[{"href":"https:\/\/www.ilnotiziario.net\/wp\/wp-json\/wp\/v2\/media?parent=22860"}],"wp:term":[{"taxonomy":"category","embeddable":true,"href":"https:\/\/www.ilnotiziario.net\/wp\/wp-json\/wp\/v2\/categories?post=22860"},{"taxonomy":"post_tag","embeddable":true,"href":"https:\/\/www.ilnotiziario.net\/wp\/wp-json\/wp\/v2\/tags?post=22860"}],"curies":[{"name":"wp","href":"https:\/\/api.w.org\/{rel}","templated":true}]}}