{"id":229528,"date":"2026-03-09T08:59:20","date_gmt":"2026-03-09T07:59:20","guid":{"rendered":"https:\/\/www.ilnotiziario.net\/wp\/?p=229528"},"modified":"2026-03-09T08:59:20","modified_gmt":"2026-03-09T07:59:20","slug":"oltre-1000-carte-didentita-da-rifare-il-comune-attiva-orari-extra","status":"publish","type":"post","link":"https:\/\/www.ilnotiziario.net\/wp\/brianza\/oltre-1000-carte-didentita-da-rifare-il-comune-attiva-orari-extra\/","title":{"rendered":"Oltre 1000 carte d&#8217;identit\u00e0 da rifare, il Comune attiva orari extra"},"content":{"rendered":"<p>Pi\u00f9 di 1000 residenti a Cogliate hanno ancora la carta d\u2019identit\u00e0 in formato cartaceo che perder\u00e0 di valit\u00e0 dal prossimo 3 agosto. Per questo motivo, l\u2019Amministrazione comunale ha attivato orari aggiuntivi per il servizio di rinnovo dal 2 marzo al 31 maggio.<\/p><div id=\"ilnot-3538676753\" class=\"ilnot-contenuto ilnot-entity-placement\"><p><!-- incontent_1 --><\/p>\n<div class=\"gptslot\" data-adunitid=\"1\"><\/div>\n<\/div>\n<p>&nbsp;<\/p>\n<h2>Carta d&#8217;identit\u00e0, dal 3 agosto quella di carta non sar\u00e0 pi\u00f9 valida<\/h2>\n<p>Il Ministero dell\u2019Interno ha comunicato che, a partire dal 3 agosto 2026, tutte le carte d\u2019identit\u00e0 cartacee cesseranno di avere validit\u00e0 -si spiega nell\u2019avviso diffuso dal Comune. Inzialmente era stato comunicato che il modello cartaceo non sarebbe stato pi\u00f9 valido per l\u2019espatrio ma solo sul territorio nazionale fino a scadenza. Invece ora si \u00e8 deciso che tutti dovranno comunque avere il nuovo modello di Carta d\u2019Identit\u00e0 che, tra l\u2019altro, consente l\u2019identificazione digitale per i servizi <a href=\"https:\/\/www.ilnotiziario.net\/wp\/buonoasapersi\/spid-a-pagamento-alternativa-gratuita-ce-e-la-carta-didentita-elettronica-ecco-come-fare\/\"><strong>senza l\u2019utilizzo dello Spid, che dall\u2019inizio dell\u2019anno \u00e8 diventato a pagamento.<\/strong><\/a><\/p>\n<p>Insomma, ci sono almeno 1000 documenti da realizzare nei prossimi 5 mesi, una media di 200 al mese. Per questo \u00e8 stato istituito un servizio speciale, riservato esclusivamente a chi \u00e8 in possesso di carta d\u2019identit\u00e0 cartacea ed \u00e8 residente a Cogliate. Solo in questo caso, \u00e8 possibile chiamare il numero 3920884219 dalle 11 alle 13 dal luned\u00ec al venerd\u00ec e dalle ore 14.30 alle ore 16 dal luned\u00ec al gioved\u00ec per fissare un appuntamento. Occorre fornire dati anagrafici, numero di telefono e indirizzo mail.<\/p><div id=\"ilnot-2249967958\" class=\"ilnot-contenuto_2 ilnot-entity-placement\"><div class=\"ads-wrapper\">\n<div class=\"ad-slot\">\n   <div id=\"ilnot-594845014\" style=\"margin-right: auto;margin-left: auto;text-align: center;width: 320px;height: 100px;\"><a href=\"https:\/\/www.scuolasicurezza.it\/\"><img decoding=\"async\" src=\"https:\/\/www.ilnotiziario.net\/wp\/wp-content\/uploads\/2026\/04\/IlNotiziario_banner-sito-e-newsletter-320-x-100-px-1.gif\" alt=\"\"><\/a><\/div>\n  <\/div>\n<div class=\"ad-slot\">\n   <div id=\"ilnot-2779378\" style=\"margin-right: auto;margin-left: auto;text-align: center;width: 320px;height: 100px;\"><a href=\"https:\/\/purodesignarredamenti.com\/\"><img decoding=\"async\" src=\"https:\/\/www.ilnotiziario.net\/wp\/wp-content\/uploads\/2026\/04\/banner-puro-ok.gif\" alt=\"whatsapp\"><\/a><\/div><\/p><\/div>\n<\/div>\n<\/div>\n<p>\u201cSono mesi che comunichiamo la crititicit\u00e0, ma nonostante questo ci sono circa 1000 persone che hanno ancora la cartacea\u201d -spiega il sindaco Basilico. \u201cCon questi orari extra, si punta a velocizzare la sostituzione delle cartacee e contenere i tempi di attesa per tutti gli altri che hanno le Cie in scadenza\u201d.<\/p>\n<p>&nbsp;<\/p>\n<p><strong>Gabriele Bassani\u00a0<\/strong><\/p>\n","protected":false},"excerpt":{"rendered":"<p>Pi\u00f9 di 1000 residenti a Cogliate hanno ancora la carta d\u2019identit\u00e0 in formato cartaceo che perder\u00e0 di valit\u00e0 dal prossimo 3 agosto. Per questo motivo, l\u2019Amministrazione comunale ha attivato orari aggiuntivi per il servizio di rinnovo dal 2 marzo al 31 maggio. &nbsp; Carta d&#8217;identit\u00e0, dal 3 agosto quella di carta non sar\u00e0 pi\u00f9 valida<\/p>\n","protected":false},"author":3,"featured_media":229533,"comment_status":"closed","ping_status":"closed","sticky":false,"template":"","format":"standard","meta":{"footnotes":""},"categories":[9,20,13],"tags":[13119,13118,286,2510],"class_list":{"0":"post-229528","1":"post","2":"type-post","3":"status-publish","4":"format-standard","5":"has-post-thumbnail","7":"category-brianza","8":"category-prima-pagina","9":"category-saronnese","10":"tag-carta-identita","11":"tag-cie","12":"tag-cogliate","13":"tag-orari"},"yoast_head":"<!-- This site is optimized with the Yoast SEO plugin v27.4 - https:\/\/yoast.com\/product\/yoast-seo-wordpress\/ -->\n<title>Oltre 1000 carte d&#039;identit\u00e0 da rifare, il Comune attiva orari extra - Il Notiziario<\/title>\n<meta name=\"description\" content=\"Pi\u00f9 di 1000 residenti a Cogliate hanno ancora la carta d\u2019identit\u00e0 in formato cartaceo che perder\u00e0 di valit\u00e0 dal prossimo 3 agosto. Per questo motivo,\" \/>\n<meta name=\"robots\" content=\"index, follow, max-snippet:-1, max-image-preview:large, max-video-preview:-1\" \/>\n<link rel=\"canonical\" href=\"https:\/\/www.ilnotiziario.net\/wp\/brianza\/oltre-1000-carte-didentita-da-rifare-il-comune-attiva-orari-extra\/\" \/>\n<meta property=\"og:locale\" content=\"it_IT\" \/>\n<meta property=\"og:type\" content=\"article\" \/>\n<meta property=\"og:title\" content=\"Oltre 1000 carte d&#039;identit\u00e0 da rifare, il Comune attiva orari extra - Il Notiziario\" \/>\n<meta property=\"og:description\" content=\"Pi\u00f9 di 1000 residenti a Cogliate hanno ancora la carta d\u2019identit\u00e0 in formato cartaceo che perder\u00e0 di valit\u00e0 dal prossimo 3 agosto. Per questo motivo,\" \/>\n<meta property=\"og:url\" content=\"https:\/\/www.ilnotiziario.net\/wp\/brianza\/oltre-1000-carte-didentita-da-rifare-il-comune-attiva-orari-extra\/\" \/>\n<meta property=\"og:site_name\" content=\"Il Notiziario\" \/>\n<meta property=\"article:publisher\" content=\"https:\/\/www.facebook.com\/ilnotiziarioind\/\" \/>\n<meta property=\"article:published_time\" content=\"2026-03-09T07:59:20+00:00\" \/>\n<meta property=\"og:image\" content=\"https:\/\/www.ilnotiziario.net\/wp\/wp-content\/uploads\/2026\/03\/CieCarta.webp\" \/>\n\t<meta property=\"og:image:width\" content=\"1024\" \/>\n\t<meta property=\"og:image:height\" content=\"576\" \/>\n\t<meta property=\"og:image:type\" content=\"image\/webp\" \/>\n<meta name=\"author\" content=\"Gabriele Bassani\" \/>\n<meta name=\"twitter:card\" content=\"summary_large_image\" \/>\n<meta name=\"twitter:creator\" content=\"@ilNotiziarioInd\" \/>\n<meta name=\"twitter:site\" content=\"@ilNotiziarioInd\" \/>\n<meta name=\"twitter:label1\" content=\"Scritto da\" \/>\n\t<meta name=\"twitter:data1\" content=\"Gabriele Bassani\" \/>\n\t<meta name=\"twitter:label2\" content=\"Tempo di lettura stimato\" \/>\n\t<meta name=\"twitter:data2\" content=\"2 minuti\" \/>\n<script type=\"application\/ld+json\" class=\"yoast-schema-graph\">{\"@context\":\"https:\\\/\\\/schema.org\",\"@graph\":[{\"@type\":\"Article\",\"@id\":\"https:\\\/\\\/www.ilnotiziario.net\\\/wp\\\/brianza\\\/oltre-1000-carte-didentita-da-rifare-il-comune-attiva-orari-extra\\\/#article\",\"isPartOf\":{\"@id\":\"https:\\\/\\\/www.ilnotiziario.net\\\/wp\\\/brianza\\\/oltre-1000-carte-didentita-da-rifare-il-comune-attiva-orari-extra\\\/\"},\"author\":{\"name\":\"Gabriele Bassani\",\"@id\":\"https:\\\/\\\/www.ilnotiziario.net\\\/wp\\\/#\\\/schema\\\/person\\\/386e222908f898bb41c033989482bbf2\"},\"headline\":\"Oltre 1000 carte d&#8217;identit\u00e0 da rifare, il Comune attiva orari extra\",\"datePublished\":\"2026-03-09T07:59:20+00:00\",\"mainEntityOfPage\":{\"@id\":\"https:\\\/\\\/www.ilnotiziario.net\\\/wp\\\/brianza\\\/oltre-1000-carte-didentita-da-rifare-il-comune-attiva-orari-extra\\\/\"},\"wordCount\":283,\"publisher\":{\"@id\":\"https:\\\/\\\/www.ilnotiziario.net\\\/wp\\\/#organization\"},\"image\":{\"@id\":\"https:\\\/\\\/www.ilnotiziario.net\\\/wp\\\/brianza\\\/oltre-1000-carte-didentita-da-rifare-il-comune-attiva-orari-extra\\\/#primaryimage\"},\"thumbnailUrl\":\"https:\\\/\\\/www.ilnotiziario.net\\\/wp\\\/wp-content\\\/uploads\\\/2026\\\/03\\\/CieCarta.webp\",\"keywords\":[\"carta identit\u00e0\",\"Cie\",\"Cogliate\",\"orari\"],\"articleSection\":[\"BRIANZA\",\"Prima Pagina\",\"SARONNESE\"],\"inLanguage\":\"it-IT\"},{\"@type\":\"WebPage\",\"@id\":\"https:\\\/\\\/www.ilnotiziario.net\\\/wp\\\/brianza\\\/oltre-1000-carte-didentita-da-rifare-il-comune-attiva-orari-extra\\\/\",\"url\":\"https:\\\/\\\/www.ilnotiziario.net\\\/wp\\\/brianza\\\/oltre-1000-carte-didentita-da-rifare-il-comune-attiva-orari-extra\\\/\",\"name\":\"Oltre 1000 carte d'identit\u00e0 da rifare, il Comune attiva orari extra - Il Notiziario\",\"isPartOf\":{\"@id\":\"https:\\\/\\\/www.ilnotiziario.net\\\/wp\\\/#website\"},\"primaryImageOfPage\":{\"@id\":\"https:\\\/\\\/www.ilnotiziario.net\\\/wp\\\/brianza\\\/oltre-1000-carte-didentita-da-rifare-il-comune-attiva-orari-extra\\\/#primaryimage\"},\"image\":{\"@id\":\"https:\\\/\\\/www.ilnotiziario.net\\\/wp\\\/brianza\\\/oltre-1000-carte-didentita-da-rifare-il-comune-attiva-orari-extra\\\/#primaryimage\"},\"thumbnailUrl\":\"https:\\\/\\\/www.ilnotiziario.net\\\/wp\\\/wp-content\\\/uploads\\\/2026\\\/03\\\/CieCarta.webp\",\"datePublished\":\"2026-03-09T07:59:20+00:00\",\"description\":\"Pi\u00f9 di 1000 residenti a Cogliate hanno ancora la carta d\u2019identit\u00e0 in formato cartaceo che perder\u00e0 di valit\u00e0 dal prossimo 3 agosto. Per questo motivo,\",\"breadcrumb\":{\"@id\":\"https:\\\/\\\/www.ilnotiziario.net\\\/wp\\\/brianza\\\/oltre-1000-carte-didentita-da-rifare-il-comune-attiva-orari-extra\\\/#breadcrumb\"},\"inLanguage\":\"it-IT\",\"potentialAction\":[{\"@type\":\"ReadAction\",\"target\":[\"https:\\\/\\\/www.ilnotiziario.net\\\/wp\\\/brianza\\\/oltre-1000-carte-didentita-da-rifare-il-comune-attiva-orari-extra\\\/\"]}]},{\"@type\":\"ImageObject\",\"inLanguage\":\"it-IT\",\"@id\":\"https:\\\/\\\/www.ilnotiziario.net\\\/wp\\\/brianza\\\/oltre-1000-carte-didentita-da-rifare-il-comune-attiva-orari-extra\\\/#primaryimage\",\"url\":\"https:\\\/\\\/www.ilnotiziario.net\\\/wp\\\/wp-content\\\/uploads\\\/2026\\\/03\\\/CieCarta.webp\",\"contentUrl\":\"https:\\\/\\\/www.ilnotiziario.net\\\/wp\\\/wp-content\\\/uploads\\\/2026\\\/03\\\/CieCarta.webp\",\"width\":1024,\"height\":576,\"caption\":\"Carta identit\u00e0 elettronica orari extra comune\"},{\"@type\":\"BreadcrumbList\",\"@id\":\"https:\\\/\\\/www.ilnotiziario.net\\\/wp\\\/brianza\\\/oltre-1000-carte-didentita-da-rifare-il-comune-attiva-orari-extra\\\/#breadcrumb\",\"itemListElement\":[{\"@type\":\"ListItem\",\"position\":1,\"name\":\"tds_text_logo_tagline_colortds_text_logo_tagline_colortds_text_logo_tagline_colortds_text_logo_tagline_colortd_module_7_title_excerpttd_module_7_title_excerpttd_module_7_title_excerpttd_module_7_title_excerptHome\",\"item\":\"https:\\\/\\\/www.ilnotiziario.net\\\/wp\\\/\"},{\"@type\":\"ListItem\",\"position\":2,\"name\":\"Oltre 1000 carte d&#8217;identit\u00e0 da rifare, il Comune attiva orari extra\"}]},{\"@type\":\"WebSite\",\"@id\":\"https:\\\/\\\/www.ilnotiziario.net\\\/wp\\\/#website\",\"url\":\"https:\\\/\\\/www.ilnotiziario.net\\\/wp\\\/\",\"name\":\"Il Notiziario\",\"description\":\"Per restare sempre connessi alla notizia\",\"publisher\":{\"@id\":\"https:\\\/\\\/www.ilnotiziario.net\\\/wp\\\/#organization\"},\"alternateName\":\"Il Notiziario Bollate\",\"potentialAction\":[{\"@type\":\"SearchAction\",\"target\":{\"@type\":\"EntryPoint\",\"urlTemplate\":\"https:\\\/\\\/www.ilnotiziario.net\\\/wp\\\/?s={search_term_string}\"},\"query-input\":{\"@type\":\"PropertyValueSpecification\",\"valueRequired\":true,\"valueName\":\"search_term_string\"}}],\"inLanguage\":\"it-IT\"},{\"@type\":\"Organization\",\"@id\":\"https:\\\/\\\/www.ilnotiziario.net\\\/wp\\\/#organization\",\"name\":\"Il Notiziario\",\"url\":\"https:\\\/\\\/www.ilnotiziario.net\\\/wp\\\/\",\"logo\":{\"@type\":\"ImageObject\",\"inLanguage\":\"it-IT\",\"@id\":\"https:\\\/\\\/www.ilnotiziario.net\\\/wp\\\/#\\\/schema\\\/logo\\\/image\\\/\",\"url\":\"https:\\\/\\\/www.ilnotiziario.net\\\/wp\\\/wp-content\\\/uploads\\\/2022\\\/06\\\/170x170ilN.png\",\"contentUrl\":\"https:\\\/\\\/www.ilnotiziario.net\\\/wp\\\/wp-content\\\/uploads\\\/2022\\\/06\\\/170x170ilN.png\",\"width\":355,\"height\":355,\"caption\":\"Il Notiziario\"},\"image\":{\"@id\":\"https:\\\/\\\/www.ilnotiziario.net\\\/wp\\\/#\\\/schema\\\/logo\\\/image\\\/\"},\"sameAs\":[\"https:\\\/\\\/www.facebook.com\\\/ilnotiziarioind\\\/\",\"https:\\\/\\\/x.com\\\/ilNotiziarioInd\",\"https:\\\/\\\/www.instagram.com\\\/ilnotiziario_settimanale\\\/\"]},{\"@type\":\"Person\",\"@id\":\"https:\\\/\\\/www.ilnotiziario.net\\\/wp\\\/#\\\/schema\\\/person\\\/386e222908f898bb41c033989482bbf2\",\"name\":\"Gabriele Bassani\",\"image\":{\"@type\":\"ImageObject\",\"inLanguage\":\"it-IT\",\"@id\":\"https:\\\/\\\/secure.gravatar.com\\\/avatar\\\/09274f4a84fa97698bde56f84b3afed61c8492d48b0550db9671b68c177479cb?s=96&d=mm&r=g\",\"url\":\"https:\\\/\\\/secure.gravatar.com\\\/avatar\\\/09274f4a84fa97698bde56f84b3afed61c8492d48b0550db9671b68c177479cb?s=96&d=mm&r=g\",\"contentUrl\":\"https:\\\/\\\/secure.gravatar.com\\\/avatar\\\/09274f4a84fa97698bde56f84b3afed61c8492d48b0550db9671b68c177479cb?s=96&d=mm&r=g\",\"caption\":\"Gabriele Bassani\"},\"sameAs\":[\"http:\\\/\\\/www.ilnotiziario.net\"]}]}<\/script>\n<!-- \/ Yoast SEO plugin. -->","yoast_head_json":{"title":"Oltre 1000 carte d'identit\u00e0 da rifare, il Comune attiva orari extra - Il Notiziario","description":"Pi\u00f9 di 1000 residenti a Cogliate hanno ancora la carta d\u2019identit\u00e0 in formato cartaceo che perder\u00e0 di valit\u00e0 dal prossimo 3 agosto. Per questo motivo,","robots":{"index":"index","follow":"follow","max-snippet":"max-snippet:-1","max-image-preview":"max-image-preview:large","max-video-preview":"max-video-preview:-1"},"canonical":"https:\/\/www.ilnotiziario.net\/wp\/brianza\/oltre-1000-carte-didentita-da-rifare-il-comune-attiva-orari-extra\/","og_locale":"it_IT","og_type":"article","og_title":"Oltre 1000 carte d'identit\u00e0 da rifare, il Comune attiva orari extra - Il Notiziario","og_description":"Pi\u00f9 di 1000 residenti a Cogliate hanno ancora la carta d\u2019identit\u00e0 in formato cartaceo che perder\u00e0 di valit\u00e0 dal prossimo 3 agosto. Per questo motivo,","og_url":"https:\/\/www.ilnotiziario.net\/wp\/brianza\/oltre-1000-carte-didentita-da-rifare-il-comune-attiva-orari-extra\/","og_site_name":"Il Notiziario","article_publisher":"https:\/\/www.facebook.com\/ilnotiziarioind\/","article_published_time":"2026-03-09T07:59:20+00:00","og_image":[{"width":1024,"height":576,"url":"https:\/\/www.ilnotiziario.net\/wp\/wp-content\/uploads\/2026\/03\/CieCarta.webp","type":"image\/webp"}],"author":"Gabriele Bassani","twitter_card":"summary_large_image","twitter_creator":"@ilNotiziarioInd","twitter_site":"@ilNotiziarioInd","twitter_misc":{"Scritto da":"Gabriele Bassani","Tempo di lettura stimato":"2 minuti"},"schema":{"@context":"https:\/\/schema.org","@graph":[{"@type":"Article","@id":"https:\/\/www.ilnotiziario.net\/wp\/brianza\/oltre-1000-carte-didentita-da-rifare-il-comune-attiva-orari-extra\/#article","isPartOf":{"@id":"https:\/\/www.ilnotiziario.net\/wp\/brianza\/oltre-1000-carte-didentita-da-rifare-il-comune-attiva-orari-extra\/"},"author":{"name":"Gabriele Bassani","@id":"https:\/\/www.ilnotiziario.net\/wp\/#\/schema\/person\/386e222908f898bb41c033989482bbf2"},"headline":"Oltre 1000 carte d&#8217;identit\u00e0 da rifare, il Comune attiva orari extra","datePublished":"2026-03-09T07:59:20+00:00","mainEntityOfPage":{"@id":"https:\/\/www.ilnotiziario.net\/wp\/brianza\/oltre-1000-carte-didentita-da-rifare-il-comune-attiva-orari-extra\/"},"wordCount":283,"publisher":{"@id":"https:\/\/www.ilnotiziario.net\/wp\/#organization"},"image":{"@id":"https:\/\/www.ilnotiziario.net\/wp\/brianza\/oltre-1000-carte-didentita-da-rifare-il-comune-attiva-orari-extra\/#primaryimage"},"thumbnailUrl":"https:\/\/www.ilnotiziario.net\/wp\/wp-content\/uploads\/2026\/03\/CieCarta.webp","keywords":["carta identit\u00e0","Cie","Cogliate","orari"],"articleSection":["BRIANZA","Prima Pagina","SARONNESE"],"inLanguage":"it-IT"},{"@type":"WebPage","@id":"https:\/\/www.ilnotiziario.net\/wp\/brianza\/oltre-1000-carte-didentita-da-rifare-il-comune-attiva-orari-extra\/","url":"https:\/\/www.ilnotiziario.net\/wp\/brianza\/oltre-1000-carte-didentita-da-rifare-il-comune-attiva-orari-extra\/","name":"Oltre 1000 carte d'identit\u00e0 da rifare, il Comune attiva orari extra - Il Notiziario","isPartOf":{"@id":"https:\/\/www.ilnotiziario.net\/wp\/#website"},"primaryImageOfPage":{"@id":"https:\/\/www.ilnotiziario.net\/wp\/brianza\/oltre-1000-carte-didentita-da-rifare-il-comune-attiva-orari-extra\/#primaryimage"},"image":{"@id":"https:\/\/www.ilnotiziario.net\/wp\/brianza\/oltre-1000-carte-didentita-da-rifare-il-comune-attiva-orari-extra\/#primaryimage"},"thumbnailUrl":"https:\/\/www.ilnotiziario.net\/wp\/wp-content\/uploads\/2026\/03\/CieCarta.webp","datePublished":"2026-03-09T07:59:20+00:00","description":"Pi\u00f9 di 1000 residenti a Cogliate hanno ancora la carta d\u2019identit\u00e0 in formato cartaceo che perder\u00e0 di valit\u00e0 dal prossimo 3 agosto. Per questo motivo,","breadcrumb":{"@id":"https:\/\/www.ilnotiziario.net\/wp\/brianza\/oltre-1000-carte-didentita-da-rifare-il-comune-attiva-orari-extra\/#breadcrumb"},"inLanguage":"it-IT","potentialAction":[{"@type":"ReadAction","target":["https:\/\/www.ilnotiziario.net\/wp\/brianza\/oltre-1000-carte-didentita-da-rifare-il-comune-attiva-orari-extra\/"]}]},{"@type":"ImageObject","inLanguage":"it-IT","@id":"https:\/\/www.ilnotiziario.net\/wp\/brianza\/oltre-1000-carte-didentita-da-rifare-il-comune-attiva-orari-extra\/#primaryimage","url":"https:\/\/www.ilnotiziario.net\/wp\/wp-content\/uploads\/2026\/03\/CieCarta.webp","contentUrl":"https:\/\/www.ilnotiziario.net\/wp\/wp-content\/uploads\/2026\/03\/CieCarta.webp","width":1024,"height":576,"caption":"Carta identit\u00e0 elettronica orari extra comune"},{"@type":"BreadcrumbList","@id":"https:\/\/www.ilnotiziario.net\/wp\/brianza\/oltre-1000-carte-didentita-da-rifare-il-comune-attiva-orari-extra\/#breadcrumb","itemListElement":[{"@type":"ListItem","position":1,"name":"tds_text_logo_tagline_colortds_text_logo_tagline_colortds_text_logo_tagline_colortds_text_logo_tagline_colortd_module_7_title_excerpttd_module_7_title_excerpttd_module_7_title_excerpttd_module_7_title_excerptHome","item":"https:\/\/www.ilnotiziario.net\/wp\/"},{"@type":"ListItem","position":2,"name":"Oltre 1000 carte d&#8217;identit\u00e0 da rifare, il Comune attiva orari extra"}]},{"@type":"WebSite","@id":"https:\/\/www.ilnotiziario.net\/wp\/#website","url":"https:\/\/www.ilnotiziario.net\/wp\/","name":"Il Notiziario","description":"Per restare sempre connessi alla notizia","publisher":{"@id":"https:\/\/www.ilnotiziario.net\/wp\/#organization"},"alternateName":"Il Notiziario Bollate","potentialAction":[{"@type":"SearchAction","target":{"@type":"EntryPoint","urlTemplate":"https:\/\/www.ilnotiziario.net\/wp\/?s={search_term_string}"},"query-input":{"@type":"PropertyValueSpecification","valueRequired":true,"valueName":"search_term_string"}}],"inLanguage":"it-IT"},{"@type":"Organization","@id":"https:\/\/www.ilnotiziario.net\/wp\/#organization","name":"Il Notiziario","url":"https:\/\/www.ilnotiziario.net\/wp\/","logo":{"@type":"ImageObject","inLanguage":"it-IT","@id":"https:\/\/www.ilnotiziario.net\/wp\/#\/schema\/logo\/image\/","url":"https:\/\/www.ilnotiziario.net\/wp\/wp-content\/uploads\/2022\/06\/170x170ilN.png","contentUrl":"https:\/\/www.ilnotiziario.net\/wp\/wp-content\/uploads\/2022\/06\/170x170ilN.png","width":355,"height":355,"caption":"Il Notiziario"},"image":{"@id":"https:\/\/www.ilnotiziario.net\/wp\/#\/schema\/logo\/image\/"},"sameAs":["https:\/\/www.facebook.com\/ilnotiziarioind\/","https:\/\/x.com\/ilNotiziarioInd","https:\/\/www.instagram.com\/ilnotiziario_settimanale\/"]},{"@type":"Person","@id":"https:\/\/www.ilnotiziario.net\/wp\/#\/schema\/person\/386e222908f898bb41c033989482bbf2","name":"Gabriele Bassani","image":{"@type":"ImageObject","inLanguage":"it-IT","@id":"https:\/\/secure.gravatar.com\/avatar\/09274f4a84fa97698bde56f84b3afed61c8492d48b0550db9671b68c177479cb?s=96&d=mm&r=g","url":"https:\/\/secure.gravatar.com\/avatar\/09274f4a84fa97698bde56f84b3afed61c8492d48b0550db9671b68c177479cb?s=96&d=mm&r=g","contentUrl":"https:\/\/secure.gravatar.com\/avatar\/09274f4a84fa97698bde56f84b3afed61c8492d48b0550db9671b68c177479cb?s=96&d=mm&r=g","caption":"Gabriele Bassani"},"sameAs":["http:\/\/www.ilnotiziario.net"]}]}},"_links":{"self":[{"href":"https:\/\/www.ilnotiziario.net\/wp\/wp-json\/wp\/v2\/posts\/229528","targetHints":{"allow":["GET"]}}],"collection":[{"href":"https:\/\/www.ilnotiziario.net\/wp\/wp-json\/wp\/v2\/posts"}],"about":[{"href":"https:\/\/www.ilnotiziario.net\/wp\/wp-json\/wp\/v2\/types\/post"}],"author":[{"embeddable":true,"href":"https:\/\/www.ilnotiziario.net\/wp\/wp-json\/wp\/v2\/users\/3"}],"replies":[{"embeddable":true,"href":"https:\/\/www.ilnotiziario.net\/wp\/wp-json\/wp\/v2\/comments?post=229528"}],"version-history":[{"count":1,"href":"https:\/\/www.ilnotiziario.net\/wp\/wp-json\/wp\/v2\/posts\/229528\/revisions"}],"predecessor-version":[{"id":229534,"href":"https:\/\/www.ilnotiziario.net\/wp\/wp-json\/wp\/v2\/posts\/229528\/revisions\/229534"}],"wp:featuredmedia":[{"embeddable":true,"href":"https:\/\/www.ilnotiziario.net\/wp\/wp-json\/wp\/v2\/media\/229533"}],"wp:attachment":[{"href":"https:\/\/www.ilnotiziario.net\/wp\/wp-json\/wp\/v2\/media?parent=229528"}],"wp:term":[{"taxonomy":"category","embeddable":true,"href":"https:\/\/www.ilnotiziario.net\/wp\/wp-json\/wp\/v2\/categories?post=229528"},{"taxonomy":"post_tag","embeddable":true,"href":"https:\/\/www.ilnotiziario.net\/wp\/wp-json\/wp\/v2\/tags?post=229528"}],"curies":[{"name":"wp","href":"https:\/\/api.w.org\/{rel}","templated":true}]}}