{"id":229916,"date":"2026-03-10T09:55:22","date_gmt":"2026-03-10T08:55:22","guid":{"rendered":"https:\/\/www.ilnotiziario.net\/wp\/?p=229916"},"modified":"2026-03-10T09:55:22","modified_gmt":"2026-03-10T08:55:22","slug":"al-san-gerardo-di-monza-manicure-gratuito-per-le-pazienti-in-attesa-di-chemioterapia","status":"publish","type":"post","link":"https:\/\/www.ilnotiziario.net\/wp\/buonoasapersi\/al-san-gerardo-di-monza-manicure-gratuito-per-le-pazienti-in-attesa-di-chemioterapia\/","title":{"rendered":"Al San Gerardo di Monza, manicure gratuito per le pazienti in attesa di chemioterapia"},"content":{"rendered":"<p>Una pausa di colore e cura nel pieno delle terapie oncologiche. Al Centro Ricerca Fase 1 della Fondazione IRCCS San Gerardo nasce \u201cMani in Cura\u201d, un progetto che offre alle pazienti oncologiche manicure gratuite durante i momenti di attesa della chemioterapia o dei protocolli sperimentali. E se le donne avessero inventato la manicure per tenersi per mano?<\/p><div id=\"ilnot-1596636883\" class=\"ilnot-contenuto ilnot-entity-placement\"><p><!-- incontent_1 --><\/p>\n<div class=\"gptslot\" data-adunitid=\"1\"><\/div>\n<\/div>\n<p>&nbsp;<\/p>\n<p>A questo ha pensato la prof.ssa Marina Cazzaniga, oncologa, da otto anni alla guida del Centro di Ricerca. \u201c<em>Nel nostro Centro ci sono molti momenti di attesa. Abbiamo pensato che offrire un trattamento di manicure estetica potesse essere un piccolo gesto di benessere, per rendere l\u2019attesa non solo pi\u00f9 sopportabile, ma anche significativa. Un modo p<\/em><em>er dire alle nostre pazienti: ci prendiamo cura di voi, in ogni dettaglio, non solo della malattia\u201d.<\/em><\/p>\n<p>&nbsp;<\/p>\n<h2>\u201cMani in cura\u201d: il regalo che trasforma l\u2019attesa della chemioterapia in un momento di benessere<\/h2>\n<p>&nbsp;<\/p>\n<p>Il progetto, realizzato in collaborazione con Salute Donna ODV, associazione da anni impegnata a supporto delle pazienti oncologiche, ha preso il via luned\u00ec 9 marzo. Le pazienti potranno prenotare su base volontaria manicure estetiche, con smalti colorati, lime allegre, prodotti anallergici e creme idratanti, nelle mattinate di luned\u00ec e gioved\u00ec. Strumenti semplici, ma capaci di restituire un senso di s\u00e9, anche in un luogo legato alla malattia e alla terapia.<\/p><div id=\"ilnot-3729185651\" class=\"ilnot-contenuto_2 ilnot-entity-placement\"><div class=\"ads-wrapper\">\n<div class=\"ad-slot\">\n   <div id=\"ilnot-2396583311\" style=\"margin-right: auto;margin-left: auto;text-align: center;width: 320px;height: 100px;\"><a href=\"https:\/\/www.scuolasicurezza.it\/\"><img decoding=\"async\" src=\"https:\/\/www.ilnotiziario.net\/wp\/wp-content\/uploads\/2026\/04\/IlNotiziario_banner-sito-e-newsletter-320-x-100-px-1.gif\" alt=\"\"><\/a><\/div>\n  <\/div>\n<div class=\"ad-slot\">\n   <div id=\"ilnot-3133666649\" style=\"margin-right: auto;margin-left: auto;text-align: center;width: 320px;height: 100px;\"><a href=\"https:\/\/purodesignarredamenti.com\/\"><img decoding=\"async\" src=\"https:\/\/www.ilnotiziario.net\/wp\/wp-content\/uploads\/2026\/04\/banner-puro-ok.gif\" alt=\"whatsapp\"><\/a><\/div><\/p><\/div>\n<\/div>\n<\/div>\n<p><em>\u201cVogliamo che il tempo trascorso in ospedale non sia solo quello della terapia, ma anche un momento di attenzione verso s\u00e9 stesse <\/em>&#8211; aggiunge la prof.ssa Cazzaniga -.<em> Questo gesto vuole essere anche un ringraziamento simbolico a chi oggi partecipa a protocolli di ricerca, aprendo la strada a cure migliori per le pazienti di domani\u201d.<\/em><\/p>\n<p>&nbsp;<\/p>\n<p><img fetchpriority=\"high\" decoding=\"async\" class=\"aligncenter size-full wp-image-229919\" src=\"https:\/\/www.ilnotiziario.net\/wp\/wp-content\/uploads\/2026\/03\/ManicureSanGerardo2.jpg\" alt=\"\" width=\"1191\" height=\"708\" srcset=\"https:\/\/www.ilnotiziario.net\/wp\/wp-content\/uploads\/2026\/03\/ManicureSanGerardo2.jpg 1191w, https:\/\/www.ilnotiziario.net\/wp\/wp-content\/uploads\/2026\/03\/ManicureSanGerardo2-300x178.jpg 300w, https:\/\/www.ilnotiziario.net\/wp\/wp-content\/uploads\/2026\/03\/ManicureSanGerardo2-1024x609.jpg 1024w, https:\/\/www.ilnotiziario.net\/wp\/wp-content\/uploads\/2026\/03\/ManicureSanGerardo2-768x457.jpg 768w, https:\/\/www.ilnotiziario.net\/wp\/wp-content\/uploads\/2026\/03\/ManicureSanGerardo2-150x89.jpg 150w, https:\/\/www.ilnotiziario.net\/wp\/wp-content\/uploads\/2026\/03\/ManicureSanGerardo2-450x268.jpg 450w\" sizes=\"(max-width: 1191px) 100vw, 1191px\" \/><\/p>\n<p>D\u2019altra parte, la sala d\u2019attesa del Centro Ricerca Fase 1, al decimo piano, con le sue grandi vetrate che si affacciano sulle Prealpi, \u00e8 un luogo sospeso tra il presente e la chiamata per le terapie. Per le pazienti oncologiche, ogni ora pu\u00f2 essere segnata dall\u2019incertezza: la chiamata del medico, gli esami, la terapia sperimentale o la chemioterapia che incombe. Ora, tra i silenzi e gli sguardi rivolti all\u2019orizzonte, arriva un gesto che trasforma quell\u2019attesa in un momento di bellezza: \u201cMani in Cura\u201d.<\/p>\n<p>Il progetto coinvolge medici, infermieri, study coordinators e tutto il personale del Centro, unendo competenza clinica e attenzione alla qualit\u00e0 della vita dei pazienti.<\/p><div id=\"ilnot-3456082964\" class=\"ilnot-contenuto_2-2 ilnot-entity-placement\"><div class=\"gptslot\" data-adunitid=\"2\"><\/div>\n<\/div>\n<p>&nbsp;<\/p>\n<h2>Al Centro Ricerca Fase 1 del San Gerardo di Monza le pazienti oncologiche potranno prenotare manicure gratuite<\/h2>\n<p><em>\u201cAscoltare il paziente, prendersi il tempo necessario per capire la sua storia, le sue preoccupazioni e considerarlo nella sua interezza, tenendo conto degli aspetti fisici, emotivi, mentali e spirituali significa curarlo in modo olistico <\/em>\u2013 spiega Anna Mancuso, Presidente dell\u2019Associazione Salute Donna ODV &#8211; . <em>Significa riconoscere che il paziente non \u00e8 la sua malattia, o un caso clinico. Il paziente \u00e8 una persona con sentimenti, pensieri, speranze e paure.\u00a0 \u00c8 quello che fanno la professoressa Cazzaniga e la sua \u00e9quipe: si prendono cura della persona con amorevolezza nei momenti pi\u00f9 delicati come il periodo delle cure chemioterapiche.<\/em><\/p>\n<p>&nbsp;<\/p>\n<p><em> \u201cMani in Cura\u201d, infatti \u00e8 un progetto che offre alle pazienti oncologiche momenti per trasformare un\u2019attesa, spesso fastidiosa, in coccole, \u00e8 un modo per rafforzare la loro convinzione che non sono la loro malattia, ma donne che continuano ad essere tali anche durante un percorso di cura. Collaborare con il Centro di Ricerca guidata da clinici sensibili alla cura dell\u2019anima oltre che del corpo, rientra tra gli obiettivi primari di Salute Donna, pertanto siamo ben liete di essere state utili alla realizzazione di questo progetto\u201d . <\/em><\/p>\n<p>&nbsp;<\/p>\n<p><em>\u201cGrazie a Salute Donna per la preziosa collaborazione, all\u2019estetista che ha contribuito alla realizzazione del progetto e a tutto il personale del Centro Ricerca Fase 1 per l\u2019impegno, la dedizione e la sensibilit\u00e0 dimostrata.\u00a0 <\/em><em>Grazie al loro lavoro e alla loro passione, l\u2019attesa della terapia si trasforma in un momento di cura, vicinanza e attenzione verso le pazienti, rendendo l\u2019esperienza ospedaliera pi\u00f9 umana e ricca di significato\u201d<\/em>, conclude il Presidente della Fondazione IRCCS San Gerardo dei Tintori Claudio Cogliati.<\/p><div id=\"ilnot-2125436207\" class=\"ilnot-contenuto_2-2-2 ilnot-entity-placement\"><div class=\"gptslot\" data-adunitid=\"3\"><\/div>\n<\/div>\n","protected":false},"excerpt":{"rendered":"<p>Una pausa di colore e cura nel pieno delle terapie oncologiche. Al Centro Ricerca Fase 1 della Fondazione IRCCS San Gerardo nasce \u201cMani in Cura\u201d, un progetto che offre alle pazienti oncologiche manicure gratuite durante i momenti di attesa della chemioterapia o dei protocolli sperimentali. E se le donne avessero inventato la manicure per tenersi<\/p>\n","protected":false},"author":3,"featured_media":229920,"comment_status":"closed","ping_status":"closed","sticky":false,"template":"","format":"standard","meta":{"footnotes":""},"categories":[4193],"tags":[18698,2130,121,4173,4175,2962],"class_list":{"0":"post-229916","1":"post","2":"type-post","3":"status-publish","4":"format-standard","5":"has-post-thumbnail","7":"category-buonoasapersi","8":"tag-manicure","9":"tag-medicina","10":"tag-monza","11":"tag-oncologia","12":"tag-salute","13":"tag-san-gerardo"},"yoast_head":"<!-- This site is optimized with the Yoast SEO plugin v27.5 - https:\/\/yoast.com\/product\/yoast-seo-wordpress\/ -->\n<title>Al San Gerardo di Monza, manicure gratuito per le pazienti in attesa di chemioterapia - Il Notiziario<\/title>\n<meta name=\"description\" content=\"Una pausa di colore e cura nel pieno delle terapie oncologiche. Al Centro Ricerca Fase 1 della Fondazione IRCCS San Gerardo nasce \u201cMani in Cura\u201d, un\" \/>\n<meta name=\"robots\" content=\"index, follow, max-snippet:-1, max-image-preview:large, max-video-preview:-1\" \/>\n<link rel=\"canonical\" href=\"https:\/\/www.ilnotiziario.net\/wp\/buonoasapersi\/al-san-gerardo-di-monza-manicure-gratuito-per-le-pazienti-in-attesa-di-chemioterapia\/\" \/>\n<meta property=\"og:locale\" content=\"it_IT\" \/>\n<meta property=\"og:type\" content=\"article\" \/>\n<meta property=\"og:title\" content=\"Al San Gerardo di Monza, manicure gratuito per le pazienti in attesa di chemioterapia - Il Notiziario\" \/>\n<meta property=\"og:description\" content=\"Una pausa di colore e cura nel pieno delle terapie oncologiche. Al Centro Ricerca Fase 1 della Fondazione IRCCS San Gerardo nasce \u201cMani in Cura\u201d, un\" \/>\n<meta property=\"og:url\" content=\"https:\/\/www.ilnotiziario.net\/wp\/buonoasapersi\/al-san-gerardo-di-monza-manicure-gratuito-per-le-pazienti-in-attesa-di-chemioterapia\/\" \/>\n<meta property=\"og:site_name\" content=\"Il Notiziario\" \/>\n<meta property=\"article:publisher\" content=\"https:\/\/www.facebook.com\/ilnotiziarioind\/\" \/>\n<meta property=\"article:published_time\" content=\"2026-03-10T08:55:22+00:00\" \/>\n<meta property=\"og:image\" content=\"https:\/\/www.ilnotiziario.net\/wp\/wp-content\/uploads\/2026\/03\/Manicure1.jpg\" \/>\n\t<meta property=\"og:image:width\" content=\"1200\" \/>\n\t<meta property=\"og:image:height\" content=\"900\" \/>\n\t<meta property=\"og:image:type\" content=\"image\/jpeg\" \/>\n<meta name=\"author\" content=\"Gabriele Bassani\" \/>\n<meta name=\"twitter:card\" content=\"summary_large_image\" \/>\n<meta name=\"twitter:creator\" content=\"@ilNotiziarioInd\" \/>\n<meta name=\"twitter:site\" content=\"@ilNotiziarioInd\" \/>\n<meta name=\"twitter:label1\" content=\"Scritto da\" \/>\n\t<meta name=\"twitter:data1\" content=\"Gabriele Bassani\" \/>\n\t<meta name=\"twitter:label2\" content=\"Tempo di lettura stimato\" \/>\n\t<meta name=\"twitter:data2\" content=\"4 minuti\" \/>\n<script type=\"application\/ld+json\" class=\"yoast-schema-graph\">{\"@context\":\"https:\\\/\\\/schema.org\",\"@graph\":[{\"@type\":\"Article\",\"@id\":\"https:\\\/\\\/www.ilnotiziario.net\\\/wp\\\/buonoasapersi\\\/al-san-gerardo-di-monza-manicure-gratuito-per-le-pazienti-in-attesa-di-chemioterapia\\\/#article\",\"isPartOf\":{\"@id\":\"https:\\\/\\\/www.ilnotiziario.net\\\/wp\\\/buonoasapersi\\\/al-san-gerardo-di-monza-manicure-gratuito-per-le-pazienti-in-attesa-di-chemioterapia\\\/\"},\"author\":{\"name\":\"Gabriele Bassani\",\"@id\":\"https:\\\/\\\/www.ilnotiziario.net\\\/wp\\\/#\\\/schema\\\/person\\\/386e222908f898bb41c033989482bbf2\"},\"headline\":\"Al San Gerardo di Monza, manicure gratuito per le pazienti in attesa di chemioterapia\",\"datePublished\":\"2026-03-10T08:55:22+00:00\",\"mainEntityOfPage\":{\"@id\":\"https:\\\/\\\/www.ilnotiziario.net\\\/wp\\\/buonoasapersi\\\/al-san-gerardo-di-monza-manicure-gratuito-per-le-pazienti-in-attesa-di-chemioterapia\\\/\"},\"wordCount\":680,\"publisher\":{\"@id\":\"https:\\\/\\\/www.ilnotiziario.net\\\/wp\\\/#organization\"},\"image\":{\"@id\":\"https:\\\/\\\/www.ilnotiziario.net\\\/wp\\\/buonoasapersi\\\/al-san-gerardo-di-monza-manicure-gratuito-per-le-pazienti-in-attesa-di-chemioterapia\\\/#primaryimage\"},\"thumbnailUrl\":\"https:\\\/\\\/www.ilnotiziario.net\\\/wp\\\/wp-content\\\/uploads\\\/2026\\\/03\\\/Manicure1.jpg\",\"keywords\":[\"manicure\",\"medicina\",\"Monza\",\"oncologia\",\"salute\",\"San Gerardo\"],\"articleSection\":[\"BUONO A SAPERSI\"],\"inLanguage\":\"it-IT\"},{\"@type\":\"WebPage\",\"@id\":\"https:\\\/\\\/www.ilnotiziario.net\\\/wp\\\/buonoasapersi\\\/al-san-gerardo-di-monza-manicure-gratuito-per-le-pazienti-in-attesa-di-chemioterapia\\\/\",\"url\":\"https:\\\/\\\/www.ilnotiziario.net\\\/wp\\\/buonoasapersi\\\/al-san-gerardo-di-monza-manicure-gratuito-per-le-pazienti-in-attesa-di-chemioterapia\\\/\",\"name\":\"Al San Gerardo di Monza, manicure gratuito per le pazienti in attesa di chemioterapia - Il Notiziario\",\"isPartOf\":{\"@id\":\"https:\\\/\\\/www.ilnotiziario.net\\\/wp\\\/#website\"},\"primaryImageOfPage\":{\"@id\":\"https:\\\/\\\/www.ilnotiziario.net\\\/wp\\\/buonoasapersi\\\/al-san-gerardo-di-monza-manicure-gratuito-per-le-pazienti-in-attesa-di-chemioterapia\\\/#primaryimage\"},\"image\":{\"@id\":\"https:\\\/\\\/www.ilnotiziario.net\\\/wp\\\/buonoasapersi\\\/al-san-gerardo-di-monza-manicure-gratuito-per-le-pazienti-in-attesa-di-chemioterapia\\\/#primaryimage\"},\"thumbnailUrl\":\"https:\\\/\\\/www.ilnotiziario.net\\\/wp\\\/wp-content\\\/uploads\\\/2026\\\/03\\\/Manicure1.jpg\",\"datePublished\":\"2026-03-10T08:55:22+00:00\",\"description\":\"Una pausa di colore e cura nel pieno delle terapie oncologiche. Al Centro Ricerca Fase 1 della Fondazione IRCCS San Gerardo nasce \u201cMani in Cura\u201d, un\",\"breadcrumb\":{\"@id\":\"https:\\\/\\\/www.ilnotiziario.net\\\/wp\\\/buonoasapersi\\\/al-san-gerardo-di-monza-manicure-gratuito-per-le-pazienti-in-attesa-di-chemioterapia\\\/#breadcrumb\"},\"inLanguage\":\"it-IT\",\"potentialAction\":[{\"@type\":\"ReadAction\",\"target\":[\"https:\\\/\\\/www.ilnotiziario.net\\\/wp\\\/buonoasapersi\\\/al-san-gerardo-di-monza-manicure-gratuito-per-le-pazienti-in-attesa-di-chemioterapia\\\/\"]}]},{\"@type\":\"ImageObject\",\"inLanguage\":\"it-IT\",\"@id\":\"https:\\\/\\\/www.ilnotiziario.net\\\/wp\\\/buonoasapersi\\\/al-san-gerardo-di-monza-manicure-gratuito-per-le-pazienti-in-attesa-di-chemioterapia\\\/#primaryimage\",\"url\":\"https:\\\/\\\/www.ilnotiziario.net\\\/wp\\\/wp-content\\\/uploads\\\/2026\\\/03\\\/Manicure1.jpg\",\"contentUrl\":\"https:\\\/\\\/www.ilnotiziario.net\\\/wp\\\/wp-content\\\/uploads\\\/2026\\\/03\\\/Manicure1.jpg\",\"width\":1200,\"height\":900,\"caption\":\"Manicure San Gerardo Monza\"},{\"@type\":\"BreadcrumbList\",\"@id\":\"https:\\\/\\\/www.ilnotiziario.net\\\/wp\\\/buonoasapersi\\\/al-san-gerardo-di-monza-manicure-gratuito-per-le-pazienti-in-attesa-di-chemioterapia\\\/#breadcrumb\",\"itemListElement\":[{\"@type\":\"ListItem\",\"position\":1,\"name\":\"tds_text_logo_tagline_colortds_text_logo_tagline_colortds_text_logo_tagline_colortds_text_logo_tagline_colortd_module_7_title_excerpttd_module_7_title_excerpttd_module_7_title_excerpttd_module_7_title_excerptHome\",\"item\":\"https:\\\/\\\/www.ilnotiziario.net\\\/wp\\\/\"},{\"@type\":\"ListItem\",\"position\":2,\"name\":\"Al San Gerardo di Monza, manicure gratuito per le pazienti in attesa di chemioterapia\"}]},{\"@type\":\"WebSite\",\"@id\":\"https:\\\/\\\/www.ilnotiziario.net\\\/wp\\\/#website\",\"url\":\"https:\\\/\\\/www.ilnotiziario.net\\\/wp\\\/\",\"name\":\"Il Notiziario\",\"description\":\"Per restare sempre connessi alla notizia\",\"publisher\":{\"@id\":\"https:\\\/\\\/www.ilnotiziario.net\\\/wp\\\/#organization\"},\"alternateName\":\"Il Notiziario Bollate\",\"potentialAction\":[{\"@type\":\"SearchAction\",\"target\":{\"@type\":\"EntryPoint\",\"urlTemplate\":\"https:\\\/\\\/www.ilnotiziario.net\\\/wp\\\/?s={search_term_string}\"},\"query-input\":{\"@type\":\"PropertyValueSpecification\",\"valueRequired\":true,\"valueName\":\"search_term_string\"}}],\"inLanguage\":\"it-IT\"},{\"@type\":\"Organization\",\"@id\":\"https:\\\/\\\/www.ilnotiziario.net\\\/wp\\\/#organization\",\"name\":\"Il Notiziario\",\"url\":\"https:\\\/\\\/www.ilnotiziario.net\\\/wp\\\/\",\"logo\":{\"@type\":\"ImageObject\",\"inLanguage\":\"it-IT\",\"@id\":\"https:\\\/\\\/www.ilnotiziario.net\\\/wp\\\/#\\\/schema\\\/logo\\\/image\\\/\",\"url\":\"https:\\\/\\\/www.ilnotiziario.net\\\/wp\\\/wp-content\\\/uploads\\\/2022\\\/06\\\/170x170ilN.png\",\"contentUrl\":\"https:\\\/\\\/www.ilnotiziario.net\\\/wp\\\/wp-content\\\/uploads\\\/2022\\\/06\\\/170x170ilN.png\",\"width\":355,\"height\":355,\"caption\":\"Il Notiziario\"},\"image\":{\"@id\":\"https:\\\/\\\/www.ilnotiziario.net\\\/wp\\\/#\\\/schema\\\/logo\\\/image\\\/\"},\"sameAs\":[\"https:\\\/\\\/www.facebook.com\\\/ilnotiziarioind\\\/\",\"https:\\\/\\\/x.com\\\/ilNotiziarioInd\",\"https:\\\/\\\/www.instagram.com\\\/ilnotiziario_settimanale\\\/\"]},{\"@type\":\"Person\",\"@id\":\"https:\\\/\\\/www.ilnotiziario.net\\\/wp\\\/#\\\/schema\\\/person\\\/386e222908f898bb41c033989482bbf2\",\"name\":\"Gabriele Bassani\",\"image\":{\"@type\":\"ImageObject\",\"inLanguage\":\"it-IT\",\"@id\":\"https:\\\/\\\/secure.gravatar.com\\\/avatar\\\/09274f4a84fa97698bde56f84b3afed61c8492d48b0550db9671b68c177479cb?s=96&d=mm&r=g\",\"url\":\"https:\\\/\\\/secure.gravatar.com\\\/avatar\\\/09274f4a84fa97698bde56f84b3afed61c8492d48b0550db9671b68c177479cb?s=96&d=mm&r=g\",\"contentUrl\":\"https:\\\/\\\/secure.gravatar.com\\\/avatar\\\/09274f4a84fa97698bde56f84b3afed61c8492d48b0550db9671b68c177479cb?s=96&d=mm&r=g\",\"caption\":\"Gabriele Bassani\"},\"sameAs\":[\"http:\\\/\\\/www.ilnotiziario.net\"]}]}<\/script>\n<!-- \/ Yoast SEO plugin. -->","yoast_head_json":{"title":"Al San Gerardo di Monza, manicure gratuito per le pazienti in attesa di chemioterapia - Il Notiziario","description":"Una pausa di colore e cura nel pieno delle terapie oncologiche. Al Centro Ricerca Fase 1 della Fondazione IRCCS San Gerardo nasce \u201cMani in Cura\u201d, un","robots":{"index":"index","follow":"follow","max-snippet":"max-snippet:-1","max-image-preview":"max-image-preview:large","max-video-preview":"max-video-preview:-1"},"canonical":"https:\/\/www.ilnotiziario.net\/wp\/buonoasapersi\/al-san-gerardo-di-monza-manicure-gratuito-per-le-pazienti-in-attesa-di-chemioterapia\/","og_locale":"it_IT","og_type":"article","og_title":"Al San Gerardo di Monza, manicure gratuito per le pazienti in attesa di chemioterapia - Il Notiziario","og_description":"Una pausa di colore e cura nel pieno delle terapie oncologiche. Al Centro Ricerca Fase 1 della Fondazione IRCCS San Gerardo nasce \u201cMani in Cura\u201d, un","og_url":"https:\/\/www.ilnotiziario.net\/wp\/buonoasapersi\/al-san-gerardo-di-monza-manicure-gratuito-per-le-pazienti-in-attesa-di-chemioterapia\/","og_site_name":"Il Notiziario","article_publisher":"https:\/\/www.facebook.com\/ilnotiziarioind\/","article_published_time":"2026-03-10T08:55:22+00:00","og_image":[{"width":1200,"height":900,"url":"https:\/\/www.ilnotiziario.net\/wp\/wp-content\/uploads\/2026\/03\/Manicure1.jpg","type":"image\/jpeg"}],"author":"Gabriele Bassani","twitter_card":"summary_large_image","twitter_creator":"@ilNotiziarioInd","twitter_site":"@ilNotiziarioInd","twitter_misc":{"Scritto da":"Gabriele Bassani","Tempo di lettura stimato":"4 minuti"},"schema":{"@context":"https:\/\/schema.org","@graph":[{"@type":"Article","@id":"https:\/\/www.ilnotiziario.net\/wp\/buonoasapersi\/al-san-gerardo-di-monza-manicure-gratuito-per-le-pazienti-in-attesa-di-chemioterapia\/#article","isPartOf":{"@id":"https:\/\/www.ilnotiziario.net\/wp\/buonoasapersi\/al-san-gerardo-di-monza-manicure-gratuito-per-le-pazienti-in-attesa-di-chemioterapia\/"},"author":{"name":"Gabriele Bassani","@id":"https:\/\/www.ilnotiziario.net\/wp\/#\/schema\/person\/386e222908f898bb41c033989482bbf2"},"headline":"Al San Gerardo di Monza, manicure gratuito per le pazienti in attesa di chemioterapia","datePublished":"2026-03-10T08:55:22+00:00","mainEntityOfPage":{"@id":"https:\/\/www.ilnotiziario.net\/wp\/buonoasapersi\/al-san-gerardo-di-monza-manicure-gratuito-per-le-pazienti-in-attesa-di-chemioterapia\/"},"wordCount":680,"publisher":{"@id":"https:\/\/www.ilnotiziario.net\/wp\/#organization"},"image":{"@id":"https:\/\/www.ilnotiziario.net\/wp\/buonoasapersi\/al-san-gerardo-di-monza-manicure-gratuito-per-le-pazienti-in-attesa-di-chemioterapia\/#primaryimage"},"thumbnailUrl":"https:\/\/www.ilnotiziario.net\/wp\/wp-content\/uploads\/2026\/03\/Manicure1.jpg","keywords":["manicure","medicina","Monza","oncologia","salute","San Gerardo"],"articleSection":["BUONO A SAPERSI"],"inLanguage":"it-IT"},{"@type":"WebPage","@id":"https:\/\/www.ilnotiziario.net\/wp\/buonoasapersi\/al-san-gerardo-di-monza-manicure-gratuito-per-le-pazienti-in-attesa-di-chemioterapia\/","url":"https:\/\/www.ilnotiziario.net\/wp\/buonoasapersi\/al-san-gerardo-di-monza-manicure-gratuito-per-le-pazienti-in-attesa-di-chemioterapia\/","name":"Al San Gerardo di Monza, manicure gratuito per le pazienti in attesa di chemioterapia - Il Notiziario","isPartOf":{"@id":"https:\/\/www.ilnotiziario.net\/wp\/#website"},"primaryImageOfPage":{"@id":"https:\/\/www.ilnotiziario.net\/wp\/buonoasapersi\/al-san-gerardo-di-monza-manicure-gratuito-per-le-pazienti-in-attesa-di-chemioterapia\/#primaryimage"},"image":{"@id":"https:\/\/www.ilnotiziario.net\/wp\/buonoasapersi\/al-san-gerardo-di-monza-manicure-gratuito-per-le-pazienti-in-attesa-di-chemioterapia\/#primaryimage"},"thumbnailUrl":"https:\/\/www.ilnotiziario.net\/wp\/wp-content\/uploads\/2026\/03\/Manicure1.jpg","datePublished":"2026-03-10T08:55:22+00:00","description":"Una pausa di colore e cura nel pieno delle terapie oncologiche. Al Centro Ricerca Fase 1 della Fondazione IRCCS San Gerardo nasce \u201cMani in Cura\u201d, un","breadcrumb":{"@id":"https:\/\/www.ilnotiziario.net\/wp\/buonoasapersi\/al-san-gerardo-di-monza-manicure-gratuito-per-le-pazienti-in-attesa-di-chemioterapia\/#breadcrumb"},"inLanguage":"it-IT","potentialAction":[{"@type":"ReadAction","target":["https:\/\/www.ilnotiziario.net\/wp\/buonoasapersi\/al-san-gerardo-di-monza-manicure-gratuito-per-le-pazienti-in-attesa-di-chemioterapia\/"]}]},{"@type":"ImageObject","inLanguage":"it-IT","@id":"https:\/\/www.ilnotiziario.net\/wp\/buonoasapersi\/al-san-gerardo-di-monza-manicure-gratuito-per-le-pazienti-in-attesa-di-chemioterapia\/#primaryimage","url":"https:\/\/www.ilnotiziario.net\/wp\/wp-content\/uploads\/2026\/03\/Manicure1.jpg","contentUrl":"https:\/\/www.ilnotiziario.net\/wp\/wp-content\/uploads\/2026\/03\/Manicure1.jpg","width":1200,"height":900,"caption":"Manicure San Gerardo Monza"},{"@type":"BreadcrumbList","@id":"https:\/\/www.ilnotiziario.net\/wp\/buonoasapersi\/al-san-gerardo-di-monza-manicure-gratuito-per-le-pazienti-in-attesa-di-chemioterapia\/#breadcrumb","itemListElement":[{"@type":"ListItem","position":1,"name":"tds_text_logo_tagline_colortds_text_logo_tagline_colortds_text_logo_tagline_colortds_text_logo_tagline_colortd_module_7_title_excerpttd_module_7_title_excerpttd_module_7_title_excerpttd_module_7_title_excerptHome","item":"https:\/\/www.ilnotiziario.net\/wp\/"},{"@type":"ListItem","position":2,"name":"Al San Gerardo di Monza, manicure gratuito per le pazienti in attesa di chemioterapia"}]},{"@type":"WebSite","@id":"https:\/\/www.ilnotiziario.net\/wp\/#website","url":"https:\/\/www.ilnotiziario.net\/wp\/","name":"Il Notiziario","description":"Per restare sempre connessi alla notizia","publisher":{"@id":"https:\/\/www.ilnotiziario.net\/wp\/#organization"},"alternateName":"Il Notiziario Bollate","potentialAction":[{"@type":"SearchAction","target":{"@type":"EntryPoint","urlTemplate":"https:\/\/www.ilnotiziario.net\/wp\/?s={search_term_string}"},"query-input":{"@type":"PropertyValueSpecification","valueRequired":true,"valueName":"search_term_string"}}],"inLanguage":"it-IT"},{"@type":"Organization","@id":"https:\/\/www.ilnotiziario.net\/wp\/#organization","name":"Il Notiziario","url":"https:\/\/www.ilnotiziario.net\/wp\/","logo":{"@type":"ImageObject","inLanguage":"it-IT","@id":"https:\/\/www.ilnotiziario.net\/wp\/#\/schema\/logo\/image\/","url":"https:\/\/www.ilnotiziario.net\/wp\/wp-content\/uploads\/2022\/06\/170x170ilN.png","contentUrl":"https:\/\/www.ilnotiziario.net\/wp\/wp-content\/uploads\/2022\/06\/170x170ilN.png","width":355,"height":355,"caption":"Il Notiziario"},"image":{"@id":"https:\/\/www.ilnotiziario.net\/wp\/#\/schema\/logo\/image\/"},"sameAs":["https:\/\/www.facebook.com\/ilnotiziarioind\/","https:\/\/x.com\/ilNotiziarioInd","https:\/\/www.instagram.com\/ilnotiziario_settimanale\/"]},{"@type":"Person","@id":"https:\/\/www.ilnotiziario.net\/wp\/#\/schema\/person\/386e222908f898bb41c033989482bbf2","name":"Gabriele Bassani","image":{"@type":"ImageObject","inLanguage":"it-IT","@id":"https:\/\/secure.gravatar.com\/avatar\/09274f4a84fa97698bde56f84b3afed61c8492d48b0550db9671b68c177479cb?s=96&d=mm&r=g","url":"https:\/\/secure.gravatar.com\/avatar\/09274f4a84fa97698bde56f84b3afed61c8492d48b0550db9671b68c177479cb?s=96&d=mm&r=g","contentUrl":"https:\/\/secure.gravatar.com\/avatar\/09274f4a84fa97698bde56f84b3afed61c8492d48b0550db9671b68c177479cb?s=96&d=mm&r=g","caption":"Gabriele Bassani"},"sameAs":["http:\/\/www.ilnotiziario.net"]}]}},"_links":{"self":[{"href":"https:\/\/www.ilnotiziario.net\/wp\/wp-json\/wp\/v2\/posts\/229916","targetHints":{"allow":["GET"]}}],"collection":[{"href":"https:\/\/www.ilnotiziario.net\/wp\/wp-json\/wp\/v2\/posts"}],"about":[{"href":"https:\/\/www.ilnotiziario.net\/wp\/wp-json\/wp\/v2\/types\/post"}],"author":[{"embeddable":true,"href":"https:\/\/www.ilnotiziario.net\/wp\/wp-json\/wp\/v2\/users\/3"}],"replies":[{"embeddable":true,"href":"https:\/\/www.ilnotiziario.net\/wp\/wp-json\/wp\/v2\/comments?post=229916"}],"version-history":[{"count":1,"href":"https:\/\/www.ilnotiziario.net\/wp\/wp-json\/wp\/v2\/posts\/229916\/revisions"}],"predecessor-version":[{"id":229921,"href":"https:\/\/www.ilnotiziario.net\/wp\/wp-json\/wp\/v2\/posts\/229916\/revisions\/229921"}],"wp:featuredmedia":[{"embeddable":true,"href":"https:\/\/www.ilnotiziario.net\/wp\/wp-json\/wp\/v2\/media\/229920"}],"wp:attachment":[{"href":"https:\/\/www.ilnotiziario.net\/wp\/wp-json\/wp\/v2\/media?parent=229916"}],"wp:term":[{"taxonomy":"category","embeddable":true,"href":"https:\/\/www.ilnotiziario.net\/wp\/wp-json\/wp\/v2\/categories?post=229916"},{"taxonomy":"post_tag","embeddable":true,"href":"https:\/\/www.ilnotiziario.net\/wp\/wp-json\/wp\/v2\/tags?post=229916"}],"curies":[{"name":"wp","href":"https:\/\/api.w.org\/{rel}","templated":true}]}}