{"id":23014,"date":"2018-02-09T15:02:35","date_gmt":"2018-02-09T14:02:35","guid":{"rendered":"http:\/\/www.ilnotiziario.net\/?p=23014"},"modified":"2018-02-09T15:02:35","modified_gmt":"2018-02-09T14:02:35","slug":"informazione-qualita-facebook-tu-puoi-aiutarci","status":"publish","type":"post","link":"https:\/\/www.ilnotiziario.net\/wp\/appuntamenti-della-settimana\/informazione-qualita-facebook-tu-puoi-aiutarci\/","title":{"rendered":"Informazione di qualit\u00e0 su Facebook, tu puoi aiutarci"},"content":{"rendered":"<p><img fetchpriority=\"high\" decoding=\"async\" class=\"aligncenter size-medium wp-image-23016\" src=\"http:\/\/www.ilnotiziario.net\/wp\/wp-content\/uploads\/2018\/02\/NotificheFaceBook-300x210.jpg\" alt=\"notifiche facebook\" width=\"300\" height=\"210\" srcset=\"https:\/\/www.ilnotiziario.net\/wp\/wp-content\/uploads\/2018\/02\/NotificheFaceBook-300x210.jpg 300w, https:\/\/www.ilnotiziario.net\/wp\/wp-content\/uploads\/2018\/02\/NotificheFaceBook-100x70.jpg 100w, https:\/\/www.ilnotiziario.net\/wp\/wp-content\/uploads\/2018\/02\/NotificheFaceBook-560x393.jpg 560w, https:\/\/www.ilnotiziario.net\/wp\/wp-content\/uploads\/2018\/02\/NotificheFaceBook.jpg 750w\" sizes=\"(max-width: 300px) 100vw, 300px\" \/>Ciao, se leggi questo comunicato \u00e8 perch\u00e9 hai mostrato interesse verso i contenuti nella pagina ufficiale de \u201cil notiziario\u201d, settimanale locale del Nord Milano, che aggiorna costantemente i propri contenuti anche online.<\/p><div id=\"ilnot-3801902872\" class=\"ilnot-contenuto ilnot-entity-placement\"><p><!-- incontent_1 --><\/p>\n<div class=\"gptslot\" data-adunitid=\"1\"><\/div>\n<\/div>\n<p>Avrai saputo che Facebook ha modificato il suo algoritmo, favorendo i post degli amici nel \u201cnews feed\u201d (l\u2019elenco dei posti che scorri quando accedi). Da questa nuova organizzazione a rimetterci sono, soprattutto, i contenuti pubblicati dalle Pagine, quindi anche della nostra.<br \/>\nPer contro, si rischia di privilegiare contenuti non verificati, privi di autorevolezza.<\/p>\n<p>Il rischio concreto \u00e8 quello di aumentare la diffusione delle cosiddette \u201cfake news\u201d (notizie false) che a lungo andare fanno male a tutti, perch\u00e9 diffondono un\u2019informazione distorta sulla quale poi si generano convinzioni sbagliate.<\/p><div id=\"ilnot-3066711459\" class=\"ilnot-contenuto_2 ilnot-entity-placement\"><div class=\"ads-wrapper\">\n<div class=\"ad-slot\">\n   <div id=\"ilnot-617054547\" style=\"margin-right: auto;margin-left: auto;text-align: center;width: 320px;height: 100px;\"><a href=\"https:\/\/www.scuolasicurezza.it\/\"><img decoding=\"async\" src=\"https:\/\/www.ilnotiziario.net\/wp\/wp-content\/uploads\/2026\/04\/IlNotiziario_banner-sito-e-newsletter-320-x-100-px-1.gif\" alt=\"\"><\/a><\/div>\n  <\/div>\n<div class=\"ad-slot\">\n   <div id=\"ilnot-2970033634\" style=\"margin-right: auto;margin-left: auto;text-align: center;width: 320px;height: 100px;\"><a href=\"https:\/\/purodesignarredamenti.com\/\"><img decoding=\"async\" src=\"https:\/\/www.ilnotiziario.net\/wp\/wp-content\/uploads\/2026\/04\/banner-puro-ok.gif\" alt=\"whatsapp\"><\/a><\/div><\/p><\/div>\n<\/div>\n<\/div>\n<p>Per continuare a visualizzare i post della pagina de <strong>il notiziario<\/strong> nel tuo news feed, ti invitiamo a cambiare le tue impostazioni di notifica, andando sull\u2019icona \u201cSegui\u201d (posizionata sotto la nostra immagine di copertina) e scegliendo l\u2019opzione \u201cMostra per primi\u201d.<\/p>\n<p>Le pagine che pubblicano post a cui le persone generalmente non reagiscono potrebbero assistere a una maggiore riduzione della distribuzione.<\/p>\n<p>Al contrario i contenuti che generano pi\u00f9 \u201cengagement\u201d, tra i propri contatti, saranno premiati.<br \/>\nPer questo \u00e8 importante condividere i nostri contenuti, commentarli, mettere anche solo una reazione.<\/p><div id=\"ilnot-1066915591\" class=\"ilnot-contenuto_2-2 ilnot-entity-placement\"><div class=\"gptslot\" data-adunitid=\"2\"><\/div>\n<\/div>\n<p>Da parte nostra garantiamo il massimo impegno a fornire un\u2019informazione che riguarda il nostro territorio corretta, verificata, autorevole perch\u00e9 realizzata da giornalisti veri, che conoscono il territorio, si relazionano con le persone.<br \/>\nI contenuti completi di questo nostro lavoro quotidiano sono sulle edizioni del nostro giornale, acquistabile in versione cartacea in 200 punti vendita a nord di Milano, o <a href=\"http:\/\/www.edicola.ilnotiziario.net\">digitale cliccando qui.<\/a><\/p>\n<p>Grazie per l\u2019attenzione.<\/p>\n","protected":false},"excerpt":{"rendered":"<p>Ciao, se leggi questo comunicato \u00e8 perch\u00e9 hai mostrato interesse verso i contenuti nella pagina ufficiale de \u201cil notiziario\u201d, settimanale locale del Nord Milano, che aggiorna costantemente i propri contenuti anche online. Avrai saputo che Facebook ha modificato il suo algoritmo, favorendo i post degli amici nel \u201cnews feed\u201d (l\u2019elenco dei posti che scorri quando<\/p>\n","protected":false},"author":3,"featured_media":23016,"comment_status":"closed","ping_status":"closed","sticky":false,"template":"","format":"standard","meta":{"footnotes":""},"categories":[277,3464],"tags":[171,4715,3093,4714,3788],"class_list":{"0":"post-23014","1":"post","2":"type-post","3":"status-publish","4":"format-standard","5":"has-post-thumbnail","7":"category-appuntamenti-della-settimana","8":"category-lombardia","9":"tag-facebook","10":"tag-impostazioni","11":"tag-informazione","12":"tag-modifiche","13":"tag-notizie"},"yoast_head":"<!-- This site is optimized with the Yoast SEO plugin v27.4 - https:\/\/yoast.com\/product\/yoast-seo-wordpress\/ -->\n<title>Informazione di qualit\u00e0 su Facebook, tu puoi aiutarci - Il Notiziario<\/title>\n<meta name=\"description\" content=\"Ciao, se leggi questo comunicato \u00e8 perch\u00e9 hai mostrato interesse verso i contenuti nella pagina ufficiale de \u201cil notiziario\u201d, settimanale locale del Nord\" \/>\n<meta name=\"robots\" content=\"index, follow, max-snippet:-1, max-image-preview:large, max-video-preview:-1\" \/>\n<link rel=\"canonical\" href=\"https:\/\/www.ilnotiziario.net\/wp\/appuntamenti-della-settimana\/informazione-qualita-facebook-tu-puoi-aiutarci\/\" \/>\n<meta property=\"og:locale\" content=\"it_IT\" \/>\n<meta property=\"og:type\" content=\"article\" \/>\n<meta property=\"og:title\" content=\"Informazione di qualit\u00e0 su Facebook, tu puoi aiutarci - Il Notiziario\" \/>\n<meta property=\"og:description\" content=\"Ciao, se leggi questo comunicato \u00e8 perch\u00e9 hai mostrato interesse verso i contenuti nella pagina ufficiale de \u201cil notiziario\u201d, settimanale locale del Nord\" \/>\n<meta property=\"og:url\" content=\"https:\/\/www.ilnotiziario.net\/wp\/appuntamenti-della-settimana\/informazione-qualita-facebook-tu-puoi-aiutarci\/\" \/>\n<meta property=\"og:site_name\" content=\"Il Notiziario\" \/>\n<meta property=\"article:publisher\" content=\"https:\/\/www.facebook.com\/ilnotiziarioind\/\" \/>\n<meta property=\"article:published_time\" content=\"2018-02-09T14:02:35+00:00\" \/>\n<meta property=\"og:image\" content=\"https:\/\/www.ilnotiziario.net\/wp\/wp-content\/uploads\/2018\/02\/NotificheFaceBook.jpg\" \/>\n\t<meta property=\"og:image:width\" content=\"750\" \/>\n\t<meta property=\"og:image:height\" content=\"526\" \/>\n\t<meta property=\"og:image:type\" content=\"image\/jpeg\" \/>\n<meta name=\"author\" content=\"Gabriele Bassani\" \/>\n<meta name=\"twitter:card\" content=\"summary_large_image\" \/>\n<meta name=\"twitter:creator\" content=\"@ilNotiziarioInd\" \/>\n<meta name=\"twitter:site\" content=\"@ilNotiziarioInd\" \/>\n<meta name=\"twitter:label1\" content=\"Scritto da\" \/>\n\t<meta name=\"twitter:data1\" content=\"Gabriele Bassani\" \/>\n\t<meta name=\"twitter:label2\" content=\"Tempo di lettura stimato\" \/>\n\t<meta name=\"twitter:data2\" content=\"1 minuto\" \/>\n<script type=\"application\/ld+json\" class=\"yoast-schema-graph\">{\"@context\":\"https:\\\/\\\/schema.org\",\"@graph\":[{\"@type\":\"Article\",\"@id\":\"https:\\\/\\\/www.ilnotiziario.net\\\/wp\\\/appuntamenti-della-settimana\\\/informazione-qualita-facebook-tu-puoi-aiutarci\\\/#article\",\"isPartOf\":{\"@id\":\"https:\\\/\\\/www.ilnotiziario.net\\\/wp\\\/appuntamenti-della-settimana\\\/informazione-qualita-facebook-tu-puoi-aiutarci\\\/\"},\"author\":{\"name\":\"Gabriele Bassani\",\"@id\":\"https:\\\/\\\/www.ilnotiziario.net\\\/wp\\\/#\\\/schema\\\/person\\\/386e222908f898bb41c033989482bbf2\"},\"headline\":\"Informazione di qualit\u00e0 su Facebook, tu puoi aiutarci\",\"datePublished\":\"2018-02-09T14:02:35+00:00\",\"mainEntityOfPage\":{\"@id\":\"https:\\\/\\\/www.ilnotiziario.net\\\/wp\\\/appuntamenti-della-settimana\\\/informazione-qualita-facebook-tu-puoi-aiutarci\\\/\"},\"wordCount\":282,\"publisher\":{\"@id\":\"https:\\\/\\\/www.ilnotiziario.net\\\/wp\\\/#organization\"},\"image\":{\"@id\":\"https:\\\/\\\/www.ilnotiziario.net\\\/wp\\\/appuntamenti-della-settimana\\\/informazione-qualita-facebook-tu-puoi-aiutarci\\\/#primaryimage\"},\"thumbnailUrl\":\"https:\\\/\\\/www.ilnotiziario.net\\\/wp\\\/wp-content\\\/uploads\\\/2018\\\/02\\\/NotificheFaceBook.jpg\",\"keywords\":[\"facebook\",\"impostazioni\",\"informazione\",\"modifiche\",\"notizie\"],\"articleSection\":[\"APPUNTAMENTI\",\"CRONACA\"],\"inLanguage\":\"it-IT\"},{\"@type\":\"WebPage\",\"@id\":\"https:\\\/\\\/www.ilnotiziario.net\\\/wp\\\/appuntamenti-della-settimana\\\/informazione-qualita-facebook-tu-puoi-aiutarci\\\/\",\"url\":\"https:\\\/\\\/www.ilnotiziario.net\\\/wp\\\/appuntamenti-della-settimana\\\/informazione-qualita-facebook-tu-puoi-aiutarci\\\/\",\"name\":\"Informazione di qualit\u00e0 su Facebook, tu puoi aiutarci - Il Notiziario\",\"isPartOf\":{\"@id\":\"https:\\\/\\\/www.ilnotiziario.net\\\/wp\\\/#website\"},\"primaryImageOfPage\":{\"@id\":\"https:\\\/\\\/www.ilnotiziario.net\\\/wp\\\/appuntamenti-della-settimana\\\/informazione-qualita-facebook-tu-puoi-aiutarci\\\/#primaryimage\"},\"image\":{\"@id\":\"https:\\\/\\\/www.ilnotiziario.net\\\/wp\\\/appuntamenti-della-settimana\\\/informazione-qualita-facebook-tu-puoi-aiutarci\\\/#primaryimage\"},\"thumbnailUrl\":\"https:\\\/\\\/www.ilnotiziario.net\\\/wp\\\/wp-content\\\/uploads\\\/2018\\\/02\\\/NotificheFaceBook.jpg\",\"datePublished\":\"2018-02-09T14:02:35+00:00\",\"description\":\"Ciao, se leggi questo comunicato \u00e8 perch\u00e9 hai mostrato interesse verso i contenuti nella pagina ufficiale de \u201cil notiziario\u201d, settimanale locale del Nord\",\"breadcrumb\":{\"@id\":\"https:\\\/\\\/www.ilnotiziario.net\\\/wp\\\/appuntamenti-della-settimana\\\/informazione-qualita-facebook-tu-puoi-aiutarci\\\/#breadcrumb\"},\"inLanguage\":\"it-IT\",\"potentialAction\":[{\"@type\":\"ReadAction\",\"target\":[\"https:\\\/\\\/www.ilnotiziario.net\\\/wp\\\/appuntamenti-della-settimana\\\/informazione-qualita-facebook-tu-puoi-aiutarci\\\/\"]}]},{\"@type\":\"ImageObject\",\"inLanguage\":\"it-IT\",\"@id\":\"https:\\\/\\\/www.ilnotiziario.net\\\/wp\\\/appuntamenti-della-settimana\\\/informazione-qualita-facebook-tu-puoi-aiutarci\\\/#primaryimage\",\"url\":\"https:\\\/\\\/www.ilnotiziario.net\\\/wp\\\/wp-content\\\/uploads\\\/2018\\\/02\\\/NotificheFaceBook.jpg\",\"contentUrl\":\"https:\\\/\\\/www.ilnotiziario.net\\\/wp\\\/wp-content\\\/uploads\\\/2018\\\/02\\\/NotificheFaceBook.jpg\",\"width\":750,\"height\":526,\"caption\":\"notifiche facebook\"},{\"@type\":\"BreadcrumbList\",\"@id\":\"https:\\\/\\\/www.ilnotiziario.net\\\/wp\\\/appuntamenti-della-settimana\\\/informazione-qualita-facebook-tu-puoi-aiutarci\\\/#breadcrumb\",\"itemListElement\":[{\"@type\":\"ListItem\",\"position\":1,\"name\":\"tds_text_logo_tagline_colortds_text_logo_tagline_colortds_text_logo_tagline_colortds_text_logo_tagline_colortd_module_7_title_excerpttd_module_7_title_excerpttd_module_7_title_excerpttd_module_7_title_excerptHome\",\"item\":\"https:\\\/\\\/www.ilnotiziario.net\\\/wp\\\/\"},{\"@type\":\"ListItem\",\"position\":2,\"name\":\"Informazione di qualit\u00e0 su Facebook, tu puoi aiutarci\"}]},{\"@type\":\"WebSite\",\"@id\":\"https:\\\/\\\/www.ilnotiziario.net\\\/wp\\\/#website\",\"url\":\"https:\\\/\\\/www.ilnotiziario.net\\\/wp\\\/\",\"name\":\"Il Notiziario\",\"description\":\"Per restare sempre connessi alla notizia\",\"publisher\":{\"@id\":\"https:\\\/\\\/www.ilnotiziario.net\\\/wp\\\/#organization\"},\"alternateName\":\"Il Notiziario Bollate\",\"potentialAction\":[{\"@type\":\"SearchAction\",\"target\":{\"@type\":\"EntryPoint\",\"urlTemplate\":\"https:\\\/\\\/www.ilnotiziario.net\\\/wp\\\/?s={search_term_string}\"},\"query-input\":{\"@type\":\"PropertyValueSpecification\",\"valueRequired\":true,\"valueName\":\"search_term_string\"}}],\"inLanguage\":\"it-IT\"},{\"@type\":\"Organization\",\"@id\":\"https:\\\/\\\/www.ilnotiziario.net\\\/wp\\\/#organization\",\"name\":\"Il Notiziario\",\"url\":\"https:\\\/\\\/www.ilnotiziario.net\\\/wp\\\/\",\"logo\":{\"@type\":\"ImageObject\",\"inLanguage\":\"it-IT\",\"@id\":\"https:\\\/\\\/www.ilnotiziario.net\\\/wp\\\/#\\\/schema\\\/logo\\\/image\\\/\",\"url\":\"https:\\\/\\\/www.ilnotiziario.net\\\/wp\\\/wp-content\\\/uploads\\\/2022\\\/06\\\/170x170ilN.png\",\"contentUrl\":\"https:\\\/\\\/www.ilnotiziario.net\\\/wp\\\/wp-content\\\/uploads\\\/2022\\\/06\\\/170x170ilN.png\",\"width\":355,\"height\":355,\"caption\":\"Il Notiziario\"},\"image\":{\"@id\":\"https:\\\/\\\/www.ilnotiziario.net\\\/wp\\\/#\\\/schema\\\/logo\\\/image\\\/\"},\"sameAs\":[\"https:\\\/\\\/www.facebook.com\\\/ilnotiziarioind\\\/\",\"https:\\\/\\\/x.com\\\/ilNotiziarioInd\",\"https:\\\/\\\/www.instagram.com\\\/ilnotiziario_settimanale\\\/\"]},{\"@type\":\"Person\",\"@id\":\"https:\\\/\\\/www.ilnotiziario.net\\\/wp\\\/#\\\/schema\\\/person\\\/386e222908f898bb41c033989482bbf2\",\"name\":\"Gabriele Bassani\",\"image\":{\"@type\":\"ImageObject\",\"inLanguage\":\"it-IT\",\"@id\":\"https:\\\/\\\/secure.gravatar.com\\\/avatar\\\/09274f4a84fa97698bde56f84b3afed61c8492d48b0550db9671b68c177479cb?s=96&d=mm&r=g\",\"url\":\"https:\\\/\\\/secure.gravatar.com\\\/avatar\\\/09274f4a84fa97698bde56f84b3afed61c8492d48b0550db9671b68c177479cb?s=96&d=mm&r=g\",\"contentUrl\":\"https:\\\/\\\/secure.gravatar.com\\\/avatar\\\/09274f4a84fa97698bde56f84b3afed61c8492d48b0550db9671b68c177479cb?s=96&d=mm&r=g\",\"caption\":\"Gabriele Bassani\"},\"sameAs\":[\"http:\\\/\\\/www.ilnotiziario.net\"]}]}<\/script>\n<!-- \/ Yoast SEO plugin. -->","yoast_head_json":{"title":"Informazione di qualit\u00e0 su Facebook, tu puoi aiutarci - Il Notiziario","description":"Ciao, se leggi questo comunicato \u00e8 perch\u00e9 hai mostrato interesse verso i contenuti nella pagina ufficiale de \u201cil notiziario\u201d, settimanale locale del Nord","robots":{"index":"index","follow":"follow","max-snippet":"max-snippet:-1","max-image-preview":"max-image-preview:large","max-video-preview":"max-video-preview:-1"},"canonical":"https:\/\/www.ilnotiziario.net\/wp\/appuntamenti-della-settimana\/informazione-qualita-facebook-tu-puoi-aiutarci\/","og_locale":"it_IT","og_type":"article","og_title":"Informazione di qualit\u00e0 su Facebook, tu puoi aiutarci - Il Notiziario","og_description":"Ciao, se leggi questo comunicato \u00e8 perch\u00e9 hai mostrato interesse verso i contenuti nella pagina ufficiale de \u201cil notiziario\u201d, settimanale locale del Nord","og_url":"https:\/\/www.ilnotiziario.net\/wp\/appuntamenti-della-settimana\/informazione-qualita-facebook-tu-puoi-aiutarci\/","og_site_name":"Il Notiziario","article_publisher":"https:\/\/www.facebook.com\/ilnotiziarioind\/","article_published_time":"2018-02-09T14:02:35+00:00","og_image":[{"width":750,"height":526,"url":"https:\/\/www.ilnotiziario.net\/wp\/wp-content\/uploads\/2018\/02\/NotificheFaceBook.jpg","type":"image\/jpeg"}],"author":"Gabriele Bassani","twitter_card":"summary_large_image","twitter_creator":"@ilNotiziarioInd","twitter_site":"@ilNotiziarioInd","twitter_misc":{"Scritto da":"Gabriele Bassani","Tempo di lettura stimato":"1 minuto"},"schema":{"@context":"https:\/\/schema.org","@graph":[{"@type":"Article","@id":"https:\/\/www.ilnotiziario.net\/wp\/appuntamenti-della-settimana\/informazione-qualita-facebook-tu-puoi-aiutarci\/#article","isPartOf":{"@id":"https:\/\/www.ilnotiziario.net\/wp\/appuntamenti-della-settimana\/informazione-qualita-facebook-tu-puoi-aiutarci\/"},"author":{"name":"Gabriele Bassani","@id":"https:\/\/www.ilnotiziario.net\/wp\/#\/schema\/person\/386e222908f898bb41c033989482bbf2"},"headline":"Informazione di qualit\u00e0 su Facebook, tu puoi aiutarci","datePublished":"2018-02-09T14:02:35+00:00","mainEntityOfPage":{"@id":"https:\/\/www.ilnotiziario.net\/wp\/appuntamenti-della-settimana\/informazione-qualita-facebook-tu-puoi-aiutarci\/"},"wordCount":282,"publisher":{"@id":"https:\/\/www.ilnotiziario.net\/wp\/#organization"},"image":{"@id":"https:\/\/www.ilnotiziario.net\/wp\/appuntamenti-della-settimana\/informazione-qualita-facebook-tu-puoi-aiutarci\/#primaryimage"},"thumbnailUrl":"https:\/\/www.ilnotiziario.net\/wp\/wp-content\/uploads\/2018\/02\/NotificheFaceBook.jpg","keywords":["facebook","impostazioni","informazione","modifiche","notizie"],"articleSection":["APPUNTAMENTI","CRONACA"],"inLanguage":"it-IT"},{"@type":"WebPage","@id":"https:\/\/www.ilnotiziario.net\/wp\/appuntamenti-della-settimana\/informazione-qualita-facebook-tu-puoi-aiutarci\/","url":"https:\/\/www.ilnotiziario.net\/wp\/appuntamenti-della-settimana\/informazione-qualita-facebook-tu-puoi-aiutarci\/","name":"Informazione di qualit\u00e0 su Facebook, tu puoi aiutarci - Il Notiziario","isPartOf":{"@id":"https:\/\/www.ilnotiziario.net\/wp\/#website"},"primaryImageOfPage":{"@id":"https:\/\/www.ilnotiziario.net\/wp\/appuntamenti-della-settimana\/informazione-qualita-facebook-tu-puoi-aiutarci\/#primaryimage"},"image":{"@id":"https:\/\/www.ilnotiziario.net\/wp\/appuntamenti-della-settimana\/informazione-qualita-facebook-tu-puoi-aiutarci\/#primaryimage"},"thumbnailUrl":"https:\/\/www.ilnotiziario.net\/wp\/wp-content\/uploads\/2018\/02\/NotificheFaceBook.jpg","datePublished":"2018-02-09T14:02:35+00:00","description":"Ciao, se leggi questo comunicato \u00e8 perch\u00e9 hai mostrato interesse verso i contenuti nella pagina ufficiale de \u201cil notiziario\u201d, settimanale locale del Nord","breadcrumb":{"@id":"https:\/\/www.ilnotiziario.net\/wp\/appuntamenti-della-settimana\/informazione-qualita-facebook-tu-puoi-aiutarci\/#breadcrumb"},"inLanguage":"it-IT","potentialAction":[{"@type":"ReadAction","target":["https:\/\/www.ilnotiziario.net\/wp\/appuntamenti-della-settimana\/informazione-qualita-facebook-tu-puoi-aiutarci\/"]}]},{"@type":"ImageObject","inLanguage":"it-IT","@id":"https:\/\/www.ilnotiziario.net\/wp\/appuntamenti-della-settimana\/informazione-qualita-facebook-tu-puoi-aiutarci\/#primaryimage","url":"https:\/\/www.ilnotiziario.net\/wp\/wp-content\/uploads\/2018\/02\/NotificheFaceBook.jpg","contentUrl":"https:\/\/www.ilnotiziario.net\/wp\/wp-content\/uploads\/2018\/02\/NotificheFaceBook.jpg","width":750,"height":526,"caption":"notifiche facebook"},{"@type":"BreadcrumbList","@id":"https:\/\/www.ilnotiziario.net\/wp\/appuntamenti-della-settimana\/informazione-qualita-facebook-tu-puoi-aiutarci\/#breadcrumb","itemListElement":[{"@type":"ListItem","position":1,"name":"tds_text_logo_tagline_colortds_text_logo_tagline_colortds_text_logo_tagline_colortds_text_logo_tagline_colortd_module_7_title_excerpttd_module_7_title_excerpttd_module_7_title_excerpttd_module_7_title_excerptHome","item":"https:\/\/www.ilnotiziario.net\/wp\/"},{"@type":"ListItem","position":2,"name":"Informazione di qualit\u00e0 su Facebook, tu puoi aiutarci"}]},{"@type":"WebSite","@id":"https:\/\/www.ilnotiziario.net\/wp\/#website","url":"https:\/\/www.ilnotiziario.net\/wp\/","name":"Il Notiziario","description":"Per restare sempre connessi alla notizia","publisher":{"@id":"https:\/\/www.ilnotiziario.net\/wp\/#organization"},"alternateName":"Il Notiziario Bollate","potentialAction":[{"@type":"SearchAction","target":{"@type":"EntryPoint","urlTemplate":"https:\/\/www.ilnotiziario.net\/wp\/?s={search_term_string}"},"query-input":{"@type":"PropertyValueSpecification","valueRequired":true,"valueName":"search_term_string"}}],"inLanguage":"it-IT"},{"@type":"Organization","@id":"https:\/\/www.ilnotiziario.net\/wp\/#organization","name":"Il Notiziario","url":"https:\/\/www.ilnotiziario.net\/wp\/","logo":{"@type":"ImageObject","inLanguage":"it-IT","@id":"https:\/\/www.ilnotiziario.net\/wp\/#\/schema\/logo\/image\/","url":"https:\/\/www.ilnotiziario.net\/wp\/wp-content\/uploads\/2022\/06\/170x170ilN.png","contentUrl":"https:\/\/www.ilnotiziario.net\/wp\/wp-content\/uploads\/2022\/06\/170x170ilN.png","width":355,"height":355,"caption":"Il Notiziario"},"image":{"@id":"https:\/\/www.ilnotiziario.net\/wp\/#\/schema\/logo\/image\/"},"sameAs":["https:\/\/www.facebook.com\/ilnotiziarioind\/","https:\/\/x.com\/ilNotiziarioInd","https:\/\/www.instagram.com\/ilnotiziario_settimanale\/"]},{"@type":"Person","@id":"https:\/\/www.ilnotiziario.net\/wp\/#\/schema\/person\/386e222908f898bb41c033989482bbf2","name":"Gabriele Bassani","image":{"@type":"ImageObject","inLanguage":"it-IT","@id":"https:\/\/secure.gravatar.com\/avatar\/09274f4a84fa97698bde56f84b3afed61c8492d48b0550db9671b68c177479cb?s=96&d=mm&r=g","url":"https:\/\/secure.gravatar.com\/avatar\/09274f4a84fa97698bde56f84b3afed61c8492d48b0550db9671b68c177479cb?s=96&d=mm&r=g","contentUrl":"https:\/\/secure.gravatar.com\/avatar\/09274f4a84fa97698bde56f84b3afed61c8492d48b0550db9671b68c177479cb?s=96&d=mm&r=g","caption":"Gabriele Bassani"},"sameAs":["http:\/\/www.ilnotiziario.net"]}]}},"_links":{"self":[{"href":"https:\/\/www.ilnotiziario.net\/wp\/wp-json\/wp\/v2\/posts\/23014","targetHints":{"allow":["GET"]}}],"collection":[{"href":"https:\/\/www.ilnotiziario.net\/wp\/wp-json\/wp\/v2\/posts"}],"about":[{"href":"https:\/\/www.ilnotiziario.net\/wp\/wp-json\/wp\/v2\/types\/post"}],"author":[{"embeddable":true,"href":"https:\/\/www.ilnotiziario.net\/wp\/wp-json\/wp\/v2\/users\/3"}],"replies":[{"embeddable":true,"href":"https:\/\/www.ilnotiziario.net\/wp\/wp-json\/wp\/v2\/comments?post=23014"}],"version-history":[{"count":0,"href":"https:\/\/www.ilnotiziario.net\/wp\/wp-json\/wp\/v2\/posts\/23014\/revisions"}],"wp:featuredmedia":[{"embeddable":true,"href":"https:\/\/www.ilnotiziario.net\/wp\/wp-json\/wp\/v2\/media\/23016"}],"wp:attachment":[{"href":"https:\/\/www.ilnotiziario.net\/wp\/wp-json\/wp\/v2\/media?parent=23014"}],"wp:term":[{"taxonomy":"category","embeddable":true,"href":"https:\/\/www.ilnotiziario.net\/wp\/wp-json\/wp\/v2\/categories?post=23014"},{"taxonomy":"post_tag","embeddable":true,"href":"https:\/\/www.ilnotiziario.net\/wp\/wp-json\/wp\/v2\/tags?post=23014"}],"curies":[{"name":"wp","href":"https:\/\/api.w.org\/{rel}","templated":true}]}}