{"id":230509,"date":"2026-03-13T14:17:34","date_gmt":"2026-03-13T13:17:34","guid":{"rendered":"https:\/\/www.ilnotiziario.net\/wp\/?p=230509"},"modified":"2026-03-13T14:17:34","modified_gmt":"2026-03-13T13:17:34","slug":"eventi-week-end-concerto-della-arturo-toscanini-a-bollate-e-incontro-francesco-e-giotto-a-garbagnate","status":"publish","type":"post","link":"https:\/\/www.ilnotiziario.net\/wp\/prima-pagina\/eventi-week-end-concerto-della-arturo-toscanini-a-bollate-e-incontro-francesco-e-giotto-a-garbagnate\/","title":{"rendered":"Eventi week-end: Concerto della &#8220;Arturo Toscanini&#8221; a Bollate e incontro \u201cFrancesco e Giotto\u201d a Garbagnate"},"content":{"rendered":"<p>Fine settimana, da venerd\u00ec 13 a domenica 15 marzo 2026 con appuntamenti per tutti i gusti: dal concerto a LaBolla di Bollate per il decimo anniversario della banda &#8220;Arturo Toscanini&#8221; all&#8217;incontro sulle figure di San Francesco e Giotto in Corte Valenti a Garbagnate. Inoltre, altre iniziative di approfondimento e di svago, con incontri, spettacoli e workshop. Ecco di seguito tutte le iniziative in zona:<\/p><div id=\"ilnot-674358755\" class=\"ilnot-contenuto ilnot-entity-placement\"><p><!-- incontent_1 --><\/p>\n<div class=\"gptslot\" data-adunitid=\"1\"><\/div>\n<\/div>\n<h2>ORIGGIO \u2013 Una serata sul referendum<\/h2>\n<p>Per approfondire il referendum del 22 e del 23 marzo, Origgio Democratica ha organizzato una serata pubblica sulle ragioni del no, per capire con chiarezza cosa cambi davvero con la riforma, quali siano le criticit\u00e0 e quali conseguenze possa avere nel concreto. L\u2019appuntamento \u00e8 per questo venerd\u00ec 13 marzo alle 21, nella sala comunale \u201cI Sindaci\u201d in via Manzoni 17.<\/p>\n<p>\u201cNon \u00e8 un tema per addetti ai lavori ma interessa ognuno di noi \u2013 precisano i democratici -. Riguarda l\u2019equilibrio fra poteri, l\u2019indipendenza della magistratura e, in definitiva, le garanzie per i cittadini\u201d. Interverr\u00e0 Andrea Prestinoni, avvocato penalista, che ha gi\u00e0 tenuto un incontro sul tema a Saronno, illustrando la riforma con un taglio pratico e comprensibile anche per chi non ha competenze giuridiche. Ci sar\u00e0 spazio per domande e confronto.<\/p><div id=\"ilnot-2732387498\" class=\"ilnot-contenuto_2 ilnot-entity-placement\"><div class=\"ads-wrapper\">\n<div class=\"ad-slot\">\n   <div id=\"ilnot-1598341752\" style=\"margin-right: auto;margin-left: auto;text-align: center;width: 320px;height: 100px;\"><a href=\"https:\/\/www.scuolasicurezza.it\/\"><img decoding=\"async\" src=\"https:\/\/www.ilnotiziario.net\/wp\/wp-content\/uploads\/2026\/04\/IlNotiziario_banner-sito-e-newsletter-320-x-100-px-1.gif\" alt=\"\"><\/a><\/div>\n  <\/div>\n<div class=\"ad-slot\">\n   <div id=\"ilnot-3121180075\" style=\"margin-right: auto;margin-left: auto;text-align: center;width: 320px;height: 100px;\"><a href=\"https:\/\/purodesignarredamenti.com\/\"><img decoding=\"async\" src=\"https:\/\/www.ilnotiziario.net\/wp\/wp-content\/uploads\/2026\/04\/banner-puro-ok.gif\" alt=\"whatsapp\"><\/a><\/div><\/p><\/div>\n<\/div>\n<\/div>\n<h2>ORIGGIO \u2013 Alla scoperta della Giordania e&#8230; di Pasolini<\/h2>\n<p>Questo fine settimana si terranno a Villa Borletti due eventi importanti: venerd\u00ec 13 marzo alle 21 la conferenza dell\u2019archeologo Antonio Dell\u2019Acqua sul sito archeologico di Jerash, in Giordania, \u201calla scoperta di un tesoro poco conosciuto\u201d. Domenica 15 marzo alle 17 il primo appuntamento collegato alla mostra \u201cPasolini \u2013 sacro periferico\u201d nel quale il professore Marzio Consani parler\u00e0 di Pasolini \u201cintellettuale scomodo\u201d.<\/p>\n<p>\u201cStasera avremo la fortuna di ospitare un archeologo dell\u2019Universit\u00e0 di Udine che conosce perfettamente Jerash e la sua storia, per avervi condotto una serie di scavi \u2013 sottolineano gli Amici di Villa Borletti &#8211; Il suo sar\u00e0 un intervento di grande interesse, che ci aiuter\u00e0 a conoscere questo patrimonio dell\u2019Umanit\u00e0\u201d.<\/p>\n<h3>ORIGGIO \u2013 Alla scoperta di Pasolini<\/h3>\n<p>Per quel che riguarda Pasolini, il professor Consani, docente d\u2019italiano del Liceo classico Legnani di Saronno, \u201cci accompagner\u00e0, attraverso una \u2018chiacchierata\u2019 informale, a scoprire o riscoprire la figura di Pasolini nel suo ruolo di intellettuale scomodo. Durante tutta la sua vita ha espresso il suo pensiero e le sue parole senza vincoli, sciolto da ideologie con le quali non si riconosceva pi\u00f9 e da ogni vincolo formale\u201d.<\/p><div id=\"ilnot-1730597704\" class=\"ilnot-contenuto_2-2 ilnot-entity-placement\"><div class=\"gptslot\" data-adunitid=\"2\"><\/div>\n<\/div>\n<p>Il professor Consani, studioso ed esperto delle opere e della filosofia pasoliniana, parler\u00e0 liberamente, sottolineando anche aspetti a suo parere non condivisibili. Riporter\u00e0 la figura di Pasolini alla sua umanit\u00e0 fatta, come per tutti, di grandi idee e alcuni errori.<\/p>\n<h2>BOLLATE \u2013 La &#8220;Arturo Toscanini&#8221; in concerto<\/h2>\n<p>In occasione del 10mo anniversario dalla costituzione della Banda Arturo Toscanini, si terr\u00e0 un prestigioso concerto nel pomeriggio di domenica 15 marzo alle ore 16, presso il teatro LaBolla. L\u2019Orchestra di Fiati \u201cArturo Toscanini\u201d salir\u00e0 sul palco per un concerto che si preannuncia ricco di emozioni e virtuosismi. A rendere l\u2019evento ancora pi\u00f9 speciale sar\u00e0 la presenza di un ospite d\u2019eccezione, il celebre trombettista Marco Pierobon, artista di fama internazionale, noto per la sua brillante carriera solistica e per le collaborazioni con importanti orchestre e istituzioni musicali.<\/p>\n<p>A dirigere l\u2019orchestra sar\u00e0 il maestro Pietro Cavallo, da anni guida dell\u2019orchestra e figura di riferimento per la crescita artistica del gruppo. Sotto la sua direzione, l\u2019Orchestra di Fiati \u201cArturo Toscanini\u201d ha gi\u00e0 saputo distinguersi per qualit\u00e0 esecutiva, coesione e attenzione al repertorio, spaziando tra trascrizioni sinfoniche, pagine originali per banda e brani contemporanei. L \u2019ingresso al concerto \u00e8 libero.<\/p><div id=\"ilnot-1895621866\" class=\"ilnot-contenuto_2-2-2 ilnot-entity-placement\"><div class=\"gptslot\" data-adunitid=\"3\"><\/div>\n<\/div>\n<h2>BOLLATE \u2013 Artisti in mostra<\/h2>\n<p>Sar\u00e0 inaugurata domani, sabato 14 marzo alle 16, la mostra di opere di alcuni famosi artisti bollatesi che hanno immortalato la vita locale del territorio di Bollate.<br \/>\nVerranno esposti in tutto sei dipinti o disegni, uno per ciascun artista, di Carlo Figini, Vitaliano Galimberti, Gianfranco Lamon, Paolo Fabbro, Giusy Minora e dello stesso Marcello Pavesi che ha ideato l&#8217;iniziativa. La mostra, nella sede del centro anziani Auser di via Garibaldi, sar\u00e0 visitabile liberamente sabato 14. Poi fino al 30 giugno su appuntamento, telefonando al n. 02-33301013.<\/p>\n<h2>BARANZATE \u2013 &#8220;Camminata in rosa&#8221; per le donne e per la pace<\/h2>\n<p>Sabato 14 marzo si svolger\u00e0 la &#8220;Camminata rosa&#8221; per la donna e per la pace. Ritrovo alle 9.30 in piazza Falcone, partenza alle 10. Alle 11 passaggio alla passerella di via Milano per l\u2019inaugurazione e alle 12 ritorno in piazza. La partecipazione \u00e8 libera.<\/p>\n<h2>NOVATE \u2013 Testimonianze dalla Palestina al Cinema Nuovo<\/h2>\n<p>Stasera, venerd\u00ec 13 marzo, alle 21 si terr\u00e0 \u201cLa pace e la bellezza\u201d, testimonianze dalla Palestina. Ci sar\u00e0 la proiezione del film \u201cOsama, in viaggio verso casa\u201d dell\u2019associazione Pro Terra Sancta e la testimonianza di Carla Benelli, responsabile dei progetti di conservazione del patrimonio culturale dell\u2019associazione Pro Terra Sancta. Una serata di ascolto e riflessione per tutta la comunit\u00e0. Ingresso libero.<\/p><div id=\"ilnot-852858838\" class=\"ilnot-contenuto_2-2-2-2 ilnot-entity-placement\"><div class=\"gptslot\" data-adunitid=\"4\"><\/div>\n<\/div>\n<h2>CUSANO MILANINO \u2013 \u201cPrevost per tri d\u00ec\u201d a teatro<\/h2>\n<p>Nuovo appuntamento con il teatro. Lo spettacolo, a cura della Comunit\u00e0 pastorale Madonna della Cintura e con il patrocinio dell\u2019assessorato alla Cultura, \u00e8 pronto ad andare in scena. La commedia, dal titolo \u201cPrevost per tri d\u00ec\u201d, \u00e8 in cartellone domenica 15 marzo alle 15.30 al Teatro Giovanni XXIII (viale Matteotti 57). L\u2019ingresso \u00e8 a pagamento (10 euro).<\/p>\n<h2>LIMBIATE \u2013 Serata speciale su San Francesco<\/h2>\n<p>In occasione degli 800 anni dalla morte di San Francesco il Comune di Limbiate, in collaborazione con la Comunit\u00e0 pastorale Maria Madre del Rosario, organizza un incontro che ripercorre la vita del Santo. Questa sera, venerd\u00ec 13, dalle 20.45 nell\u2019aula consiliare di Villa Mella, l\u2019Associazione ComunicArte proporr\u00e0 un\u2019esperienza dedicata al racconto della vita e dell\u2019eredit\u00e0 di Francesco attraverso il linguaggio dell\u2019arte.<\/p><div id=\"ilnot-4127376192\" class=\"ilnot-contenuto_2-2-2-2-2 ilnot-entity-placement\"><div class=\"gptslot\" data-adunitid=\"5\"><\/div>\n<\/div>\n<p>Dedicato a San Francesco sar\u00e0 anche lo spettacolo teatrale: \u201cFrancesco e l\u2019infinitamente piccolo\u201d di e con Lucilla Giagnoni (musiche di Paolo Pizzimenti), che si terr\u00e0 venerd\u00ec 27 marzo nell\u2019antica chiesa di San Giorgio.<\/p>\n<h2>SENAGO \u2013 \u201cPalla al Piede\u201d, spettacolo a Castelletto<\/h2>\n<p>Sabato 14 marzo si terr\u00e0 lo spettacolo \u201cPalla al Piede\u201d, della compagnia teatrale San Giovanni Bosco. Una commedia in tre atti firmata da Georges Feydeau con la regia di Andrea Marzullo. L\u2019appuntamento \u00e8 alle 20.45 in via Don Angelo Frigerio 2, nella Sala della Comunit\u00e0 sotto la Chiesa di Castelletto. Per la prenotazione dei biglietti \u00e8 possibile contattare il numero 02-99059875.<\/p>\n<h2>SENAGO \u2013 Giornata Europea dei Giusti, le celebrazioni<\/h2>\n<p>Sar\u00e0 domenica 15 marzo la Giornata Europea dei Giusti, ricorrenza dedicata alla memoria di coloro che si sono distinti per aver difeso la dignit\u00e0 umana e i diritti fondamentali, opponendosi alle persecuzioni e alle ingiustizie. Il programma delle celebrazioni inizia alle 10.30 con la Santa Messa presso la Chiesa Parrocchiale. Alle 11.30 nel piazzale del Municipio, alla presenza del sindaco e delle autorit\u00e0 cittadine, si terr\u00e0 l\u2019inaugurazione della targa commemorativa in ricordo dei sacerdoti e delle suore di Senago, per l\u2019impegno prestato negli anni della Seconda Guerra Mondiale.<\/p>\n<p>La cerimonia sar\u00e0 accompagnata dal Corpo Musicale Senaghese Franco Sioli. Seguir\u00e0 il pranzo nel salone dell\u2019Oratorio di Castelletto. Per partecipare \u00e8 necessario prenotare. L\u2019iniziativa \u00e8 promossa dal Comune con la collaborazione di numerose realt\u00e0 del territorio, Brigata del Popolo di Senago, Associazione Nazionale Combattenti e Reduci, associazione Dorv\u00e0n, Associazione Nazionale Famiglie Caduti e Dispersi in Guerra di Senago e Tavolo della Pace e dell\u2019Accoglienza.<\/p><div id=\"ilnot-1160273562\" class=\"ilnot-contenuto_2-2-2-2-2-2 ilnot-entity-placement\"><div class=\"gptslot\" data-adunitid=\"6\"><\/div>\n<\/div>\n<h2>GARBAGNATE \u2013 \u201cFrancesco e Giotto\u201d domenica in Corte Valenti<\/h2>\n<p>Domenica 15 marzo alle 16 in Corte Valenti si terr\u00e0 l\u2019incontro \u201cFrancesco e Giotto\u201d, incontro sulla rivoluzione spirituale del Santo e quella artistica del pittore nelle parole della professoressa Lia Goffi. L&#8217;ingresso \u00e8 gratuito. Inoltre, dal 15 al 30 marzo presso la Basilica dei Santi Eusebio e Maccabei sar\u00e0 allestita la mostra su Francesco e Giotto, a cura dell\u2019associazione Scuola X Scuola = solidariet\u00e0.<\/p>\n<h2>ARESE \u2013 Workshop dedicati alle potenzialit\u00e0 espressive<\/h2>\n<p>L\u2018atelier dell\u2019Agor\u00e0 si allarga con altre attivit\u00e0. Infatti da questo mese di marzo ospiter\u00e0 due nuovi workshop con la guida di due importanti personaggi: Lia Gallo, attrice, regista e formatrice e Rosangela Percoco, giornalista, scrittrice, copywriter. Due percorsi che concorreranno a esplorare le potenzialit\u00e0 espressive umane volte a privilegiare l\u2019ascolto e a tradurre la realt\u00e0 percepita in scrittura. Uno spazio per la cultura dove la comunit\u00e0 si incontra, intreccia legami, sperimenta e crea.<\/p>\n<p>Il primo workshop si terr\u00e0 domenica 15 marzo, con un\u2019immersione teatrale che trasformer\u00e0 il corpo in forma, emozione e poesia. I partecipanti useranno strumenti come il respiro, la musica e l\u2019improvvisazione guidata. Non si tratta di recitare, ma di abitare lo spazio fisico, trasformando ogni gesto in un atto rigenerante. Il secondo incontro, domenica 22, punter\u00e0 sull\u2019osservazione del mondo. La partecipazione \u00e8 gratuita.<\/p><div id=\"ilnot-3153100470\" class=\"ilnot-contenuto_2-2-2-2-2-2-2 ilnot-entity-placement\"><div class=\"gptslot\" data-adunitid=\"7\"><\/div>\n<\/div>\n<h2>ARESE \u2013 \u201cPoeti&amp;Vagabondi\u201d, nuovo spettacolo<\/h2>\n<p>La rassegna \u201cPoeti&amp;Vagabondi\u201d propone un nuovo appuntamento. Lo spettacolo, dal titolo \u201cL\u2019albero m\u2019ha parlato\u201d, \u00e8 in cartellone stasera, venerd\u00ec 13 marzo alle 21, all\u2019Agor\u00e0 (via Monviso 7), a cura dei Barabba \u2018s Clowns. Il testo e la drammaturgia sono di Ferruccio Cainero. L\u2019ingresso costa 13 euro, ridotto (under 14 e over 65) 9 euro.<\/p>\n<p>&nbsp;<\/p>\n<p>&nbsp;<\/p>\n","protected":false},"excerpt":{"rendered":"<p>Fine settimana, da venerd\u00ec 13 a domenica 15 marzo 2026 con appuntamenti per tutti i gusti: dal concerto a LaBolla di Bollate per il decimo anniversario della banda &#8220;Arturo Toscanini&#8221; all&#8217;incontro sulle figure di San Francesco e Giotto in Corte Valenti a Garbagnate. Inoltre, altre iniziative di approfondimento e di svago, con incontri, spettacoli e<\/p>\n","protected":false},"author":223159,"featured_media":230510,"comment_status":"closed","ping_status":"closed","sticky":false,"template":"","format":"standard","meta":{"footnotes":""},"categories":[277,20],"tags":[17124,16185,11736],"class_list":{"0":"post-230509","1":"post","2":"type-post","3":"status-publish","4":"format-standard","5":"has-post-thumbnail","7":"category-appuntamenti-della-settimana","8":"category-prima-pagina","9":"tag-cosa-fare-domenica","10":"tag-eventi-week-end","11":"tag-eventi-weekend"},"yoast_head":"<!-- This site is optimized with the Yoast SEO plugin v27.4 - https:\/\/yoast.com\/product\/yoast-seo-wordpress\/ -->\n<title>Eventi week-end: Concerto della &quot;Arturo Toscanini&quot; a Bollate e incontro \u201cFrancesco e Giotto\u201d a Garbagnate - Il Notiziario<\/title>\n<meta name=\"description\" content=\"Fine settimana, da venerd\u00ec 13 a domenica 15 marzo 2026 con appuntamenti per tutti i gusti: dal concerto a LaBolla di Bollate per il decimo anniversario\" \/>\n<meta name=\"robots\" content=\"index, follow, max-snippet:-1, max-image-preview:large, max-video-preview:-1\" \/>\n<link rel=\"canonical\" href=\"https:\/\/www.ilnotiziario.net\/wp\/prima-pagina\/eventi-week-end-concerto-della-arturo-toscanini-a-bollate-e-incontro-francesco-e-giotto-a-garbagnate\/\" \/>\n<meta property=\"og:locale\" content=\"it_IT\" \/>\n<meta property=\"og:type\" content=\"article\" \/>\n<meta property=\"og:title\" content=\"Eventi week-end: Concerto della &quot;Arturo Toscanini&quot; a Bollate e incontro \u201cFrancesco e Giotto\u201d a Garbagnate - Il Notiziario\" \/>\n<meta property=\"og:description\" content=\"Fine settimana, da venerd\u00ec 13 a domenica 15 marzo 2026 con appuntamenti per tutti i gusti: dal concerto a LaBolla di Bollate per il decimo anniversario\" \/>\n<meta property=\"og:url\" content=\"https:\/\/www.ilnotiziario.net\/wp\/prima-pagina\/eventi-week-end-concerto-della-arturo-toscanini-a-bollate-e-incontro-francesco-e-giotto-a-garbagnate\/\" \/>\n<meta property=\"og:site_name\" content=\"Il Notiziario\" \/>\n<meta property=\"article:publisher\" content=\"https:\/\/www.facebook.com\/ilnotiziarioind\/\" \/>\n<meta property=\"article:published_time\" content=\"2026-03-13T13:17:34+00:00\" \/>\n<meta property=\"og:image\" content=\"https:\/\/www.ilnotiziario.net\/wp\/wp-content\/uploads\/2026\/03\/Banda-Arturo-Toscanini-Bollate-fb.jpg\" \/>\n\t<meta property=\"og:image:width\" content=\"1056\" \/>\n\t<meta property=\"og:image:height\" content=\"680\" \/>\n\t<meta property=\"og:image:type\" content=\"image\/jpeg\" \/>\n<meta name=\"author\" content=\"Manuela Beriozza\" \/>\n<meta name=\"twitter:card\" content=\"summary_large_image\" \/>\n<meta name=\"twitter:creator\" content=\"@ilNotiziarioInd\" \/>\n<meta name=\"twitter:site\" content=\"@ilNotiziarioInd\" \/>\n<meta name=\"twitter:label1\" content=\"Scritto da\" \/>\n\t<meta name=\"twitter:data1\" content=\"Manuela Beriozza\" \/>\n\t<meta name=\"twitter:label2\" content=\"Tempo di lettura stimato\" \/>\n\t<meta name=\"twitter:data2\" content=\"8 minuti\" \/>\n<script type=\"application\/ld+json\" class=\"yoast-schema-graph\">{\"@context\":\"https:\\\/\\\/schema.org\",\"@graph\":[{\"@type\":\"Article\",\"@id\":\"https:\\\/\\\/www.ilnotiziario.net\\\/wp\\\/prima-pagina\\\/eventi-week-end-concerto-della-arturo-toscanini-a-bollate-e-incontro-francesco-e-giotto-a-garbagnate\\\/#article\",\"isPartOf\":{\"@id\":\"https:\\\/\\\/www.ilnotiziario.net\\\/wp\\\/prima-pagina\\\/eventi-week-end-concerto-della-arturo-toscanini-a-bollate-e-incontro-francesco-e-giotto-a-garbagnate\\\/\"},\"author\":{\"name\":\"Manuela Beriozza\",\"@id\":\"https:\\\/\\\/www.ilnotiziario.net\\\/wp\\\/#\\\/schema\\\/person\\\/c902c4c1308705a92d37385bbce84394\"},\"headline\":\"Eventi week-end: Concerto della &#8220;Arturo Toscanini&#8221; a Bollate e incontro \u201cFrancesco e Giotto\u201d a Garbagnate\",\"datePublished\":\"2026-03-13T13:17:34+00:00\",\"mainEntityOfPage\":{\"@id\":\"https:\\\/\\\/www.ilnotiziario.net\\\/wp\\\/prima-pagina\\\/eventi-week-end-concerto-della-arturo-toscanini-a-bollate-e-incontro-francesco-e-giotto-a-garbagnate\\\/\"},\"wordCount\":1460,\"publisher\":{\"@id\":\"https:\\\/\\\/www.ilnotiziario.net\\\/wp\\\/#organization\"},\"image\":{\"@id\":\"https:\\\/\\\/www.ilnotiziario.net\\\/wp\\\/prima-pagina\\\/eventi-week-end-concerto-della-arturo-toscanini-a-bollate-e-incontro-francesco-e-giotto-a-garbagnate\\\/#primaryimage\"},\"thumbnailUrl\":\"https:\\\/\\\/www.ilnotiziario.net\\\/wp\\\/wp-content\\\/uploads\\\/2026\\\/03\\\/Banda-Arturo-Toscanini-Bollate-fb.jpg\",\"keywords\":[\"cosa fare domenica\",\"Eventi week-end\",\"eventi weekend\"],\"articleSection\":[\"APPUNTAMENTI\",\"Prima Pagina\"],\"inLanguage\":\"it-IT\"},{\"@type\":\"WebPage\",\"@id\":\"https:\\\/\\\/www.ilnotiziario.net\\\/wp\\\/prima-pagina\\\/eventi-week-end-concerto-della-arturo-toscanini-a-bollate-e-incontro-francesco-e-giotto-a-garbagnate\\\/\",\"url\":\"https:\\\/\\\/www.ilnotiziario.net\\\/wp\\\/prima-pagina\\\/eventi-week-end-concerto-della-arturo-toscanini-a-bollate-e-incontro-francesco-e-giotto-a-garbagnate\\\/\",\"name\":\"Eventi week-end: Concerto della \\\"Arturo Toscanini\\\" a Bollate e incontro \u201cFrancesco e Giotto\u201d a Garbagnate - Il Notiziario\",\"isPartOf\":{\"@id\":\"https:\\\/\\\/www.ilnotiziario.net\\\/wp\\\/#website\"},\"primaryImageOfPage\":{\"@id\":\"https:\\\/\\\/www.ilnotiziario.net\\\/wp\\\/prima-pagina\\\/eventi-week-end-concerto-della-arturo-toscanini-a-bollate-e-incontro-francesco-e-giotto-a-garbagnate\\\/#primaryimage\"},\"image\":{\"@id\":\"https:\\\/\\\/www.ilnotiziario.net\\\/wp\\\/prima-pagina\\\/eventi-week-end-concerto-della-arturo-toscanini-a-bollate-e-incontro-francesco-e-giotto-a-garbagnate\\\/#primaryimage\"},\"thumbnailUrl\":\"https:\\\/\\\/www.ilnotiziario.net\\\/wp\\\/wp-content\\\/uploads\\\/2026\\\/03\\\/Banda-Arturo-Toscanini-Bollate-fb.jpg\",\"datePublished\":\"2026-03-13T13:17:34+00:00\",\"description\":\"Fine settimana, da venerd\u00ec 13 a domenica 15 marzo 2026 con appuntamenti per tutti i gusti: dal concerto a LaBolla di Bollate per il decimo anniversario\",\"breadcrumb\":{\"@id\":\"https:\\\/\\\/www.ilnotiziario.net\\\/wp\\\/prima-pagina\\\/eventi-week-end-concerto-della-arturo-toscanini-a-bollate-e-incontro-francesco-e-giotto-a-garbagnate\\\/#breadcrumb\"},\"inLanguage\":\"it-IT\",\"potentialAction\":[{\"@type\":\"ReadAction\",\"target\":[\"https:\\\/\\\/www.ilnotiziario.net\\\/wp\\\/prima-pagina\\\/eventi-week-end-concerto-della-arturo-toscanini-a-bollate-e-incontro-francesco-e-giotto-a-garbagnate\\\/\"]}]},{\"@type\":\"ImageObject\",\"inLanguage\":\"it-IT\",\"@id\":\"https:\\\/\\\/www.ilnotiziario.net\\\/wp\\\/prima-pagina\\\/eventi-week-end-concerto-della-arturo-toscanini-a-bollate-e-incontro-francesco-e-giotto-a-garbagnate\\\/#primaryimage\",\"url\":\"https:\\\/\\\/www.ilnotiziario.net\\\/wp\\\/wp-content\\\/uploads\\\/2026\\\/03\\\/Banda-Arturo-Toscanini-Bollate-fb.jpg\",\"contentUrl\":\"https:\\\/\\\/www.ilnotiziario.net\\\/wp\\\/wp-content\\\/uploads\\\/2026\\\/03\\\/Banda-Arturo-Toscanini-Bollate-fb.jpg\",\"width\":1056,\"height\":680,\"caption\":\"Un concerto della Banda \\\"Arturo Toscanini\\\" di Bollate del 2018. (Fonte: Pagina Facebook \\\"Banda Bollate-Arturo Toscanini\\\")\"},{\"@type\":\"BreadcrumbList\",\"@id\":\"https:\\\/\\\/www.ilnotiziario.net\\\/wp\\\/prima-pagina\\\/eventi-week-end-concerto-della-arturo-toscanini-a-bollate-e-incontro-francesco-e-giotto-a-garbagnate\\\/#breadcrumb\",\"itemListElement\":[{\"@type\":\"ListItem\",\"position\":1,\"name\":\"tds_text_logo_tagline_colortds_text_logo_tagline_colortds_text_logo_tagline_colortds_text_logo_tagline_colortd_module_7_title_excerpttd_module_7_title_excerpttd_module_7_title_excerpttd_module_7_title_excerptHome\",\"item\":\"https:\\\/\\\/www.ilnotiziario.net\\\/wp\\\/\"},{\"@type\":\"ListItem\",\"position\":2,\"name\":\"Eventi week-end: Concerto della &#8220;Arturo Toscanini&#8221; a Bollate e incontro \u201cFrancesco e Giotto\u201d a Garbagnate\"}]},{\"@type\":\"WebSite\",\"@id\":\"https:\\\/\\\/www.ilnotiziario.net\\\/wp\\\/#website\",\"url\":\"https:\\\/\\\/www.ilnotiziario.net\\\/wp\\\/\",\"name\":\"Il Notiziario\",\"description\":\"Per restare sempre connessi alla notizia\",\"publisher\":{\"@id\":\"https:\\\/\\\/www.ilnotiziario.net\\\/wp\\\/#organization\"},\"alternateName\":\"Il Notiziario Bollate\",\"potentialAction\":[{\"@type\":\"SearchAction\",\"target\":{\"@type\":\"EntryPoint\",\"urlTemplate\":\"https:\\\/\\\/www.ilnotiziario.net\\\/wp\\\/?s={search_term_string}\"},\"query-input\":{\"@type\":\"PropertyValueSpecification\",\"valueRequired\":true,\"valueName\":\"search_term_string\"}}],\"inLanguage\":\"it-IT\"},{\"@type\":\"Organization\",\"@id\":\"https:\\\/\\\/www.ilnotiziario.net\\\/wp\\\/#organization\",\"name\":\"Il Notiziario\",\"url\":\"https:\\\/\\\/www.ilnotiziario.net\\\/wp\\\/\",\"logo\":{\"@type\":\"ImageObject\",\"inLanguage\":\"it-IT\",\"@id\":\"https:\\\/\\\/www.ilnotiziario.net\\\/wp\\\/#\\\/schema\\\/logo\\\/image\\\/\",\"url\":\"https:\\\/\\\/www.ilnotiziario.net\\\/wp\\\/wp-content\\\/uploads\\\/2022\\\/06\\\/170x170ilN.png\",\"contentUrl\":\"https:\\\/\\\/www.ilnotiziario.net\\\/wp\\\/wp-content\\\/uploads\\\/2022\\\/06\\\/170x170ilN.png\",\"width\":355,\"height\":355,\"caption\":\"Il Notiziario\"},\"image\":{\"@id\":\"https:\\\/\\\/www.ilnotiziario.net\\\/wp\\\/#\\\/schema\\\/logo\\\/image\\\/\"},\"sameAs\":[\"https:\\\/\\\/www.facebook.com\\\/ilnotiziarioind\\\/\",\"https:\\\/\\\/x.com\\\/ilNotiziarioInd\",\"https:\\\/\\\/www.instagram.com\\\/ilnotiziario_settimanale\\\/\"]},{\"@type\":\"Person\",\"@id\":\"https:\\\/\\\/www.ilnotiziario.net\\\/wp\\\/#\\\/schema\\\/person\\\/c902c4c1308705a92d37385bbce84394\",\"name\":\"Manuela Beriozza\",\"image\":{\"@type\":\"ImageObject\",\"inLanguage\":\"it-IT\",\"@id\":\"https:\\\/\\\/secure.gravatar.com\\\/avatar\\\/272ed53352846a57a9f07f89720b22f58373dc9a85fa5b8ff49254ae02b61057?s=96&d=mm&r=g\",\"url\":\"https:\\\/\\\/secure.gravatar.com\\\/avatar\\\/272ed53352846a57a9f07f89720b22f58373dc9a85fa5b8ff49254ae02b61057?s=96&d=mm&r=g\",\"contentUrl\":\"https:\\\/\\\/secure.gravatar.com\\\/avatar\\\/272ed53352846a57a9f07f89720b22f58373dc9a85fa5b8ff49254ae02b61057?s=96&d=mm&r=g\",\"caption\":\"Manuela Beriozza\"}}]}<\/script>\n<!-- \/ Yoast SEO plugin. -->","yoast_head_json":{"title":"Eventi week-end: Concerto della \"Arturo Toscanini\" a Bollate e incontro \u201cFrancesco e Giotto\u201d a Garbagnate - Il Notiziario","description":"Fine settimana, da venerd\u00ec 13 a domenica 15 marzo 2026 con appuntamenti per tutti i gusti: dal concerto a LaBolla di Bollate per il decimo anniversario","robots":{"index":"index","follow":"follow","max-snippet":"max-snippet:-1","max-image-preview":"max-image-preview:large","max-video-preview":"max-video-preview:-1"},"canonical":"https:\/\/www.ilnotiziario.net\/wp\/prima-pagina\/eventi-week-end-concerto-della-arturo-toscanini-a-bollate-e-incontro-francesco-e-giotto-a-garbagnate\/","og_locale":"it_IT","og_type":"article","og_title":"Eventi week-end: Concerto della \"Arturo Toscanini\" a Bollate e incontro \u201cFrancesco e Giotto\u201d a Garbagnate - Il Notiziario","og_description":"Fine settimana, da venerd\u00ec 13 a domenica 15 marzo 2026 con appuntamenti per tutti i gusti: dal concerto a LaBolla di Bollate per il decimo anniversario","og_url":"https:\/\/www.ilnotiziario.net\/wp\/prima-pagina\/eventi-week-end-concerto-della-arturo-toscanini-a-bollate-e-incontro-francesco-e-giotto-a-garbagnate\/","og_site_name":"Il Notiziario","article_publisher":"https:\/\/www.facebook.com\/ilnotiziarioind\/","article_published_time":"2026-03-13T13:17:34+00:00","og_image":[{"width":1056,"height":680,"url":"https:\/\/www.ilnotiziario.net\/wp\/wp-content\/uploads\/2026\/03\/Banda-Arturo-Toscanini-Bollate-fb.jpg","type":"image\/jpeg"}],"author":"Manuela Beriozza","twitter_card":"summary_large_image","twitter_creator":"@ilNotiziarioInd","twitter_site":"@ilNotiziarioInd","twitter_misc":{"Scritto da":"Manuela Beriozza","Tempo di lettura stimato":"8 minuti"},"schema":{"@context":"https:\/\/schema.org","@graph":[{"@type":"Article","@id":"https:\/\/www.ilnotiziario.net\/wp\/prima-pagina\/eventi-week-end-concerto-della-arturo-toscanini-a-bollate-e-incontro-francesco-e-giotto-a-garbagnate\/#article","isPartOf":{"@id":"https:\/\/www.ilnotiziario.net\/wp\/prima-pagina\/eventi-week-end-concerto-della-arturo-toscanini-a-bollate-e-incontro-francesco-e-giotto-a-garbagnate\/"},"author":{"name":"Manuela Beriozza","@id":"https:\/\/www.ilnotiziario.net\/wp\/#\/schema\/person\/c902c4c1308705a92d37385bbce84394"},"headline":"Eventi week-end: Concerto della &#8220;Arturo Toscanini&#8221; a Bollate e incontro \u201cFrancesco e Giotto\u201d a Garbagnate","datePublished":"2026-03-13T13:17:34+00:00","mainEntityOfPage":{"@id":"https:\/\/www.ilnotiziario.net\/wp\/prima-pagina\/eventi-week-end-concerto-della-arturo-toscanini-a-bollate-e-incontro-francesco-e-giotto-a-garbagnate\/"},"wordCount":1460,"publisher":{"@id":"https:\/\/www.ilnotiziario.net\/wp\/#organization"},"image":{"@id":"https:\/\/www.ilnotiziario.net\/wp\/prima-pagina\/eventi-week-end-concerto-della-arturo-toscanini-a-bollate-e-incontro-francesco-e-giotto-a-garbagnate\/#primaryimage"},"thumbnailUrl":"https:\/\/www.ilnotiziario.net\/wp\/wp-content\/uploads\/2026\/03\/Banda-Arturo-Toscanini-Bollate-fb.jpg","keywords":["cosa fare domenica","Eventi week-end","eventi weekend"],"articleSection":["APPUNTAMENTI","Prima Pagina"],"inLanguage":"it-IT"},{"@type":"WebPage","@id":"https:\/\/www.ilnotiziario.net\/wp\/prima-pagina\/eventi-week-end-concerto-della-arturo-toscanini-a-bollate-e-incontro-francesco-e-giotto-a-garbagnate\/","url":"https:\/\/www.ilnotiziario.net\/wp\/prima-pagina\/eventi-week-end-concerto-della-arturo-toscanini-a-bollate-e-incontro-francesco-e-giotto-a-garbagnate\/","name":"Eventi week-end: Concerto della \"Arturo Toscanini\" a Bollate e incontro \u201cFrancesco e Giotto\u201d a Garbagnate - Il Notiziario","isPartOf":{"@id":"https:\/\/www.ilnotiziario.net\/wp\/#website"},"primaryImageOfPage":{"@id":"https:\/\/www.ilnotiziario.net\/wp\/prima-pagina\/eventi-week-end-concerto-della-arturo-toscanini-a-bollate-e-incontro-francesco-e-giotto-a-garbagnate\/#primaryimage"},"image":{"@id":"https:\/\/www.ilnotiziario.net\/wp\/prima-pagina\/eventi-week-end-concerto-della-arturo-toscanini-a-bollate-e-incontro-francesco-e-giotto-a-garbagnate\/#primaryimage"},"thumbnailUrl":"https:\/\/www.ilnotiziario.net\/wp\/wp-content\/uploads\/2026\/03\/Banda-Arturo-Toscanini-Bollate-fb.jpg","datePublished":"2026-03-13T13:17:34+00:00","description":"Fine settimana, da venerd\u00ec 13 a domenica 15 marzo 2026 con appuntamenti per tutti i gusti: dal concerto a LaBolla di Bollate per il decimo anniversario","breadcrumb":{"@id":"https:\/\/www.ilnotiziario.net\/wp\/prima-pagina\/eventi-week-end-concerto-della-arturo-toscanini-a-bollate-e-incontro-francesco-e-giotto-a-garbagnate\/#breadcrumb"},"inLanguage":"it-IT","potentialAction":[{"@type":"ReadAction","target":["https:\/\/www.ilnotiziario.net\/wp\/prima-pagina\/eventi-week-end-concerto-della-arturo-toscanini-a-bollate-e-incontro-francesco-e-giotto-a-garbagnate\/"]}]},{"@type":"ImageObject","inLanguage":"it-IT","@id":"https:\/\/www.ilnotiziario.net\/wp\/prima-pagina\/eventi-week-end-concerto-della-arturo-toscanini-a-bollate-e-incontro-francesco-e-giotto-a-garbagnate\/#primaryimage","url":"https:\/\/www.ilnotiziario.net\/wp\/wp-content\/uploads\/2026\/03\/Banda-Arturo-Toscanini-Bollate-fb.jpg","contentUrl":"https:\/\/www.ilnotiziario.net\/wp\/wp-content\/uploads\/2026\/03\/Banda-Arturo-Toscanini-Bollate-fb.jpg","width":1056,"height":680,"caption":"Un concerto della Banda \"Arturo Toscanini\" di Bollate del 2018. (Fonte: Pagina Facebook \"Banda Bollate-Arturo Toscanini\")"},{"@type":"BreadcrumbList","@id":"https:\/\/www.ilnotiziario.net\/wp\/prima-pagina\/eventi-week-end-concerto-della-arturo-toscanini-a-bollate-e-incontro-francesco-e-giotto-a-garbagnate\/#breadcrumb","itemListElement":[{"@type":"ListItem","position":1,"name":"tds_text_logo_tagline_colortds_text_logo_tagline_colortds_text_logo_tagline_colortds_text_logo_tagline_colortd_module_7_title_excerpttd_module_7_title_excerpttd_module_7_title_excerpttd_module_7_title_excerptHome","item":"https:\/\/www.ilnotiziario.net\/wp\/"},{"@type":"ListItem","position":2,"name":"Eventi week-end: Concerto della &#8220;Arturo Toscanini&#8221; a Bollate e incontro \u201cFrancesco e Giotto\u201d a Garbagnate"}]},{"@type":"WebSite","@id":"https:\/\/www.ilnotiziario.net\/wp\/#website","url":"https:\/\/www.ilnotiziario.net\/wp\/","name":"Il Notiziario","description":"Per restare sempre connessi alla notizia","publisher":{"@id":"https:\/\/www.ilnotiziario.net\/wp\/#organization"},"alternateName":"Il Notiziario Bollate","potentialAction":[{"@type":"SearchAction","target":{"@type":"EntryPoint","urlTemplate":"https:\/\/www.ilnotiziario.net\/wp\/?s={search_term_string}"},"query-input":{"@type":"PropertyValueSpecification","valueRequired":true,"valueName":"search_term_string"}}],"inLanguage":"it-IT"},{"@type":"Organization","@id":"https:\/\/www.ilnotiziario.net\/wp\/#organization","name":"Il Notiziario","url":"https:\/\/www.ilnotiziario.net\/wp\/","logo":{"@type":"ImageObject","inLanguage":"it-IT","@id":"https:\/\/www.ilnotiziario.net\/wp\/#\/schema\/logo\/image\/","url":"https:\/\/www.ilnotiziario.net\/wp\/wp-content\/uploads\/2022\/06\/170x170ilN.png","contentUrl":"https:\/\/www.ilnotiziario.net\/wp\/wp-content\/uploads\/2022\/06\/170x170ilN.png","width":355,"height":355,"caption":"Il Notiziario"},"image":{"@id":"https:\/\/www.ilnotiziario.net\/wp\/#\/schema\/logo\/image\/"},"sameAs":["https:\/\/www.facebook.com\/ilnotiziarioind\/","https:\/\/x.com\/ilNotiziarioInd","https:\/\/www.instagram.com\/ilnotiziario_settimanale\/"]},{"@type":"Person","@id":"https:\/\/www.ilnotiziario.net\/wp\/#\/schema\/person\/c902c4c1308705a92d37385bbce84394","name":"Manuela Beriozza","image":{"@type":"ImageObject","inLanguage":"it-IT","@id":"https:\/\/secure.gravatar.com\/avatar\/272ed53352846a57a9f07f89720b22f58373dc9a85fa5b8ff49254ae02b61057?s=96&d=mm&r=g","url":"https:\/\/secure.gravatar.com\/avatar\/272ed53352846a57a9f07f89720b22f58373dc9a85fa5b8ff49254ae02b61057?s=96&d=mm&r=g","contentUrl":"https:\/\/secure.gravatar.com\/avatar\/272ed53352846a57a9f07f89720b22f58373dc9a85fa5b8ff49254ae02b61057?s=96&d=mm&r=g","caption":"Manuela Beriozza"}}]}},"_links":{"self":[{"href":"https:\/\/www.ilnotiziario.net\/wp\/wp-json\/wp\/v2\/posts\/230509","targetHints":{"allow":["GET"]}}],"collection":[{"href":"https:\/\/www.ilnotiziario.net\/wp\/wp-json\/wp\/v2\/posts"}],"about":[{"href":"https:\/\/www.ilnotiziario.net\/wp\/wp-json\/wp\/v2\/types\/post"}],"author":[{"embeddable":true,"href":"https:\/\/www.ilnotiziario.net\/wp\/wp-json\/wp\/v2\/users\/223159"}],"replies":[{"embeddable":true,"href":"https:\/\/www.ilnotiziario.net\/wp\/wp-json\/wp\/v2\/comments?post=230509"}],"version-history":[{"count":1,"href":"https:\/\/www.ilnotiziario.net\/wp\/wp-json\/wp\/v2\/posts\/230509\/revisions"}],"predecessor-version":[{"id":230513,"href":"https:\/\/www.ilnotiziario.net\/wp\/wp-json\/wp\/v2\/posts\/230509\/revisions\/230513"}],"wp:featuredmedia":[{"embeddable":true,"href":"https:\/\/www.ilnotiziario.net\/wp\/wp-json\/wp\/v2\/media\/230510"}],"wp:attachment":[{"href":"https:\/\/www.ilnotiziario.net\/wp\/wp-json\/wp\/v2\/media?parent=230509"}],"wp:term":[{"taxonomy":"category","embeddable":true,"href":"https:\/\/www.ilnotiziario.net\/wp\/wp-json\/wp\/v2\/categories?post=230509"},{"taxonomy":"post_tag","embeddable":true,"href":"https:\/\/www.ilnotiziario.net\/wp\/wp-json\/wp\/v2\/tags?post=230509"}],"curies":[{"name":"wp","href":"https:\/\/api.w.org\/{rel}","templated":true}]}}