{"id":231972,"date":"2026-04-27T18:43:11","date_gmt":"2026-04-27T16:43:11","guid":{"rendered":"https:\/\/www.ilnotiziario.net\/wp\/?p=231972"},"modified":"2026-04-27T18:43:11","modified_gmt":"2026-04-27T16:43:11","slug":"giuseppe-conte-ferma-il-tour-intervento-chirurgico-salta-lappuntamento-a-bollate","status":"publish","type":"post","link":"https:\/\/www.ilnotiziario.net\/wp\/bollatese\/giuseppe-conte-ferma-il-tour-intervento-chirurgico-salta-lappuntamento-a-bollate\/","title":{"rendered":"Giuseppe Conte ferma il tour: intervento chirurgico, salta l&#8217;appuntamento a Bollate"},"content":{"rendered":"<p>Giuseppe Conte si deve sottoporre ad un intervento chirurgico e non sar\u00e0 domani a Bollate<\/p><div id=\"ilnot-543466108\" class=\"ilnot-contenuto ilnot-entity-placement\"><p><!-- incontent_1 --><\/p>\n<div class=\"gptslot\" data-adunitid=\"1\"><\/div>\n<\/div>\n<p>Niente da fare per l\u2019atteso incontro con <a href=\"https:\/\/www.ilnotiziario.net\/wp\/bollatese\/giuseppe-conte-sara-martedi-a-bollate\/\"><strong>Giuseppe Conte previsto per domani, marted\u00ec 28 aprile<\/strong><\/a>, a Bollate. Il leader del Movimento 5 Stelle \u00e8 stato costretto ad annullare improvvisamente tutte le tappe del suo tour elettorale e istituzionale a causa di un imprevisto problema di salute.<\/p>\n<h3>L\u2019annuncio sui social: Conte non sar\u00e0 a Bollate<\/h3>\n<p>L\u2019ex Presidente del Consiglio ha comunicato la notizia direttamente attraverso i suoi canali social ufficiali nel pomeriggio di luned\u00ec 27 aprile.<\/p><div id=\"ilnot-3103150107\" class=\"ilnot-contenuto_2 ilnot-entity-placement\"><div class=\"ads-wrapper\">\n<div class=\"ad-slot\">\n   <div id=\"ilnot-1289818801\" style=\"margin-right: auto;margin-left: auto;text-align: center;width: 320px;height: 100px;\"><a href=\"https:\/\/www.scuolasicurezza.it\/\"><img decoding=\"async\" src=\"https:\/\/www.ilnotiziario.net\/wp\/wp-content\/uploads\/2026\/04\/IlNotiziario_banner-sito-e-newsletter-320-x-100-px-1.gif\" alt=\"\"><\/a><\/div>\n  <\/div>\n<div class=\"ad-slot\">\n   <div id=\"ilnot-3309909463\" style=\"float: right;width: 320px;height: 100px;\"><a href=\"https:\/\/cedamitalia.it\/\"><img decoding=\"async\" src=\"https:\/\/www.ilnotiziario.net\/wp\/wp-content\/uploads\/2026\/04\/banner_cedam_320x100_OK.gif\" alt=\"Cedam\"><\/a><\/div><\/p><\/div>\n<\/div>\n<\/div>\n<p><em>&#8220;Mi dispiace molto ma purtroppo dovr\u00f2 annullare gli incontri pi\u00f9 imminenti perch\u00e9 devo sottopormi a un intervento chirurgico&#8221;,<\/em> ha scritto Conte, rivolgendosi ai sostenitori che lo attendevano nelle piazze di tutta Italia.<\/p>\n<h2>Stop forzato ma temporaneo per l&#8217;ex presidente del Consiglio, Giuseppe Conte<\/h2>\n<p>L&#8217;incontro di Bollate faceva parte di una serie di appuntamenti programmati per discutere il programma politico in vista dei &#8220;100 spazi aperti per la democrazia&#8221;, l\u2019iniziativa prevista per il mese di maggio alla vigilia dell&#8217;appuntamento elettorale per le <a href=\"https:\/\/www.ilnotiziario.net\/wp\/bollatese\/il-pd-di-bollate-ha-scelto-la-candidata-sindaca-da-indicare-alla-coalizione\/\"><strong>amministrative che vedr\u00e0 coinvolta anche Bollate.<\/strong><\/a><\/p>\n<p>&nbsp;<\/p>\n<p>Nonostante lo stop, Conte ha voluto rassicurare i cittadini sulla sua volont\u00e0 di tornare presto operativo: &#8220;Per qualche giorno non potremo aggiornarci, ma vi assicuro che non vedo l\u2019ora di riprendere al pi\u00f9 presto le attivit\u00e0, con rinnovata passione&#8221;.<\/p><div id=\"ilnot-869556524\" class=\"ilnot-contenuto_2-2 ilnot-entity-placement\"><div class=\"gptslot\" data-adunitid=\"2\"><\/div>\n<\/div>\n<p>Mentre i referenti locali del Movimento 5 Stelle esprimono vicinanza al loro leader, il post ribadisce che la macchina organizzativa non si ferma. Il lavoro per la stesura del programma partecipato continuer\u00e0 anche durante la convalescenza di Conte, in attesa di poter ricalendarizzare gli incontri sul territorio lombardo non appena le condizioni di salute lo permetteranno.<\/p>\n<p><a href=\"https:\/\/www.ilnotiziario.net\/wp\/chi-siamo\/\"><strong>Redazione Online\u00a0<\/strong><\/a><\/p>\n","protected":false},"excerpt":{"rendered":"<p>Giuseppe Conte si deve sottoporre ad un intervento chirurgico e non sar\u00e0 domani a Bollate Niente da fare per l\u2019atteso incontro con Giuseppe Conte previsto per domani, marted\u00ec 28 aprile, a Bollate. Il leader del Movimento 5 Stelle \u00e8 stato costretto ad annullare improvvisamente tutte le tappe del suo tour elettorale e istituzionale a causa<\/p>\n","protected":false},"author":3,"featured_media":231974,"comment_status":"closed","ping_status":"closed","sticky":false,"template":"","format":"standard","meta":{"footnotes":""},"categories":[8,20],"tags":[110,7094],"class_list":{"0":"post-231972","1":"post","2":"type-post","3":"status-publish","4":"format-standard","5":"has-post-thumbnail","7":"category-bollatese","8":"category-prima-pagina","9":"tag-bollate","10":"tag-giuseppe-conte"},"yoast_head":"<!-- This site is optimized with the Yoast SEO plugin v27.4 - https:\/\/yoast.com\/product\/yoast-seo-wordpress\/ -->\n<title>Giuseppe Conte ferma il tour: intervento chirurgico, salta l&#039;appuntamento a Bollate - Il Notiziario<\/title>\n<meta name=\"description\" content=\"Giuseppe Conte si deve sottoporre ad un intervento chirurgico e non sar\u00e0 domani a Bollate Niente da fare per l\u2019atteso incontro con Giuseppe Conte previsto\" \/>\n<meta name=\"robots\" content=\"index, follow, max-snippet:-1, max-image-preview:large, max-video-preview:-1\" \/>\n<link rel=\"canonical\" href=\"https:\/\/www.ilnotiziario.net\/wp\/bollatese\/giuseppe-conte-ferma-il-tour-intervento-chirurgico-salta-lappuntamento-a-bollate\/\" \/>\n<meta property=\"og:locale\" content=\"it_IT\" \/>\n<meta property=\"og:type\" content=\"article\" \/>\n<meta property=\"og:title\" content=\"Giuseppe Conte ferma il tour: intervento chirurgico, salta l&#039;appuntamento a Bollate - Il Notiziario\" \/>\n<meta property=\"og:description\" content=\"Giuseppe Conte si deve sottoporre ad un intervento chirurgico e non sar\u00e0 domani a Bollate Niente da fare per l\u2019atteso incontro con Giuseppe Conte previsto\" \/>\n<meta property=\"og:url\" content=\"https:\/\/www.ilnotiziario.net\/wp\/bollatese\/giuseppe-conte-ferma-il-tour-intervento-chirurgico-salta-lappuntamento-a-bollate\/\" \/>\n<meta property=\"og:site_name\" content=\"Il Notiziario\" \/>\n<meta property=\"article:publisher\" content=\"https:\/\/www.facebook.com\/ilnotiziarioind\/\" \/>\n<meta property=\"article:published_time\" content=\"2026-04-27T16:43:11+00:00\" \/>\n<meta property=\"og:image\" content=\"https:\/\/www.ilnotiziario.net\/wp\/wp-content\/uploads\/2026\/04\/Giuseppe-Conte-1.webp\" \/>\n\t<meta property=\"og:image:width\" content=\"1200\" \/>\n\t<meta property=\"og:image:height\" content=\"636\" \/>\n\t<meta property=\"og:image:type\" content=\"image\/webp\" \/>\n<meta name=\"author\" content=\"Gabriele Bassani\" \/>\n<meta name=\"twitter:card\" content=\"summary_large_image\" \/>\n<meta name=\"twitter:creator\" content=\"@ilNotiziarioInd\" \/>\n<meta name=\"twitter:site\" content=\"@ilNotiziarioInd\" \/>\n<meta name=\"twitter:label1\" content=\"Scritto da\" \/>\n\t<meta name=\"twitter:data1\" content=\"Gabriele Bassani\" \/>\n\t<meta name=\"twitter:label2\" content=\"Tempo di lettura stimato\" \/>\n\t<meta name=\"twitter:data2\" content=\"2 minuti\" \/>\n<script type=\"application\/ld+json\" class=\"yoast-schema-graph\">{\"@context\":\"https:\\\/\\\/schema.org\",\"@graph\":[{\"@type\":\"Article\",\"@id\":\"https:\\\/\\\/www.ilnotiziario.net\\\/wp\\\/bollatese\\\/giuseppe-conte-ferma-il-tour-intervento-chirurgico-salta-lappuntamento-a-bollate\\\/#article\",\"isPartOf\":{\"@id\":\"https:\\\/\\\/www.ilnotiziario.net\\\/wp\\\/bollatese\\\/giuseppe-conte-ferma-il-tour-intervento-chirurgico-salta-lappuntamento-a-bollate\\\/\"},\"author\":{\"name\":\"Gabriele Bassani\",\"@id\":\"https:\\\/\\\/www.ilnotiziario.net\\\/wp\\\/#\\\/schema\\\/person\\\/386e222908f898bb41c033989482bbf2\"},\"headline\":\"Giuseppe Conte ferma il tour: intervento chirurgico, salta l&#8217;appuntamento a Bollate\",\"datePublished\":\"2026-04-27T16:43:11+00:00\",\"mainEntityOfPage\":{\"@id\":\"https:\\\/\\\/www.ilnotiziario.net\\\/wp\\\/bollatese\\\/giuseppe-conte-ferma-il-tour-intervento-chirurgico-salta-lappuntamento-a-bollate\\\/\"},\"wordCount\":289,\"publisher\":{\"@id\":\"https:\\\/\\\/www.ilnotiziario.net\\\/wp\\\/#organization\"},\"image\":{\"@id\":\"https:\\\/\\\/www.ilnotiziario.net\\\/wp\\\/bollatese\\\/giuseppe-conte-ferma-il-tour-intervento-chirurgico-salta-lappuntamento-a-bollate\\\/#primaryimage\"},\"thumbnailUrl\":\"https:\\\/\\\/www.ilnotiziario.net\\\/wp\\\/wp-content\\\/uploads\\\/2026\\\/04\\\/Giuseppe-Conte-1.webp\",\"keywords\":[\"Bollate\",\"giuseppe conte\"],\"articleSection\":[\"BOLLATESE\",\"Prima Pagina\"],\"inLanguage\":\"it-IT\"},{\"@type\":\"WebPage\",\"@id\":\"https:\\\/\\\/www.ilnotiziario.net\\\/wp\\\/bollatese\\\/giuseppe-conte-ferma-il-tour-intervento-chirurgico-salta-lappuntamento-a-bollate\\\/\",\"url\":\"https:\\\/\\\/www.ilnotiziario.net\\\/wp\\\/bollatese\\\/giuseppe-conte-ferma-il-tour-intervento-chirurgico-salta-lappuntamento-a-bollate\\\/\",\"name\":\"Giuseppe Conte ferma il tour: intervento chirurgico, salta l'appuntamento a Bollate - Il Notiziario\",\"isPartOf\":{\"@id\":\"https:\\\/\\\/www.ilnotiziario.net\\\/wp\\\/#website\"},\"primaryImageOfPage\":{\"@id\":\"https:\\\/\\\/www.ilnotiziario.net\\\/wp\\\/bollatese\\\/giuseppe-conte-ferma-il-tour-intervento-chirurgico-salta-lappuntamento-a-bollate\\\/#primaryimage\"},\"image\":{\"@id\":\"https:\\\/\\\/www.ilnotiziario.net\\\/wp\\\/bollatese\\\/giuseppe-conte-ferma-il-tour-intervento-chirurgico-salta-lappuntamento-a-bollate\\\/#primaryimage\"},\"thumbnailUrl\":\"https:\\\/\\\/www.ilnotiziario.net\\\/wp\\\/wp-content\\\/uploads\\\/2026\\\/04\\\/Giuseppe-Conte-1.webp\",\"datePublished\":\"2026-04-27T16:43:11+00:00\",\"description\":\"Giuseppe Conte si deve sottoporre ad un intervento chirurgico e non sar\u00e0 domani a Bollate Niente da fare per l\u2019atteso incontro con Giuseppe Conte previsto\",\"breadcrumb\":{\"@id\":\"https:\\\/\\\/www.ilnotiziario.net\\\/wp\\\/bollatese\\\/giuseppe-conte-ferma-il-tour-intervento-chirurgico-salta-lappuntamento-a-bollate\\\/#breadcrumb\"},\"inLanguage\":\"it-IT\",\"potentialAction\":[{\"@type\":\"ReadAction\",\"target\":[\"https:\\\/\\\/www.ilnotiziario.net\\\/wp\\\/bollatese\\\/giuseppe-conte-ferma-il-tour-intervento-chirurgico-salta-lappuntamento-a-bollate\\\/\"]}]},{\"@type\":\"ImageObject\",\"inLanguage\":\"it-IT\",\"@id\":\"https:\\\/\\\/www.ilnotiziario.net\\\/wp\\\/bollatese\\\/giuseppe-conte-ferma-il-tour-intervento-chirurgico-salta-lappuntamento-a-bollate\\\/#primaryimage\",\"url\":\"https:\\\/\\\/www.ilnotiziario.net\\\/wp\\\/wp-content\\\/uploads\\\/2026\\\/04\\\/Giuseppe-Conte-1.webp\",\"contentUrl\":\"https:\\\/\\\/www.ilnotiziario.net\\\/wp\\\/wp-content\\\/uploads\\\/2026\\\/04\\\/Giuseppe-Conte-1.webp\",\"width\":1200,\"height\":636,\"caption\":\"Giuseppe Conte Bollate\"},{\"@type\":\"BreadcrumbList\",\"@id\":\"https:\\\/\\\/www.ilnotiziario.net\\\/wp\\\/bollatese\\\/giuseppe-conte-ferma-il-tour-intervento-chirurgico-salta-lappuntamento-a-bollate\\\/#breadcrumb\",\"itemListElement\":[{\"@type\":\"ListItem\",\"position\":1,\"name\":\"tds_text_logo_tagline_colortds_text_logo_tagline_colortds_text_logo_tagline_colortds_text_logo_tagline_colortd_module_7_title_excerpttd_module_7_title_excerpttd_module_7_title_excerpttd_module_7_title_excerptHome\",\"item\":\"https:\\\/\\\/www.ilnotiziario.net\\\/wp\\\/\"},{\"@type\":\"ListItem\",\"position\":2,\"name\":\"Giuseppe Conte ferma il tour: intervento chirurgico, salta l&#8217;appuntamento a Bollate\"}]},{\"@type\":\"WebSite\",\"@id\":\"https:\\\/\\\/www.ilnotiziario.net\\\/wp\\\/#website\",\"url\":\"https:\\\/\\\/www.ilnotiziario.net\\\/wp\\\/\",\"name\":\"Il Notiziario\",\"description\":\"Per restare sempre connessi alla notizia\",\"publisher\":{\"@id\":\"https:\\\/\\\/www.ilnotiziario.net\\\/wp\\\/#organization\"},\"alternateName\":\"Il Notiziario Bollate\",\"potentialAction\":[{\"@type\":\"SearchAction\",\"target\":{\"@type\":\"EntryPoint\",\"urlTemplate\":\"https:\\\/\\\/www.ilnotiziario.net\\\/wp\\\/?s={search_term_string}\"},\"query-input\":{\"@type\":\"PropertyValueSpecification\",\"valueRequired\":true,\"valueName\":\"search_term_string\"}}],\"inLanguage\":\"it-IT\"},{\"@type\":\"Organization\",\"@id\":\"https:\\\/\\\/www.ilnotiziario.net\\\/wp\\\/#organization\",\"name\":\"Il Notiziario\",\"url\":\"https:\\\/\\\/www.ilnotiziario.net\\\/wp\\\/\",\"logo\":{\"@type\":\"ImageObject\",\"inLanguage\":\"it-IT\",\"@id\":\"https:\\\/\\\/www.ilnotiziario.net\\\/wp\\\/#\\\/schema\\\/logo\\\/image\\\/\",\"url\":\"https:\\\/\\\/www.ilnotiziario.net\\\/wp\\\/wp-content\\\/uploads\\\/2022\\\/06\\\/170x170ilN.png\",\"contentUrl\":\"https:\\\/\\\/www.ilnotiziario.net\\\/wp\\\/wp-content\\\/uploads\\\/2022\\\/06\\\/170x170ilN.png\",\"width\":355,\"height\":355,\"caption\":\"Il Notiziario\"},\"image\":{\"@id\":\"https:\\\/\\\/www.ilnotiziario.net\\\/wp\\\/#\\\/schema\\\/logo\\\/image\\\/\"},\"sameAs\":[\"https:\\\/\\\/www.facebook.com\\\/ilnotiziarioind\\\/\",\"https:\\\/\\\/x.com\\\/ilNotiziarioInd\",\"https:\\\/\\\/www.instagram.com\\\/ilnotiziario_settimanale\\\/\"]},{\"@type\":\"Person\",\"@id\":\"https:\\\/\\\/www.ilnotiziario.net\\\/wp\\\/#\\\/schema\\\/person\\\/386e222908f898bb41c033989482bbf2\",\"name\":\"Gabriele Bassani\",\"image\":{\"@type\":\"ImageObject\",\"inLanguage\":\"it-IT\",\"@id\":\"https:\\\/\\\/secure.gravatar.com\\\/avatar\\\/09274f4a84fa97698bde56f84b3afed61c8492d48b0550db9671b68c177479cb?s=96&d=mm&r=g\",\"url\":\"https:\\\/\\\/secure.gravatar.com\\\/avatar\\\/09274f4a84fa97698bde56f84b3afed61c8492d48b0550db9671b68c177479cb?s=96&d=mm&r=g\",\"contentUrl\":\"https:\\\/\\\/secure.gravatar.com\\\/avatar\\\/09274f4a84fa97698bde56f84b3afed61c8492d48b0550db9671b68c177479cb?s=96&d=mm&r=g\",\"caption\":\"Gabriele Bassani\"},\"sameAs\":[\"http:\\\/\\\/www.ilnotiziario.net\"]}]}<\/script>\n<!-- \/ Yoast SEO plugin. -->","yoast_head_json":{"title":"Giuseppe Conte ferma il tour: intervento chirurgico, salta l'appuntamento a Bollate - Il Notiziario","description":"Giuseppe Conte si deve sottoporre ad un intervento chirurgico e non sar\u00e0 domani a Bollate Niente da fare per l\u2019atteso incontro con Giuseppe Conte previsto","robots":{"index":"index","follow":"follow","max-snippet":"max-snippet:-1","max-image-preview":"max-image-preview:large","max-video-preview":"max-video-preview:-1"},"canonical":"https:\/\/www.ilnotiziario.net\/wp\/bollatese\/giuseppe-conte-ferma-il-tour-intervento-chirurgico-salta-lappuntamento-a-bollate\/","og_locale":"it_IT","og_type":"article","og_title":"Giuseppe Conte ferma il tour: intervento chirurgico, salta l'appuntamento a Bollate - Il Notiziario","og_description":"Giuseppe Conte si deve sottoporre ad un intervento chirurgico e non sar\u00e0 domani a Bollate Niente da fare per l\u2019atteso incontro con Giuseppe Conte previsto","og_url":"https:\/\/www.ilnotiziario.net\/wp\/bollatese\/giuseppe-conte-ferma-il-tour-intervento-chirurgico-salta-lappuntamento-a-bollate\/","og_site_name":"Il Notiziario","article_publisher":"https:\/\/www.facebook.com\/ilnotiziarioind\/","article_published_time":"2026-04-27T16:43:11+00:00","og_image":[{"width":1200,"height":636,"url":"https:\/\/www.ilnotiziario.net\/wp\/wp-content\/uploads\/2026\/04\/Giuseppe-Conte-1.webp","type":"image\/webp"}],"author":"Gabriele Bassani","twitter_card":"summary_large_image","twitter_creator":"@ilNotiziarioInd","twitter_site":"@ilNotiziarioInd","twitter_misc":{"Scritto da":"Gabriele Bassani","Tempo di lettura stimato":"2 minuti"},"schema":{"@context":"https:\/\/schema.org","@graph":[{"@type":"Article","@id":"https:\/\/www.ilnotiziario.net\/wp\/bollatese\/giuseppe-conte-ferma-il-tour-intervento-chirurgico-salta-lappuntamento-a-bollate\/#article","isPartOf":{"@id":"https:\/\/www.ilnotiziario.net\/wp\/bollatese\/giuseppe-conte-ferma-il-tour-intervento-chirurgico-salta-lappuntamento-a-bollate\/"},"author":{"name":"Gabriele Bassani","@id":"https:\/\/www.ilnotiziario.net\/wp\/#\/schema\/person\/386e222908f898bb41c033989482bbf2"},"headline":"Giuseppe Conte ferma il tour: intervento chirurgico, salta l&#8217;appuntamento a Bollate","datePublished":"2026-04-27T16:43:11+00:00","mainEntityOfPage":{"@id":"https:\/\/www.ilnotiziario.net\/wp\/bollatese\/giuseppe-conte-ferma-il-tour-intervento-chirurgico-salta-lappuntamento-a-bollate\/"},"wordCount":289,"publisher":{"@id":"https:\/\/www.ilnotiziario.net\/wp\/#organization"},"image":{"@id":"https:\/\/www.ilnotiziario.net\/wp\/bollatese\/giuseppe-conte-ferma-il-tour-intervento-chirurgico-salta-lappuntamento-a-bollate\/#primaryimage"},"thumbnailUrl":"https:\/\/www.ilnotiziario.net\/wp\/wp-content\/uploads\/2026\/04\/Giuseppe-Conte-1.webp","keywords":["Bollate","giuseppe conte"],"articleSection":["BOLLATESE","Prima Pagina"],"inLanguage":"it-IT"},{"@type":"WebPage","@id":"https:\/\/www.ilnotiziario.net\/wp\/bollatese\/giuseppe-conte-ferma-il-tour-intervento-chirurgico-salta-lappuntamento-a-bollate\/","url":"https:\/\/www.ilnotiziario.net\/wp\/bollatese\/giuseppe-conte-ferma-il-tour-intervento-chirurgico-salta-lappuntamento-a-bollate\/","name":"Giuseppe Conte ferma il tour: intervento chirurgico, salta l'appuntamento a Bollate - Il Notiziario","isPartOf":{"@id":"https:\/\/www.ilnotiziario.net\/wp\/#website"},"primaryImageOfPage":{"@id":"https:\/\/www.ilnotiziario.net\/wp\/bollatese\/giuseppe-conte-ferma-il-tour-intervento-chirurgico-salta-lappuntamento-a-bollate\/#primaryimage"},"image":{"@id":"https:\/\/www.ilnotiziario.net\/wp\/bollatese\/giuseppe-conte-ferma-il-tour-intervento-chirurgico-salta-lappuntamento-a-bollate\/#primaryimage"},"thumbnailUrl":"https:\/\/www.ilnotiziario.net\/wp\/wp-content\/uploads\/2026\/04\/Giuseppe-Conte-1.webp","datePublished":"2026-04-27T16:43:11+00:00","description":"Giuseppe Conte si deve sottoporre ad un intervento chirurgico e non sar\u00e0 domani a Bollate Niente da fare per l\u2019atteso incontro con Giuseppe Conte previsto","breadcrumb":{"@id":"https:\/\/www.ilnotiziario.net\/wp\/bollatese\/giuseppe-conte-ferma-il-tour-intervento-chirurgico-salta-lappuntamento-a-bollate\/#breadcrumb"},"inLanguage":"it-IT","potentialAction":[{"@type":"ReadAction","target":["https:\/\/www.ilnotiziario.net\/wp\/bollatese\/giuseppe-conte-ferma-il-tour-intervento-chirurgico-salta-lappuntamento-a-bollate\/"]}]},{"@type":"ImageObject","inLanguage":"it-IT","@id":"https:\/\/www.ilnotiziario.net\/wp\/bollatese\/giuseppe-conte-ferma-il-tour-intervento-chirurgico-salta-lappuntamento-a-bollate\/#primaryimage","url":"https:\/\/www.ilnotiziario.net\/wp\/wp-content\/uploads\/2026\/04\/Giuseppe-Conte-1.webp","contentUrl":"https:\/\/www.ilnotiziario.net\/wp\/wp-content\/uploads\/2026\/04\/Giuseppe-Conte-1.webp","width":1200,"height":636,"caption":"Giuseppe Conte Bollate"},{"@type":"BreadcrumbList","@id":"https:\/\/www.ilnotiziario.net\/wp\/bollatese\/giuseppe-conte-ferma-il-tour-intervento-chirurgico-salta-lappuntamento-a-bollate\/#breadcrumb","itemListElement":[{"@type":"ListItem","position":1,"name":"tds_text_logo_tagline_colortds_text_logo_tagline_colortds_text_logo_tagline_colortds_text_logo_tagline_colortd_module_7_title_excerpttd_module_7_title_excerpttd_module_7_title_excerpttd_module_7_title_excerptHome","item":"https:\/\/www.ilnotiziario.net\/wp\/"},{"@type":"ListItem","position":2,"name":"Giuseppe Conte ferma il tour: intervento chirurgico, salta l&#8217;appuntamento a Bollate"}]},{"@type":"WebSite","@id":"https:\/\/www.ilnotiziario.net\/wp\/#website","url":"https:\/\/www.ilnotiziario.net\/wp\/","name":"Il Notiziario","description":"Per restare sempre connessi alla notizia","publisher":{"@id":"https:\/\/www.ilnotiziario.net\/wp\/#organization"},"alternateName":"Il Notiziario Bollate","potentialAction":[{"@type":"SearchAction","target":{"@type":"EntryPoint","urlTemplate":"https:\/\/www.ilnotiziario.net\/wp\/?s={search_term_string}"},"query-input":{"@type":"PropertyValueSpecification","valueRequired":true,"valueName":"search_term_string"}}],"inLanguage":"it-IT"},{"@type":"Organization","@id":"https:\/\/www.ilnotiziario.net\/wp\/#organization","name":"Il Notiziario","url":"https:\/\/www.ilnotiziario.net\/wp\/","logo":{"@type":"ImageObject","inLanguage":"it-IT","@id":"https:\/\/www.ilnotiziario.net\/wp\/#\/schema\/logo\/image\/","url":"https:\/\/www.ilnotiziario.net\/wp\/wp-content\/uploads\/2022\/06\/170x170ilN.png","contentUrl":"https:\/\/www.ilnotiziario.net\/wp\/wp-content\/uploads\/2022\/06\/170x170ilN.png","width":355,"height":355,"caption":"Il Notiziario"},"image":{"@id":"https:\/\/www.ilnotiziario.net\/wp\/#\/schema\/logo\/image\/"},"sameAs":["https:\/\/www.facebook.com\/ilnotiziarioind\/","https:\/\/x.com\/ilNotiziarioInd","https:\/\/www.instagram.com\/ilnotiziario_settimanale\/"]},{"@type":"Person","@id":"https:\/\/www.ilnotiziario.net\/wp\/#\/schema\/person\/386e222908f898bb41c033989482bbf2","name":"Gabriele Bassani","image":{"@type":"ImageObject","inLanguage":"it-IT","@id":"https:\/\/secure.gravatar.com\/avatar\/09274f4a84fa97698bde56f84b3afed61c8492d48b0550db9671b68c177479cb?s=96&d=mm&r=g","url":"https:\/\/secure.gravatar.com\/avatar\/09274f4a84fa97698bde56f84b3afed61c8492d48b0550db9671b68c177479cb?s=96&d=mm&r=g","contentUrl":"https:\/\/secure.gravatar.com\/avatar\/09274f4a84fa97698bde56f84b3afed61c8492d48b0550db9671b68c177479cb?s=96&d=mm&r=g","caption":"Gabriele Bassani"},"sameAs":["http:\/\/www.ilnotiziario.net"]}]}},"_links":{"self":[{"href":"https:\/\/www.ilnotiziario.net\/wp\/wp-json\/wp\/v2\/posts\/231972","targetHints":{"allow":["GET"]}}],"collection":[{"href":"https:\/\/www.ilnotiziario.net\/wp\/wp-json\/wp\/v2\/posts"}],"about":[{"href":"https:\/\/www.ilnotiziario.net\/wp\/wp-json\/wp\/v2\/types\/post"}],"author":[{"embeddable":true,"href":"https:\/\/www.ilnotiziario.net\/wp\/wp-json\/wp\/v2\/users\/3"}],"replies":[{"embeddable":true,"href":"https:\/\/www.ilnotiziario.net\/wp\/wp-json\/wp\/v2\/comments?post=231972"}],"version-history":[{"count":1,"href":"https:\/\/www.ilnotiziario.net\/wp\/wp-json\/wp\/v2\/posts\/231972\/revisions"}],"predecessor-version":[{"id":231975,"href":"https:\/\/www.ilnotiziario.net\/wp\/wp-json\/wp\/v2\/posts\/231972\/revisions\/231975"}],"wp:featuredmedia":[{"embeddable":true,"href":"https:\/\/www.ilnotiziario.net\/wp\/wp-json\/wp\/v2\/media\/231974"}],"wp:attachment":[{"href":"https:\/\/www.ilnotiziario.net\/wp\/wp-json\/wp\/v2\/media?parent=231972"}],"wp:term":[{"taxonomy":"category","embeddable":true,"href":"https:\/\/www.ilnotiziario.net\/wp\/wp-json\/wp\/v2\/categories?post=231972"},{"taxonomy":"post_tag","embeddable":true,"href":"https:\/\/www.ilnotiziario.net\/wp\/wp-json\/wp\/v2\/tags?post=231972"}],"curies":[{"name":"wp","href":"https:\/\/api.w.org\/{rel}","templated":true}]}}