{"id":23793,"date":"2018-03-14T08:52:45","date_gmt":"2018-03-14T07:52:45","guid":{"rendered":"http:\/\/www.ilnotiziario.net\/?p=23793"},"modified":"2018-03-14T08:52:45","modified_gmt":"2018-03-14T07:52:45","slug":"la-festa-del-papa-e-sempre-piu-trend-sui-social-e-sul-web","status":"publish","type":"post","link":"https:\/\/www.ilnotiziario.net\/wp\/buonoasapersi\/la-festa-del-papa-e-sempre-piu-trend-sui-social-e-sul-web\/","title":{"rendered":"La Festa del Pap\u00e0? E&#8217; sempre pi\u00f9 trend sui social e sul web"},"content":{"rendered":"<p><img fetchpriority=\"high\" decoding=\"async\" class=\"alignnone size-medium wp-image-23794\" src=\"http:\/\/www.ilnotiziario.net\/wp\/wp-content\/uploads\/2018\/03\/ct-fathers-day-mary-schmich-met-20160617-300x200.jpg\" alt=\"\" width=\"300\" height=\"200\" srcset=\"https:\/\/www.ilnotiziario.net\/wp\/wp-content\/uploads\/2018\/03\/ct-fathers-day-mary-schmich-met-20160617-300x200.jpg 300w, https:\/\/www.ilnotiziario.net\/wp\/wp-content\/uploads\/2018\/03\/ct-fathers-day-mary-schmich-met-20160617-768x512.jpg 768w, https:\/\/www.ilnotiziario.net\/wp\/wp-content\/uploads\/2018\/03\/ct-fathers-day-mary-schmich-met-20160617.jpg 1024w, https:\/\/www.ilnotiziario.net\/wp\/wp-content\/uploads\/2018\/03\/ct-fathers-day-mary-schmich-met-20160617-560x374.jpg 560w\" sizes=\"(max-width: 300px) 100vw, 300px\" \/><\/p>\n<p>Nell&#8217;era dei social la tradizionale Festa del pap\u00e0, che nei nostri paesi di cultura cattolica cade il 19 marzo, giorno di San Giuseppe, sta diventando sempre pi\u00f9 polare. Sono infatti aumentate del 22% negli ultimi 3 anni le ricerche e le condivisioni sul web sulla \u201cFesta del Pap\u00e0\u201d.<br \/>\nAnche nel 2018 sembra che la tendenza alla crescita sia sempre pi\u00f9 evidente, in particolare tra gli under 30. Ma cosa cercano o condividono di preciso gli italiani?<\/p><div id=\"ilnot-2563807844\" class=\"ilnot-contenuto ilnot-entity-placement\"><p><!-- incontent_1 --><\/p>\n<div class=\"gptslot\" data-adunitid=\"1\"><\/div>\n<\/div>\n<p>Secondo ricerche recenti al primo posto per il 35% ci sarebbero i classici \u201clavoretti\u201d, probabilmente per i pi\u00f9 piccoli e le scuole, al secondo posto per il 25% \u201cfrasi originali\u201d, da parte di chi forse se la vuole cavare con poco. Per il resto idee regalo, tra le quali spicca gli eterni \u201cportachiavi\u201d per il 18%, cravatte per il 12%.<br \/>\nInsomma, se sui social e sul web la Festa del Pap\u00e0 sembra essere diventata trendy, si continua a preferire una certa tradizione, sopratutto nelle scelte dei regali.<br \/>\nVia libera quindi a tutta quell&#8217;oggettistica che sar\u00e0 per\u00f2 rigorosamente personalizzata: magliette con dedica, accessori, bracciali in acciaio con dedica, tazze, cuscini.<\/p>\n<p>Ma anche portafogli, ferma-soldi, portamonete.<br \/>\nNaturalmente negli ultimi anni \u00e8 fiorito anche l&#8217;e-commerce dedicato: ne \u00e8 un esempio buyitalianstyle.com, leader in Italia per la produzione di abbigliamento, accessori e gadget personalizzati e personalizzabili, che proprio per i Pap\u00e0 ha dedicato un ampio spazio, pieno di idee originali.<\/p><div id=\"ilnot-3331898506\" class=\"ilnot-contenuto_2 ilnot-entity-placement\"><div class=\"ads-wrapper\">\n<div class=\"ad-slot\">\n   <div id=\"ilnot-2880094709\" style=\"margin-right: auto;margin-left: auto;text-align: center;width: 320px;height: 100px;\"><a href=\"https:\/\/www.scuolasicurezza.it\/\"><img decoding=\"async\" src=\"https:\/\/www.ilnotiziario.net\/wp\/wp-content\/uploads\/2026\/04\/IlNotiziario_banner-sito-e-newsletter-320-x-100-px-1.gif\" alt=\"\"><\/a><\/div>\n  <\/div>\n<div class=\"ad-slot\">\n   <div id=\"ilnot-1114740508\" style=\"margin-right: auto;margin-left: auto;text-align: center;width: 320px;height: 100px;\"><a href=\"https:\/\/purodesignarredamenti.com\/\"><img decoding=\"async\" src=\"https:\/\/www.ilnotiziario.net\/wp\/wp-content\/uploads\/2026\/04\/banner-puro-ok.gif\" alt=\"whatsapp\"><\/a><\/div><\/p><\/div>\n<\/div>\n<\/div>\n<p>Buyitalianstyle.com \u00e8 uno dei maggiori e-commerce italiani al 100%, nato dall&#8217;intuizione di due giovani imprenditrici campane, Maria e Michela Lombardi. Figlie di imprenditori del settore della produzione di abbigliamento conto terzi, alcuni anni fa decisero di contribuire ad una forte innovazione dell&#8217;impresa, avviando un e-commerce con prodotti da loro pensati, disegnati e realizzati. Abbigliamento, magliette, corredini, cuscini, gadget, tutti caratterizzati da simpatia, possibilit\u00e0 di personalizzazione, grande qualit\u00e0 nella realizzazione.<\/p>\n<p>Un&#8217;idea che ha riscosso l&#8217;immediato consenso dal mercato, permettendo alle due fondatrici di ampliare lo staff fino a 40 persone, di sbarcare all&#8217;estero e di aprire 16 punti vendita in franchising, in continuo aumento.<\/p>\n<p>La festa del pap\u00e0 viene celebrata in quasi tutto il mondo, con date che per\u00f2 variano a seconda delle tradizioni dei diversi paesi.<br \/>\nIn quelli di stampo statunitense per esempio, la festa si tiene la terza domenica di giugno dal 1910, mentre; in altri paesi la festa \u00e8 associata ai padri nel loro ruolo nazionale, come in Russia, dove \u00e8 celebrata come la festa dei difensori della patria e in Thailandia, dove coincide con il compleanno del defunto sovrano Rama IX, venerato come padre della nazione.<\/p><div id=\"ilnot-979039449\" class=\"ilnot-contenuto_2-2 ilnot-entity-placement\"><div class=\"gptslot\" data-adunitid=\"2\"><\/div>\n<\/div>\n","protected":false},"excerpt":{"rendered":"<p>Nell&#8217;era dei social la tradizionale Festa del pap\u00e0, che nei nostri paesi di cultura cattolica cade il 19 marzo, giorno di San Giuseppe, sta diventando sempre pi\u00f9 polare. Sono infatti aumentate del 22% negli ultimi 3 anni le ricerche e le condivisioni sul web sulla \u201cFesta del Pap\u00e0\u201d. Anche nel 2018 sembra che la tendenza<\/p>\n","protected":false},"author":14,"featured_media":23794,"comment_status":"closed","ping_status":"closed","sticky":false,"template":"","format":"standard","meta":{"footnotes":""},"categories":[4193],"tags":[3814,4455,212,4454,4377,4857],"class_list":{"0":"post-23793","1":"post","2":"type-post","3":"status-publish","4":"format-standard","5":"has-post-thumbnail","7":"category-buonoasapersi","8":"tag-festa-del-papa","9":"tag-idee","10":"tag-papa","11":"tag-regali","12":"tag-social","13":"tag-web"},"yoast_head":"<!-- This site is optimized with the Yoast SEO plugin v27.4 - https:\/\/yoast.com\/product\/yoast-seo-wordpress\/ -->\n<title>La Festa del Pap\u00e0? E&#039; sempre pi\u00f9 trend sui social e sul web - Il Notiziario<\/title>\n<meta name=\"description\" content=\"Nell&#039;era dei social la tradizionale Festa del pap\u00e0, che nei nostri paesi di cultura cattolica cade il 19 marzo, giorno di San Giuseppe, sta diventando\" \/>\n<meta name=\"robots\" content=\"index, follow, max-snippet:-1, max-image-preview:large, max-video-preview:-1\" \/>\n<link rel=\"canonical\" href=\"https:\/\/www.ilnotiziario.net\/wp\/buonoasapersi\/la-festa-del-papa-e-sempre-piu-trend-sui-social-e-sul-web\/\" \/>\n<meta property=\"og:locale\" content=\"it_IT\" \/>\n<meta property=\"og:type\" content=\"article\" \/>\n<meta property=\"og:title\" content=\"La Festa del Pap\u00e0? E&#039; sempre pi\u00f9 trend sui social e sul web - Il Notiziario\" \/>\n<meta property=\"og:description\" content=\"Nell&#039;era dei social la tradizionale Festa del pap\u00e0, che nei nostri paesi di cultura cattolica cade il 19 marzo, giorno di San Giuseppe, sta diventando\" \/>\n<meta property=\"og:url\" content=\"https:\/\/www.ilnotiziario.net\/wp\/buonoasapersi\/la-festa-del-papa-e-sempre-piu-trend-sui-social-e-sul-web\/\" \/>\n<meta property=\"og:site_name\" content=\"Il Notiziario\" \/>\n<meta property=\"article:publisher\" content=\"https:\/\/www.facebook.com\/ilnotiziarioind\/\" \/>\n<meta property=\"article:published_time\" content=\"2018-03-14T07:52:45+00:00\" \/>\n<meta property=\"og:image\" content=\"https:\/\/www.ilnotiziario.net\/wp\/wp-content\/uploads\/2018\/03\/ct-fathers-day-mary-schmich-met-20160617.jpg\" \/>\n\t<meta property=\"og:image:width\" content=\"1024\" \/>\n\t<meta property=\"og:image:height\" content=\"683\" \/>\n\t<meta property=\"og:image:type\" content=\"image\/jpeg\" \/>\n<meta name=\"author\" content=\"Silvia Citterio\" \/>\n<meta name=\"twitter:card\" content=\"summary_large_image\" \/>\n<meta name=\"twitter:creator\" content=\"@ilNotiziarioInd\" \/>\n<meta name=\"twitter:site\" content=\"@ilNotiziarioInd\" \/>\n<meta name=\"twitter:label1\" content=\"Scritto da\" \/>\n\t<meta name=\"twitter:data1\" content=\"Silvia Citterio\" \/>\n\t<meta name=\"twitter:label2\" content=\"Tempo di lettura stimato\" \/>\n\t<meta name=\"twitter:data2\" content=\"2 minuti\" \/>\n<script type=\"application\/ld+json\" class=\"yoast-schema-graph\">{\"@context\":\"https:\\\/\\\/schema.org\",\"@graph\":[{\"@type\":\"Article\",\"@id\":\"https:\\\/\\\/www.ilnotiziario.net\\\/wp\\\/buonoasapersi\\\/la-festa-del-papa-e-sempre-piu-trend-sui-social-e-sul-web\\\/#article\",\"isPartOf\":{\"@id\":\"https:\\\/\\\/www.ilnotiziario.net\\\/wp\\\/buonoasapersi\\\/la-festa-del-papa-e-sempre-piu-trend-sui-social-e-sul-web\\\/\"},\"author\":{\"name\":\"Silvia Citterio\",\"@id\":\"https:\\\/\\\/www.ilnotiziario.net\\\/wp\\\/#\\\/schema\\\/person\\\/c5bca2edc3d99d29959f04a6126f687b\"},\"headline\":\"La Festa del Pap\u00e0? E&#8217; sempre pi\u00f9 trend sui social e sul web\",\"datePublished\":\"2018-03-14T07:52:45+00:00\",\"mainEntityOfPage\":{\"@id\":\"https:\\\/\\\/www.ilnotiziario.net\\\/wp\\\/buonoasapersi\\\/la-festa-del-papa-e-sempre-piu-trend-sui-social-e-sul-web\\\/\"},\"wordCount\":426,\"publisher\":{\"@id\":\"https:\\\/\\\/www.ilnotiziario.net\\\/wp\\\/#organization\"},\"image\":{\"@id\":\"https:\\\/\\\/www.ilnotiziario.net\\\/wp\\\/buonoasapersi\\\/la-festa-del-papa-e-sempre-piu-trend-sui-social-e-sul-web\\\/#primaryimage\"},\"thumbnailUrl\":\"https:\\\/\\\/www.ilnotiziario.net\\\/wp\\\/wp-content\\\/uploads\\\/2018\\\/03\\\/ct-fathers-day-mary-schmich-met-20160617.jpg\",\"keywords\":[\"Festa del Pap\u00e0\",\"idee\",\"Papa\",\"regali\",\"social\",\"web\"],\"articleSection\":[\"BUONO A SAPERSI\"],\"inLanguage\":\"it-IT\"},{\"@type\":\"WebPage\",\"@id\":\"https:\\\/\\\/www.ilnotiziario.net\\\/wp\\\/buonoasapersi\\\/la-festa-del-papa-e-sempre-piu-trend-sui-social-e-sul-web\\\/\",\"url\":\"https:\\\/\\\/www.ilnotiziario.net\\\/wp\\\/buonoasapersi\\\/la-festa-del-papa-e-sempre-piu-trend-sui-social-e-sul-web\\\/\",\"name\":\"La Festa del Pap\u00e0? E' sempre pi\u00f9 trend sui social e sul web - Il Notiziario\",\"isPartOf\":{\"@id\":\"https:\\\/\\\/www.ilnotiziario.net\\\/wp\\\/#website\"},\"primaryImageOfPage\":{\"@id\":\"https:\\\/\\\/www.ilnotiziario.net\\\/wp\\\/buonoasapersi\\\/la-festa-del-papa-e-sempre-piu-trend-sui-social-e-sul-web\\\/#primaryimage\"},\"image\":{\"@id\":\"https:\\\/\\\/www.ilnotiziario.net\\\/wp\\\/buonoasapersi\\\/la-festa-del-papa-e-sempre-piu-trend-sui-social-e-sul-web\\\/#primaryimage\"},\"thumbnailUrl\":\"https:\\\/\\\/www.ilnotiziario.net\\\/wp\\\/wp-content\\\/uploads\\\/2018\\\/03\\\/ct-fathers-day-mary-schmich-met-20160617.jpg\",\"datePublished\":\"2018-03-14T07:52:45+00:00\",\"description\":\"Nell'era dei social la tradizionale Festa del pap\u00e0, che nei nostri paesi di cultura cattolica cade il 19 marzo, giorno di San Giuseppe, sta diventando\",\"breadcrumb\":{\"@id\":\"https:\\\/\\\/www.ilnotiziario.net\\\/wp\\\/buonoasapersi\\\/la-festa-del-papa-e-sempre-piu-trend-sui-social-e-sul-web\\\/#breadcrumb\"},\"inLanguage\":\"it-IT\",\"potentialAction\":[{\"@type\":\"ReadAction\",\"target\":[\"https:\\\/\\\/www.ilnotiziario.net\\\/wp\\\/buonoasapersi\\\/la-festa-del-papa-e-sempre-piu-trend-sui-social-e-sul-web\\\/\"]}]},{\"@type\":\"ImageObject\",\"inLanguage\":\"it-IT\",\"@id\":\"https:\\\/\\\/www.ilnotiziario.net\\\/wp\\\/buonoasapersi\\\/la-festa-del-papa-e-sempre-piu-trend-sui-social-e-sul-web\\\/#primaryimage\",\"url\":\"https:\\\/\\\/www.ilnotiziario.net\\\/wp\\\/wp-content\\\/uploads\\\/2018\\\/03\\\/ct-fathers-day-mary-schmich-met-20160617.jpg\",\"contentUrl\":\"https:\\\/\\\/www.ilnotiziario.net\\\/wp\\\/wp-content\\\/uploads\\\/2018\\\/03\\\/ct-fathers-day-mary-schmich-met-20160617.jpg\",\"width\":1024,\"height\":683},{\"@type\":\"BreadcrumbList\",\"@id\":\"https:\\\/\\\/www.ilnotiziario.net\\\/wp\\\/buonoasapersi\\\/la-festa-del-papa-e-sempre-piu-trend-sui-social-e-sul-web\\\/#breadcrumb\",\"itemListElement\":[{\"@type\":\"ListItem\",\"position\":1,\"name\":\"tds_text_logo_tagline_colortds_text_logo_tagline_colortds_text_logo_tagline_colortds_text_logo_tagline_colortd_module_7_title_excerpttd_module_7_title_excerpttd_module_7_title_excerpttd_module_7_title_excerptHome\",\"item\":\"https:\\\/\\\/www.ilnotiziario.net\\\/wp\\\/\"},{\"@type\":\"ListItem\",\"position\":2,\"name\":\"La Festa del Pap\u00e0? E&#8217; sempre pi\u00f9 trend sui social e sul web\"}]},{\"@type\":\"WebSite\",\"@id\":\"https:\\\/\\\/www.ilnotiziario.net\\\/wp\\\/#website\",\"url\":\"https:\\\/\\\/www.ilnotiziario.net\\\/wp\\\/\",\"name\":\"Il Notiziario\",\"description\":\"Per restare sempre connessi alla notizia\",\"publisher\":{\"@id\":\"https:\\\/\\\/www.ilnotiziario.net\\\/wp\\\/#organization\"},\"alternateName\":\"Il Notiziario Bollate\",\"potentialAction\":[{\"@type\":\"SearchAction\",\"target\":{\"@type\":\"EntryPoint\",\"urlTemplate\":\"https:\\\/\\\/www.ilnotiziario.net\\\/wp\\\/?s={search_term_string}\"},\"query-input\":{\"@type\":\"PropertyValueSpecification\",\"valueRequired\":true,\"valueName\":\"search_term_string\"}}],\"inLanguage\":\"it-IT\"},{\"@type\":\"Organization\",\"@id\":\"https:\\\/\\\/www.ilnotiziario.net\\\/wp\\\/#organization\",\"name\":\"Il Notiziario\",\"url\":\"https:\\\/\\\/www.ilnotiziario.net\\\/wp\\\/\",\"logo\":{\"@type\":\"ImageObject\",\"inLanguage\":\"it-IT\",\"@id\":\"https:\\\/\\\/www.ilnotiziario.net\\\/wp\\\/#\\\/schema\\\/logo\\\/image\\\/\",\"url\":\"https:\\\/\\\/www.ilnotiziario.net\\\/wp\\\/wp-content\\\/uploads\\\/2022\\\/06\\\/170x170ilN.png\",\"contentUrl\":\"https:\\\/\\\/www.ilnotiziario.net\\\/wp\\\/wp-content\\\/uploads\\\/2022\\\/06\\\/170x170ilN.png\",\"width\":355,\"height\":355,\"caption\":\"Il Notiziario\"},\"image\":{\"@id\":\"https:\\\/\\\/www.ilnotiziario.net\\\/wp\\\/#\\\/schema\\\/logo\\\/image\\\/\"},\"sameAs\":[\"https:\\\/\\\/www.facebook.com\\\/ilnotiziarioind\\\/\",\"https:\\\/\\\/x.com\\\/ilNotiziarioInd\",\"https:\\\/\\\/www.instagram.com\\\/ilnotiziario_settimanale\\\/\"]},{\"@type\":\"Person\",\"@id\":\"https:\\\/\\\/www.ilnotiziario.net\\\/wp\\\/#\\\/schema\\\/person\\\/c5bca2edc3d99d29959f04a6126f687b\",\"name\":\"Silvia Citterio\",\"image\":{\"@type\":\"ImageObject\",\"inLanguage\":\"it-IT\",\"@id\":\"https:\\\/\\\/secure.gravatar.com\\\/avatar\\\/03eb19c63b944e79a9b5ce53ca5d1ca303edcf368a68721ec3ccaae7f98c5afd?s=96&d=mm&r=g\",\"url\":\"https:\\\/\\\/secure.gravatar.com\\\/avatar\\\/03eb19c63b944e79a9b5ce53ca5d1ca303edcf368a68721ec3ccaae7f98c5afd?s=96&d=mm&r=g\",\"contentUrl\":\"https:\\\/\\\/secure.gravatar.com\\\/avatar\\\/03eb19c63b944e79a9b5ce53ca5d1ca303edcf368a68721ec3ccaae7f98c5afd?s=96&d=mm&r=g\",\"caption\":\"Silvia Citterio\"}}]}<\/script>\n<!-- \/ Yoast SEO plugin. -->","yoast_head_json":{"title":"La Festa del Pap\u00e0? E' sempre pi\u00f9 trend sui social e sul web - Il Notiziario","description":"Nell'era dei social la tradizionale Festa del pap\u00e0, che nei nostri paesi di cultura cattolica cade il 19 marzo, giorno di San Giuseppe, sta diventando","robots":{"index":"index","follow":"follow","max-snippet":"max-snippet:-1","max-image-preview":"max-image-preview:large","max-video-preview":"max-video-preview:-1"},"canonical":"https:\/\/www.ilnotiziario.net\/wp\/buonoasapersi\/la-festa-del-papa-e-sempre-piu-trend-sui-social-e-sul-web\/","og_locale":"it_IT","og_type":"article","og_title":"La Festa del Pap\u00e0? E' sempre pi\u00f9 trend sui social e sul web - Il Notiziario","og_description":"Nell'era dei social la tradizionale Festa del pap\u00e0, che nei nostri paesi di cultura cattolica cade il 19 marzo, giorno di San Giuseppe, sta diventando","og_url":"https:\/\/www.ilnotiziario.net\/wp\/buonoasapersi\/la-festa-del-papa-e-sempre-piu-trend-sui-social-e-sul-web\/","og_site_name":"Il Notiziario","article_publisher":"https:\/\/www.facebook.com\/ilnotiziarioind\/","article_published_time":"2018-03-14T07:52:45+00:00","og_image":[{"width":1024,"height":683,"url":"https:\/\/www.ilnotiziario.net\/wp\/wp-content\/uploads\/2018\/03\/ct-fathers-day-mary-schmich-met-20160617.jpg","type":"image\/jpeg"}],"author":"Silvia Citterio","twitter_card":"summary_large_image","twitter_creator":"@ilNotiziarioInd","twitter_site":"@ilNotiziarioInd","twitter_misc":{"Scritto da":"Silvia Citterio","Tempo di lettura stimato":"2 minuti"},"schema":{"@context":"https:\/\/schema.org","@graph":[{"@type":"Article","@id":"https:\/\/www.ilnotiziario.net\/wp\/buonoasapersi\/la-festa-del-papa-e-sempre-piu-trend-sui-social-e-sul-web\/#article","isPartOf":{"@id":"https:\/\/www.ilnotiziario.net\/wp\/buonoasapersi\/la-festa-del-papa-e-sempre-piu-trend-sui-social-e-sul-web\/"},"author":{"name":"Silvia Citterio","@id":"https:\/\/www.ilnotiziario.net\/wp\/#\/schema\/person\/c5bca2edc3d99d29959f04a6126f687b"},"headline":"La Festa del Pap\u00e0? E&#8217; sempre pi\u00f9 trend sui social e sul web","datePublished":"2018-03-14T07:52:45+00:00","mainEntityOfPage":{"@id":"https:\/\/www.ilnotiziario.net\/wp\/buonoasapersi\/la-festa-del-papa-e-sempre-piu-trend-sui-social-e-sul-web\/"},"wordCount":426,"publisher":{"@id":"https:\/\/www.ilnotiziario.net\/wp\/#organization"},"image":{"@id":"https:\/\/www.ilnotiziario.net\/wp\/buonoasapersi\/la-festa-del-papa-e-sempre-piu-trend-sui-social-e-sul-web\/#primaryimage"},"thumbnailUrl":"https:\/\/www.ilnotiziario.net\/wp\/wp-content\/uploads\/2018\/03\/ct-fathers-day-mary-schmich-met-20160617.jpg","keywords":["Festa del Pap\u00e0","idee","Papa","regali","social","web"],"articleSection":["BUONO A SAPERSI"],"inLanguage":"it-IT"},{"@type":"WebPage","@id":"https:\/\/www.ilnotiziario.net\/wp\/buonoasapersi\/la-festa-del-papa-e-sempre-piu-trend-sui-social-e-sul-web\/","url":"https:\/\/www.ilnotiziario.net\/wp\/buonoasapersi\/la-festa-del-papa-e-sempre-piu-trend-sui-social-e-sul-web\/","name":"La Festa del Pap\u00e0? E' sempre pi\u00f9 trend sui social e sul web - Il Notiziario","isPartOf":{"@id":"https:\/\/www.ilnotiziario.net\/wp\/#website"},"primaryImageOfPage":{"@id":"https:\/\/www.ilnotiziario.net\/wp\/buonoasapersi\/la-festa-del-papa-e-sempre-piu-trend-sui-social-e-sul-web\/#primaryimage"},"image":{"@id":"https:\/\/www.ilnotiziario.net\/wp\/buonoasapersi\/la-festa-del-papa-e-sempre-piu-trend-sui-social-e-sul-web\/#primaryimage"},"thumbnailUrl":"https:\/\/www.ilnotiziario.net\/wp\/wp-content\/uploads\/2018\/03\/ct-fathers-day-mary-schmich-met-20160617.jpg","datePublished":"2018-03-14T07:52:45+00:00","description":"Nell'era dei social la tradizionale Festa del pap\u00e0, che nei nostri paesi di cultura cattolica cade il 19 marzo, giorno di San Giuseppe, sta diventando","breadcrumb":{"@id":"https:\/\/www.ilnotiziario.net\/wp\/buonoasapersi\/la-festa-del-papa-e-sempre-piu-trend-sui-social-e-sul-web\/#breadcrumb"},"inLanguage":"it-IT","potentialAction":[{"@type":"ReadAction","target":["https:\/\/www.ilnotiziario.net\/wp\/buonoasapersi\/la-festa-del-papa-e-sempre-piu-trend-sui-social-e-sul-web\/"]}]},{"@type":"ImageObject","inLanguage":"it-IT","@id":"https:\/\/www.ilnotiziario.net\/wp\/buonoasapersi\/la-festa-del-papa-e-sempre-piu-trend-sui-social-e-sul-web\/#primaryimage","url":"https:\/\/www.ilnotiziario.net\/wp\/wp-content\/uploads\/2018\/03\/ct-fathers-day-mary-schmich-met-20160617.jpg","contentUrl":"https:\/\/www.ilnotiziario.net\/wp\/wp-content\/uploads\/2018\/03\/ct-fathers-day-mary-schmich-met-20160617.jpg","width":1024,"height":683},{"@type":"BreadcrumbList","@id":"https:\/\/www.ilnotiziario.net\/wp\/buonoasapersi\/la-festa-del-papa-e-sempre-piu-trend-sui-social-e-sul-web\/#breadcrumb","itemListElement":[{"@type":"ListItem","position":1,"name":"tds_text_logo_tagline_colortds_text_logo_tagline_colortds_text_logo_tagline_colortds_text_logo_tagline_colortd_module_7_title_excerpttd_module_7_title_excerpttd_module_7_title_excerpttd_module_7_title_excerptHome","item":"https:\/\/www.ilnotiziario.net\/wp\/"},{"@type":"ListItem","position":2,"name":"La Festa del Pap\u00e0? E&#8217; sempre pi\u00f9 trend sui social e sul web"}]},{"@type":"WebSite","@id":"https:\/\/www.ilnotiziario.net\/wp\/#website","url":"https:\/\/www.ilnotiziario.net\/wp\/","name":"Il Notiziario","description":"Per restare sempre connessi alla notizia","publisher":{"@id":"https:\/\/www.ilnotiziario.net\/wp\/#organization"},"alternateName":"Il Notiziario Bollate","potentialAction":[{"@type":"SearchAction","target":{"@type":"EntryPoint","urlTemplate":"https:\/\/www.ilnotiziario.net\/wp\/?s={search_term_string}"},"query-input":{"@type":"PropertyValueSpecification","valueRequired":true,"valueName":"search_term_string"}}],"inLanguage":"it-IT"},{"@type":"Organization","@id":"https:\/\/www.ilnotiziario.net\/wp\/#organization","name":"Il Notiziario","url":"https:\/\/www.ilnotiziario.net\/wp\/","logo":{"@type":"ImageObject","inLanguage":"it-IT","@id":"https:\/\/www.ilnotiziario.net\/wp\/#\/schema\/logo\/image\/","url":"https:\/\/www.ilnotiziario.net\/wp\/wp-content\/uploads\/2022\/06\/170x170ilN.png","contentUrl":"https:\/\/www.ilnotiziario.net\/wp\/wp-content\/uploads\/2022\/06\/170x170ilN.png","width":355,"height":355,"caption":"Il Notiziario"},"image":{"@id":"https:\/\/www.ilnotiziario.net\/wp\/#\/schema\/logo\/image\/"},"sameAs":["https:\/\/www.facebook.com\/ilnotiziarioind\/","https:\/\/x.com\/ilNotiziarioInd","https:\/\/www.instagram.com\/ilnotiziario_settimanale\/"]},{"@type":"Person","@id":"https:\/\/www.ilnotiziario.net\/wp\/#\/schema\/person\/c5bca2edc3d99d29959f04a6126f687b","name":"Silvia Citterio","image":{"@type":"ImageObject","inLanguage":"it-IT","@id":"https:\/\/secure.gravatar.com\/avatar\/03eb19c63b944e79a9b5ce53ca5d1ca303edcf368a68721ec3ccaae7f98c5afd?s=96&d=mm&r=g","url":"https:\/\/secure.gravatar.com\/avatar\/03eb19c63b944e79a9b5ce53ca5d1ca303edcf368a68721ec3ccaae7f98c5afd?s=96&d=mm&r=g","contentUrl":"https:\/\/secure.gravatar.com\/avatar\/03eb19c63b944e79a9b5ce53ca5d1ca303edcf368a68721ec3ccaae7f98c5afd?s=96&d=mm&r=g","caption":"Silvia Citterio"}}]}},"_links":{"self":[{"href":"https:\/\/www.ilnotiziario.net\/wp\/wp-json\/wp\/v2\/posts\/23793","targetHints":{"allow":["GET"]}}],"collection":[{"href":"https:\/\/www.ilnotiziario.net\/wp\/wp-json\/wp\/v2\/posts"}],"about":[{"href":"https:\/\/www.ilnotiziario.net\/wp\/wp-json\/wp\/v2\/types\/post"}],"author":[{"embeddable":true,"href":"https:\/\/www.ilnotiziario.net\/wp\/wp-json\/wp\/v2\/users\/14"}],"replies":[{"embeddable":true,"href":"https:\/\/www.ilnotiziario.net\/wp\/wp-json\/wp\/v2\/comments?post=23793"}],"version-history":[{"count":0,"href":"https:\/\/www.ilnotiziario.net\/wp\/wp-json\/wp\/v2\/posts\/23793\/revisions"}],"wp:featuredmedia":[{"embeddable":true,"href":"https:\/\/www.ilnotiziario.net\/wp\/wp-json\/wp\/v2\/media\/23794"}],"wp:attachment":[{"href":"https:\/\/www.ilnotiziario.net\/wp\/wp-json\/wp\/v2\/media?parent=23793"}],"wp:term":[{"taxonomy":"category","embeddable":true,"href":"https:\/\/www.ilnotiziario.net\/wp\/wp-json\/wp\/v2\/categories?post=23793"},{"taxonomy":"post_tag","embeddable":true,"href":"https:\/\/www.ilnotiziario.net\/wp\/wp-json\/wp\/v2\/tags?post=23793"}],"curies":[{"name":"wp","href":"https:\/\/api.w.org\/{rel}","templated":true}]}}