{"id":240307,"date":"2026-09-03T17:06:03","date_gmt":"2026-09-03T15:06:03","guid":{"rendered":"https:\/\/www.ilnotiziario.net\/wp\/?p=240307"},"modified":"2026-09-03T17:06:03","modified_gmt":"2026-09-03T15:06:03","slug":"limbiate-aurora-busato-compie-100-anni-festa-e-auguri-della-citta","status":"publish","type":"post","link":"https:\/\/www.ilnotiziario.net\/wp\/prima-pagina\/limbiate-aurora-busato-compie-100-anni-festa-e-auguri-della-citta\/","title":{"rendered":"Limbiate, Aurora Busato compie 100 anni: festa e auguri della citt\u00e0"},"content":{"rendered":"<p>Limbiate, Aurora Busato compie 100 anni: festa e auguri della citt\u00e0<\/p><div id=\"ilnot-496022202\" class=\"ilnot-contenuto ilnot-entity-placement\"><p><!-- incontent_1 --><\/p>\n<div class=\"gptslot\" data-adunitid=\"1\"><\/div>\n<\/div>\n<p class=\"PDq2pG_selectionAnchorContainer\" data-start=\"186\" data-end=\"425\">Limbiate festeggia i 100 anni di Aurora Busato, residente in citt\u00e0 e oggi ospite della RSA Groane di Cesano Maderno. Un traguardo importante, celebrato con una festa insieme alla famiglia e con gli auguri dell\u2019Amministrazione comunale.<\/p>\n<p data-start=\"427\" data-end=\"594\">A portare personalmente gli auguri della Citt\u00e0 di Limbiate \u00e8 stata la vicesindaco Agata Dal\u00f2, che ha partecipato al momento di festa insieme ai figli della centenaria.<\/p><div id=\"ilnot-3479999849\" class=\"ilnot-contenuto_2 ilnot-entity-placement\"><div class=\"presscom-box\">\r\n    <div class=\"presscom-item\">\r\n        <div id=\"ilnot-1469323302\" style=\"float: right;width: 320px;height: 100px;\"><a data-no-instant=\"1\" href=\"https:\/\/cedamitalia.it\/servizio\/radiologia\/\" rel=\"noopener\" class=\"a2t-link\"><iframe\r\n    src=\"\/wp-content\/uploads\/cedam-banner\/\"\r\n    width=\"320\"\r\n    height=\"100\"\r\n    frameborder=\"0\"\r\n    scrolling=\"no\"\r\n    loading=\"lazy\"\r\n    style=\"border:0;overflow:hidden\">\r\n<\/iframe><\/a><\/div>\r\n    <\/div>\r\n\r\n    <div class=\"presscom-item\">\r\n        <div id=\"ilnot-3789513240\" style=\"margin-right: auto;margin-left: auto;text-align: center;width: 320px;height: 100px;\"><a href=\"https:\/\/www.studiobriccaclaudio.com\/\"><img src=\"https:\/\/www.ilnotiziario.net\/wp\/wp-content\/uploads\/2026\/05\/banner-briccaok.gif\" alt=\"Studio Bricca\"><\/a>.<\/div>\r\n    <\/div>\r\n<\/div><\/div>\n<h2 data-start=\"427\" data-end=\"594\">Aurora Busato compie 100 anni a Limbiate: gli auguri dell\u2019Amministrazione<\/h2>\n<p data-start=\"596\" data-end=\"819\">Aurora Busato \u00e8 arrivata a Limbiate molti anni fa, quando il marito lavorava alla Snia. Nel corso della sua lunga vita ha costruito in citt\u00e0 una parte importante della propria storia, diventando parte della comunit\u00e0 locale.<\/p>\n<p data-start=\"821\" data-end=\"1010\">Il centesimo compleanno \u00e8 stato cos\u00ec l\u2019occasione per celebrare non solo un importante traguardo personale, ma anche una storia fatta di famiglia, lavoro, affetti e legame con il territorio.<\/p>\n<p data-start=\"1012\" data-end=\"1200\" data-is-last-node=\"\" data-is-only-node=\"\">Alla signora Aurora sono arrivati gli auguri dell\u2019Amministrazione comunale e di tutta Limbiate, per un compleanno speciale che porta con s\u00e9 cento anni di memoria e di storia condivisa.<\/p><div id=\"ilnot-4221709712\" class=\"ilnot-contenuto_2-2 ilnot-entity-placement\"><div class=\"gptslot\" data-adunitid=\"2\"><\/div>\n<\/div>\n<p data-start=\"1012\" data-end=\"1200\" data-is-last-node=\"\" data-is-only-node=\"\"><a href=\"https:\/\/www.ilnotiziario.net\/wp\/chi-siamo\/\"><strong>Redazione Online<\/strong><\/a><\/p>\n","protected":false},"excerpt":{"rendered":"<p>Limbiate, Aurora Busato compie 100 anni: festa e auguri della citt\u00e0 Limbiate festeggia i 100 anni di Aurora Busato, residente in citt\u00e0 e oggi ospite della RSA Groane di Cesano Maderno. Un traguardo importante, celebrato con una festa insieme alla famiglia e con gli auguri dell\u2019Amministrazione comunale. A portare personalmente gli auguri della Citt\u00e0 di<\/p>\n","protected":false},"author":223164,"featured_media":240308,"comment_status":"closed","ping_status":"closed","sticky":false,"template":"","format":"standard","meta":{"footnotes":""},"categories":[9,20],"tags":[4593,10014,47],"class_list":["post-240307","post","type-post","status-publish","format-standard","has-post-thumbnail","category-brianza","category-prima-pagina","tag-amministrazione-comunale","tag-centenaria","tag-limbiate"],"yoast_head":"<!-- This site is optimized with the Yoast SEO plugin v28.4 - https:\/\/yoast.com\/product\/yoast-seo-wordpress\/ -->\n<title>Limbiate, Aurora Busato compie 100 anni: festa e auguri della citt\u00e0 - Il Notiziario<\/title>\n<meta name=\"description\" content=\"Limbiate, Aurora Busato compie 100 anni: festa e auguri della citt\u00e0 Limbiate festeggia i 100 anni di Aurora Busato, residente in citt\u00e0 e oggi ospite della\" \/>\n<meta name=\"robots\" content=\"index, follow, max-snippet:-1, max-image-preview:large, max-video-preview:-1\" \/>\n<link rel=\"canonical\" href=\"https:\/\/www.ilnotiziario.net\/wp\/prima-pagina\/limbiate-aurora-busato-compie-100-anni-festa-e-auguri-della-citta\/\" \/>\n<meta property=\"og:locale\" content=\"it_IT\" \/>\n<meta property=\"og:type\" content=\"article\" \/>\n<meta property=\"og:title\" content=\"Limbiate, Aurora Busato compie 100 anni: festa e auguri della citt\u00e0 - Il Notiziario\" \/>\n<meta property=\"og:description\" content=\"Limbiate, Aurora Busato compie 100 anni: festa e auguri della citt\u00e0 Limbiate festeggia i 100 anni di Aurora Busato, residente in citt\u00e0 e oggi ospite della\" \/>\n<meta property=\"og:url\" content=\"https:\/\/www.ilnotiziario.net\/wp\/prima-pagina\/limbiate-aurora-busato-compie-100-anni-festa-e-auguri-della-citta\/\" \/>\n<meta property=\"og:site_name\" content=\"Il Notiziario\" \/>\n<meta property=\"article:publisher\" content=\"https:\/\/www.facebook.com\/ilnotiziarioind\/\" \/>\n<meta property=\"article:published_time\" content=\"2026-09-03T15:06:03+00:00\" \/>\n<meta property=\"og:image\" content=\"https:\/\/www.ilnotiziario.net\/wp\/wp-content\/uploads\/2026\/09\/immagine-di-repertorio-2026-09-03T170541.582.jpg\" \/>\n\t<meta property=\"og:image:width\" content=\"1200\" \/>\n\t<meta property=\"og:image:height\" content=\"630\" \/>\n\t<meta property=\"og:image:type\" content=\"image\/jpeg\" \/>\n<meta name=\"author\" content=\"Nicholas Ninno\" \/>\n<meta name=\"twitter:card\" content=\"summary_large_image\" \/>\n<meta name=\"twitter:creator\" content=\"@ilNotiziarioInd\" \/>\n<meta name=\"twitter:site\" content=\"@ilNotiziarioInd\" \/>\n<meta name=\"twitter:label1\" content=\"Scritto da\" \/>\n\t<meta name=\"twitter:data1\" content=\"Nicholas Ninno\" \/>\n\t<meta name=\"twitter:label2\" content=\"Tempo di lettura stimato\" \/>\n\t<meta name=\"twitter:data2\" content=\"2 minuti\" \/>\n<script type=\"application\/ld+json\" class=\"yoast-schema-graph\">{\"@context\":\"https:\\\/\\\/schema.org\",\"@graph\":[{\"@type\":\"Article\",\"@id\":\"https:\\\/\\\/www.ilnotiziario.net\\\/wp\\\/prima-pagina\\\/limbiate-aurora-busato-compie-100-anni-festa-e-auguri-della-citta\\\/#article\",\"isPartOf\":{\"@id\":\"https:\\\/\\\/www.ilnotiziario.net\\\/wp\\\/prima-pagina\\\/limbiate-aurora-busato-compie-100-anni-festa-e-auguri-della-citta\\\/\"},\"author\":{\"name\":\"Nicholas Ninno\",\"@id\":\"https:\\\/\\\/www.ilnotiziario.net\\\/wp\\\/#\\\/schema\\\/person\\\/dde8136f84d4256465941497b8e07380\"},\"headline\":\"Limbiate, Aurora Busato compie 100 anni: festa e auguri della citt\u00e0\",\"datePublished\":\"2026-09-03T15:06:03+00:00\",\"mainEntityOfPage\":{\"@id\":\"https:\\\/\\\/www.ilnotiziario.net\\\/wp\\\/prima-pagina\\\/limbiate-aurora-busato-compie-100-anni-festa-e-auguri-della-citta\\\/\"},\"wordCount\":188,\"publisher\":{\"@id\":\"https:\\\/\\\/www.ilnotiziario.net\\\/wp\\\/#organization\"},\"image\":{\"@id\":\"https:\\\/\\\/www.ilnotiziario.net\\\/wp\\\/prima-pagina\\\/limbiate-aurora-busato-compie-100-anni-festa-e-auguri-della-citta\\\/#primaryimage\"},\"thumbnailUrl\":\"https:\\\/\\\/www.ilnotiziario.net\\\/wp\\\/wp-content\\\/uploads\\\/2026\\\/09\\\/immagine-di-repertorio-2026-09-03T170541.582.jpg\",\"keywords\":[\"amministrazione comunale\",\"Centenaria\",\"Limbiate\"],\"articleSection\":[\"BRIANZA\",\"Prima Pagina\"],\"inLanguage\":\"it-IT\"},{\"@type\":\"WebPage\",\"@id\":\"https:\\\/\\\/www.ilnotiziario.net\\\/wp\\\/prima-pagina\\\/limbiate-aurora-busato-compie-100-anni-festa-e-auguri-della-citta\\\/\",\"url\":\"https:\\\/\\\/www.ilnotiziario.net\\\/wp\\\/prima-pagina\\\/limbiate-aurora-busato-compie-100-anni-festa-e-auguri-della-citta\\\/\",\"name\":\"Limbiate, Aurora Busato compie 100 anni: festa e auguri della citt\u00e0 - Il Notiziario\",\"isPartOf\":{\"@id\":\"https:\\\/\\\/www.ilnotiziario.net\\\/wp\\\/#website\"},\"primaryImageOfPage\":{\"@id\":\"https:\\\/\\\/www.ilnotiziario.net\\\/wp\\\/prima-pagina\\\/limbiate-aurora-busato-compie-100-anni-festa-e-auguri-della-citta\\\/#primaryimage\"},\"image\":{\"@id\":\"https:\\\/\\\/www.ilnotiziario.net\\\/wp\\\/prima-pagina\\\/limbiate-aurora-busato-compie-100-anni-festa-e-auguri-della-citta\\\/#primaryimage\"},\"thumbnailUrl\":\"https:\\\/\\\/www.ilnotiziario.net\\\/wp\\\/wp-content\\\/uploads\\\/2026\\\/09\\\/immagine-di-repertorio-2026-09-03T170541.582.jpg\",\"datePublished\":\"2026-09-03T15:06:03+00:00\",\"description\":\"Limbiate, Aurora Busato compie 100 anni: festa e auguri della citt\u00e0 Limbiate festeggia i 100 anni di Aurora Busato, residente in citt\u00e0 e oggi ospite della\",\"breadcrumb\":{\"@id\":\"https:\\\/\\\/www.ilnotiziario.net\\\/wp\\\/prima-pagina\\\/limbiate-aurora-busato-compie-100-anni-festa-e-auguri-della-citta\\\/#breadcrumb\"},\"inLanguage\":\"it-IT\",\"potentialAction\":[{\"@type\":\"ReadAction\",\"target\":[\"https:\\\/\\\/www.ilnotiziario.net\\\/wp\\\/prima-pagina\\\/limbiate-aurora-busato-compie-100-anni-festa-e-auguri-della-citta\\\/\"]}]},{\"@type\":\"ImageObject\",\"inLanguage\":\"it-IT\",\"@id\":\"https:\\\/\\\/www.ilnotiziario.net\\\/wp\\\/prima-pagina\\\/limbiate-aurora-busato-compie-100-anni-festa-e-auguri-della-citta\\\/#primaryimage\",\"url\":\"https:\\\/\\\/www.ilnotiziario.net\\\/wp\\\/wp-content\\\/uploads\\\/2026\\\/09\\\/immagine-di-repertorio-2026-09-03T170541.582.jpg\",\"contentUrl\":\"https:\\\/\\\/www.ilnotiziario.net\\\/wp\\\/wp-content\\\/uploads\\\/2026\\\/09\\\/immagine-di-repertorio-2026-09-03T170541.582.jpg\",\"width\":1200,\"height\":630,\"caption\":\"Screenshot\"},{\"@type\":\"BreadcrumbList\",\"@id\":\"https:\\\/\\\/www.ilnotiziario.net\\\/wp\\\/prima-pagina\\\/limbiate-aurora-busato-compie-100-anni-festa-e-auguri-della-citta\\\/#breadcrumb\",\"itemListElement\":[{\"@type\":\"ListItem\",\"position\":1,\"name\":\"tds_text_logo_tagline_colortds_text_logo_tagline_colortds_text_logo_tagline_colortds_text_logo_tagline_colortd_module_7_title_excerpttd_module_7_title_excerpttd_module_7_title_excerpttd_module_7_title_excerptHome\",\"item\":\"https:\\\/\\\/www.ilnotiziario.net\\\/wp\\\/\"},{\"@type\":\"ListItem\",\"position\":2,\"name\":\"Limbiate, Aurora Busato compie 100 anni: festa e auguri della citt\u00e0\"}]},{\"@type\":\"WebSite\",\"@id\":\"https:\\\/\\\/www.ilnotiziario.net\\\/wp\\\/#website\",\"url\":\"https:\\\/\\\/www.ilnotiziario.net\\\/wp\\\/\",\"name\":\"Il Notiziario\",\"description\":\"Per restare sempre connessi alla notizia\",\"publisher\":{\"@id\":\"https:\\\/\\\/www.ilnotiziario.net\\\/wp\\\/#organization\"},\"alternateName\":\"Il Notiziario Bollate\",\"potentialAction\":[{\"@type\":\"SearchAction\",\"target\":{\"@type\":\"EntryPoint\",\"urlTemplate\":\"https:\\\/\\\/www.ilnotiziario.net\\\/wp\\\/?s={search_term_string}\"},\"query-input\":{\"@type\":\"PropertyValueSpecification\",\"valueRequired\":true,\"valueName\":\"search_term_string\"}}],\"inLanguage\":\"it-IT\"},{\"@type\":\"Organization\",\"@id\":\"https:\\\/\\\/www.ilnotiziario.net\\\/wp\\\/#organization\",\"name\":\"Il Notiziario\",\"url\":\"https:\\\/\\\/www.ilnotiziario.net\\\/wp\\\/\",\"logo\":{\"@type\":\"ImageObject\",\"inLanguage\":\"it-IT\",\"@id\":\"https:\\\/\\\/www.ilnotiziario.net\\\/wp\\\/#\\\/schema\\\/logo\\\/image\\\/\",\"url\":\"https:\\\/\\\/www.ilnotiziario.net\\\/wp\\\/wp-content\\\/uploads\\\/2022\\\/06\\\/170x170ilN.png\",\"contentUrl\":\"https:\\\/\\\/www.ilnotiziario.net\\\/wp\\\/wp-content\\\/uploads\\\/2022\\\/06\\\/170x170ilN.png\",\"width\":355,\"height\":355,\"caption\":\"Il Notiziario\"},\"image\":{\"@id\":\"https:\\\/\\\/www.ilnotiziario.net\\\/wp\\\/#\\\/schema\\\/logo\\\/image\\\/\"},\"sameAs\":[\"https:\\\/\\\/www.facebook.com\\\/ilnotiziarioind\\\/\",\"https:\\\/\\\/x.com\\\/ilNotiziarioInd\",\"https:\\\/\\\/www.instagram.com\\\/ilnotiziario_settimanale\\\/\"]},{\"@type\":\"Person\",\"@id\":\"https:\\\/\\\/www.ilnotiziario.net\\\/wp\\\/#\\\/schema\\\/person\\\/dde8136f84d4256465941497b8e07380\",\"name\":\"Nicholas Ninno\",\"image\":{\"@type\":\"ImageObject\",\"inLanguage\":\"it-IT\",\"@id\":\"https:\\\/\\\/secure.gravatar.com\\\/avatar\\\/ea07765796e5ed970d9b5ecf387e0ca319ae099a4aad892ea5774c5128c0c88c?s=96&d=mm&r=g\",\"url\":\"https:\\\/\\\/secure.gravatar.com\\\/avatar\\\/ea07765796e5ed970d9b5ecf387e0ca319ae099a4aad892ea5774c5128c0c88c?s=96&d=mm&r=g\",\"contentUrl\":\"https:\\\/\\\/secure.gravatar.com\\\/avatar\\\/ea07765796e5ed970d9b5ecf387e0ca319ae099a4aad892ea5774c5128c0c88c?s=96&d=mm&r=g\",\"caption\":\"Nicholas Ninno\"}}]}<\/script>\n<!-- \/ Yoast SEO plugin. -->","yoast_head_json":{"title":"Limbiate, Aurora Busato compie 100 anni: festa e auguri della citt\u00e0 - Il Notiziario","description":"Limbiate, Aurora Busato compie 100 anni: festa e auguri della citt\u00e0 Limbiate festeggia i 100 anni di Aurora Busato, residente in citt\u00e0 e oggi ospite della","robots":{"index":"index","follow":"follow","max-snippet":"max-snippet:-1","max-image-preview":"max-image-preview:large","max-video-preview":"max-video-preview:-1"},"canonical":"https:\/\/www.ilnotiziario.net\/wp\/prima-pagina\/limbiate-aurora-busato-compie-100-anni-festa-e-auguri-della-citta\/","og_locale":"it_IT","og_type":"article","og_title":"Limbiate, Aurora Busato compie 100 anni: festa e auguri della citt\u00e0 - Il Notiziario","og_description":"Limbiate, Aurora Busato compie 100 anni: festa e auguri della citt\u00e0 Limbiate festeggia i 100 anni di Aurora Busato, residente in citt\u00e0 e oggi ospite della","og_url":"https:\/\/www.ilnotiziario.net\/wp\/prima-pagina\/limbiate-aurora-busato-compie-100-anni-festa-e-auguri-della-citta\/","og_site_name":"Il Notiziario","article_publisher":"https:\/\/www.facebook.com\/ilnotiziarioind\/","article_published_time":"2026-09-03T15:06:03+00:00","og_image":[{"width":1200,"height":630,"url":"https:\/\/www.ilnotiziario.net\/wp\/wp-content\/uploads\/2026\/09\/immagine-di-repertorio-2026-09-03T170541.582.jpg","type":"image\/jpeg"}],"author":"Nicholas Ninno","twitter_card":"summary_large_image","twitter_creator":"@ilNotiziarioInd","twitter_site":"@ilNotiziarioInd","twitter_misc":{"Scritto da":"Nicholas Ninno","Tempo di lettura stimato":"2 minuti"},"schema":{"@context":"https:\/\/schema.org","@graph":[{"@type":"Article","@id":"https:\/\/www.ilnotiziario.net\/wp\/prima-pagina\/limbiate-aurora-busato-compie-100-anni-festa-e-auguri-della-citta\/#article","isPartOf":{"@id":"https:\/\/www.ilnotiziario.net\/wp\/prima-pagina\/limbiate-aurora-busato-compie-100-anni-festa-e-auguri-della-citta\/"},"author":{"name":"Nicholas Ninno","@id":"https:\/\/www.ilnotiziario.net\/wp\/#\/schema\/person\/dde8136f84d4256465941497b8e07380"},"headline":"Limbiate, Aurora Busato compie 100 anni: festa e auguri della citt\u00e0","datePublished":"2026-09-03T15:06:03+00:00","mainEntityOfPage":{"@id":"https:\/\/www.ilnotiziario.net\/wp\/prima-pagina\/limbiate-aurora-busato-compie-100-anni-festa-e-auguri-della-citta\/"},"wordCount":188,"publisher":{"@id":"https:\/\/www.ilnotiziario.net\/wp\/#organization"},"image":{"@id":"https:\/\/www.ilnotiziario.net\/wp\/prima-pagina\/limbiate-aurora-busato-compie-100-anni-festa-e-auguri-della-citta\/#primaryimage"},"thumbnailUrl":"https:\/\/www.ilnotiziario.net\/wp\/wp-content\/uploads\/2026\/09\/immagine-di-repertorio-2026-09-03T170541.582.jpg","keywords":["amministrazione comunale","Centenaria","Limbiate"],"articleSection":["BRIANZA","Prima Pagina"],"inLanguage":"it-IT"},{"@type":"WebPage","@id":"https:\/\/www.ilnotiziario.net\/wp\/prima-pagina\/limbiate-aurora-busato-compie-100-anni-festa-e-auguri-della-citta\/","url":"https:\/\/www.ilnotiziario.net\/wp\/prima-pagina\/limbiate-aurora-busato-compie-100-anni-festa-e-auguri-della-citta\/","name":"Limbiate, Aurora Busato compie 100 anni: festa e auguri della citt\u00e0 - Il Notiziario","isPartOf":{"@id":"https:\/\/www.ilnotiziario.net\/wp\/#website"},"primaryImageOfPage":{"@id":"https:\/\/www.ilnotiziario.net\/wp\/prima-pagina\/limbiate-aurora-busato-compie-100-anni-festa-e-auguri-della-citta\/#primaryimage"},"image":{"@id":"https:\/\/www.ilnotiziario.net\/wp\/prima-pagina\/limbiate-aurora-busato-compie-100-anni-festa-e-auguri-della-citta\/#primaryimage"},"thumbnailUrl":"https:\/\/www.ilnotiziario.net\/wp\/wp-content\/uploads\/2026\/09\/immagine-di-repertorio-2026-09-03T170541.582.jpg","datePublished":"2026-09-03T15:06:03+00:00","description":"Limbiate, Aurora Busato compie 100 anni: festa e auguri della citt\u00e0 Limbiate festeggia i 100 anni di Aurora Busato, residente in citt\u00e0 e oggi ospite della","breadcrumb":{"@id":"https:\/\/www.ilnotiziario.net\/wp\/prima-pagina\/limbiate-aurora-busato-compie-100-anni-festa-e-auguri-della-citta\/#breadcrumb"},"inLanguage":"it-IT","potentialAction":[{"@type":"ReadAction","target":["https:\/\/www.ilnotiziario.net\/wp\/prima-pagina\/limbiate-aurora-busato-compie-100-anni-festa-e-auguri-della-citta\/"]}]},{"@type":"ImageObject","inLanguage":"it-IT","@id":"https:\/\/www.ilnotiziario.net\/wp\/prima-pagina\/limbiate-aurora-busato-compie-100-anni-festa-e-auguri-della-citta\/#primaryimage","url":"https:\/\/www.ilnotiziario.net\/wp\/wp-content\/uploads\/2026\/09\/immagine-di-repertorio-2026-09-03T170541.582.jpg","contentUrl":"https:\/\/www.ilnotiziario.net\/wp\/wp-content\/uploads\/2026\/09\/immagine-di-repertorio-2026-09-03T170541.582.jpg","width":1200,"height":630,"caption":"Screenshot"},{"@type":"BreadcrumbList","@id":"https:\/\/www.ilnotiziario.net\/wp\/prima-pagina\/limbiate-aurora-busato-compie-100-anni-festa-e-auguri-della-citta\/#breadcrumb","itemListElement":[{"@type":"ListItem","position":1,"name":"tds_text_logo_tagline_colortds_text_logo_tagline_colortds_text_logo_tagline_colortds_text_logo_tagline_colortd_module_7_title_excerpttd_module_7_title_excerpttd_module_7_title_excerpttd_module_7_title_excerptHome","item":"https:\/\/www.ilnotiziario.net\/wp\/"},{"@type":"ListItem","position":2,"name":"Limbiate, Aurora Busato compie 100 anni: festa e auguri della citt\u00e0"}]},{"@type":"WebSite","@id":"https:\/\/www.ilnotiziario.net\/wp\/#website","url":"https:\/\/www.ilnotiziario.net\/wp\/","name":"Il Notiziario","description":"Per restare sempre connessi alla notizia","publisher":{"@id":"https:\/\/www.ilnotiziario.net\/wp\/#organization"},"alternateName":"Il Notiziario Bollate","potentialAction":[{"@type":"SearchAction","target":{"@type":"EntryPoint","urlTemplate":"https:\/\/www.ilnotiziario.net\/wp\/?s={search_term_string}"},"query-input":{"@type":"PropertyValueSpecification","valueRequired":true,"valueName":"search_term_string"}}],"inLanguage":"it-IT"},{"@type":"Organization","@id":"https:\/\/www.ilnotiziario.net\/wp\/#organization","name":"Il Notiziario","url":"https:\/\/www.ilnotiziario.net\/wp\/","logo":{"@type":"ImageObject","inLanguage":"it-IT","@id":"https:\/\/www.ilnotiziario.net\/wp\/#\/schema\/logo\/image\/","url":"https:\/\/www.ilnotiziario.net\/wp\/wp-content\/uploads\/2022\/06\/170x170ilN.png","contentUrl":"https:\/\/www.ilnotiziario.net\/wp\/wp-content\/uploads\/2022\/06\/170x170ilN.png","width":355,"height":355,"caption":"Il Notiziario"},"image":{"@id":"https:\/\/www.ilnotiziario.net\/wp\/#\/schema\/logo\/image\/"},"sameAs":["https:\/\/www.facebook.com\/ilnotiziarioind\/","https:\/\/x.com\/ilNotiziarioInd","https:\/\/www.instagram.com\/ilnotiziario_settimanale\/"]},{"@type":"Person","@id":"https:\/\/www.ilnotiziario.net\/wp\/#\/schema\/person\/dde8136f84d4256465941497b8e07380","name":"Nicholas Ninno","image":{"@type":"ImageObject","inLanguage":"it-IT","@id":"https:\/\/secure.gravatar.com\/avatar\/ea07765796e5ed970d9b5ecf387e0ca319ae099a4aad892ea5774c5128c0c88c?s=96&d=mm&r=g","url":"https:\/\/secure.gravatar.com\/avatar\/ea07765796e5ed970d9b5ecf387e0ca319ae099a4aad892ea5774c5128c0c88c?s=96&d=mm&r=g","contentUrl":"https:\/\/secure.gravatar.com\/avatar\/ea07765796e5ed970d9b5ecf387e0ca319ae099a4aad892ea5774c5128c0c88c?s=96&d=mm&r=g","caption":"Nicholas Ninno"}}]}},"_links":{"self":[{"href":"https:\/\/www.ilnotiziario.net\/wp\/wp-json\/wp\/v2\/posts\/240307","targetHints":{"allow":["GET"]}}],"collection":[{"href":"https:\/\/www.ilnotiziario.net\/wp\/wp-json\/wp\/v2\/posts"}],"about":[{"href":"https:\/\/www.ilnotiziario.net\/wp\/wp-json\/wp\/v2\/types\/post"}],"author":[{"embeddable":true,"href":"https:\/\/www.ilnotiziario.net\/wp\/wp-json\/wp\/v2\/users\/223164"}],"replies":[{"embeddable":true,"href":"https:\/\/www.ilnotiziario.net\/wp\/wp-json\/wp\/v2\/comments?post=240307"}],"version-history":[{"count":1,"href":"https:\/\/www.ilnotiziario.net\/wp\/wp-json\/wp\/v2\/posts\/240307\/revisions"}],"predecessor-version":[{"id":240309,"href":"https:\/\/www.ilnotiziario.net\/wp\/wp-json\/wp\/v2\/posts\/240307\/revisions\/240309"}],"wp:featuredmedia":[{"embeddable":true,"href":"https:\/\/www.ilnotiziario.net\/wp\/wp-json\/wp\/v2\/media\/240308"}],"wp:attachment":[{"href":"https:\/\/www.ilnotiziario.net\/wp\/wp-json\/wp\/v2\/media?parent=240307"}],"wp:term":[{"taxonomy":"category","embeddable":true,"href":"https:\/\/www.ilnotiziario.net\/wp\/wp-json\/wp\/v2\/categories?post=240307"},{"taxonomy":"post_tag","embeddable":true,"href":"https:\/\/www.ilnotiziario.net\/wp\/wp-json\/wp\/v2\/tags?post=240307"}],"curies":[{"name":"wp","href":"https:\/\/api.w.org\/{rel}","templated":true}]}}