{"id":24468,"date":"2018-04-03T16:40:00","date_gmt":"2018-04-03T14:40:00","guid":{"rendered":"http:\/\/www.ilnotiziario.net\/?p=24468"},"modified":"2018-04-03T16:40:39","modified_gmt":"2018-04-03T14:40:39","slug":"meteo-tre-giorni-di-acquazzoni-poi-da-venerdi-torna-il-sole","status":"publish","type":"post","link":"https:\/\/www.ilnotiziario.net\/wp\/saronnese\/meteo-tre-giorni-di-acquazzoni-poi-da-venerdi-torna-il-sole\/","title":{"rendered":"Meteo: tre giorni di acquazzoni, poi da venerd\u00ec torna il sole"},"content":{"rendered":"<p><a href=\"http:\/\/www.ilnotiziario.net\/wp\/wp-content\/uploads\/2018\/04\/meteo.png\"><img fetchpriority=\"high\" decoding=\"async\" class=\"alignleft size-medium wp-image-24469\" src=\"http:\/\/www.ilnotiziario.net\/wp\/wp-content\/uploads\/2018\/04\/meteo-296x300.png\" alt=\"\" width=\"296\" height=\"300\" srcset=\"https:\/\/www.ilnotiziario.net\/wp\/wp-content\/uploads\/2018\/04\/meteo-296x300.png 296w, https:\/\/www.ilnotiziario.net\/wp\/wp-content\/uploads\/2018\/04\/meteo.png 535w\" sizes=\"(max-width: 296px) 100vw, 296px\" \/><\/a>Una nuova perturbazione atlantica tra marted\u00ec e gioved\u00ec sta portando un nuovo peggioramento sull&#8217;Italia. Una nuova circolazione di bassa pressione in approfondimento sulla Gran Bretagna estender\u00e0 infatti la sua influenza alla nostra Penisola. E\u2019 quanto prevedono gli esperti di 3bmeteo.com.<\/p><div id=\"ilnot-1565996091\" class=\"ilnot-contenuto ilnot-entity-placement\"><p><!-- incontent_1 --><\/p>\n<div class=\"gptslot\" data-adunitid=\"1\"><\/div>\n<\/div>\n<p>Ecco il meteo che ci aspetta nei prossimi giorni:<\/p>\n<p><strong>MARTED\u00cc:<\/strong> Da Ovest si avvicina una nuova struttura depressionaria. Tempo in peggioramento fin dal mattino con molte nubi ovunque e gi\u00e0 qualche fenomeno sparso ma di breve durata. In serata peggiora su tutta la regione con piogge e rovesci, a tratti anche di moderata intensit\u00e0. Neve sulle Alpi dai 1600-1800m di quota. Temperature in diminuzione nei massimi.<\/p><div id=\"ilnot-3361099227\" class=\"ilnot-contenuto_2 ilnot-entity-placement\"><div class=\"ads-wrapper\">\n<div class=\"ad-slot\">\n   <div id=\"ilnot-3574325672\" style=\"margin-right: auto;margin-left: auto;text-align: center;width: 320px;height: 100px;\"><a href=\"https:\/\/www.scuolasicurezza.it\/\"><img decoding=\"async\" src=\"https:\/\/www.ilnotiziario.net\/wp\/wp-content\/uploads\/2026\/04\/IlNotiziario_banner-sito-e-newsletter-320-x-100-px-1.gif\" alt=\"\"><\/a><\/div>\n  <\/div>\n<div class=\"ad-slot\">\n   <div id=\"ilnot-187049541\" style=\"margin-right: auto;margin-left: auto;text-align: center;width: 320px;height: 100px;\"><a href=\"https:\/\/purodesignarredamenti.com\/\"><img decoding=\"async\" src=\"https:\/\/www.ilnotiziario.net\/wp\/wp-content\/uploads\/2026\/04\/banner-puro-ok.gif\" alt=\"whatsapp\"><\/a><\/div><\/p><\/div>\n<\/div>\n<\/div>\n<p><strong>MERCOLED\u00cc:<\/strong> Perturbazione in transito sul Nord Italia per una giornata di maltempo con piogge e rovesci diffusi, localmente anche di moderata-forte intensit\u00e0, specie in serata, quando potranno assumere anche carattere temporalesco. Neve sulle Alpi dai 1300-1700 metri. Attenuazione dei fenomeni dalla notte. Temperature in lieve diminuzione.<\/p>\n<p><strong>GIOVED\u00cc:<\/strong> Perturbazione in lento movimento verso Est. Sulla Lombardia resiste instabilit\u00e0 sparsa sui settori centro-orientali, dove non escludiamo qualche temporale nel pomeriggio in moto dalle Prealpi verso le pianure. Dalla serata ampi rasserenamenti ovunque, con aria pi\u00f9 asciutta. Temperature in rialzo nelle massime, specie ad Ovest.<\/p>\n<p><strong>VENERD\u00cc:<\/strong> Un campo di alta pressione conquista l&#8217;Italia, rafforzandosi. Ci\u00f2 garantir\u00e0 tempo ampiamente soleggiato su tutto il territorio lombardo da mattino a sera. Aria frizzante all&#8217;alba, con temperature sui 4-6\u00b0C. Nel pomeriggio valori massimi intorno ai 18\u00b0C. Ventilazione debole.<\/p><div id=\"ilnot-627154999\" class=\"ilnot-contenuto_2-2 ilnot-entity-placement\"><div class=\"gptslot\" data-adunitid=\"2\"><\/div>\n<\/div>\n","protected":false},"excerpt":{"rendered":"<p>Una nuova perturbazione atlantica tra marted\u00ec e gioved\u00ec sta portando un nuovo peggioramento sull&#8217;Italia. Una nuova circolazione di bassa pressione in approfondimento sulla Gran Bretagna estender\u00e0 infatti la sua influenza alla nostra Penisola. E\u2019 quanto prevedono gli esperti di 3bmeteo.com. Ecco il meteo che ci aspetta nei prossimi giorni: MARTED\u00cc: Da Ovest si avvicina una<\/p>\n","protected":false},"author":7,"featured_media":24469,"comment_status":"closed","ping_status":"closed","sticky":false,"template":"","format":"standard","meta":{"footnotes":""},"categories":[13],"tags":[3039,4973,2502,2992],"class_list":{"0":"post-24468","1":"post","2":"type-post","3":"status-publish","4":"format-standard","5":"has-post-thumbnail","7":"category-saronnese","8":"tag-3bmeteo-com","9":"tag-acquazzoni","10":"tag-meteo","11":"tag-sole"},"yoast_head":"<!-- This site is optimized with the Yoast SEO plugin v27.4 - https:\/\/yoast.com\/product\/yoast-seo-wordpress\/ -->\n<title>Meteo: tre giorni di acquazzoni, poi da venerd\u00ec torna il sole - Il Notiziario<\/title>\n<meta name=\"description\" content=\"Una nuova perturbazione atlantica tra marted\u00ec e gioved\u00ec sta portando un nuovo peggioramento sull&#039;Italia. Una nuova circolazione di bassa pressione in\" \/>\n<meta name=\"robots\" content=\"index, follow, max-snippet:-1, max-image-preview:large, max-video-preview:-1\" \/>\n<link rel=\"canonical\" href=\"https:\/\/www.ilnotiziario.net\/wp\/saronnese\/meteo-tre-giorni-di-acquazzoni-poi-da-venerdi-torna-il-sole\/\" \/>\n<meta property=\"og:locale\" content=\"it_IT\" \/>\n<meta property=\"og:type\" content=\"article\" \/>\n<meta property=\"og:title\" content=\"Meteo: tre giorni di acquazzoni, poi da venerd\u00ec torna il sole - Il Notiziario\" \/>\n<meta property=\"og:description\" content=\"Una nuova perturbazione atlantica tra marted\u00ec e gioved\u00ec sta portando un nuovo peggioramento sull&#039;Italia. Una nuova circolazione di bassa pressione in\" \/>\n<meta property=\"og:url\" content=\"https:\/\/www.ilnotiziario.net\/wp\/saronnese\/meteo-tre-giorni-di-acquazzoni-poi-da-venerdi-torna-il-sole\/\" \/>\n<meta property=\"og:site_name\" content=\"Il Notiziario\" \/>\n<meta property=\"article:publisher\" content=\"https:\/\/www.facebook.com\/ilnotiziarioind\/\" \/>\n<meta property=\"article:published_time\" content=\"2018-04-03T14:40:00+00:00\" \/>\n<meta property=\"article:modified_time\" content=\"2018-04-03T14:40:39+00:00\" \/>\n<meta property=\"og:image\" content=\"https:\/\/www.ilnotiziario.net\/wp\/wp-content\/uploads\/2018\/04\/meteo.png\" \/>\n\t<meta property=\"og:image:width\" content=\"535\" \/>\n\t<meta property=\"og:image:height\" content=\"542\" \/>\n\t<meta property=\"og:image:type\" content=\"image\/png\" \/>\n<meta name=\"author\" content=\"Simone Carcano\" \/>\n<meta name=\"twitter:card\" content=\"summary_large_image\" \/>\n<meta name=\"twitter:creator\" content=\"@simone_carcano\" \/>\n<meta name=\"twitter:site\" content=\"@ilNotiziarioInd\" \/>\n<meta name=\"twitter:label1\" content=\"Scritto da\" \/>\n\t<meta name=\"twitter:data1\" content=\"Simone Carcano\" \/>\n\t<meta name=\"twitter:label2\" content=\"Tempo di lettura stimato\" \/>\n\t<meta name=\"twitter:data2\" content=\"1 minuto\" \/>\n<script type=\"application\/ld+json\" class=\"yoast-schema-graph\">{\"@context\":\"https:\\\/\\\/schema.org\",\"@graph\":[{\"@type\":\"Article\",\"@id\":\"https:\\\/\\\/www.ilnotiziario.net\\\/wp\\\/saronnese\\\/meteo-tre-giorni-di-acquazzoni-poi-da-venerdi-torna-il-sole\\\/#article\",\"isPartOf\":{\"@id\":\"https:\\\/\\\/www.ilnotiziario.net\\\/wp\\\/saronnese\\\/meteo-tre-giorni-di-acquazzoni-poi-da-venerdi-torna-il-sole\\\/\"},\"author\":{\"name\":\"Simone Carcano\",\"@id\":\"https:\\\/\\\/www.ilnotiziario.net\\\/wp\\\/#\\\/schema\\\/person\\\/c218ad0865f96bfe2c1c2cfa719653f7\"},\"headline\":\"Meteo: tre giorni di acquazzoni, poi da venerd\u00ec torna il sole\",\"datePublished\":\"2018-04-03T14:40:00+00:00\",\"dateModified\":\"2018-04-03T14:40:39+00:00\",\"mainEntityOfPage\":{\"@id\":\"https:\\\/\\\/www.ilnotiziario.net\\\/wp\\\/saronnese\\\/meteo-tre-giorni-di-acquazzoni-poi-da-venerdi-torna-il-sole\\\/\"},\"wordCount\":254,\"publisher\":{\"@id\":\"https:\\\/\\\/www.ilnotiziario.net\\\/wp\\\/#organization\"},\"image\":{\"@id\":\"https:\\\/\\\/www.ilnotiziario.net\\\/wp\\\/saronnese\\\/meteo-tre-giorni-di-acquazzoni-poi-da-venerdi-torna-il-sole\\\/#primaryimage\"},\"thumbnailUrl\":\"https:\\\/\\\/www.ilnotiziario.net\\\/wp\\\/wp-content\\\/uploads\\\/2018\\\/04\\\/meteo.png\",\"keywords\":[\"3bmeteo.com\",\"acquazzoni\",\"Meteo\",\"Sole\"],\"articleSection\":[\"SARONNESE\"],\"inLanguage\":\"it-IT\"},{\"@type\":\"WebPage\",\"@id\":\"https:\\\/\\\/www.ilnotiziario.net\\\/wp\\\/saronnese\\\/meteo-tre-giorni-di-acquazzoni-poi-da-venerdi-torna-il-sole\\\/\",\"url\":\"https:\\\/\\\/www.ilnotiziario.net\\\/wp\\\/saronnese\\\/meteo-tre-giorni-di-acquazzoni-poi-da-venerdi-torna-il-sole\\\/\",\"name\":\"Meteo: tre giorni di acquazzoni, poi da venerd\u00ec torna il sole - Il Notiziario\",\"isPartOf\":{\"@id\":\"https:\\\/\\\/www.ilnotiziario.net\\\/wp\\\/#website\"},\"primaryImageOfPage\":{\"@id\":\"https:\\\/\\\/www.ilnotiziario.net\\\/wp\\\/saronnese\\\/meteo-tre-giorni-di-acquazzoni-poi-da-venerdi-torna-il-sole\\\/#primaryimage\"},\"image\":{\"@id\":\"https:\\\/\\\/www.ilnotiziario.net\\\/wp\\\/saronnese\\\/meteo-tre-giorni-di-acquazzoni-poi-da-venerdi-torna-il-sole\\\/#primaryimage\"},\"thumbnailUrl\":\"https:\\\/\\\/www.ilnotiziario.net\\\/wp\\\/wp-content\\\/uploads\\\/2018\\\/04\\\/meteo.png\",\"datePublished\":\"2018-04-03T14:40:00+00:00\",\"dateModified\":\"2018-04-03T14:40:39+00:00\",\"description\":\"Una nuova perturbazione atlantica tra marted\u00ec e gioved\u00ec sta portando un nuovo peggioramento sull'Italia. Una nuova circolazione di bassa pressione in\",\"breadcrumb\":{\"@id\":\"https:\\\/\\\/www.ilnotiziario.net\\\/wp\\\/saronnese\\\/meteo-tre-giorni-di-acquazzoni-poi-da-venerdi-torna-il-sole\\\/#breadcrumb\"},\"inLanguage\":\"it-IT\",\"potentialAction\":[{\"@type\":\"ReadAction\",\"target\":[\"https:\\\/\\\/www.ilnotiziario.net\\\/wp\\\/saronnese\\\/meteo-tre-giorni-di-acquazzoni-poi-da-venerdi-torna-il-sole\\\/\"]}]},{\"@type\":\"ImageObject\",\"inLanguage\":\"it-IT\",\"@id\":\"https:\\\/\\\/www.ilnotiziario.net\\\/wp\\\/saronnese\\\/meteo-tre-giorni-di-acquazzoni-poi-da-venerdi-torna-il-sole\\\/#primaryimage\",\"url\":\"https:\\\/\\\/www.ilnotiziario.net\\\/wp\\\/wp-content\\\/uploads\\\/2018\\\/04\\\/meteo.png\",\"contentUrl\":\"https:\\\/\\\/www.ilnotiziario.net\\\/wp\\\/wp-content\\\/uploads\\\/2018\\\/04\\\/meteo.png\",\"width\":535,\"height\":542},{\"@type\":\"BreadcrumbList\",\"@id\":\"https:\\\/\\\/www.ilnotiziario.net\\\/wp\\\/saronnese\\\/meteo-tre-giorni-di-acquazzoni-poi-da-venerdi-torna-il-sole\\\/#breadcrumb\",\"itemListElement\":[{\"@type\":\"ListItem\",\"position\":1,\"name\":\"tds_text_logo_tagline_colortds_text_logo_tagline_colortds_text_logo_tagline_colortds_text_logo_tagline_colortd_module_7_title_excerpttd_module_7_title_excerpttd_module_7_title_excerpttd_module_7_title_excerptHome\",\"item\":\"https:\\\/\\\/www.ilnotiziario.net\\\/wp\\\/\"},{\"@type\":\"ListItem\",\"position\":2,\"name\":\"Meteo: tre giorni di acquazzoni, poi da venerd\u00ec torna il sole\"}]},{\"@type\":\"WebSite\",\"@id\":\"https:\\\/\\\/www.ilnotiziario.net\\\/wp\\\/#website\",\"url\":\"https:\\\/\\\/www.ilnotiziario.net\\\/wp\\\/\",\"name\":\"Il Notiziario\",\"description\":\"Per restare sempre connessi alla notizia\",\"publisher\":{\"@id\":\"https:\\\/\\\/www.ilnotiziario.net\\\/wp\\\/#organization\"},\"alternateName\":\"Il Notiziario Bollate\",\"potentialAction\":[{\"@type\":\"SearchAction\",\"target\":{\"@type\":\"EntryPoint\",\"urlTemplate\":\"https:\\\/\\\/www.ilnotiziario.net\\\/wp\\\/?s={search_term_string}\"},\"query-input\":{\"@type\":\"PropertyValueSpecification\",\"valueRequired\":true,\"valueName\":\"search_term_string\"}}],\"inLanguage\":\"it-IT\"},{\"@type\":\"Organization\",\"@id\":\"https:\\\/\\\/www.ilnotiziario.net\\\/wp\\\/#organization\",\"name\":\"Il Notiziario\",\"url\":\"https:\\\/\\\/www.ilnotiziario.net\\\/wp\\\/\",\"logo\":{\"@type\":\"ImageObject\",\"inLanguage\":\"it-IT\",\"@id\":\"https:\\\/\\\/www.ilnotiziario.net\\\/wp\\\/#\\\/schema\\\/logo\\\/image\\\/\",\"url\":\"https:\\\/\\\/www.ilnotiziario.net\\\/wp\\\/wp-content\\\/uploads\\\/2022\\\/06\\\/170x170ilN.png\",\"contentUrl\":\"https:\\\/\\\/www.ilnotiziario.net\\\/wp\\\/wp-content\\\/uploads\\\/2022\\\/06\\\/170x170ilN.png\",\"width\":355,\"height\":355,\"caption\":\"Il Notiziario\"},\"image\":{\"@id\":\"https:\\\/\\\/www.ilnotiziario.net\\\/wp\\\/#\\\/schema\\\/logo\\\/image\\\/\"},\"sameAs\":[\"https:\\\/\\\/www.facebook.com\\\/ilnotiziarioind\\\/\",\"https:\\\/\\\/x.com\\\/ilNotiziarioInd\",\"https:\\\/\\\/www.instagram.com\\\/ilnotiziario_settimanale\\\/\"]},{\"@type\":\"Person\",\"@id\":\"https:\\\/\\\/www.ilnotiziario.net\\\/wp\\\/#\\\/schema\\\/person\\\/c218ad0865f96bfe2c1c2cfa719653f7\",\"name\":\"Simone Carcano\",\"image\":{\"@type\":\"ImageObject\",\"inLanguage\":\"it-IT\",\"@id\":\"https:\\\/\\\/secure.gravatar.com\\\/avatar\\\/5e677023cff2c47e9f7a896b9157a46e18bd36e7c4d000a1726bb730be7d38bb?s=96&d=mm&r=g\",\"url\":\"https:\\\/\\\/secure.gravatar.com\\\/avatar\\\/5e677023cff2c47e9f7a896b9157a46e18bd36e7c4d000a1726bb730be7d38bb?s=96&d=mm&r=g\",\"contentUrl\":\"https:\\\/\\\/secure.gravatar.com\\\/avatar\\\/5e677023cff2c47e9f7a896b9157a46e18bd36e7c4d000a1726bb730be7d38bb?s=96&d=mm&r=g\",\"caption\":\"Simone Carcano\"},\"sameAs\":[\"http:\\\/\\\/www.ilnotiziario.net\",\"https:\\\/\\\/x.com\\\/@simone_carcano\"]}]}<\/script>\n<!-- \/ Yoast SEO plugin. -->","yoast_head_json":{"title":"Meteo: tre giorni di acquazzoni, poi da venerd\u00ec torna il sole - Il Notiziario","description":"Una nuova perturbazione atlantica tra marted\u00ec e gioved\u00ec sta portando un nuovo peggioramento sull'Italia. Una nuova circolazione di bassa pressione in","robots":{"index":"index","follow":"follow","max-snippet":"max-snippet:-1","max-image-preview":"max-image-preview:large","max-video-preview":"max-video-preview:-1"},"canonical":"https:\/\/www.ilnotiziario.net\/wp\/saronnese\/meteo-tre-giorni-di-acquazzoni-poi-da-venerdi-torna-il-sole\/","og_locale":"it_IT","og_type":"article","og_title":"Meteo: tre giorni di acquazzoni, poi da venerd\u00ec torna il sole - Il Notiziario","og_description":"Una nuova perturbazione atlantica tra marted\u00ec e gioved\u00ec sta portando un nuovo peggioramento sull'Italia. Una nuova circolazione di bassa pressione in","og_url":"https:\/\/www.ilnotiziario.net\/wp\/saronnese\/meteo-tre-giorni-di-acquazzoni-poi-da-venerdi-torna-il-sole\/","og_site_name":"Il Notiziario","article_publisher":"https:\/\/www.facebook.com\/ilnotiziarioind\/","article_published_time":"2018-04-03T14:40:00+00:00","article_modified_time":"2018-04-03T14:40:39+00:00","og_image":[{"width":535,"height":542,"url":"https:\/\/www.ilnotiziario.net\/wp\/wp-content\/uploads\/2018\/04\/meteo.png","type":"image\/png"}],"author":"Simone Carcano","twitter_card":"summary_large_image","twitter_creator":"@simone_carcano","twitter_site":"@ilNotiziarioInd","twitter_misc":{"Scritto da":"Simone Carcano","Tempo di lettura stimato":"1 minuto"},"schema":{"@context":"https:\/\/schema.org","@graph":[{"@type":"Article","@id":"https:\/\/www.ilnotiziario.net\/wp\/saronnese\/meteo-tre-giorni-di-acquazzoni-poi-da-venerdi-torna-il-sole\/#article","isPartOf":{"@id":"https:\/\/www.ilnotiziario.net\/wp\/saronnese\/meteo-tre-giorni-di-acquazzoni-poi-da-venerdi-torna-il-sole\/"},"author":{"name":"Simone Carcano","@id":"https:\/\/www.ilnotiziario.net\/wp\/#\/schema\/person\/c218ad0865f96bfe2c1c2cfa719653f7"},"headline":"Meteo: tre giorni di acquazzoni, poi da venerd\u00ec torna il sole","datePublished":"2018-04-03T14:40:00+00:00","dateModified":"2018-04-03T14:40:39+00:00","mainEntityOfPage":{"@id":"https:\/\/www.ilnotiziario.net\/wp\/saronnese\/meteo-tre-giorni-di-acquazzoni-poi-da-venerdi-torna-il-sole\/"},"wordCount":254,"publisher":{"@id":"https:\/\/www.ilnotiziario.net\/wp\/#organization"},"image":{"@id":"https:\/\/www.ilnotiziario.net\/wp\/saronnese\/meteo-tre-giorni-di-acquazzoni-poi-da-venerdi-torna-il-sole\/#primaryimage"},"thumbnailUrl":"https:\/\/www.ilnotiziario.net\/wp\/wp-content\/uploads\/2018\/04\/meteo.png","keywords":["3bmeteo.com","acquazzoni","Meteo","Sole"],"articleSection":["SARONNESE"],"inLanguage":"it-IT"},{"@type":"WebPage","@id":"https:\/\/www.ilnotiziario.net\/wp\/saronnese\/meteo-tre-giorni-di-acquazzoni-poi-da-venerdi-torna-il-sole\/","url":"https:\/\/www.ilnotiziario.net\/wp\/saronnese\/meteo-tre-giorni-di-acquazzoni-poi-da-venerdi-torna-il-sole\/","name":"Meteo: tre giorni di acquazzoni, poi da venerd\u00ec torna il sole - Il Notiziario","isPartOf":{"@id":"https:\/\/www.ilnotiziario.net\/wp\/#website"},"primaryImageOfPage":{"@id":"https:\/\/www.ilnotiziario.net\/wp\/saronnese\/meteo-tre-giorni-di-acquazzoni-poi-da-venerdi-torna-il-sole\/#primaryimage"},"image":{"@id":"https:\/\/www.ilnotiziario.net\/wp\/saronnese\/meteo-tre-giorni-di-acquazzoni-poi-da-venerdi-torna-il-sole\/#primaryimage"},"thumbnailUrl":"https:\/\/www.ilnotiziario.net\/wp\/wp-content\/uploads\/2018\/04\/meteo.png","datePublished":"2018-04-03T14:40:00+00:00","dateModified":"2018-04-03T14:40:39+00:00","description":"Una nuova perturbazione atlantica tra marted\u00ec e gioved\u00ec sta portando un nuovo peggioramento sull'Italia. Una nuova circolazione di bassa pressione in","breadcrumb":{"@id":"https:\/\/www.ilnotiziario.net\/wp\/saronnese\/meteo-tre-giorni-di-acquazzoni-poi-da-venerdi-torna-il-sole\/#breadcrumb"},"inLanguage":"it-IT","potentialAction":[{"@type":"ReadAction","target":["https:\/\/www.ilnotiziario.net\/wp\/saronnese\/meteo-tre-giorni-di-acquazzoni-poi-da-venerdi-torna-il-sole\/"]}]},{"@type":"ImageObject","inLanguage":"it-IT","@id":"https:\/\/www.ilnotiziario.net\/wp\/saronnese\/meteo-tre-giorni-di-acquazzoni-poi-da-venerdi-torna-il-sole\/#primaryimage","url":"https:\/\/www.ilnotiziario.net\/wp\/wp-content\/uploads\/2018\/04\/meteo.png","contentUrl":"https:\/\/www.ilnotiziario.net\/wp\/wp-content\/uploads\/2018\/04\/meteo.png","width":535,"height":542},{"@type":"BreadcrumbList","@id":"https:\/\/www.ilnotiziario.net\/wp\/saronnese\/meteo-tre-giorni-di-acquazzoni-poi-da-venerdi-torna-il-sole\/#breadcrumb","itemListElement":[{"@type":"ListItem","position":1,"name":"tds_text_logo_tagline_colortds_text_logo_tagline_colortds_text_logo_tagline_colortds_text_logo_tagline_colortd_module_7_title_excerpttd_module_7_title_excerpttd_module_7_title_excerpttd_module_7_title_excerptHome","item":"https:\/\/www.ilnotiziario.net\/wp\/"},{"@type":"ListItem","position":2,"name":"Meteo: tre giorni di acquazzoni, poi da venerd\u00ec torna il sole"}]},{"@type":"WebSite","@id":"https:\/\/www.ilnotiziario.net\/wp\/#website","url":"https:\/\/www.ilnotiziario.net\/wp\/","name":"Il Notiziario","description":"Per restare sempre connessi alla notizia","publisher":{"@id":"https:\/\/www.ilnotiziario.net\/wp\/#organization"},"alternateName":"Il Notiziario Bollate","potentialAction":[{"@type":"SearchAction","target":{"@type":"EntryPoint","urlTemplate":"https:\/\/www.ilnotiziario.net\/wp\/?s={search_term_string}"},"query-input":{"@type":"PropertyValueSpecification","valueRequired":true,"valueName":"search_term_string"}}],"inLanguage":"it-IT"},{"@type":"Organization","@id":"https:\/\/www.ilnotiziario.net\/wp\/#organization","name":"Il Notiziario","url":"https:\/\/www.ilnotiziario.net\/wp\/","logo":{"@type":"ImageObject","inLanguage":"it-IT","@id":"https:\/\/www.ilnotiziario.net\/wp\/#\/schema\/logo\/image\/","url":"https:\/\/www.ilnotiziario.net\/wp\/wp-content\/uploads\/2022\/06\/170x170ilN.png","contentUrl":"https:\/\/www.ilnotiziario.net\/wp\/wp-content\/uploads\/2022\/06\/170x170ilN.png","width":355,"height":355,"caption":"Il Notiziario"},"image":{"@id":"https:\/\/www.ilnotiziario.net\/wp\/#\/schema\/logo\/image\/"},"sameAs":["https:\/\/www.facebook.com\/ilnotiziarioind\/","https:\/\/x.com\/ilNotiziarioInd","https:\/\/www.instagram.com\/ilnotiziario_settimanale\/"]},{"@type":"Person","@id":"https:\/\/www.ilnotiziario.net\/wp\/#\/schema\/person\/c218ad0865f96bfe2c1c2cfa719653f7","name":"Simone Carcano","image":{"@type":"ImageObject","inLanguage":"it-IT","@id":"https:\/\/secure.gravatar.com\/avatar\/5e677023cff2c47e9f7a896b9157a46e18bd36e7c4d000a1726bb730be7d38bb?s=96&d=mm&r=g","url":"https:\/\/secure.gravatar.com\/avatar\/5e677023cff2c47e9f7a896b9157a46e18bd36e7c4d000a1726bb730be7d38bb?s=96&d=mm&r=g","contentUrl":"https:\/\/secure.gravatar.com\/avatar\/5e677023cff2c47e9f7a896b9157a46e18bd36e7c4d000a1726bb730be7d38bb?s=96&d=mm&r=g","caption":"Simone Carcano"},"sameAs":["http:\/\/www.ilnotiziario.net","https:\/\/x.com\/@simone_carcano"]}]}},"_links":{"self":[{"href":"https:\/\/www.ilnotiziario.net\/wp\/wp-json\/wp\/v2\/posts\/24468","targetHints":{"allow":["GET"]}}],"collection":[{"href":"https:\/\/www.ilnotiziario.net\/wp\/wp-json\/wp\/v2\/posts"}],"about":[{"href":"https:\/\/www.ilnotiziario.net\/wp\/wp-json\/wp\/v2\/types\/post"}],"author":[{"embeddable":true,"href":"https:\/\/www.ilnotiziario.net\/wp\/wp-json\/wp\/v2\/users\/7"}],"replies":[{"embeddable":true,"href":"https:\/\/www.ilnotiziario.net\/wp\/wp-json\/wp\/v2\/comments?post=24468"}],"version-history":[{"count":0,"href":"https:\/\/www.ilnotiziario.net\/wp\/wp-json\/wp\/v2\/posts\/24468\/revisions"}],"wp:featuredmedia":[{"embeddable":true,"href":"https:\/\/www.ilnotiziario.net\/wp\/wp-json\/wp\/v2\/media\/24469"}],"wp:attachment":[{"href":"https:\/\/www.ilnotiziario.net\/wp\/wp-json\/wp\/v2\/media?parent=24468"}],"wp:term":[{"taxonomy":"category","embeddable":true,"href":"https:\/\/www.ilnotiziario.net\/wp\/wp-json\/wp\/v2\/categories?post=24468"},{"taxonomy":"post_tag","embeddable":true,"href":"https:\/\/www.ilnotiziario.net\/wp\/wp-json\/wp\/v2\/tags?post=24468"}],"curies":[{"name":"wp","href":"https:\/\/api.w.org\/{rel}","templated":true}]}}