{"id":24650,"date":"2018-04-07T18:29:12","date_gmt":"2018-04-07T16:29:12","guid":{"rendered":"http:\/\/www.ilnotiziario.net\/?p=24650"},"modified":"2018-04-07T18:29:12","modified_gmt":"2018-04-07T16:29:12","slug":"grande-tony-arbolino-pole-position-in-moto3","status":"publish","type":"post","link":"https:\/\/www.ilnotiziario.net\/wp\/bollatese\/grande-tony-arbolino-pole-position-in-moto3\/","title":{"rendered":"Grande Tony Arbolino: pole position in Moto3"},"content":{"rendered":"<p><img fetchpriority=\"high\" decoding=\"async\" width=\"300\" height=\"222\" class=\"alignnone size-medium wp-image-24651\" alt=\"\" src=\"http:\/\/www.ilnotiziario.net\/wp\/wp-content\/uploads\/2018\/04\/tony-300x222.jpg\" srcset=\"https:\/\/www.ilnotiziario.net\/wp\/wp-content\/uploads\/2018\/04\/tony-300x222.jpg 300w, https:\/\/www.ilnotiziario.net\/wp\/wp-content\/uploads\/2018\/04\/tony.jpg 498w\" sizes=\"(max-width: 300px) 100vw, 300px\" \/> Una grandissima prova per il pilota garbagnatese Tony Arbolino oggi pomeriggio nelle qualifiche del Gran Premio d&#8217;Argentina di Moto3. Il pilota nostrano ha finalmente trovato il giusto feeling con la sua moto, della scuderia Martinelli Snipers, dopo che nel primo gran premio, in Qatar, aveva dimostrato grosse potenzialit\u00e0 che per\u00f2 non era riuscito a esprimere se non durante le &#8220;libere&#8221;. In Argentina, invece, la musica \u00e8 decisamente diversa: oggi Tony ha scelto la strategia giusta insieme al suo team, dimostrandosi subito competitivo: nella prima parte delle qualifiche, infatti, quando la pista era ancora in parte bagnata dalla pioggia, \u00e8 stato il primo ad abbattere il muro dell&#8217;1&#8217;56&#8221; piazzandosi in testa. Poi, man mano che la pista si asciugava, altri piloti lo hanno superato mentre lui, tornato ai box, osservava i tempi degli altri competitors.&nbsp;<\/p><div id=\"ilnot-3097179191\" class=\"ilnot-contenuto ilnot-entity-placement\"><p><!-- incontent_1 --><\/p>\n<div class=\"gptslot\" data-adunitid=\"1\"><\/div>\n<\/div>\n<p>Tony ha poi scelto il momento giusto per tornare a girare e, sorprendendo chi ancora non aveva compreso il suo talento, ha inanellato una serie di giri impressionanti chiudendo alla fine con un fantastico 1&#8217;53&#8221; e 782 millesimi, distaccando di ben tre decimi di secondo il pilota che lo seguiva in seconda posizione.&nbsp;<\/p>\n<p>Nessuno \u00e8 riuscito a fare meglio di lui, anche perch\u00e9 negli ultimi 7 minuti di qualifiche (quando ancora Arbolino avrebbe potuto migliorarsi) ha ricominciato a cadere la pioggia, cristallizzando cos\u00ec la classifica delle qualifiche.<\/p><div id=\"ilnot-1188817314\" class=\"ilnot-contenuto_2 ilnot-entity-placement\"><div class=\"ads-wrapper\">\n<div class=\"ad-slot\">\n   <div id=\"ilnot-3361623107\" style=\"margin-right: auto;margin-left: auto;text-align: center;width: 320px;height: 100px;\"><a href=\"https:\/\/www.scuolasicurezza.it\/\"><img decoding=\"async\" src=\"https:\/\/www.ilnotiziario.net\/wp\/wp-content\/uploads\/2026\/04\/IlNotiziario_banner-sito-e-newsletter-320-x-100-px-1.gif\" alt=\"\"><\/a><\/div>\n  <\/div>\n<div class=\"ad-slot\">\n   <div id=\"ilnot-1627620652\" style=\"margin-right: auto;margin-left: auto;text-align: center;width: 320px;height: 100px;\"><a href=\"https:\/\/purodesignarredamenti.com\/\"><img decoding=\"async\" src=\"https:\/\/www.ilnotiziario.net\/wp\/wp-content\/uploads\/2026\/04\/banner-puro-ok.gif\" alt=\"whatsapp\"><\/a><\/div><\/p><\/div>\n<\/div>\n<\/div>\n<p>Tony Arbolino, dunque, domani, domenica 8 aprile, partir\u00e0 il pole position nel Gran Premio d&#8217;Argentina per la categoria Moto3: un risultato prestigiosissimo che finalmente d\u00e0 al pilota garbagnatese la giusta dimensione.<\/p>\n<p>Appuntamento dunque a domani, domenica, alle 17 per il via della gara, che sar\u00e0 trasmessa in diretta tv in chiaro sul Canale 8 del digitale terrestre.<\/p>\n","protected":false},"excerpt":{"rendered":"<p>Una grandissima prova per il pilota garbagnatese Tony Arbolino oggi pomeriggio nelle qualifiche del Gran Premio d&#8217;Argentina di Moto3. Il pilota nostrano ha finalmente trovato il giusto feeling con la sua moto, della scuderia Martinelli Snipers, dopo che nel primo gran premio, in Qatar, aveva dimostrato grosse potenzialit\u00e0 che per\u00f2 non era riuscito a esprimere<\/p>\n","protected":false},"author":2,"featured_media":24651,"comment_status":"closed","ping_status":"closed","sticky":false,"template":"","format":"standard","meta":{"footnotes":""},"categories":[8,20],"tags":[5000,43,4106,743,5002,316,5001],"class_list":{"0":"post-24650","1":"post","2":"type-post","3":"status-publish","4":"format-standard","5":"has-post-thumbnail","7":"category-bollatese","8":"category-prima-pagina","9":"tag-arbolino","10":"tag-garbagnate","11":"tag-gran-premio","12":"tag-mondiale","13":"tag-moto3","14":"tag-motociclismo","15":"tag-tony"},"yoast_head":"<!-- This site is optimized with the Yoast SEO plugin v27.4 - https:\/\/yoast.com\/product\/yoast-seo-wordpress\/ -->\n<title>Grande Tony Arbolino: pole position in Moto3 - Il Notiziario<\/title>\n<meta name=\"description\" content=\"Una grandissima prova per il pilota garbagnatese Tony Arbolino oggi pomeriggio nelle qualifiche del Gran Premio d&#039;Argentina di Moto3. Il pilota nostrano\" \/>\n<meta name=\"robots\" content=\"index, follow, max-snippet:-1, max-image-preview:large, max-video-preview:-1\" \/>\n<link rel=\"canonical\" href=\"https:\/\/www.ilnotiziario.net\/wp\/bollatese\/grande-tony-arbolino-pole-position-in-moto3\/\" \/>\n<meta property=\"og:locale\" content=\"it_IT\" \/>\n<meta property=\"og:type\" content=\"article\" \/>\n<meta property=\"og:title\" content=\"Grande Tony Arbolino: pole position in Moto3 - Il Notiziario\" \/>\n<meta property=\"og:description\" content=\"Una grandissima prova per il pilota garbagnatese Tony Arbolino oggi pomeriggio nelle qualifiche del Gran Premio d&#039;Argentina di Moto3. Il pilota nostrano\" \/>\n<meta property=\"og:url\" content=\"https:\/\/www.ilnotiziario.net\/wp\/bollatese\/grande-tony-arbolino-pole-position-in-moto3\/\" \/>\n<meta property=\"og:site_name\" content=\"Il Notiziario\" \/>\n<meta property=\"article:publisher\" content=\"https:\/\/www.facebook.com\/ilnotiziarioind\/\" \/>\n<meta property=\"article:published_time\" content=\"2018-04-07T16:29:12+00:00\" \/>\n<meta property=\"og:image\" content=\"https:\/\/www.ilnotiziario.net\/wp\/wp-content\/uploads\/2018\/04\/tony.jpg\" \/>\n\t<meta property=\"og:image:width\" content=\"498\" \/>\n\t<meta property=\"og:image:height\" content=\"369\" \/>\n\t<meta property=\"og:image:type\" content=\"image\/jpeg\" \/>\n<meta name=\"author\" content=\"Piero Uboldi\" \/>\n<meta name=\"twitter:card\" content=\"summary_large_image\" \/>\n<meta name=\"twitter:creator\" content=\"@ilNotiziarioInd\" \/>\n<meta name=\"twitter:site\" content=\"@ilNotiziarioInd\" \/>\n<meta name=\"twitter:label1\" content=\"Scritto da\" \/>\n\t<meta name=\"twitter:data1\" content=\"Piero Uboldi\" \/>\n\t<meta name=\"twitter:label2\" content=\"Tempo di lettura stimato\" \/>\n\t<meta name=\"twitter:data2\" content=\"1 minuto\" \/>\n<script type=\"application\/ld+json\" class=\"yoast-schema-graph\">{\"@context\":\"https:\\\/\\\/schema.org\",\"@graph\":[{\"@type\":\"Article\",\"@id\":\"https:\\\/\\\/www.ilnotiziario.net\\\/wp\\\/bollatese\\\/grande-tony-arbolino-pole-position-in-moto3\\\/#article\",\"isPartOf\":{\"@id\":\"https:\\\/\\\/www.ilnotiziario.net\\\/wp\\\/bollatese\\\/grande-tony-arbolino-pole-position-in-moto3\\\/\"},\"author\":{\"name\":\"Piero Uboldi\",\"@id\":\"https:\\\/\\\/www.ilnotiziario.net\\\/wp\\\/#\\\/schema\\\/person\\\/e89637eee6354f1178cd746b675259ed\"},\"headline\":\"Grande Tony Arbolino: pole position in Moto3\",\"datePublished\":\"2018-04-07T16:29:12+00:00\",\"mainEntityOfPage\":{\"@id\":\"https:\\\/\\\/www.ilnotiziario.net\\\/wp\\\/bollatese\\\/grande-tony-arbolino-pole-position-in-moto3\\\/\"},\"wordCount\":280,\"publisher\":{\"@id\":\"https:\\\/\\\/www.ilnotiziario.net\\\/wp\\\/#organization\"},\"image\":{\"@id\":\"https:\\\/\\\/www.ilnotiziario.net\\\/wp\\\/bollatese\\\/grande-tony-arbolino-pole-position-in-moto3\\\/#primaryimage\"},\"thumbnailUrl\":\"https:\\\/\\\/www.ilnotiziario.net\\\/wp\\\/wp-content\\\/uploads\\\/2018\\\/04\\\/tony.jpg\",\"keywords\":[\"Arbolino\",\"Garbagnate\",\"Gran Premio\",\"mondiale\",\"Moto3\",\"motociclismo\",\"Tony\"],\"articleSection\":[\"BOLLATESE\",\"Prima Pagina\"],\"inLanguage\":\"it-IT\"},{\"@type\":\"WebPage\",\"@id\":\"https:\\\/\\\/www.ilnotiziario.net\\\/wp\\\/bollatese\\\/grande-tony-arbolino-pole-position-in-moto3\\\/\",\"url\":\"https:\\\/\\\/www.ilnotiziario.net\\\/wp\\\/bollatese\\\/grande-tony-arbolino-pole-position-in-moto3\\\/\",\"name\":\"Grande Tony Arbolino: pole position in Moto3 - Il Notiziario\",\"isPartOf\":{\"@id\":\"https:\\\/\\\/www.ilnotiziario.net\\\/wp\\\/#website\"},\"primaryImageOfPage\":{\"@id\":\"https:\\\/\\\/www.ilnotiziario.net\\\/wp\\\/bollatese\\\/grande-tony-arbolino-pole-position-in-moto3\\\/#primaryimage\"},\"image\":{\"@id\":\"https:\\\/\\\/www.ilnotiziario.net\\\/wp\\\/bollatese\\\/grande-tony-arbolino-pole-position-in-moto3\\\/#primaryimage\"},\"thumbnailUrl\":\"https:\\\/\\\/www.ilnotiziario.net\\\/wp\\\/wp-content\\\/uploads\\\/2018\\\/04\\\/tony.jpg\",\"datePublished\":\"2018-04-07T16:29:12+00:00\",\"description\":\"Una grandissima prova per il pilota garbagnatese Tony Arbolino oggi pomeriggio nelle qualifiche del Gran Premio d'Argentina di Moto3. Il pilota nostrano\",\"breadcrumb\":{\"@id\":\"https:\\\/\\\/www.ilnotiziario.net\\\/wp\\\/bollatese\\\/grande-tony-arbolino-pole-position-in-moto3\\\/#breadcrumb\"},\"inLanguage\":\"it-IT\",\"potentialAction\":[{\"@type\":\"ReadAction\",\"target\":[\"https:\\\/\\\/www.ilnotiziario.net\\\/wp\\\/bollatese\\\/grande-tony-arbolino-pole-position-in-moto3\\\/\"]}]},{\"@type\":\"ImageObject\",\"inLanguage\":\"it-IT\",\"@id\":\"https:\\\/\\\/www.ilnotiziario.net\\\/wp\\\/bollatese\\\/grande-tony-arbolino-pole-position-in-moto3\\\/#primaryimage\",\"url\":\"https:\\\/\\\/www.ilnotiziario.net\\\/wp\\\/wp-content\\\/uploads\\\/2018\\\/04\\\/tony.jpg\",\"contentUrl\":\"https:\\\/\\\/www.ilnotiziario.net\\\/wp\\\/wp-content\\\/uploads\\\/2018\\\/04\\\/tony.jpg\",\"width\":498,\"height\":369},{\"@type\":\"BreadcrumbList\",\"@id\":\"https:\\\/\\\/www.ilnotiziario.net\\\/wp\\\/bollatese\\\/grande-tony-arbolino-pole-position-in-moto3\\\/#breadcrumb\",\"itemListElement\":[{\"@type\":\"ListItem\",\"position\":1,\"name\":\"tds_text_logo_tagline_colortds_text_logo_tagline_colortds_text_logo_tagline_colortds_text_logo_tagline_colortd_module_7_title_excerpttd_module_7_title_excerpttd_module_7_title_excerpttd_module_7_title_excerptHome\",\"item\":\"https:\\\/\\\/www.ilnotiziario.net\\\/wp\\\/\"},{\"@type\":\"ListItem\",\"position\":2,\"name\":\"Grande Tony Arbolino: pole position in Moto3\"}]},{\"@type\":\"WebSite\",\"@id\":\"https:\\\/\\\/www.ilnotiziario.net\\\/wp\\\/#website\",\"url\":\"https:\\\/\\\/www.ilnotiziario.net\\\/wp\\\/\",\"name\":\"Il Notiziario\",\"description\":\"Per restare sempre connessi alla notizia\",\"publisher\":{\"@id\":\"https:\\\/\\\/www.ilnotiziario.net\\\/wp\\\/#organization\"},\"alternateName\":\"Il Notiziario Bollate\",\"potentialAction\":[{\"@type\":\"SearchAction\",\"target\":{\"@type\":\"EntryPoint\",\"urlTemplate\":\"https:\\\/\\\/www.ilnotiziario.net\\\/wp\\\/?s={search_term_string}\"},\"query-input\":{\"@type\":\"PropertyValueSpecification\",\"valueRequired\":true,\"valueName\":\"search_term_string\"}}],\"inLanguage\":\"it-IT\"},{\"@type\":\"Organization\",\"@id\":\"https:\\\/\\\/www.ilnotiziario.net\\\/wp\\\/#organization\",\"name\":\"Il Notiziario\",\"url\":\"https:\\\/\\\/www.ilnotiziario.net\\\/wp\\\/\",\"logo\":{\"@type\":\"ImageObject\",\"inLanguage\":\"it-IT\",\"@id\":\"https:\\\/\\\/www.ilnotiziario.net\\\/wp\\\/#\\\/schema\\\/logo\\\/image\\\/\",\"url\":\"https:\\\/\\\/www.ilnotiziario.net\\\/wp\\\/wp-content\\\/uploads\\\/2022\\\/06\\\/170x170ilN.png\",\"contentUrl\":\"https:\\\/\\\/www.ilnotiziario.net\\\/wp\\\/wp-content\\\/uploads\\\/2022\\\/06\\\/170x170ilN.png\",\"width\":355,\"height\":355,\"caption\":\"Il Notiziario\"},\"image\":{\"@id\":\"https:\\\/\\\/www.ilnotiziario.net\\\/wp\\\/#\\\/schema\\\/logo\\\/image\\\/\"},\"sameAs\":[\"https:\\\/\\\/www.facebook.com\\\/ilnotiziarioind\\\/\",\"https:\\\/\\\/x.com\\\/ilNotiziarioInd\",\"https:\\\/\\\/www.instagram.com\\\/ilnotiziario_settimanale\\\/\"]},{\"@type\":\"Person\",\"@id\":\"https:\\\/\\\/www.ilnotiziario.net\\\/wp\\\/#\\\/schema\\\/person\\\/e89637eee6354f1178cd746b675259ed\",\"name\":\"Piero Uboldi\",\"image\":{\"@type\":\"ImageObject\",\"inLanguage\":\"it-IT\",\"@id\":\"https:\\\/\\\/secure.gravatar.com\\\/avatar\\\/01137cd7d08f0fa4ec9f363c130b6097819cb1fe4aaf973d53d4066bd0e7593c?s=96&d=mm&r=g\",\"url\":\"https:\\\/\\\/secure.gravatar.com\\\/avatar\\\/01137cd7d08f0fa4ec9f363c130b6097819cb1fe4aaf973d53d4066bd0e7593c?s=96&d=mm&r=g\",\"contentUrl\":\"https:\\\/\\\/secure.gravatar.com\\\/avatar\\\/01137cd7d08f0fa4ec9f363c130b6097819cb1fe4aaf973d53d4066bd0e7593c?s=96&d=mm&r=g\",\"caption\":\"Piero Uboldi\"},\"sameAs\":[\"http:\\\/\\\/www.ilnotiziario.net\"]}]}<\/script>\n<!-- \/ Yoast SEO plugin. -->","yoast_head_json":{"title":"Grande Tony Arbolino: pole position in Moto3 - Il Notiziario","description":"Una grandissima prova per il pilota garbagnatese Tony Arbolino oggi pomeriggio nelle qualifiche del Gran Premio d'Argentina di Moto3. Il pilota nostrano","robots":{"index":"index","follow":"follow","max-snippet":"max-snippet:-1","max-image-preview":"max-image-preview:large","max-video-preview":"max-video-preview:-1"},"canonical":"https:\/\/www.ilnotiziario.net\/wp\/bollatese\/grande-tony-arbolino-pole-position-in-moto3\/","og_locale":"it_IT","og_type":"article","og_title":"Grande Tony Arbolino: pole position in Moto3 - Il Notiziario","og_description":"Una grandissima prova per il pilota garbagnatese Tony Arbolino oggi pomeriggio nelle qualifiche del Gran Premio d'Argentina di Moto3. Il pilota nostrano","og_url":"https:\/\/www.ilnotiziario.net\/wp\/bollatese\/grande-tony-arbolino-pole-position-in-moto3\/","og_site_name":"Il Notiziario","article_publisher":"https:\/\/www.facebook.com\/ilnotiziarioind\/","article_published_time":"2018-04-07T16:29:12+00:00","og_image":[{"width":498,"height":369,"url":"https:\/\/www.ilnotiziario.net\/wp\/wp-content\/uploads\/2018\/04\/tony.jpg","type":"image\/jpeg"}],"author":"Piero Uboldi","twitter_card":"summary_large_image","twitter_creator":"@ilNotiziarioInd","twitter_site":"@ilNotiziarioInd","twitter_misc":{"Scritto da":"Piero Uboldi","Tempo di lettura stimato":"1 minuto"},"schema":{"@context":"https:\/\/schema.org","@graph":[{"@type":"Article","@id":"https:\/\/www.ilnotiziario.net\/wp\/bollatese\/grande-tony-arbolino-pole-position-in-moto3\/#article","isPartOf":{"@id":"https:\/\/www.ilnotiziario.net\/wp\/bollatese\/grande-tony-arbolino-pole-position-in-moto3\/"},"author":{"name":"Piero Uboldi","@id":"https:\/\/www.ilnotiziario.net\/wp\/#\/schema\/person\/e89637eee6354f1178cd746b675259ed"},"headline":"Grande Tony Arbolino: pole position in Moto3","datePublished":"2018-04-07T16:29:12+00:00","mainEntityOfPage":{"@id":"https:\/\/www.ilnotiziario.net\/wp\/bollatese\/grande-tony-arbolino-pole-position-in-moto3\/"},"wordCount":280,"publisher":{"@id":"https:\/\/www.ilnotiziario.net\/wp\/#organization"},"image":{"@id":"https:\/\/www.ilnotiziario.net\/wp\/bollatese\/grande-tony-arbolino-pole-position-in-moto3\/#primaryimage"},"thumbnailUrl":"https:\/\/www.ilnotiziario.net\/wp\/wp-content\/uploads\/2018\/04\/tony.jpg","keywords":["Arbolino","Garbagnate","Gran Premio","mondiale","Moto3","motociclismo","Tony"],"articleSection":["BOLLATESE","Prima Pagina"],"inLanguage":"it-IT"},{"@type":"WebPage","@id":"https:\/\/www.ilnotiziario.net\/wp\/bollatese\/grande-tony-arbolino-pole-position-in-moto3\/","url":"https:\/\/www.ilnotiziario.net\/wp\/bollatese\/grande-tony-arbolino-pole-position-in-moto3\/","name":"Grande Tony Arbolino: pole position in Moto3 - Il Notiziario","isPartOf":{"@id":"https:\/\/www.ilnotiziario.net\/wp\/#website"},"primaryImageOfPage":{"@id":"https:\/\/www.ilnotiziario.net\/wp\/bollatese\/grande-tony-arbolino-pole-position-in-moto3\/#primaryimage"},"image":{"@id":"https:\/\/www.ilnotiziario.net\/wp\/bollatese\/grande-tony-arbolino-pole-position-in-moto3\/#primaryimage"},"thumbnailUrl":"https:\/\/www.ilnotiziario.net\/wp\/wp-content\/uploads\/2018\/04\/tony.jpg","datePublished":"2018-04-07T16:29:12+00:00","description":"Una grandissima prova per il pilota garbagnatese Tony Arbolino oggi pomeriggio nelle qualifiche del Gran Premio d'Argentina di Moto3. Il pilota nostrano","breadcrumb":{"@id":"https:\/\/www.ilnotiziario.net\/wp\/bollatese\/grande-tony-arbolino-pole-position-in-moto3\/#breadcrumb"},"inLanguage":"it-IT","potentialAction":[{"@type":"ReadAction","target":["https:\/\/www.ilnotiziario.net\/wp\/bollatese\/grande-tony-arbolino-pole-position-in-moto3\/"]}]},{"@type":"ImageObject","inLanguage":"it-IT","@id":"https:\/\/www.ilnotiziario.net\/wp\/bollatese\/grande-tony-arbolino-pole-position-in-moto3\/#primaryimage","url":"https:\/\/www.ilnotiziario.net\/wp\/wp-content\/uploads\/2018\/04\/tony.jpg","contentUrl":"https:\/\/www.ilnotiziario.net\/wp\/wp-content\/uploads\/2018\/04\/tony.jpg","width":498,"height":369},{"@type":"BreadcrumbList","@id":"https:\/\/www.ilnotiziario.net\/wp\/bollatese\/grande-tony-arbolino-pole-position-in-moto3\/#breadcrumb","itemListElement":[{"@type":"ListItem","position":1,"name":"tds_text_logo_tagline_colortds_text_logo_tagline_colortds_text_logo_tagline_colortds_text_logo_tagline_colortd_module_7_title_excerpttd_module_7_title_excerpttd_module_7_title_excerpttd_module_7_title_excerptHome","item":"https:\/\/www.ilnotiziario.net\/wp\/"},{"@type":"ListItem","position":2,"name":"Grande Tony Arbolino: pole position in Moto3"}]},{"@type":"WebSite","@id":"https:\/\/www.ilnotiziario.net\/wp\/#website","url":"https:\/\/www.ilnotiziario.net\/wp\/","name":"Il Notiziario","description":"Per restare sempre connessi alla notizia","publisher":{"@id":"https:\/\/www.ilnotiziario.net\/wp\/#organization"},"alternateName":"Il Notiziario Bollate","potentialAction":[{"@type":"SearchAction","target":{"@type":"EntryPoint","urlTemplate":"https:\/\/www.ilnotiziario.net\/wp\/?s={search_term_string}"},"query-input":{"@type":"PropertyValueSpecification","valueRequired":true,"valueName":"search_term_string"}}],"inLanguage":"it-IT"},{"@type":"Organization","@id":"https:\/\/www.ilnotiziario.net\/wp\/#organization","name":"Il Notiziario","url":"https:\/\/www.ilnotiziario.net\/wp\/","logo":{"@type":"ImageObject","inLanguage":"it-IT","@id":"https:\/\/www.ilnotiziario.net\/wp\/#\/schema\/logo\/image\/","url":"https:\/\/www.ilnotiziario.net\/wp\/wp-content\/uploads\/2022\/06\/170x170ilN.png","contentUrl":"https:\/\/www.ilnotiziario.net\/wp\/wp-content\/uploads\/2022\/06\/170x170ilN.png","width":355,"height":355,"caption":"Il Notiziario"},"image":{"@id":"https:\/\/www.ilnotiziario.net\/wp\/#\/schema\/logo\/image\/"},"sameAs":["https:\/\/www.facebook.com\/ilnotiziarioind\/","https:\/\/x.com\/ilNotiziarioInd","https:\/\/www.instagram.com\/ilnotiziario_settimanale\/"]},{"@type":"Person","@id":"https:\/\/www.ilnotiziario.net\/wp\/#\/schema\/person\/e89637eee6354f1178cd746b675259ed","name":"Piero Uboldi","image":{"@type":"ImageObject","inLanguage":"it-IT","@id":"https:\/\/secure.gravatar.com\/avatar\/01137cd7d08f0fa4ec9f363c130b6097819cb1fe4aaf973d53d4066bd0e7593c?s=96&d=mm&r=g","url":"https:\/\/secure.gravatar.com\/avatar\/01137cd7d08f0fa4ec9f363c130b6097819cb1fe4aaf973d53d4066bd0e7593c?s=96&d=mm&r=g","contentUrl":"https:\/\/secure.gravatar.com\/avatar\/01137cd7d08f0fa4ec9f363c130b6097819cb1fe4aaf973d53d4066bd0e7593c?s=96&d=mm&r=g","caption":"Piero Uboldi"},"sameAs":["http:\/\/www.ilnotiziario.net"]}]}},"_links":{"self":[{"href":"https:\/\/www.ilnotiziario.net\/wp\/wp-json\/wp\/v2\/posts\/24650","targetHints":{"allow":["GET"]}}],"collection":[{"href":"https:\/\/www.ilnotiziario.net\/wp\/wp-json\/wp\/v2\/posts"}],"about":[{"href":"https:\/\/www.ilnotiziario.net\/wp\/wp-json\/wp\/v2\/types\/post"}],"author":[{"embeddable":true,"href":"https:\/\/www.ilnotiziario.net\/wp\/wp-json\/wp\/v2\/users\/2"}],"replies":[{"embeddable":true,"href":"https:\/\/www.ilnotiziario.net\/wp\/wp-json\/wp\/v2\/comments?post=24650"}],"version-history":[{"count":0,"href":"https:\/\/www.ilnotiziario.net\/wp\/wp-json\/wp\/v2\/posts\/24650\/revisions"}],"wp:featuredmedia":[{"embeddable":true,"href":"https:\/\/www.ilnotiziario.net\/wp\/wp-json\/wp\/v2\/media\/24651"}],"wp:attachment":[{"href":"https:\/\/www.ilnotiziario.net\/wp\/wp-json\/wp\/v2\/media?parent=24650"}],"wp:term":[{"taxonomy":"category","embeddable":true,"href":"https:\/\/www.ilnotiziario.net\/wp\/wp-json\/wp\/v2\/categories?post=24650"},{"taxonomy":"post_tag","embeddable":true,"href":"https:\/\/www.ilnotiziario.net\/wp\/wp-json\/wp\/v2\/tags?post=24650"}],"curies":[{"name":"wp","href":"https:\/\/api.w.org\/{rel}","templated":true}]}}