{"id":24714,"date":"2018-04-10T16:21:22","date_gmt":"2018-04-10T14:21:22","guid":{"rendered":"http:\/\/www.ilnotiziario.net\/?p=24714"},"modified":"2018-04-10T20:51:39","modified_gmt":"2018-04-10T18:51:39","slug":"sorpresa-a-saronno-e-arrivata-la-ferrari-della-polizia-locale-di-milano","status":"publish","type":"post","link":"https:\/\/www.ilnotiziario.net\/wp\/prima-pagina\/sorpresa-a-saronno-e-arrivata-la-ferrari-della-polizia-locale-di-milano\/","title":{"rendered":"Sorpresa a Saronno, \u00e8 arrivata la Ferrari della Polizia Locale di Milano"},"content":{"rendered":"<p style=\"text-align: left;\"><a href=\"http:\/\/www.ilnotiziario.net\/wp\/wp-content\/uploads\/2018\/04\/545D7DC7-3AD7-4E3C-9145-0829AA1A513E.png\"><img fetchpriority=\"high\" decoding=\"async\" class=\"alignleft size-medium wp-image-24715\" src=\"http:\/\/www.ilnotiziario.net\/wp\/wp-content\/uploads\/2018\/04\/545D7DC7-3AD7-4E3C-9145-0829AA1A513E-300x200.png\" alt=\"\" width=\"300\" height=\"200\" srcset=\"https:\/\/www.ilnotiziario.net\/wp\/wp-content\/uploads\/2018\/04\/545D7DC7-3AD7-4E3C-9145-0829AA1A513E-300x200.png 300w, https:\/\/www.ilnotiziario.net\/wp\/wp-content\/uploads\/2018\/04\/545D7DC7-3AD7-4E3C-9145-0829AA1A513E-768x512.png 768w, https:\/\/www.ilnotiziario.net\/wp\/wp-content\/uploads\/2018\/04\/545D7DC7-3AD7-4E3C-9145-0829AA1A513E.png 1024w, https:\/\/www.ilnotiziario.net\/wp\/wp-content\/uploads\/2018\/04\/545D7DC7-3AD7-4E3C-9145-0829AA1A513E-560x374.png 560w\" sizes=\"(max-width: 300px) 100vw, 300px\" \/><\/a><\/p>\n<p data-originalfontsize=\"11pt\" data-originalcomputedfontsize=\"14.666666984558105\">E\u2019 arrivata puntuale al comando di Polizia Locale di Saronno la Ferrari in forza al parco mezzi dei colleghi ghisa di Milano.<\/p><div id=\"ilnot-4109994288\" class=\"ilnot-contenuto ilnot-entity-placement\"><p><!-- incontent_1 --><\/p>\n<div class=\"gptslot\" data-adunitid=\"1\"><\/div>\n<\/div>\n<p data-originalfontsize=\"11pt\" data-originalcomputedfontsize=\"14.666666984558105\">La <span data-originalfontsize=\"10.5pt\" data-originalcomputedfontsize=\"14\">Ferrari 458 Spider \u00e8 arrivata puntuale questa mattina, la sua presenza non \u00e8 casuale. \u00c8 inserita <\/span>nel progetto di divulgazione dei concetti di educazione civica e stradale realizzato per i piccoli saronnesi.<\/p>\n<p data-originalfontsize=\"11pt\" data-originalcomputedfontsize=\"14.666666984558105\">Il tutto in collaborazione con il comando di Polizia Locale di Milano che oggi ha messo a disposizione il suo mezzo.<\/p><div id=\"ilnot-723939258\" class=\"ilnot-contenuto_2 ilnot-entity-placement\"><div class=\"ads-wrapper\">\n<div class=\"ad-slot\">\n   <div id=\"ilnot-3962795117\" style=\"margin-right: auto;margin-left: auto;text-align: center;width: 320px;height: 100px;\"><a href=\"https:\/\/www.scuolasicurezza.it\/\"><img decoding=\"async\" src=\"https:\/\/www.ilnotiziario.net\/wp\/wp-content\/uploads\/2026\/04\/IlNotiziario_banner-sito-e-newsletter-320-x-100-px-1.gif\" alt=\"\"><\/a><\/div>\n  <\/div>\n<div class=\"ad-slot\">\n   <div id=\"ilnot-1633451860\" style=\"margin-right: auto;margin-left: auto;text-align: center;width: 320px;height: 100px;\"><a href=\"https:\/\/purodesignarredamenti.com\/\"><img decoding=\"async\" src=\"https:\/\/www.ilnotiziario.net\/wp\/wp-content\/uploads\/2026\/04\/banner-puro-ok.gif\" alt=\"whatsapp\"><\/a><\/div><\/p><\/div>\n<\/div>\n<\/div>\n<p data-originalfontsize=\"11pt\" data-originalcomputedfontsize=\"14.666666984558105\">&nbsp;<\/p>\n<p data-originalfontsize=\"11pt\" data-originalcomputedfontsize=\"14.666666984558105\">Si tratta di una vettura confiscata ad un clan camorristico, qualche anno fa e divenuta di propriet\u00e0 del Comando di Polizia locale di Milano. L&#8217;allestimento con la livrea che riporta i colori d&#8217;ordinanza e il simbolo di Regione Lombardia&nbsp; \u00e8 stato curato dalla Carrozzeria Marazzi di Caronno Pertusella, che lo aveva eseguito gratuitamente.&nbsp;<\/p>\n<p data-originalfontsize=\"11pt\" data-originalcomputedfontsize=\"14.666666984558105\">&nbsp;<\/p>\n<p data-originalfontsize=\"11pt\" data-originalcomputedfontsize=\"14.666666984558105\">\u201cDa molti anni il Municipio di Saronno \u00e8 in prima linea nel coinvolgere i cittadini di qualunque et\u00e0 nell\u2019attivit\u00e0 di conoscenza dell\u2019ente comune e nella diffusione di una educazione civica partecipata oltre che di una promozione dell\u2019educazione stradale rivolta con particolare attenzione alle fasce dei bambini e dei ragazzi \u2013 spiegano dall\u2019Amministrazione \u2013 Infatti presso la sede del Municipio vengono ricevute ed accolte le classi delle scuole medie, elementari e superiori, che imparano a conoscere le molteplici funzioni ed attivit\u00e0 dell\u2019ente locale\u201d.<\/p>\n<p>&nbsp;<\/p>\n","protected":false},"excerpt":{"rendered":"<p>E\u2019 arrivata puntuale al comando di Polizia Locale di Saronno la Ferrari in forza al parco mezzi dei colleghi ghisa di Milano. La Ferrari 458 Spider \u00e8 arrivata puntuale questa mattina, la sua presenza non \u00e8 casuale. \u00c8 inserita nel progetto di divulgazione dei concetti di educazione civica e stradale realizzato per i piccoli saronnesi.<\/p>\n","protected":false},"author":7,"featured_media":24715,"comment_status":"closed","ping_status":"closed","sticky":false,"template":"","format":"standard","meta":{"footnotes":""},"categories":[20,14],"tags":[145,38,49,56],"class_list":{"0":"post-24714","1":"post","2":"type-post","3":"status-publish","4":"format-standard","5":"has-post-thumbnail","7":"category-prima-pagina","8":"category-saronno","9":"tag-ferrari","10":"tag-milano","11":"tag-polizia-locale","12":"tag-saronno-2"},"yoast_head":"<!-- This site is optimized with the Yoast SEO plugin v27.4 - https:\/\/yoast.com\/product\/yoast-seo-wordpress\/ -->\n<title>Sorpresa a Saronno, \u00e8 arrivata la Ferrari della Polizia Locale di Milano - Il Notiziario<\/title>\n<meta name=\"description\" content=\"E\u2019 arrivata puntuale al comando di Polizia Locale di Saronno la Ferrari in forza al parco mezzi dei colleghi ghisa di Milano. La Ferrari 458 Spider \u00e8\" \/>\n<meta name=\"robots\" content=\"index, follow, max-snippet:-1, max-image-preview:large, max-video-preview:-1\" \/>\n<link rel=\"canonical\" href=\"https:\/\/www.ilnotiziario.net\/wp\/prima-pagina\/sorpresa-a-saronno-e-arrivata-la-ferrari-della-polizia-locale-di-milano\/\" \/>\n<meta property=\"og:locale\" content=\"it_IT\" \/>\n<meta property=\"og:type\" content=\"article\" \/>\n<meta property=\"og:title\" content=\"Sorpresa a Saronno, \u00e8 arrivata la Ferrari della Polizia Locale di Milano - Il Notiziario\" \/>\n<meta property=\"og:description\" content=\"E\u2019 arrivata puntuale al comando di Polizia Locale di Saronno la Ferrari in forza al parco mezzi dei colleghi ghisa di Milano. La Ferrari 458 Spider \u00e8\" \/>\n<meta property=\"og:url\" content=\"https:\/\/www.ilnotiziario.net\/wp\/prima-pagina\/sorpresa-a-saronno-e-arrivata-la-ferrari-della-polizia-locale-di-milano\/\" \/>\n<meta property=\"og:site_name\" content=\"Il Notiziario\" \/>\n<meta property=\"article:publisher\" content=\"https:\/\/www.facebook.com\/ilnotiziarioind\/\" \/>\n<meta property=\"article:published_time\" content=\"2018-04-10T14:21:22+00:00\" \/>\n<meta property=\"article:modified_time\" content=\"2018-04-10T18:51:39+00:00\" \/>\n<meta property=\"og:image\" content=\"https:\/\/www.ilnotiziario.net\/wp\/wp-content\/uploads\/2018\/04\/545D7DC7-3AD7-4E3C-9145-0829AA1A513E.png\" \/>\n\t<meta property=\"og:image:width\" content=\"1024\" \/>\n\t<meta property=\"og:image:height\" content=\"683\" \/>\n\t<meta property=\"og:image:type\" content=\"image\/png\" \/>\n<meta name=\"author\" content=\"Simone Carcano\" \/>\n<meta name=\"twitter:card\" content=\"summary_large_image\" \/>\n<meta name=\"twitter:creator\" content=\"@simone_carcano\" \/>\n<meta name=\"twitter:site\" content=\"@ilNotiziarioInd\" \/>\n<meta name=\"twitter:label1\" content=\"Scritto da\" \/>\n\t<meta name=\"twitter:data1\" content=\"Simone Carcano\" \/>\n\t<meta name=\"twitter:label2\" content=\"Tempo di lettura stimato\" \/>\n\t<meta name=\"twitter:data2\" content=\"1 minuto\" \/>\n<script type=\"application\/ld+json\" class=\"yoast-schema-graph\">{\"@context\":\"https:\\\/\\\/schema.org\",\"@graph\":[{\"@type\":\"Article\",\"@id\":\"https:\\\/\\\/www.ilnotiziario.net\\\/wp\\\/prima-pagina\\\/sorpresa-a-saronno-e-arrivata-la-ferrari-della-polizia-locale-di-milano\\\/#article\",\"isPartOf\":{\"@id\":\"https:\\\/\\\/www.ilnotiziario.net\\\/wp\\\/prima-pagina\\\/sorpresa-a-saronno-e-arrivata-la-ferrari-della-polizia-locale-di-milano\\\/\"},\"author\":{\"name\":\"Simone Carcano\",\"@id\":\"https:\\\/\\\/www.ilnotiziario.net\\\/wp\\\/#\\\/schema\\\/person\\\/c218ad0865f96bfe2c1c2cfa719653f7\"},\"headline\":\"Sorpresa a Saronno, \u00e8 arrivata la Ferrari della Polizia Locale di Milano\",\"datePublished\":\"2018-04-10T14:21:22+00:00\",\"dateModified\":\"2018-04-10T18:51:39+00:00\",\"mainEntityOfPage\":{\"@id\":\"https:\\\/\\\/www.ilnotiziario.net\\\/wp\\\/prima-pagina\\\/sorpresa-a-saronno-e-arrivata-la-ferrari-della-polizia-locale-di-milano\\\/\"},\"wordCount\":226,\"publisher\":{\"@id\":\"https:\\\/\\\/www.ilnotiziario.net\\\/wp\\\/#organization\"},\"image\":{\"@id\":\"https:\\\/\\\/www.ilnotiziario.net\\\/wp\\\/prima-pagina\\\/sorpresa-a-saronno-e-arrivata-la-ferrari-della-polizia-locale-di-milano\\\/#primaryimage\"},\"thumbnailUrl\":\"https:\\\/\\\/www.ilnotiziario.net\\\/wp\\\/wp-content\\\/uploads\\\/2018\\\/04\\\/545D7DC7-3AD7-4E3C-9145-0829AA1A513E.png\",\"keywords\":[\"Ferrari\",\"Milano\",\"Polizia locale\",\"Saronno\"],\"articleSection\":[\"Prima Pagina\",\"SARONNO\"],\"inLanguage\":\"it-IT\"},{\"@type\":\"WebPage\",\"@id\":\"https:\\\/\\\/www.ilnotiziario.net\\\/wp\\\/prima-pagina\\\/sorpresa-a-saronno-e-arrivata-la-ferrari-della-polizia-locale-di-milano\\\/\",\"url\":\"https:\\\/\\\/www.ilnotiziario.net\\\/wp\\\/prima-pagina\\\/sorpresa-a-saronno-e-arrivata-la-ferrari-della-polizia-locale-di-milano\\\/\",\"name\":\"Sorpresa a Saronno, \u00e8 arrivata la Ferrari della Polizia Locale di Milano - Il Notiziario\",\"isPartOf\":{\"@id\":\"https:\\\/\\\/www.ilnotiziario.net\\\/wp\\\/#website\"},\"primaryImageOfPage\":{\"@id\":\"https:\\\/\\\/www.ilnotiziario.net\\\/wp\\\/prima-pagina\\\/sorpresa-a-saronno-e-arrivata-la-ferrari-della-polizia-locale-di-milano\\\/#primaryimage\"},\"image\":{\"@id\":\"https:\\\/\\\/www.ilnotiziario.net\\\/wp\\\/prima-pagina\\\/sorpresa-a-saronno-e-arrivata-la-ferrari-della-polizia-locale-di-milano\\\/#primaryimage\"},\"thumbnailUrl\":\"https:\\\/\\\/www.ilnotiziario.net\\\/wp\\\/wp-content\\\/uploads\\\/2018\\\/04\\\/545D7DC7-3AD7-4E3C-9145-0829AA1A513E.png\",\"datePublished\":\"2018-04-10T14:21:22+00:00\",\"dateModified\":\"2018-04-10T18:51:39+00:00\",\"description\":\"E\u2019 arrivata puntuale al comando di Polizia Locale di Saronno la Ferrari in forza al parco mezzi dei colleghi ghisa di Milano. La Ferrari 458 Spider \u00e8\",\"breadcrumb\":{\"@id\":\"https:\\\/\\\/www.ilnotiziario.net\\\/wp\\\/prima-pagina\\\/sorpresa-a-saronno-e-arrivata-la-ferrari-della-polizia-locale-di-milano\\\/#breadcrumb\"},\"inLanguage\":\"it-IT\",\"potentialAction\":[{\"@type\":\"ReadAction\",\"target\":[\"https:\\\/\\\/www.ilnotiziario.net\\\/wp\\\/prima-pagina\\\/sorpresa-a-saronno-e-arrivata-la-ferrari-della-polizia-locale-di-milano\\\/\"]}]},{\"@type\":\"ImageObject\",\"inLanguage\":\"it-IT\",\"@id\":\"https:\\\/\\\/www.ilnotiziario.net\\\/wp\\\/prima-pagina\\\/sorpresa-a-saronno-e-arrivata-la-ferrari-della-polizia-locale-di-milano\\\/#primaryimage\",\"url\":\"https:\\\/\\\/www.ilnotiziario.net\\\/wp\\\/wp-content\\\/uploads\\\/2018\\\/04\\\/545D7DC7-3AD7-4E3C-9145-0829AA1A513E.png\",\"contentUrl\":\"https:\\\/\\\/www.ilnotiziario.net\\\/wp\\\/wp-content\\\/uploads\\\/2018\\\/04\\\/545D7DC7-3AD7-4E3C-9145-0829AA1A513E.png\",\"width\":1024,\"height\":683},{\"@type\":\"BreadcrumbList\",\"@id\":\"https:\\\/\\\/www.ilnotiziario.net\\\/wp\\\/prima-pagina\\\/sorpresa-a-saronno-e-arrivata-la-ferrari-della-polizia-locale-di-milano\\\/#breadcrumb\",\"itemListElement\":[{\"@type\":\"ListItem\",\"position\":1,\"name\":\"tds_text_logo_tagline_colortds_text_logo_tagline_colortds_text_logo_tagline_colortds_text_logo_tagline_colortd_module_7_title_excerpttd_module_7_title_excerpttd_module_7_title_excerpttd_module_7_title_excerptHome\",\"item\":\"https:\\\/\\\/www.ilnotiziario.net\\\/wp\\\/\"},{\"@type\":\"ListItem\",\"position\":2,\"name\":\"Sorpresa a Saronno, \u00e8 arrivata la Ferrari della Polizia Locale di Milano\"}]},{\"@type\":\"WebSite\",\"@id\":\"https:\\\/\\\/www.ilnotiziario.net\\\/wp\\\/#website\",\"url\":\"https:\\\/\\\/www.ilnotiziario.net\\\/wp\\\/\",\"name\":\"Il Notiziario\",\"description\":\"Per restare sempre connessi alla notizia\",\"publisher\":{\"@id\":\"https:\\\/\\\/www.ilnotiziario.net\\\/wp\\\/#organization\"},\"alternateName\":\"Il Notiziario Bollate\",\"potentialAction\":[{\"@type\":\"SearchAction\",\"target\":{\"@type\":\"EntryPoint\",\"urlTemplate\":\"https:\\\/\\\/www.ilnotiziario.net\\\/wp\\\/?s={search_term_string}\"},\"query-input\":{\"@type\":\"PropertyValueSpecification\",\"valueRequired\":true,\"valueName\":\"search_term_string\"}}],\"inLanguage\":\"it-IT\"},{\"@type\":\"Organization\",\"@id\":\"https:\\\/\\\/www.ilnotiziario.net\\\/wp\\\/#organization\",\"name\":\"Il Notiziario\",\"url\":\"https:\\\/\\\/www.ilnotiziario.net\\\/wp\\\/\",\"logo\":{\"@type\":\"ImageObject\",\"inLanguage\":\"it-IT\",\"@id\":\"https:\\\/\\\/www.ilnotiziario.net\\\/wp\\\/#\\\/schema\\\/logo\\\/image\\\/\",\"url\":\"https:\\\/\\\/www.ilnotiziario.net\\\/wp\\\/wp-content\\\/uploads\\\/2022\\\/06\\\/170x170ilN.png\",\"contentUrl\":\"https:\\\/\\\/www.ilnotiziario.net\\\/wp\\\/wp-content\\\/uploads\\\/2022\\\/06\\\/170x170ilN.png\",\"width\":355,\"height\":355,\"caption\":\"Il Notiziario\"},\"image\":{\"@id\":\"https:\\\/\\\/www.ilnotiziario.net\\\/wp\\\/#\\\/schema\\\/logo\\\/image\\\/\"},\"sameAs\":[\"https:\\\/\\\/www.facebook.com\\\/ilnotiziarioind\\\/\",\"https:\\\/\\\/x.com\\\/ilNotiziarioInd\",\"https:\\\/\\\/www.instagram.com\\\/ilnotiziario_settimanale\\\/\"]},{\"@type\":\"Person\",\"@id\":\"https:\\\/\\\/www.ilnotiziario.net\\\/wp\\\/#\\\/schema\\\/person\\\/c218ad0865f96bfe2c1c2cfa719653f7\",\"name\":\"Simone Carcano\",\"image\":{\"@type\":\"ImageObject\",\"inLanguage\":\"it-IT\",\"@id\":\"https:\\\/\\\/secure.gravatar.com\\\/avatar\\\/5e677023cff2c47e9f7a896b9157a46e18bd36e7c4d000a1726bb730be7d38bb?s=96&d=mm&r=g\",\"url\":\"https:\\\/\\\/secure.gravatar.com\\\/avatar\\\/5e677023cff2c47e9f7a896b9157a46e18bd36e7c4d000a1726bb730be7d38bb?s=96&d=mm&r=g\",\"contentUrl\":\"https:\\\/\\\/secure.gravatar.com\\\/avatar\\\/5e677023cff2c47e9f7a896b9157a46e18bd36e7c4d000a1726bb730be7d38bb?s=96&d=mm&r=g\",\"caption\":\"Simone Carcano\"},\"sameAs\":[\"http:\\\/\\\/www.ilnotiziario.net\",\"https:\\\/\\\/x.com\\\/@simone_carcano\"]}]}<\/script>\n<!-- \/ Yoast SEO plugin. -->","yoast_head_json":{"title":"Sorpresa a Saronno, \u00e8 arrivata la Ferrari della Polizia Locale di Milano - Il Notiziario","description":"E\u2019 arrivata puntuale al comando di Polizia Locale di Saronno la Ferrari in forza al parco mezzi dei colleghi ghisa di Milano. La Ferrari 458 Spider \u00e8","robots":{"index":"index","follow":"follow","max-snippet":"max-snippet:-1","max-image-preview":"max-image-preview:large","max-video-preview":"max-video-preview:-1"},"canonical":"https:\/\/www.ilnotiziario.net\/wp\/prima-pagina\/sorpresa-a-saronno-e-arrivata-la-ferrari-della-polizia-locale-di-milano\/","og_locale":"it_IT","og_type":"article","og_title":"Sorpresa a Saronno, \u00e8 arrivata la Ferrari della Polizia Locale di Milano - Il Notiziario","og_description":"E\u2019 arrivata puntuale al comando di Polizia Locale di Saronno la Ferrari in forza al parco mezzi dei colleghi ghisa di Milano. La Ferrari 458 Spider \u00e8","og_url":"https:\/\/www.ilnotiziario.net\/wp\/prima-pagina\/sorpresa-a-saronno-e-arrivata-la-ferrari-della-polizia-locale-di-milano\/","og_site_name":"Il Notiziario","article_publisher":"https:\/\/www.facebook.com\/ilnotiziarioind\/","article_published_time":"2018-04-10T14:21:22+00:00","article_modified_time":"2018-04-10T18:51:39+00:00","og_image":[{"width":1024,"height":683,"url":"https:\/\/www.ilnotiziario.net\/wp\/wp-content\/uploads\/2018\/04\/545D7DC7-3AD7-4E3C-9145-0829AA1A513E.png","type":"image\/png"}],"author":"Simone Carcano","twitter_card":"summary_large_image","twitter_creator":"@simone_carcano","twitter_site":"@ilNotiziarioInd","twitter_misc":{"Scritto da":"Simone Carcano","Tempo di lettura stimato":"1 minuto"},"schema":{"@context":"https:\/\/schema.org","@graph":[{"@type":"Article","@id":"https:\/\/www.ilnotiziario.net\/wp\/prima-pagina\/sorpresa-a-saronno-e-arrivata-la-ferrari-della-polizia-locale-di-milano\/#article","isPartOf":{"@id":"https:\/\/www.ilnotiziario.net\/wp\/prima-pagina\/sorpresa-a-saronno-e-arrivata-la-ferrari-della-polizia-locale-di-milano\/"},"author":{"name":"Simone Carcano","@id":"https:\/\/www.ilnotiziario.net\/wp\/#\/schema\/person\/c218ad0865f96bfe2c1c2cfa719653f7"},"headline":"Sorpresa a Saronno, \u00e8 arrivata la Ferrari della Polizia Locale di Milano","datePublished":"2018-04-10T14:21:22+00:00","dateModified":"2018-04-10T18:51:39+00:00","mainEntityOfPage":{"@id":"https:\/\/www.ilnotiziario.net\/wp\/prima-pagina\/sorpresa-a-saronno-e-arrivata-la-ferrari-della-polizia-locale-di-milano\/"},"wordCount":226,"publisher":{"@id":"https:\/\/www.ilnotiziario.net\/wp\/#organization"},"image":{"@id":"https:\/\/www.ilnotiziario.net\/wp\/prima-pagina\/sorpresa-a-saronno-e-arrivata-la-ferrari-della-polizia-locale-di-milano\/#primaryimage"},"thumbnailUrl":"https:\/\/www.ilnotiziario.net\/wp\/wp-content\/uploads\/2018\/04\/545D7DC7-3AD7-4E3C-9145-0829AA1A513E.png","keywords":["Ferrari","Milano","Polizia locale","Saronno"],"articleSection":["Prima Pagina","SARONNO"],"inLanguage":"it-IT"},{"@type":"WebPage","@id":"https:\/\/www.ilnotiziario.net\/wp\/prima-pagina\/sorpresa-a-saronno-e-arrivata-la-ferrari-della-polizia-locale-di-milano\/","url":"https:\/\/www.ilnotiziario.net\/wp\/prima-pagina\/sorpresa-a-saronno-e-arrivata-la-ferrari-della-polizia-locale-di-milano\/","name":"Sorpresa a Saronno, \u00e8 arrivata la Ferrari della Polizia Locale di Milano - Il Notiziario","isPartOf":{"@id":"https:\/\/www.ilnotiziario.net\/wp\/#website"},"primaryImageOfPage":{"@id":"https:\/\/www.ilnotiziario.net\/wp\/prima-pagina\/sorpresa-a-saronno-e-arrivata-la-ferrari-della-polizia-locale-di-milano\/#primaryimage"},"image":{"@id":"https:\/\/www.ilnotiziario.net\/wp\/prima-pagina\/sorpresa-a-saronno-e-arrivata-la-ferrari-della-polizia-locale-di-milano\/#primaryimage"},"thumbnailUrl":"https:\/\/www.ilnotiziario.net\/wp\/wp-content\/uploads\/2018\/04\/545D7DC7-3AD7-4E3C-9145-0829AA1A513E.png","datePublished":"2018-04-10T14:21:22+00:00","dateModified":"2018-04-10T18:51:39+00:00","description":"E\u2019 arrivata puntuale al comando di Polizia Locale di Saronno la Ferrari in forza al parco mezzi dei colleghi ghisa di Milano. La Ferrari 458 Spider \u00e8","breadcrumb":{"@id":"https:\/\/www.ilnotiziario.net\/wp\/prima-pagina\/sorpresa-a-saronno-e-arrivata-la-ferrari-della-polizia-locale-di-milano\/#breadcrumb"},"inLanguage":"it-IT","potentialAction":[{"@type":"ReadAction","target":["https:\/\/www.ilnotiziario.net\/wp\/prima-pagina\/sorpresa-a-saronno-e-arrivata-la-ferrari-della-polizia-locale-di-milano\/"]}]},{"@type":"ImageObject","inLanguage":"it-IT","@id":"https:\/\/www.ilnotiziario.net\/wp\/prima-pagina\/sorpresa-a-saronno-e-arrivata-la-ferrari-della-polizia-locale-di-milano\/#primaryimage","url":"https:\/\/www.ilnotiziario.net\/wp\/wp-content\/uploads\/2018\/04\/545D7DC7-3AD7-4E3C-9145-0829AA1A513E.png","contentUrl":"https:\/\/www.ilnotiziario.net\/wp\/wp-content\/uploads\/2018\/04\/545D7DC7-3AD7-4E3C-9145-0829AA1A513E.png","width":1024,"height":683},{"@type":"BreadcrumbList","@id":"https:\/\/www.ilnotiziario.net\/wp\/prima-pagina\/sorpresa-a-saronno-e-arrivata-la-ferrari-della-polizia-locale-di-milano\/#breadcrumb","itemListElement":[{"@type":"ListItem","position":1,"name":"tds_text_logo_tagline_colortds_text_logo_tagline_colortds_text_logo_tagline_colortds_text_logo_tagline_colortd_module_7_title_excerpttd_module_7_title_excerpttd_module_7_title_excerpttd_module_7_title_excerptHome","item":"https:\/\/www.ilnotiziario.net\/wp\/"},{"@type":"ListItem","position":2,"name":"Sorpresa a Saronno, \u00e8 arrivata la Ferrari della Polizia Locale di Milano"}]},{"@type":"WebSite","@id":"https:\/\/www.ilnotiziario.net\/wp\/#website","url":"https:\/\/www.ilnotiziario.net\/wp\/","name":"Il Notiziario","description":"Per restare sempre connessi alla notizia","publisher":{"@id":"https:\/\/www.ilnotiziario.net\/wp\/#organization"},"alternateName":"Il Notiziario Bollate","potentialAction":[{"@type":"SearchAction","target":{"@type":"EntryPoint","urlTemplate":"https:\/\/www.ilnotiziario.net\/wp\/?s={search_term_string}"},"query-input":{"@type":"PropertyValueSpecification","valueRequired":true,"valueName":"search_term_string"}}],"inLanguage":"it-IT"},{"@type":"Organization","@id":"https:\/\/www.ilnotiziario.net\/wp\/#organization","name":"Il Notiziario","url":"https:\/\/www.ilnotiziario.net\/wp\/","logo":{"@type":"ImageObject","inLanguage":"it-IT","@id":"https:\/\/www.ilnotiziario.net\/wp\/#\/schema\/logo\/image\/","url":"https:\/\/www.ilnotiziario.net\/wp\/wp-content\/uploads\/2022\/06\/170x170ilN.png","contentUrl":"https:\/\/www.ilnotiziario.net\/wp\/wp-content\/uploads\/2022\/06\/170x170ilN.png","width":355,"height":355,"caption":"Il Notiziario"},"image":{"@id":"https:\/\/www.ilnotiziario.net\/wp\/#\/schema\/logo\/image\/"},"sameAs":["https:\/\/www.facebook.com\/ilnotiziarioind\/","https:\/\/x.com\/ilNotiziarioInd","https:\/\/www.instagram.com\/ilnotiziario_settimanale\/"]},{"@type":"Person","@id":"https:\/\/www.ilnotiziario.net\/wp\/#\/schema\/person\/c218ad0865f96bfe2c1c2cfa719653f7","name":"Simone Carcano","image":{"@type":"ImageObject","inLanguage":"it-IT","@id":"https:\/\/secure.gravatar.com\/avatar\/5e677023cff2c47e9f7a896b9157a46e18bd36e7c4d000a1726bb730be7d38bb?s=96&d=mm&r=g","url":"https:\/\/secure.gravatar.com\/avatar\/5e677023cff2c47e9f7a896b9157a46e18bd36e7c4d000a1726bb730be7d38bb?s=96&d=mm&r=g","contentUrl":"https:\/\/secure.gravatar.com\/avatar\/5e677023cff2c47e9f7a896b9157a46e18bd36e7c4d000a1726bb730be7d38bb?s=96&d=mm&r=g","caption":"Simone Carcano"},"sameAs":["http:\/\/www.ilnotiziario.net","https:\/\/x.com\/@simone_carcano"]}]}},"_links":{"self":[{"href":"https:\/\/www.ilnotiziario.net\/wp\/wp-json\/wp\/v2\/posts\/24714","targetHints":{"allow":["GET"]}}],"collection":[{"href":"https:\/\/www.ilnotiziario.net\/wp\/wp-json\/wp\/v2\/posts"}],"about":[{"href":"https:\/\/www.ilnotiziario.net\/wp\/wp-json\/wp\/v2\/types\/post"}],"author":[{"embeddable":true,"href":"https:\/\/www.ilnotiziario.net\/wp\/wp-json\/wp\/v2\/users\/7"}],"replies":[{"embeddable":true,"href":"https:\/\/www.ilnotiziario.net\/wp\/wp-json\/wp\/v2\/comments?post=24714"}],"version-history":[{"count":0,"href":"https:\/\/www.ilnotiziario.net\/wp\/wp-json\/wp\/v2\/posts\/24714\/revisions"}],"wp:featuredmedia":[{"embeddable":true,"href":"https:\/\/www.ilnotiziario.net\/wp\/wp-json\/wp\/v2\/media\/24715"}],"wp:attachment":[{"href":"https:\/\/www.ilnotiziario.net\/wp\/wp-json\/wp\/v2\/media?parent=24714"}],"wp:term":[{"taxonomy":"category","embeddable":true,"href":"https:\/\/www.ilnotiziario.net\/wp\/wp-json\/wp\/v2\/categories?post=24714"},{"taxonomy":"post_tag","embeddable":true,"href":"https:\/\/www.ilnotiziario.net\/wp\/wp-json\/wp\/v2\/tags?post=24714"}],"curies":[{"name":"wp","href":"https:\/\/api.w.org\/{rel}","templated":true}]}}