{"id":24889,"date":"2018-04-15T11:50:50","date_gmt":"2018-04-15T09:50:50","guid":{"rendered":"http:\/\/www.ilnotiziario.net\/?p=24889"},"modified":"2018-04-15T12:01:22","modified_gmt":"2018-04-15T10:01:22","slug":"poste-italiane-rivoluzione-in-arrivo-il-postino-suonera-anche-la-sera","status":"publish","type":"post","link":"https:\/\/www.ilnotiziario.net\/wp\/prima-pagina\/poste-italiane-rivoluzione-in-arrivo-il-postino-suonera-anche-la-sera\/","title":{"rendered":"Poste Italiane, rivoluzione in arrivo: il postino suoner\u00e0 anche la sera"},"content":{"rendered":"<p><a href=\"http:\/\/www.ilnotiziario.net\/wp\/wp-content\/uploads\/2018\/04\/postini-poste.jpg\"><img fetchpriority=\"high\" decoding=\"async\" class=\"alignleft size-medium wp-image-24895\" src=\"http:\/\/www.ilnotiziario.net\/wp\/wp-content\/uploads\/2018\/04\/postini-poste-300x200.jpg\" alt=\"\" width=\"300\" height=\"200\" srcset=\"https:\/\/www.ilnotiziario.net\/wp\/wp-content\/uploads\/2018\/04\/postini-poste-300x200.jpg 300w, https:\/\/www.ilnotiziario.net\/wp\/wp-content\/uploads\/2018\/04\/postini-poste-768x512.jpg 768w, https:\/\/www.ilnotiziario.net\/wp\/wp-content\/uploads\/2018\/04\/postini-poste.jpg 1024w, https:\/\/www.ilnotiziario.net\/wp\/wp-content\/uploads\/2018\/04\/postini-poste-560x373.jpg 560w\" sizes=\"(max-width: 300px) 100vw, 300px\" \/><\/a>Poste Italiane avvia la rivoluzione. Il postino suona sempre due volte. E <strong>dal 16 aprile<\/strong> lo far\u00e0 anche nel pomeriggio e il sabato.<\/p><div id=\"ilnot-2134117273\" class=\"ilnot-contenuto ilnot-entity-placement\"><p><!-- incontent_1 --><\/p>\n<div class=\"gptslot\" data-adunitid=\"1\"><\/div>\n<\/div>\n<p>E\u2019 la novit\u00e0 che coinvolge ben <strong>34 comuni della Citt\u00e0 Metropolitana<\/strong>. Pacchi e corrispondenza si potranno ricevere direttamente a casa entro le 19.45 e anche nella giornata del sabato. Oggi invece la consegna \u00e8 limitata alle sole mattinate feriali.<\/p>\n<p>\u201cSi tratta di una vera e propria <strong>rivoluzione<\/strong> che rientra nel Piano Industriale di Poste Italiane &#8211; dichiara&nbsp;Gabriele Marocchi, responsabile Recapito della Lombardia &#8211; una sfida per i prossimi anni che va incontro alle nuove abitudini degli italiani\u201d.<\/p><div id=\"ilnot-1836277986\" class=\"ilnot-contenuto_2 ilnot-entity-placement\"><div class=\"ads-wrapper\">\n<div class=\"ad-slot\">\n   <div id=\"ilnot-3923063898\" style=\"margin-right: auto;margin-left: auto;text-align: center;width: 320px;height: 100px;\"><a href=\"https:\/\/www.scuolasicurezza.it\/\"><img decoding=\"async\" src=\"https:\/\/www.ilnotiziario.net\/wp\/wp-content\/uploads\/2026\/04\/IlNotiziario_banner-sito-e-newsletter-320-x-100-px-1.gif\" alt=\"\"><\/a><\/div>\n  <\/div>\n<div class=\"ad-slot\">\n   <div id=\"ilnot-2209297779\" style=\"margin-right: auto;margin-left: auto;text-align: center;width: 320px;height: 100px;\"><a href=\"https:\/\/purodesignarredamenti.com\/\"><img decoding=\"async\" src=\"https:\/\/www.ilnotiziario.net\/wp\/wp-content\/uploads\/2026\/04\/banner-puro-ok.gif\" alt=\"whatsapp\"><\/a><\/div><\/p><\/div>\n<\/div>\n<\/div>\n<p>Oggi ci sono meno lettere da consegnare e pi\u00f9 pacchi provenienti dal settore e-commerce. Ed ecco che anche la figura del postino deve stare al passo coi tempi che cambiano sapendo gestire i 3,5 miliardi di corrispondenza e gli oltre 40 milioni di pacchi gestiti da Poste Italiane.<\/p>\n<p>Tra le novit\u00e0 anche l\u2019introduzione di due reti distinte per meglio rispondere alle esigenze dei clienti. Ci saranno due reti di distribuzione: la prima per la <strong>corrispondenza tradizionale<\/strong> e la seconda definita \u2018Linea Business\u2019 che si occuper\u00e0 di <strong>pacchi e prodotti e-commerce<\/strong> fino alle 19.45 e il sabato.<\/p>\n<p>Da met\u00e0 aprile la rivoluzione coinvolger\u00e0 34 comuni della Citt\u00e0 Metropolitana per estendersi poi a tutta la regione Lombardia con la prossima estate. E via via sempre pi\u00f9 in tutta Italia diventando obiettivo 2019.<\/p><div id=\"ilnot-538510229\" class=\"ilnot-contenuto_2-2 ilnot-entity-placement\"><div class=\"gptslot\" data-adunitid=\"2\"><\/div>\n<\/div>\n","protected":false},"excerpt":{"rendered":"<p>Poste Italiane avvia la rivoluzione. Il postino suona sempre due volte. E dal 16 aprile lo far\u00e0 anche nel pomeriggio e il sabato. E\u2019 la novit\u00e0 che coinvolge ben 34 comuni della Citt\u00e0 Metropolitana. Pacchi e corrispondenza si potranno ricevere direttamente a casa entro le 19.45 e anche nella giornata del sabato. Oggi invece la<\/p>\n","protected":false},"author":7,"featured_media":24895,"comment_status":"closed","ping_status":"closed","sticky":false,"template":"","format":"standard","meta":{"footnotes":""},"categories":[20],"tags":[1704,984,54,5040],"class_list":{"0":"post-24889","1":"post","2":"type-post","3":"status-publish","4":"format-standard","5":"has-post-thumbnail","7":"category-prima-pagina","8":"tag-citta-metropolitana","9":"tag-poste-italiane","10":"tag-regione-lombardia","11":"tag-rivoluzione"},"yoast_head":"<!-- This site is optimized with the Yoast SEO plugin v27.4 - https:\/\/yoast.com\/product\/yoast-seo-wordpress\/ -->\n<title>Poste Italiane, rivoluzione in arrivo: il postino suoner\u00e0 anche la sera - Il Notiziario<\/title>\n<meta name=\"description\" content=\"Poste Italiane avvia la rivoluzione. Il postino suona sempre due volte. E dal 16 aprile lo far\u00e0 anche nel pomeriggio e il sabato. E\u2019 la novit\u00e0 che\" \/>\n<meta name=\"robots\" content=\"index, follow, max-snippet:-1, max-image-preview:large, max-video-preview:-1\" \/>\n<link rel=\"canonical\" href=\"https:\/\/www.ilnotiziario.net\/wp\/prima-pagina\/poste-italiane-rivoluzione-in-arrivo-il-postino-suonera-anche-la-sera\/\" \/>\n<meta property=\"og:locale\" content=\"it_IT\" \/>\n<meta property=\"og:type\" content=\"article\" \/>\n<meta property=\"og:title\" content=\"Poste Italiane, rivoluzione in arrivo: il postino suoner\u00e0 anche la sera\" \/>\n<meta property=\"og:description\" content=\"Poste Italiane avvia la rivoluzione. Il postino suona sempre due volte. E dal 16 aprile lo far\u00e0 anche nel pomeriggio e il sabato. E\u2019 la novit\u00e0 che coinvolge ben 34 comuni della Citt\u00e0 Metropolitana. Pacchi e corrispondenza si potranno ricevere direttamente a casa entro le 19.45 e anche nella giornata del sabato. Oggi invece la consegna \u00e8 limitata alle sole mattinate feriali.\" \/>\n<meta property=\"og:url\" content=\"https:\/\/www.ilnotiziario.net\/wp\/prima-pagina\/poste-italiane-rivoluzione-in-arrivo-il-postino-suonera-anche-la-sera\/\" \/>\n<meta property=\"og:site_name\" content=\"Il Notiziario\" \/>\n<meta property=\"article:publisher\" content=\"https:\/\/www.facebook.com\/ilnotiziarioind\/\" \/>\n<meta property=\"article:published_time\" content=\"2018-04-15T09:50:50+00:00\" \/>\n<meta property=\"article:modified_time\" content=\"2018-04-15T10:01:22+00:00\" \/>\n<meta property=\"og:image\" content=\"https:\/\/www.ilnotiziario.net\/wp\/wp-content\/uploads\/2018\/04\/postini-poste.jpg\" \/>\n\t<meta property=\"og:image:width\" content=\"1024\" \/>\n\t<meta property=\"og:image:height\" content=\"682\" \/>\n\t<meta property=\"og:image:type\" content=\"image\/jpeg\" \/>\n<meta name=\"author\" content=\"Simone Carcano\" \/>\n<meta name=\"twitter:card\" content=\"summary_large_image\" \/>\n<meta name=\"twitter:creator\" content=\"@simone_carcano\" \/>\n<meta name=\"twitter:site\" content=\"@ilNotiziarioInd\" \/>\n<meta name=\"twitter:label1\" content=\"Scritto da\" \/>\n\t<meta name=\"twitter:data1\" content=\"Simone Carcano\" \/>\n\t<meta name=\"twitter:label2\" content=\"Tempo di lettura stimato\" \/>\n\t<meta name=\"twitter:data2\" content=\"1 minuto\" \/>\n<script type=\"application\/ld+json\" class=\"yoast-schema-graph\">{\"@context\":\"https:\\\/\\\/schema.org\",\"@graph\":[{\"@type\":\"Article\",\"@id\":\"https:\\\/\\\/www.ilnotiziario.net\\\/wp\\\/prima-pagina\\\/poste-italiane-rivoluzione-in-arrivo-il-postino-suonera-anche-la-sera\\\/#article\",\"isPartOf\":{\"@id\":\"https:\\\/\\\/www.ilnotiziario.net\\\/wp\\\/prima-pagina\\\/poste-italiane-rivoluzione-in-arrivo-il-postino-suonera-anche-la-sera\\\/\"},\"author\":{\"name\":\"Simone Carcano\",\"@id\":\"https:\\\/\\\/www.ilnotiziario.net\\\/wp\\\/#\\\/schema\\\/person\\\/c218ad0865f96bfe2c1c2cfa719653f7\"},\"headline\":\"Poste Italiane, rivoluzione in arrivo: il postino suoner\u00e0 anche la sera\",\"datePublished\":\"2018-04-15T09:50:50+00:00\",\"dateModified\":\"2018-04-15T10:01:22+00:00\",\"mainEntityOfPage\":{\"@id\":\"https:\\\/\\\/www.ilnotiziario.net\\\/wp\\\/prima-pagina\\\/poste-italiane-rivoluzione-in-arrivo-il-postino-suonera-anche-la-sera\\\/\"},\"wordCount\":235,\"publisher\":{\"@id\":\"https:\\\/\\\/www.ilnotiziario.net\\\/wp\\\/#organization\"},\"image\":{\"@id\":\"https:\\\/\\\/www.ilnotiziario.net\\\/wp\\\/prima-pagina\\\/poste-italiane-rivoluzione-in-arrivo-il-postino-suonera-anche-la-sera\\\/#primaryimage\"},\"thumbnailUrl\":\"https:\\\/\\\/www.ilnotiziario.net\\\/wp\\\/wp-content\\\/uploads\\\/2018\\\/04\\\/postini-poste.jpg\",\"keywords\":[\"Citt\u00e0 Metropolitana\",\"Poste Italiane\",\"Regione Lombardia\",\"Rivoluzione\"],\"articleSection\":[\"Prima Pagina\"],\"inLanguage\":\"it-IT\"},{\"@type\":\"WebPage\",\"@id\":\"https:\\\/\\\/www.ilnotiziario.net\\\/wp\\\/prima-pagina\\\/poste-italiane-rivoluzione-in-arrivo-il-postino-suonera-anche-la-sera\\\/\",\"url\":\"https:\\\/\\\/www.ilnotiziario.net\\\/wp\\\/prima-pagina\\\/poste-italiane-rivoluzione-in-arrivo-il-postino-suonera-anche-la-sera\\\/\",\"name\":\"Poste Italiane, rivoluzione in arrivo: il postino suoner\u00e0 anche la sera - Il Notiziario\",\"isPartOf\":{\"@id\":\"https:\\\/\\\/www.ilnotiziario.net\\\/wp\\\/#website\"},\"primaryImageOfPage\":{\"@id\":\"https:\\\/\\\/www.ilnotiziario.net\\\/wp\\\/prima-pagina\\\/poste-italiane-rivoluzione-in-arrivo-il-postino-suonera-anche-la-sera\\\/#primaryimage\"},\"image\":{\"@id\":\"https:\\\/\\\/www.ilnotiziario.net\\\/wp\\\/prima-pagina\\\/poste-italiane-rivoluzione-in-arrivo-il-postino-suonera-anche-la-sera\\\/#primaryimage\"},\"thumbnailUrl\":\"https:\\\/\\\/www.ilnotiziario.net\\\/wp\\\/wp-content\\\/uploads\\\/2018\\\/04\\\/postini-poste.jpg\",\"datePublished\":\"2018-04-15T09:50:50+00:00\",\"dateModified\":\"2018-04-15T10:01:22+00:00\",\"description\":\"Poste Italiane avvia la rivoluzione. Il postino suona sempre due volte. E dal 16 aprile lo far\u00e0 anche nel pomeriggio e il sabato. E\u2019 la novit\u00e0 che\",\"breadcrumb\":{\"@id\":\"https:\\\/\\\/www.ilnotiziario.net\\\/wp\\\/prima-pagina\\\/poste-italiane-rivoluzione-in-arrivo-il-postino-suonera-anche-la-sera\\\/#breadcrumb\"},\"inLanguage\":\"it-IT\",\"potentialAction\":[{\"@type\":\"ReadAction\",\"target\":[\"https:\\\/\\\/www.ilnotiziario.net\\\/wp\\\/prima-pagina\\\/poste-italiane-rivoluzione-in-arrivo-il-postino-suonera-anche-la-sera\\\/\"]}]},{\"@type\":\"ImageObject\",\"inLanguage\":\"it-IT\",\"@id\":\"https:\\\/\\\/www.ilnotiziario.net\\\/wp\\\/prima-pagina\\\/poste-italiane-rivoluzione-in-arrivo-il-postino-suonera-anche-la-sera\\\/#primaryimage\",\"url\":\"https:\\\/\\\/www.ilnotiziario.net\\\/wp\\\/wp-content\\\/uploads\\\/2018\\\/04\\\/postini-poste.jpg\",\"contentUrl\":\"https:\\\/\\\/www.ilnotiziario.net\\\/wp\\\/wp-content\\\/uploads\\\/2018\\\/04\\\/postini-poste.jpg\",\"width\":1024,\"height\":682},{\"@type\":\"BreadcrumbList\",\"@id\":\"https:\\\/\\\/www.ilnotiziario.net\\\/wp\\\/prima-pagina\\\/poste-italiane-rivoluzione-in-arrivo-il-postino-suonera-anche-la-sera\\\/#breadcrumb\",\"itemListElement\":[{\"@type\":\"ListItem\",\"position\":1,\"name\":\"tds_text_logo_tagline_colortds_text_logo_tagline_colortds_text_logo_tagline_colortds_text_logo_tagline_colortd_module_7_title_excerpttd_module_7_title_excerpttd_module_7_title_excerpttd_module_7_title_excerptHome\",\"item\":\"https:\\\/\\\/www.ilnotiziario.net\\\/wp\\\/\"},{\"@type\":\"ListItem\",\"position\":2,\"name\":\"Poste Italiane, rivoluzione in arrivo: il postino suoner\u00e0 anche la sera\"}]},{\"@type\":\"WebSite\",\"@id\":\"https:\\\/\\\/www.ilnotiziario.net\\\/wp\\\/#website\",\"url\":\"https:\\\/\\\/www.ilnotiziario.net\\\/wp\\\/\",\"name\":\"Il Notiziario\",\"description\":\"Per restare sempre connessi alla notizia\",\"publisher\":{\"@id\":\"https:\\\/\\\/www.ilnotiziario.net\\\/wp\\\/#organization\"},\"alternateName\":\"Il Notiziario Bollate\",\"potentialAction\":[{\"@type\":\"SearchAction\",\"target\":{\"@type\":\"EntryPoint\",\"urlTemplate\":\"https:\\\/\\\/www.ilnotiziario.net\\\/wp\\\/?s={search_term_string}\"},\"query-input\":{\"@type\":\"PropertyValueSpecification\",\"valueRequired\":true,\"valueName\":\"search_term_string\"}}],\"inLanguage\":\"it-IT\"},{\"@type\":\"Organization\",\"@id\":\"https:\\\/\\\/www.ilnotiziario.net\\\/wp\\\/#organization\",\"name\":\"Il Notiziario\",\"url\":\"https:\\\/\\\/www.ilnotiziario.net\\\/wp\\\/\",\"logo\":{\"@type\":\"ImageObject\",\"inLanguage\":\"it-IT\",\"@id\":\"https:\\\/\\\/www.ilnotiziario.net\\\/wp\\\/#\\\/schema\\\/logo\\\/image\\\/\",\"url\":\"https:\\\/\\\/www.ilnotiziario.net\\\/wp\\\/wp-content\\\/uploads\\\/2022\\\/06\\\/170x170ilN.png\",\"contentUrl\":\"https:\\\/\\\/www.ilnotiziario.net\\\/wp\\\/wp-content\\\/uploads\\\/2022\\\/06\\\/170x170ilN.png\",\"width\":355,\"height\":355,\"caption\":\"Il Notiziario\"},\"image\":{\"@id\":\"https:\\\/\\\/www.ilnotiziario.net\\\/wp\\\/#\\\/schema\\\/logo\\\/image\\\/\"},\"sameAs\":[\"https:\\\/\\\/www.facebook.com\\\/ilnotiziarioind\\\/\",\"https:\\\/\\\/x.com\\\/ilNotiziarioInd\",\"https:\\\/\\\/www.instagram.com\\\/ilnotiziario_settimanale\\\/\"]},{\"@type\":\"Person\",\"@id\":\"https:\\\/\\\/www.ilnotiziario.net\\\/wp\\\/#\\\/schema\\\/person\\\/c218ad0865f96bfe2c1c2cfa719653f7\",\"name\":\"Simone Carcano\",\"image\":{\"@type\":\"ImageObject\",\"inLanguage\":\"it-IT\",\"@id\":\"https:\\\/\\\/secure.gravatar.com\\\/avatar\\\/5e677023cff2c47e9f7a896b9157a46e18bd36e7c4d000a1726bb730be7d38bb?s=96&d=mm&r=g\",\"url\":\"https:\\\/\\\/secure.gravatar.com\\\/avatar\\\/5e677023cff2c47e9f7a896b9157a46e18bd36e7c4d000a1726bb730be7d38bb?s=96&d=mm&r=g\",\"contentUrl\":\"https:\\\/\\\/secure.gravatar.com\\\/avatar\\\/5e677023cff2c47e9f7a896b9157a46e18bd36e7c4d000a1726bb730be7d38bb?s=96&d=mm&r=g\",\"caption\":\"Simone Carcano\"},\"sameAs\":[\"http:\\\/\\\/www.ilnotiziario.net\",\"https:\\\/\\\/x.com\\\/@simone_carcano\"]}]}<\/script>\n<!-- \/ Yoast SEO plugin. -->","yoast_head_json":{"title":"Poste Italiane, rivoluzione in arrivo: il postino suoner\u00e0 anche la sera - Il Notiziario","description":"Poste Italiane avvia la rivoluzione. Il postino suona sempre due volte. E dal 16 aprile lo far\u00e0 anche nel pomeriggio e il sabato. E\u2019 la novit\u00e0 che","robots":{"index":"index","follow":"follow","max-snippet":"max-snippet:-1","max-image-preview":"max-image-preview:large","max-video-preview":"max-video-preview:-1"},"canonical":"https:\/\/www.ilnotiziario.net\/wp\/prima-pagina\/poste-italiane-rivoluzione-in-arrivo-il-postino-suonera-anche-la-sera\/","og_locale":"it_IT","og_type":"article","og_title":"Poste Italiane, rivoluzione in arrivo: il postino suoner\u00e0 anche la sera","og_description":"Poste Italiane avvia la rivoluzione. Il postino suona sempre due volte. E dal 16 aprile lo far\u00e0 anche nel pomeriggio e il sabato. E\u2019 la novit\u00e0 che coinvolge ben 34 comuni della Citt\u00e0 Metropolitana. Pacchi e corrispondenza si potranno ricevere direttamente a casa entro le 19.45 e anche nella giornata del sabato. Oggi invece la consegna \u00e8 limitata alle sole mattinate feriali.","og_url":"https:\/\/www.ilnotiziario.net\/wp\/prima-pagina\/poste-italiane-rivoluzione-in-arrivo-il-postino-suonera-anche-la-sera\/","og_site_name":"Il Notiziario","article_publisher":"https:\/\/www.facebook.com\/ilnotiziarioind\/","article_published_time":"2018-04-15T09:50:50+00:00","article_modified_time":"2018-04-15T10:01:22+00:00","og_image":[{"width":1024,"height":682,"url":"https:\/\/www.ilnotiziario.net\/wp\/wp-content\/uploads\/2018\/04\/postini-poste.jpg","type":"image\/jpeg"}],"author":"Simone Carcano","twitter_card":"summary_large_image","twitter_creator":"@simone_carcano","twitter_site":"@ilNotiziarioInd","twitter_misc":{"Scritto da":"Simone Carcano","Tempo di lettura stimato":"1 minuto"},"schema":{"@context":"https:\/\/schema.org","@graph":[{"@type":"Article","@id":"https:\/\/www.ilnotiziario.net\/wp\/prima-pagina\/poste-italiane-rivoluzione-in-arrivo-il-postino-suonera-anche-la-sera\/#article","isPartOf":{"@id":"https:\/\/www.ilnotiziario.net\/wp\/prima-pagina\/poste-italiane-rivoluzione-in-arrivo-il-postino-suonera-anche-la-sera\/"},"author":{"name":"Simone Carcano","@id":"https:\/\/www.ilnotiziario.net\/wp\/#\/schema\/person\/c218ad0865f96bfe2c1c2cfa719653f7"},"headline":"Poste Italiane, rivoluzione in arrivo: il postino suoner\u00e0 anche la sera","datePublished":"2018-04-15T09:50:50+00:00","dateModified":"2018-04-15T10:01:22+00:00","mainEntityOfPage":{"@id":"https:\/\/www.ilnotiziario.net\/wp\/prima-pagina\/poste-italiane-rivoluzione-in-arrivo-il-postino-suonera-anche-la-sera\/"},"wordCount":235,"publisher":{"@id":"https:\/\/www.ilnotiziario.net\/wp\/#organization"},"image":{"@id":"https:\/\/www.ilnotiziario.net\/wp\/prima-pagina\/poste-italiane-rivoluzione-in-arrivo-il-postino-suonera-anche-la-sera\/#primaryimage"},"thumbnailUrl":"https:\/\/www.ilnotiziario.net\/wp\/wp-content\/uploads\/2018\/04\/postini-poste.jpg","keywords":["Citt\u00e0 Metropolitana","Poste Italiane","Regione Lombardia","Rivoluzione"],"articleSection":["Prima Pagina"],"inLanguage":"it-IT"},{"@type":"WebPage","@id":"https:\/\/www.ilnotiziario.net\/wp\/prima-pagina\/poste-italiane-rivoluzione-in-arrivo-il-postino-suonera-anche-la-sera\/","url":"https:\/\/www.ilnotiziario.net\/wp\/prima-pagina\/poste-italiane-rivoluzione-in-arrivo-il-postino-suonera-anche-la-sera\/","name":"Poste Italiane, rivoluzione in arrivo: il postino suoner\u00e0 anche la sera - Il Notiziario","isPartOf":{"@id":"https:\/\/www.ilnotiziario.net\/wp\/#website"},"primaryImageOfPage":{"@id":"https:\/\/www.ilnotiziario.net\/wp\/prima-pagina\/poste-italiane-rivoluzione-in-arrivo-il-postino-suonera-anche-la-sera\/#primaryimage"},"image":{"@id":"https:\/\/www.ilnotiziario.net\/wp\/prima-pagina\/poste-italiane-rivoluzione-in-arrivo-il-postino-suonera-anche-la-sera\/#primaryimage"},"thumbnailUrl":"https:\/\/www.ilnotiziario.net\/wp\/wp-content\/uploads\/2018\/04\/postini-poste.jpg","datePublished":"2018-04-15T09:50:50+00:00","dateModified":"2018-04-15T10:01:22+00:00","description":"Poste Italiane avvia la rivoluzione. Il postino suona sempre due volte. E dal 16 aprile lo far\u00e0 anche nel pomeriggio e il sabato. E\u2019 la novit\u00e0 che","breadcrumb":{"@id":"https:\/\/www.ilnotiziario.net\/wp\/prima-pagina\/poste-italiane-rivoluzione-in-arrivo-il-postino-suonera-anche-la-sera\/#breadcrumb"},"inLanguage":"it-IT","potentialAction":[{"@type":"ReadAction","target":["https:\/\/www.ilnotiziario.net\/wp\/prima-pagina\/poste-italiane-rivoluzione-in-arrivo-il-postino-suonera-anche-la-sera\/"]}]},{"@type":"ImageObject","inLanguage":"it-IT","@id":"https:\/\/www.ilnotiziario.net\/wp\/prima-pagina\/poste-italiane-rivoluzione-in-arrivo-il-postino-suonera-anche-la-sera\/#primaryimage","url":"https:\/\/www.ilnotiziario.net\/wp\/wp-content\/uploads\/2018\/04\/postini-poste.jpg","contentUrl":"https:\/\/www.ilnotiziario.net\/wp\/wp-content\/uploads\/2018\/04\/postini-poste.jpg","width":1024,"height":682},{"@type":"BreadcrumbList","@id":"https:\/\/www.ilnotiziario.net\/wp\/prima-pagina\/poste-italiane-rivoluzione-in-arrivo-il-postino-suonera-anche-la-sera\/#breadcrumb","itemListElement":[{"@type":"ListItem","position":1,"name":"tds_text_logo_tagline_colortds_text_logo_tagline_colortds_text_logo_tagline_colortds_text_logo_tagline_colortd_module_7_title_excerpttd_module_7_title_excerpttd_module_7_title_excerpttd_module_7_title_excerptHome","item":"https:\/\/www.ilnotiziario.net\/wp\/"},{"@type":"ListItem","position":2,"name":"Poste Italiane, rivoluzione in arrivo: il postino suoner\u00e0 anche la sera"}]},{"@type":"WebSite","@id":"https:\/\/www.ilnotiziario.net\/wp\/#website","url":"https:\/\/www.ilnotiziario.net\/wp\/","name":"Il Notiziario","description":"Per restare sempre connessi alla notizia","publisher":{"@id":"https:\/\/www.ilnotiziario.net\/wp\/#organization"},"alternateName":"Il Notiziario Bollate","potentialAction":[{"@type":"SearchAction","target":{"@type":"EntryPoint","urlTemplate":"https:\/\/www.ilnotiziario.net\/wp\/?s={search_term_string}"},"query-input":{"@type":"PropertyValueSpecification","valueRequired":true,"valueName":"search_term_string"}}],"inLanguage":"it-IT"},{"@type":"Organization","@id":"https:\/\/www.ilnotiziario.net\/wp\/#organization","name":"Il Notiziario","url":"https:\/\/www.ilnotiziario.net\/wp\/","logo":{"@type":"ImageObject","inLanguage":"it-IT","@id":"https:\/\/www.ilnotiziario.net\/wp\/#\/schema\/logo\/image\/","url":"https:\/\/www.ilnotiziario.net\/wp\/wp-content\/uploads\/2022\/06\/170x170ilN.png","contentUrl":"https:\/\/www.ilnotiziario.net\/wp\/wp-content\/uploads\/2022\/06\/170x170ilN.png","width":355,"height":355,"caption":"Il Notiziario"},"image":{"@id":"https:\/\/www.ilnotiziario.net\/wp\/#\/schema\/logo\/image\/"},"sameAs":["https:\/\/www.facebook.com\/ilnotiziarioind\/","https:\/\/x.com\/ilNotiziarioInd","https:\/\/www.instagram.com\/ilnotiziario_settimanale\/"]},{"@type":"Person","@id":"https:\/\/www.ilnotiziario.net\/wp\/#\/schema\/person\/c218ad0865f96bfe2c1c2cfa719653f7","name":"Simone Carcano","image":{"@type":"ImageObject","inLanguage":"it-IT","@id":"https:\/\/secure.gravatar.com\/avatar\/5e677023cff2c47e9f7a896b9157a46e18bd36e7c4d000a1726bb730be7d38bb?s=96&d=mm&r=g","url":"https:\/\/secure.gravatar.com\/avatar\/5e677023cff2c47e9f7a896b9157a46e18bd36e7c4d000a1726bb730be7d38bb?s=96&d=mm&r=g","contentUrl":"https:\/\/secure.gravatar.com\/avatar\/5e677023cff2c47e9f7a896b9157a46e18bd36e7c4d000a1726bb730be7d38bb?s=96&d=mm&r=g","caption":"Simone Carcano"},"sameAs":["http:\/\/www.ilnotiziario.net","https:\/\/x.com\/@simone_carcano"]}]}},"_links":{"self":[{"href":"https:\/\/www.ilnotiziario.net\/wp\/wp-json\/wp\/v2\/posts\/24889","targetHints":{"allow":["GET"]}}],"collection":[{"href":"https:\/\/www.ilnotiziario.net\/wp\/wp-json\/wp\/v2\/posts"}],"about":[{"href":"https:\/\/www.ilnotiziario.net\/wp\/wp-json\/wp\/v2\/types\/post"}],"author":[{"embeddable":true,"href":"https:\/\/www.ilnotiziario.net\/wp\/wp-json\/wp\/v2\/users\/7"}],"replies":[{"embeddable":true,"href":"https:\/\/www.ilnotiziario.net\/wp\/wp-json\/wp\/v2\/comments?post=24889"}],"version-history":[{"count":0,"href":"https:\/\/www.ilnotiziario.net\/wp\/wp-json\/wp\/v2\/posts\/24889\/revisions"}],"wp:featuredmedia":[{"embeddable":true,"href":"https:\/\/www.ilnotiziario.net\/wp\/wp-json\/wp\/v2\/media\/24895"}],"wp:attachment":[{"href":"https:\/\/www.ilnotiziario.net\/wp\/wp-json\/wp\/v2\/media?parent=24889"}],"wp:term":[{"taxonomy":"category","embeddable":true,"href":"https:\/\/www.ilnotiziario.net\/wp\/wp-json\/wp\/v2\/categories?post=24889"},{"taxonomy":"post_tag","embeddable":true,"href":"https:\/\/www.ilnotiziario.net\/wp\/wp-json\/wp\/v2\/tags?post=24889"}],"curies":[{"name":"wp","href":"https:\/\/api.w.org\/{rel}","templated":true}]}}