{"id":25485,"date":"2018-05-01T21:10:55","date_gmt":"2018-05-01T19:10:55","guid":{"rendered":"http:\/\/www.ilnotiziario.net\/?p=25485"},"modified":"2018-05-01T21:10:55","modified_gmt":"2018-05-01T19:10:55","slug":"expo-milano-2015-tre-anni-fa-iniziava-lesposizione-riviviamola-insieme","status":"publish","type":"post","link":"https:\/\/www.ilnotiziario.net\/wp\/bollatese\/expo-milano-2015-tre-anni-fa-iniziava-lesposizione-riviviamola-insieme\/","title":{"rendered":"Expo Milano 2015, tre anni fa iniziava l&#8217;esposizione: riviviamola insieme"},"content":{"rendered":"<p><a href=\"http:\/\/www.ilnotiziario.net\/wp\/wp-content\/uploads\/2016\/05\/expo_1.jpg\"><img fetchpriority=\"high\" decoding=\"async\" class=\"alignleft size-medium wp-image-12336\" src=\"http:\/\/www.ilnotiziario.net\/wp\/wp-content\/uploads\/2016\/05\/expo_1-300x200.jpg\" alt=\"\" width=\"300\" height=\"200\" srcset=\"https:\/\/www.ilnotiziario.net\/wp\/wp-content\/uploads\/2016\/05\/expo_1-300x200.jpg 300w, https:\/\/www.ilnotiziario.net\/wp\/wp-content\/uploads\/2016\/05\/expo_1-1024x683.jpg 1024w, https:\/\/www.ilnotiziario.net\/wp\/wp-content\/uploads\/2016\/05\/expo_1-768x512.jpg 768w, https:\/\/www.ilnotiziario.net\/wp\/wp-content\/uploads\/2016\/05\/expo_1-696x464.jpg 696w, https:\/\/www.ilnotiziario.net\/wp\/wp-content\/uploads\/2016\/05\/expo_1-1068x712.jpg 1068w, https:\/\/www.ilnotiziario.net\/wp\/wp-content\/uploads\/2016\/05\/expo_1.jpg 1350w\" sizes=\"(max-width: 300px) 100vw, 300px\" \/><\/a><\/p>\n<p>1 maggio 2015 &#8211; 1 maggio 2018. Tre anni sono passati dall&#8217;inaugurazione di Expo Milano 2015, l&#8217;esposizione universale che ha fatto incontrare per sei mesi il mondo tra Milano, Baranzate e Rho. 20 milioni di visitatori, 184 giorni di eventi, 60 capi di Stato che si sono incontrati, questi sono solo alcuni numeri del successo.&nbsp;<\/p><div id=\"ilnot-1013858553\" class=\"ilnot-contenuto ilnot-entity-placement\"><p><!-- incontent_1 --><\/p>\n<div class=\"gptslot\" data-adunitid=\"1\"><\/div>\n<\/div>\n<p>Un successo via via che \u00e8 cresciuto sempre pi\u00f9 soprattutto nella seconda parte dell&#8217;evento in occasione delle settimane estive. Il mese di settembre \u00e8 stato quello che ha battuto qualsiasi record. Il 10 ottobre oltre 272mila persone da tutto il mondo hanno preso d&#8217;assalto i padiglioni e i cluster lungo Cardo e Decumano.&nbsp;Questo \u00e8 stato il giorno del record con pi\u00f9 visitatori.&nbsp;<\/p>\n<p><strong>LEGGI<\/strong> (31 agosto 2015):&nbsp;<a href=\"http:\/\/www.ilnotiziario.net\/2015\/08\/31\/expo-fa-boom-di-visitatori-nuovo-record-sabato-in-157mila\/\">Expo fa boom di visitatori Nuovo record: sabato in 157mila<\/a><\/p><div id=\"ilnot-3760518897\" class=\"ilnot-contenuto_2 ilnot-entity-placement\"><div class=\"ads-wrapper\">\n<div class=\"ad-slot\">\n   <div id=\"ilnot-1209986117\" style=\"margin-right: auto;margin-left: auto;text-align: center;width: 320px;height: 100px;\"><a href=\"https:\/\/www.scuolasicurezza.it\/\"><img decoding=\"async\" src=\"https:\/\/www.ilnotiziario.net\/wp\/wp-content\/uploads\/2026\/04\/IlNotiziario_banner-sito-e-newsletter-320-x-100-px-1.gif\" alt=\"\"><\/a><\/div>\n  <\/div>\n<div class=\"ad-slot\">\n   <div id=\"ilnot-4192974900\" style=\"margin-right: auto;margin-left: auto;text-align: center;width: 320px;height: 100px;\"><a href=\"https:\/\/purodesignarredamenti.com\/\"><img decoding=\"async\" src=\"https:\/\/www.ilnotiziario.net\/wp\/wp-content\/uploads\/2026\/04\/banner-puro-ok.gif\" alt=\"whatsapp\"><\/a><\/div><\/p><\/div>\n<\/div>\n<\/div>\n<p>Oltre 14 milioni di visitatori hanno assistito allo spettacolo dell\u2019<a href=\"http:\/\/www.expo2015.org\/archive\/it\/informazioni-per-i-visitatori\/lake-arena-e-albero-della-vita-.html\" target=\"_blank\" rel=\"noopener\">Albero della Vita<\/a>&nbsp;durante i sei mesi di Esposizione Universale ed \u00e8 stato l\u2019oggetto pi\u00f9 fotografato e postato sui social network di tutta la manifestazione. E continua ad emozionare nelle stagioni calde.&nbsp;<\/p>\n<p>Tante le novit\u00e0 introdotte dai biglietti ridotti agli ingressi scontati per le ultime settimane. In poche settimane Expo \u00e8 diventato un fenomeno irrinunciabile. Con la chiusura del 31 ottobre 2015, \u00e8 iniziato il lento ma inesorabile smantellamento dei padiglioni. Alcuni sono stati messi all&#8217;asta, altri hanno trovato nuova vita (ad esempio ad Origgio). Casette dell&#8217;acqua e attrezzature invece stanno vivendo una seconda vita nei nostri comuni.&nbsp;<\/p>\n<p><strong>LEGGI<\/strong> (2 aprile 2016):&nbsp;<a href=\"http:\/\/www.ilnotiziario.net\/2016\/04\/02\/expo-2015-risorge-luruguay-il-padiglione-spunta-a-origgio\/\">Expo 2015, risorge l\u2019Uruguay Il padiglione spunta a Origgio<\/a><\/p><div id=\"ilnot-4248263695\" class=\"ilnot-contenuto_2-2 ilnot-entity-placement\"><div class=\"gptslot\" data-adunitid=\"2\"><\/div>\n<\/div>\n<p><strong>LEGGI<\/strong> (6 febbraio 2016):&nbsp;<a href=\"http:\/\/www.ilnotiziario.net\/2016\/02\/06\/casette-dell-acqua-di-expo-bollate-fa-il-bis-presto-a-cassina-nuova\/\">Casette dell\u2019acqua di Expo Bollate fa il bis, presto a Cassina Nuova<\/a><\/p>\n<p><strong>LEGGI<\/strong> (29 dicembre 2015):&nbsp;<a href=\"http:\/\/www.ilnotiziario.net\/2015\/12\/29\/expo-ricordi-e-tante-macerie-le-foto-dei-padiglioni-smontati\/\">Expo, tra ricordi e tante macerie Le foto dei padiglioni smontati<\/a><\/p>\n<p>Da fine maggio 2016, il sito di Rho riapre con una nuova mission. Ecco Experience &#8211; Restate a Milano. Per due stagioni estive concerti, sport, eventi hanno scandito i mesi caldi dei milanesi.&nbsp;<\/p><div id=\"ilnot-3305024040\" class=\"ilnot-contenuto_2-2-2 ilnot-entity-placement\"><div class=\"gptslot\" data-adunitid=\"3\"><\/div>\n<\/div>\n<p>Rivivi le emozioni dello spettacolo del Tree of life show guardando la nostra diretta: <a href=\"https:\/\/www.facebook.com\/ilnotiziarioind\/videos\/1080571012038400\/\">cliccando qui<\/a>.<\/p>\n<p><strong>LEGGI<\/strong> (28 maggio 2016):&nbsp;<a href=\"http:\/\/www.ilnotiziario.net\/2016\/05\/28\/primo-weekend-experience-cosa-vedere-nel-sito-ex-expo\/\">Primo weekend con Experience Cosa vedere nel sito ex Expo<\/a><\/p>\n<p><strong>LEGGI<\/strong> (27 maggio 2016):&nbsp;<a href=\"http:\/\/www.ilnotiziario.net\/2016\/05\/27\/lexpo-experience-dentro-lalbero-della-vita\/\">Dopo l\u2019Expo ecco Experience Dentro l\u2019Albero della vita<\/a><\/p><div id=\"ilnot-4063777050\" class=\"ilnot-contenuto_2-2-2-2 ilnot-entity-placement\"><div class=\"gptslot\" data-adunitid=\"4\"><\/div>\n<\/div>\n<p><strong>LEGGI<\/strong> (20 maggio 2016):&nbsp;<a href=\"http:\/\/www.ilnotiziario.net\/2016\/05\/20\/ex-expo-concerto-bocelli-ecco-altri-7mila-posti-piedi\/\">Ex Expo, concerto con Bocelli Ecco altri 7mila posti (in piedi)<\/a><\/p>\n<h1><strong>LEGGI<\/strong> (2 maggio 2016):&nbsp;<a href=\"http:\/\/www.ilnotiziario.net\/2016\/05\/02\/riapre-expo-sport-cultura-fuochi-dartificio-tree-of-life\/\">Riapre Expo, tra sport e cultura Fuochi d\u2019artificio e Tree of Life<\/a><\/h1>\n<p>&nbsp;<\/p>\n<p>&nbsp;<\/p>\n<p>&nbsp;<\/p>\n","protected":false},"excerpt":{"rendered":"<p>1 maggio 2015 &#8211; 1 maggio 2018. Tre anni sono passati dall&#8217;inaugurazione di Expo Milano 2015, l&#8217;esposizione universale che ha fatto incontrare per sei mesi il mondo tra Milano, Baranzate e Rho. 20 milioni di visitatori, 184 giorni di eventi, 60 capi di Stato che si sono incontrati, questi sono solo alcuni numeri del successo.&nbsp;<\/p>\n","protected":false},"author":7,"featured_media":14347,"comment_status":"closed","ping_status":"closed","sticky":false,"template":"","format":"standard","meta":{"footnotes":""},"categories":[8],"tags":[2648,3259,2396,38],"class_list":{"0":"post-25485","1":"post","2":"type-post","3":"status-publish","4":"format-standard","5":"has-post-thumbnail","7":"category-bollatese","8":"tag-albero-della-vita","9":"tag-experience","10":"tag-expo-milano-2015","11":"tag-milano"},"yoast_head":"<!-- This site is optimized with the Yoast SEO plugin v27.4 - https:\/\/yoast.com\/product\/yoast-seo-wordpress\/ -->\n<title>Expo Milano 2015, tre anni fa iniziava l&#039;esposizione: riviviamola insieme - Il Notiziario<\/title>\n<meta name=\"description\" content=\"1 maggio 2015 - 1 maggio 2018. Tre anni sono passati dall&#039;inaugurazione di Expo Milano 2015, l&#039;esposizione universale che ha fatto incontrare per sei mesi\" \/>\n<meta name=\"robots\" content=\"index, follow, max-snippet:-1, max-image-preview:large, max-video-preview:-1\" \/>\n<link rel=\"canonical\" href=\"https:\/\/www.ilnotiziario.net\/wp\/bollatese\/expo-milano-2015-tre-anni-fa-iniziava-lesposizione-riviviamola-insieme\/\" \/>\n<meta property=\"og:locale\" content=\"it_IT\" \/>\n<meta property=\"og:type\" content=\"article\" \/>\n<meta property=\"og:title\" content=\"Expo Milano 2015, tre anni fa iniziava l&#039;esposizione: riviviamola insieme - Il Notiziario\" \/>\n<meta property=\"og:description\" content=\"1 maggio 2015 - 1 maggio 2018. Tre anni sono passati dall&#039;inaugurazione di Expo Milano 2015, l&#039;esposizione universale che ha fatto incontrare per sei mesi\" \/>\n<meta property=\"og:url\" content=\"https:\/\/www.ilnotiziario.net\/wp\/bollatese\/expo-milano-2015-tre-anni-fa-iniziava-lesposizione-riviviamola-insieme\/\" \/>\n<meta property=\"og:site_name\" content=\"Il Notiziario\" \/>\n<meta property=\"article:publisher\" content=\"https:\/\/www.facebook.com\/ilnotiziarioind\/\" \/>\n<meta property=\"article:published_time\" content=\"2018-05-01T19:10:55+00:00\" \/>\n<meta property=\"og:image\" content=\"https:\/\/www.ilnotiziario.net\/wp\/wp-content\/uploads\/2016\/10\/albero_5.jpg\" \/>\n\t<meta property=\"og:image:width\" content=\"9000\" \/>\n\t<meta property=\"og:image:height\" content=\"6000\" \/>\n\t<meta property=\"og:image:type\" content=\"image\/jpeg\" \/>\n<meta name=\"author\" content=\"Simone Carcano\" \/>\n<meta name=\"twitter:card\" content=\"summary_large_image\" \/>\n<meta name=\"twitter:creator\" content=\"@simone_carcano\" \/>\n<meta name=\"twitter:site\" content=\"@ilNotiziarioInd\" \/>\n<meta name=\"twitter:label1\" content=\"Scritto da\" \/>\n\t<meta name=\"twitter:data1\" content=\"Simone Carcano\" \/>\n\t<meta name=\"twitter:label2\" content=\"Tempo di lettura stimato\" \/>\n\t<meta name=\"twitter:data2\" content=\"2 minuti\" \/>\n<script type=\"application\/ld+json\" class=\"yoast-schema-graph\">{\"@context\":\"https:\\\/\\\/schema.org\",\"@graph\":[{\"@type\":\"Article\",\"@id\":\"https:\\\/\\\/www.ilnotiziario.net\\\/wp\\\/bollatese\\\/expo-milano-2015-tre-anni-fa-iniziava-lesposizione-riviviamola-insieme\\\/#article\",\"isPartOf\":{\"@id\":\"https:\\\/\\\/www.ilnotiziario.net\\\/wp\\\/bollatese\\\/expo-milano-2015-tre-anni-fa-iniziava-lesposizione-riviviamola-insieme\\\/\"},\"author\":{\"name\":\"Simone Carcano\",\"@id\":\"https:\\\/\\\/www.ilnotiziario.net\\\/wp\\\/#\\\/schema\\\/person\\\/c218ad0865f96bfe2c1c2cfa719653f7\"},\"headline\":\"Expo Milano 2015, tre anni fa iniziava l&#8217;esposizione: riviviamola insieme\",\"datePublished\":\"2018-05-01T19:10:55+00:00\",\"mainEntityOfPage\":{\"@id\":\"https:\\\/\\\/www.ilnotiziario.net\\\/wp\\\/bollatese\\\/expo-milano-2015-tre-anni-fa-iniziava-lesposizione-riviviamola-insieme\\\/\"},\"wordCount\":394,\"publisher\":{\"@id\":\"https:\\\/\\\/www.ilnotiziario.net\\\/wp\\\/#organization\"},\"image\":{\"@id\":\"https:\\\/\\\/www.ilnotiziario.net\\\/wp\\\/bollatese\\\/expo-milano-2015-tre-anni-fa-iniziava-lesposizione-riviviamola-insieme\\\/#primaryimage\"},\"thumbnailUrl\":\"https:\\\/\\\/www.ilnotiziario.net\\\/wp\\\/wp-content\\\/uploads\\\/2016\\\/10\\\/albero_5.jpg\",\"keywords\":[\"Albero della vita\",\"Experience\",\"Expo Milano 2015\",\"Milano\"],\"articleSection\":[\"BOLLATESE\"],\"inLanguage\":\"it-IT\"},{\"@type\":\"WebPage\",\"@id\":\"https:\\\/\\\/www.ilnotiziario.net\\\/wp\\\/bollatese\\\/expo-milano-2015-tre-anni-fa-iniziava-lesposizione-riviviamola-insieme\\\/\",\"url\":\"https:\\\/\\\/www.ilnotiziario.net\\\/wp\\\/bollatese\\\/expo-milano-2015-tre-anni-fa-iniziava-lesposizione-riviviamola-insieme\\\/\",\"name\":\"Expo Milano 2015, tre anni fa iniziava l'esposizione: riviviamola insieme - Il Notiziario\",\"isPartOf\":{\"@id\":\"https:\\\/\\\/www.ilnotiziario.net\\\/wp\\\/#website\"},\"primaryImageOfPage\":{\"@id\":\"https:\\\/\\\/www.ilnotiziario.net\\\/wp\\\/bollatese\\\/expo-milano-2015-tre-anni-fa-iniziava-lesposizione-riviviamola-insieme\\\/#primaryimage\"},\"image\":{\"@id\":\"https:\\\/\\\/www.ilnotiziario.net\\\/wp\\\/bollatese\\\/expo-milano-2015-tre-anni-fa-iniziava-lesposizione-riviviamola-insieme\\\/#primaryimage\"},\"thumbnailUrl\":\"https:\\\/\\\/www.ilnotiziario.net\\\/wp\\\/wp-content\\\/uploads\\\/2016\\\/10\\\/albero_5.jpg\",\"datePublished\":\"2018-05-01T19:10:55+00:00\",\"description\":\"1 maggio 2015 - 1 maggio 2018. Tre anni sono passati dall'inaugurazione di Expo Milano 2015, l'esposizione universale che ha fatto incontrare per sei mesi\",\"breadcrumb\":{\"@id\":\"https:\\\/\\\/www.ilnotiziario.net\\\/wp\\\/bollatese\\\/expo-milano-2015-tre-anni-fa-iniziava-lesposizione-riviviamola-insieme\\\/#breadcrumb\"},\"inLanguage\":\"it-IT\",\"potentialAction\":[{\"@type\":\"ReadAction\",\"target\":[\"https:\\\/\\\/www.ilnotiziario.net\\\/wp\\\/bollatese\\\/expo-milano-2015-tre-anni-fa-iniziava-lesposizione-riviviamola-insieme\\\/\"]}]},{\"@type\":\"ImageObject\",\"inLanguage\":\"it-IT\",\"@id\":\"https:\\\/\\\/www.ilnotiziario.net\\\/wp\\\/bollatese\\\/expo-milano-2015-tre-anni-fa-iniziava-lesposizione-riviviamola-insieme\\\/#primaryimage\",\"url\":\"https:\\\/\\\/www.ilnotiziario.net\\\/wp\\\/wp-content\\\/uploads\\\/2016\\\/10\\\/albero_5.jpg\",\"contentUrl\":\"https:\\\/\\\/www.ilnotiziario.net\\\/wp\\\/wp-content\\\/uploads\\\/2016\\\/10\\\/albero_5.jpg\",\"width\":9000,\"height\":6000,\"caption\":\"ALBERO DELLA VITA\"},{\"@type\":\"BreadcrumbList\",\"@id\":\"https:\\\/\\\/www.ilnotiziario.net\\\/wp\\\/bollatese\\\/expo-milano-2015-tre-anni-fa-iniziava-lesposizione-riviviamola-insieme\\\/#breadcrumb\",\"itemListElement\":[{\"@type\":\"ListItem\",\"position\":1,\"name\":\"tds_text_logo_tagline_colortds_text_logo_tagline_colortds_text_logo_tagline_colortds_text_logo_tagline_colortd_module_7_title_excerpttd_module_7_title_excerpttd_module_7_title_excerpttd_module_7_title_excerptHome\",\"item\":\"https:\\\/\\\/www.ilnotiziario.net\\\/wp\\\/\"},{\"@type\":\"ListItem\",\"position\":2,\"name\":\"Expo Milano 2015, tre anni fa iniziava l&#8217;esposizione: riviviamola insieme\"}]},{\"@type\":\"WebSite\",\"@id\":\"https:\\\/\\\/www.ilnotiziario.net\\\/wp\\\/#website\",\"url\":\"https:\\\/\\\/www.ilnotiziario.net\\\/wp\\\/\",\"name\":\"Il Notiziario\",\"description\":\"Per restare sempre connessi alla notizia\",\"publisher\":{\"@id\":\"https:\\\/\\\/www.ilnotiziario.net\\\/wp\\\/#organization\"},\"alternateName\":\"Il Notiziario Bollate\",\"potentialAction\":[{\"@type\":\"SearchAction\",\"target\":{\"@type\":\"EntryPoint\",\"urlTemplate\":\"https:\\\/\\\/www.ilnotiziario.net\\\/wp\\\/?s={search_term_string}\"},\"query-input\":{\"@type\":\"PropertyValueSpecification\",\"valueRequired\":true,\"valueName\":\"search_term_string\"}}],\"inLanguage\":\"it-IT\"},{\"@type\":\"Organization\",\"@id\":\"https:\\\/\\\/www.ilnotiziario.net\\\/wp\\\/#organization\",\"name\":\"Il Notiziario\",\"url\":\"https:\\\/\\\/www.ilnotiziario.net\\\/wp\\\/\",\"logo\":{\"@type\":\"ImageObject\",\"inLanguage\":\"it-IT\",\"@id\":\"https:\\\/\\\/www.ilnotiziario.net\\\/wp\\\/#\\\/schema\\\/logo\\\/image\\\/\",\"url\":\"https:\\\/\\\/www.ilnotiziario.net\\\/wp\\\/wp-content\\\/uploads\\\/2022\\\/06\\\/170x170ilN.png\",\"contentUrl\":\"https:\\\/\\\/www.ilnotiziario.net\\\/wp\\\/wp-content\\\/uploads\\\/2022\\\/06\\\/170x170ilN.png\",\"width\":355,\"height\":355,\"caption\":\"Il Notiziario\"},\"image\":{\"@id\":\"https:\\\/\\\/www.ilnotiziario.net\\\/wp\\\/#\\\/schema\\\/logo\\\/image\\\/\"},\"sameAs\":[\"https:\\\/\\\/www.facebook.com\\\/ilnotiziarioind\\\/\",\"https:\\\/\\\/x.com\\\/ilNotiziarioInd\",\"https:\\\/\\\/www.instagram.com\\\/ilnotiziario_settimanale\\\/\"]},{\"@type\":\"Person\",\"@id\":\"https:\\\/\\\/www.ilnotiziario.net\\\/wp\\\/#\\\/schema\\\/person\\\/c218ad0865f96bfe2c1c2cfa719653f7\",\"name\":\"Simone Carcano\",\"image\":{\"@type\":\"ImageObject\",\"inLanguage\":\"it-IT\",\"@id\":\"https:\\\/\\\/secure.gravatar.com\\\/avatar\\\/5e677023cff2c47e9f7a896b9157a46e18bd36e7c4d000a1726bb730be7d38bb?s=96&d=mm&r=g\",\"url\":\"https:\\\/\\\/secure.gravatar.com\\\/avatar\\\/5e677023cff2c47e9f7a896b9157a46e18bd36e7c4d000a1726bb730be7d38bb?s=96&d=mm&r=g\",\"contentUrl\":\"https:\\\/\\\/secure.gravatar.com\\\/avatar\\\/5e677023cff2c47e9f7a896b9157a46e18bd36e7c4d000a1726bb730be7d38bb?s=96&d=mm&r=g\",\"caption\":\"Simone Carcano\"},\"sameAs\":[\"http:\\\/\\\/www.ilnotiziario.net\",\"https:\\\/\\\/x.com\\\/@simone_carcano\"]}]}<\/script>\n<!-- \/ Yoast SEO plugin. -->","yoast_head_json":{"title":"Expo Milano 2015, tre anni fa iniziava l'esposizione: riviviamola insieme - Il Notiziario","description":"1 maggio 2015 - 1 maggio 2018. Tre anni sono passati dall'inaugurazione di Expo Milano 2015, l'esposizione universale che ha fatto incontrare per sei mesi","robots":{"index":"index","follow":"follow","max-snippet":"max-snippet:-1","max-image-preview":"max-image-preview:large","max-video-preview":"max-video-preview:-1"},"canonical":"https:\/\/www.ilnotiziario.net\/wp\/bollatese\/expo-milano-2015-tre-anni-fa-iniziava-lesposizione-riviviamola-insieme\/","og_locale":"it_IT","og_type":"article","og_title":"Expo Milano 2015, tre anni fa iniziava l'esposizione: riviviamola insieme - Il Notiziario","og_description":"1 maggio 2015 - 1 maggio 2018. Tre anni sono passati dall'inaugurazione di Expo Milano 2015, l'esposizione universale che ha fatto incontrare per sei mesi","og_url":"https:\/\/www.ilnotiziario.net\/wp\/bollatese\/expo-milano-2015-tre-anni-fa-iniziava-lesposizione-riviviamola-insieme\/","og_site_name":"Il Notiziario","article_publisher":"https:\/\/www.facebook.com\/ilnotiziarioind\/","article_published_time":"2018-05-01T19:10:55+00:00","og_image":[{"width":9000,"height":6000,"url":"https:\/\/www.ilnotiziario.net\/wp\/wp-content\/uploads\/2016\/10\/albero_5.jpg","type":"image\/jpeg"}],"author":"Simone Carcano","twitter_card":"summary_large_image","twitter_creator":"@simone_carcano","twitter_site":"@ilNotiziarioInd","twitter_misc":{"Scritto da":"Simone Carcano","Tempo di lettura stimato":"2 minuti"},"schema":{"@context":"https:\/\/schema.org","@graph":[{"@type":"Article","@id":"https:\/\/www.ilnotiziario.net\/wp\/bollatese\/expo-milano-2015-tre-anni-fa-iniziava-lesposizione-riviviamola-insieme\/#article","isPartOf":{"@id":"https:\/\/www.ilnotiziario.net\/wp\/bollatese\/expo-milano-2015-tre-anni-fa-iniziava-lesposizione-riviviamola-insieme\/"},"author":{"name":"Simone Carcano","@id":"https:\/\/www.ilnotiziario.net\/wp\/#\/schema\/person\/c218ad0865f96bfe2c1c2cfa719653f7"},"headline":"Expo Milano 2015, tre anni fa iniziava l&#8217;esposizione: riviviamola insieme","datePublished":"2018-05-01T19:10:55+00:00","mainEntityOfPage":{"@id":"https:\/\/www.ilnotiziario.net\/wp\/bollatese\/expo-milano-2015-tre-anni-fa-iniziava-lesposizione-riviviamola-insieme\/"},"wordCount":394,"publisher":{"@id":"https:\/\/www.ilnotiziario.net\/wp\/#organization"},"image":{"@id":"https:\/\/www.ilnotiziario.net\/wp\/bollatese\/expo-milano-2015-tre-anni-fa-iniziava-lesposizione-riviviamola-insieme\/#primaryimage"},"thumbnailUrl":"https:\/\/www.ilnotiziario.net\/wp\/wp-content\/uploads\/2016\/10\/albero_5.jpg","keywords":["Albero della vita","Experience","Expo Milano 2015","Milano"],"articleSection":["BOLLATESE"],"inLanguage":"it-IT"},{"@type":"WebPage","@id":"https:\/\/www.ilnotiziario.net\/wp\/bollatese\/expo-milano-2015-tre-anni-fa-iniziava-lesposizione-riviviamola-insieme\/","url":"https:\/\/www.ilnotiziario.net\/wp\/bollatese\/expo-milano-2015-tre-anni-fa-iniziava-lesposizione-riviviamola-insieme\/","name":"Expo Milano 2015, tre anni fa iniziava l'esposizione: riviviamola insieme - Il Notiziario","isPartOf":{"@id":"https:\/\/www.ilnotiziario.net\/wp\/#website"},"primaryImageOfPage":{"@id":"https:\/\/www.ilnotiziario.net\/wp\/bollatese\/expo-milano-2015-tre-anni-fa-iniziava-lesposizione-riviviamola-insieme\/#primaryimage"},"image":{"@id":"https:\/\/www.ilnotiziario.net\/wp\/bollatese\/expo-milano-2015-tre-anni-fa-iniziava-lesposizione-riviviamola-insieme\/#primaryimage"},"thumbnailUrl":"https:\/\/www.ilnotiziario.net\/wp\/wp-content\/uploads\/2016\/10\/albero_5.jpg","datePublished":"2018-05-01T19:10:55+00:00","description":"1 maggio 2015 - 1 maggio 2018. Tre anni sono passati dall'inaugurazione di Expo Milano 2015, l'esposizione universale che ha fatto incontrare per sei mesi","breadcrumb":{"@id":"https:\/\/www.ilnotiziario.net\/wp\/bollatese\/expo-milano-2015-tre-anni-fa-iniziava-lesposizione-riviviamola-insieme\/#breadcrumb"},"inLanguage":"it-IT","potentialAction":[{"@type":"ReadAction","target":["https:\/\/www.ilnotiziario.net\/wp\/bollatese\/expo-milano-2015-tre-anni-fa-iniziava-lesposizione-riviviamola-insieme\/"]}]},{"@type":"ImageObject","inLanguage":"it-IT","@id":"https:\/\/www.ilnotiziario.net\/wp\/bollatese\/expo-milano-2015-tre-anni-fa-iniziava-lesposizione-riviviamola-insieme\/#primaryimage","url":"https:\/\/www.ilnotiziario.net\/wp\/wp-content\/uploads\/2016\/10\/albero_5.jpg","contentUrl":"https:\/\/www.ilnotiziario.net\/wp\/wp-content\/uploads\/2016\/10\/albero_5.jpg","width":9000,"height":6000,"caption":"ALBERO DELLA VITA"},{"@type":"BreadcrumbList","@id":"https:\/\/www.ilnotiziario.net\/wp\/bollatese\/expo-milano-2015-tre-anni-fa-iniziava-lesposizione-riviviamola-insieme\/#breadcrumb","itemListElement":[{"@type":"ListItem","position":1,"name":"tds_text_logo_tagline_colortds_text_logo_tagline_colortds_text_logo_tagline_colortds_text_logo_tagline_colortd_module_7_title_excerpttd_module_7_title_excerpttd_module_7_title_excerpttd_module_7_title_excerptHome","item":"https:\/\/www.ilnotiziario.net\/wp\/"},{"@type":"ListItem","position":2,"name":"Expo Milano 2015, tre anni fa iniziava l&#8217;esposizione: riviviamola insieme"}]},{"@type":"WebSite","@id":"https:\/\/www.ilnotiziario.net\/wp\/#website","url":"https:\/\/www.ilnotiziario.net\/wp\/","name":"Il Notiziario","description":"Per restare sempre connessi alla notizia","publisher":{"@id":"https:\/\/www.ilnotiziario.net\/wp\/#organization"},"alternateName":"Il Notiziario Bollate","potentialAction":[{"@type":"SearchAction","target":{"@type":"EntryPoint","urlTemplate":"https:\/\/www.ilnotiziario.net\/wp\/?s={search_term_string}"},"query-input":{"@type":"PropertyValueSpecification","valueRequired":true,"valueName":"search_term_string"}}],"inLanguage":"it-IT"},{"@type":"Organization","@id":"https:\/\/www.ilnotiziario.net\/wp\/#organization","name":"Il Notiziario","url":"https:\/\/www.ilnotiziario.net\/wp\/","logo":{"@type":"ImageObject","inLanguage":"it-IT","@id":"https:\/\/www.ilnotiziario.net\/wp\/#\/schema\/logo\/image\/","url":"https:\/\/www.ilnotiziario.net\/wp\/wp-content\/uploads\/2022\/06\/170x170ilN.png","contentUrl":"https:\/\/www.ilnotiziario.net\/wp\/wp-content\/uploads\/2022\/06\/170x170ilN.png","width":355,"height":355,"caption":"Il Notiziario"},"image":{"@id":"https:\/\/www.ilnotiziario.net\/wp\/#\/schema\/logo\/image\/"},"sameAs":["https:\/\/www.facebook.com\/ilnotiziarioind\/","https:\/\/x.com\/ilNotiziarioInd","https:\/\/www.instagram.com\/ilnotiziario_settimanale\/"]},{"@type":"Person","@id":"https:\/\/www.ilnotiziario.net\/wp\/#\/schema\/person\/c218ad0865f96bfe2c1c2cfa719653f7","name":"Simone Carcano","image":{"@type":"ImageObject","inLanguage":"it-IT","@id":"https:\/\/secure.gravatar.com\/avatar\/5e677023cff2c47e9f7a896b9157a46e18bd36e7c4d000a1726bb730be7d38bb?s=96&d=mm&r=g","url":"https:\/\/secure.gravatar.com\/avatar\/5e677023cff2c47e9f7a896b9157a46e18bd36e7c4d000a1726bb730be7d38bb?s=96&d=mm&r=g","contentUrl":"https:\/\/secure.gravatar.com\/avatar\/5e677023cff2c47e9f7a896b9157a46e18bd36e7c4d000a1726bb730be7d38bb?s=96&d=mm&r=g","caption":"Simone Carcano"},"sameAs":["http:\/\/www.ilnotiziario.net","https:\/\/x.com\/@simone_carcano"]}]}},"_links":{"self":[{"href":"https:\/\/www.ilnotiziario.net\/wp\/wp-json\/wp\/v2\/posts\/25485","targetHints":{"allow":["GET"]}}],"collection":[{"href":"https:\/\/www.ilnotiziario.net\/wp\/wp-json\/wp\/v2\/posts"}],"about":[{"href":"https:\/\/www.ilnotiziario.net\/wp\/wp-json\/wp\/v2\/types\/post"}],"author":[{"embeddable":true,"href":"https:\/\/www.ilnotiziario.net\/wp\/wp-json\/wp\/v2\/users\/7"}],"replies":[{"embeddable":true,"href":"https:\/\/www.ilnotiziario.net\/wp\/wp-json\/wp\/v2\/comments?post=25485"}],"version-history":[{"count":0,"href":"https:\/\/www.ilnotiziario.net\/wp\/wp-json\/wp\/v2\/posts\/25485\/revisions"}],"wp:featuredmedia":[{"embeddable":true,"href":"https:\/\/www.ilnotiziario.net\/wp\/wp-json\/wp\/v2\/media\/14347"}],"wp:attachment":[{"href":"https:\/\/www.ilnotiziario.net\/wp\/wp-json\/wp\/v2\/media?parent=25485"}],"wp:term":[{"taxonomy":"category","embeddable":true,"href":"https:\/\/www.ilnotiziario.net\/wp\/wp-json\/wp\/v2\/categories?post=25485"},{"taxonomy":"post_tag","embeddable":true,"href":"https:\/\/www.ilnotiziario.net\/wp\/wp-json\/wp\/v2\/tags?post=25485"}],"curies":[{"name":"wp","href":"https:\/\/api.w.org\/{rel}","templated":true}]}}