{"id":25650,"date":"2018-05-08T07:42:35","date_gmt":"2018-05-08T05:42:35","guid":{"rendered":"http:\/\/www.ilnotiziario.net\/?p=25650"},"modified":"2018-05-08T07:42:35","modified_gmt":"2018-05-08T05:42:35","slug":"weekend-al-lago-le-mete-piu-amate-dagli-italiani","status":"publish","type":"post","link":"https:\/\/www.ilnotiziario.net\/wp\/buonoasapersi\/weekend-al-lago-le-mete-piu-amate-dagli-italiani\/","title":{"rendered":"Weekend al lago: le mete pi\u00f9 amate dagli italiani"},"content":{"rendered":"<p><img fetchpriority=\"high\" decoding=\"async\" class=\"alignnone size-medium wp-image-25651\" src=\"http:\/\/www.ilnotiziario.net\/wp\/wp-content\/uploads\/2018\/05\/9276442542110-300x169.jpg\" alt=\"\" width=\"300\" height=\"169\" srcset=\"https:\/\/www.ilnotiziario.net\/wp\/wp-content\/uploads\/2018\/05\/9276442542110-300x169.jpg 300w, https:\/\/www.ilnotiziario.net\/wp\/wp-content\/uploads\/2018\/05\/9276442542110-768x432.jpg 768w, https:\/\/www.ilnotiziario.net\/wp\/wp-content\/uploads\/2018\/05\/9276442542110-1024x576.jpg 1024w, https:\/\/www.ilnotiziario.net\/wp\/wp-content\/uploads\/2018\/05\/9276442542110-560x315.jpg 560w\" sizes=\"(max-width: 300px) 100vw, 300px\" \/><\/p>\n<p>Con l\u2019inizio della bella stagione i laghi italiani si confermano la scelta ideale per un break adatto a tutti i gusti: non solo sole e bagni, ma anche escursioni immerse nella natura, sport acquatici, passeggiate tra scorci pittoreschi ed esplorazioni enogastronomiche.<\/p><div id=\"ilnot-292902014\" class=\"ilnot-contenuto ilnot-entity-placement\"><p><!-- incontent_1 --><\/p>\n<div class=\"gptslot\" data-adunitid=\"1\"><\/div>\n<\/div>\n<p>Per ispirare gli italiani alla ricerca della meta ideale per il prossimo viaggio al lago la piattaforma di ricerca di voli e hotel momondo.it ha analizzato i propri dati, stilando la classifica delle destinazioni pi\u00f9 gettonate tra i turisti del Bel Paese.<br \/>\nPeschiera del Garda: l\u2019unica destinazione veneta guadagna la vetta della classifica<br \/>\nSebbene i dati mostrino una top 10 dominata per lo pi\u00f9 da destinazioni lombarde, quattro, ovvero Como, Bellagio, Desenzano e Iseo e trentine, altrettante quattro, Riva del Garda, Trento, Molveno e Levico Terme, \u00e8 la veneta Peschiera del Garda a conquistare quest\u2019anno lo scettro di destinazione preferita dagli italiani per una vacanza al lago, con una crescita significativa delle ricerche di hotel, che segna addirittura la tripla cifra (+139% rispetto al 2017). Guadagna, invece, l\u2019ottava posizione Perugia \u2013 unica citt\u00e0 al di fuori del nord Italia \u2013 considerata meta perfetta per trascorrere un break alla scoperta delle bellezze del Lago Trasimeno.<br \/>\nSecondo questa speciale classifica e i dati emersi dall\u2019analisi il Lago di Garda guadagna il titolo di lago pi\u00f9 gettonato dai viaggiatori italiani nel 2018, rappresentando circa il 67% delle ricerche di hotel per mete di lago registrate su momondo.it; seguono il Lago di Como e i bacini trentini Levico, Caldonazzo e Molveno.<\/p>\n<p>Costi di un break al lago? Bellagio per una vacanza senza badare a spese, Trento per chi vuole risparmiare<br \/>\nL\u2019analisi dei dati del motore di ricerca viaggi offre interessanti spunti sui costi di un soggiorno in hotel a 3-4 stelle per un break sul lago. Le mete lombarde sono decisamente le pi\u00f9 costose: Bellagio (in media 344 \u20ac, quasi il triplo della meta pi\u00f9 conveniente, Trento), Como (303 \u20ac) e Iseo (246 \u20ac) sono le scelte perfette per chi vuole staccare senza badare a spese.<\/p><div id=\"ilnot-173629450\" class=\"ilnot-contenuto_2 ilnot-entity-placement\"><div class=\"ads-wrapper\">\n<div class=\"ad-slot\">\n   <div id=\"ilnot-11596248\" style=\"margin-right: auto;margin-left: auto;text-align: center;width: 320px;height: 100px;\"><a href=\"https:\/\/www.scuolasicurezza.it\/\"><img decoding=\"async\" src=\"https:\/\/www.ilnotiziario.net\/wp\/wp-content\/uploads\/2026\/04\/IlNotiziario_banner-sito-e-newsletter-320-x-100-px-1.gif\" alt=\"\"><\/a><\/div>\n  <\/div>\n<div class=\"ad-slot\">\n   <div id=\"ilnot-4239650178\" style=\"margin-right: auto;margin-left: auto;text-align: center;width: 320px;height: 100px;\"><a href=\"https:\/\/purodesignarredamenti.com\/\"><img decoding=\"async\" src=\"https:\/\/www.ilnotiziario.net\/wp\/wp-content\/uploads\/2026\/04\/banner-puro-ok.gif\" alt=\"whatsapp\"><\/a><\/div><\/p><\/div>\n<\/div>\n<\/div>\n<p>Chi invece \u00e8 attento al portafoglio ma vuole comunque concedersi delle occasioni di viaggio prima delle vacanze estive pu\u00f2 scegliere Trento (la meta pi\u00f9 conveniente per quanto riguarda il costo di una notte in hotel (in media 119 \u20ac), Perugia (127 \u20ac) e Peschiera del Garda (162 \u20ac).<br \/>\nGuardando ai trend dei costi per un soggiorno in albergo nelle dieci destinazioni preferite dagli italiani per una vacanza sul lago, oltre met\u00e0 delle citt\u00e0 in classifica registra un aumento dei prezzi rispetto allo scorso anno (dal +9% di Como fino a +124% di Levico Terme). Molveno e Riva sono stabili, mentre chi sceglie Desenzano del Garda e Trento pu\u00f2 beneficiare di un calo dei prezzi medi rispettivamente del 32% e del 17%.<\/p>\n","protected":false},"excerpt":{"rendered":"<p>Con l\u2019inizio della bella stagione i laghi italiani si confermano la scelta ideale per un break adatto a tutti i gusti: non solo sole e bagni, ma anche escursioni immerse nella natura, sport acquatici, passeggiate tra scorci pittoreschi ed esplorazioni enogastronomiche. Per ispirare gli italiani alla ricerca della meta ideale per il prossimo viaggio al<\/p>\n","protected":false},"author":14,"featured_media":25651,"comment_status":"closed","ping_status":"closed","sticky":false,"template":"","format":"standard","meta":{"footnotes":""},"categories":[4193],"tags":[5155,1113,4712,5153,1341,5154],"class_list":{"0":"post-25650","1":"post","2":"type-post","3":"status-publish","4":"format-standard","5":"has-post-thumbnail","7":"category-buonoasapersi","8":"tag-break","9":"tag-como","10":"tag-garda","11":"tag-lago","12":"tag-maggio","13":"tag-week-end"},"yoast_head":"<!-- This site is optimized with the Yoast SEO plugin v27.4 - https:\/\/yoast.com\/product\/yoast-seo-wordpress\/ -->\n<title>Weekend al lago: le mete pi\u00f9 amate dagli italiani - Il Notiziario<\/title>\n<meta name=\"description\" content=\"La destinazione ideale per un &quot;break&quot;: una o due notti a costi abbastanza accessibili in diverse regioni d&#039;Italia e con diverse soluzioni.\" \/>\n<meta name=\"robots\" content=\"index, follow, max-snippet:-1, max-image-preview:large, max-video-preview:-1\" \/>\n<link rel=\"canonical\" href=\"https:\/\/www.ilnotiziario.net\/wp\/buonoasapersi\/weekend-al-lago-le-mete-piu-amate-dagli-italiani\/\" \/>\n<meta property=\"og:locale\" content=\"it_IT\" \/>\n<meta property=\"og:type\" content=\"article\" \/>\n<meta property=\"og:title\" content=\"Weekend al lago: le mete pi\u00f9 amate dagli italiani - Il Notiziario\" \/>\n<meta property=\"og:description\" content=\"La destinazione ideale per un &quot;break&quot;: una o due notti a costi abbastanza accessibili in diverse regioni d&#039;Italia e con diverse soluzioni.\" \/>\n<meta property=\"og:url\" content=\"https:\/\/www.ilnotiziario.net\/wp\/buonoasapersi\/weekend-al-lago-le-mete-piu-amate-dagli-italiani\/\" \/>\n<meta property=\"og:site_name\" content=\"Il Notiziario\" \/>\n<meta property=\"article:publisher\" content=\"https:\/\/www.facebook.com\/ilnotiziarioind\/\" \/>\n<meta property=\"article:published_time\" content=\"2018-05-08T05:42:35+00:00\" \/>\n<meta property=\"og:image\" content=\"https:\/\/www.ilnotiziario.net\/wp\/wp-content\/uploads\/2018\/05\/9276442542110.jpg\" \/>\n\t<meta property=\"og:image:width\" content=\"2200\" \/>\n\t<meta property=\"og:image:height\" content=\"1238\" \/>\n\t<meta property=\"og:image:type\" content=\"image\/jpeg\" \/>\n<meta name=\"author\" content=\"Silvia Citterio\" \/>\n<meta name=\"twitter:card\" content=\"summary_large_image\" \/>\n<meta name=\"twitter:creator\" content=\"@ilNotiziarioInd\" \/>\n<meta name=\"twitter:site\" content=\"@ilNotiziarioInd\" \/>\n<meta name=\"twitter:label1\" content=\"Scritto da\" \/>\n\t<meta name=\"twitter:data1\" content=\"Silvia Citterio\" \/>\n\t<meta name=\"twitter:label2\" content=\"Tempo di lettura stimato\" \/>\n\t<meta name=\"twitter:data2\" content=\"2 minuti\" \/>\n<script type=\"application\/ld+json\" class=\"yoast-schema-graph\">{\"@context\":\"https:\\\/\\\/schema.org\",\"@graph\":[{\"@type\":\"Article\",\"@id\":\"https:\\\/\\\/www.ilnotiziario.net\\\/wp\\\/buonoasapersi\\\/weekend-al-lago-le-mete-piu-amate-dagli-italiani\\\/#article\",\"isPartOf\":{\"@id\":\"https:\\\/\\\/www.ilnotiziario.net\\\/wp\\\/buonoasapersi\\\/weekend-al-lago-le-mete-piu-amate-dagli-italiani\\\/\"},\"author\":{\"name\":\"Silvia Citterio\",\"@id\":\"https:\\\/\\\/www.ilnotiziario.net\\\/wp\\\/#\\\/schema\\\/person\\\/c5bca2edc3d99d29959f04a6126f687b\"},\"headline\":\"Weekend al lago: le mete pi\u00f9 amate dagli italiani\",\"datePublished\":\"2018-05-08T05:42:35+00:00\",\"mainEntityOfPage\":{\"@id\":\"https:\\\/\\\/www.ilnotiziario.net\\\/wp\\\/buonoasapersi\\\/weekend-al-lago-le-mete-piu-amate-dagli-italiani\\\/\"},\"wordCount\":446,\"publisher\":{\"@id\":\"https:\\\/\\\/www.ilnotiziario.net\\\/wp\\\/#organization\"},\"image\":{\"@id\":\"https:\\\/\\\/www.ilnotiziario.net\\\/wp\\\/buonoasapersi\\\/weekend-al-lago-le-mete-piu-amate-dagli-italiani\\\/#primaryimage\"},\"thumbnailUrl\":\"https:\\\/\\\/www.ilnotiziario.net\\\/wp\\\/wp-content\\\/uploads\\\/2018\\\/05\\\/9276442542110.jpg\",\"keywords\":[\"break\",\"Como\",\"Garda\",\"lago\",\"maggio\",\"week-end\"],\"articleSection\":[\"BUONO A SAPERSI\"],\"inLanguage\":\"it-IT\"},{\"@type\":\"WebPage\",\"@id\":\"https:\\\/\\\/www.ilnotiziario.net\\\/wp\\\/buonoasapersi\\\/weekend-al-lago-le-mete-piu-amate-dagli-italiani\\\/\",\"url\":\"https:\\\/\\\/www.ilnotiziario.net\\\/wp\\\/buonoasapersi\\\/weekend-al-lago-le-mete-piu-amate-dagli-italiani\\\/\",\"name\":\"Weekend al lago: le mete pi\u00f9 amate dagli italiani - Il Notiziario\",\"isPartOf\":{\"@id\":\"https:\\\/\\\/www.ilnotiziario.net\\\/wp\\\/#website\"},\"primaryImageOfPage\":{\"@id\":\"https:\\\/\\\/www.ilnotiziario.net\\\/wp\\\/buonoasapersi\\\/weekend-al-lago-le-mete-piu-amate-dagli-italiani\\\/#primaryimage\"},\"image\":{\"@id\":\"https:\\\/\\\/www.ilnotiziario.net\\\/wp\\\/buonoasapersi\\\/weekend-al-lago-le-mete-piu-amate-dagli-italiani\\\/#primaryimage\"},\"thumbnailUrl\":\"https:\\\/\\\/www.ilnotiziario.net\\\/wp\\\/wp-content\\\/uploads\\\/2018\\\/05\\\/9276442542110.jpg\",\"datePublished\":\"2018-05-08T05:42:35+00:00\",\"description\":\"La destinazione ideale per un \\\"break\\\": una o due notti a costi abbastanza accessibili in diverse regioni d'Italia e con diverse soluzioni.\",\"breadcrumb\":{\"@id\":\"https:\\\/\\\/www.ilnotiziario.net\\\/wp\\\/buonoasapersi\\\/weekend-al-lago-le-mete-piu-amate-dagli-italiani\\\/#breadcrumb\"},\"inLanguage\":\"it-IT\",\"potentialAction\":[{\"@type\":\"ReadAction\",\"target\":[\"https:\\\/\\\/www.ilnotiziario.net\\\/wp\\\/buonoasapersi\\\/weekend-al-lago-le-mete-piu-amate-dagli-italiani\\\/\"]}]},{\"@type\":\"ImageObject\",\"inLanguage\":\"it-IT\",\"@id\":\"https:\\\/\\\/www.ilnotiziario.net\\\/wp\\\/buonoasapersi\\\/weekend-al-lago-le-mete-piu-amate-dagli-italiani\\\/#primaryimage\",\"url\":\"https:\\\/\\\/www.ilnotiziario.net\\\/wp\\\/wp-content\\\/uploads\\\/2018\\\/05\\\/9276442542110.jpg\",\"contentUrl\":\"https:\\\/\\\/www.ilnotiziario.net\\\/wp\\\/wp-content\\\/uploads\\\/2018\\\/05\\\/9276442542110.jpg\",\"width\":2200,\"height\":1238,\"caption\":\"vacanza lago\"},{\"@type\":\"BreadcrumbList\",\"@id\":\"https:\\\/\\\/www.ilnotiziario.net\\\/wp\\\/buonoasapersi\\\/weekend-al-lago-le-mete-piu-amate-dagli-italiani\\\/#breadcrumb\",\"itemListElement\":[{\"@type\":\"ListItem\",\"position\":1,\"name\":\"tds_text_logo_tagline_colortds_text_logo_tagline_colortds_text_logo_tagline_colortds_text_logo_tagline_colortd_module_7_title_excerpttd_module_7_title_excerpttd_module_7_title_excerpttd_module_7_title_excerptHome\",\"item\":\"https:\\\/\\\/www.ilnotiziario.net\\\/wp\\\/\"},{\"@type\":\"ListItem\",\"position\":2,\"name\":\"Weekend al lago: le mete pi\u00f9 amate dagli italiani\"}]},{\"@type\":\"WebSite\",\"@id\":\"https:\\\/\\\/www.ilnotiziario.net\\\/wp\\\/#website\",\"url\":\"https:\\\/\\\/www.ilnotiziario.net\\\/wp\\\/\",\"name\":\"Il Notiziario\",\"description\":\"Per restare sempre connessi alla notizia\",\"publisher\":{\"@id\":\"https:\\\/\\\/www.ilnotiziario.net\\\/wp\\\/#organization\"},\"alternateName\":\"Il Notiziario Bollate\",\"potentialAction\":[{\"@type\":\"SearchAction\",\"target\":{\"@type\":\"EntryPoint\",\"urlTemplate\":\"https:\\\/\\\/www.ilnotiziario.net\\\/wp\\\/?s={search_term_string}\"},\"query-input\":{\"@type\":\"PropertyValueSpecification\",\"valueRequired\":true,\"valueName\":\"search_term_string\"}}],\"inLanguage\":\"it-IT\"},{\"@type\":\"Organization\",\"@id\":\"https:\\\/\\\/www.ilnotiziario.net\\\/wp\\\/#organization\",\"name\":\"Il Notiziario\",\"url\":\"https:\\\/\\\/www.ilnotiziario.net\\\/wp\\\/\",\"logo\":{\"@type\":\"ImageObject\",\"inLanguage\":\"it-IT\",\"@id\":\"https:\\\/\\\/www.ilnotiziario.net\\\/wp\\\/#\\\/schema\\\/logo\\\/image\\\/\",\"url\":\"https:\\\/\\\/www.ilnotiziario.net\\\/wp\\\/wp-content\\\/uploads\\\/2022\\\/06\\\/170x170ilN.png\",\"contentUrl\":\"https:\\\/\\\/www.ilnotiziario.net\\\/wp\\\/wp-content\\\/uploads\\\/2022\\\/06\\\/170x170ilN.png\",\"width\":355,\"height\":355,\"caption\":\"Il Notiziario\"},\"image\":{\"@id\":\"https:\\\/\\\/www.ilnotiziario.net\\\/wp\\\/#\\\/schema\\\/logo\\\/image\\\/\"},\"sameAs\":[\"https:\\\/\\\/www.facebook.com\\\/ilnotiziarioind\\\/\",\"https:\\\/\\\/x.com\\\/ilNotiziarioInd\",\"https:\\\/\\\/www.instagram.com\\\/ilnotiziario_settimanale\\\/\"]},{\"@type\":\"Person\",\"@id\":\"https:\\\/\\\/www.ilnotiziario.net\\\/wp\\\/#\\\/schema\\\/person\\\/c5bca2edc3d99d29959f04a6126f687b\",\"name\":\"Silvia Citterio\",\"image\":{\"@type\":\"ImageObject\",\"inLanguage\":\"it-IT\",\"@id\":\"https:\\\/\\\/secure.gravatar.com\\\/avatar\\\/03eb19c63b944e79a9b5ce53ca5d1ca303edcf368a68721ec3ccaae7f98c5afd?s=96&d=mm&r=g\",\"url\":\"https:\\\/\\\/secure.gravatar.com\\\/avatar\\\/03eb19c63b944e79a9b5ce53ca5d1ca303edcf368a68721ec3ccaae7f98c5afd?s=96&d=mm&r=g\",\"contentUrl\":\"https:\\\/\\\/secure.gravatar.com\\\/avatar\\\/03eb19c63b944e79a9b5ce53ca5d1ca303edcf368a68721ec3ccaae7f98c5afd?s=96&d=mm&r=g\",\"caption\":\"Silvia Citterio\"}}]}<\/script>\n<!-- \/ Yoast SEO plugin. -->","yoast_head_json":{"title":"Weekend al lago: le mete pi\u00f9 amate dagli italiani - Il Notiziario","description":"La destinazione ideale per un \"break\": una o due notti a costi abbastanza accessibili in diverse regioni d'Italia e con diverse soluzioni.","robots":{"index":"index","follow":"follow","max-snippet":"max-snippet:-1","max-image-preview":"max-image-preview:large","max-video-preview":"max-video-preview:-1"},"canonical":"https:\/\/www.ilnotiziario.net\/wp\/buonoasapersi\/weekend-al-lago-le-mete-piu-amate-dagli-italiani\/","og_locale":"it_IT","og_type":"article","og_title":"Weekend al lago: le mete pi\u00f9 amate dagli italiani - Il Notiziario","og_description":"La destinazione ideale per un \"break\": una o due notti a costi abbastanza accessibili in diverse regioni d'Italia e con diverse soluzioni.","og_url":"https:\/\/www.ilnotiziario.net\/wp\/buonoasapersi\/weekend-al-lago-le-mete-piu-amate-dagli-italiani\/","og_site_name":"Il Notiziario","article_publisher":"https:\/\/www.facebook.com\/ilnotiziarioind\/","article_published_time":"2018-05-08T05:42:35+00:00","og_image":[{"width":2200,"height":1238,"url":"https:\/\/www.ilnotiziario.net\/wp\/wp-content\/uploads\/2018\/05\/9276442542110.jpg","type":"image\/jpeg"}],"author":"Silvia Citterio","twitter_card":"summary_large_image","twitter_creator":"@ilNotiziarioInd","twitter_site":"@ilNotiziarioInd","twitter_misc":{"Scritto da":"Silvia Citterio","Tempo di lettura stimato":"2 minuti"},"schema":{"@context":"https:\/\/schema.org","@graph":[{"@type":"Article","@id":"https:\/\/www.ilnotiziario.net\/wp\/buonoasapersi\/weekend-al-lago-le-mete-piu-amate-dagli-italiani\/#article","isPartOf":{"@id":"https:\/\/www.ilnotiziario.net\/wp\/buonoasapersi\/weekend-al-lago-le-mete-piu-amate-dagli-italiani\/"},"author":{"name":"Silvia Citterio","@id":"https:\/\/www.ilnotiziario.net\/wp\/#\/schema\/person\/c5bca2edc3d99d29959f04a6126f687b"},"headline":"Weekend al lago: le mete pi\u00f9 amate dagli italiani","datePublished":"2018-05-08T05:42:35+00:00","mainEntityOfPage":{"@id":"https:\/\/www.ilnotiziario.net\/wp\/buonoasapersi\/weekend-al-lago-le-mete-piu-amate-dagli-italiani\/"},"wordCount":446,"publisher":{"@id":"https:\/\/www.ilnotiziario.net\/wp\/#organization"},"image":{"@id":"https:\/\/www.ilnotiziario.net\/wp\/buonoasapersi\/weekend-al-lago-le-mete-piu-amate-dagli-italiani\/#primaryimage"},"thumbnailUrl":"https:\/\/www.ilnotiziario.net\/wp\/wp-content\/uploads\/2018\/05\/9276442542110.jpg","keywords":["break","Como","Garda","lago","maggio","week-end"],"articleSection":["BUONO A SAPERSI"],"inLanguage":"it-IT"},{"@type":"WebPage","@id":"https:\/\/www.ilnotiziario.net\/wp\/buonoasapersi\/weekend-al-lago-le-mete-piu-amate-dagli-italiani\/","url":"https:\/\/www.ilnotiziario.net\/wp\/buonoasapersi\/weekend-al-lago-le-mete-piu-amate-dagli-italiani\/","name":"Weekend al lago: le mete pi\u00f9 amate dagli italiani - Il Notiziario","isPartOf":{"@id":"https:\/\/www.ilnotiziario.net\/wp\/#website"},"primaryImageOfPage":{"@id":"https:\/\/www.ilnotiziario.net\/wp\/buonoasapersi\/weekend-al-lago-le-mete-piu-amate-dagli-italiani\/#primaryimage"},"image":{"@id":"https:\/\/www.ilnotiziario.net\/wp\/buonoasapersi\/weekend-al-lago-le-mete-piu-amate-dagli-italiani\/#primaryimage"},"thumbnailUrl":"https:\/\/www.ilnotiziario.net\/wp\/wp-content\/uploads\/2018\/05\/9276442542110.jpg","datePublished":"2018-05-08T05:42:35+00:00","description":"La destinazione ideale per un \"break\": una o due notti a costi abbastanza accessibili in diverse regioni d'Italia e con diverse soluzioni.","breadcrumb":{"@id":"https:\/\/www.ilnotiziario.net\/wp\/buonoasapersi\/weekend-al-lago-le-mete-piu-amate-dagli-italiani\/#breadcrumb"},"inLanguage":"it-IT","potentialAction":[{"@type":"ReadAction","target":["https:\/\/www.ilnotiziario.net\/wp\/buonoasapersi\/weekend-al-lago-le-mete-piu-amate-dagli-italiani\/"]}]},{"@type":"ImageObject","inLanguage":"it-IT","@id":"https:\/\/www.ilnotiziario.net\/wp\/buonoasapersi\/weekend-al-lago-le-mete-piu-amate-dagli-italiani\/#primaryimage","url":"https:\/\/www.ilnotiziario.net\/wp\/wp-content\/uploads\/2018\/05\/9276442542110.jpg","contentUrl":"https:\/\/www.ilnotiziario.net\/wp\/wp-content\/uploads\/2018\/05\/9276442542110.jpg","width":2200,"height":1238,"caption":"vacanza lago"},{"@type":"BreadcrumbList","@id":"https:\/\/www.ilnotiziario.net\/wp\/buonoasapersi\/weekend-al-lago-le-mete-piu-amate-dagli-italiani\/#breadcrumb","itemListElement":[{"@type":"ListItem","position":1,"name":"tds_text_logo_tagline_colortds_text_logo_tagline_colortds_text_logo_tagline_colortds_text_logo_tagline_colortd_module_7_title_excerpttd_module_7_title_excerpttd_module_7_title_excerpttd_module_7_title_excerptHome","item":"https:\/\/www.ilnotiziario.net\/wp\/"},{"@type":"ListItem","position":2,"name":"Weekend al lago: le mete pi\u00f9 amate dagli italiani"}]},{"@type":"WebSite","@id":"https:\/\/www.ilnotiziario.net\/wp\/#website","url":"https:\/\/www.ilnotiziario.net\/wp\/","name":"Il Notiziario","description":"Per restare sempre connessi alla notizia","publisher":{"@id":"https:\/\/www.ilnotiziario.net\/wp\/#organization"},"alternateName":"Il Notiziario Bollate","potentialAction":[{"@type":"SearchAction","target":{"@type":"EntryPoint","urlTemplate":"https:\/\/www.ilnotiziario.net\/wp\/?s={search_term_string}"},"query-input":{"@type":"PropertyValueSpecification","valueRequired":true,"valueName":"search_term_string"}}],"inLanguage":"it-IT"},{"@type":"Organization","@id":"https:\/\/www.ilnotiziario.net\/wp\/#organization","name":"Il Notiziario","url":"https:\/\/www.ilnotiziario.net\/wp\/","logo":{"@type":"ImageObject","inLanguage":"it-IT","@id":"https:\/\/www.ilnotiziario.net\/wp\/#\/schema\/logo\/image\/","url":"https:\/\/www.ilnotiziario.net\/wp\/wp-content\/uploads\/2022\/06\/170x170ilN.png","contentUrl":"https:\/\/www.ilnotiziario.net\/wp\/wp-content\/uploads\/2022\/06\/170x170ilN.png","width":355,"height":355,"caption":"Il Notiziario"},"image":{"@id":"https:\/\/www.ilnotiziario.net\/wp\/#\/schema\/logo\/image\/"},"sameAs":["https:\/\/www.facebook.com\/ilnotiziarioind\/","https:\/\/x.com\/ilNotiziarioInd","https:\/\/www.instagram.com\/ilnotiziario_settimanale\/"]},{"@type":"Person","@id":"https:\/\/www.ilnotiziario.net\/wp\/#\/schema\/person\/c5bca2edc3d99d29959f04a6126f687b","name":"Silvia Citterio","image":{"@type":"ImageObject","inLanguage":"it-IT","@id":"https:\/\/secure.gravatar.com\/avatar\/03eb19c63b944e79a9b5ce53ca5d1ca303edcf368a68721ec3ccaae7f98c5afd?s=96&d=mm&r=g","url":"https:\/\/secure.gravatar.com\/avatar\/03eb19c63b944e79a9b5ce53ca5d1ca303edcf368a68721ec3ccaae7f98c5afd?s=96&d=mm&r=g","contentUrl":"https:\/\/secure.gravatar.com\/avatar\/03eb19c63b944e79a9b5ce53ca5d1ca303edcf368a68721ec3ccaae7f98c5afd?s=96&d=mm&r=g","caption":"Silvia Citterio"}}]}},"_links":{"self":[{"href":"https:\/\/www.ilnotiziario.net\/wp\/wp-json\/wp\/v2\/posts\/25650","targetHints":{"allow":["GET"]}}],"collection":[{"href":"https:\/\/www.ilnotiziario.net\/wp\/wp-json\/wp\/v2\/posts"}],"about":[{"href":"https:\/\/www.ilnotiziario.net\/wp\/wp-json\/wp\/v2\/types\/post"}],"author":[{"embeddable":true,"href":"https:\/\/www.ilnotiziario.net\/wp\/wp-json\/wp\/v2\/users\/14"}],"replies":[{"embeddable":true,"href":"https:\/\/www.ilnotiziario.net\/wp\/wp-json\/wp\/v2\/comments?post=25650"}],"version-history":[{"count":0,"href":"https:\/\/www.ilnotiziario.net\/wp\/wp-json\/wp\/v2\/posts\/25650\/revisions"}],"wp:featuredmedia":[{"embeddable":true,"href":"https:\/\/www.ilnotiziario.net\/wp\/wp-json\/wp\/v2\/media\/25651"}],"wp:attachment":[{"href":"https:\/\/www.ilnotiziario.net\/wp\/wp-json\/wp\/v2\/media?parent=25650"}],"wp:term":[{"taxonomy":"category","embeddable":true,"href":"https:\/\/www.ilnotiziario.net\/wp\/wp-json\/wp\/v2\/categories?post=25650"},{"taxonomy":"post_tag","embeddable":true,"href":"https:\/\/www.ilnotiziario.net\/wp\/wp-json\/wp\/v2\/tags?post=25650"}],"curies":[{"name":"wp","href":"https:\/\/api.w.org\/{rel}","templated":true}]}}