{"id":26005,"date":"2018-05-17T08:58:29","date_gmt":"2018-05-17T06:58:29","guid":{"rendered":"http:\/\/www.ilnotiziario.net\/?p=26005"},"modified":"2018-05-17T08:58:29","modified_gmt":"2018-05-17T06:58:29","slug":"luomo-deve-saper-usare-il-martello","status":"publish","type":"post","link":"https:\/\/www.ilnotiziario.net\/wp\/editoriali\/luomo-deve-saper-usare-il-martello\/","title":{"rendered":"L\u2019uomo deve saper usare il martello"},"content":{"rendered":"<p><img decoding=\"async\" class=\"aligncenter size-full wp-image-17935\" src=\"http:\/\/www.ilnotiziario.net\/wp\/wp-content\/uploads\/2017\/07\/LogoNotiziarioApp205x205.jpg\" alt=\"notiziario\" width=\"205\" height=\"205\" srcset=\"https:\/\/www.ilnotiziario.net\/wp\/wp-content\/uploads\/2017\/07\/LogoNotiziarioApp205x205.jpg 205w, https:\/\/www.ilnotiziario.net\/wp\/wp-content\/uploads\/2017\/07\/LogoNotiziarioApp205x205-150x150.jpg 150w\" sizes=\"(max-width: 205px) 100vw, 205px\" \/>C\u2019\u00e8 una mia amica che sostiene che \u201cun uomo vero deve saper usare il martello\u201d. Non sorridete, non ci sono doppi sensi nelle sue parole, nella sua genuinit\u00e0 intende proprio quello che dice: l\u2019uomo dev\u2019essere uomo, deve saper usare il martello, il trapano, il cacciavite e magari anche, se \u00e8 un Uomo con la U maiuscola, il flessibile.<br \/>\nSecondo lei, che \u00e8 ancora piuttosto giovane ma di uomini ne ha conosciuti, oggi noi uomini ci stiamo \u201cfemminilizzando\u201d: ci riempiamo di tatuaggi per far vedere la nostra mascolinit\u00e0 perch\u00e9 non siamo pi\u00f9 capaci (in molti casi) di farla vedere in quelle cose che rendono davvero uomo un uomo.<\/p><div id=\"ilnot-1802440435\" class=\"ilnot-contenuto ilnot-entity-placement\"><p><!-- incontent_1 --><\/p>\n<div class=\"gptslot\" data-adunitid=\"1\"><\/div>\n<\/div>\n<p>\u201cMa perch\u00e9 \u2013 le chiedo io \u2013 secondo te un uomo per essere tale deve saper fare lavori maschili? Cosa cambia questo nell\u2019essere uomo?\u201d. Lei mi risponde che \u00e8 scritto nelle leggi della natura: l\u2019uomo \u00e8 la figura che deve saper costruire la famiglia, proteggerla e prendersene cura, anche nelle piccole problematiche domestiche.<br \/>\nNon vuol dire che un uomo che lavora in ufficio al computer o che fa il cuoco non sia un vero uomo, assolutamente no, ci\u00f2 che lei cerca di spiegarmi \u00e8 che l\u2019uomo non deve delegare ad altri certi compiti domestici e familiari. Pi\u00f9 sostanza e meno apparenza, insomma.<\/p>\n<p>Non so che cosa ne pensiate voi, io con martelli e cacciaviti me la cavo pochino, per\u00f2 le parole di questa amica mi fanno riflettere: forse \u00e8 vero che gli uomini di oggi sono sempre pi\u00f9 apparenza (e selfie) e meno sostanza e che, quando si trovano ad affrontare i problemi grossi in famiglia, non sempre ne sono all\u2019altezza.<\/p><div id=\"ilnot-1618197003\" class=\"ilnot-contenuto_2 ilnot-entity-placement\"><div class=\"ads-wrapper\">\n<div class=\"ad-slot\">\n   <div id=\"ilnot-3768474767\" style=\"margin-right: auto;margin-left: auto;text-align: center;width: 320px;height: 100px;\"><a href=\"https:\/\/www.scuolasicurezza.it\/\"><img decoding=\"async\" src=\"https:\/\/www.ilnotiziario.net\/wp\/wp-content\/uploads\/2026\/04\/IlNotiziario_banner-sito-e-newsletter-320-x-100-px-1.gif\" alt=\"\"><\/a><\/div>\n  <\/div>\n<div class=\"ad-slot\">\n   <div id=\"ilnot-1204959707\" style=\"margin-right: auto;margin-left: auto;text-align: center;width: 320px;height: 100px;\"><a href=\"https:\/\/purodesignarredamenti.com\/\"><img decoding=\"async\" src=\"https:\/\/www.ilnotiziario.net\/wp\/wp-content\/uploads\/2026\/04\/banner-puro-ok.gif\" alt=\"whatsapp\"><\/a><\/div><\/p><\/div>\n<\/div>\n<\/div>\n<p><strong>Piero Uboldi<\/strong><\/p>\n","protected":false},"excerpt":{"rendered":"<p>C\u2019\u00e8 una mia amica che sostiene che \u201cun uomo vero deve saper usare il martello\u201d. Non sorridete, non ci sono doppi sensi nelle sue parole, nella sua genuinit\u00e0 intende proprio quello che dice: l\u2019uomo dev\u2019essere uomo, deve saper usare il martello, il trapano, il cacciavite e magari anche, se \u00e8 un Uomo con la U<\/p>\n","protected":false},"author":3,"featured_media":17935,"comment_status":"closed","ping_status":"closed","sticky":false,"template":"","format":"standard","meta":{"footnotes":""},"categories":[3431],"tags":[61,5200,62,4911],"class_list":{"0":"post-26005","1":"post","2":"type-post","3":"status-publish","4":"format-standard","5":"has-post-thumbnail","7":"category-editoriali","8":"tag-editoriale","9":"tag-martello","10":"tag-uboldi","11":"tag-uomini"},"yoast_head":"<!-- This site is optimized with the Yoast SEO plugin v27.4 - https:\/\/yoast.com\/product\/yoast-seo-wordpress\/ -->\n<title>L\u2019uomo deve saper usare il martello - Il Notiziario<\/title>\n<meta name=\"description\" content=\"Forse gli uomini di oggi sono sempre pi\u00f9 apparenza (e selfie) e meno sostanza e quando si trovano ad affrontare i problemi grossi in famiglia, non sempre ne sono all\u2019altezza\" \/>\n<meta name=\"robots\" content=\"index, follow, max-snippet:-1, max-image-preview:large, max-video-preview:-1\" \/>\n<link rel=\"canonical\" href=\"https:\/\/www.ilnotiziario.net\/wp\/editoriali\/luomo-deve-saper-usare-il-martello\/\" \/>\n<meta property=\"og:locale\" content=\"it_IT\" \/>\n<meta property=\"og:type\" content=\"article\" \/>\n<meta property=\"og:title\" content=\"L\u2019uomo deve saper usare il martello - Il Notiziario\" \/>\n<meta property=\"og:description\" content=\"Forse gli uomini di oggi sono sempre pi\u00f9 apparenza (e selfie) e meno sostanza e quando si trovano ad affrontare i problemi grossi in famiglia, non sempre ne sono all\u2019altezza\" \/>\n<meta property=\"og:url\" content=\"https:\/\/www.ilnotiziario.net\/wp\/editoriali\/luomo-deve-saper-usare-il-martello\/\" \/>\n<meta property=\"og:site_name\" content=\"Il Notiziario\" \/>\n<meta property=\"article:publisher\" content=\"https:\/\/www.facebook.com\/ilnotiziarioind\/\" \/>\n<meta property=\"article:published_time\" content=\"2018-05-17T06:58:29+00:00\" \/>\n<meta property=\"og:image\" content=\"https:\/\/www.ilnotiziario.net\/wp\/wp-content\/uploads\/2017\/07\/LogoNotiziarioApp205x205.jpg\" \/>\n\t<meta property=\"og:image:width\" content=\"205\" \/>\n\t<meta property=\"og:image:height\" content=\"205\" \/>\n\t<meta property=\"og:image:type\" content=\"image\/jpeg\" \/>\n<meta name=\"author\" content=\"Gabriele Bassani\" \/>\n<meta name=\"twitter:card\" content=\"summary_large_image\" \/>\n<meta name=\"twitter:creator\" content=\"@ilNotiziarioInd\" \/>\n<meta name=\"twitter:site\" content=\"@ilNotiziarioInd\" \/>\n<meta name=\"twitter:label1\" content=\"Scritto da\" \/>\n\t<meta name=\"twitter:data1\" content=\"Gabriele Bassani\" \/>\n\t<meta name=\"twitter:label2\" content=\"Tempo di lettura stimato\" \/>\n\t<meta name=\"twitter:data2\" content=\"1 minuto\" \/>\n<script type=\"application\/ld+json\" class=\"yoast-schema-graph\">{\"@context\":\"https:\\\/\\\/schema.org\",\"@graph\":[{\"@type\":\"Article\",\"@id\":\"https:\\\/\\\/www.ilnotiziario.net\\\/wp\\\/editoriali\\\/luomo-deve-saper-usare-il-martello\\\/#article\",\"isPartOf\":{\"@id\":\"https:\\\/\\\/www.ilnotiziario.net\\\/wp\\\/editoriali\\\/luomo-deve-saper-usare-il-martello\\\/\"},\"author\":{\"name\":\"Gabriele Bassani\",\"@id\":\"https:\\\/\\\/www.ilnotiziario.net\\\/wp\\\/#\\\/schema\\\/person\\\/386e222908f898bb41c033989482bbf2\"},\"headline\":\"L\u2019uomo deve saper usare il martello\",\"datePublished\":\"2018-05-17T06:58:29+00:00\",\"mainEntityOfPage\":{\"@id\":\"https:\\\/\\\/www.ilnotiziario.net\\\/wp\\\/editoriali\\\/luomo-deve-saper-usare-il-martello\\\/\"},\"wordCount\":275,\"publisher\":{\"@id\":\"https:\\\/\\\/www.ilnotiziario.net\\\/wp\\\/#organization\"},\"image\":{\"@id\":\"https:\\\/\\\/www.ilnotiziario.net\\\/wp\\\/editoriali\\\/luomo-deve-saper-usare-il-martello\\\/#primaryimage\"},\"thumbnailUrl\":\"https:\\\/\\\/www.ilnotiziario.net\\\/wp\\\/wp-content\\\/uploads\\\/2017\\\/07\\\/LogoNotiziarioApp205x205.jpg\",\"keywords\":[\"editoriale\",\"martello\",\"Uboldi\",\"uomini\"],\"articleSection\":[\"EDITORIALI\"],\"inLanguage\":\"it-IT\"},{\"@type\":\"WebPage\",\"@id\":\"https:\\\/\\\/www.ilnotiziario.net\\\/wp\\\/editoriali\\\/luomo-deve-saper-usare-il-martello\\\/\",\"url\":\"https:\\\/\\\/www.ilnotiziario.net\\\/wp\\\/editoriali\\\/luomo-deve-saper-usare-il-martello\\\/\",\"name\":\"L\u2019uomo deve saper usare il martello - Il Notiziario\",\"isPartOf\":{\"@id\":\"https:\\\/\\\/www.ilnotiziario.net\\\/wp\\\/#website\"},\"primaryImageOfPage\":{\"@id\":\"https:\\\/\\\/www.ilnotiziario.net\\\/wp\\\/editoriali\\\/luomo-deve-saper-usare-il-martello\\\/#primaryimage\"},\"image\":{\"@id\":\"https:\\\/\\\/www.ilnotiziario.net\\\/wp\\\/editoriali\\\/luomo-deve-saper-usare-il-martello\\\/#primaryimage\"},\"thumbnailUrl\":\"https:\\\/\\\/www.ilnotiziario.net\\\/wp\\\/wp-content\\\/uploads\\\/2017\\\/07\\\/LogoNotiziarioApp205x205.jpg\",\"datePublished\":\"2018-05-17T06:58:29+00:00\",\"description\":\"Forse gli uomini di oggi sono sempre pi\u00f9 apparenza (e selfie) e meno sostanza e quando si trovano ad affrontare i problemi grossi in famiglia, non sempre ne sono all\u2019altezza\",\"breadcrumb\":{\"@id\":\"https:\\\/\\\/www.ilnotiziario.net\\\/wp\\\/editoriali\\\/luomo-deve-saper-usare-il-martello\\\/#breadcrumb\"},\"inLanguage\":\"it-IT\",\"potentialAction\":[{\"@type\":\"ReadAction\",\"target\":[\"https:\\\/\\\/www.ilnotiziario.net\\\/wp\\\/editoriali\\\/luomo-deve-saper-usare-il-martello\\\/\"]}]},{\"@type\":\"ImageObject\",\"inLanguage\":\"it-IT\",\"@id\":\"https:\\\/\\\/www.ilnotiziario.net\\\/wp\\\/editoriali\\\/luomo-deve-saper-usare-il-martello\\\/#primaryimage\",\"url\":\"https:\\\/\\\/www.ilnotiziario.net\\\/wp\\\/wp-content\\\/uploads\\\/2017\\\/07\\\/LogoNotiziarioApp205x205.jpg\",\"contentUrl\":\"https:\\\/\\\/www.ilnotiziario.net\\\/wp\\\/wp-content\\\/uploads\\\/2017\\\/07\\\/LogoNotiziarioApp205x205.jpg\",\"width\":205,\"height\":205,\"caption\":\"notiziario\"},{\"@type\":\"BreadcrumbList\",\"@id\":\"https:\\\/\\\/www.ilnotiziario.net\\\/wp\\\/editoriali\\\/luomo-deve-saper-usare-il-martello\\\/#breadcrumb\",\"itemListElement\":[{\"@type\":\"ListItem\",\"position\":1,\"name\":\"tds_text_logo_tagline_colortds_text_logo_tagline_colortds_text_logo_tagline_colortds_text_logo_tagline_colortd_module_7_title_excerpttd_module_7_title_excerpttd_module_7_title_excerpttd_module_7_title_excerptHome\",\"item\":\"https:\\\/\\\/www.ilnotiziario.net\\\/wp\\\/\"},{\"@type\":\"ListItem\",\"position\":2,\"name\":\"L\u2019uomo deve saper usare il martello\"}]},{\"@type\":\"WebSite\",\"@id\":\"https:\\\/\\\/www.ilnotiziario.net\\\/wp\\\/#website\",\"url\":\"https:\\\/\\\/www.ilnotiziario.net\\\/wp\\\/\",\"name\":\"Il Notiziario\",\"description\":\"Per restare sempre connessi alla notizia\",\"publisher\":{\"@id\":\"https:\\\/\\\/www.ilnotiziario.net\\\/wp\\\/#organization\"},\"alternateName\":\"Il Notiziario Bollate\",\"potentialAction\":[{\"@type\":\"SearchAction\",\"target\":{\"@type\":\"EntryPoint\",\"urlTemplate\":\"https:\\\/\\\/www.ilnotiziario.net\\\/wp\\\/?s={search_term_string}\"},\"query-input\":{\"@type\":\"PropertyValueSpecification\",\"valueRequired\":true,\"valueName\":\"search_term_string\"}}],\"inLanguage\":\"it-IT\"},{\"@type\":\"Organization\",\"@id\":\"https:\\\/\\\/www.ilnotiziario.net\\\/wp\\\/#organization\",\"name\":\"Il Notiziario\",\"url\":\"https:\\\/\\\/www.ilnotiziario.net\\\/wp\\\/\",\"logo\":{\"@type\":\"ImageObject\",\"inLanguage\":\"it-IT\",\"@id\":\"https:\\\/\\\/www.ilnotiziario.net\\\/wp\\\/#\\\/schema\\\/logo\\\/image\\\/\",\"url\":\"https:\\\/\\\/www.ilnotiziario.net\\\/wp\\\/wp-content\\\/uploads\\\/2022\\\/06\\\/170x170ilN.png\",\"contentUrl\":\"https:\\\/\\\/www.ilnotiziario.net\\\/wp\\\/wp-content\\\/uploads\\\/2022\\\/06\\\/170x170ilN.png\",\"width\":355,\"height\":355,\"caption\":\"Il Notiziario\"},\"image\":{\"@id\":\"https:\\\/\\\/www.ilnotiziario.net\\\/wp\\\/#\\\/schema\\\/logo\\\/image\\\/\"},\"sameAs\":[\"https:\\\/\\\/www.facebook.com\\\/ilnotiziarioind\\\/\",\"https:\\\/\\\/x.com\\\/ilNotiziarioInd\",\"https:\\\/\\\/www.instagram.com\\\/ilnotiziario_settimanale\\\/\"]},{\"@type\":\"Person\",\"@id\":\"https:\\\/\\\/www.ilnotiziario.net\\\/wp\\\/#\\\/schema\\\/person\\\/386e222908f898bb41c033989482bbf2\",\"name\":\"Gabriele Bassani\",\"image\":{\"@type\":\"ImageObject\",\"inLanguage\":\"it-IT\",\"@id\":\"https:\\\/\\\/secure.gravatar.com\\\/avatar\\\/09274f4a84fa97698bde56f84b3afed61c8492d48b0550db9671b68c177479cb?s=96&d=mm&r=g\",\"url\":\"https:\\\/\\\/secure.gravatar.com\\\/avatar\\\/09274f4a84fa97698bde56f84b3afed61c8492d48b0550db9671b68c177479cb?s=96&d=mm&r=g\",\"contentUrl\":\"https:\\\/\\\/secure.gravatar.com\\\/avatar\\\/09274f4a84fa97698bde56f84b3afed61c8492d48b0550db9671b68c177479cb?s=96&d=mm&r=g\",\"caption\":\"Gabriele Bassani\"},\"sameAs\":[\"http:\\\/\\\/www.ilnotiziario.net\"]}]}<\/script>\n<!-- \/ Yoast SEO plugin. -->","yoast_head_json":{"title":"L\u2019uomo deve saper usare il martello - Il Notiziario","description":"Forse gli uomini di oggi sono sempre pi\u00f9 apparenza (e selfie) e meno sostanza e quando si trovano ad affrontare i problemi grossi in famiglia, non sempre ne sono all\u2019altezza","robots":{"index":"index","follow":"follow","max-snippet":"max-snippet:-1","max-image-preview":"max-image-preview:large","max-video-preview":"max-video-preview:-1"},"canonical":"https:\/\/www.ilnotiziario.net\/wp\/editoriali\/luomo-deve-saper-usare-il-martello\/","og_locale":"it_IT","og_type":"article","og_title":"L\u2019uomo deve saper usare il martello - Il Notiziario","og_description":"Forse gli uomini di oggi sono sempre pi\u00f9 apparenza (e selfie) e meno sostanza e quando si trovano ad affrontare i problemi grossi in famiglia, non sempre ne sono all\u2019altezza","og_url":"https:\/\/www.ilnotiziario.net\/wp\/editoriali\/luomo-deve-saper-usare-il-martello\/","og_site_name":"Il Notiziario","article_publisher":"https:\/\/www.facebook.com\/ilnotiziarioind\/","article_published_time":"2018-05-17T06:58:29+00:00","og_image":[{"width":205,"height":205,"url":"https:\/\/www.ilnotiziario.net\/wp\/wp-content\/uploads\/2017\/07\/LogoNotiziarioApp205x205.jpg","type":"image\/jpeg"}],"author":"Gabriele Bassani","twitter_card":"summary_large_image","twitter_creator":"@ilNotiziarioInd","twitter_site":"@ilNotiziarioInd","twitter_misc":{"Scritto da":"Gabriele Bassani","Tempo di lettura stimato":"1 minuto"},"schema":{"@context":"https:\/\/schema.org","@graph":[{"@type":"Article","@id":"https:\/\/www.ilnotiziario.net\/wp\/editoriali\/luomo-deve-saper-usare-il-martello\/#article","isPartOf":{"@id":"https:\/\/www.ilnotiziario.net\/wp\/editoriali\/luomo-deve-saper-usare-il-martello\/"},"author":{"name":"Gabriele Bassani","@id":"https:\/\/www.ilnotiziario.net\/wp\/#\/schema\/person\/386e222908f898bb41c033989482bbf2"},"headline":"L\u2019uomo deve saper usare il martello","datePublished":"2018-05-17T06:58:29+00:00","mainEntityOfPage":{"@id":"https:\/\/www.ilnotiziario.net\/wp\/editoriali\/luomo-deve-saper-usare-il-martello\/"},"wordCount":275,"publisher":{"@id":"https:\/\/www.ilnotiziario.net\/wp\/#organization"},"image":{"@id":"https:\/\/www.ilnotiziario.net\/wp\/editoriali\/luomo-deve-saper-usare-il-martello\/#primaryimage"},"thumbnailUrl":"https:\/\/www.ilnotiziario.net\/wp\/wp-content\/uploads\/2017\/07\/LogoNotiziarioApp205x205.jpg","keywords":["editoriale","martello","Uboldi","uomini"],"articleSection":["EDITORIALI"],"inLanguage":"it-IT"},{"@type":"WebPage","@id":"https:\/\/www.ilnotiziario.net\/wp\/editoriali\/luomo-deve-saper-usare-il-martello\/","url":"https:\/\/www.ilnotiziario.net\/wp\/editoriali\/luomo-deve-saper-usare-il-martello\/","name":"L\u2019uomo deve saper usare il martello - Il Notiziario","isPartOf":{"@id":"https:\/\/www.ilnotiziario.net\/wp\/#website"},"primaryImageOfPage":{"@id":"https:\/\/www.ilnotiziario.net\/wp\/editoriali\/luomo-deve-saper-usare-il-martello\/#primaryimage"},"image":{"@id":"https:\/\/www.ilnotiziario.net\/wp\/editoriali\/luomo-deve-saper-usare-il-martello\/#primaryimage"},"thumbnailUrl":"https:\/\/www.ilnotiziario.net\/wp\/wp-content\/uploads\/2017\/07\/LogoNotiziarioApp205x205.jpg","datePublished":"2018-05-17T06:58:29+00:00","description":"Forse gli uomini di oggi sono sempre pi\u00f9 apparenza (e selfie) e meno sostanza e quando si trovano ad affrontare i problemi grossi in famiglia, non sempre ne sono all\u2019altezza","breadcrumb":{"@id":"https:\/\/www.ilnotiziario.net\/wp\/editoriali\/luomo-deve-saper-usare-il-martello\/#breadcrumb"},"inLanguage":"it-IT","potentialAction":[{"@type":"ReadAction","target":["https:\/\/www.ilnotiziario.net\/wp\/editoriali\/luomo-deve-saper-usare-il-martello\/"]}]},{"@type":"ImageObject","inLanguage":"it-IT","@id":"https:\/\/www.ilnotiziario.net\/wp\/editoriali\/luomo-deve-saper-usare-il-martello\/#primaryimage","url":"https:\/\/www.ilnotiziario.net\/wp\/wp-content\/uploads\/2017\/07\/LogoNotiziarioApp205x205.jpg","contentUrl":"https:\/\/www.ilnotiziario.net\/wp\/wp-content\/uploads\/2017\/07\/LogoNotiziarioApp205x205.jpg","width":205,"height":205,"caption":"notiziario"},{"@type":"BreadcrumbList","@id":"https:\/\/www.ilnotiziario.net\/wp\/editoriali\/luomo-deve-saper-usare-il-martello\/#breadcrumb","itemListElement":[{"@type":"ListItem","position":1,"name":"tds_text_logo_tagline_colortds_text_logo_tagline_colortds_text_logo_tagline_colortds_text_logo_tagline_colortd_module_7_title_excerpttd_module_7_title_excerpttd_module_7_title_excerpttd_module_7_title_excerptHome","item":"https:\/\/www.ilnotiziario.net\/wp\/"},{"@type":"ListItem","position":2,"name":"L\u2019uomo deve saper usare il martello"}]},{"@type":"WebSite","@id":"https:\/\/www.ilnotiziario.net\/wp\/#website","url":"https:\/\/www.ilnotiziario.net\/wp\/","name":"Il Notiziario","description":"Per restare sempre connessi alla notizia","publisher":{"@id":"https:\/\/www.ilnotiziario.net\/wp\/#organization"},"alternateName":"Il Notiziario Bollate","potentialAction":[{"@type":"SearchAction","target":{"@type":"EntryPoint","urlTemplate":"https:\/\/www.ilnotiziario.net\/wp\/?s={search_term_string}"},"query-input":{"@type":"PropertyValueSpecification","valueRequired":true,"valueName":"search_term_string"}}],"inLanguage":"it-IT"},{"@type":"Organization","@id":"https:\/\/www.ilnotiziario.net\/wp\/#organization","name":"Il Notiziario","url":"https:\/\/www.ilnotiziario.net\/wp\/","logo":{"@type":"ImageObject","inLanguage":"it-IT","@id":"https:\/\/www.ilnotiziario.net\/wp\/#\/schema\/logo\/image\/","url":"https:\/\/www.ilnotiziario.net\/wp\/wp-content\/uploads\/2022\/06\/170x170ilN.png","contentUrl":"https:\/\/www.ilnotiziario.net\/wp\/wp-content\/uploads\/2022\/06\/170x170ilN.png","width":355,"height":355,"caption":"Il Notiziario"},"image":{"@id":"https:\/\/www.ilnotiziario.net\/wp\/#\/schema\/logo\/image\/"},"sameAs":["https:\/\/www.facebook.com\/ilnotiziarioind\/","https:\/\/x.com\/ilNotiziarioInd","https:\/\/www.instagram.com\/ilnotiziario_settimanale\/"]},{"@type":"Person","@id":"https:\/\/www.ilnotiziario.net\/wp\/#\/schema\/person\/386e222908f898bb41c033989482bbf2","name":"Gabriele Bassani","image":{"@type":"ImageObject","inLanguage":"it-IT","@id":"https:\/\/secure.gravatar.com\/avatar\/09274f4a84fa97698bde56f84b3afed61c8492d48b0550db9671b68c177479cb?s=96&d=mm&r=g","url":"https:\/\/secure.gravatar.com\/avatar\/09274f4a84fa97698bde56f84b3afed61c8492d48b0550db9671b68c177479cb?s=96&d=mm&r=g","contentUrl":"https:\/\/secure.gravatar.com\/avatar\/09274f4a84fa97698bde56f84b3afed61c8492d48b0550db9671b68c177479cb?s=96&d=mm&r=g","caption":"Gabriele Bassani"},"sameAs":["http:\/\/www.ilnotiziario.net"]}]}},"_links":{"self":[{"href":"https:\/\/www.ilnotiziario.net\/wp\/wp-json\/wp\/v2\/posts\/26005","targetHints":{"allow":["GET"]}}],"collection":[{"href":"https:\/\/www.ilnotiziario.net\/wp\/wp-json\/wp\/v2\/posts"}],"about":[{"href":"https:\/\/www.ilnotiziario.net\/wp\/wp-json\/wp\/v2\/types\/post"}],"author":[{"embeddable":true,"href":"https:\/\/www.ilnotiziario.net\/wp\/wp-json\/wp\/v2\/users\/3"}],"replies":[{"embeddable":true,"href":"https:\/\/www.ilnotiziario.net\/wp\/wp-json\/wp\/v2\/comments?post=26005"}],"version-history":[{"count":0,"href":"https:\/\/www.ilnotiziario.net\/wp\/wp-json\/wp\/v2\/posts\/26005\/revisions"}],"wp:featuredmedia":[{"embeddable":true,"href":"https:\/\/www.ilnotiziario.net\/wp\/wp-json\/wp\/v2\/media\/17935"}],"wp:attachment":[{"href":"https:\/\/www.ilnotiziario.net\/wp\/wp-json\/wp\/v2\/media?parent=26005"}],"wp:term":[{"taxonomy":"category","embeddable":true,"href":"https:\/\/www.ilnotiziario.net\/wp\/wp-json\/wp\/v2\/categories?post=26005"},{"taxonomy":"post_tag","embeddable":true,"href":"https:\/\/www.ilnotiziario.net\/wp\/wp-json\/wp\/v2\/tags?post=26005"}],"curies":[{"name":"wp","href":"https:\/\/api.w.org\/{rel}","templated":true}]}}