{"id":26552,"date":"2018-06-06T09:01:41","date_gmt":"2018-06-06T07:01:41","guid":{"rendered":"http:\/\/www.ilnotiziario.net\/?p=26552"},"modified":"2018-06-06T09:01:41","modified_gmt":"2018-06-06T07:01:41","slug":"bimbi-dimenticati-in-auto-arrivano-i-seggiolini-salvabebe","status":"publish","type":"post","link":"https:\/\/www.ilnotiziario.net\/wp\/buonoasapersi\/bimbi-dimenticati-in-auto-arrivano-i-seggiolini-salvabebe\/","title":{"rendered":"Bimbi dimenticati in auto? arrivano i seggiolini salvabeb\u00e8"},"content":{"rendered":"<p><img fetchpriority=\"high\" decoding=\"async\" class=\"size-medium wp-image-26553\" src=\"http:\/\/www.ilnotiziario.net\/wp\/wp-content\/uploads\/2018\/06\/women-clipping-baby-in-copy-300x200.jpg\" alt=\"\" height=\"200\" width=\"300\" srcset=\"https:\/\/www.ilnotiziario.net\/wp\/wp-content\/uploads\/2018\/06\/women-clipping-baby-in-copy-300x200.jpg 300w, https:\/\/www.ilnotiziario.net\/wp\/wp-content\/uploads\/2018\/06\/women-clipping-baby-in-copy-768x511.jpg 768w, https:\/\/www.ilnotiziario.net\/wp\/wp-content\/uploads\/2018\/06\/women-clipping-baby-in-copy-560x373.jpg 560w, https:\/\/www.ilnotiziario.net\/wp\/wp-content\/uploads\/2018\/06\/women-clipping-baby-in-copy.jpg 885w\" sizes=\"(max-width: 300px) 100vw, 300px\" \/><\/p>\n<p>Con l&#8217;arrivo dell&#8217;estate e delle temperature elevate si ripropone lo scottante argomento dei bambini dimenticati in auto sotto il sole e delle drammatiche, e fatali, conseguenze che questi terribili episodi comportano.<\/p><div id=\"ilnot-824613622\" class=\"ilnot-contenuto ilnot-entity-placement\"><p><!-- incontent_1 --><\/p>\n<div class=\"gptslot\" data-adunitid=\"1\"><\/div>\n<\/div>\n<p>Anche se fortunatamente non si tratta certo di fenomeni all&#8217;ordine del giorno, i fatti di cronaca che si sono verificati in passato, hanno profondamente colpito l&#8217;opinione pubblica.<\/p>\n<p>L&#8217;ultimo episodio ha riguardato una bimba di 7 mesi, \u201cdimenticata\u201d in auto dal padre, in provincia di Pisa.<\/p><div id=\"ilnot-2476505426\" class=\"ilnot-contenuto_2 ilnot-entity-placement\"><div class=\"ads-wrapper\">\n<div class=\"ad-slot\">\n   <div id=\"ilnot-3339626242\" style=\"margin-right: auto;margin-left: auto;text-align: center;width: 320px;height: 100px;\"><a href=\"https:\/\/www.scuolasicurezza.it\/\"><img decoding=\"async\" src=\"https:\/\/www.ilnotiziario.net\/wp\/wp-content\/uploads\/2026\/04\/IlNotiziario_banner-sito-e-newsletter-320-x-100-px-1.gif\" alt=\"\"><\/a><\/div>\n  <\/div>\n<div class=\"ad-slot\">\n   <div id=\"ilnot-2179920946\" style=\"margin-right: auto;margin-left: auto;text-align: center;width: 320px;height: 100px;\"><a href=\"https:\/\/purodesignarredamenti.com\/\"><img decoding=\"async\" src=\"https:\/\/www.ilnotiziario.net\/wp\/wp-content\/uploads\/2026\/04\/banner-puro-ok.gif\" alt=\"whatsapp\"><\/a><\/div><\/p><\/div>\n<\/div>\n<\/div>\n<p>Questi veri e propri drammi, che hanno distrutto la vita di molte famiglie, hanno fatto si che alcune aziende si siano occupate di mettere a punto appositi sistemi di sicurezza, da installare in auto, per scongiurare queste tragedie.<\/p>\n<h2>\nArrivano dunque i primi seggiolini dotati di sistemi di sicurezza, mentre una proposta di legge per l\u2019introduzione di dispositivi salvabeb\u00e8 \u00e8 stata ripresentata alla Camera e al Senato.<\/h2>\n<p>Al momento, in assenza di disposizioni di legge, a muoversi \u00e8 stato invece un colosso dei prodotti per neonati e bambini, la Chicco Arsana.<\/p>\n<p>Dopo mesi di sperimentazione e messa a punto, in collaborazione con Samsung, stanno per essere lanciati sul mercato i primi due seggiolini per auto dotati di sensori &#8220;Beb\u00e8Care&#8221; integrati e collegati ad una specifica app. Per poterli utilizzare, oltre all&#8217;apposito seggiolino, bisogner\u00e0 avere uno smartphone dove installare un&#8217;apposita app. Nella prima fase l\u2019app sar\u00e0 solo per i Samsung, ma da novembre dovrebbe essere disponibile per tutti i dispositivi Android e iOs.<br \/>\nMa come funzionano questi nuovi dispositivi?<br \/>\nBaster\u00e0 connettere il seggiolino auto Chicco all\u2019app Beb\u00e8Care, scaricabile gratuitamente e disponibile su store e device Samsung.<\/p><div id=\"ilnot-3831157383\" class=\"ilnot-contenuto_2-2 ilnot-entity-placement\"><div class=\"gptslot\" data-adunitid=\"2\"><\/div>\n<\/div>\n<p>Il sistema si attiva dopo alcuni secondi dal momento in cui il bambino viene posizionato sul seggiolino, segnalando la presenza a bordo auto attraverso l\u2019applicazione dedicata. La app \u00e8 gratuita, e una volta scaricata sul proprio smartphone Samsung, bisogner\u00e0 creare un \u201caccount famiglia\u201d e inserire i dati richiesti, tra cui anche i numeri di emergenza (da 1 ad un massimo di 5) ai quali verr\u00e0 inviato un sms in caso di emergenza. Successivamente si deve associare il seggiolino Beb\u00e8Care al proprio \u201caccount famiglia\u201d, tramite il Qr code stampato sull\u2019etichetta di omologazione.<br \/>\nIl sistema prevede due gradi per la segnalazione dell&#8217;eventuale situazione a rischio: quando lo smartphone su cui \u00e8 stata scaricata l\u2019app Beb\u00e8Care si allontana dall\u2019auto su cui c\u2019\u00e8 il seggiolino con il bambino a bordo, l\u2019app stessa invia al cellulare un allarme acustico e visivo che \u00e8 possibile silenziare entro 40 secondi.<\/p>\n<p>Il secondo livello di sicurezza prevede invece che, se l&#8217;allarme non viene silanziato allo scadere dei 40 secondi (cosa che fa intendere che il genitore o l&#8217;adulto che accompagna il bambino non l&#8217;ha udito), l\u2019app mander\u00e0 un sms a tutti i numeri di emergenza registrati nell\u2019account famiglia, con le indicazioni utili a geolocalizzare l\u2019area nella quale si trovano ovetto e bimbo, dando la possibilit\u00e0 a cinque persone di attivarsi tempestivamente per scongiurare il peggio.<br \/>\nL&#8217;idea \u00e8 certamente molto interessante, anche se, \u00e8 chiaro, ha anche finalit\u00e0 commerciali.<br \/>\nIn molti si sono chiesti se non si possa intervenire anche a livello legislativo.<\/p>\n<p>In realt\u00e0 nella scorsa legislatura alcuni deputati avevano presentato una proposta di legge a tema, suggerendo di inserire nel Codice della strada un\u2019aggiunta: rendere obbligatoria l\u2019installazione di un dispositivo d\u2019allarme per segnalare la presenza di un bimbo nell\u2019ovetto ancorato ai sedili posteriori di una macchina. Si accennava anche all\u2019esistenza di un congegno ideato da un gruppo di studenti aretini e brevettato in Italia, cio\u00e8 \u201cun dispositivo che scatta quando si spegne il motore e si chiude la portiera dell&#8217;automobile.<\/p><div id=\"ilnot-3362695508\" class=\"ilnot-contenuto_2-2-2 ilnot-entity-placement\"><div class=\"gptslot\" data-adunitid=\"3\"><\/div>\n<\/div>\n<p>Poi naturalmente non se n&#8217;\u00e8 fatto pi\u00f9 nulla, nonostante gli impegni, ribaditi dopo la penultima tragedia.<br \/>\nUn disegno di legge simile, firmato da appartenenti a una formazione politica opposta, \u00e8 stato riproposto alla Camera e al Senato. Si intitola \u201cintroduzione dell&#8217;obbligo di un dispositivo acustico e luminoso collegato ai sistemi di ritenuta per bambini\u201d.<\/p>\n<p>Ma, ancora una volta, vista la situazione politica italiana, tutto si \u00e8 arenato nuovamente.<\/p>\n","protected":false},"excerpt":{"rendered":"<p>Con l&#8217;arrivo dell&#8217;estate e delle temperature elevate si ripropone lo scottante argomento dei bambini dimenticati in auto sotto il sole e delle drammatiche, e fatali, conseguenze che questi terribili episodi comportano. Anche se fortunatamente non si tratta certo di fenomeni all&#8217;ordine del giorno, i fatti di cronaca che si sono verificati in passato, hanno profondamente<\/p>\n","protected":false},"author":14,"featured_media":26553,"comment_status":"closed","ping_status":"closed","sticky":false,"template":"","format":"standard","meta":{"footnotes":""},"categories":[4193],"tags":[323,1666,5283,5284,5282],"class_list":{"0":"post-26552","1":"post","2":"type-post","3":"status-publish","4":"format-standard","5":"has-post-thumbnail","7":"category-buonoasapersi","8":"tag-auto","9":"tag-bambini","10":"tag-bebe","11":"tag-dispositivi","12":"tag-seggiolini"},"yoast_head":"<!-- This site is optimized with the Yoast SEO plugin v27.4 - https:\/\/yoast.com\/product\/yoast-seo-wordpress\/ -->\n<title>Bimbi dimenticati in auto? arrivano i seggiolini salvabeb\u00e8 - Il Notiziario<\/title>\n<meta name=\"description\" content=\"L&#039;ultimo episodio, dalle conseguenze drammatiche, ha riguardato una bimba di 7 mesi, \u201cdimenticata\u201d in auto dal padre, in provincia di Pisa.\" \/>\n<meta name=\"robots\" content=\"index, follow, max-snippet:-1, max-image-preview:large, max-video-preview:-1\" \/>\n<link rel=\"canonical\" href=\"https:\/\/www.ilnotiziario.net\/wp\/buonoasapersi\/bimbi-dimenticati-in-auto-arrivano-i-seggiolini-salvabebe\/\" \/>\n<meta property=\"og:locale\" content=\"it_IT\" \/>\n<meta property=\"og:type\" content=\"article\" \/>\n<meta property=\"og:title\" content=\"Bimbi dimenticati in auto? arrivano i seggiolini salvabeb\u00e8 - Il Notiziario\" \/>\n<meta property=\"og:description\" content=\"L&#039;ultimo episodio, dalle conseguenze drammatiche, ha riguardato una bimba di 7 mesi, \u201cdimenticata\u201d in auto dal padre, in provincia di Pisa.\" \/>\n<meta property=\"og:url\" content=\"https:\/\/www.ilnotiziario.net\/wp\/buonoasapersi\/bimbi-dimenticati-in-auto-arrivano-i-seggiolini-salvabebe\/\" \/>\n<meta property=\"og:site_name\" content=\"Il Notiziario\" \/>\n<meta property=\"article:publisher\" content=\"https:\/\/www.facebook.com\/ilnotiziarioind\/\" \/>\n<meta property=\"article:published_time\" content=\"2018-06-06T07:01:41+00:00\" \/>\n<meta property=\"og:image\" content=\"https:\/\/www.ilnotiziario.net\/wp\/wp-content\/uploads\/2018\/06\/women-clipping-baby-in-copy.jpg\" \/>\n\t<meta property=\"og:image:width\" content=\"885\" \/>\n\t<meta property=\"og:image:height\" content=\"589\" \/>\n\t<meta property=\"og:image:type\" content=\"image\/jpeg\" \/>\n<meta name=\"author\" content=\"Silvia Citterio\" \/>\n<meta name=\"twitter:card\" content=\"summary_large_image\" \/>\n<meta name=\"twitter:creator\" content=\"@ilNotiziarioInd\" \/>\n<meta name=\"twitter:site\" content=\"@ilNotiziarioInd\" \/>\n<meta name=\"twitter:label1\" content=\"Scritto da\" \/>\n\t<meta name=\"twitter:data1\" content=\"Silvia Citterio\" \/>\n\t<meta name=\"twitter:label2\" content=\"Tempo di lettura stimato\" \/>\n\t<meta name=\"twitter:data2\" content=\"3 minuti\" \/>\n<script type=\"application\/ld+json\" class=\"yoast-schema-graph\">{\"@context\":\"https:\\\/\\\/schema.org\",\"@graph\":[{\"@type\":\"Article\",\"@id\":\"https:\\\/\\\/www.ilnotiziario.net\\\/wp\\\/buonoasapersi\\\/bimbi-dimenticati-in-auto-arrivano-i-seggiolini-salvabebe\\\/#article\",\"isPartOf\":{\"@id\":\"https:\\\/\\\/www.ilnotiziario.net\\\/wp\\\/buonoasapersi\\\/bimbi-dimenticati-in-auto-arrivano-i-seggiolini-salvabebe\\\/\"},\"author\":{\"name\":\"Silvia Citterio\",\"@id\":\"https:\\\/\\\/www.ilnotiziario.net\\\/wp\\\/#\\\/schema\\\/person\\\/c5bca2edc3d99d29959f04a6126f687b\"},\"headline\":\"Bimbi dimenticati in auto? arrivano i seggiolini salvabeb\u00e8\",\"datePublished\":\"2018-06-06T07:01:41+00:00\",\"mainEntityOfPage\":{\"@id\":\"https:\\\/\\\/www.ilnotiziario.net\\\/wp\\\/buonoasapersi\\\/bimbi-dimenticati-in-auto-arrivano-i-seggiolini-salvabebe\\\/\"},\"wordCount\":679,\"publisher\":{\"@id\":\"https:\\\/\\\/www.ilnotiziario.net\\\/wp\\\/#organization\"},\"image\":{\"@id\":\"https:\\\/\\\/www.ilnotiziario.net\\\/wp\\\/buonoasapersi\\\/bimbi-dimenticati-in-auto-arrivano-i-seggiolini-salvabebe\\\/#primaryimage\"},\"thumbnailUrl\":\"https:\\\/\\\/www.ilnotiziario.net\\\/wp\\\/wp-content\\\/uploads\\\/2018\\\/06\\\/women-clipping-baby-in-copy.jpg\",\"keywords\":[\"auto\",\"bambini\",\"beb\u00e8\",\"dispositivi\",\"seggiolini\"],\"articleSection\":[\"BUONO A SAPERSI\"],\"inLanguage\":\"it-IT\"},{\"@type\":\"WebPage\",\"@id\":\"https:\\\/\\\/www.ilnotiziario.net\\\/wp\\\/buonoasapersi\\\/bimbi-dimenticati-in-auto-arrivano-i-seggiolini-salvabebe\\\/\",\"url\":\"https:\\\/\\\/www.ilnotiziario.net\\\/wp\\\/buonoasapersi\\\/bimbi-dimenticati-in-auto-arrivano-i-seggiolini-salvabebe\\\/\",\"name\":\"Bimbi dimenticati in auto? arrivano i seggiolini salvabeb\u00e8 - Il Notiziario\",\"isPartOf\":{\"@id\":\"https:\\\/\\\/www.ilnotiziario.net\\\/wp\\\/#website\"},\"primaryImageOfPage\":{\"@id\":\"https:\\\/\\\/www.ilnotiziario.net\\\/wp\\\/buonoasapersi\\\/bimbi-dimenticati-in-auto-arrivano-i-seggiolini-salvabebe\\\/#primaryimage\"},\"image\":{\"@id\":\"https:\\\/\\\/www.ilnotiziario.net\\\/wp\\\/buonoasapersi\\\/bimbi-dimenticati-in-auto-arrivano-i-seggiolini-salvabebe\\\/#primaryimage\"},\"thumbnailUrl\":\"https:\\\/\\\/www.ilnotiziario.net\\\/wp\\\/wp-content\\\/uploads\\\/2018\\\/06\\\/women-clipping-baby-in-copy.jpg\",\"datePublished\":\"2018-06-06T07:01:41+00:00\",\"description\":\"L'ultimo episodio, dalle conseguenze drammatiche, ha riguardato una bimba di 7 mesi, \u201cdimenticata\u201d in auto dal padre, in provincia di Pisa.\",\"breadcrumb\":{\"@id\":\"https:\\\/\\\/www.ilnotiziario.net\\\/wp\\\/buonoasapersi\\\/bimbi-dimenticati-in-auto-arrivano-i-seggiolini-salvabebe\\\/#breadcrumb\"},\"inLanguage\":\"it-IT\",\"potentialAction\":[{\"@type\":\"ReadAction\",\"target\":[\"https:\\\/\\\/www.ilnotiziario.net\\\/wp\\\/buonoasapersi\\\/bimbi-dimenticati-in-auto-arrivano-i-seggiolini-salvabebe\\\/\"]}]},{\"@type\":\"ImageObject\",\"inLanguage\":\"it-IT\",\"@id\":\"https:\\\/\\\/www.ilnotiziario.net\\\/wp\\\/buonoasapersi\\\/bimbi-dimenticati-in-auto-arrivano-i-seggiolini-salvabebe\\\/#primaryimage\",\"url\":\"https:\\\/\\\/www.ilnotiziario.net\\\/wp\\\/wp-content\\\/uploads\\\/2018\\\/06\\\/women-clipping-baby-in-copy.jpg\",\"contentUrl\":\"https:\\\/\\\/www.ilnotiziario.net\\\/wp\\\/wp-content\\\/uploads\\\/2018\\\/06\\\/women-clipping-baby-in-copy.jpg\",\"width\":885,\"height\":589,\"caption\":\"ee831e5e-e153-4868-9692-128c0933419b\"},{\"@type\":\"BreadcrumbList\",\"@id\":\"https:\\\/\\\/www.ilnotiziario.net\\\/wp\\\/buonoasapersi\\\/bimbi-dimenticati-in-auto-arrivano-i-seggiolini-salvabebe\\\/#breadcrumb\",\"itemListElement\":[{\"@type\":\"ListItem\",\"position\":1,\"name\":\"tds_text_logo_tagline_colortds_text_logo_tagline_colortds_text_logo_tagline_colortds_text_logo_tagline_colortd_module_7_title_excerpttd_module_7_title_excerpttd_module_7_title_excerpttd_module_7_title_excerptHome\",\"item\":\"https:\\\/\\\/www.ilnotiziario.net\\\/wp\\\/\"},{\"@type\":\"ListItem\",\"position\":2,\"name\":\"Bimbi dimenticati in auto? arrivano i seggiolini salvabeb\u00e8\"}]},{\"@type\":\"WebSite\",\"@id\":\"https:\\\/\\\/www.ilnotiziario.net\\\/wp\\\/#website\",\"url\":\"https:\\\/\\\/www.ilnotiziario.net\\\/wp\\\/\",\"name\":\"Il Notiziario\",\"description\":\"Per restare sempre connessi alla notizia\",\"publisher\":{\"@id\":\"https:\\\/\\\/www.ilnotiziario.net\\\/wp\\\/#organization\"},\"alternateName\":\"Il Notiziario Bollate\",\"potentialAction\":[{\"@type\":\"SearchAction\",\"target\":{\"@type\":\"EntryPoint\",\"urlTemplate\":\"https:\\\/\\\/www.ilnotiziario.net\\\/wp\\\/?s={search_term_string}\"},\"query-input\":{\"@type\":\"PropertyValueSpecification\",\"valueRequired\":true,\"valueName\":\"search_term_string\"}}],\"inLanguage\":\"it-IT\"},{\"@type\":\"Organization\",\"@id\":\"https:\\\/\\\/www.ilnotiziario.net\\\/wp\\\/#organization\",\"name\":\"Il Notiziario\",\"url\":\"https:\\\/\\\/www.ilnotiziario.net\\\/wp\\\/\",\"logo\":{\"@type\":\"ImageObject\",\"inLanguage\":\"it-IT\",\"@id\":\"https:\\\/\\\/www.ilnotiziario.net\\\/wp\\\/#\\\/schema\\\/logo\\\/image\\\/\",\"url\":\"https:\\\/\\\/www.ilnotiziario.net\\\/wp\\\/wp-content\\\/uploads\\\/2022\\\/06\\\/170x170ilN.png\",\"contentUrl\":\"https:\\\/\\\/www.ilnotiziario.net\\\/wp\\\/wp-content\\\/uploads\\\/2022\\\/06\\\/170x170ilN.png\",\"width\":355,\"height\":355,\"caption\":\"Il Notiziario\"},\"image\":{\"@id\":\"https:\\\/\\\/www.ilnotiziario.net\\\/wp\\\/#\\\/schema\\\/logo\\\/image\\\/\"},\"sameAs\":[\"https:\\\/\\\/www.facebook.com\\\/ilnotiziarioind\\\/\",\"https:\\\/\\\/x.com\\\/ilNotiziarioInd\",\"https:\\\/\\\/www.instagram.com\\\/ilnotiziario_settimanale\\\/\"]},{\"@type\":\"Person\",\"@id\":\"https:\\\/\\\/www.ilnotiziario.net\\\/wp\\\/#\\\/schema\\\/person\\\/c5bca2edc3d99d29959f04a6126f687b\",\"name\":\"Silvia Citterio\",\"image\":{\"@type\":\"ImageObject\",\"inLanguage\":\"it-IT\",\"@id\":\"https:\\\/\\\/secure.gravatar.com\\\/avatar\\\/03eb19c63b944e79a9b5ce53ca5d1ca303edcf368a68721ec3ccaae7f98c5afd?s=96&d=mm&r=g\",\"url\":\"https:\\\/\\\/secure.gravatar.com\\\/avatar\\\/03eb19c63b944e79a9b5ce53ca5d1ca303edcf368a68721ec3ccaae7f98c5afd?s=96&d=mm&r=g\",\"contentUrl\":\"https:\\\/\\\/secure.gravatar.com\\\/avatar\\\/03eb19c63b944e79a9b5ce53ca5d1ca303edcf368a68721ec3ccaae7f98c5afd?s=96&d=mm&r=g\",\"caption\":\"Silvia Citterio\"}}]}<\/script>\n<!-- \/ Yoast SEO plugin. -->","yoast_head_json":{"title":"Bimbi dimenticati in auto? arrivano i seggiolini salvabeb\u00e8 - Il Notiziario","description":"L'ultimo episodio, dalle conseguenze drammatiche, ha riguardato una bimba di 7 mesi, \u201cdimenticata\u201d in auto dal padre, in provincia di Pisa.","robots":{"index":"index","follow":"follow","max-snippet":"max-snippet:-1","max-image-preview":"max-image-preview:large","max-video-preview":"max-video-preview:-1"},"canonical":"https:\/\/www.ilnotiziario.net\/wp\/buonoasapersi\/bimbi-dimenticati-in-auto-arrivano-i-seggiolini-salvabebe\/","og_locale":"it_IT","og_type":"article","og_title":"Bimbi dimenticati in auto? arrivano i seggiolini salvabeb\u00e8 - Il Notiziario","og_description":"L'ultimo episodio, dalle conseguenze drammatiche, ha riguardato una bimba di 7 mesi, \u201cdimenticata\u201d in auto dal padre, in provincia di Pisa.","og_url":"https:\/\/www.ilnotiziario.net\/wp\/buonoasapersi\/bimbi-dimenticati-in-auto-arrivano-i-seggiolini-salvabebe\/","og_site_name":"Il Notiziario","article_publisher":"https:\/\/www.facebook.com\/ilnotiziarioind\/","article_published_time":"2018-06-06T07:01:41+00:00","og_image":[{"width":885,"height":589,"url":"https:\/\/www.ilnotiziario.net\/wp\/wp-content\/uploads\/2018\/06\/women-clipping-baby-in-copy.jpg","type":"image\/jpeg"}],"author":"Silvia Citterio","twitter_card":"summary_large_image","twitter_creator":"@ilNotiziarioInd","twitter_site":"@ilNotiziarioInd","twitter_misc":{"Scritto da":"Silvia Citterio","Tempo di lettura stimato":"3 minuti"},"schema":{"@context":"https:\/\/schema.org","@graph":[{"@type":"Article","@id":"https:\/\/www.ilnotiziario.net\/wp\/buonoasapersi\/bimbi-dimenticati-in-auto-arrivano-i-seggiolini-salvabebe\/#article","isPartOf":{"@id":"https:\/\/www.ilnotiziario.net\/wp\/buonoasapersi\/bimbi-dimenticati-in-auto-arrivano-i-seggiolini-salvabebe\/"},"author":{"name":"Silvia Citterio","@id":"https:\/\/www.ilnotiziario.net\/wp\/#\/schema\/person\/c5bca2edc3d99d29959f04a6126f687b"},"headline":"Bimbi dimenticati in auto? arrivano i seggiolini salvabeb\u00e8","datePublished":"2018-06-06T07:01:41+00:00","mainEntityOfPage":{"@id":"https:\/\/www.ilnotiziario.net\/wp\/buonoasapersi\/bimbi-dimenticati-in-auto-arrivano-i-seggiolini-salvabebe\/"},"wordCount":679,"publisher":{"@id":"https:\/\/www.ilnotiziario.net\/wp\/#organization"},"image":{"@id":"https:\/\/www.ilnotiziario.net\/wp\/buonoasapersi\/bimbi-dimenticati-in-auto-arrivano-i-seggiolini-salvabebe\/#primaryimage"},"thumbnailUrl":"https:\/\/www.ilnotiziario.net\/wp\/wp-content\/uploads\/2018\/06\/women-clipping-baby-in-copy.jpg","keywords":["auto","bambini","beb\u00e8","dispositivi","seggiolini"],"articleSection":["BUONO A SAPERSI"],"inLanguage":"it-IT"},{"@type":"WebPage","@id":"https:\/\/www.ilnotiziario.net\/wp\/buonoasapersi\/bimbi-dimenticati-in-auto-arrivano-i-seggiolini-salvabebe\/","url":"https:\/\/www.ilnotiziario.net\/wp\/buonoasapersi\/bimbi-dimenticati-in-auto-arrivano-i-seggiolini-salvabebe\/","name":"Bimbi dimenticati in auto? arrivano i seggiolini salvabeb\u00e8 - Il Notiziario","isPartOf":{"@id":"https:\/\/www.ilnotiziario.net\/wp\/#website"},"primaryImageOfPage":{"@id":"https:\/\/www.ilnotiziario.net\/wp\/buonoasapersi\/bimbi-dimenticati-in-auto-arrivano-i-seggiolini-salvabebe\/#primaryimage"},"image":{"@id":"https:\/\/www.ilnotiziario.net\/wp\/buonoasapersi\/bimbi-dimenticati-in-auto-arrivano-i-seggiolini-salvabebe\/#primaryimage"},"thumbnailUrl":"https:\/\/www.ilnotiziario.net\/wp\/wp-content\/uploads\/2018\/06\/women-clipping-baby-in-copy.jpg","datePublished":"2018-06-06T07:01:41+00:00","description":"L'ultimo episodio, dalle conseguenze drammatiche, ha riguardato una bimba di 7 mesi, \u201cdimenticata\u201d in auto dal padre, in provincia di Pisa.","breadcrumb":{"@id":"https:\/\/www.ilnotiziario.net\/wp\/buonoasapersi\/bimbi-dimenticati-in-auto-arrivano-i-seggiolini-salvabebe\/#breadcrumb"},"inLanguage":"it-IT","potentialAction":[{"@type":"ReadAction","target":["https:\/\/www.ilnotiziario.net\/wp\/buonoasapersi\/bimbi-dimenticati-in-auto-arrivano-i-seggiolini-salvabebe\/"]}]},{"@type":"ImageObject","inLanguage":"it-IT","@id":"https:\/\/www.ilnotiziario.net\/wp\/buonoasapersi\/bimbi-dimenticati-in-auto-arrivano-i-seggiolini-salvabebe\/#primaryimage","url":"https:\/\/www.ilnotiziario.net\/wp\/wp-content\/uploads\/2018\/06\/women-clipping-baby-in-copy.jpg","contentUrl":"https:\/\/www.ilnotiziario.net\/wp\/wp-content\/uploads\/2018\/06\/women-clipping-baby-in-copy.jpg","width":885,"height":589,"caption":"ee831e5e-e153-4868-9692-128c0933419b"},{"@type":"BreadcrumbList","@id":"https:\/\/www.ilnotiziario.net\/wp\/buonoasapersi\/bimbi-dimenticati-in-auto-arrivano-i-seggiolini-salvabebe\/#breadcrumb","itemListElement":[{"@type":"ListItem","position":1,"name":"tds_text_logo_tagline_colortds_text_logo_tagline_colortds_text_logo_tagline_colortds_text_logo_tagline_colortd_module_7_title_excerpttd_module_7_title_excerpttd_module_7_title_excerpttd_module_7_title_excerptHome","item":"https:\/\/www.ilnotiziario.net\/wp\/"},{"@type":"ListItem","position":2,"name":"Bimbi dimenticati in auto? arrivano i seggiolini salvabeb\u00e8"}]},{"@type":"WebSite","@id":"https:\/\/www.ilnotiziario.net\/wp\/#website","url":"https:\/\/www.ilnotiziario.net\/wp\/","name":"Il Notiziario","description":"Per restare sempre connessi alla notizia","publisher":{"@id":"https:\/\/www.ilnotiziario.net\/wp\/#organization"},"alternateName":"Il Notiziario Bollate","potentialAction":[{"@type":"SearchAction","target":{"@type":"EntryPoint","urlTemplate":"https:\/\/www.ilnotiziario.net\/wp\/?s={search_term_string}"},"query-input":{"@type":"PropertyValueSpecification","valueRequired":true,"valueName":"search_term_string"}}],"inLanguage":"it-IT"},{"@type":"Organization","@id":"https:\/\/www.ilnotiziario.net\/wp\/#organization","name":"Il Notiziario","url":"https:\/\/www.ilnotiziario.net\/wp\/","logo":{"@type":"ImageObject","inLanguage":"it-IT","@id":"https:\/\/www.ilnotiziario.net\/wp\/#\/schema\/logo\/image\/","url":"https:\/\/www.ilnotiziario.net\/wp\/wp-content\/uploads\/2022\/06\/170x170ilN.png","contentUrl":"https:\/\/www.ilnotiziario.net\/wp\/wp-content\/uploads\/2022\/06\/170x170ilN.png","width":355,"height":355,"caption":"Il Notiziario"},"image":{"@id":"https:\/\/www.ilnotiziario.net\/wp\/#\/schema\/logo\/image\/"},"sameAs":["https:\/\/www.facebook.com\/ilnotiziarioind\/","https:\/\/x.com\/ilNotiziarioInd","https:\/\/www.instagram.com\/ilnotiziario_settimanale\/"]},{"@type":"Person","@id":"https:\/\/www.ilnotiziario.net\/wp\/#\/schema\/person\/c5bca2edc3d99d29959f04a6126f687b","name":"Silvia Citterio","image":{"@type":"ImageObject","inLanguage":"it-IT","@id":"https:\/\/secure.gravatar.com\/avatar\/03eb19c63b944e79a9b5ce53ca5d1ca303edcf368a68721ec3ccaae7f98c5afd?s=96&d=mm&r=g","url":"https:\/\/secure.gravatar.com\/avatar\/03eb19c63b944e79a9b5ce53ca5d1ca303edcf368a68721ec3ccaae7f98c5afd?s=96&d=mm&r=g","contentUrl":"https:\/\/secure.gravatar.com\/avatar\/03eb19c63b944e79a9b5ce53ca5d1ca303edcf368a68721ec3ccaae7f98c5afd?s=96&d=mm&r=g","caption":"Silvia Citterio"}}]}},"_links":{"self":[{"href":"https:\/\/www.ilnotiziario.net\/wp\/wp-json\/wp\/v2\/posts\/26552","targetHints":{"allow":["GET"]}}],"collection":[{"href":"https:\/\/www.ilnotiziario.net\/wp\/wp-json\/wp\/v2\/posts"}],"about":[{"href":"https:\/\/www.ilnotiziario.net\/wp\/wp-json\/wp\/v2\/types\/post"}],"author":[{"embeddable":true,"href":"https:\/\/www.ilnotiziario.net\/wp\/wp-json\/wp\/v2\/users\/14"}],"replies":[{"embeddable":true,"href":"https:\/\/www.ilnotiziario.net\/wp\/wp-json\/wp\/v2\/comments?post=26552"}],"version-history":[{"count":0,"href":"https:\/\/www.ilnotiziario.net\/wp\/wp-json\/wp\/v2\/posts\/26552\/revisions"}],"wp:featuredmedia":[{"embeddable":true,"href":"https:\/\/www.ilnotiziario.net\/wp\/wp-json\/wp\/v2\/media\/26553"}],"wp:attachment":[{"href":"https:\/\/www.ilnotiziario.net\/wp\/wp-json\/wp\/v2\/media?parent=26552"}],"wp:term":[{"taxonomy":"category","embeddable":true,"href":"https:\/\/www.ilnotiziario.net\/wp\/wp-json\/wp\/v2\/categories?post=26552"},{"taxonomy":"post_tag","embeddable":true,"href":"https:\/\/www.ilnotiziario.net\/wp\/wp-json\/wp\/v2\/tags?post=26552"}],"curies":[{"name":"wp","href":"https:\/\/api.w.org\/{rel}","templated":true}]}}