{"id":26942,"date":"2018-06-24T14:17:29","date_gmt":"2018-06-24T12:17:29","guid":{"rendered":"http:\/\/www.ilnotiziario.net\/?p=26942"},"modified":"2018-06-24T14:23:27","modified_gmt":"2018-06-24T12:23:27","slug":"sabbie-mobili-binari-lavori-milano-asso-chiude-passaggio-livello-paderno-dugnano","status":"publish","type":"post","link":"https:\/\/www.ilnotiziario.net\/wp\/prima-pagina\/sabbie-mobili-binari-lavori-milano-asso-chiude-passaggio-livello-paderno-dugnano\/","title":{"rendered":"Milano-Asso, effetto &#8216;sabbie mobili&#8217;: lavori e disagi tra i binari a Palazzolo"},"content":{"rendered":"<p><a href=\"http:\/\/www.ilnotiziario.net\/wp\/wp-content\/uploads\/2018\/03\/binari-paderno-video.png\"><img decoding=\"async\" class=\"alignleft size-medium wp-image-24050\" src=\"http:\/\/www.ilnotiziario.net\/wp\/wp-content\/uploads\/2018\/03\/binari-paderno-video-300x165.png\" alt=\"\" width=\"300\" height=\"165\" srcset=\"https:\/\/www.ilnotiziario.net\/wp\/wp-content\/uploads\/2018\/03\/binari-paderno-video-300x165.png 300w, https:\/\/www.ilnotiziario.net\/wp\/wp-content\/uploads\/2018\/03\/binari-paderno-video-560x308.png 560w, https:\/\/www.ilnotiziario.net\/wp\/wp-content\/uploads\/2018\/03\/binari-paderno-video.png 643w\" sizes=\"(max-width: 300px) 100vw, 300px\" \/><\/a>Chiude <strong>a orari alterni il passaggio a livello di Palazzolo<\/strong> Milanese, frazione di Paderno Dugnano, per consentire <strong>alcuni lavori dopo la formazione di fanghiglia sotto i binari<\/strong>. L&#8217;<strong>effetto &#8216;sabbie mobili&#8217;<\/strong> ha come diretta conseguenza quella di far oscillare vistosamente i treni al passaggio sui binari. <a href=\"http:\/\/www.ilnotiziario.net\/2018\/03\/21\/video-come-le-sabbie-mobili-tra-i-binari-a-paderno-scatta-il-controllo-giu-la-velocita\/\">Nelle scorse settimane, alcuni cittadini avevano chiesto l&#8217;intervento della Polizia Locale allarmati dall&#8217;oscillazione dei convogli.<\/a><\/p><div id=\"ilnot-3580017343\" class=\"ilnot-contenuto ilnot-entity-placement\"><p><!-- incontent_1 --><\/p>\n<div class=\"gptslot\" data-adunitid=\"1\"><\/div>\n<\/div>\n<div style=\"width: 640px;\" class=\"wp-video\"><video class=\"wp-video-shortcode\" id=\"video-26942-1\" width=\"640\" height=\"352\" preload=\"metadata\" controls=\"controls\"><source type=\"video\/mp4\" src=\"http:\/\/www.ilnotiziario.net\/wp\/wp-content\/uploads\/2018\/03\/binario-paderno.mp4?_=1\" \/><a href=\"http:\/\/www.ilnotiziario.net\/wp\/wp-content\/uploads\/2018\/03\/binario-paderno.mp4\">http:\/\/www.ilnotiziario.net\/wp\/wp-content\/uploads\/2018\/03\/binario-paderno.mp4<\/a><\/video><\/div>\n<p>&nbsp;<\/p>\n<p>In realt\u00e0 <strong>non vi \u00e8 alcun rischio per la circolazione ferroviaria<\/strong>, il fenomeno \u00e8 causato dal deterioramento del suolo sottostante i binari. Per ripristinarlo <strong>Ferrovienord ha predisposto un intervento straordinario<\/strong> che partir\u00e0 <strong>da luned\u00ec&nbsp;25&nbsp;giugno fino&nbsp;a mercoled\u00ec 4 luglio<\/strong>.<\/p>\n<p>Per consentire l&#8217;azione delle macchine da lavoro, il passaggio a livello di via Coti Zelati, nei pressi della stazione ferroviaria di Palazzolo,&nbsp;<strong>sar\u00e0 chiuso al transito<\/strong> in alcune fasce orarie individuate per consentire l&#8217;esecuzione di lavori per conto di Ferrovie Nord sulla rete ferroviaria arrecando il minor disagio possibile alla cittadinanza.<\/p><div id=\"ilnot-3203484850\" class=\"ilnot-contenuto_2 ilnot-entity-placement\"><div class=\"ads-wrapper\">\n<div class=\"ad-slot\">\n   <div id=\"ilnot-540928661\" style=\"margin-right: auto;margin-left: auto;text-align: center;width: 320px;height: 100px;\"><a href=\"https:\/\/www.scuolasicurezza.it\/\"><img decoding=\"async\" src=\"https:\/\/www.ilnotiziario.net\/wp\/wp-content\/uploads\/2026\/04\/IlNotiziario_banner-sito-e-newsletter-320-x-100-px-1.gif\" alt=\"\"><\/a><\/div>\n  <\/div>\n<div class=\"ad-slot\">\n   <div id=\"ilnot-1275178880\" style=\"margin-right: auto;margin-left: auto;text-align: center;width: 320px;height: 100px;\"><a href=\"https:\/\/purodesignarredamenti.com\/\"><img decoding=\"async\" src=\"https:\/\/www.ilnotiziario.net\/wp\/wp-content\/uploads\/2026\/04\/banner-puro-ok.gif\" alt=\"whatsapp\"><\/a><\/div><\/p><\/div>\n<\/div>\n<\/div>\n<p>Pertanto da via Coti Zelati non si potr\u00e0 proseguire verso via Monte Sabotino, e viceversa nella direzione opposta, nelle seguenti giornate: <strong>chiusura ininterrotta dalle 23.30 di&nbsp;luned\u00ec 25&nbsp;giugno&nbsp;fino alle 5.30 di gioved\u00ec 28 giugno<\/strong>. La seconda fase di lavori prevede la <strong>chiusura notturna dalle 23.30 alle 5.30<\/strong> delle notti tra il 28-29 giugno, tra il 29-30 giugno, tra il 2-3 luglio e tra il 3-4 luglio.&nbsp;<\/p>\n<p>Dal Comune fanno sapere che nei giorni in cui sar\u00e0 inibito il transito veicolare del passaggio a livello, il trasporto pubblico locale seguir\u00e0 percorsi alternativi mantenendo comunque inalterate le fermate.<\/p>\n","protected":false},"excerpt":{"rendered":"<p>Chiude a orari alterni il passaggio a livello di Palazzolo Milanese, frazione di Paderno Dugnano, per consentire alcuni lavori dopo la formazione di fanghiglia sotto i binari. L&#8217;effetto &#8216;sabbie mobili&#8217; ha come diretta conseguenza quella di far oscillare vistosamente i treni al passaggio sui binari. Nelle scorse settimane, alcuni cittadini avevano chiesto l&#8217;intervento della Polizia<\/p>\n","protected":false},"author":7,"featured_media":24050,"comment_status":"closed","ping_status":"closed","sticky":false,"template":"","format":"standard","meta":{"footnotes":""},"categories":[11,20],"tags":[2498,209,39,40],"class_list":{"0":"post-26942","1":"post","2":"type-post","3":"status-publish","4":"format-standard","5":"has-post-thumbnail","7":"category-nord-milano","8":"category-prima-pagina","9":"tag-ferrovia","10":"tag-milano-asso","11":"tag-paderno-dugnano","12":"tag-palazzolo-milanese"},"yoast_head":"<!-- This site is optimized with the Yoast SEO plugin v27.4 - https:\/\/yoast.com\/product\/yoast-seo-wordpress\/ -->\n<title>Milano-Asso, effetto &#039;sabbie mobili&#039;: lavori e disagi tra i binari a Palazzolo<\/title>\n<meta name=\"description\" content=\"Chiude a orari alterni il passaggio a livello di Palazzolo Milanese, per consentire alcuni lavori dopo la formazione di fanghiglia sotto i binari.\" \/>\n<meta name=\"robots\" content=\"index, follow, max-snippet:-1, max-image-preview:large, max-video-preview:-1\" \/>\n<link rel=\"canonical\" href=\"https:\/\/www.ilnotiziario.net\/wp\/prima-pagina\/sabbie-mobili-binari-lavori-milano-asso-chiude-passaggio-livello-paderno-dugnano\/\" \/>\n<meta property=\"og:locale\" content=\"it_IT\" \/>\n<meta property=\"og:type\" content=\"article\" \/>\n<meta property=\"og:title\" content=\"Milano-Asso, effetto &#039;sabbie mobili&#039;: lavori e disagi tra i binari a Palazzolo\" \/>\n<meta property=\"og:description\" content=\"Chiude a orari alterni il passaggio a livello di Palazzolo Milanese, frazione di Paderno Dugnano, per consentire alcuni lavori dopo la formazione di fanghiglia sotto i binari.\" \/>\n<meta property=\"og:url\" content=\"https:\/\/www.ilnotiziario.net\/wp\/prima-pagina\/sabbie-mobili-binari-lavori-milano-asso-chiude-passaggio-livello-paderno-dugnano\/\" \/>\n<meta property=\"og:site_name\" content=\"Il Notiziario\" \/>\n<meta property=\"article:publisher\" content=\"https:\/\/www.facebook.com\/ilnotiziarioind\/\" \/>\n<meta property=\"article:published_time\" content=\"2018-06-24T12:17:29+00:00\" \/>\n<meta property=\"article:modified_time\" content=\"2018-06-24T12:23:27+00:00\" \/>\n<meta property=\"og:image\" content=\"https:\/\/www.ilnotiziario.net\/wp\/wp-content\/uploads\/2018\/03\/binari-paderno-video.png\" \/>\n\t<meta property=\"og:image:width\" content=\"643\" \/>\n\t<meta property=\"og:image:height\" content=\"354\" \/>\n\t<meta property=\"og:image:type\" content=\"image\/png\" \/>\n<meta name=\"author\" content=\"Simone Carcano\" \/>\n<meta name=\"twitter:card\" content=\"summary_large_image\" \/>\n<meta name=\"twitter:creator\" content=\"@simone_carcano\" \/>\n<meta name=\"twitter:site\" content=\"@ilNotiziarioInd\" \/>\n<meta name=\"twitter:label1\" content=\"Scritto da\" \/>\n\t<meta name=\"twitter:data1\" content=\"Simone Carcano\" \/>\n\t<meta name=\"twitter:label2\" content=\"Tempo di lettura stimato\" \/>\n\t<meta name=\"twitter:data2\" content=\"1 minuto\" \/>\n<script type=\"application\/ld+json\" class=\"yoast-schema-graph\">{\"@context\":\"https:\\\/\\\/schema.org\",\"@graph\":[{\"@type\":\"Article\",\"@id\":\"https:\\\/\\\/www.ilnotiziario.net\\\/wp\\\/prima-pagina\\\/sabbie-mobili-binari-lavori-milano-asso-chiude-passaggio-livello-paderno-dugnano\\\/#article\",\"isPartOf\":{\"@id\":\"https:\\\/\\\/www.ilnotiziario.net\\\/wp\\\/prima-pagina\\\/sabbie-mobili-binari-lavori-milano-asso-chiude-passaggio-livello-paderno-dugnano\\\/\"},\"author\":{\"name\":\"Simone Carcano\",\"@id\":\"https:\\\/\\\/www.ilnotiziario.net\\\/wp\\\/#\\\/schema\\\/person\\\/c218ad0865f96bfe2c1c2cfa719653f7\"},\"headline\":\"Milano-Asso, effetto &#8216;sabbie mobili&#8217;: lavori e disagi tra i binari a Palazzolo\",\"datePublished\":\"2018-06-24T12:17:29+00:00\",\"dateModified\":\"2018-06-24T12:23:27+00:00\",\"mainEntityOfPage\":{\"@id\":\"https:\\\/\\\/www.ilnotiziario.net\\\/wp\\\/prima-pagina\\\/sabbie-mobili-binari-lavori-milano-asso-chiude-passaggio-livello-paderno-dugnano\\\/\"},\"wordCount\":280,\"publisher\":{\"@id\":\"https:\\\/\\\/www.ilnotiziario.net\\\/wp\\\/#organization\"},\"image\":{\"@id\":\"https:\\\/\\\/www.ilnotiziario.net\\\/wp\\\/prima-pagina\\\/sabbie-mobili-binari-lavori-milano-asso-chiude-passaggio-livello-paderno-dugnano\\\/#primaryimage\"},\"thumbnailUrl\":\"https:\\\/\\\/www.ilnotiziario.net\\\/wp\\\/wp-content\\\/uploads\\\/2018\\\/03\\\/binari-paderno-video.png\",\"keywords\":[\"Ferrovia\",\"Milano-Asso\",\"Paderno Dugnano\",\"Palazzolo Milanese\"],\"articleSection\":[\"NORD MILANO\",\"Prima Pagina\"],\"inLanguage\":\"it-IT\"},{\"@type\":\"WebPage\",\"@id\":\"https:\\\/\\\/www.ilnotiziario.net\\\/wp\\\/prima-pagina\\\/sabbie-mobili-binari-lavori-milano-asso-chiude-passaggio-livello-paderno-dugnano\\\/\",\"url\":\"https:\\\/\\\/www.ilnotiziario.net\\\/wp\\\/prima-pagina\\\/sabbie-mobili-binari-lavori-milano-asso-chiude-passaggio-livello-paderno-dugnano\\\/\",\"name\":\"Milano-Asso, effetto 'sabbie mobili': lavori e disagi tra i binari a Palazzolo\",\"isPartOf\":{\"@id\":\"https:\\\/\\\/www.ilnotiziario.net\\\/wp\\\/#website\"},\"primaryImageOfPage\":{\"@id\":\"https:\\\/\\\/www.ilnotiziario.net\\\/wp\\\/prima-pagina\\\/sabbie-mobili-binari-lavori-milano-asso-chiude-passaggio-livello-paderno-dugnano\\\/#primaryimage\"},\"image\":{\"@id\":\"https:\\\/\\\/www.ilnotiziario.net\\\/wp\\\/prima-pagina\\\/sabbie-mobili-binari-lavori-milano-asso-chiude-passaggio-livello-paderno-dugnano\\\/#primaryimage\"},\"thumbnailUrl\":\"https:\\\/\\\/www.ilnotiziario.net\\\/wp\\\/wp-content\\\/uploads\\\/2018\\\/03\\\/binari-paderno-video.png\",\"datePublished\":\"2018-06-24T12:17:29+00:00\",\"dateModified\":\"2018-06-24T12:23:27+00:00\",\"description\":\"Chiude a orari alterni il passaggio a livello di Palazzolo Milanese, per consentire alcuni lavori dopo la formazione di fanghiglia sotto i binari.\",\"breadcrumb\":{\"@id\":\"https:\\\/\\\/www.ilnotiziario.net\\\/wp\\\/prima-pagina\\\/sabbie-mobili-binari-lavori-milano-asso-chiude-passaggio-livello-paderno-dugnano\\\/#breadcrumb\"},\"inLanguage\":\"it-IT\",\"potentialAction\":[{\"@type\":\"ReadAction\",\"target\":[\"https:\\\/\\\/www.ilnotiziario.net\\\/wp\\\/prima-pagina\\\/sabbie-mobili-binari-lavori-milano-asso-chiude-passaggio-livello-paderno-dugnano\\\/\"]}]},{\"@type\":\"ImageObject\",\"inLanguage\":\"it-IT\",\"@id\":\"https:\\\/\\\/www.ilnotiziario.net\\\/wp\\\/prima-pagina\\\/sabbie-mobili-binari-lavori-milano-asso-chiude-passaggio-livello-paderno-dugnano\\\/#primaryimage\",\"url\":\"https:\\\/\\\/www.ilnotiziario.net\\\/wp\\\/wp-content\\\/uploads\\\/2018\\\/03\\\/binari-paderno-video.png\",\"contentUrl\":\"https:\\\/\\\/www.ilnotiziario.net\\\/wp\\\/wp-content\\\/uploads\\\/2018\\\/03\\\/binari-paderno-video.png\",\"width\":643,\"height\":354},{\"@type\":\"BreadcrumbList\",\"@id\":\"https:\\\/\\\/www.ilnotiziario.net\\\/wp\\\/prima-pagina\\\/sabbie-mobili-binari-lavori-milano-asso-chiude-passaggio-livello-paderno-dugnano\\\/#breadcrumb\",\"itemListElement\":[{\"@type\":\"ListItem\",\"position\":1,\"name\":\"tds_text_logo_tagline_colortds_text_logo_tagline_colortds_text_logo_tagline_colortds_text_logo_tagline_colortd_module_7_title_excerpttd_module_7_title_excerpttd_module_7_title_excerpttd_module_7_title_excerptHome\",\"item\":\"https:\\\/\\\/www.ilnotiziario.net\\\/wp\\\/\"},{\"@type\":\"ListItem\",\"position\":2,\"name\":\"Milano-Asso, effetto &#8216;sabbie mobili&#8217;: lavori e disagi tra i binari a Palazzolo\"}]},{\"@type\":\"WebSite\",\"@id\":\"https:\\\/\\\/www.ilnotiziario.net\\\/wp\\\/#website\",\"url\":\"https:\\\/\\\/www.ilnotiziario.net\\\/wp\\\/\",\"name\":\"Il Notiziario\",\"description\":\"Per restare sempre connessi alla notizia\",\"publisher\":{\"@id\":\"https:\\\/\\\/www.ilnotiziario.net\\\/wp\\\/#organization\"},\"alternateName\":\"Il Notiziario Bollate\",\"potentialAction\":[{\"@type\":\"SearchAction\",\"target\":{\"@type\":\"EntryPoint\",\"urlTemplate\":\"https:\\\/\\\/www.ilnotiziario.net\\\/wp\\\/?s={search_term_string}\"},\"query-input\":{\"@type\":\"PropertyValueSpecification\",\"valueRequired\":true,\"valueName\":\"search_term_string\"}}],\"inLanguage\":\"it-IT\"},{\"@type\":\"Organization\",\"@id\":\"https:\\\/\\\/www.ilnotiziario.net\\\/wp\\\/#organization\",\"name\":\"Il Notiziario\",\"url\":\"https:\\\/\\\/www.ilnotiziario.net\\\/wp\\\/\",\"logo\":{\"@type\":\"ImageObject\",\"inLanguage\":\"it-IT\",\"@id\":\"https:\\\/\\\/www.ilnotiziario.net\\\/wp\\\/#\\\/schema\\\/logo\\\/image\\\/\",\"url\":\"https:\\\/\\\/www.ilnotiziario.net\\\/wp\\\/wp-content\\\/uploads\\\/2022\\\/06\\\/170x170ilN.png\",\"contentUrl\":\"https:\\\/\\\/www.ilnotiziario.net\\\/wp\\\/wp-content\\\/uploads\\\/2022\\\/06\\\/170x170ilN.png\",\"width\":355,\"height\":355,\"caption\":\"Il Notiziario\"},\"image\":{\"@id\":\"https:\\\/\\\/www.ilnotiziario.net\\\/wp\\\/#\\\/schema\\\/logo\\\/image\\\/\"},\"sameAs\":[\"https:\\\/\\\/www.facebook.com\\\/ilnotiziarioind\\\/\",\"https:\\\/\\\/x.com\\\/ilNotiziarioInd\",\"https:\\\/\\\/www.instagram.com\\\/ilnotiziario_settimanale\\\/\"]},{\"@type\":\"Person\",\"@id\":\"https:\\\/\\\/www.ilnotiziario.net\\\/wp\\\/#\\\/schema\\\/person\\\/c218ad0865f96bfe2c1c2cfa719653f7\",\"name\":\"Simone Carcano\",\"image\":{\"@type\":\"ImageObject\",\"inLanguage\":\"it-IT\",\"@id\":\"https:\\\/\\\/secure.gravatar.com\\\/avatar\\\/5e677023cff2c47e9f7a896b9157a46e18bd36e7c4d000a1726bb730be7d38bb?s=96&d=mm&r=g\",\"url\":\"https:\\\/\\\/secure.gravatar.com\\\/avatar\\\/5e677023cff2c47e9f7a896b9157a46e18bd36e7c4d000a1726bb730be7d38bb?s=96&d=mm&r=g\",\"contentUrl\":\"https:\\\/\\\/secure.gravatar.com\\\/avatar\\\/5e677023cff2c47e9f7a896b9157a46e18bd36e7c4d000a1726bb730be7d38bb?s=96&d=mm&r=g\",\"caption\":\"Simone Carcano\"},\"sameAs\":[\"http:\\\/\\\/www.ilnotiziario.net\",\"https:\\\/\\\/x.com\\\/@simone_carcano\"]}]}<\/script>\n<!-- \/ Yoast SEO plugin. -->","yoast_head_json":{"title":"Milano-Asso, effetto 'sabbie mobili': lavori e disagi tra i binari a Palazzolo","description":"Chiude a orari alterni il passaggio a livello di Palazzolo Milanese, per consentire alcuni lavori dopo la formazione di fanghiglia sotto i binari.","robots":{"index":"index","follow":"follow","max-snippet":"max-snippet:-1","max-image-preview":"max-image-preview:large","max-video-preview":"max-video-preview:-1"},"canonical":"https:\/\/www.ilnotiziario.net\/wp\/prima-pagina\/sabbie-mobili-binari-lavori-milano-asso-chiude-passaggio-livello-paderno-dugnano\/","og_locale":"it_IT","og_type":"article","og_title":"Milano-Asso, effetto 'sabbie mobili': lavori e disagi tra i binari a Palazzolo","og_description":"Chiude a orari alterni il passaggio a livello di Palazzolo Milanese, frazione di Paderno Dugnano, per consentire alcuni lavori dopo la formazione di fanghiglia sotto i binari.","og_url":"https:\/\/www.ilnotiziario.net\/wp\/prima-pagina\/sabbie-mobili-binari-lavori-milano-asso-chiude-passaggio-livello-paderno-dugnano\/","og_site_name":"Il Notiziario","article_publisher":"https:\/\/www.facebook.com\/ilnotiziarioind\/","article_published_time":"2018-06-24T12:17:29+00:00","article_modified_time":"2018-06-24T12:23:27+00:00","og_image":[{"width":643,"height":354,"url":"https:\/\/www.ilnotiziario.net\/wp\/wp-content\/uploads\/2018\/03\/binari-paderno-video.png","type":"image\/png"}],"author":"Simone Carcano","twitter_card":"summary_large_image","twitter_creator":"@simone_carcano","twitter_site":"@ilNotiziarioInd","twitter_misc":{"Scritto da":"Simone Carcano","Tempo di lettura stimato":"1 minuto"},"schema":{"@context":"https:\/\/schema.org","@graph":[{"@type":"Article","@id":"https:\/\/www.ilnotiziario.net\/wp\/prima-pagina\/sabbie-mobili-binari-lavori-milano-asso-chiude-passaggio-livello-paderno-dugnano\/#article","isPartOf":{"@id":"https:\/\/www.ilnotiziario.net\/wp\/prima-pagina\/sabbie-mobili-binari-lavori-milano-asso-chiude-passaggio-livello-paderno-dugnano\/"},"author":{"name":"Simone Carcano","@id":"https:\/\/www.ilnotiziario.net\/wp\/#\/schema\/person\/c218ad0865f96bfe2c1c2cfa719653f7"},"headline":"Milano-Asso, effetto &#8216;sabbie mobili&#8217;: lavori e disagi tra i binari a Palazzolo","datePublished":"2018-06-24T12:17:29+00:00","dateModified":"2018-06-24T12:23:27+00:00","mainEntityOfPage":{"@id":"https:\/\/www.ilnotiziario.net\/wp\/prima-pagina\/sabbie-mobili-binari-lavori-milano-asso-chiude-passaggio-livello-paderno-dugnano\/"},"wordCount":280,"publisher":{"@id":"https:\/\/www.ilnotiziario.net\/wp\/#organization"},"image":{"@id":"https:\/\/www.ilnotiziario.net\/wp\/prima-pagina\/sabbie-mobili-binari-lavori-milano-asso-chiude-passaggio-livello-paderno-dugnano\/#primaryimage"},"thumbnailUrl":"https:\/\/www.ilnotiziario.net\/wp\/wp-content\/uploads\/2018\/03\/binari-paderno-video.png","keywords":["Ferrovia","Milano-Asso","Paderno Dugnano","Palazzolo Milanese"],"articleSection":["NORD MILANO","Prima Pagina"],"inLanguage":"it-IT"},{"@type":"WebPage","@id":"https:\/\/www.ilnotiziario.net\/wp\/prima-pagina\/sabbie-mobili-binari-lavori-milano-asso-chiude-passaggio-livello-paderno-dugnano\/","url":"https:\/\/www.ilnotiziario.net\/wp\/prima-pagina\/sabbie-mobili-binari-lavori-milano-asso-chiude-passaggio-livello-paderno-dugnano\/","name":"Milano-Asso, effetto 'sabbie mobili': lavori e disagi tra i binari a Palazzolo","isPartOf":{"@id":"https:\/\/www.ilnotiziario.net\/wp\/#website"},"primaryImageOfPage":{"@id":"https:\/\/www.ilnotiziario.net\/wp\/prima-pagina\/sabbie-mobili-binari-lavori-milano-asso-chiude-passaggio-livello-paderno-dugnano\/#primaryimage"},"image":{"@id":"https:\/\/www.ilnotiziario.net\/wp\/prima-pagina\/sabbie-mobili-binari-lavori-milano-asso-chiude-passaggio-livello-paderno-dugnano\/#primaryimage"},"thumbnailUrl":"https:\/\/www.ilnotiziario.net\/wp\/wp-content\/uploads\/2018\/03\/binari-paderno-video.png","datePublished":"2018-06-24T12:17:29+00:00","dateModified":"2018-06-24T12:23:27+00:00","description":"Chiude a orari alterni il passaggio a livello di Palazzolo Milanese, per consentire alcuni lavori dopo la formazione di fanghiglia sotto i binari.","breadcrumb":{"@id":"https:\/\/www.ilnotiziario.net\/wp\/prima-pagina\/sabbie-mobili-binari-lavori-milano-asso-chiude-passaggio-livello-paderno-dugnano\/#breadcrumb"},"inLanguage":"it-IT","potentialAction":[{"@type":"ReadAction","target":["https:\/\/www.ilnotiziario.net\/wp\/prima-pagina\/sabbie-mobili-binari-lavori-milano-asso-chiude-passaggio-livello-paderno-dugnano\/"]}]},{"@type":"ImageObject","inLanguage":"it-IT","@id":"https:\/\/www.ilnotiziario.net\/wp\/prima-pagina\/sabbie-mobili-binari-lavori-milano-asso-chiude-passaggio-livello-paderno-dugnano\/#primaryimage","url":"https:\/\/www.ilnotiziario.net\/wp\/wp-content\/uploads\/2018\/03\/binari-paderno-video.png","contentUrl":"https:\/\/www.ilnotiziario.net\/wp\/wp-content\/uploads\/2018\/03\/binari-paderno-video.png","width":643,"height":354},{"@type":"BreadcrumbList","@id":"https:\/\/www.ilnotiziario.net\/wp\/prima-pagina\/sabbie-mobili-binari-lavori-milano-asso-chiude-passaggio-livello-paderno-dugnano\/#breadcrumb","itemListElement":[{"@type":"ListItem","position":1,"name":"tds_text_logo_tagline_colortds_text_logo_tagline_colortds_text_logo_tagline_colortds_text_logo_tagline_colortd_module_7_title_excerpttd_module_7_title_excerpttd_module_7_title_excerpttd_module_7_title_excerptHome","item":"https:\/\/www.ilnotiziario.net\/wp\/"},{"@type":"ListItem","position":2,"name":"Milano-Asso, effetto &#8216;sabbie mobili&#8217;: lavori e disagi tra i binari a Palazzolo"}]},{"@type":"WebSite","@id":"https:\/\/www.ilnotiziario.net\/wp\/#website","url":"https:\/\/www.ilnotiziario.net\/wp\/","name":"Il Notiziario","description":"Per restare sempre connessi alla notizia","publisher":{"@id":"https:\/\/www.ilnotiziario.net\/wp\/#organization"},"alternateName":"Il Notiziario Bollate","potentialAction":[{"@type":"SearchAction","target":{"@type":"EntryPoint","urlTemplate":"https:\/\/www.ilnotiziario.net\/wp\/?s={search_term_string}"},"query-input":{"@type":"PropertyValueSpecification","valueRequired":true,"valueName":"search_term_string"}}],"inLanguage":"it-IT"},{"@type":"Organization","@id":"https:\/\/www.ilnotiziario.net\/wp\/#organization","name":"Il Notiziario","url":"https:\/\/www.ilnotiziario.net\/wp\/","logo":{"@type":"ImageObject","inLanguage":"it-IT","@id":"https:\/\/www.ilnotiziario.net\/wp\/#\/schema\/logo\/image\/","url":"https:\/\/www.ilnotiziario.net\/wp\/wp-content\/uploads\/2022\/06\/170x170ilN.png","contentUrl":"https:\/\/www.ilnotiziario.net\/wp\/wp-content\/uploads\/2022\/06\/170x170ilN.png","width":355,"height":355,"caption":"Il Notiziario"},"image":{"@id":"https:\/\/www.ilnotiziario.net\/wp\/#\/schema\/logo\/image\/"},"sameAs":["https:\/\/www.facebook.com\/ilnotiziarioind\/","https:\/\/x.com\/ilNotiziarioInd","https:\/\/www.instagram.com\/ilnotiziario_settimanale\/"]},{"@type":"Person","@id":"https:\/\/www.ilnotiziario.net\/wp\/#\/schema\/person\/c218ad0865f96bfe2c1c2cfa719653f7","name":"Simone Carcano","image":{"@type":"ImageObject","inLanguage":"it-IT","@id":"https:\/\/secure.gravatar.com\/avatar\/5e677023cff2c47e9f7a896b9157a46e18bd36e7c4d000a1726bb730be7d38bb?s=96&d=mm&r=g","url":"https:\/\/secure.gravatar.com\/avatar\/5e677023cff2c47e9f7a896b9157a46e18bd36e7c4d000a1726bb730be7d38bb?s=96&d=mm&r=g","contentUrl":"https:\/\/secure.gravatar.com\/avatar\/5e677023cff2c47e9f7a896b9157a46e18bd36e7c4d000a1726bb730be7d38bb?s=96&d=mm&r=g","caption":"Simone Carcano"},"sameAs":["http:\/\/www.ilnotiziario.net","https:\/\/x.com\/@simone_carcano"]}]}},"_links":{"self":[{"href":"https:\/\/www.ilnotiziario.net\/wp\/wp-json\/wp\/v2\/posts\/26942","targetHints":{"allow":["GET"]}}],"collection":[{"href":"https:\/\/www.ilnotiziario.net\/wp\/wp-json\/wp\/v2\/posts"}],"about":[{"href":"https:\/\/www.ilnotiziario.net\/wp\/wp-json\/wp\/v2\/types\/post"}],"author":[{"embeddable":true,"href":"https:\/\/www.ilnotiziario.net\/wp\/wp-json\/wp\/v2\/users\/7"}],"replies":[{"embeddable":true,"href":"https:\/\/www.ilnotiziario.net\/wp\/wp-json\/wp\/v2\/comments?post=26942"}],"version-history":[{"count":0,"href":"https:\/\/www.ilnotiziario.net\/wp\/wp-json\/wp\/v2\/posts\/26942\/revisions"}],"wp:featuredmedia":[{"embeddable":true,"href":"https:\/\/www.ilnotiziario.net\/wp\/wp-json\/wp\/v2\/media\/24050"}],"wp:attachment":[{"href":"https:\/\/www.ilnotiziario.net\/wp\/wp-json\/wp\/v2\/media?parent=26942"}],"wp:term":[{"taxonomy":"category","embeddable":true,"href":"https:\/\/www.ilnotiziario.net\/wp\/wp-json\/wp\/v2\/categories?post=26942"},{"taxonomy":"post_tag","embeddable":true,"href":"https:\/\/www.ilnotiziario.net\/wp\/wp-json\/wp\/v2\/tags?post=26942"}],"curies":[{"name":"wp","href":"https:\/\/api.w.org\/{rel}","templated":true}]}}