{"id":27273,"date":"2018-07-03T13:56:17","date_gmt":"2018-07-03T11:56:17","guid":{"rendered":"https:\/\/www.ilnotiziario.net\/?p=27273"},"modified":"2018-07-03T13:56:33","modified_gmt":"2018-07-03T11:56:33","slug":"video-rubavano-tir-ruspe-e-muletti-sgominata-la-banda-11-arresti","status":"publish","type":"post","link":"https:\/\/www.ilnotiziario.net\/wp\/lombardia\/video-rubavano-tir-ruspe-e-muletti-sgominata-la-banda-11-arresti\/","title":{"rendered":"VIDEO &#8211; Rubavano, tir, ruspe e muletti; sgominata la banda, 11 arresti"},"content":{"rendered":"<p><img fetchpriority=\"high\" decoding=\"async\" class=\"aligncenter size-medium wp-image-27276\" src=\"https:\/\/www.ilnotiziario.net\/wp\/wp-content\/uploads\/2018\/07\/CamionRubato1-300x187.jpg\" alt=\"banda tir \" width=\"300\" height=\"187\" srcset=\"https:\/\/www.ilnotiziario.net\/wp\/wp-content\/uploads\/2018\/07\/CamionRubato1-300x187.jpg 300w, https:\/\/www.ilnotiziario.net\/wp\/wp-content\/uploads\/2018\/07\/CamionRubato1-768x478.jpg 768w, https:\/\/www.ilnotiziario.net\/wp\/wp-content\/uploads\/2018\/07\/CamionRubato1-560x349.jpg 560w, https:\/\/www.ilnotiziario.net\/wp\/wp-content\/uploads\/2018\/07\/CamionRubato1.jpg 843w\" sizes=\"(max-width: 300px) 100vw, 300px\" \/>Una banda composta da 11 persone, di et\u00e0 compresa tra i 24 e i 68 anni, era dedita da diverso tempo al furto di camion, escavatori, muletti e altre macchine da lavoro ed \u00e8 stata sgominata dai carabinieri di Vimercate.<\/p><div id=\"ilnot-2108326770\" class=\"ilnot-contenuto ilnot-entity-placement\"><p><!-- incontent_1 --><\/p>\n<div class=\"gptslot\" data-adunitid=\"1\"><\/div>\n<\/div>\n<h2>Gli arresti sono stati eseguiti nelle province di Monza e Brianza, Bergamo, Como, Lecco, Lodi e Piacenza.<\/h2>\n<p>Gli arrestati (8 in carcere, 3 ai domiciliari) sono ritenuti responsabili a vario titolo di associazione per delinquere finalizzata alla commissione di furti aggravati e riciclaggio.<\/p>\n<p>L\u2019indagine, condotta dai Carabinieri della Compagnia di Vimercate (MB), coordinati dalla Procura della Repubblica di Monza, \u00e8 stata avviata nel 2016 a seguito della commissione di furti di mezzi pesanti. L\u2019inchiesta ha consentito di documentare l\u2019esistenza di un sodalizio criminale strutturato, dedito ai furti di trattori stradali e di targhe di autoarticolati, nonch\u00e9 di gasolio, merci e mezzi operativi, polimeri, attrezzature da lavoro, materiali da imballaggio, escavatori, muletti e transpallet custoditi nelle aziende gi\u00e0 vittime della sottrazione degli automezzi. In particolare, i sodali agivano con compiti ben prestabiliti, alcuni alla guida di veicoli con funzioni di palo o staffetta, altri come autisti dei mezzi rubati o di quelli utilizzati per portare a termine i furti.<\/p><div id=\"ilnot-2626939941\" class=\"ilnot-contenuto_2 ilnot-entity-placement\"><div class=\"ads-wrapper\">\n<div class=\"ad-slot\">\n   <div id=\"ilnot-1817707071\" style=\"margin-right: auto;margin-left: auto;text-align: center;width: 320px;height: 100px;\"><a href=\"https:\/\/www.scuolasicurezza.it\/\"><img decoding=\"async\" src=\"https:\/\/www.ilnotiziario.net\/wp\/wp-content\/uploads\/2026\/04\/IlNotiziario_banner-sito-e-newsletter-320-x-100-px-1.gif\" alt=\"\"><\/a><\/div>\n  <\/div>\n<div class=\"ad-slot\">\n   <div id=\"ilnot-4119812183\" style=\"margin-right: auto;margin-left: auto;text-align: center;width: 320px;height: 100px;\"><a href=\"https:\/\/purodesignarredamenti.com\/\"><img decoding=\"async\" src=\"https:\/\/www.ilnotiziario.net\/wp\/wp-content\/uploads\/2026\/04\/banner-puro-ok.gif\" alt=\"whatsapp\"><\/a><\/div><\/p><\/div>\n<\/div>\n<\/div>\n<p>Nel corso dell\u2019attivit\u00e0 \u00e8 stato individuato un capannone di Bellusco (MB), nella disponibilit\u00e0 del gruppo indagato, utilizzato per occultare i mezzi e la merce provento dei colpi messi a segno. E\u2019 stata inoltre documentata la gestione centralizzata dei ricavi, in parte destinati anche al sostentamento dei componenti del sodalizio in caso di arresto.<\/p>\n<p>Nel corso dell\u2019attivit\u00e0 investigativa sono stati accertati 8 episodi di furto ed altrettanti tentativi. Complessivamente \u00e8 stato documentato il furto di 2 trattori stradali, 2 semirimorchi, 1 autocarro, 1 escavatore, 3 muletti, 3 transpallet e circa 600 litri di gasolio, oltre a merce varia, per un valore complessivo di circa 1 milione di euro.<\/p>\n<p>&nbsp;<\/p>\n<p>ECCO IL VIDEO<\/p><div id=\"ilnot-3837645170\" class=\"ilnot-contenuto_2-2 ilnot-entity-placement\"><div class=\"gptslot\" data-adunitid=\"2\"><\/div>\n<\/div>\n<p><iframe title=\"Vimercate la banda dei tir\" width=\"765\" height=\"574\" src=\"https:\/\/www.youtube.com\/embed\/ecMjW0gfyBY?feature=oembed\" frameborder=\"0\" allow=\"accelerometer; autoplay; clipboard-write; encrypted-media; gyroscope; picture-in-picture; web-share\" allowfullscreen><\/iframe><\/p>\n","protected":false},"excerpt":{"rendered":"<p>Una banda composta da 11 persone, di et\u00e0 compresa tra i 24 e i 68 anni, era dedita da diverso tempo al furto di camion, escavatori, muletti e altre macchine da lavoro ed \u00e8 stata sgominata dai carabinieri di Vimercate. Gli arresti sono stati eseguiti nelle province di Monza e Brianza, Bergamo, Como, Lecco, Lodi<\/p>\n","protected":false},"author":3,"featured_media":27276,"comment_status":"closed","ping_status":"closed","sticky":false,"template":"","format":"standard","meta":{"footnotes":""},"categories":[3464,21],"tags":[1781,41,510,5367,534,740,4432],"class_list":{"0":"post-27273","1":"post","2":"type-post","3":"status-publish","4":"format-standard","5":"has-post-thumbnail","7":"category-lombardia","8":"category-video","9":"tag-banda","10":"tag-carabinieri","11":"tag-furti","12":"tag-muletti","13":"tag-tir","14":"tag-video-2","15":"tag-vimercate"},"yoast_head":"<!-- This site is optimized with the Yoast SEO plugin v27.5 - https:\/\/yoast.com\/product\/yoast-seo-wordpress\/ -->\n<title>VIDEO - Rubavano, tir, ruspe e muletti; sgominata la banda, 11 arresti - Il Notiziario<\/title>\n<meta name=\"description\" content=\"Una banda composta da 11 persone, di et\u00e0 compresa tra i 24 e i 68 anni, era dedita da diverso tempo al furto di camion, escavatori, muletti e altre Gli arrestati sono ritenuti responsabili a vario titolo di associazione per delinquere finalizzata alla commissione di furti aggravati e riciclaggio.\" \/>\n<meta name=\"robots\" content=\"index, follow, max-snippet:-1, max-image-preview:large, max-video-preview:-1\" \/>\n<link rel=\"canonical\" href=\"https:\/\/www.ilnotiziario.net\/wp\/lombardia\/video-rubavano-tir-ruspe-e-muletti-sgominata-la-banda-11-arresti\/\" \/>\n<meta property=\"og:locale\" content=\"it_IT\" \/>\n<meta property=\"og:type\" content=\"article\" \/>\n<meta property=\"og:title\" content=\"VIDEO - Rubavano, tir, ruspe e muletti; sgominata la banda, 11 arresti - Il Notiziario\" \/>\n<meta property=\"og:description\" content=\"Una banda composta da 11 persone, di et\u00e0 compresa tra i 24 e i 68 anni, era dedita da diverso tempo al furto di camion, escavatori, muletti e altre Gli arrestati sono ritenuti responsabili a vario titolo di associazione per delinquere finalizzata alla commissione di furti aggravati e riciclaggio.\" \/>\n<meta property=\"og:url\" content=\"https:\/\/www.ilnotiziario.net\/wp\/lombardia\/video-rubavano-tir-ruspe-e-muletti-sgominata-la-banda-11-arresti\/\" \/>\n<meta property=\"og:site_name\" content=\"Il Notiziario\" \/>\n<meta property=\"article:publisher\" content=\"https:\/\/www.facebook.com\/ilnotiziarioind\/\" \/>\n<meta property=\"article:published_time\" content=\"2018-07-03T11:56:17+00:00\" \/>\n<meta property=\"article:modified_time\" content=\"2018-07-03T11:56:33+00:00\" \/>\n<meta property=\"og:image\" content=\"https:\/\/www.ilnotiziario.net\/wp\/wp-content\/uploads\/2018\/07\/CamionRubato1.jpg\" \/>\n\t<meta property=\"og:image:width\" content=\"843\" \/>\n\t<meta property=\"og:image:height\" content=\"525\" \/>\n\t<meta property=\"og:image:type\" content=\"image\/jpeg\" \/>\n<meta name=\"author\" content=\"Gabriele Bassani\" \/>\n<meta name=\"twitter:card\" content=\"summary_large_image\" \/>\n<meta name=\"twitter:creator\" content=\"@ilNotiziarioInd\" \/>\n<meta name=\"twitter:site\" content=\"@ilNotiziarioInd\" \/>\n<meta name=\"twitter:label1\" content=\"Scritto da\" \/>\n\t<meta name=\"twitter:data1\" content=\"Gabriele Bassani\" \/>\n\t<meta name=\"twitter:label2\" content=\"Tempo di lettura stimato\" \/>\n\t<meta name=\"twitter:data2\" content=\"2 minuti\" \/>\n<script type=\"application\/ld+json\" class=\"yoast-schema-graph\">{\"@context\":\"https:\\\/\\\/schema.org\",\"@graph\":[{\"@type\":\"Article\",\"@id\":\"https:\\\/\\\/www.ilnotiziario.net\\\/wp\\\/lombardia\\\/video-rubavano-tir-ruspe-e-muletti-sgominata-la-banda-11-arresti\\\/#article\",\"isPartOf\":{\"@id\":\"https:\\\/\\\/www.ilnotiziario.net\\\/wp\\\/lombardia\\\/video-rubavano-tir-ruspe-e-muletti-sgominata-la-banda-11-arresti\\\/\"},\"author\":{\"name\":\"Gabriele Bassani\",\"@id\":\"https:\\\/\\\/www.ilnotiziario.net\\\/wp\\\/#\\\/schema\\\/person\\\/386e222908f898bb41c033989482bbf2\"},\"headline\":\"VIDEO &#8211; Rubavano, tir, ruspe e muletti; sgominata la banda, 11 arresti\",\"datePublished\":\"2018-07-03T11:56:17+00:00\",\"dateModified\":\"2018-07-03T11:56:33+00:00\",\"mainEntityOfPage\":{\"@id\":\"https:\\\/\\\/www.ilnotiziario.net\\\/wp\\\/lombardia\\\/video-rubavano-tir-ruspe-e-muletti-sgominata-la-banda-11-arresti\\\/\"},\"wordCount\":313,\"publisher\":{\"@id\":\"https:\\\/\\\/www.ilnotiziario.net\\\/wp\\\/#organization\"},\"image\":{\"@id\":\"https:\\\/\\\/www.ilnotiziario.net\\\/wp\\\/lombardia\\\/video-rubavano-tir-ruspe-e-muletti-sgominata-la-banda-11-arresti\\\/#primaryimage\"},\"thumbnailUrl\":\"https:\\\/\\\/www.ilnotiziario.net\\\/wp\\\/wp-content\\\/uploads\\\/2018\\\/07\\\/CamionRubato1.jpg\",\"keywords\":[\"banda\",\"Carabinieri\",\"furti\",\"muletti\",\"tir\",\"video\",\"Vimercate\"],\"articleSection\":[\"CRONACA\",\"Video\"],\"inLanguage\":\"it-IT\"},{\"@type\":\"WebPage\",\"@id\":\"https:\\\/\\\/www.ilnotiziario.net\\\/wp\\\/lombardia\\\/video-rubavano-tir-ruspe-e-muletti-sgominata-la-banda-11-arresti\\\/\",\"url\":\"https:\\\/\\\/www.ilnotiziario.net\\\/wp\\\/lombardia\\\/video-rubavano-tir-ruspe-e-muletti-sgominata-la-banda-11-arresti\\\/\",\"name\":\"VIDEO - Rubavano, tir, ruspe e muletti; sgominata la banda, 11 arresti - Il Notiziario\",\"isPartOf\":{\"@id\":\"https:\\\/\\\/www.ilnotiziario.net\\\/wp\\\/#website\"},\"primaryImageOfPage\":{\"@id\":\"https:\\\/\\\/www.ilnotiziario.net\\\/wp\\\/lombardia\\\/video-rubavano-tir-ruspe-e-muletti-sgominata-la-banda-11-arresti\\\/#primaryimage\"},\"image\":{\"@id\":\"https:\\\/\\\/www.ilnotiziario.net\\\/wp\\\/lombardia\\\/video-rubavano-tir-ruspe-e-muletti-sgominata-la-banda-11-arresti\\\/#primaryimage\"},\"thumbnailUrl\":\"https:\\\/\\\/www.ilnotiziario.net\\\/wp\\\/wp-content\\\/uploads\\\/2018\\\/07\\\/CamionRubato1.jpg\",\"datePublished\":\"2018-07-03T11:56:17+00:00\",\"dateModified\":\"2018-07-03T11:56:33+00:00\",\"description\":\"Una banda composta da 11 persone, di et\u00e0 compresa tra i 24 e i 68 anni, era dedita da diverso tempo al furto di camion, escavatori, muletti e altre Gli arrestati sono ritenuti responsabili a vario titolo di associazione per delinquere finalizzata alla commissione di furti aggravati e riciclaggio.\",\"breadcrumb\":{\"@id\":\"https:\\\/\\\/www.ilnotiziario.net\\\/wp\\\/lombardia\\\/video-rubavano-tir-ruspe-e-muletti-sgominata-la-banda-11-arresti\\\/#breadcrumb\"},\"inLanguage\":\"it-IT\",\"potentialAction\":[{\"@type\":\"ReadAction\",\"target\":[\"https:\\\/\\\/www.ilnotiziario.net\\\/wp\\\/lombardia\\\/video-rubavano-tir-ruspe-e-muletti-sgominata-la-banda-11-arresti\\\/\"]}]},{\"@type\":\"ImageObject\",\"inLanguage\":\"it-IT\",\"@id\":\"https:\\\/\\\/www.ilnotiziario.net\\\/wp\\\/lombardia\\\/video-rubavano-tir-ruspe-e-muletti-sgominata-la-banda-11-arresti\\\/#primaryimage\",\"url\":\"https:\\\/\\\/www.ilnotiziario.net\\\/wp\\\/wp-content\\\/uploads\\\/2018\\\/07\\\/CamionRubato1.jpg\",\"contentUrl\":\"https:\\\/\\\/www.ilnotiziario.net\\\/wp\\\/wp-content\\\/uploads\\\/2018\\\/07\\\/CamionRubato1.jpg\",\"width\":843,\"height\":525,\"caption\":\"banda tir\"},{\"@type\":\"BreadcrumbList\",\"@id\":\"https:\\\/\\\/www.ilnotiziario.net\\\/wp\\\/lombardia\\\/video-rubavano-tir-ruspe-e-muletti-sgominata-la-banda-11-arresti\\\/#breadcrumb\",\"itemListElement\":[{\"@type\":\"ListItem\",\"position\":1,\"name\":\"tds_text_logo_tagline_colortds_text_logo_tagline_colortds_text_logo_tagline_colortds_text_logo_tagline_colortd_module_7_title_excerpttd_module_7_title_excerpttd_module_7_title_excerpttd_module_7_title_excerptHome\",\"item\":\"https:\\\/\\\/www.ilnotiziario.net\\\/wp\\\/\"},{\"@type\":\"ListItem\",\"position\":2,\"name\":\"VIDEO &#8211; Rubavano, tir, ruspe e muletti; sgominata la banda, 11 arresti\"}]},{\"@type\":\"WebSite\",\"@id\":\"https:\\\/\\\/www.ilnotiziario.net\\\/wp\\\/#website\",\"url\":\"https:\\\/\\\/www.ilnotiziario.net\\\/wp\\\/\",\"name\":\"Il Notiziario\",\"description\":\"Per restare sempre connessi alla notizia\",\"publisher\":{\"@id\":\"https:\\\/\\\/www.ilnotiziario.net\\\/wp\\\/#organization\"},\"alternateName\":\"Il Notiziario Bollate\",\"potentialAction\":[{\"@type\":\"SearchAction\",\"target\":{\"@type\":\"EntryPoint\",\"urlTemplate\":\"https:\\\/\\\/www.ilnotiziario.net\\\/wp\\\/?s={search_term_string}\"},\"query-input\":{\"@type\":\"PropertyValueSpecification\",\"valueRequired\":true,\"valueName\":\"search_term_string\"}}],\"inLanguage\":\"it-IT\"},{\"@type\":\"Organization\",\"@id\":\"https:\\\/\\\/www.ilnotiziario.net\\\/wp\\\/#organization\",\"name\":\"Il Notiziario\",\"url\":\"https:\\\/\\\/www.ilnotiziario.net\\\/wp\\\/\",\"logo\":{\"@type\":\"ImageObject\",\"inLanguage\":\"it-IT\",\"@id\":\"https:\\\/\\\/www.ilnotiziario.net\\\/wp\\\/#\\\/schema\\\/logo\\\/image\\\/\",\"url\":\"https:\\\/\\\/www.ilnotiziario.net\\\/wp\\\/wp-content\\\/uploads\\\/2022\\\/06\\\/170x170ilN.png\",\"contentUrl\":\"https:\\\/\\\/www.ilnotiziario.net\\\/wp\\\/wp-content\\\/uploads\\\/2022\\\/06\\\/170x170ilN.png\",\"width\":355,\"height\":355,\"caption\":\"Il Notiziario\"},\"image\":{\"@id\":\"https:\\\/\\\/www.ilnotiziario.net\\\/wp\\\/#\\\/schema\\\/logo\\\/image\\\/\"},\"sameAs\":[\"https:\\\/\\\/www.facebook.com\\\/ilnotiziarioind\\\/\",\"https:\\\/\\\/x.com\\\/ilNotiziarioInd\",\"https:\\\/\\\/www.instagram.com\\\/ilnotiziario_settimanale\\\/\"]},{\"@type\":\"Person\",\"@id\":\"https:\\\/\\\/www.ilnotiziario.net\\\/wp\\\/#\\\/schema\\\/person\\\/386e222908f898bb41c033989482bbf2\",\"name\":\"Gabriele Bassani\",\"image\":{\"@type\":\"ImageObject\",\"inLanguage\":\"it-IT\",\"@id\":\"https:\\\/\\\/secure.gravatar.com\\\/avatar\\\/09274f4a84fa97698bde56f84b3afed61c8492d48b0550db9671b68c177479cb?s=96&d=mm&r=g\",\"url\":\"https:\\\/\\\/secure.gravatar.com\\\/avatar\\\/09274f4a84fa97698bde56f84b3afed61c8492d48b0550db9671b68c177479cb?s=96&d=mm&r=g\",\"contentUrl\":\"https:\\\/\\\/secure.gravatar.com\\\/avatar\\\/09274f4a84fa97698bde56f84b3afed61c8492d48b0550db9671b68c177479cb?s=96&d=mm&r=g\",\"caption\":\"Gabriele Bassani\"},\"sameAs\":[\"http:\\\/\\\/www.ilnotiziario.net\"]}]}<\/script>\n<!-- \/ Yoast SEO plugin. -->","yoast_head_json":{"title":"VIDEO - Rubavano, tir, ruspe e muletti; sgominata la banda, 11 arresti - Il Notiziario","description":"Una banda composta da 11 persone, di et\u00e0 compresa tra i 24 e i 68 anni, era dedita da diverso tempo al furto di camion, escavatori, muletti e altre Gli arrestati sono ritenuti responsabili a vario titolo di associazione per delinquere finalizzata alla commissione di furti aggravati e riciclaggio.","robots":{"index":"index","follow":"follow","max-snippet":"max-snippet:-1","max-image-preview":"max-image-preview:large","max-video-preview":"max-video-preview:-1"},"canonical":"https:\/\/www.ilnotiziario.net\/wp\/lombardia\/video-rubavano-tir-ruspe-e-muletti-sgominata-la-banda-11-arresti\/","og_locale":"it_IT","og_type":"article","og_title":"VIDEO - Rubavano, tir, ruspe e muletti; sgominata la banda, 11 arresti - Il Notiziario","og_description":"Una banda composta da 11 persone, di et\u00e0 compresa tra i 24 e i 68 anni, era dedita da diverso tempo al furto di camion, escavatori, muletti e altre Gli arrestati sono ritenuti responsabili a vario titolo di associazione per delinquere finalizzata alla commissione di furti aggravati e riciclaggio.","og_url":"https:\/\/www.ilnotiziario.net\/wp\/lombardia\/video-rubavano-tir-ruspe-e-muletti-sgominata-la-banda-11-arresti\/","og_site_name":"Il Notiziario","article_publisher":"https:\/\/www.facebook.com\/ilnotiziarioind\/","article_published_time":"2018-07-03T11:56:17+00:00","article_modified_time":"2018-07-03T11:56:33+00:00","og_image":[{"width":843,"height":525,"url":"https:\/\/www.ilnotiziario.net\/wp\/wp-content\/uploads\/2018\/07\/CamionRubato1.jpg","type":"image\/jpeg"}],"author":"Gabriele Bassani","twitter_card":"summary_large_image","twitter_creator":"@ilNotiziarioInd","twitter_site":"@ilNotiziarioInd","twitter_misc":{"Scritto da":"Gabriele Bassani","Tempo di lettura stimato":"2 minuti"},"schema":{"@context":"https:\/\/schema.org","@graph":[{"@type":"Article","@id":"https:\/\/www.ilnotiziario.net\/wp\/lombardia\/video-rubavano-tir-ruspe-e-muletti-sgominata-la-banda-11-arresti\/#article","isPartOf":{"@id":"https:\/\/www.ilnotiziario.net\/wp\/lombardia\/video-rubavano-tir-ruspe-e-muletti-sgominata-la-banda-11-arresti\/"},"author":{"name":"Gabriele Bassani","@id":"https:\/\/www.ilnotiziario.net\/wp\/#\/schema\/person\/386e222908f898bb41c033989482bbf2"},"headline":"VIDEO &#8211; Rubavano, tir, ruspe e muletti; sgominata la banda, 11 arresti","datePublished":"2018-07-03T11:56:17+00:00","dateModified":"2018-07-03T11:56:33+00:00","mainEntityOfPage":{"@id":"https:\/\/www.ilnotiziario.net\/wp\/lombardia\/video-rubavano-tir-ruspe-e-muletti-sgominata-la-banda-11-arresti\/"},"wordCount":313,"publisher":{"@id":"https:\/\/www.ilnotiziario.net\/wp\/#organization"},"image":{"@id":"https:\/\/www.ilnotiziario.net\/wp\/lombardia\/video-rubavano-tir-ruspe-e-muletti-sgominata-la-banda-11-arresti\/#primaryimage"},"thumbnailUrl":"https:\/\/www.ilnotiziario.net\/wp\/wp-content\/uploads\/2018\/07\/CamionRubato1.jpg","keywords":["banda","Carabinieri","furti","muletti","tir","video","Vimercate"],"articleSection":["CRONACA","Video"],"inLanguage":"it-IT"},{"@type":"WebPage","@id":"https:\/\/www.ilnotiziario.net\/wp\/lombardia\/video-rubavano-tir-ruspe-e-muletti-sgominata-la-banda-11-arresti\/","url":"https:\/\/www.ilnotiziario.net\/wp\/lombardia\/video-rubavano-tir-ruspe-e-muletti-sgominata-la-banda-11-arresti\/","name":"VIDEO - Rubavano, tir, ruspe e muletti; sgominata la banda, 11 arresti - Il Notiziario","isPartOf":{"@id":"https:\/\/www.ilnotiziario.net\/wp\/#website"},"primaryImageOfPage":{"@id":"https:\/\/www.ilnotiziario.net\/wp\/lombardia\/video-rubavano-tir-ruspe-e-muletti-sgominata-la-banda-11-arresti\/#primaryimage"},"image":{"@id":"https:\/\/www.ilnotiziario.net\/wp\/lombardia\/video-rubavano-tir-ruspe-e-muletti-sgominata-la-banda-11-arresti\/#primaryimage"},"thumbnailUrl":"https:\/\/www.ilnotiziario.net\/wp\/wp-content\/uploads\/2018\/07\/CamionRubato1.jpg","datePublished":"2018-07-03T11:56:17+00:00","dateModified":"2018-07-03T11:56:33+00:00","description":"Una banda composta da 11 persone, di et\u00e0 compresa tra i 24 e i 68 anni, era dedita da diverso tempo al furto di camion, escavatori, muletti e altre Gli arrestati sono ritenuti responsabili a vario titolo di associazione per delinquere finalizzata alla commissione di furti aggravati e riciclaggio.","breadcrumb":{"@id":"https:\/\/www.ilnotiziario.net\/wp\/lombardia\/video-rubavano-tir-ruspe-e-muletti-sgominata-la-banda-11-arresti\/#breadcrumb"},"inLanguage":"it-IT","potentialAction":[{"@type":"ReadAction","target":["https:\/\/www.ilnotiziario.net\/wp\/lombardia\/video-rubavano-tir-ruspe-e-muletti-sgominata-la-banda-11-arresti\/"]}]},{"@type":"ImageObject","inLanguage":"it-IT","@id":"https:\/\/www.ilnotiziario.net\/wp\/lombardia\/video-rubavano-tir-ruspe-e-muletti-sgominata-la-banda-11-arresti\/#primaryimage","url":"https:\/\/www.ilnotiziario.net\/wp\/wp-content\/uploads\/2018\/07\/CamionRubato1.jpg","contentUrl":"https:\/\/www.ilnotiziario.net\/wp\/wp-content\/uploads\/2018\/07\/CamionRubato1.jpg","width":843,"height":525,"caption":"banda tir"},{"@type":"BreadcrumbList","@id":"https:\/\/www.ilnotiziario.net\/wp\/lombardia\/video-rubavano-tir-ruspe-e-muletti-sgominata-la-banda-11-arresti\/#breadcrumb","itemListElement":[{"@type":"ListItem","position":1,"name":"tds_text_logo_tagline_colortds_text_logo_tagline_colortds_text_logo_tagline_colortds_text_logo_tagline_colortd_module_7_title_excerpttd_module_7_title_excerpttd_module_7_title_excerpttd_module_7_title_excerptHome","item":"https:\/\/www.ilnotiziario.net\/wp\/"},{"@type":"ListItem","position":2,"name":"VIDEO &#8211; Rubavano, tir, ruspe e muletti; sgominata la banda, 11 arresti"}]},{"@type":"WebSite","@id":"https:\/\/www.ilnotiziario.net\/wp\/#website","url":"https:\/\/www.ilnotiziario.net\/wp\/","name":"Il Notiziario","description":"Per restare sempre connessi alla notizia","publisher":{"@id":"https:\/\/www.ilnotiziario.net\/wp\/#organization"},"alternateName":"Il Notiziario Bollate","potentialAction":[{"@type":"SearchAction","target":{"@type":"EntryPoint","urlTemplate":"https:\/\/www.ilnotiziario.net\/wp\/?s={search_term_string}"},"query-input":{"@type":"PropertyValueSpecification","valueRequired":true,"valueName":"search_term_string"}}],"inLanguage":"it-IT"},{"@type":"Organization","@id":"https:\/\/www.ilnotiziario.net\/wp\/#organization","name":"Il Notiziario","url":"https:\/\/www.ilnotiziario.net\/wp\/","logo":{"@type":"ImageObject","inLanguage":"it-IT","@id":"https:\/\/www.ilnotiziario.net\/wp\/#\/schema\/logo\/image\/","url":"https:\/\/www.ilnotiziario.net\/wp\/wp-content\/uploads\/2022\/06\/170x170ilN.png","contentUrl":"https:\/\/www.ilnotiziario.net\/wp\/wp-content\/uploads\/2022\/06\/170x170ilN.png","width":355,"height":355,"caption":"Il Notiziario"},"image":{"@id":"https:\/\/www.ilnotiziario.net\/wp\/#\/schema\/logo\/image\/"},"sameAs":["https:\/\/www.facebook.com\/ilnotiziarioind\/","https:\/\/x.com\/ilNotiziarioInd","https:\/\/www.instagram.com\/ilnotiziario_settimanale\/"]},{"@type":"Person","@id":"https:\/\/www.ilnotiziario.net\/wp\/#\/schema\/person\/386e222908f898bb41c033989482bbf2","name":"Gabriele Bassani","image":{"@type":"ImageObject","inLanguage":"it-IT","@id":"https:\/\/secure.gravatar.com\/avatar\/09274f4a84fa97698bde56f84b3afed61c8492d48b0550db9671b68c177479cb?s=96&d=mm&r=g","url":"https:\/\/secure.gravatar.com\/avatar\/09274f4a84fa97698bde56f84b3afed61c8492d48b0550db9671b68c177479cb?s=96&d=mm&r=g","contentUrl":"https:\/\/secure.gravatar.com\/avatar\/09274f4a84fa97698bde56f84b3afed61c8492d48b0550db9671b68c177479cb?s=96&d=mm&r=g","caption":"Gabriele Bassani"},"sameAs":["http:\/\/www.ilnotiziario.net"]}]}},"_links":{"self":[{"href":"https:\/\/www.ilnotiziario.net\/wp\/wp-json\/wp\/v2\/posts\/27273","targetHints":{"allow":["GET"]}}],"collection":[{"href":"https:\/\/www.ilnotiziario.net\/wp\/wp-json\/wp\/v2\/posts"}],"about":[{"href":"https:\/\/www.ilnotiziario.net\/wp\/wp-json\/wp\/v2\/types\/post"}],"author":[{"embeddable":true,"href":"https:\/\/www.ilnotiziario.net\/wp\/wp-json\/wp\/v2\/users\/3"}],"replies":[{"embeddable":true,"href":"https:\/\/www.ilnotiziario.net\/wp\/wp-json\/wp\/v2\/comments?post=27273"}],"version-history":[{"count":0,"href":"https:\/\/www.ilnotiziario.net\/wp\/wp-json\/wp\/v2\/posts\/27273\/revisions"}],"wp:featuredmedia":[{"embeddable":true,"href":"https:\/\/www.ilnotiziario.net\/wp\/wp-json\/wp\/v2\/media\/27276"}],"wp:attachment":[{"href":"https:\/\/www.ilnotiziario.net\/wp\/wp-json\/wp\/v2\/media?parent=27273"}],"wp:term":[{"taxonomy":"category","embeddable":true,"href":"https:\/\/www.ilnotiziario.net\/wp\/wp-json\/wp\/v2\/categories?post=27273"},{"taxonomy":"post_tag","embeddable":true,"href":"https:\/\/www.ilnotiziario.net\/wp\/wp-json\/wp\/v2\/tags?post=27273"}],"curies":[{"name":"wp","href":"https:\/\/api.w.org\/{rel}","templated":true}]}}