{"id":27948,"date":"2018-07-30T19:46:08","date_gmt":"2018-07-30T17:46:08","guid":{"rendered":"https:\/\/www.ilnotiziario.net\/?p=27948"},"modified":"2018-07-31T08:16:11","modified_gmt":"2018-07-31T06:16:11","slug":"il-notiziario-alla-casa-bianca-con-il-premier-conte","status":"publish","type":"post","link":"https:\/\/www.ilnotiziario.net\/wp\/prima-pagina\/il-notiziario-alla-casa-bianca-con-il-premier-conte\/","title":{"rendered":"Il Notiziario alla Casa Bianca con il premier Conte."},"content":{"rendered":"<p><img fetchpriority=\"high\" decoding=\"async\" class=\"aligncenter size-medium wp-image-27949\" src=\"https:\/\/www.ilnotiziario.net\/wp\/wp-content\/uploads\/2018\/07\/notiTWH-225x300.jpg\" alt=\"notiziario Casa Bianca\" width=\"225\" height=\"300\" srcset=\"https:\/\/www.ilnotiziario.net\/wp\/wp-content\/uploads\/2018\/07\/notiTWH-225x300.jpg 225w, https:\/\/www.ilnotiziario.net\/wp\/wp-content\/uploads\/2018\/07\/notiTWH.jpg 768w, https:\/\/www.ilnotiziario.net\/wp\/wp-content\/uploads\/2018\/07\/notiTWH-560x747.jpg 560w\" sizes=\"(max-width: 225px) 100vw, 225px\" \/>Non \u00e8 un fotomontaggio, \u00e8 una foto scattata appena qualche ora fa nella capitale degli Usa.<\/p><div id=\"ilnot-2350079403\" class=\"ilnot-contenuto ilnot-entity-placement\"><p><!-- incontent_1 --><\/p>\n<div class=\"gptslot\" data-adunitid=\"1\"><\/div>\n<\/div>\n<h2>Il nostro settimanale \u00e8 approdato all&#8217;interno della residenza ufficiale del presidente degli Stati Uniti d&#8217;America a Washington<\/h2>\n<p>Un affezionato lettore del Notiziario ha pensato bene di farci una sorpresa: dovendosi recare alla Casa Bianca a Washington per lavoro a seguito della delegazione del premier Conte, ha pensato di portarsi dietro l&#8217;ultimo numero del Notiziario e scattare qualche foto ricordo.<\/p>\n<p>Il servizio completo su un po&#8217; di &#8220;dietro le quinte&#8221; di&nbsp; questo pomeriggio negli Usa, con la delegazione del presidente del Consiglio dei Ministri, Giuseppe Conte sar\u00e0 pubblicato integralmente su &#8220;il notiziario&#8221; che, questa settimana, sar\u00e0 eccezionalmente in edicola di gioved\u00ec, il 2 agosto.&nbsp;<\/p><div id=\"ilnot-1387904948\" class=\"ilnot-contenuto_2 ilnot-entity-placement\"><div class=\"ads-wrapper\">\n<div class=\"ad-slot\">\n   <div id=\"ilnot-2349194413\" style=\"margin-right: auto;margin-left: auto;text-align: center;width: 320px;height: 100px;\"><a href=\"https:\/\/www.scuolasicurezza.it\/\"><img decoding=\"async\" src=\"https:\/\/www.ilnotiziario.net\/wp\/wp-content\/uploads\/2026\/04\/IlNotiziario_banner-sito-e-newsletter-320-x-100-px-1.gif\" alt=\"\"><\/a><\/div>\n  <\/div>\n<div class=\"ad-slot\">\n   <div id=\"ilnot-566814062\" style=\"margin-right: auto;margin-left: auto;text-align: center;width: 320px;height: 100px;\"><a href=\"https:\/\/purodesignarredamenti.com\/\"><img decoding=\"async\" src=\"https:\/\/www.ilnotiziario.net\/wp\/wp-content\/uploads\/2026\/04\/banner-puro-ok.gif\" alt=\"whatsapp\"><\/a><\/div><\/p><\/div>\n<\/div>\n<\/div>\n<p>&nbsp;<\/p>\n<p>Non perdetelo ! <a href=\"http:\/\/www.edicola.ilnotiziario.net\">Anche in digitale qui.<\/a><\/p>\n","protected":false},"excerpt":{"rendered":"<p>Non \u00e8 un fotomontaggio, \u00e8 una foto scattata appena qualche ora fa nella capitale degli Usa. Il nostro settimanale \u00e8 approdato all&#8217;interno della residenza ufficiale del presidente degli Stati Uniti d&#8217;America a Washington Un affezionato lettore del Notiziario ha pensato bene di farci una sorpresa: dovendosi recare alla Casa Bianca a Washington per lavoro a<\/p>\n","protected":false},"author":3,"featured_media":27949,"comment_status":"closed","ping_status":"closed","sticky":false,"template":"","format":"standard","meta":{"footnotes":""},"categories":[8,11,20],"tags":[5426,700,2541],"class_list":{"0":"post-27948","1":"post","2":"type-post","3":"status-publish","4":"format-standard","5":"has-post-thumbnail","7":"category-bollatese","8":"category-nord-milano","9":"category-prima-pagina","10":"tag-casa-bianca","11":"tag-notiziario","12":"tag-usa"},"yoast_head":"<!-- This site is optimized with the Yoast SEO plugin v27.4 - https:\/\/yoast.com\/product\/yoast-seo-wordpress\/ -->\n<title>Il Notiziario alla Casa Bianca con il premier Conte. - Il Notiziario<\/title>\n<meta name=\"description\" content=\"Non \u00e8 un fotomontaggio, \u00e8 una foto scattata appena qualche ora fa nella capitale degli Usa. Il nostro settimanale \u00e8 approdato all&#039;interno della residenza Il nostro settimanale \u00e8 approdato all&#039;interno della residente ufficiale del presidente degli Stati Uniti d&#039;America a Washington\" \/>\n<meta name=\"robots\" content=\"index, follow, max-snippet:-1, max-image-preview:large, max-video-preview:-1\" \/>\n<link rel=\"canonical\" href=\"https:\/\/www.ilnotiziario.net\/wp\/prima-pagina\/il-notiziario-alla-casa-bianca-con-il-premier-conte\/\" \/>\n<meta property=\"og:locale\" content=\"it_IT\" \/>\n<meta property=\"og:type\" content=\"article\" \/>\n<meta property=\"og:title\" content=\"Il Notiziario alla Casa Bianca con il premier Conte. - Il Notiziario\" \/>\n<meta property=\"og:description\" content=\"Non \u00e8 un fotomontaggio, \u00e8 una foto scattata appena qualche ora fa nella capitale degli Usa. Il nostro settimanale \u00e8 approdato all&#039;interno della residenza Il nostro settimanale \u00e8 approdato all&#039;interno della residente ufficiale del presidente degli Stati Uniti d&#039;America a Washington\" \/>\n<meta property=\"og:url\" content=\"https:\/\/www.ilnotiziario.net\/wp\/prima-pagina\/il-notiziario-alla-casa-bianca-con-il-premier-conte\/\" \/>\n<meta property=\"og:site_name\" content=\"Il Notiziario\" \/>\n<meta property=\"article:publisher\" content=\"https:\/\/www.facebook.com\/ilnotiziarioind\/\" \/>\n<meta property=\"article:published_time\" content=\"2018-07-30T17:46:08+00:00\" \/>\n<meta property=\"article:modified_time\" content=\"2018-07-31T06:16:11+00:00\" \/>\n<meta property=\"og:image\" content=\"https:\/\/www.ilnotiziario.net\/wp\/wp-content\/uploads\/2018\/07\/notiTWH.jpg\" \/>\n\t<meta property=\"og:image:width\" content=\"768\" \/>\n\t<meta property=\"og:image:height\" content=\"1024\" \/>\n\t<meta property=\"og:image:type\" content=\"image\/jpeg\" \/>\n<meta name=\"author\" content=\"Gabriele Bassani\" \/>\n<meta name=\"twitter:card\" content=\"summary_large_image\" \/>\n<meta name=\"twitter:creator\" content=\"@ilNotiziarioInd\" \/>\n<meta name=\"twitter:site\" content=\"@ilNotiziarioInd\" \/>\n<meta name=\"twitter:label1\" content=\"Scritto da\" \/>\n\t<meta name=\"twitter:data1\" content=\"Gabriele Bassani\" \/>\n\t<meta name=\"twitter:label2\" content=\"Tempo di lettura stimato\" \/>\n\t<meta name=\"twitter:data2\" content=\"1 minuto\" \/>\n<script type=\"application\/ld+json\" class=\"yoast-schema-graph\">{\"@context\":\"https:\\\/\\\/schema.org\",\"@graph\":[{\"@type\":\"Article\",\"@id\":\"https:\\\/\\\/www.ilnotiziario.net\\\/wp\\\/prima-pagina\\\/il-notiziario-alla-casa-bianca-con-il-premier-conte\\\/#article\",\"isPartOf\":{\"@id\":\"https:\\\/\\\/www.ilnotiziario.net\\\/wp\\\/prima-pagina\\\/il-notiziario-alla-casa-bianca-con-il-premier-conte\\\/\"},\"author\":{\"name\":\"Gabriele Bassani\",\"@id\":\"https:\\\/\\\/www.ilnotiziario.net\\\/wp\\\/#\\\/schema\\\/person\\\/386e222908f898bb41c033989482bbf2\"},\"headline\":\"Il Notiziario alla Casa Bianca con il premier Conte.\",\"datePublished\":\"2018-07-30T17:46:08+00:00\",\"dateModified\":\"2018-07-31T06:16:11+00:00\",\"mainEntityOfPage\":{\"@id\":\"https:\\\/\\\/www.ilnotiziario.net\\\/wp\\\/prima-pagina\\\/il-notiziario-alla-casa-bianca-con-il-premier-conte\\\/\"},\"wordCount\":136,\"publisher\":{\"@id\":\"https:\\\/\\\/www.ilnotiziario.net\\\/wp\\\/#organization\"},\"image\":{\"@id\":\"https:\\\/\\\/www.ilnotiziario.net\\\/wp\\\/prima-pagina\\\/il-notiziario-alla-casa-bianca-con-il-premier-conte\\\/#primaryimage\"},\"thumbnailUrl\":\"https:\\\/\\\/www.ilnotiziario.net\\\/wp\\\/wp-content\\\/uploads\\\/2018\\\/07\\\/notiTWH.jpg\",\"keywords\":[\"Casa Bianca\",\"Notiziario\",\"Usa\"],\"articleSection\":[\"BOLLATESE\",\"NORD MILANO\",\"Prima Pagina\"],\"inLanguage\":\"it-IT\"},{\"@type\":\"WebPage\",\"@id\":\"https:\\\/\\\/www.ilnotiziario.net\\\/wp\\\/prima-pagina\\\/il-notiziario-alla-casa-bianca-con-il-premier-conte\\\/\",\"url\":\"https:\\\/\\\/www.ilnotiziario.net\\\/wp\\\/prima-pagina\\\/il-notiziario-alla-casa-bianca-con-il-premier-conte\\\/\",\"name\":\"Il Notiziario alla Casa Bianca con il premier Conte. - Il Notiziario\",\"isPartOf\":{\"@id\":\"https:\\\/\\\/www.ilnotiziario.net\\\/wp\\\/#website\"},\"primaryImageOfPage\":{\"@id\":\"https:\\\/\\\/www.ilnotiziario.net\\\/wp\\\/prima-pagina\\\/il-notiziario-alla-casa-bianca-con-il-premier-conte\\\/#primaryimage\"},\"image\":{\"@id\":\"https:\\\/\\\/www.ilnotiziario.net\\\/wp\\\/prima-pagina\\\/il-notiziario-alla-casa-bianca-con-il-premier-conte\\\/#primaryimage\"},\"thumbnailUrl\":\"https:\\\/\\\/www.ilnotiziario.net\\\/wp\\\/wp-content\\\/uploads\\\/2018\\\/07\\\/notiTWH.jpg\",\"datePublished\":\"2018-07-30T17:46:08+00:00\",\"dateModified\":\"2018-07-31T06:16:11+00:00\",\"description\":\"Non \u00e8 un fotomontaggio, \u00e8 una foto scattata appena qualche ora fa nella capitale degli Usa. Il nostro settimanale \u00e8 approdato all'interno della residenza Il nostro settimanale \u00e8 approdato all'interno della residente ufficiale del presidente degli Stati Uniti d'America a Washington\",\"breadcrumb\":{\"@id\":\"https:\\\/\\\/www.ilnotiziario.net\\\/wp\\\/prima-pagina\\\/il-notiziario-alla-casa-bianca-con-il-premier-conte\\\/#breadcrumb\"},\"inLanguage\":\"it-IT\",\"potentialAction\":[{\"@type\":\"ReadAction\",\"target\":[\"https:\\\/\\\/www.ilnotiziario.net\\\/wp\\\/prima-pagina\\\/il-notiziario-alla-casa-bianca-con-il-premier-conte\\\/\"]}]},{\"@type\":\"ImageObject\",\"inLanguage\":\"it-IT\",\"@id\":\"https:\\\/\\\/www.ilnotiziario.net\\\/wp\\\/prima-pagina\\\/il-notiziario-alla-casa-bianca-con-il-premier-conte\\\/#primaryimage\",\"url\":\"https:\\\/\\\/www.ilnotiziario.net\\\/wp\\\/wp-content\\\/uploads\\\/2018\\\/07\\\/notiTWH.jpg\",\"contentUrl\":\"https:\\\/\\\/www.ilnotiziario.net\\\/wp\\\/wp-content\\\/uploads\\\/2018\\\/07\\\/notiTWH.jpg\",\"width\":768,\"height\":1024,\"caption\":\"notiziario Casa Bianca\"},{\"@type\":\"BreadcrumbList\",\"@id\":\"https:\\\/\\\/www.ilnotiziario.net\\\/wp\\\/prima-pagina\\\/il-notiziario-alla-casa-bianca-con-il-premier-conte\\\/#breadcrumb\",\"itemListElement\":[{\"@type\":\"ListItem\",\"position\":1,\"name\":\"tds_text_logo_tagline_colortds_text_logo_tagline_colortds_text_logo_tagline_colortds_text_logo_tagline_colortd_module_7_title_excerpttd_module_7_title_excerpttd_module_7_title_excerpttd_module_7_title_excerptHome\",\"item\":\"https:\\\/\\\/www.ilnotiziario.net\\\/wp\\\/\"},{\"@type\":\"ListItem\",\"position\":2,\"name\":\"Il Notiziario alla Casa Bianca con il premier Conte.\"}]},{\"@type\":\"WebSite\",\"@id\":\"https:\\\/\\\/www.ilnotiziario.net\\\/wp\\\/#website\",\"url\":\"https:\\\/\\\/www.ilnotiziario.net\\\/wp\\\/\",\"name\":\"Il Notiziario\",\"description\":\"Per restare sempre connessi alla notizia\",\"publisher\":{\"@id\":\"https:\\\/\\\/www.ilnotiziario.net\\\/wp\\\/#organization\"},\"alternateName\":\"Il Notiziario Bollate\",\"potentialAction\":[{\"@type\":\"SearchAction\",\"target\":{\"@type\":\"EntryPoint\",\"urlTemplate\":\"https:\\\/\\\/www.ilnotiziario.net\\\/wp\\\/?s={search_term_string}\"},\"query-input\":{\"@type\":\"PropertyValueSpecification\",\"valueRequired\":true,\"valueName\":\"search_term_string\"}}],\"inLanguage\":\"it-IT\"},{\"@type\":\"Organization\",\"@id\":\"https:\\\/\\\/www.ilnotiziario.net\\\/wp\\\/#organization\",\"name\":\"Il Notiziario\",\"url\":\"https:\\\/\\\/www.ilnotiziario.net\\\/wp\\\/\",\"logo\":{\"@type\":\"ImageObject\",\"inLanguage\":\"it-IT\",\"@id\":\"https:\\\/\\\/www.ilnotiziario.net\\\/wp\\\/#\\\/schema\\\/logo\\\/image\\\/\",\"url\":\"https:\\\/\\\/www.ilnotiziario.net\\\/wp\\\/wp-content\\\/uploads\\\/2022\\\/06\\\/170x170ilN.png\",\"contentUrl\":\"https:\\\/\\\/www.ilnotiziario.net\\\/wp\\\/wp-content\\\/uploads\\\/2022\\\/06\\\/170x170ilN.png\",\"width\":355,\"height\":355,\"caption\":\"Il Notiziario\"},\"image\":{\"@id\":\"https:\\\/\\\/www.ilnotiziario.net\\\/wp\\\/#\\\/schema\\\/logo\\\/image\\\/\"},\"sameAs\":[\"https:\\\/\\\/www.facebook.com\\\/ilnotiziarioind\\\/\",\"https:\\\/\\\/x.com\\\/ilNotiziarioInd\",\"https:\\\/\\\/www.instagram.com\\\/ilnotiziario_settimanale\\\/\"]},{\"@type\":\"Person\",\"@id\":\"https:\\\/\\\/www.ilnotiziario.net\\\/wp\\\/#\\\/schema\\\/person\\\/386e222908f898bb41c033989482bbf2\",\"name\":\"Gabriele Bassani\",\"image\":{\"@type\":\"ImageObject\",\"inLanguage\":\"it-IT\",\"@id\":\"https:\\\/\\\/secure.gravatar.com\\\/avatar\\\/09274f4a84fa97698bde56f84b3afed61c8492d48b0550db9671b68c177479cb?s=96&d=mm&r=g\",\"url\":\"https:\\\/\\\/secure.gravatar.com\\\/avatar\\\/09274f4a84fa97698bde56f84b3afed61c8492d48b0550db9671b68c177479cb?s=96&d=mm&r=g\",\"contentUrl\":\"https:\\\/\\\/secure.gravatar.com\\\/avatar\\\/09274f4a84fa97698bde56f84b3afed61c8492d48b0550db9671b68c177479cb?s=96&d=mm&r=g\",\"caption\":\"Gabriele Bassani\"},\"sameAs\":[\"http:\\\/\\\/www.ilnotiziario.net\"]}]}<\/script>\n<!-- \/ Yoast SEO plugin. -->","yoast_head_json":{"title":"Il Notiziario alla Casa Bianca con il premier Conte. - Il Notiziario","description":"Non \u00e8 un fotomontaggio, \u00e8 una foto scattata appena qualche ora fa nella capitale degli Usa. Il nostro settimanale \u00e8 approdato all'interno della residenza Il nostro settimanale \u00e8 approdato all'interno della residente ufficiale del presidente degli Stati Uniti d'America a Washington","robots":{"index":"index","follow":"follow","max-snippet":"max-snippet:-1","max-image-preview":"max-image-preview:large","max-video-preview":"max-video-preview:-1"},"canonical":"https:\/\/www.ilnotiziario.net\/wp\/prima-pagina\/il-notiziario-alla-casa-bianca-con-il-premier-conte\/","og_locale":"it_IT","og_type":"article","og_title":"Il Notiziario alla Casa Bianca con il premier Conte. - Il Notiziario","og_description":"Non \u00e8 un fotomontaggio, \u00e8 una foto scattata appena qualche ora fa nella capitale degli Usa. Il nostro settimanale \u00e8 approdato all'interno della residenza Il nostro settimanale \u00e8 approdato all'interno della residente ufficiale del presidente degli Stati Uniti d'America a Washington","og_url":"https:\/\/www.ilnotiziario.net\/wp\/prima-pagina\/il-notiziario-alla-casa-bianca-con-il-premier-conte\/","og_site_name":"Il Notiziario","article_publisher":"https:\/\/www.facebook.com\/ilnotiziarioind\/","article_published_time":"2018-07-30T17:46:08+00:00","article_modified_time":"2018-07-31T06:16:11+00:00","og_image":[{"width":768,"height":1024,"url":"https:\/\/www.ilnotiziario.net\/wp\/wp-content\/uploads\/2018\/07\/notiTWH.jpg","type":"image\/jpeg"}],"author":"Gabriele Bassani","twitter_card":"summary_large_image","twitter_creator":"@ilNotiziarioInd","twitter_site":"@ilNotiziarioInd","twitter_misc":{"Scritto da":"Gabriele Bassani","Tempo di lettura stimato":"1 minuto"},"schema":{"@context":"https:\/\/schema.org","@graph":[{"@type":"Article","@id":"https:\/\/www.ilnotiziario.net\/wp\/prima-pagina\/il-notiziario-alla-casa-bianca-con-il-premier-conte\/#article","isPartOf":{"@id":"https:\/\/www.ilnotiziario.net\/wp\/prima-pagina\/il-notiziario-alla-casa-bianca-con-il-premier-conte\/"},"author":{"name":"Gabriele Bassani","@id":"https:\/\/www.ilnotiziario.net\/wp\/#\/schema\/person\/386e222908f898bb41c033989482bbf2"},"headline":"Il Notiziario alla Casa Bianca con il premier Conte.","datePublished":"2018-07-30T17:46:08+00:00","dateModified":"2018-07-31T06:16:11+00:00","mainEntityOfPage":{"@id":"https:\/\/www.ilnotiziario.net\/wp\/prima-pagina\/il-notiziario-alla-casa-bianca-con-il-premier-conte\/"},"wordCount":136,"publisher":{"@id":"https:\/\/www.ilnotiziario.net\/wp\/#organization"},"image":{"@id":"https:\/\/www.ilnotiziario.net\/wp\/prima-pagina\/il-notiziario-alla-casa-bianca-con-il-premier-conte\/#primaryimage"},"thumbnailUrl":"https:\/\/www.ilnotiziario.net\/wp\/wp-content\/uploads\/2018\/07\/notiTWH.jpg","keywords":["Casa Bianca","Notiziario","Usa"],"articleSection":["BOLLATESE","NORD MILANO","Prima Pagina"],"inLanguage":"it-IT"},{"@type":"WebPage","@id":"https:\/\/www.ilnotiziario.net\/wp\/prima-pagina\/il-notiziario-alla-casa-bianca-con-il-premier-conte\/","url":"https:\/\/www.ilnotiziario.net\/wp\/prima-pagina\/il-notiziario-alla-casa-bianca-con-il-premier-conte\/","name":"Il Notiziario alla Casa Bianca con il premier Conte. - Il Notiziario","isPartOf":{"@id":"https:\/\/www.ilnotiziario.net\/wp\/#website"},"primaryImageOfPage":{"@id":"https:\/\/www.ilnotiziario.net\/wp\/prima-pagina\/il-notiziario-alla-casa-bianca-con-il-premier-conte\/#primaryimage"},"image":{"@id":"https:\/\/www.ilnotiziario.net\/wp\/prima-pagina\/il-notiziario-alla-casa-bianca-con-il-premier-conte\/#primaryimage"},"thumbnailUrl":"https:\/\/www.ilnotiziario.net\/wp\/wp-content\/uploads\/2018\/07\/notiTWH.jpg","datePublished":"2018-07-30T17:46:08+00:00","dateModified":"2018-07-31T06:16:11+00:00","description":"Non \u00e8 un fotomontaggio, \u00e8 una foto scattata appena qualche ora fa nella capitale degli Usa. Il nostro settimanale \u00e8 approdato all'interno della residenza Il nostro settimanale \u00e8 approdato all'interno della residente ufficiale del presidente degli Stati Uniti d'America a Washington","breadcrumb":{"@id":"https:\/\/www.ilnotiziario.net\/wp\/prima-pagina\/il-notiziario-alla-casa-bianca-con-il-premier-conte\/#breadcrumb"},"inLanguage":"it-IT","potentialAction":[{"@type":"ReadAction","target":["https:\/\/www.ilnotiziario.net\/wp\/prima-pagina\/il-notiziario-alla-casa-bianca-con-il-premier-conte\/"]}]},{"@type":"ImageObject","inLanguage":"it-IT","@id":"https:\/\/www.ilnotiziario.net\/wp\/prima-pagina\/il-notiziario-alla-casa-bianca-con-il-premier-conte\/#primaryimage","url":"https:\/\/www.ilnotiziario.net\/wp\/wp-content\/uploads\/2018\/07\/notiTWH.jpg","contentUrl":"https:\/\/www.ilnotiziario.net\/wp\/wp-content\/uploads\/2018\/07\/notiTWH.jpg","width":768,"height":1024,"caption":"notiziario Casa Bianca"},{"@type":"BreadcrumbList","@id":"https:\/\/www.ilnotiziario.net\/wp\/prima-pagina\/il-notiziario-alla-casa-bianca-con-il-premier-conte\/#breadcrumb","itemListElement":[{"@type":"ListItem","position":1,"name":"tds_text_logo_tagline_colortds_text_logo_tagline_colortds_text_logo_tagline_colortds_text_logo_tagline_colortd_module_7_title_excerpttd_module_7_title_excerpttd_module_7_title_excerpttd_module_7_title_excerptHome","item":"https:\/\/www.ilnotiziario.net\/wp\/"},{"@type":"ListItem","position":2,"name":"Il Notiziario alla Casa Bianca con il premier Conte."}]},{"@type":"WebSite","@id":"https:\/\/www.ilnotiziario.net\/wp\/#website","url":"https:\/\/www.ilnotiziario.net\/wp\/","name":"Il Notiziario","description":"Per restare sempre connessi alla notizia","publisher":{"@id":"https:\/\/www.ilnotiziario.net\/wp\/#organization"},"alternateName":"Il Notiziario Bollate","potentialAction":[{"@type":"SearchAction","target":{"@type":"EntryPoint","urlTemplate":"https:\/\/www.ilnotiziario.net\/wp\/?s={search_term_string}"},"query-input":{"@type":"PropertyValueSpecification","valueRequired":true,"valueName":"search_term_string"}}],"inLanguage":"it-IT"},{"@type":"Organization","@id":"https:\/\/www.ilnotiziario.net\/wp\/#organization","name":"Il Notiziario","url":"https:\/\/www.ilnotiziario.net\/wp\/","logo":{"@type":"ImageObject","inLanguage":"it-IT","@id":"https:\/\/www.ilnotiziario.net\/wp\/#\/schema\/logo\/image\/","url":"https:\/\/www.ilnotiziario.net\/wp\/wp-content\/uploads\/2022\/06\/170x170ilN.png","contentUrl":"https:\/\/www.ilnotiziario.net\/wp\/wp-content\/uploads\/2022\/06\/170x170ilN.png","width":355,"height":355,"caption":"Il Notiziario"},"image":{"@id":"https:\/\/www.ilnotiziario.net\/wp\/#\/schema\/logo\/image\/"},"sameAs":["https:\/\/www.facebook.com\/ilnotiziarioind\/","https:\/\/x.com\/ilNotiziarioInd","https:\/\/www.instagram.com\/ilnotiziario_settimanale\/"]},{"@type":"Person","@id":"https:\/\/www.ilnotiziario.net\/wp\/#\/schema\/person\/386e222908f898bb41c033989482bbf2","name":"Gabriele Bassani","image":{"@type":"ImageObject","inLanguage":"it-IT","@id":"https:\/\/secure.gravatar.com\/avatar\/09274f4a84fa97698bde56f84b3afed61c8492d48b0550db9671b68c177479cb?s=96&d=mm&r=g","url":"https:\/\/secure.gravatar.com\/avatar\/09274f4a84fa97698bde56f84b3afed61c8492d48b0550db9671b68c177479cb?s=96&d=mm&r=g","contentUrl":"https:\/\/secure.gravatar.com\/avatar\/09274f4a84fa97698bde56f84b3afed61c8492d48b0550db9671b68c177479cb?s=96&d=mm&r=g","caption":"Gabriele Bassani"},"sameAs":["http:\/\/www.ilnotiziario.net"]}]}},"_links":{"self":[{"href":"https:\/\/www.ilnotiziario.net\/wp\/wp-json\/wp\/v2\/posts\/27948","targetHints":{"allow":["GET"]}}],"collection":[{"href":"https:\/\/www.ilnotiziario.net\/wp\/wp-json\/wp\/v2\/posts"}],"about":[{"href":"https:\/\/www.ilnotiziario.net\/wp\/wp-json\/wp\/v2\/types\/post"}],"author":[{"embeddable":true,"href":"https:\/\/www.ilnotiziario.net\/wp\/wp-json\/wp\/v2\/users\/3"}],"replies":[{"embeddable":true,"href":"https:\/\/www.ilnotiziario.net\/wp\/wp-json\/wp\/v2\/comments?post=27948"}],"version-history":[{"count":0,"href":"https:\/\/www.ilnotiziario.net\/wp\/wp-json\/wp\/v2\/posts\/27948\/revisions"}],"wp:featuredmedia":[{"embeddable":true,"href":"https:\/\/www.ilnotiziario.net\/wp\/wp-json\/wp\/v2\/media\/27949"}],"wp:attachment":[{"href":"https:\/\/www.ilnotiziario.net\/wp\/wp-json\/wp\/v2\/media?parent=27948"}],"wp:term":[{"taxonomy":"category","embeddable":true,"href":"https:\/\/www.ilnotiziario.net\/wp\/wp-json\/wp\/v2\/categories?post=27948"},{"taxonomy":"post_tag","embeddable":true,"href":"https:\/\/www.ilnotiziario.net\/wp\/wp-json\/wp\/v2\/tags?post=27948"}],"curies":[{"name":"wp","href":"https:\/\/api.w.org\/{rel}","templated":true}]}}