{"id":28576,"date":"2018-09-15T11:07:21","date_gmt":"2018-09-15T09:07:21","guid":{"rendered":"https:\/\/www.ilnotiziario.net\/?p=28576"},"modified":"2018-09-15T11:07:21","modified_gmt":"2018-09-15T09:07:21","slug":"le-case-pertini-saranno-rifatte-e-la-gestione-coinvolgera-il-privato","status":"publish","type":"post","link":"https:\/\/www.ilnotiziario.net\/wp\/prima-pagina\/le-case-pertini-saranno-rifatte-e-la-gestione-coinvolgera-il-privato\/","title":{"rendered":"Le case Pertini saranno rifatte e la gestione coinvolger\u00e0 il privato"},"content":{"rendered":"<p><img fetchpriority=\"high\" decoding=\"async\" class=\"alignnone size-medium wp-image-28577\" src=\"https:\/\/www.ilnotiziario.net\/wp\/wp-content\/uploads\/2018\/09\/DF3BEE38-8A0F-4130-944D-118C697C9A84-300x225.jpeg\" alt=\"\" width=\"300\" height=\"225\" srcset=\"https:\/\/www.ilnotiziario.net\/wp\/wp-content\/uploads\/2018\/09\/DF3BEE38-8A0F-4130-944D-118C697C9A84-300x225.jpeg 300w, https:\/\/www.ilnotiziario.net\/wp\/wp-content\/uploads\/2018\/09\/DF3BEE38-8A0F-4130-944D-118C697C9A84-768x576.jpeg 768w, https:\/\/www.ilnotiziario.net\/wp\/wp-content\/uploads\/2018\/09\/DF3BEE38-8A0F-4130-944D-118C697C9A84-1024x768.jpeg 1024w, https:\/\/www.ilnotiziario.net\/wp\/wp-content\/uploads\/2018\/09\/DF3BEE38-8A0F-4130-944D-118C697C9A84-265x198.jpeg 265w, https:\/\/www.ilnotiziario.net\/wp\/wp-content\/uploads\/2018\/09\/DF3BEE38-8A0F-4130-944D-118C697C9A84-560x420.jpeg 560w\" sizes=\"(max-width: 300px) 100vw, 300px\" \/>&nbsp;Nel futuro delle case Pertini di Garbagnate c&#8217;\u00e8 la costruzione di un nuovo edificio ma anche la collaborazione col privato per la gestione. \u00c8 quanto ci ha dichiarato l&#8217;assessore regionale al Welfare Giulio Gallera nel corso del Festival della salute in corso oggi all&#8217;ospedale di Bollate.<\/p><div id=\"ilnot-3368842095\" class=\"ilnot-contenuto ilnot-entity-placement\"><p><!-- incontent_1 --><\/p>\n<div class=\"gptslot\" data-adunitid=\"1\"><\/div>\n<\/div>\n<p>Gallera ci ha chiarito che si far\u00e0 un bando per costruire le nuove Pertini nell&#8217;area dell&#8217;attuale struttura, non invece nell&#8217;ex ospedale come vorrebbero invece i sindaci di Garbagnate e Cesate.&nbsp;<\/p>\n<p>Maggiori dettagli sul Notiziario di settimana prossima&nbsp;<\/p><div id=\"ilnot-1964765443\" class=\"ilnot-contenuto_2 ilnot-entity-placement\"><div class=\"ads-wrapper\">\n<div class=\"ad-slot\">\n   <div id=\"ilnot-3704862451\" style=\"margin-right: auto;margin-left: auto;text-align: center;width: 320px;height: 100px;\"><a href=\"https:\/\/www.scuolasicurezza.it\/\"><img decoding=\"async\" src=\"https:\/\/www.ilnotiziario.net\/wp\/wp-content\/uploads\/2026\/04\/IlNotiziario_banner-sito-e-newsletter-320-x-100-px-1.gif\" alt=\"\"><\/a><\/div>\n  <\/div>\n<div class=\"ad-slot\">\n   <div id=\"ilnot-3897440075\" style=\"margin-right: auto;margin-left: auto;text-align: center;width: 320px;height: 100px;\"><a href=\"https:\/\/purodesignarredamenti.com\/\"><img decoding=\"async\" src=\"https:\/\/www.ilnotiziario.net\/wp\/wp-content\/uploads\/2026\/04\/banner-puro-ok.gif\" alt=\"whatsapp\"><\/a><\/div><\/p><\/div>\n<\/div>\n<\/div>\n","protected":false},"excerpt":{"rendered":"<p>&nbsp;Nel futuro delle case Pertini di Garbagnate c&#8217;\u00e8 la costruzione di un nuovo edificio ma anche la collaborazione col privato per la gestione. \u00c8 quanto ci ha dichiarato l&#8217;assessore regionale al Welfare Giulio Gallera nel corso del Festival della salute in corso oggi all&#8217;ospedale di Bollate. Gallera ci ha chiarito che si far\u00e0 un bando<\/p>\n","protected":false},"author":2,"featured_media":28577,"comment_status":"closed","ping_status":"closed","sticky":false,"template":"","format":"standard","meta":{"footnotes":""},"categories":[8,20],"tags":[2281,3434,3610,43],"class_list":{"0":"post-28576","1":"post","2":"type-post","3":"status-publish","4":"format-standard","5":"has-post-thumbnail","7":"category-bollatese","8":"category-prima-pagina","9":"tag-case-pertini","10":"tag-cesate","11":"tag-gallera","12":"tag-garbagnate"},"yoast_head":"<!-- This site is optimized with the Yoast SEO plugin v27.4 - https:\/\/yoast.com\/product\/yoast-seo-wordpress\/ -->\n<title>Le case Pertini saranno rifatte e la gestione coinvolger\u00e0 il privato - Il Notiziario<\/title>\n<meta name=\"description\" content=\"&nbsp;Nel futuro delle case Pertini di Garbagnate c&#039;\u00e8 la costruzione di un nuovo edificio ma anche la collaborazione col privato per la gestione. \u00c8 quanto\" \/>\n<meta name=\"robots\" content=\"index, follow, max-snippet:-1, max-image-preview:large, max-video-preview:-1\" \/>\n<link rel=\"canonical\" href=\"https:\/\/www.ilnotiziario.net\/wp\/prima-pagina\/le-case-pertini-saranno-rifatte-e-la-gestione-coinvolgera-il-privato\/\" \/>\n<meta property=\"og:locale\" content=\"it_IT\" \/>\n<meta property=\"og:type\" content=\"article\" \/>\n<meta property=\"og:title\" content=\"Le case Pertini saranno rifatte e la gestione coinvolger\u00e0 il privato - Il Notiziario\" \/>\n<meta property=\"og:description\" content=\"&nbsp;Nel futuro delle case Pertini di Garbagnate c&#039;\u00e8 la costruzione di un nuovo edificio ma anche la collaborazione col privato per la gestione. \u00c8 quanto\" \/>\n<meta property=\"og:url\" content=\"https:\/\/www.ilnotiziario.net\/wp\/prima-pagina\/le-case-pertini-saranno-rifatte-e-la-gestione-coinvolgera-il-privato\/\" \/>\n<meta property=\"og:site_name\" content=\"Il Notiziario\" \/>\n<meta property=\"article:publisher\" content=\"https:\/\/www.facebook.com\/ilnotiziarioind\/\" \/>\n<meta property=\"article:published_time\" content=\"2018-09-15T09:07:21+00:00\" \/>\n<meta property=\"og:image\" content=\"https:\/\/www.ilnotiziario.net\/wp\/wp-content\/uploads\/2018\/09\/DF3BEE38-8A0F-4130-944D-118C697C9A84-1024x768.jpeg\" \/>\n\t<meta property=\"og:image:width\" content=\"1024\" \/>\n\t<meta property=\"og:image:height\" content=\"768\" \/>\n\t<meta property=\"og:image:type\" content=\"image\/jpeg\" \/>\n<meta name=\"author\" content=\"Piero Uboldi\" \/>\n<meta name=\"twitter:card\" content=\"summary_large_image\" \/>\n<meta name=\"twitter:creator\" content=\"@ilNotiziarioInd\" \/>\n<meta name=\"twitter:site\" content=\"@ilNotiziarioInd\" \/>\n<meta name=\"twitter:label1\" content=\"Scritto da\" \/>\n\t<meta name=\"twitter:data1\" content=\"Piero Uboldi\" \/>\n<script type=\"application\/ld+json\" class=\"yoast-schema-graph\">{\"@context\":\"https:\\\/\\\/schema.org\",\"@graph\":[{\"@type\":\"Article\",\"@id\":\"https:\\\/\\\/www.ilnotiziario.net\\\/wp\\\/prima-pagina\\\/le-case-pertini-saranno-rifatte-e-la-gestione-coinvolgera-il-privato\\\/#article\",\"isPartOf\":{\"@id\":\"https:\\\/\\\/www.ilnotiziario.net\\\/wp\\\/prima-pagina\\\/le-case-pertini-saranno-rifatte-e-la-gestione-coinvolgera-il-privato\\\/\"},\"author\":{\"name\":\"Piero Uboldi\",\"@id\":\"https:\\\/\\\/www.ilnotiziario.net\\\/wp\\\/#\\\/schema\\\/person\\\/e89637eee6354f1178cd746b675259ed\"},\"headline\":\"Le case Pertini saranno rifatte e la gestione coinvolger\u00e0 il privato\",\"datePublished\":\"2018-09-15T09:07:21+00:00\",\"mainEntityOfPage\":{\"@id\":\"https:\\\/\\\/www.ilnotiziario.net\\\/wp\\\/prima-pagina\\\/le-case-pertini-saranno-rifatte-e-la-gestione-coinvolgera-il-privato\\\/\"},\"wordCount\":101,\"publisher\":{\"@id\":\"https:\\\/\\\/www.ilnotiziario.net\\\/wp\\\/#organization\"},\"image\":{\"@id\":\"https:\\\/\\\/www.ilnotiziario.net\\\/wp\\\/prima-pagina\\\/le-case-pertini-saranno-rifatte-e-la-gestione-coinvolgera-il-privato\\\/#primaryimage\"},\"thumbnailUrl\":\"https:\\\/\\\/www.ilnotiziario.net\\\/wp\\\/wp-content\\\/uploads\\\/2018\\\/09\\\/DF3BEE38-8A0F-4130-944D-118C697C9A84.jpeg\",\"keywords\":[\"Case Pertini\",\"Cesate\",\"Gallera\",\"Garbagnate\"],\"articleSection\":[\"BOLLATESE\",\"Prima Pagina\"],\"inLanguage\":\"it-IT\"},{\"@type\":\"WebPage\",\"@id\":\"https:\\\/\\\/www.ilnotiziario.net\\\/wp\\\/prima-pagina\\\/le-case-pertini-saranno-rifatte-e-la-gestione-coinvolgera-il-privato\\\/\",\"url\":\"https:\\\/\\\/www.ilnotiziario.net\\\/wp\\\/prima-pagina\\\/le-case-pertini-saranno-rifatte-e-la-gestione-coinvolgera-il-privato\\\/\",\"name\":\"Le case Pertini saranno rifatte e la gestione coinvolger\u00e0 il privato - Il Notiziario\",\"isPartOf\":{\"@id\":\"https:\\\/\\\/www.ilnotiziario.net\\\/wp\\\/#website\"},\"primaryImageOfPage\":{\"@id\":\"https:\\\/\\\/www.ilnotiziario.net\\\/wp\\\/prima-pagina\\\/le-case-pertini-saranno-rifatte-e-la-gestione-coinvolgera-il-privato\\\/#primaryimage\"},\"image\":{\"@id\":\"https:\\\/\\\/www.ilnotiziario.net\\\/wp\\\/prima-pagina\\\/le-case-pertini-saranno-rifatte-e-la-gestione-coinvolgera-il-privato\\\/#primaryimage\"},\"thumbnailUrl\":\"https:\\\/\\\/www.ilnotiziario.net\\\/wp\\\/wp-content\\\/uploads\\\/2018\\\/09\\\/DF3BEE38-8A0F-4130-944D-118C697C9A84.jpeg\",\"datePublished\":\"2018-09-15T09:07:21+00:00\",\"description\":\"&nbsp;Nel futuro delle case Pertini di Garbagnate c'\u00e8 la costruzione di un nuovo edificio ma anche la collaborazione col privato per la gestione. \u00c8 quanto\",\"breadcrumb\":{\"@id\":\"https:\\\/\\\/www.ilnotiziario.net\\\/wp\\\/prima-pagina\\\/le-case-pertini-saranno-rifatte-e-la-gestione-coinvolgera-il-privato\\\/#breadcrumb\"},\"inLanguage\":\"it-IT\",\"potentialAction\":[{\"@type\":\"ReadAction\",\"target\":[\"https:\\\/\\\/www.ilnotiziario.net\\\/wp\\\/prima-pagina\\\/le-case-pertini-saranno-rifatte-e-la-gestione-coinvolgera-il-privato\\\/\"]}]},{\"@type\":\"ImageObject\",\"inLanguage\":\"it-IT\",\"@id\":\"https:\\\/\\\/www.ilnotiziario.net\\\/wp\\\/prima-pagina\\\/le-case-pertini-saranno-rifatte-e-la-gestione-coinvolgera-il-privato\\\/#primaryimage\",\"url\":\"https:\\\/\\\/www.ilnotiziario.net\\\/wp\\\/wp-content\\\/uploads\\\/2018\\\/09\\\/DF3BEE38-8A0F-4130-944D-118C697C9A84.jpeg\",\"contentUrl\":\"https:\\\/\\\/www.ilnotiziario.net\\\/wp\\\/wp-content\\\/uploads\\\/2018\\\/09\\\/DF3BEE38-8A0F-4130-944D-118C697C9A84.jpeg\",\"width\":4032,\"height\":3024},{\"@type\":\"BreadcrumbList\",\"@id\":\"https:\\\/\\\/www.ilnotiziario.net\\\/wp\\\/prima-pagina\\\/le-case-pertini-saranno-rifatte-e-la-gestione-coinvolgera-il-privato\\\/#breadcrumb\",\"itemListElement\":[{\"@type\":\"ListItem\",\"position\":1,\"name\":\"tds_text_logo_tagline_colortds_text_logo_tagline_colortds_text_logo_tagline_colortds_text_logo_tagline_colortd_module_7_title_excerpttd_module_7_title_excerpttd_module_7_title_excerpttd_module_7_title_excerptHome\",\"item\":\"https:\\\/\\\/www.ilnotiziario.net\\\/wp\\\/\"},{\"@type\":\"ListItem\",\"position\":2,\"name\":\"Le case Pertini saranno rifatte e la gestione coinvolger\u00e0 il privato\"}]},{\"@type\":\"WebSite\",\"@id\":\"https:\\\/\\\/www.ilnotiziario.net\\\/wp\\\/#website\",\"url\":\"https:\\\/\\\/www.ilnotiziario.net\\\/wp\\\/\",\"name\":\"Il Notiziario\",\"description\":\"Per restare sempre connessi alla notizia\",\"publisher\":{\"@id\":\"https:\\\/\\\/www.ilnotiziario.net\\\/wp\\\/#organization\"},\"alternateName\":\"Il Notiziario Bollate\",\"potentialAction\":[{\"@type\":\"SearchAction\",\"target\":{\"@type\":\"EntryPoint\",\"urlTemplate\":\"https:\\\/\\\/www.ilnotiziario.net\\\/wp\\\/?s={search_term_string}\"},\"query-input\":{\"@type\":\"PropertyValueSpecification\",\"valueRequired\":true,\"valueName\":\"search_term_string\"}}],\"inLanguage\":\"it-IT\"},{\"@type\":\"Organization\",\"@id\":\"https:\\\/\\\/www.ilnotiziario.net\\\/wp\\\/#organization\",\"name\":\"Il Notiziario\",\"url\":\"https:\\\/\\\/www.ilnotiziario.net\\\/wp\\\/\",\"logo\":{\"@type\":\"ImageObject\",\"inLanguage\":\"it-IT\",\"@id\":\"https:\\\/\\\/www.ilnotiziario.net\\\/wp\\\/#\\\/schema\\\/logo\\\/image\\\/\",\"url\":\"https:\\\/\\\/www.ilnotiziario.net\\\/wp\\\/wp-content\\\/uploads\\\/2022\\\/06\\\/170x170ilN.png\",\"contentUrl\":\"https:\\\/\\\/www.ilnotiziario.net\\\/wp\\\/wp-content\\\/uploads\\\/2022\\\/06\\\/170x170ilN.png\",\"width\":355,\"height\":355,\"caption\":\"Il Notiziario\"},\"image\":{\"@id\":\"https:\\\/\\\/www.ilnotiziario.net\\\/wp\\\/#\\\/schema\\\/logo\\\/image\\\/\"},\"sameAs\":[\"https:\\\/\\\/www.facebook.com\\\/ilnotiziarioind\\\/\",\"https:\\\/\\\/x.com\\\/ilNotiziarioInd\",\"https:\\\/\\\/www.instagram.com\\\/ilnotiziario_settimanale\\\/\"]},{\"@type\":\"Person\",\"@id\":\"https:\\\/\\\/www.ilnotiziario.net\\\/wp\\\/#\\\/schema\\\/person\\\/e89637eee6354f1178cd746b675259ed\",\"name\":\"Piero Uboldi\",\"image\":{\"@type\":\"ImageObject\",\"inLanguage\":\"it-IT\",\"@id\":\"https:\\\/\\\/secure.gravatar.com\\\/avatar\\\/01137cd7d08f0fa4ec9f363c130b6097819cb1fe4aaf973d53d4066bd0e7593c?s=96&d=mm&r=g\",\"url\":\"https:\\\/\\\/secure.gravatar.com\\\/avatar\\\/01137cd7d08f0fa4ec9f363c130b6097819cb1fe4aaf973d53d4066bd0e7593c?s=96&d=mm&r=g\",\"contentUrl\":\"https:\\\/\\\/secure.gravatar.com\\\/avatar\\\/01137cd7d08f0fa4ec9f363c130b6097819cb1fe4aaf973d53d4066bd0e7593c?s=96&d=mm&r=g\",\"caption\":\"Piero Uboldi\"},\"sameAs\":[\"http:\\\/\\\/www.ilnotiziario.net\"]}]}<\/script>\n<!-- \/ Yoast SEO plugin. -->","yoast_head_json":{"title":"Le case Pertini saranno rifatte e la gestione coinvolger\u00e0 il privato - Il Notiziario","description":"&nbsp;Nel futuro delle case Pertini di Garbagnate c'\u00e8 la costruzione di un nuovo edificio ma anche la collaborazione col privato per la gestione. \u00c8 quanto","robots":{"index":"index","follow":"follow","max-snippet":"max-snippet:-1","max-image-preview":"max-image-preview:large","max-video-preview":"max-video-preview:-1"},"canonical":"https:\/\/www.ilnotiziario.net\/wp\/prima-pagina\/le-case-pertini-saranno-rifatte-e-la-gestione-coinvolgera-il-privato\/","og_locale":"it_IT","og_type":"article","og_title":"Le case Pertini saranno rifatte e la gestione coinvolger\u00e0 il privato - Il Notiziario","og_description":"&nbsp;Nel futuro delle case Pertini di Garbagnate c'\u00e8 la costruzione di un nuovo edificio ma anche la collaborazione col privato per la gestione. \u00c8 quanto","og_url":"https:\/\/www.ilnotiziario.net\/wp\/prima-pagina\/le-case-pertini-saranno-rifatte-e-la-gestione-coinvolgera-il-privato\/","og_site_name":"Il Notiziario","article_publisher":"https:\/\/www.facebook.com\/ilnotiziarioind\/","article_published_time":"2018-09-15T09:07:21+00:00","og_image":[{"width":1024,"height":768,"url":"https:\/\/www.ilnotiziario.net\/wp\/wp-content\/uploads\/2018\/09\/DF3BEE38-8A0F-4130-944D-118C697C9A84-1024x768.jpeg","type":"image\/jpeg"}],"author":"Piero Uboldi","twitter_card":"summary_large_image","twitter_creator":"@ilNotiziarioInd","twitter_site":"@ilNotiziarioInd","twitter_misc":{"Scritto da":"Piero Uboldi"},"schema":{"@context":"https:\/\/schema.org","@graph":[{"@type":"Article","@id":"https:\/\/www.ilnotiziario.net\/wp\/prima-pagina\/le-case-pertini-saranno-rifatte-e-la-gestione-coinvolgera-il-privato\/#article","isPartOf":{"@id":"https:\/\/www.ilnotiziario.net\/wp\/prima-pagina\/le-case-pertini-saranno-rifatte-e-la-gestione-coinvolgera-il-privato\/"},"author":{"name":"Piero Uboldi","@id":"https:\/\/www.ilnotiziario.net\/wp\/#\/schema\/person\/e89637eee6354f1178cd746b675259ed"},"headline":"Le case Pertini saranno rifatte e la gestione coinvolger\u00e0 il privato","datePublished":"2018-09-15T09:07:21+00:00","mainEntityOfPage":{"@id":"https:\/\/www.ilnotiziario.net\/wp\/prima-pagina\/le-case-pertini-saranno-rifatte-e-la-gestione-coinvolgera-il-privato\/"},"wordCount":101,"publisher":{"@id":"https:\/\/www.ilnotiziario.net\/wp\/#organization"},"image":{"@id":"https:\/\/www.ilnotiziario.net\/wp\/prima-pagina\/le-case-pertini-saranno-rifatte-e-la-gestione-coinvolgera-il-privato\/#primaryimage"},"thumbnailUrl":"https:\/\/www.ilnotiziario.net\/wp\/wp-content\/uploads\/2018\/09\/DF3BEE38-8A0F-4130-944D-118C697C9A84.jpeg","keywords":["Case Pertini","Cesate","Gallera","Garbagnate"],"articleSection":["BOLLATESE","Prima Pagina"],"inLanguage":"it-IT"},{"@type":"WebPage","@id":"https:\/\/www.ilnotiziario.net\/wp\/prima-pagina\/le-case-pertini-saranno-rifatte-e-la-gestione-coinvolgera-il-privato\/","url":"https:\/\/www.ilnotiziario.net\/wp\/prima-pagina\/le-case-pertini-saranno-rifatte-e-la-gestione-coinvolgera-il-privato\/","name":"Le case Pertini saranno rifatte e la gestione coinvolger\u00e0 il privato - Il Notiziario","isPartOf":{"@id":"https:\/\/www.ilnotiziario.net\/wp\/#website"},"primaryImageOfPage":{"@id":"https:\/\/www.ilnotiziario.net\/wp\/prima-pagina\/le-case-pertini-saranno-rifatte-e-la-gestione-coinvolgera-il-privato\/#primaryimage"},"image":{"@id":"https:\/\/www.ilnotiziario.net\/wp\/prima-pagina\/le-case-pertini-saranno-rifatte-e-la-gestione-coinvolgera-il-privato\/#primaryimage"},"thumbnailUrl":"https:\/\/www.ilnotiziario.net\/wp\/wp-content\/uploads\/2018\/09\/DF3BEE38-8A0F-4130-944D-118C697C9A84.jpeg","datePublished":"2018-09-15T09:07:21+00:00","description":"&nbsp;Nel futuro delle case Pertini di Garbagnate c'\u00e8 la costruzione di un nuovo edificio ma anche la collaborazione col privato per la gestione. \u00c8 quanto","breadcrumb":{"@id":"https:\/\/www.ilnotiziario.net\/wp\/prima-pagina\/le-case-pertini-saranno-rifatte-e-la-gestione-coinvolgera-il-privato\/#breadcrumb"},"inLanguage":"it-IT","potentialAction":[{"@type":"ReadAction","target":["https:\/\/www.ilnotiziario.net\/wp\/prima-pagina\/le-case-pertini-saranno-rifatte-e-la-gestione-coinvolgera-il-privato\/"]}]},{"@type":"ImageObject","inLanguage":"it-IT","@id":"https:\/\/www.ilnotiziario.net\/wp\/prima-pagina\/le-case-pertini-saranno-rifatte-e-la-gestione-coinvolgera-il-privato\/#primaryimage","url":"https:\/\/www.ilnotiziario.net\/wp\/wp-content\/uploads\/2018\/09\/DF3BEE38-8A0F-4130-944D-118C697C9A84.jpeg","contentUrl":"https:\/\/www.ilnotiziario.net\/wp\/wp-content\/uploads\/2018\/09\/DF3BEE38-8A0F-4130-944D-118C697C9A84.jpeg","width":4032,"height":3024},{"@type":"BreadcrumbList","@id":"https:\/\/www.ilnotiziario.net\/wp\/prima-pagina\/le-case-pertini-saranno-rifatte-e-la-gestione-coinvolgera-il-privato\/#breadcrumb","itemListElement":[{"@type":"ListItem","position":1,"name":"tds_text_logo_tagline_colortds_text_logo_tagline_colortds_text_logo_tagline_colortds_text_logo_tagline_colortd_module_7_title_excerpttd_module_7_title_excerpttd_module_7_title_excerpttd_module_7_title_excerptHome","item":"https:\/\/www.ilnotiziario.net\/wp\/"},{"@type":"ListItem","position":2,"name":"Le case Pertini saranno rifatte e la gestione coinvolger\u00e0 il privato"}]},{"@type":"WebSite","@id":"https:\/\/www.ilnotiziario.net\/wp\/#website","url":"https:\/\/www.ilnotiziario.net\/wp\/","name":"Il Notiziario","description":"Per restare sempre connessi alla notizia","publisher":{"@id":"https:\/\/www.ilnotiziario.net\/wp\/#organization"},"alternateName":"Il Notiziario Bollate","potentialAction":[{"@type":"SearchAction","target":{"@type":"EntryPoint","urlTemplate":"https:\/\/www.ilnotiziario.net\/wp\/?s={search_term_string}"},"query-input":{"@type":"PropertyValueSpecification","valueRequired":true,"valueName":"search_term_string"}}],"inLanguage":"it-IT"},{"@type":"Organization","@id":"https:\/\/www.ilnotiziario.net\/wp\/#organization","name":"Il Notiziario","url":"https:\/\/www.ilnotiziario.net\/wp\/","logo":{"@type":"ImageObject","inLanguage":"it-IT","@id":"https:\/\/www.ilnotiziario.net\/wp\/#\/schema\/logo\/image\/","url":"https:\/\/www.ilnotiziario.net\/wp\/wp-content\/uploads\/2022\/06\/170x170ilN.png","contentUrl":"https:\/\/www.ilnotiziario.net\/wp\/wp-content\/uploads\/2022\/06\/170x170ilN.png","width":355,"height":355,"caption":"Il Notiziario"},"image":{"@id":"https:\/\/www.ilnotiziario.net\/wp\/#\/schema\/logo\/image\/"},"sameAs":["https:\/\/www.facebook.com\/ilnotiziarioind\/","https:\/\/x.com\/ilNotiziarioInd","https:\/\/www.instagram.com\/ilnotiziario_settimanale\/"]},{"@type":"Person","@id":"https:\/\/www.ilnotiziario.net\/wp\/#\/schema\/person\/e89637eee6354f1178cd746b675259ed","name":"Piero Uboldi","image":{"@type":"ImageObject","inLanguage":"it-IT","@id":"https:\/\/secure.gravatar.com\/avatar\/01137cd7d08f0fa4ec9f363c130b6097819cb1fe4aaf973d53d4066bd0e7593c?s=96&d=mm&r=g","url":"https:\/\/secure.gravatar.com\/avatar\/01137cd7d08f0fa4ec9f363c130b6097819cb1fe4aaf973d53d4066bd0e7593c?s=96&d=mm&r=g","contentUrl":"https:\/\/secure.gravatar.com\/avatar\/01137cd7d08f0fa4ec9f363c130b6097819cb1fe4aaf973d53d4066bd0e7593c?s=96&d=mm&r=g","caption":"Piero Uboldi"},"sameAs":["http:\/\/www.ilnotiziario.net"]}]}},"_links":{"self":[{"href":"https:\/\/www.ilnotiziario.net\/wp\/wp-json\/wp\/v2\/posts\/28576","targetHints":{"allow":["GET"]}}],"collection":[{"href":"https:\/\/www.ilnotiziario.net\/wp\/wp-json\/wp\/v2\/posts"}],"about":[{"href":"https:\/\/www.ilnotiziario.net\/wp\/wp-json\/wp\/v2\/types\/post"}],"author":[{"embeddable":true,"href":"https:\/\/www.ilnotiziario.net\/wp\/wp-json\/wp\/v2\/users\/2"}],"replies":[{"embeddable":true,"href":"https:\/\/www.ilnotiziario.net\/wp\/wp-json\/wp\/v2\/comments?post=28576"}],"version-history":[{"count":0,"href":"https:\/\/www.ilnotiziario.net\/wp\/wp-json\/wp\/v2\/posts\/28576\/revisions"}],"wp:featuredmedia":[{"embeddable":true,"href":"https:\/\/www.ilnotiziario.net\/wp\/wp-json\/wp\/v2\/media\/28577"}],"wp:attachment":[{"href":"https:\/\/www.ilnotiziario.net\/wp\/wp-json\/wp\/v2\/media?parent=28576"}],"wp:term":[{"taxonomy":"category","embeddable":true,"href":"https:\/\/www.ilnotiziario.net\/wp\/wp-json\/wp\/v2\/categories?post=28576"},{"taxonomy":"post_tag","embeddable":true,"href":"https:\/\/www.ilnotiziario.net\/wp\/wp-json\/wp\/v2\/tags?post=28576"}],"curies":[{"name":"wp","href":"https:\/\/api.w.org\/{rel}","templated":true}]}}