{"id":28607,"date":"2018-09-17T17:53:32","date_gmt":"2018-09-17T15:53:32","guid":{"rendered":"https:\/\/www.ilnotiziario.net\/?p=28607"},"modified":"2018-09-17T17:53:32","modified_gmt":"2018-09-17T15:53:32","slug":"chiusura-della-superstrada-milano-meda-modificati-gli-orari-degli-interventi","status":"publish","type":"post","link":"https:\/\/www.ilnotiziario.net\/wp\/nord-milano\/chiusura-della-superstrada-milano-meda-modificati-gli-orari-degli-interventi\/","title":{"rendered":"Chiusura della superstrada Milano-Meda, modificati gli orari degli interventi"},"content":{"rendered":"<p><img fetchpriority=\"high\" decoding=\"async\" class=\"aligncenter size-medium wp-image-28608\" src=\"https:\/\/www.ilnotiziario.net\/wp\/wp-content\/uploads\/2018\/09\/MBControlloPonti-300x204.jpg\" alt=\"controllo ponti milano-meda\" width=\"300\" height=\"204\" srcset=\"https:\/\/www.ilnotiziario.net\/wp\/wp-content\/uploads\/2018\/09\/MBControlloPonti-300x204.jpg 300w, https:\/\/www.ilnotiziario.net\/wp\/wp-content\/uploads\/2018\/09\/MBControlloPonti.jpg 510w\" sizes=\"(max-width: 300px) 100vw, 300px\" \/>Serviranno due ore in pi\u00f9 di chiusura, tra stasera e domani mattina per la superstrada Milano-Meda. E\u2019 stata anticipata alle 21 di questa sera, anzich\u00e9 le 22, la chiusura della superstrada per le verifiche sui ponti di Cesano Maderno.<\/p><div id=\"ilnot-2654147541\" class=\"ilnot-contenuto ilnot-entity-placement\"><p><!-- incontent_1 --><\/p>\n<div class=\"gptslot\" data-adunitid=\"1\"><\/div>\n<\/div>\n<h2>\nLa riapertura avverr\u00e0 domani mattina alle 6 anzich\u00e9 alle 5 come inizialmente previsto.<\/h2>\n<p>La superstrada subir\u00e0 una chiusura parziale <strong>con uscite obbligatorie e percorsi alternativi<\/strong> in prossimit\u00e0 dei ponti n. 12 e 14 (Cesano Maderno via Manzoni e via San Benedetto) che sono i due coinvolti nell\u2019intervento gi\u00e0 programmato per le prossime ore.<\/p>\n<p>Si tratta di operazioni di carotaggio sulle strutture in cemento e di installazione di sensori per l\u2019impianto di monitoraggio.<\/p><div id=\"ilnot-3974630330\" class=\"ilnot-contenuto_2 ilnot-entity-placement\"><div class=\"ads-wrapper\">\n<div class=\"ad-slot\">\n   <div id=\"ilnot-2428523896\" style=\"margin-right: auto;margin-left: auto;text-align: center;width: 320px;height: 100px;\"><a href=\"https:\/\/www.scuolasicurezza.it\/\"><img decoding=\"async\" src=\"https:\/\/www.ilnotiziario.net\/wp\/wp-content\/uploads\/2026\/04\/IlNotiziario_banner-sito-e-newsletter-320-x-100-px-1.gif\" alt=\"\"><\/a><\/div>\n  <\/div>\n<div class=\"ad-slot\">\n   <div id=\"ilnot-976009115\" style=\"margin-right: auto;margin-left: auto;text-align: center;width: 320px;height: 100px;\"><a href=\"https:\/\/purodesignarredamenti.com\/\"><img decoding=\"async\" src=\"https:\/\/www.ilnotiziario.net\/wp\/wp-content\/uploads\/2026\/04\/banner-puro-ok.gif\" alt=\"whatsapp\"><\/a><\/div><\/p><\/div>\n<\/div>\n<\/div>\n<p>Da gioved\u00ec notte inizieranno le vere e proprie \u201cprove di carico\u201d: ne sono previste tre in tutto su diversi ponti, con il calendario gi\u00e0 messo a punto.<\/p>\n<p>Tutti gli orari di chiusura e i percorsi alternativi sono online sul sito della Provincia di Monza e Brianza,<a href=\"http:\/\/www.provincia.mb.it\/Temi\/viabilita\/lavori_incorso\/milano_meda2018.html\"> in questa pagina.<\/a><\/p>\n","protected":false},"excerpt":{"rendered":"<p>Serviranno due ore in pi\u00f9 di chiusura, tra stasera e domani mattina per la superstrada Milano-Meda. E\u2019 stata anticipata alle 21 di questa sera, anzich\u00e9 le 22, la chiusura della superstrada per le verifiche sui ponti di Cesano Maderno. La riapertura avverr\u00e0 domani mattina alle 6 anzich\u00e9 alle 5 come inizialmente previsto. La superstrada subir\u00e0<\/p>\n","protected":false},"author":3,"featured_media":28608,"comment_status":"closed","ping_status":"closed","sticky":false,"template":"","format":"standard","meta":{"footnotes":""},"categories":[9,11,20],"tags":[104,1723,96,3679],"class_list":{"0":"post-28607","1":"post","2":"type-post","3":"status-publish","4":"format-standard","5":"has-post-thumbnail","7":"category-brianza","8":"category-nord-milano","9":"category-prima-pagina","10":"tag-cesano-maderno","11":"tag-chiusura","12":"tag-milano-meda","13":"tag-ponti"},"yoast_head":"<!-- This site is optimized with the Yoast SEO plugin v27.4 - https:\/\/yoast.com\/product\/yoast-seo-wordpress\/ -->\n<title>Chiusura della superstrada Milano-Meda, modificati gli orari degli interventi - Il Notiziario<\/title>\n<meta name=\"description\" content=\"Serviranno due ore in pi\u00f9 di chiusura, tra stasera e domani mattina per la superstrada Milano-Meda. E\u2019 stata anticipata alle 21 di questa sera, anzich\u00e9 le La superstrada subir\u00e0 una chiusura parziale con uscite obbligatorie e percorsi alternativi in prossimit\u00e0 dei ponti n. 12 e 14\" \/>\n<meta name=\"robots\" content=\"index, follow, max-snippet:-1, max-image-preview:large, max-video-preview:-1\" \/>\n<link rel=\"canonical\" href=\"https:\/\/www.ilnotiziario.net\/wp\/nord-milano\/chiusura-della-superstrada-milano-meda-modificati-gli-orari-degli-interventi\/\" \/>\n<meta property=\"og:locale\" content=\"it_IT\" \/>\n<meta property=\"og:type\" content=\"article\" \/>\n<meta property=\"og:title\" content=\"Chiusura della superstrada Milano-Meda, modificati gli orari degli interventi - Il Notiziario\" \/>\n<meta property=\"og:description\" content=\"Serviranno due ore in pi\u00f9 di chiusura, tra stasera e domani mattina per la superstrada Milano-Meda. E\u2019 stata anticipata alle 21 di questa sera, anzich\u00e9 le La superstrada subir\u00e0 una chiusura parziale con uscite obbligatorie e percorsi alternativi in prossimit\u00e0 dei ponti n. 12 e 14\" \/>\n<meta property=\"og:url\" content=\"https:\/\/www.ilnotiziario.net\/wp\/nord-milano\/chiusura-della-superstrada-milano-meda-modificati-gli-orari-degli-interventi\/\" \/>\n<meta property=\"og:site_name\" content=\"Il Notiziario\" \/>\n<meta property=\"article:publisher\" content=\"https:\/\/www.facebook.com\/ilnotiziarioind\/\" \/>\n<meta property=\"article:published_time\" content=\"2018-09-17T15:53:32+00:00\" \/>\n<meta property=\"og:image\" content=\"https:\/\/www.ilnotiziario.net\/wp\/wp-content\/uploads\/2018\/09\/MBControlloPonti.jpg\" \/>\n\t<meta property=\"og:image:width\" content=\"510\" \/>\n\t<meta property=\"og:image:height\" content=\"346\" \/>\n\t<meta property=\"og:image:type\" content=\"image\/jpeg\" \/>\n<meta name=\"author\" content=\"Gabriele Bassani\" \/>\n<meta name=\"twitter:card\" content=\"summary_large_image\" \/>\n<meta name=\"twitter:creator\" content=\"@ilNotiziarioInd\" \/>\n<meta name=\"twitter:site\" content=\"@ilNotiziarioInd\" \/>\n<meta name=\"twitter:label1\" content=\"Scritto da\" \/>\n\t<meta name=\"twitter:data1\" content=\"Gabriele Bassani\" \/>\n\t<meta name=\"twitter:label2\" content=\"Tempo di lettura stimato\" \/>\n\t<meta name=\"twitter:data2\" content=\"1 minuto\" \/>\n<script type=\"application\/ld+json\" class=\"yoast-schema-graph\">{\"@context\":\"https:\\\/\\\/schema.org\",\"@graph\":[{\"@type\":\"Article\",\"@id\":\"https:\\\/\\\/www.ilnotiziario.net\\\/wp\\\/nord-milano\\\/chiusura-della-superstrada-milano-meda-modificati-gli-orari-degli-interventi\\\/#article\",\"isPartOf\":{\"@id\":\"https:\\\/\\\/www.ilnotiziario.net\\\/wp\\\/nord-milano\\\/chiusura-della-superstrada-milano-meda-modificati-gli-orari-degli-interventi\\\/\"},\"author\":{\"name\":\"Gabriele Bassani\",\"@id\":\"https:\\\/\\\/www.ilnotiziario.net\\\/wp\\\/#\\\/schema\\\/person\\\/386e222908f898bb41c033989482bbf2\"},\"headline\":\"Chiusura della superstrada Milano-Meda, modificati gli orari degli interventi\",\"datePublished\":\"2018-09-17T15:53:32+00:00\",\"mainEntityOfPage\":{\"@id\":\"https:\\\/\\\/www.ilnotiziario.net\\\/wp\\\/nord-milano\\\/chiusura-della-superstrada-milano-meda-modificati-gli-orari-degli-interventi\\\/\"},\"wordCount\":165,\"publisher\":{\"@id\":\"https:\\\/\\\/www.ilnotiziario.net\\\/wp\\\/#organization\"},\"image\":{\"@id\":\"https:\\\/\\\/www.ilnotiziario.net\\\/wp\\\/nord-milano\\\/chiusura-della-superstrada-milano-meda-modificati-gli-orari-degli-interventi\\\/#primaryimage\"},\"thumbnailUrl\":\"https:\\\/\\\/www.ilnotiziario.net\\\/wp\\\/wp-content\\\/uploads\\\/2018\\\/09\\\/MBControlloPonti.jpg\",\"keywords\":[\"Cesano Maderno\",\"chiusura\",\"Milano-Meda\",\"Ponti\"],\"articleSection\":[\"BRIANZA\",\"NORD MILANO\",\"Prima Pagina\"],\"inLanguage\":\"it-IT\"},{\"@type\":\"WebPage\",\"@id\":\"https:\\\/\\\/www.ilnotiziario.net\\\/wp\\\/nord-milano\\\/chiusura-della-superstrada-milano-meda-modificati-gli-orari-degli-interventi\\\/\",\"url\":\"https:\\\/\\\/www.ilnotiziario.net\\\/wp\\\/nord-milano\\\/chiusura-della-superstrada-milano-meda-modificati-gli-orari-degli-interventi\\\/\",\"name\":\"Chiusura della superstrada Milano-Meda, modificati gli orari degli interventi - Il Notiziario\",\"isPartOf\":{\"@id\":\"https:\\\/\\\/www.ilnotiziario.net\\\/wp\\\/#website\"},\"primaryImageOfPage\":{\"@id\":\"https:\\\/\\\/www.ilnotiziario.net\\\/wp\\\/nord-milano\\\/chiusura-della-superstrada-milano-meda-modificati-gli-orari-degli-interventi\\\/#primaryimage\"},\"image\":{\"@id\":\"https:\\\/\\\/www.ilnotiziario.net\\\/wp\\\/nord-milano\\\/chiusura-della-superstrada-milano-meda-modificati-gli-orari-degli-interventi\\\/#primaryimage\"},\"thumbnailUrl\":\"https:\\\/\\\/www.ilnotiziario.net\\\/wp\\\/wp-content\\\/uploads\\\/2018\\\/09\\\/MBControlloPonti.jpg\",\"datePublished\":\"2018-09-17T15:53:32+00:00\",\"description\":\"Serviranno due ore in pi\u00f9 di chiusura, tra stasera e domani mattina per la superstrada Milano-Meda. E\u2019 stata anticipata alle 21 di questa sera, anzich\u00e9 le La superstrada subir\u00e0 una chiusura parziale con uscite obbligatorie e percorsi alternativi in prossimit\u00e0 dei ponti n. 12 e 14\",\"breadcrumb\":{\"@id\":\"https:\\\/\\\/www.ilnotiziario.net\\\/wp\\\/nord-milano\\\/chiusura-della-superstrada-milano-meda-modificati-gli-orari-degli-interventi\\\/#breadcrumb\"},\"inLanguage\":\"it-IT\",\"potentialAction\":[{\"@type\":\"ReadAction\",\"target\":[\"https:\\\/\\\/www.ilnotiziario.net\\\/wp\\\/nord-milano\\\/chiusura-della-superstrada-milano-meda-modificati-gli-orari-degli-interventi\\\/\"]}]},{\"@type\":\"ImageObject\",\"inLanguage\":\"it-IT\",\"@id\":\"https:\\\/\\\/www.ilnotiziario.net\\\/wp\\\/nord-milano\\\/chiusura-della-superstrada-milano-meda-modificati-gli-orari-degli-interventi\\\/#primaryimage\",\"url\":\"https:\\\/\\\/www.ilnotiziario.net\\\/wp\\\/wp-content\\\/uploads\\\/2018\\\/09\\\/MBControlloPonti.jpg\",\"contentUrl\":\"https:\\\/\\\/www.ilnotiziario.net\\\/wp\\\/wp-content\\\/uploads\\\/2018\\\/09\\\/MBControlloPonti.jpg\",\"width\":510,\"height\":346,\"caption\":\"controllo ponti milano-meda\"},{\"@type\":\"BreadcrumbList\",\"@id\":\"https:\\\/\\\/www.ilnotiziario.net\\\/wp\\\/nord-milano\\\/chiusura-della-superstrada-milano-meda-modificati-gli-orari-degli-interventi\\\/#breadcrumb\",\"itemListElement\":[{\"@type\":\"ListItem\",\"position\":1,\"name\":\"tds_text_logo_tagline_colortds_text_logo_tagline_colortds_text_logo_tagline_colortds_text_logo_tagline_colortd_module_7_title_excerpttd_module_7_title_excerpttd_module_7_title_excerpttd_module_7_title_excerptHome\",\"item\":\"https:\\\/\\\/www.ilnotiziario.net\\\/wp\\\/\"},{\"@type\":\"ListItem\",\"position\":2,\"name\":\"Chiusura della superstrada Milano-Meda, modificati gli orari degli interventi\"}]},{\"@type\":\"WebSite\",\"@id\":\"https:\\\/\\\/www.ilnotiziario.net\\\/wp\\\/#website\",\"url\":\"https:\\\/\\\/www.ilnotiziario.net\\\/wp\\\/\",\"name\":\"Il Notiziario\",\"description\":\"Per restare sempre connessi alla notizia\",\"publisher\":{\"@id\":\"https:\\\/\\\/www.ilnotiziario.net\\\/wp\\\/#organization\"},\"alternateName\":\"Il Notiziario Bollate\",\"potentialAction\":[{\"@type\":\"SearchAction\",\"target\":{\"@type\":\"EntryPoint\",\"urlTemplate\":\"https:\\\/\\\/www.ilnotiziario.net\\\/wp\\\/?s={search_term_string}\"},\"query-input\":{\"@type\":\"PropertyValueSpecification\",\"valueRequired\":true,\"valueName\":\"search_term_string\"}}],\"inLanguage\":\"it-IT\"},{\"@type\":\"Organization\",\"@id\":\"https:\\\/\\\/www.ilnotiziario.net\\\/wp\\\/#organization\",\"name\":\"Il Notiziario\",\"url\":\"https:\\\/\\\/www.ilnotiziario.net\\\/wp\\\/\",\"logo\":{\"@type\":\"ImageObject\",\"inLanguage\":\"it-IT\",\"@id\":\"https:\\\/\\\/www.ilnotiziario.net\\\/wp\\\/#\\\/schema\\\/logo\\\/image\\\/\",\"url\":\"https:\\\/\\\/www.ilnotiziario.net\\\/wp\\\/wp-content\\\/uploads\\\/2022\\\/06\\\/170x170ilN.png\",\"contentUrl\":\"https:\\\/\\\/www.ilnotiziario.net\\\/wp\\\/wp-content\\\/uploads\\\/2022\\\/06\\\/170x170ilN.png\",\"width\":355,\"height\":355,\"caption\":\"Il Notiziario\"},\"image\":{\"@id\":\"https:\\\/\\\/www.ilnotiziario.net\\\/wp\\\/#\\\/schema\\\/logo\\\/image\\\/\"},\"sameAs\":[\"https:\\\/\\\/www.facebook.com\\\/ilnotiziarioind\\\/\",\"https:\\\/\\\/x.com\\\/ilNotiziarioInd\",\"https:\\\/\\\/www.instagram.com\\\/ilnotiziario_settimanale\\\/\"]},{\"@type\":\"Person\",\"@id\":\"https:\\\/\\\/www.ilnotiziario.net\\\/wp\\\/#\\\/schema\\\/person\\\/386e222908f898bb41c033989482bbf2\",\"name\":\"Gabriele Bassani\",\"image\":{\"@type\":\"ImageObject\",\"inLanguage\":\"it-IT\",\"@id\":\"https:\\\/\\\/secure.gravatar.com\\\/avatar\\\/09274f4a84fa97698bde56f84b3afed61c8492d48b0550db9671b68c177479cb?s=96&d=mm&r=g\",\"url\":\"https:\\\/\\\/secure.gravatar.com\\\/avatar\\\/09274f4a84fa97698bde56f84b3afed61c8492d48b0550db9671b68c177479cb?s=96&d=mm&r=g\",\"contentUrl\":\"https:\\\/\\\/secure.gravatar.com\\\/avatar\\\/09274f4a84fa97698bde56f84b3afed61c8492d48b0550db9671b68c177479cb?s=96&d=mm&r=g\",\"caption\":\"Gabriele Bassani\"},\"sameAs\":[\"http:\\\/\\\/www.ilnotiziario.net\"]}]}<\/script>\n<!-- \/ Yoast SEO plugin. -->","yoast_head_json":{"title":"Chiusura della superstrada Milano-Meda, modificati gli orari degli interventi - Il Notiziario","description":"Serviranno due ore in pi\u00f9 di chiusura, tra stasera e domani mattina per la superstrada Milano-Meda. E\u2019 stata anticipata alle 21 di questa sera, anzich\u00e9 le La superstrada subir\u00e0 una chiusura parziale con uscite obbligatorie e percorsi alternativi in prossimit\u00e0 dei ponti n. 12 e 14","robots":{"index":"index","follow":"follow","max-snippet":"max-snippet:-1","max-image-preview":"max-image-preview:large","max-video-preview":"max-video-preview:-1"},"canonical":"https:\/\/www.ilnotiziario.net\/wp\/nord-milano\/chiusura-della-superstrada-milano-meda-modificati-gli-orari-degli-interventi\/","og_locale":"it_IT","og_type":"article","og_title":"Chiusura della superstrada Milano-Meda, modificati gli orari degli interventi - Il Notiziario","og_description":"Serviranno due ore in pi\u00f9 di chiusura, tra stasera e domani mattina per la superstrada Milano-Meda. E\u2019 stata anticipata alle 21 di questa sera, anzich\u00e9 le La superstrada subir\u00e0 una chiusura parziale con uscite obbligatorie e percorsi alternativi in prossimit\u00e0 dei ponti n. 12 e 14","og_url":"https:\/\/www.ilnotiziario.net\/wp\/nord-milano\/chiusura-della-superstrada-milano-meda-modificati-gli-orari-degli-interventi\/","og_site_name":"Il Notiziario","article_publisher":"https:\/\/www.facebook.com\/ilnotiziarioind\/","article_published_time":"2018-09-17T15:53:32+00:00","og_image":[{"width":510,"height":346,"url":"https:\/\/www.ilnotiziario.net\/wp\/wp-content\/uploads\/2018\/09\/MBControlloPonti.jpg","type":"image\/jpeg"}],"author":"Gabriele Bassani","twitter_card":"summary_large_image","twitter_creator":"@ilNotiziarioInd","twitter_site":"@ilNotiziarioInd","twitter_misc":{"Scritto da":"Gabriele Bassani","Tempo di lettura stimato":"1 minuto"},"schema":{"@context":"https:\/\/schema.org","@graph":[{"@type":"Article","@id":"https:\/\/www.ilnotiziario.net\/wp\/nord-milano\/chiusura-della-superstrada-milano-meda-modificati-gli-orari-degli-interventi\/#article","isPartOf":{"@id":"https:\/\/www.ilnotiziario.net\/wp\/nord-milano\/chiusura-della-superstrada-milano-meda-modificati-gli-orari-degli-interventi\/"},"author":{"name":"Gabriele Bassani","@id":"https:\/\/www.ilnotiziario.net\/wp\/#\/schema\/person\/386e222908f898bb41c033989482bbf2"},"headline":"Chiusura della superstrada Milano-Meda, modificati gli orari degli interventi","datePublished":"2018-09-17T15:53:32+00:00","mainEntityOfPage":{"@id":"https:\/\/www.ilnotiziario.net\/wp\/nord-milano\/chiusura-della-superstrada-milano-meda-modificati-gli-orari-degli-interventi\/"},"wordCount":165,"publisher":{"@id":"https:\/\/www.ilnotiziario.net\/wp\/#organization"},"image":{"@id":"https:\/\/www.ilnotiziario.net\/wp\/nord-milano\/chiusura-della-superstrada-milano-meda-modificati-gli-orari-degli-interventi\/#primaryimage"},"thumbnailUrl":"https:\/\/www.ilnotiziario.net\/wp\/wp-content\/uploads\/2018\/09\/MBControlloPonti.jpg","keywords":["Cesano Maderno","chiusura","Milano-Meda","Ponti"],"articleSection":["BRIANZA","NORD MILANO","Prima Pagina"],"inLanguage":"it-IT"},{"@type":"WebPage","@id":"https:\/\/www.ilnotiziario.net\/wp\/nord-milano\/chiusura-della-superstrada-milano-meda-modificati-gli-orari-degli-interventi\/","url":"https:\/\/www.ilnotiziario.net\/wp\/nord-milano\/chiusura-della-superstrada-milano-meda-modificati-gli-orari-degli-interventi\/","name":"Chiusura della superstrada Milano-Meda, modificati gli orari degli interventi - Il Notiziario","isPartOf":{"@id":"https:\/\/www.ilnotiziario.net\/wp\/#website"},"primaryImageOfPage":{"@id":"https:\/\/www.ilnotiziario.net\/wp\/nord-milano\/chiusura-della-superstrada-milano-meda-modificati-gli-orari-degli-interventi\/#primaryimage"},"image":{"@id":"https:\/\/www.ilnotiziario.net\/wp\/nord-milano\/chiusura-della-superstrada-milano-meda-modificati-gli-orari-degli-interventi\/#primaryimage"},"thumbnailUrl":"https:\/\/www.ilnotiziario.net\/wp\/wp-content\/uploads\/2018\/09\/MBControlloPonti.jpg","datePublished":"2018-09-17T15:53:32+00:00","description":"Serviranno due ore in pi\u00f9 di chiusura, tra stasera e domani mattina per la superstrada Milano-Meda. E\u2019 stata anticipata alle 21 di questa sera, anzich\u00e9 le La superstrada subir\u00e0 una chiusura parziale con uscite obbligatorie e percorsi alternativi in prossimit\u00e0 dei ponti n. 12 e 14","breadcrumb":{"@id":"https:\/\/www.ilnotiziario.net\/wp\/nord-milano\/chiusura-della-superstrada-milano-meda-modificati-gli-orari-degli-interventi\/#breadcrumb"},"inLanguage":"it-IT","potentialAction":[{"@type":"ReadAction","target":["https:\/\/www.ilnotiziario.net\/wp\/nord-milano\/chiusura-della-superstrada-milano-meda-modificati-gli-orari-degli-interventi\/"]}]},{"@type":"ImageObject","inLanguage":"it-IT","@id":"https:\/\/www.ilnotiziario.net\/wp\/nord-milano\/chiusura-della-superstrada-milano-meda-modificati-gli-orari-degli-interventi\/#primaryimage","url":"https:\/\/www.ilnotiziario.net\/wp\/wp-content\/uploads\/2018\/09\/MBControlloPonti.jpg","contentUrl":"https:\/\/www.ilnotiziario.net\/wp\/wp-content\/uploads\/2018\/09\/MBControlloPonti.jpg","width":510,"height":346,"caption":"controllo ponti milano-meda"},{"@type":"BreadcrumbList","@id":"https:\/\/www.ilnotiziario.net\/wp\/nord-milano\/chiusura-della-superstrada-milano-meda-modificati-gli-orari-degli-interventi\/#breadcrumb","itemListElement":[{"@type":"ListItem","position":1,"name":"tds_text_logo_tagline_colortds_text_logo_tagline_colortds_text_logo_tagline_colortds_text_logo_tagline_colortd_module_7_title_excerpttd_module_7_title_excerpttd_module_7_title_excerpttd_module_7_title_excerptHome","item":"https:\/\/www.ilnotiziario.net\/wp\/"},{"@type":"ListItem","position":2,"name":"Chiusura della superstrada Milano-Meda, modificati gli orari degli interventi"}]},{"@type":"WebSite","@id":"https:\/\/www.ilnotiziario.net\/wp\/#website","url":"https:\/\/www.ilnotiziario.net\/wp\/","name":"Il Notiziario","description":"Per restare sempre connessi alla notizia","publisher":{"@id":"https:\/\/www.ilnotiziario.net\/wp\/#organization"},"alternateName":"Il Notiziario Bollate","potentialAction":[{"@type":"SearchAction","target":{"@type":"EntryPoint","urlTemplate":"https:\/\/www.ilnotiziario.net\/wp\/?s={search_term_string}"},"query-input":{"@type":"PropertyValueSpecification","valueRequired":true,"valueName":"search_term_string"}}],"inLanguage":"it-IT"},{"@type":"Organization","@id":"https:\/\/www.ilnotiziario.net\/wp\/#organization","name":"Il Notiziario","url":"https:\/\/www.ilnotiziario.net\/wp\/","logo":{"@type":"ImageObject","inLanguage":"it-IT","@id":"https:\/\/www.ilnotiziario.net\/wp\/#\/schema\/logo\/image\/","url":"https:\/\/www.ilnotiziario.net\/wp\/wp-content\/uploads\/2022\/06\/170x170ilN.png","contentUrl":"https:\/\/www.ilnotiziario.net\/wp\/wp-content\/uploads\/2022\/06\/170x170ilN.png","width":355,"height":355,"caption":"Il Notiziario"},"image":{"@id":"https:\/\/www.ilnotiziario.net\/wp\/#\/schema\/logo\/image\/"},"sameAs":["https:\/\/www.facebook.com\/ilnotiziarioind\/","https:\/\/x.com\/ilNotiziarioInd","https:\/\/www.instagram.com\/ilnotiziario_settimanale\/"]},{"@type":"Person","@id":"https:\/\/www.ilnotiziario.net\/wp\/#\/schema\/person\/386e222908f898bb41c033989482bbf2","name":"Gabriele Bassani","image":{"@type":"ImageObject","inLanguage":"it-IT","@id":"https:\/\/secure.gravatar.com\/avatar\/09274f4a84fa97698bde56f84b3afed61c8492d48b0550db9671b68c177479cb?s=96&d=mm&r=g","url":"https:\/\/secure.gravatar.com\/avatar\/09274f4a84fa97698bde56f84b3afed61c8492d48b0550db9671b68c177479cb?s=96&d=mm&r=g","contentUrl":"https:\/\/secure.gravatar.com\/avatar\/09274f4a84fa97698bde56f84b3afed61c8492d48b0550db9671b68c177479cb?s=96&d=mm&r=g","caption":"Gabriele Bassani"},"sameAs":["http:\/\/www.ilnotiziario.net"]}]}},"_links":{"self":[{"href":"https:\/\/www.ilnotiziario.net\/wp\/wp-json\/wp\/v2\/posts\/28607","targetHints":{"allow":["GET"]}}],"collection":[{"href":"https:\/\/www.ilnotiziario.net\/wp\/wp-json\/wp\/v2\/posts"}],"about":[{"href":"https:\/\/www.ilnotiziario.net\/wp\/wp-json\/wp\/v2\/types\/post"}],"author":[{"embeddable":true,"href":"https:\/\/www.ilnotiziario.net\/wp\/wp-json\/wp\/v2\/users\/3"}],"replies":[{"embeddable":true,"href":"https:\/\/www.ilnotiziario.net\/wp\/wp-json\/wp\/v2\/comments?post=28607"}],"version-history":[{"count":0,"href":"https:\/\/www.ilnotiziario.net\/wp\/wp-json\/wp\/v2\/posts\/28607\/revisions"}],"wp:featuredmedia":[{"embeddable":true,"href":"https:\/\/www.ilnotiziario.net\/wp\/wp-json\/wp\/v2\/media\/28608"}],"wp:attachment":[{"href":"https:\/\/www.ilnotiziario.net\/wp\/wp-json\/wp\/v2\/media?parent=28607"}],"wp:term":[{"taxonomy":"category","embeddable":true,"href":"https:\/\/www.ilnotiziario.net\/wp\/wp-json\/wp\/v2\/categories?post=28607"},{"taxonomy":"post_tag","embeddable":true,"href":"https:\/\/www.ilnotiziario.net\/wp\/wp-json\/wp\/v2\/tags?post=28607"}],"curies":[{"name":"wp","href":"https:\/\/api.w.org\/{rel}","templated":true}]}}